{"id":16141298,"date":"2025-04-09T23:32:12","date_gmt":"2025-04-09T22:32:12","guid":{"rendered":"https:\/\/kapitalis.com\/tunisie\/?p=16141298"},"modified":"2025-04-10T07:21:51","modified_gmt":"2025-04-10T06:21:51","slug":"tresors-lyriques-de-rameau-a-faure-une-soiree-dexception-au-theatre-municipal-de-tunis","status":"publish","type":"post","link":"https:\/\/kapitalis.com\/tunisie\/2025\/04\/09\/tresors-lyriques-de-rameau-a-faure-une-soiree-dexception-au-theatre-municipal-de-tunis\/","title":{"rendered":"De Rameau \u00e0 Faur\u00e9 | Soir\u00e9e d&rsquo;exception au Th\u00e9\u00e2tre de Tunis"},"content":{"rendered":"\n<p><strong><em>Le Carthage Symphony Orchestra (CSO) est de retour \u00e0 Tunis pour offrir une soir\u00e9e musicale inoubliable plac\u00e9e sous le signe de l&rsquo;\u00e9l\u00e9gance et de l&rsquo;\u00e9motion.<\/em><\/strong><\/p>\n\n\n\n<!--more-->\n\n\n\n<p>Le dimanche 20 avril 2025 \u00e0 19h30, le prestigieux Th\u00e9\u00e2tre Municipal accueillera le t\u00e9nor Boris Mvuezolo, r\u00e9v\u00e9l\u00e9 \u00e0 Tunis en tant qu&rsquo;ancien choriste du CSO, qui a brillamment poursuivi son parcours musical en int\u00e9grant le CRR de Paris, puis le Conservatoire National Sup\u00e9rieur de Musique de Paris<\/p>\n\n\n\n<p>Cette soir\u00e9e vibrera au son des chefs-d&rsquo;\u0153uvre de la musique fran\u00e7aise, de Rameau \u00e0 Faur\u00e9, indiquent les organisateurs en promettant des moments de pure \u00e9motion avec des \u0153uvres pour violoncelle et orchestre interpr\u00e9t\u00e9es avec sensibilit\u00e9 par le talentueux violoncelliste Wassim Makni.<\/p>\n\n\n\n<p>L&rsquo;\u00e9v\u00e8nement, organis\u00e9 par l&rsquo;association Musique Sans fronti\u00e8res, avec le soutien pr\u00e9cieux de la Fondation Arts et culture by UIB et BNA Assurances, sera aussi marqu\u00e9 par des extraits du concert qui a marqu\u00e9 Belgrade, avec des compositions de Mohamed Makni, Wassim Makni, Mourad Gaaloul, et des airs serbes.<\/p>\n\n\n\n<p>Les billets sont disponibles au guichet du Th\u00e9\u00e2tre Municipal, au centre culturel Le Boulevard des Arts \u00e0 Mutuelleville ainsi qu&rsquo;en ligne sur le site <a href=\"https:\/\/teskerti.tn\/...\/tresors-lyriques-de-rameau-a-faure\">d\u00e9di\u00e9<\/a>.<\/p>\n\n\n\n<p><\/p>\n","protected":false},"excerpt":{"rendered":"<p>Le Carthage Symphony Orchestra (CSO) est de retour \u00e0 Tunis pour offrir une soir\u00e9e musicale inoubliable plac\u00e9e sous le signe de l&rsquo;\u00e9l\u00e9gance et de l&rsquo;\u00e9motion.<\/p>\n","protected":false},"author":6,"featured_media":16141342,"comment_status":"open","ping_status":"open","sticky":false,"template":"","format":"standard","meta":{"footnotes":""},"categories":[994,2433],"tags":[121660,71621,121658,121659,6474,121657],"class_list":["post-16141298","post","type-post","status-publish","format-standard","has-post-thumbnail","hentry","category-culture","category-tunisie","tag-boris-mvuezolo","tag-carthage-symphony-orchestra","tag-faure","tag-rameau","tag-theatre-municipal-de-tunis","tag-tresors-lyriques"],"yoast_head":"<!-- This site is optimized with the Yoast SEO plugin v26.6 - https:\/\/yoast.com\/wordpress\/plugins\/seo\/ -->\n<title>De Rameau \u00e0 Faur\u00e9 | Soir\u00e9e d&#039;exception au Th\u00e9\u00e2tre de Tunis - Kapitalis<\/title>\n<meta name=\"robots\" content=\"index, follow, max-snippet:-1, max-image-preview:large, max-video-preview:-1\" \/>\n<link rel=\"canonical\" href=\"https:\/\/kapitalis.com\/tunisie\/2025\/04\/09\/tresors-lyriques-de-rameau-a-faure-une-soiree-dexception-au-theatre-municipal-de-tunis\/\" \/>\n<meta property=\"og:locale\" content=\"fr_FR\" \/>\n<meta property=\"og:type\" content=\"article\" \/>\n<meta property=\"og:title\" content=\"De Rameau \u00e0 Faur\u00e9 | Soir\u00e9e d&#039;exception au Th\u00e9\u00e2tre de Tunis - Kapitalis\" \/>\n<meta property=\"og:description\" content=\"Le Carthage Symphony Orchestra (CSO) est de retour \u00e0 Tunis pour offrir une soir\u00e9e musicale inoubliable plac\u00e9e sous le signe de l&rsquo;\u00e9l\u00e9gance et de l&rsquo;\u00e9motion.\" \/>\n<meta property=\"og:url\" content=\"https:\/\/kapitalis.com\/tunisie\/2025\/04\/09\/tresors-lyriques-de-rameau-a-faure-une-soiree-dexception-au-theatre-municipal-de-tunis\/\" \/>\n<meta property=\"og:site_name\" content=\"Kapitalis\" \/>\n<meta property=\"article:publisher\" content=\"https:\/\/www.facebook.com\/KapitalisInfo\/\" \/>\n<meta property=\"article:published_time\" content=\"2025-04-09T22:32:12+00:00\" \/>\n<meta property=\"article:modified_time\" content=\"2025-04-10T06:21:51+00:00\" \/>\n<meta property=\"og:image\" content=\"https:\/\/kapitalis.com\/tunisie\/wp-content\/uploads\/2025\/04\/De-Rameau-a-Faure.jpg\" \/>\n\t<meta property=\"og:image:width\" content=\"1200\" \/>\n\t<meta property=\"og:image:height\" content=\"630\" \/>\n\t<meta property=\"og:image:type\" content=\"image\/jpeg\" \/>\n<meta name=\"author\" content=\"Yusra NY\" \/>\n<meta name=\"twitter:card\" content=\"summary_large_image\" \/>\n<meta name=\"twitter:creator\" content=\"@KapitalisInfo\" \/>\n<meta name=\"twitter:site\" content=\"@KapitalisInfo\" \/>\n<meta name=\"twitter:label1\" content=\"\u00c9crit par\" \/>\n\t<meta name=\"twitter:data1\" content=\"Yusra NY\" \/>\n\t<meta name=\"twitter:label2\" content=\"Dur\u00e9e de lecture estim\u00e9e\" \/>\n\t<meta name=\"twitter:data2\" content=\"2 minutes\" \/>\n<script type=\"application\/ld+json\" class=\"yoast-schema-graph\">{\"@context\":\"https:\/\/schema.org\",\"@graph\":[{\"@type\":\"Article\",\"@id\":\"https:\/\/kapitalis.com\/tunisie\/2025\/04\/09\/tresors-lyriques-de-rameau-a-faure-une-soiree-dexception-au-theatre-municipal-de-tunis\/#article\",\"isPartOf\":{\"@id\":\"https:\/\/kapitalis.com\/tunisie\/2025\/04\/09\/tresors-lyriques-de-rameau-a-faure-une-soiree-dexception-au-theatre-municipal-de-tunis\/\"},\"author\":{\"name\":\"Yusra NY\",\"@id\":\"https:\/\/kapitalis.com\/tunisie\/#\/schema\/person\/74bbde0154d49d790a92aaeac5bc01d5\"},\"headline\":\"De Rameau \u00e0 Faur\u00e9 | Soir\u00e9e d&rsquo;exception au Th\u00e9\u00e2tre de Tunis\",\"datePublished\":\"2025-04-09T22:32:12+00:00\",\"dateModified\":\"2025-04-10T06:21:51+00:00\",\"mainEntityOfPage\":{\"@id\":\"https:\/\/kapitalis.com\/tunisie\/2025\/04\/09\/tresors-lyriques-de-rameau-a-faure-une-soiree-dexception-au-theatre-municipal-de-tunis\/\"},\"wordCount\":212,\"commentCount\":0,\"publisher\":{\"@id\":\"https:\/\/kapitalis.com\/tunisie\/#organization\"},\"image\":{\"@id\":\"https:\/\/kapitalis.com\/tunisie\/2025\/04\/09\/tresors-lyriques-de-rameau-a-faure-une-soiree-dexception-au-theatre-municipal-de-tunis\/#primaryimage\"},\"thumbnailUrl\":\"https:\/\/kapitalis.com\/tunisie\/wp-content\/uploads\/2025\/04\/De-Rameau-a-Faure.jpg\",\"keywords\":[\"Boris Mvuezolo\",\"Carthage Symphony Orchestra\",\"Faur\u00e9\",\"Rameau\",\"Th\u00e9\u00e2tre municipal de Tunis\",\"tr\u00e9sors Lyriques\"],\"articleSection\":[\"CULTURE\",\"Tunisie\"],\"inLanguage\":\"fr-FR\",\"potentialAction\":[{\"@type\":\"CommentAction\",\"name\":\"Comment\",\"target\":[\"https:\/\/kapitalis.com\/tunisie\/2025\/04\/09\/tresors-lyriques-de-rameau-a-faure-une-soiree-dexception-au-theatre-municipal-de-tunis\/#respond\"]}]},{\"@type\":\"WebPage\",\"@id\":\"https:\/\/kapitalis.com\/tunisie\/2025\/04\/09\/tresors-lyriques-de-rameau-a-faure-une-soiree-dexception-au-theatre-municipal-de-tunis\/\",\"url\":\"https:\/\/kapitalis.com\/tunisie\/2025\/04\/09\/tresors-lyriques-de-rameau-a-faure-une-soiree-dexception-au-theatre-municipal-de-tunis\/\",\"name\":\"De Rameau \u00e0 Faur\u00e9 | Soir\u00e9e d'exception au Th\u00e9\u00e2tre de Tunis - Kapitalis\",\"isPartOf\":{\"@id\":\"https:\/\/kapitalis.com\/tunisie\/#website\"},\"primaryImageOfPage\":{\"@id\":\"https:\/\/kapitalis.com\/tunisie\/2025\/04\/09\/tresors-lyriques-de-rameau-a-faure-une-soiree-dexception-au-theatre-municipal-de-tunis\/#primaryimage\"},\"image\":{\"@id\":\"https:\/\/kapitalis.com\/tunisie\/2025\/04\/09\/tresors-lyriques-de-rameau-a-faure-une-soiree-dexception-au-theatre-municipal-de-tunis\/#primaryimage\"},\"thumbnailUrl\":\"https:\/\/kapitalis.com\/tunisie\/wp-content\/uploads\/2025\/04\/De-Rameau-a-Faure.jpg\",\"datePublished\":\"2025-04-09T22:32:12+00:00\",\"dateModified\":\"2025-04-10T06:21:51+00:00\",\"breadcrumb\":{\"@id\":\"https:\/\/kapitalis.com\/tunisie\/2025\/04\/09\/tresors-lyriques-de-rameau-a-faure-une-soiree-dexception-au-theatre-municipal-de-tunis\/#breadcrumb\"},\"inLanguage\":\"fr-FR\",\"potentialAction\":[{\"@type\":\"ReadAction\",\"target\":[\"https:\/\/kapitalis.com\/tunisie\/2025\/04\/09\/tresors-lyriques-de-rameau-a-faure-une-soiree-dexception-au-theatre-municipal-de-tunis\/\"]}]},{\"@type\":\"ImageObject\",\"inLanguage\":\"fr-FR\",\"@id\":\"https:\/\/kapitalis.com\/tunisie\/2025\/04\/09\/tresors-lyriques-de-rameau-a-faure-une-soiree-dexception-au-theatre-municipal-de-tunis\/#primaryimage\",\"url\":\"https:\/\/kapitalis.com\/tunisie\/wp-content\/uploads\/2025\/04\/De-Rameau-a-Faure.jpg\",\"contentUrl\":\"https:\/\/kapitalis.com\/tunisie\/wp-content\/uploads\/2025\/04\/De-Rameau-a-Faure.jpg\",\"width\":1200,\"height\":630},{\"@type\":\"BreadcrumbList\",\"@id\":\"https:\/\/kapitalis.com\/tunisie\/2025\/04\/09\/tresors-lyriques-de-rameau-a-faure-une-soiree-dexception-au-theatre-municipal-de-tunis\/#breadcrumb\",\"itemListElement\":[{\"@type\":\"ListItem\",\"position\":1,\"name\":\"Accueil\",\"item\":\"https:\/\/kapitalis.com\/tunisie\/\"},{\"@type\":\"ListItem\",\"position\":2,\"name\":\"De Rameau \u00e0 Faur\u00e9 | Soir\u00e9e d&rsquo;exception au Th\u00e9\u00e2tre de Tunis\"}]},{\"@type\":\"WebSite\",\"@id\":\"https:\/\/kapitalis.com\/tunisie\/#website\",\"url\":\"https:\/\/kapitalis.com\/tunisie\/\",\"name\":\"Kapitalis\",\"description\":\"L&#039;actualit\u00e9 en Tunisie et dans le monde\",\"publisher\":{\"@id\":\"https:\/\/kapitalis.com\/tunisie\/#organization\"},\"potentialAction\":[{\"@type\":\"SearchAction\",\"target\":{\"@type\":\"EntryPoint\",\"urlTemplate\":\"https:\/\/kapitalis.com\/tunisie\/?s={search_term_string}\"},\"query-input\":{\"@type\":\"PropertyValueSpecification\",\"valueRequired\":true,\"valueName\":\"search_term_string\"}}],\"inLanguage\":\"fr-FR\"},{\"@type\":\"Organization\",\"@id\":\"https:\/\/kapitalis.com\/tunisie\/#organization\",\"name\":\"Kapitalis\",\"url\":\"https:\/\/kapitalis.com\/tunisie\/\",\"logo\":{\"@type\":\"ImageObject\",\"inLanguage\":\"fr-FR\",\"@id\":\"https:\/\/kapitalis.com\/tunisie\/#\/schema\/logo\/image\/\",\"url\":\"https:\/\/kapitalis.com\/tunisie\/wp-content\/uploads\/2022\/05\/Kapitalis-big-size.png\",\"contentUrl\":\"https:\/\/kapitalis.com\/tunisie\/wp-content\/uploads\/2022\/05\/Kapitalis-big-size.png\",\"width\":5000,\"height\":1500,\"caption\":\"Kapitalis\"},\"image\":{\"@id\":\"https:\/\/kapitalis.com\/tunisie\/#\/schema\/logo\/image\/\"},\"sameAs\":[\"https:\/\/www.facebook.com\/KapitalisInfo\/\",\"https:\/\/x.com\/KapitalisInfo\",\"https:\/\/www.youtube.com\/channel\/UC-yDYrHyfFBWWZaOw3FPg9Q\"]},{\"@type\":\"Person\",\"@id\":\"https:\/\/kapitalis.com\/tunisie\/#\/schema\/person\/74bbde0154d49d790a92aaeac5bc01d5\",\"name\":\"Yusra NY\",\"url\":\"https:\/\/kapitalis.com\/tunisie\/author\/yuza_adam\/\"}]}<\/script>\n<!-- \/ Yoast SEO plugin. -->","yoast_head_json":{"title":"De Rameau \u00e0 Faur\u00e9 | Soir\u00e9e d'exception au Th\u00e9\u00e2tre de Tunis - Kapitalis","robots":{"index":"index","follow":"follow","max-snippet":"max-snippet:-1","max-image-preview":"max-image-preview:large","max-video-preview":"max-video-preview:-1"},"canonical":"https:\/\/kapitalis.com\/tunisie\/2025\/04\/09\/tresors-lyriques-de-rameau-a-faure-une-soiree-dexception-au-theatre-municipal-de-tunis\/","og_locale":"fr_FR","og_type":"article","og_title":"De Rameau \u00e0 Faur\u00e9 | Soir\u00e9e d'exception au Th\u00e9\u00e2tre de Tunis - Kapitalis","og_description":"Le Carthage Symphony Orchestra (CSO) est de retour \u00e0 Tunis pour offrir une soir\u00e9e musicale inoubliable plac\u00e9e sous le signe de l&rsquo;\u00e9l\u00e9gance et de l&rsquo;\u00e9motion.","og_url":"https:\/\/kapitalis.com\/tunisie\/2025\/04\/09\/tresors-lyriques-de-rameau-a-faure-une-soiree-dexception-au-theatre-municipal-de-tunis\/","og_site_name":"Kapitalis","article_publisher":"https:\/\/www.facebook.com\/KapitalisInfo\/","article_published_time":"2025-04-09T22:32:12+00:00","article_modified_time":"2025-04-10T06:21:51+00:00","og_image":[{"width":1200,"height":630,"url":"https:\/\/kapitalis.com\/tunisie\/wp-content\/uploads\/2025\/04\/De-Rameau-a-Faure.jpg","type":"image\/jpeg"}],"author":"Yusra NY","twitter_card":"summary_large_image","twitter_creator":"@KapitalisInfo","twitter_site":"@KapitalisInfo","twitter_misc":{"\u00c9crit par":"Yusra NY","Dur\u00e9e de lecture estim\u00e9e":"2 minutes"},"schema":{"@context":"https:\/\/schema.org","@graph":[{"@type":"Article","@id":"https:\/\/kapitalis.com\/tunisie\/2025\/04\/09\/tresors-lyriques-de-rameau-a-faure-une-soiree-dexception-au-theatre-municipal-de-tunis\/#article","isPartOf":{"@id":"https:\/\/kapitalis.com\/tunisie\/2025\/04\/09\/tresors-lyriques-de-rameau-a-faure-une-soiree-dexception-au-theatre-municipal-de-tunis\/"},"author":{"name":"Yusra NY","@id":"https:\/\/kapitalis.com\/tunisie\/#\/schema\/person\/74bbde0154d49d790a92aaeac5bc01d5"},"headline":"De Rameau \u00e0 Faur\u00e9 | Soir\u00e9e d&rsquo;exception au Th\u00e9\u00e2tre de Tunis","datePublished":"2025-04-09T22:32:12+00:00","dateModified":"2025-04-10T06:21:51+00:00","mainEntityOfPage":{"@id":"https:\/\/kapitalis.com\/tunisie\/2025\/04\/09\/tresors-lyriques-de-rameau-a-faure-une-soiree-dexception-au-theatre-municipal-de-tunis\/"},"wordCount":212,"commentCount":0,"publisher":{"@id":"https:\/\/kapitalis.com\/tunisie\/#organization"},"image":{"@id":"https:\/\/kapitalis.com\/tunisie\/2025\/04\/09\/tresors-lyriques-de-rameau-a-faure-une-soiree-dexception-au-theatre-municipal-de-tunis\/#primaryimage"},"thumbnailUrl":"https:\/\/kapitalis.com\/tunisie\/wp-content\/uploads\/2025\/04\/De-Rameau-a-Faure.jpg","keywords":["Boris Mvuezolo","Carthage Symphony Orchestra","Faur\u00e9","Rameau","Th\u00e9\u00e2tre municipal de Tunis","tr\u00e9sors Lyriques"],"articleSection":["CULTURE","Tunisie"],"inLanguage":"fr-FR","potentialAction":[{"@type":"CommentAction","name":"Comment","target":["https:\/\/kapitalis.com\/tunisie\/2025\/04\/09\/tresors-lyriques-de-rameau-a-faure-une-soiree-dexception-au-theatre-municipal-de-tunis\/#respond"]}]},{"@type":"WebPage","@id":"https:\/\/kapitalis.com\/tunisie\/2025\/04\/09\/tresors-lyriques-de-rameau-a-faure-une-soiree-dexception-au-theatre-municipal-de-tunis\/","url":"https:\/\/kapitalis.com\/tunisie\/2025\/04\/09\/tresors-lyriques-de-rameau-a-faure-une-soiree-dexception-au-theatre-municipal-de-tunis\/","name":"De Rameau \u00e0 Faur\u00e9 | Soir\u00e9e d'exception au Th\u00e9\u00e2tre de Tunis - Kapitalis","isPartOf":{"@id":"https:\/\/kapitalis.com\/tunisie\/#website"},"primaryImageOfPage":{"@id":"https:\/\/kapitalis.com\/tunisie\/2025\/04\/09\/tresors-lyriques-de-rameau-a-faure-une-soiree-dexception-au-theatre-municipal-de-tunis\/#primaryimage"},"image":{"@id":"https:\/\/kapitalis.com\/tunisie\/2025\/04\/09\/tresors-lyriques-de-rameau-a-faure-une-soiree-dexception-au-theatre-municipal-de-tunis\/#primaryimage"},"thumbnailUrl":"https:\/\/kapitalis.com\/tunisie\/wp-content\/uploads\/2025\/04\/De-Rameau-a-Faure.jpg","datePublished":"2025-04-09T22:32:12+00:00","dateModified":"2025-04-10T06:21:51+00:00","breadcrumb":{"@id":"https:\/\/kapitalis.com\/tunisie\/2025\/04\/09\/tresors-lyriques-de-rameau-a-faure-une-soiree-dexception-au-theatre-municipal-de-tunis\/#breadcrumb"},"inLanguage":"fr-FR","potentialAction":[{"@type":"ReadAction","target":["https:\/\/kapitalis.com\/tunisie\/2025\/04\/09\/tresors-lyriques-de-rameau-a-faure-une-soiree-dexception-au-theatre-municipal-de-tunis\/"]}]},{"@type":"ImageObject","inLanguage":"fr-FR","@id":"https:\/\/kapitalis.com\/tunisie\/2025\/04\/09\/tresors-lyriques-de-rameau-a-faure-une-soiree-dexception-au-theatre-municipal-de-tunis\/#primaryimage","url":"https:\/\/kapitalis.com\/tunisie\/wp-content\/uploads\/2025\/04\/De-Rameau-a-Faure.jpg","contentUrl":"https:\/\/kapitalis.com\/tunisie\/wp-content\/uploads\/2025\/04\/De-Rameau-a-Faure.jpg","width":1200,"height":630},{"@type":"BreadcrumbList","@id":"https:\/\/kapitalis.com\/tunisie\/2025\/04\/09\/tresors-lyriques-de-rameau-a-faure-une-soiree-dexception-au-theatre-municipal-de-tunis\/#breadcrumb","itemListElement":[{"@type":"ListItem","position":1,"name":"Accueil","item":"https:\/\/kapitalis.com\/tunisie\/"},{"@type":"ListItem","position":2,"name":"De Rameau \u00e0 Faur\u00e9 | Soir\u00e9e d&rsquo;exception au Th\u00e9\u00e2tre de Tunis"}]},{"@type":"WebSite","@id":"https:\/\/kapitalis.com\/tunisie\/#website","url":"https:\/\/kapitalis.com\/tunisie\/","name":"Kapitalis","description":"L&#039;actualit\u00e9 en Tunisie et dans le monde","publisher":{"@id":"https:\/\/kapitalis.com\/tunisie\/#organization"},"potentialAction":[{"@type":"SearchAction","target":{"@type":"EntryPoint","urlTemplate":"https:\/\/kapitalis.com\/tunisie\/?s={search_term_string}"},"query-input":{"@type":"PropertyValueSpecification","valueRequired":true,"valueName":"search_term_string"}}],"inLanguage":"fr-FR"},{"@type":"Organization","@id":"https:\/\/kapitalis.com\/tunisie\/#organization","name":"Kapitalis","url":"https:\/\/kapitalis.com\/tunisie\/","logo":{"@type":"ImageObject","inLanguage":"fr-FR","@id":"https:\/\/kapitalis.com\/tunisie\/#\/schema\/logo\/image\/","url":"https:\/\/kapitalis.com\/tunisie\/wp-content\/uploads\/2022\/05\/Kapitalis-big-size.png","contentUrl":"https:\/\/kapitalis.com\/tunisie\/wp-content\/uploads\/2022\/05\/Kapitalis-big-size.png","width":5000,"height":1500,"caption":"Kapitalis"},"image":{"@id":"https:\/\/kapitalis.com\/tunisie\/#\/schema\/logo\/image\/"},"sameAs":["https:\/\/www.facebook.com\/KapitalisInfo\/","https:\/\/x.com\/KapitalisInfo","https:\/\/www.youtube.com\/channel\/UC-yDYrHyfFBWWZaOw3FPg9Q"]},{"@type":"Person","@id":"https:\/\/kapitalis.com\/tunisie\/#\/schema\/person\/74bbde0154d49d790a92aaeac5bc01d5","name":"Yusra NY","url":"https:\/\/kapitalis.com\/tunisie\/author\/yuza_adam\/"}]}},"_links":{"self":[{"href":"https:\/\/kapitalis.com\/tunisie\/wp-json\/wp\/v2\/posts\/16141298","targetHints":{"allow":["GET"]}}],"collection":[{"href":"https:\/\/kapitalis.com\/tunisie\/wp-json\/wp\/v2\/posts"}],"about":[{"href":"https:\/\/kapitalis.com\/tunisie\/wp-json\/wp\/v2\/types\/post"}],"author":[{"embeddable":true,"href":"https:\/\/kapitalis.com\/tunisie\/wp-json\/wp\/v2\/users\/6"}],"replies":[{"embeddable":true,"href":"https:\/\/kapitalis.com\/tunisie\/wp-json\/wp\/v2\/comments?post=16141298"}],"version-history":[{"count":3,"href":"https:\/\/kapitalis.com\/tunisie\/wp-json\/wp\/v2\/posts\/16141298\/revisions"}],"predecessor-version":[{"id":16143012,"href":"https:\/\/kapitalis.com\/tunisie\/wp-json\/wp\/v2\/posts\/16141298\/revisions\/16143012"}],"wp:featuredmedia":[{"embeddable":true,"href":"https:\/\/kapitalis.com\/tunisie\/wp-json\/wp\/v2\/media\/16141342"}],"wp:attachment":[{"href":"https:\/\/kapitalis.com\/tunisie\/wp-json\/wp\/v2\/media?parent=16141298"}],"wp:term":[{"taxonomy":"category","embeddable":true,"href":"https:\/\/kapitalis.com\/tunisie\/wp-json\/wp\/v2\/categories?post=16141298"},{"taxonomy":"post_tag","embeddable":true,"href":"https:\/\/kapitalis.com\/tunisie\/wp-json\/wp\/v2\/tags?post=16141298"}],"curies":[{"name":"wp","href":"https:\/\/api.w.org\/{rel}","templated":true}]}}