{"id":16144271,"date":"2025-04-10T10:26:47","date_gmt":"2025-04-10T09:26:47","guid":{"rendered":"https:\/\/kapitalis.com\/tunisie\/?p=16144271"},"modified":"2025-04-10T10:26:48","modified_gmt":"2025-04-10T09:26:48","slug":"le-taux-de-fecondite-en-tunisie-baisse-mais-reste-superieur-a-celui-de-leurope","status":"publish","type":"post","link":"https:\/\/kapitalis.com\/tunisie\/2025\/04\/10\/le-taux-de-fecondite-en-tunisie-baisse-mais-reste-superieur-a-celui-de-leurope\/","title":{"rendered":"Le taux de f\u00e9condit\u00e9 en Tunisie baisse mais reste sup\u00e9rieur \u00e0 celui de l\u2019Europe"},"content":{"rendered":"\n<p><strong><em>Le taux de f\u00e9condit\u00e9 de la Tunisie, actuellement compris entre 1,6 et 1,7 (donn\u00e9es 2023), est faible et en baisse mais reste relativement sup\u00e9rieur \u00e0 celui enregistr\u00e9 dans les pays europ\u00e9ens.<\/em><\/strong><\/p>\n\n\n\n<!--more-->\n\n\n\n<p>C\u2019est ce qu\u2019a d\u00e9clar\u00e9 Hafedh Chekir, expert international en d\u00e9mographie, lors d\u2019une table-ronde organis\u00e9e par l\u2019Office national de la famille et de la population (ONFP) sur les mutations d\u00e9mographiques et l\u2019\u00e9galit\u00e9 des sexes en Tunisie, laissant entendre que ce taux pourrait l\u00e9g\u00e8rement augmenter dans les ann\u00e9es \u00e0 venir mais restera probablement inf\u00e9rieur \u00e0 2%.<\/p>\n\n\n\n<p>L\u2019expert attribue ce d\u00e9clin \u00e0 l\u2019\u00e9volution des priorit\u00e9s des jeunes, qui se concentrent de plus en plus sur leurs objectifs personnels, leur avancement professionnel et leur \u00e9ducation plut\u00f4t que sur le mariage et la construction d\u2019une famille.<\/p>\n\n\n\n<p>Les pan\u00e9listes ont soulign\u00e9 que la baisse du taux de f\u00e9condit\u00e9 en Tunisie est due \u00e0 de multiples facteurs sociaux, d\u00e9mographiques et culturels, notamment la migration, la hausse des taux de divorce et le retard des mariages.<\/p>\n\n\n\n<p><em>\u00abUn taux de f\u00e9condit\u00e9 id\u00e9al pour soutenir une structure de population jeune devrait se situer entre 2 et 2,4\u00bb<\/em>, a soulign\u00e9 le directeur g\u00e9n\u00e9ral de l\u2019ONFP, Mohamed Douagi.<\/p>\n\n\n\n<p>La chercheuse en sciences sociales Dorra Mahfoudh a reconnu le leadership de la Tunisie apr\u00e8s l\u2019ind\u00e9pendance dans la promotion des droits des femmes, en particulier dans la participation au march\u00e9 du travail et l\u2019acc\u00e8s aux r\u00f4les d\u00e9cisionnels, mais a d\u00e9plor\u00e9 que <em>\u00abl<\/em><em>\u2019<\/em><em>\u00e9galit\u00e9 des sexes reste insatisfaite, les femmes \u00e9tant toujours confront\u00e9es \u00e0 des taux de pauvret\u00e9 et de ch\u00f4mage plus \u00e9lev\u00e9s que les hommes\u00bb<\/em>.<\/p>\n","protected":false},"excerpt":{"rendered":"<p>Le taux de f\u00e9condit\u00e9 de la Tunisie (1,6 et 1,7 en 2023) est faible et en baisse, d\u00e9clin imput\u00e9 \u00e0 l\u2019\u00e9volution des priorit\u00e9s des jeunes. <\/p>\n","protected":false},"author":8,"featured_media":16144293,"comment_status":"open","ping_status":"open","sticky":false,"template":"","format":"standard","meta":{"footnotes":""},"categories":[998,2433],"tags":[104429,121668,110007,50440,23032,111178,113535],"class_list":["post-16144271","post","type-post","status-publish","format-standard","has-post-thumbnail","hentry","category-societe","category-tunisie","tag-demographie","tag-dorra-mahfoudh","tag-hafedh-chekir","tag-mohamed-douagi","tag-onfp","tag-population","tag-taux-de-fecondite"],"yoast_head":"<!-- This site is optimized with the Yoast SEO plugin v26.6 - https:\/\/yoast.com\/wordpress\/plugins\/seo\/ -->\n<title>Le taux de f\u00e9condit\u00e9 en Tunisie baisse mais reste sup\u00e9rieur \u00e0 celui de l\u2019Europe - Kapitalis<\/title>\n<meta name=\"robots\" content=\"index, follow, max-snippet:-1, max-image-preview:large, max-video-preview:-1\" \/>\n<link rel=\"canonical\" href=\"https:\/\/kapitalis.com\/tunisie\/2025\/04\/10\/le-taux-de-fecondite-en-tunisie-baisse-mais-reste-superieur-a-celui-de-leurope\/\" \/>\n<meta property=\"og:locale\" content=\"fr_FR\" \/>\n<meta property=\"og:type\" content=\"article\" \/>\n<meta property=\"og:title\" content=\"Le taux de f\u00e9condit\u00e9 en Tunisie baisse mais reste sup\u00e9rieur \u00e0 celui de l\u2019Europe - Kapitalis\" \/>\n<meta property=\"og:description\" content=\"Le taux de f\u00e9condit\u00e9 de la Tunisie (1,6 et 1,7 en 2023) est faible et en baisse, d\u00e9clin imput\u00e9 \u00e0 l\u2019\u00e9volution des priorit\u00e9s des jeunes.\" \/>\n<meta property=\"og:url\" content=\"https:\/\/kapitalis.com\/tunisie\/2025\/04\/10\/le-taux-de-fecondite-en-tunisie-baisse-mais-reste-superieur-a-celui-de-leurope\/\" \/>\n<meta property=\"og:site_name\" content=\"Kapitalis\" \/>\n<meta property=\"article:publisher\" content=\"https:\/\/www.facebook.com\/KapitalisInfo\/\" \/>\n<meta property=\"article:published_time\" content=\"2025-04-10T09:26:47+00:00\" \/>\n<meta property=\"article:modified_time\" content=\"2025-04-10T09:26:48+00:00\" \/>\n<meta property=\"og:image\" content=\"https:\/\/kapitalis.com\/tunisie\/wp-content\/uploads\/2025\/04\/ONFP.jpg\" \/>\n\t<meta property=\"og:image:width\" content=\"1200\" \/>\n\t<meta property=\"og:image:height\" content=\"630\" \/>\n\t<meta property=\"og:image:type\" content=\"image\/jpeg\" \/>\n<meta name=\"author\" content=\"webmaster kapitalis\" \/>\n<meta name=\"twitter:card\" content=\"summary_large_image\" \/>\n<meta name=\"twitter:creator\" content=\"@KapitalisInfo\" \/>\n<meta name=\"twitter:site\" content=\"@KapitalisInfo\" \/>\n<meta name=\"twitter:label1\" content=\"\u00c9crit par\" \/>\n\t<meta name=\"twitter:data1\" content=\"webmaster kapitalis\" \/>\n\t<meta name=\"twitter:label2\" content=\"Dur\u00e9e de lecture estim\u00e9e\" \/>\n\t<meta name=\"twitter:data2\" content=\"2 minutes\" \/>\n<script type=\"application\/ld+json\" class=\"yoast-schema-graph\">{\"@context\":\"https:\/\/schema.org\",\"@graph\":[{\"@type\":\"Article\",\"@id\":\"https:\/\/kapitalis.com\/tunisie\/2025\/04\/10\/le-taux-de-fecondite-en-tunisie-baisse-mais-reste-superieur-a-celui-de-leurope\/#article\",\"isPartOf\":{\"@id\":\"https:\/\/kapitalis.com\/tunisie\/2025\/04\/10\/le-taux-de-fecondite-en-tunisie-baisse-mais-reste-superieur-a-celui-de-leurope\/\"},\"author\":{\"name\":\"webmaster kapitalis\",\"@id\":\"https:\/\/kapitalis.com\/tunisie\/#\/schema\/person\/d71f33a9ca44f7bad4698210b480c8e9\"},\"headline\":\"Le taux de f\u00e9condit\u00e9 en Tunisie baisse mais reste sup\u00e9rieur \u00e0 celui de l\u2019Europe\",\"datePublished\":\"2025-04-10T09:26:47+00:00\",\"dateModified\":\"2025-04-10T09:26:48+00:00\",\"mainEntityOfPage\":{\"@id\":\"https:\/\/kapitalis.com\/tunisie\/2025\/04\/10\/le-taux-de-fecondite-en-tunisie-baisse-mais-reste-superieur-a-celui-de-leurope\/\"},\"wordCount\":298,\"commentCount\":0,\"publisher\":{\"@id\":\"https:\/\/kapitalis.com\/tunisie\/#organization\"},\"image\":{\"@id\":\"https:\/\/kapitalis.com\/tunisie\/2025\/04\/10\/le-taux-de-fecondite-en-tunisie-baisse-mais-reste-superieur-a-celui-de-leurope\/#primaryimage\"},\"thumbnailUrl\":\"https:\/\/kapitalis.com\/tunisie\/wp-content\/uploads\/2025\/04\/ONFP.jpg\",\"keywords\":[\"d\u00e9mographie\",\"Dorra Mahfoudh\",\"Hafedh Chekir\",\"Mohamed Douagi\",\"ONFP\",\"population\",\"taux de f\u00e9condit\u00e9\"],\"articleSection\":[\"SOCIETE\",\"Tunisie\"],\"inLanguage\":\"fr-FR\",\"potentialAction\":[{\"@type\":\"CommentAction\",\"name\":\"Comment\",\"target\":[\"https:\/\/kapitalis.com\/tunisie\/2025\/04\/10\/le-taux-de-fecondite-en-tunisie-baisse-mais-reste-superieur-a-celui-de-leurope\/#respond\"]}]},{\"@type\":\"WebPage\",\"@id\":\"https:\/\/kapitalis.com\/tunisie\/2025\/04\/10\/le-taux-de-fecondite-en-tunisie-baisse-mais-reste-superieur-a-celui-de-leurope\/\",\"url\":\"https:\/\/kapitalis.com\/tunisie\/2025\/04\/10\/le-taux-de-fecondite-en-tunisie-baisse-mais-reste-superieur-a-celui-de-leurope\/\",\"name\":\"Le taux de f\u00e9condit\u00e9 en Tunisie baisse mais reste sup\u00e9rieur \u00e0 celui de l\u2019Europe - Kapitalis\",\"isPartOf\":{\"@id\":\"https:\/\/kapitalis.com\/tunisie\/#website\"},\"primaryImageOfPage\":{\"@id\":\"https:\/\/kapitalis.com\/tunisie\/2025\/04\/10\/le-taux-de-fecondite-en-tunisie-baisse-mais-reste-superieur-a-celui-de-leurope\/#primaryimage\"},\"image\":{\"@id\":\"https:\/\/kapitalis.com\/tunisie\/2025\/04\/10\/le-taux-de-fecondite-en-tunisie-baisse-mais-reste-superieur-a-celui-de-leurope\/#primaryimage\"},\"thumbnailUrl\":\"https:\/\/kapitalis.com\/tunisie\/wp-content\/uploads\/2025\/04\/ONFP.jpg\",\"datePublished\":\"2025-04-10T09:26:47+00:00\",\"dateModified\":\"2025-04-10T09:26:48+00:00\",\"breadcrumb\":{\"@id\":\"https:\/\/kapitalis.com\/tunisie\/2025\/04\/10\/le-taux-de-fecondite-en-tunisie-baisse-mais-reste-superieur-a-celui-de-leurope\/#breadcrumb\"},\"inLanguage\":\"fr-FR\",\"potentialAction\":[{\"@type\":\"ReadAction\",\"target\":[\"https:\/\/kapitalis.com\/tunisie\/2025\/04\/10\/le-taux-de-fecondite-en-tunisie-baisse-mais-reste-superieur-a-celui-de-leurope\/\"]}]},{\"@type\":\"ImageObject\",\"inLanguage\":\"fr-FR\",\"@id\":\"https:\/\/kapitalis.com\/tunisie\/2025\/04\/10\/le-taux-de-fecondite-en-tunisie-baisse-mais-reste-superieur-a-celui-de-leurope\/#primaryimage\",\"url\":\"https:\/\/kapitalis.com\/tunisie\/wp-content\/uploads\/2025\/04\/ONFP.jpg\",\"contentUrl\":\"https:\/\/kapitalis.com\/tunisie\/wp-content\/uploads\/2025\/04\/ONFP.jpg\",\"width\":1200,\"height\":630},{\"@type\":\"BreadcrumbList\",\"@id\":\"https:\/\/kapitalis.com\/tunisie\/2025\/04\/10\/le-taux-de-fecondite-en-tunisie-baisse-mais-reste-superieur-a-celui-de-leurope\/#breadcrumb\",\"itemListElement\":[{\"@type\":\"ListItem\",\"position\":1,\"name\":\"Accueil\",\"item\":\"https:\/\/kapitalis.com\/tunisie\/\"},{\"@type\":\"ListItem\",\"position\":2,\"name\":\"Le taux de f\u00e9condit\u00e9 en Tunisie baisse mais reste sup\u00e9rieur \u00e0 celui de l\u2019Europe\"}]},{\"@type\":\"WebSite\",\"@id\":\"https:\/\/kapitalis.com\/tunisie\/#website\",\"url\":\"https:\/\/kapitalis.com\/tunisie\/\",\"name\":\"Kapitalis\",\"description\":\"L&#039;actualit\u00e9 en Tunisie et dans le monde\",\"publisher\":{\"@id\":\"https:\/\/kapitalis.com\/tunisie\/#organization\"},\"potentialAction\":[{\"@type\":\"SearchAction\",\"target\":{\"@type\":\"EntryPoint\",\"urlTemplate\":\"https:\/\/kapitalis.com\/tunisie\/?s={search_term_string}\"},\"query-input\":{\"@type\":\"PropertyValueSpecification\",\"valueRequired\":true,\"valueName\":\"search_term_string\"}}],\"inLanguage\":\"fr-FR\"},{\"@type\":\"Organization\",\"@id\":\"https:\/\/kapitalis.com\/tunisie\/#organization\",\"name\":\"Kapitalis\",\"url\":\"https:\/\/kapitalis.com\/tunisie\/\",\"logo\":{\"@type\":\"ImageObject\",\"inLanguage\":\"fr-FR\",\"@id\":\"https:\/\/kapitalis.com\/tunisie\/#\/schema\/logo\/image\/\",\"url\":\"https:\/\/kapitalis.com\/tunisie\/wp-content\/uploads\/2022\/05\/Kapitalis-big-size.png\",\"contentUrl\":\"https:\/\/kapitalis.com\/tunisie\/wp-content\/uploads\/2022\/05\/Kapitalis-big-size.png\",\"width\":5000,\"height\":1500,\"caption\":\"Kapitalis\"},\"image\":{\"@id\":\"https:\/\/kapitalis.com\/tunisie\/#\/schema\/logo\/image\/\"},\"sameAs\":[\"https:\/\/www.facebook.com\/KapitalisInfo\/\",\"https:\/\/x.com\/KapitalisInfo\",\"https:\/\/www.youtube.com\/channel\/UC-yDYrHyfFBWWZaOw3FPg9Q\"]},{\"@type\":\"Person\",\"@id\":\"https:\/\/kapitalis.com\/tunisie\/#\/schema\/person\/d71f33a9ca44f7bad4698210b480c8e9\",\"name\":\"webmaster kapitalis\",\"url\":\"https:\/\/kapitalis.com\/tunisie\/author\/webmaster-kapitalis\/\"}]}<\/script>\n<!-- \/ Yoast SEO plugin. -->","yoast_head_json":{"title":"Le taux de f\u00e9condit\u00e9 en Tunisie baisse mais reste sup\u00e9rieur \u00e0 celui de l\u2019Europe - Kapitalis","robots":{"index":"index","follow":"follow","max-snippet":"max-snippet:-1","max-image-preview":"max-image-preview:large","max-video-preview":"max-video-preview:-1"},"canonical":"https:\/\/kapitalis.com\/tunisie\/2025\/04\/10\/le-taux-de-fecondite-en-tunisie-baisse-mais-reste-superieur-a-celui-de-leurope\/","og_locale":"fr_FR","og_type":"article","og_title":"Le taux de f\u00e9condit\u00e9 en Tunisie baisse mais reste sup\u00e9rieur \u00e0 celui de l\u2019Europe - Kapitalis","og_description":"Le taux de f\u00e9condit\u00e9 de la Tunisie (1,6 et 1,7 en 2023) est faible et en baisse, d\u00e9clin imput\u00e9 \u00e0 l\u2019\u00e9volution des priorit\u00e9s des jeunes.","og_url":"https:\/\/kapitalis.com\/tunisie\/2025\/04\/10\/le-taux-de-fecondite-en-tunisie-baisse-mais-reste-superieur-a-celui-de-leurope\/","og_site_name":"Kapitalis","article_publisher":"https:\/\/www.facebook.com\/KapitalisInfo\/","article_published_time":"2025-04-10T09:26:47+00:00","article_modified_time":"2025-04-10T09:26:48+00:00","og_image":[{"width":1200,"height":630,"url":"https:\/\/kapitalis.com\/tunisie\/wp-content\/uploads\/2025\/04\/ONFP.jpg","type":"image\/jpeg"}],"author":"webmaster kapitalis","twitter_card":"summary_large_image","twitter_creator":"@KapitalisInfo","twitter_site":"@KapitalisInfo","twitter_misc":{"\u00c9crit par":"webmaster kapitalis","Dur\u00e9e de lecture estim\u00e9e":"2 minutes"},"schema":{"@context":"https:\/\/schema.org","@graph":[{"@type":"Article","@id":"https:\/\/kapitalis.com\/tunisie\/2025\/04\/10\/le-taux-de-fecondite-en-tunisie-baisse-mais-reste-superieur-a-celui-de-leurope\/#article","isPartOf":{"@id":"https:\/\/kapitalis.com\/tunisie\/2025\/04\/10\/le-taux-de-fecondite-en-tunisie-baisse-mais-reste-superieur-a-celui-de-leurope\/"},"author":{"name":"webmaster kapitalis","@id":"https:\/\/kapitalis.com\/tunisie\/#\/schema\/person\/d71f33a9ca44f7bad4698210b480c8e9"},"headline":"Le taux de f\u00e9condit\u00e9 en Tunisie baisse mais reste sup\u00e9rieur \u00e0 celui de l\u2019Europe","datePublished":"2025-04-10T09:26:47+00:00","dateModified":"2025-04-10T09:26:48+00:00","mainEntityOfPage":{"@id":"https:\/\/kapitalis.com\/tunisie\/2025\/04\/10\/le-taux-de-fecondite-en-tunisie-baisse-mais-reste-superieur-a-celui-de-leurope\/"},"wordCount":298,"commentCount":0,"publisher":{"@id":"https:\/\/kapitalis.com\/tunisie\/#organization"},"image":{"@id":"https:\/\/kapitalis.com\/tunisie\/2025\/04\/10\/le-taux-de-fecondite-en-tunisie-baisse-mais-reste-superieur-a-celui-de-leurope\/#primaryimage"},"thumbnailUrl":"https:\/\/kapitalis.com\/tunisie\/wp-content\/uploads\/2025\/04\/ONFP.jpg","keywords":["d\u00e9mographie","Dorra Mahfoudh","Hafedh Chekir","Mohamed Douagi","ONFP","population","taux de f\u00e9condit\u00e9"],"articleSection":["SOCIETE","Tunisie"],"inLanguage":"fr-FR","potentialAction":[{"@type":"CommentAction","name":"Comment","target":["https:\/\/kapitalis.com\/tunisie\/2025\/04\/10\/le-taux-de-fecondite-en-tunisie-baisse-mais-reste-superieur-a-celui-de-leurope\/#respond"]}]},{"@type":"WebPage","@id":"https:\/\/kapitalis.com\/tunisie\/2025\/04\/10\/le-taux-de-fecondite-en-tunisie-baisse-mais-reste-superieur-a-celui-de-leurope\/","url":"https:\/\/kapitalis.com\/tunisie\/2025\/04\/10\/le-taux-de-fecondite-en-tunisie-baisse-mais-reste-superieur-a-celui-de-leurope\/","name":"Le taux de f\u00e9condit\u00e9 en Tunisie baisse mais reste sup\u00e9rieur \u00e0 celui de l\u2019Europe - Kapitalis","isPartOf":{"@id":"https:\/\/kapitalis.com\/tunisie\/#website"},"primaryImageOfPage":{"@id":"https:\/\/kapitalis.com\/tunisie\/2025\/04\/10\/le-taux-de-fecondite-en-tunisie-baisse-mais-reste-superieur-a-celui-de-leurope\/#primaryimage"},"image":{"@id":"https:\/\/kapitalis.com\/tunisie\/2025\/04\/10\/le-taux-de-fecondite-en-tunisie-baisse-mais-reste-superieur-a-celui-de-leurope\/#primaryimage"},"thumbnailUrl":"https:\/\/kapitalis.com\/tunisie\/wp-content\/uploads\/2025\/04\/ONFP.jpg","datePublished":"2025-04-10T09:26:47+00:00","dateModified":"2025-04-10T09:26:48+00:00","breadcrumb":{"@id":"https:\/\/kapitalis.com\/tunisie\/2025\/04\/10\/le-taux-de-fecondite-en-tunisie-baisse-mais-reste-superieur-a-celui-de-leurope\/#breadcrumb"},"inLanguage":"fr-FR","potentialAction":[{"@type":"ReadAction","target":["https:\/\/kapitalis.com\/tunisie\/2025\/04\/10\/le-taux-de-fecondite-en-tunisie-baisse-mais-reste-superieur-a-celui-de-leurope\/"]}]},{"@type":"ImageObject","inLanguage":"fr-FR","@id":"https:\/\/kapitalis.com\/tunisie\/2025\/04\/10\/le-taux-de-fecondite-en-tunisie-baisse-mais-reste-superieur-a-celui-de-leurope\/#primaryimage","url":"https:\/\/kapitalis.com\/tunisie\/wp-content\/uploads\/2025\/04\/ONFP.jpg","contentUrl":"https:\/\/kapitalis.com\/tunisie\/wp-content\/uploads\/2025\/04\/ONFP.jpg","width":1200,"height":630},{"@type":"BreadcrumbList","@id":"https:\/\/kapitalis.com\/tunisie\/2025\/04\/10\/le-taux-de-fecondite-en-tunisie-baisse-mais-reste-superieur-a-celui-de-leurope\/#breadcrumb","itemListElement":[{"@type":"ListItem","position":1,"name":"Accueil","item":"https:\/\/kapitalis.com\/tunisie\/"},{"@type":"ListItem","position":2,"name":"Le taux de f\u00e9condit\u00e9 en Tunisie baisse mais reste sup\u00e9rieur \u00e0 celui de l\u2019Europe"}]},{"@type":"WebSite","@id":"https:\/\/kapitalis.com\/tunisie\/#website","url":"https:\/\/kapitalis.com\/tunisie\/","name":"Kapitalis","description":"L&#039;actualit\u00e9 en Tunisie et dans le monde","publisher":{"@id":"https:\/\/kapitalis.com\/tunisie\/#organization"},"potentialAction":[{"@type":"SearchAction","target":{"@type":"EntryPoint","urlTemplate":"https:\/\/kapitalis.com\/tunisie\/?s={search_term_string}"},"query-input":{"@type":"PropertyValueSpecification","valueRequired":true,"valueName":"search_term_string"}}],"inLanguage":"fr-FR"},{"@type":"Organization","@id":"https:\/\/kapitalis.com\/tunisie\/#organization","name":"Kapitalis","url":"https:\/\/kapitalis.com\/tunisie\/","logo":{"@type":"ImageObject","inLanguage":"fr-FR","@id":"https:\/\/kapitalis.com\/tunisie\/#\/schema\/logo\/image\/","url":"https:\/\/kapitalis.com\/tunisie\/wp-content\/uploads\/2022\/05\/Kapitalis-big-size.png","contentUrl":"https:\/\/kapitalis.com\/tunisie\/wp-content\/uploads\/2022\/05\/Kapitalis-big-size.png","width":5000,"height":1500,"caption":"Kapitalis"},"image":{"@id":"https:\/\/kapitalis.com\/tunisie\/#\/schema\/logo\/image\/"},"sameAs":["https:\/\/www.facebook.com\/KapitalisInfo\/","https:\/\/x.com\/KapitalisInfo","https:\/\/www.youtube.com\/channel\/UC-yDYrHyfFBWWZaOw3FPg9Q"]},{"@type":"Person","@id":"https:\/\/kapitalis.com\/tunisie\/#\/schema\/person\/d71f33a9ca44f7bad4698210b480c8e9","name":"webmaster kapitalis","url":"https:\/\/kapitalis.com\/tunisie\/author\/webmaster-kapitalis\/"}]}},"_links":{"self":[{"href":"https:\/\/kapitalis.com\/tunisie\/wp-json\/wp\/v2\/posts\/16144271","targetHints":{"allow":["GET"]}}],"collection":[{"href":"https:\/\/kapitalis.com\/tunisie\/wp-json\/wp\/v2\/posts"}],"about":[{"href":"https:\/\/kapitalis.com\/tunisie\/wp-json\/wp\/v2\/types\/post"}],"author":[{"embeddable":true,"href":"https:\/\/kapitalis.com\/tunisie\/wp-json\/wp\/v2\/users\/8"}],"replies":[{"embeddable":true,"href":"https:\/\/kapitalis.com\/tunisie\/wp-json\/wp\/v2\/comments?post=16144271"}],"version-history":[{"count":1,"href":"https:\/\/kapitalis.com\/tunisie\/wp-json\/wp\/v2\/posts\/16144271\/revisions"}],"predecessor-version":[{"id":16144297,"href":"https:\/\/kapitalis.com\/tunisie\/wp-json\/wp\/v2\/posts\/16144271\/revisions\/16144297"}],"wp:featuredmedia":[{"embeddable":true,"href":"https:\/\/kapitalis.com\/tunisie\/wp-json\/wp\/v2\/media\/16144293"}],"wp:attachment":[{"href":"https:\/\/kapitalis.com\/tunisie\/wp-json\/wp\/v2\/media?parent=16144271"}],"wp:term":[{"taxonomy":"category","embeddable":true,"href":"https:\/\/kapitalis.com\/tunisie\/wp-json\/wp\/v2\/categories?post=16144271"},{"taxonomy":"post_tag","embeddable":true,"href":"https:\/\/kapitalis.com\/tunisie\/wp-json\/wp\/v2\/tags?post=16144271"}],"curies":[{"name":"wp","href":"https:\/\/api.w.org\/{rel}","templated":true}]}}