{"id":161579,"date":"2018-06-26T11:44:36","date_gmt":"2018-06-26T10:44:36","guid":{"rendered":"http:\/\/kapitalis.com\/tunisie\/?p=161579"},"modified":"2018-06-26T12:04:16","modified_gmt":"2018-06-26T11:04:16","slug":"congres-international-a-tunis-sur-la-resilience-administrative","status":"publish","type":"post","link":"https:\/\/kapitalis.com\/tunisie\/2018\/06\/26\/congres-international-a-tunis-sur-la-resilience-administrative\/","title":{"rendered":"Congr\u00e8s international \u00e0 Tunis sur la r\u00e9silience administrative"},"content":{"rendered":"<p style=\"text-align: center;\"><img loading=\"lazy\" decoding=\"async\" class=\"alignnone size-full wp-image-161580\" src=\"http:\/\/kapitalis.com\/tunisie\/wp-content\/uploads\/2018\/06\/Congres-IISA-Administration.jpg\" alt=\"\" width=\"626\" height=\"380\" \/><\/p>\n<p><em><strong>Le Congr\u00e8s international sur la r\u00e9silience administrative, organis\u00e9 par l\u2019<a href=\"http:\/\/www.iias-congress2018.org\">Institut international des sciences administratives (IISA)<\/a>, se tient du 25 au 28 juin 2018, \u00e0 Tunis, sous le th\u00e8me : \u00abLutter, s\u2019adapter, se maintenir et\u2026 se renouveler\u00bb.<\/strong><\/em><\/p>\n<p><!--more--><\/p>\n<p>L\u2019\u00e9v\u00e9nement est co-organis\u00e9 par l\u2019Ecole nationale d\u2019administration de Tunis (RNA), , haut lieu de formation des fonctionnaires publics et centre de recherche sur la Gouvernance, et la pr\u00e9sidence du gouvernement tunisien.<\/p>\n<p>De nos jours, les crises se succ\u00e8dent \u00e0 un rythme soutenu, les menaces relatives \u00e0 la s\u00e9curit\u00e9, les catastrophes naturelles, les menaces terroristes, les r\u00e9cessions \u00e9conomiques, les ph\u00e9nom\u00e8nes migratoires et les transitions politiques mettent nos syst\u00e8mes de gouvernance \u00e0 l\u2019\u00e9preuve de mani\u00e8re r\u00e9currente.<\/p>\n<p>Les gouvernements et les administrations publiques doivent trouver des solutions et r\u00e9soudre les probl\u00e8mes complexes tout en continuant \u00e0 assurer la prestation de services publics. Cet exercice demande la mobilisation de capacit\u00e9s et de comp\u00e9tences sp\u00e9cifiques.<\/p>\n<p>Le congr\u00e8s, qui se tient entre le si\u00e8ge de l\u2019ENA et la Cit\u00e9 de la Culture, au centre-ville de Tunis, vise \u00e0 mieux comprendre les conditions dans lesquelles les syst\u00e8mes de gouvernance absorbent les chocs, tentent de r\u00e9soudre les probl\u00e8mes et initient des strat\u00e9gies pour l\u2019am\u00e9lioration du bien-\u00eatre dans nos soci\u00e9t\u00e9s ainsi que le d\u00e9veloppement durable.<\/p>\n<p>Des acad\u00e9miques et des praticiens venus de toutes les r\u00e9gions du monde partagent leurs connaissances, leurs exp\u00e9riences et leurs bonnes pratiques.<\/p>\n<p>Au-del\u00e0 du th\u00e8me g\u00e9n\u00e9ral du Congr\u00e8s, des orateurs de renomm\u00e9e internationale se succ\u00e8dent pour aborder des probl\u00e9matiques li\u00e9es notamment : au renforcement des capacit\u00e9s, \u00e0 la gouvernance locale, \u00e0 la gestion des crises, aux partenariats public-priv\u00e9 (PPP), aux strat\u00e9gies de gouvernance inclusive, aux relations avec les citoyens, aux objectifs de d\u00e9veloppement durable (ODDs).<\/p>\n<p>Les repr\u00e9sentants des \u00c9tats et gouvernements, les partenaires nationaux et internationaux de l\u2019IISA organisent des panels sur les grands enjeux auxquels nos gouvernements et administrations font face.<\/p>\n<p>Des exp\u00e9riences et bonnes pratiques sont \u00e9galement pr\u00e9sent\u00e9es lors de sessions sp\u00e9ciales pr\u00e9-congr\u00e8s notamment sur les PPP pour le d\u00e9veloppement des infrastructures et les collaborations Asie-Afrique ainsi que les meilleures pratiques du secteur public au Bahre\u00efn.<\/p>\n<p>Les strat\u00e9gies nationales et r\u00e9gionales de recherche et d\u2019innovation sont d\u2019une importance vitale pour soutenir un mod\u00e8le de soci\u00e9t\u00e9 r\u00e9siliente. Lors d\u2019un panel, les orateurs mettront en \u00e9vidence leur exp\u00e9rience : en Tunisie, \u00e0 Singapour, en Cor\u00e9e du Sud et dans l\u2019Union Europ\u00e9enne.<\/p>\n<p>Le Congr\u00e8s accueille \u00e9galement des panels sur la gouvernance dans la r\u00e9gion Moyen Orient-Afrique du Nord (Mena) afin d\u2019apporter un \u00e9clairage sur une dynamique r\u00e9gionale de renouveau.<\/p>\n<p>Une session aborde plus particuli\u00e8rement la R\u00e9silience du syst\u00e8me de gouvernance en Tunisie et mettra en exergue les r\u00e9formes en cours, les opportunit\u00e9s et les obstacles sur le chemin de la transition : entre rigidit\u00e9, r\u00e9silience et innovation.<\/p>\n<p>Pendant quatre jours, des participants venant de plus de 60 pays partagent leurs id\u00e9es et leur vision afin de d\u00e9finir un agenda de gouvernance commun et se renouveler encore.<\/p>\n<p>Durant le Congr\u00e8s de l\u2019IISA, Tunis est le centre des d\u00e9bats, des discussions et des recommandations pour une administration publique de demain caract\u00e9ris\u00e9e par la r\u00e9silience et le renouveau.<\/p>\n<p><em><strong>Source<\/strong><\/em> : communiqu\u00e9.<\/p>\n<blockquote class=\"wp-embedded-content\" data-secret=\"Q5aeFZ7oIk\"><p><a href=\"https:\/\/kapitalis.com\/tunisie\/2018\/06\/09\/tunisie-le-fiasco-du-recrutement-dans-la-fonction-publique\/\">Tunisie : Le fiasco du recrutement dans la fonction publique<\/a><\/p><\/blockquote>\n<p><iframe loading=\"lazy\" class=\"wp-embedded-content\" sandbox=\"allow-scripts\" security=\"restricted\" style=\"position: absolute; clip: rect(1px, 1px, 1px, 1px);\" title=\"\u00ab\u00a0Tunisie : Le fiasco du recrutement dans la fonction publique\u00a0\u00bb &#8212; Kapitalis\" src=\"https:\/\/kapitalis.com\/tunisie\/2018\/06\/09\/tunisie-le-fiasco-du-recrutement-dans-la-fonction-publique\/embed\/#?secret=wYTRvDB91c#?secret=Q5aeFZ7oIk\" data-secret=\"Q5aeFZ7oIk\" width=\"600\" height=\"338\" frameborder=\"0\" marginwidth=\"0\" marginheight=\"0\" scrolling=\"no\"><\/iframe><\/p>\n<blockquote class=\"wp-embedded-content\" data-secret=\"W9VOpQdtG6\"><p><a href=\"https:\/\/kapitalis.com\/tunisie\/2018\/01\/17\/tunisie-fonction-publique-reaffectation-rentable-dun-personnel-plethorique\/\">Tunisie-Fonction publique : Pour une r\u00e9affectation rentable d\u2019un personnel pl\u00e9thorique<\/a><\/p><\/blockquote>\n<p><iframe loading=\"lazy\" class=\"wp-embedded-content\" sandbox=\"allow-scripts\" security=\"restricted\" style=\"position: absolute; clip: rect(1px, 1px, 1px, 1px);\" title=\"\u00ab\u00a0Tunisie-Fonction publique : Pour une r\u00e9affectation rentable d\u2019un personnel pl\u00e9thorique\u00a0\u00bb &#8212; Kapitalis\" src=\"https:\/\/kapitalis.com\/tunisie\/2018\/01\/17\/tunisie-fonction-publique-reaffectation-rentable-dun-personnel-plethorique\/embed\/#?secret=V0T9EeQQeu#?secret=W9VOpQdtG6\" data-secret=\"W9VOpQdtG6\" width=\"600\" height=\"338\" frameborder=\"0\" marginwidth=\"0\" marginheight=\"0\" scrolling=\"no\"><\/iframe><\/p>\n<blockquote class=\"wp-embedded-content\" data-secret=\"3EDASsMeqr\"><p><a href=\"https:\/\/kapitalis.com\/tunisie\/2017\/08\/17\/ote-les-effectifs-de-la-fonction-publique-ont-triple-apres-2011\/\">OTE : Les effectifs de la fonction publique ont tripl\u00e9 apr\u00e8s 2011<\/a><\/p><\/blockquote>\n<p><iframe loading=\"lazy\" class=\"wp-embedded-content\" sandbox=\"allow-scripts\" security=\"restricted\" style=\"position: absolute; clip: rect(1px, 1px, 1px, 1px);\" title=\"\u00ab\u00a0OTE : Les effectifs de la fonction publique ont tripl\u00e9 apr\u00e8s 2011\u00a0\u00bb &#8212; Kapitalis\" src=\"https:\/\/kapitalis.com\/tunisie\/2017\/08\/17\/ote-les-effectifs-de-la-fonction-publique-ont-triple-apres-2011\/embed\/#?secret=kTfKpWCfKT#?secret=3EDASsMeqr\" data-secret=\"3EDASsMeqr\" width=\"600\" height=\"338\" frameborder=\"0\" marginwidth=\"0\" marginheight=\"0\" scrolling=\"no\"><\/iframe><\/p>\n","protected":false},"excerpt":{"rendered":"<p>Le Congr\u00e8s international sur la r\u00e9silience administrative, organis\u00e9 par l\u2019Institut international des sciences administratives (IISA), se tient du 25 au 28 juin 2018, \u00e0 Tunis, sous le th\u00e8me : \u00abLutter, s\u2019adapter, se maintenir et\u2026 se renouveler\u00bb.<\/p>\n","protected":false},"author":8,"featured_media":161580,"comment_status":"open","ping_status":"open","sticky":false,"template":"","format":"standard","meta":{"footnotes":""},"categories":[995,2433],"tags":[4188,19060],"class_list":["post-161579","post","type-post","status-publish","format-standard","has-post-thumbnail","hentry","category-economie","category-tunisie","tag-gouvernance","tag-services-publics"],"yoast_head":"<!-- This site is optimized with the Yoast SEO plugin v26.6 - https:\/\/yoast.com\/wordpress\/plugins\/seo\/ -->\n<title>Congr\u00e8s international \u00e0 Tunis sur la r\u00e9silience administrative - Kapitalis<\/title>\n<meta name=\"robots\" content=\"index, follow, max-snippet:-1, max-image-preview:large, max-video-preview:-1\" \/>\n<link rel=\"canonical\" href=\"https:\/\/kapitalis.com\/tunisie\/2018\/06\/26\/congres-international-a-tunis-sur-la-resilience-administrative\/\" \/>\n<meta property=\"og:locale\" content=\"fr_FR\" \/>\n<meta property=\"og:type\" content=\"article\" \/>\n<meta property=\"og:title\" content=\"Congr\u00e8s international \u00e0 Tunis sur la r\u00e9silience administrative - Kapitalis\" \/>\n<meta property=\"og:description\" content=\"Le Congr\u00e8s international sur la r\u00e9silience administrative, organis\u00e9 par l\u2019Institut international des sciences administratives (IISA), se tient du 25 au 28 juin 2018, \u00e0 Tunis, sous le th\u00e8me : \u00abLutter, s\u2019adapter, se maintenir et\u2026 se renouveler\u00bb.\" \/>\n<meta property=\"og:url\" content=\"https:\/\/kapitalis.com\/tunisie\/2018\/06\/26\/congres-international-a-tunis-sur-la-resilience-administrative\/\" \/>\n<meta property=\"og:site_name\" content=\"Kapitalis\" \/>\n<meta property=\"article:publisher\" content=\"https:\/\/www.facebook.com\/KapitalisInfo\/\" \/>\n<meta property=\"article:published_time\" content=\"2018-06-26T10:44:36+00:00\" \/>\n<meta property=\"article:modified_time\" content=\"2018-06-26T11:04:16+00:00\" \/>\n<meta property=\"og:image\" content=\"https:\/\/kapitalis.com\/tunisie\/wp-content\/uploads\/2022\/05\/kapitalis-logo-fb.png\" \/>\n\t<meta property=\"og:image:width\" content=\"1200\" \/>\n\t<meta property=\"og:image:height\" content=\"630\" \/>\n\t<meta property=\"og:image:type\" content=\"image\/png\" \/>\n<meta name=\"author\" content=\"webmaster kapitalis\" \/>\n<meta name=\"twitter:card\" content=\"summary_large_image\" \/>\n<meta name=\"twitter:creator\" content=\"@KapitalisInfo\" \/>\n<meta name=\"twitter:site\" content=\"@KapitalisInfo\" \/>\n<meta name=\"twitter:label1\" content=\"\u00c9crit par\" \/>\n\t<meta name=\"twitter:data1\" content=\"webmaster kapitalis\" \/>\n\t<meta name=\"twitter:label2\" content=\"Dur\u00e9e de lecture estim\u00e9e\" \/>\n\t<meta name=\"twitter:data2\" content=\"3 minutes\" \/>\n<script type=\"application\/ld+json\" class=\"yoast-schema-graph\">{\"@context\":\"https:\/\/schema.org\",\"@graph\":[{\"@type\":\"Article\",\"@id\":\"https:\/\/kapitalis.com\/tunisie\/2018\/06\/26\/congres-international-a-tunis-sur-la-resilience-administrative\/#article\",\"isPartOf\":{\"@id\":\"https:\/\/kapitalis.com\/tunisie\/2018\/06\/26\/congres-international-a-tunis-sur-la-resilience-administrative\/\"},\"author\":{\"name\":\"webmaster kapitalis\",\"@id\":\"https:\/\/kapitalis.com\/tunisie\/#\/schema\/person\/d71f33a9ca44f7bad4698210b480c8e9\"},\"headline\":\"Congr\u00e8s international \u00e0 Tunis sur la r\u00e9silience administrative\",\"datePublished\":\"2018-06-26T10:44:36+00:00\",\"dateModified\":\"2018-06-26T11:04:16+00:00\",\"mainEntityOfPage\":{\"@id\":\"https:\/\/kapitalis.com\/tunisie\/2018\/06\/26\/congres-international-a-tunis-sur-la-resilience-administrative\/\"},\"wordCount\":604,\"commentCount\":0,\"publisher\":{\"@id\":\"https:\/\/kapitalis.com\/tunisie\/#organization\"},\"image\":{\"@id\":\"https:\/\/kapitalis.com\/tunisie\/2018\/06\/26\/congres-international-a-tunis-sur-la-resilience-administrative\/#primaryimage\"},\"thumbnailUrl\":\"\",\"keywords\":[\"gouvernance\",\"services publics\"],\"articleSection\":[\"ECONOMIE\",\"Tunisie\"],\"inLanguage\":\"fr-FR\",\"potentialAction\":[{\"@type\":\"CommentAction\",\"name\":\"Comment\",\"target\":[\"https:\/\/kapitalis.com\/tunisie\/2018\/06\/26\/congres-international-a-tunis-sur-la-resilience-administrative\/#respond\"]}]},{\"@type\":\"WebPage\",\"@id\":\"https:\/\/kapitalis.com\/tunisie\/2018\/06\/26\/congres-international-a-tunis-sur-la-resilience-administrative\/\",\"url\":\"https:\/\/kapitalis.com\/tunisie\/2018\/06\/26\/congres-international-a-tunis-sur-la-resilience-administrative\/\",\"name\":\"Congr\u00e8s international \u00e0 Tunis sur la r\u00e9silience administrative - Kapitalis\",\"isPartOf\":{\"@id\":\"https:\/\/kapitalis.com\/tunisie\/#website\"},\"primaryImageOfPage\":{\"@id\":\"https:\/\/kapitalis.com\/tunisie\/2018\/06\/26\/congres-international-a-tunis-sur-la-resilience-administrative\/#primaryimage\"},\"image\":{\"@id\":\"https:\/\/kapitalis.com\/tunisie\/2018\/06\/26\/congres-international-a-tunis-sur-la-resilience-administrative\/#primaryimage\"},\"thumbnailUrl\":\"\",\"datePublished\":\"2018-06-26T10:44:36+00:00\",\"dateModified\":\"2018-06-26T11:04:16+00:00\",\"breadcrumb\":{\"@id\":\"https:\/\/kapitalis.com\/tunisie\/2018\/06\/26\/congres-international-a-tunis-sur-la-resilience-administrative\/#breadcrumb\"},\"inLanguage\":\"fr-FR\",\"potentialAction\":[{\"@type\":\"ReadAction\",\"target\":[\"https:\/\/kapitalis.com\/tunisie\/2018\/06\/26\/congres-international-a-tunis-sur-la-resilience-administrative\/\"]}]},{\"@type\":\"ImageObject\",\"inLanguage\":\"fr-FR\",\"@id\":\"https:\/\/kapitalis.com\/tunisie\/2018\/06\/26\/congres-international-a-tunis-sur-la-resilience-administrative\/#primaryimage\",\"url\":\"\",\"contentUrl\":\"\"},{\"@type\":\"BreadcrumbList\",\"@id\":\"https:\/\/kapitalis.com\/tunisie\/2018\/06\/26\/congres-international-a-tunis-sur-la-resilience-administrative\/#breadcrumb\",\"itemListElement\":[{\"@type\":\"ListItem\",\"position\":1,\"name\":\"Accueil\",\"item\":\"https:\/\/kapitalis.com\/tunisie\/\"},{\"@type\":\"ListItem\",\"position\":2,\"name\":\"Congr\u00e8s international \u00e0 Tunis sur la r\u00e9silience administrative\"}]},{\"@type\":\"WebSite\",\"@id\":\"https:\/\/kapitalis.com\/tunisie\/#website\",\"url\":\"https:\/\/kapitalis.com\/tunisie\/\",\"name\":\"Kapitalis\",\"description\":\"L&#039;actualit\u00e9 en Tunisie et dans le monde\",\"publisher\":{\"@id\":\"https:\/\/kapitalis.com\/tunisie\/#organization\"},\"potentialAction\":[{\"@type\":\"SearchAction\",\"target\":{\"@type\":\"EntryPoint\",\"urlTemplate\":\"https:\/\/kapitalis.com\/tunisie\/?s={search_term_string}\"},\"query-input\":{\"@type\":\"PropertyValueSpecification\",\"valueRequired\":true,\"valueName\":\"search_term_string\"}}],\"inLanguage\":\"fr-FR\"},{\"@type\":\"Organization\",\"@id\":\"https:\/\/kapitalis.com\/tunisie\/#organization\",\"name\":\"Kapitalis\",\"url\":\"https:\/\/kapitalis.com\/tunisie\/\",\"logo\":{\"@type\":\"ImageObject\",\"inLanguage\":\"fr-FR\",\"@id\":\"https:\/\/kapitalis.com\/tunisie\/#\/schema\/logo\/image\/\",\"url\":\"https:\/\/kapitalis.com\/tunisie\/wp-content\/uploads\/2022\/05\/Kapitalis-big-size.png\",\"contentUrl\":\"https:\/\/kapitalis.com\/tunisie\/wp-content\/uploads\/2022\/05\/Kapitalis-big-size.png\",\"width\":5000,\"height\":1500,\"caption\":\"Kapitalis\"},\"image\":{\"@id\":\"https:\/\/kapitalis.com\/tunisie\/#\/schema\/logo\/image\/\"},\"sameAs\":[\"https:\/\/www.facebook.com\/KapitalisInfo\/\",\"https:\/\/x.com\/KapitalisInfo\",\"https:\/\/www.youtube.com\/channel\/UC-yDYrHyfFBWWZaOw3FPg9Q\"]},{\"@type\":\"Person\",\"@id\":\"https:\/\/kapitalis.com\/tunisie\/#\/schema\/person\/d71f33a9ca44f7bad4698210b480c8e9\",\"name\":\"webmaster kapitalis\",\"url\":\"https:\/\/kapitalis.com\/tunisie\/author\/webmaster-kapitalis\/\"}]}<\/script>\n<!-- \/ Yoast SEO plugin. -->","yoast_head_json":{"title":"Congr\u00e8s international \u00e0 Tunis sur la r\u00e9silience administrative - Kapitalis","robots":{"index":"index","follow":"follow","max-snippet":"max-snippet:-1","max-image-preview":"max-image-preview:large","max-video-preview":"max-video-preview:-1"},"canonical":"https:\/\/kapitalis.com\/tunisie\/2018\/06\/26\/congres-international-a-tunis-sur-la-resilience-administrative\/","og_locale":"fr_FR","og_type":"article","og_title":"Congr\u00e8s international \u00e0 Tunis sur la r\u00e9silience administrative - Kapitalis","og_description":"Le Congr\u00e8s international sur la r\u00e9silience administrative, organis\u00e9 par l\u2019Institut international des sciences administratives (IISA), se tient du 25 au 28 juin 2018, \u00e0 Tunis, sous le th\u00e8me : \u00abLutter, s\u2019adapter, se maintenir et\u2026 se renouveler\u00bb.","og_url":"https:\/\/kapitalis.com\/tunisie\/2018\/06\/26\/congres-international-a-tunis-sur-la-resilience-administrative\/","og_site_name":"Kapitalis","article_publisher":"https:\/\/www.facebook.com\/KapitalisInfo\/","article_published_time":"2018-06-26T10:44:36+00:00","article_modified_time":"2018-06-26T11:04:16+00:00","og_image":[{"width":1200,"height":630,"url":"https:\/\/kapitalis.com\/tunisie\/wp-content\/uploads\/2022\/05\/kapitalis-logo-fb.png","type":"image\/png"}],"author":"webmaster kapitalis","twitter_card":"summary_large_image","twitter_creator":"@KapitalisInfo","twitter_site":"@KapitalisInfo","twitter_misc":{"\u00c9crit par":"webmaster kapitalis","Dur\u00e9e de lecture estim\u00e9e":"3 minutes"},"schema":{"@context":"https:\/\/schema.org","@graph":[{"@type":"Article","@id":"https:\/\/kapitalis.com\/tunisie\/2018\/06\/26\/congres-international-a-tunis-sur-la-resilience-administrative\/#article","isPartOf":{"@id":"https:\/\/kapitalis.com\/tunisie\/2018\/06\/26\/congres-international-a-tunis-sur-la-resilience-administrative\/"},"author":{"name":"webmaster kapitalis","@id":"https:\/\/kapitalis.com\/tunisie\/#\/schema\/person\/d71f33a9ca44f7bad4698210b480c8e9"},"headline":"Congr\u00e8s international \u00e0 Tunis sur la r\u00e9silience administrative","datePublished":"2018-06-26T10:44:36+00:00","dateModified":"2018-06-26T11:04:16+00:00","mainEntityOfPage":{"@id":"https:\/\/kapitalis.com\/tunisie\/2018\/06\/26\/congres-international-a-tunis-sur-la-resilience-administrative\/"},"wordCount":604,"commentCount":0,"publisher":{"@id":"https:\/\/kapitalis.com\/tunisie\/#organization"},"image":{"@id":"https:\/\/kapitalis.com\/tunisie\/2018\/06\/26\/congres-international-a-tunis-sur-la-resilience-administrative\/#primaryimage"},"thumbnailUrl":"","keywords":["gouvernance","services publics"],"articleSection":["ECONOMIE","Tunisie"],"inLanguage":"fr-FR","potentialAction":[{"@type":"CommentAction","name":"Comment","target":["https:\/\/kapitalis.com\/tunisie\/2018\/06\/26\/congres-international-a-tunis-sur-la-resilience-administrative\/#respond"]}]},{"@type":"WebPage","@id":"https:\/\/kapitalis.com\/tunisie\/2018\/06\/26\/congres-international-a-tunis-sur-la-resilience-administrative\/","url":"https:\/\/kapitalis.com\/tunisie\/2018\/06\/26\/congres-international-a-tunis-sur-la-resilience-administrative\/","name":"Congr\u00e8s international \u00e0 Tunis sur la r\u00e9silience administrative - Kapitalis","isPartOf":{"@id":"https:\/\/kapitalis.com\/tunisie\/#website"},"primaryImageOfPage":{"@id":"https:\/\/kapitalis.com\/tunisie\/2018\/06\/26\/congres-international-a-tunis-sur-la-resilience-administrative\/#primaryimage"},"image":{"@id":"https:\/\/kapitalis.com\/tunisie\/2018\/06\/26\/congres-international-a-tunis-sur-la-resilience-administrative\/#primaryimage"},"thumbnailUrl":"","datePublished":"2018-06-26T10:44:36+00:00","dateModified":"2018-06-26T11:04:16+00:00","breadcrumb":{"@id":"https:\/\/kapitalis.com\/tunisie\/2018\/06\/26\/congres-international-a-tunis-sur-la-resilience-administrative\/#breadcrumb"},"inLanguage":"fr-FR","potentialAction":[{"@type":"ReadAction","target":["https:\/\/kapitalis.com\/tunisie\/2018\/06\/26\/congres-international-a-tunis-sur-la-resilience-administrative\/"]}]},{"@type":"ImageObject","inLanguage":"fr-FR","@id":"https:\/\/kapitalis.com\/tunisie\/2018\/06\/26\/congres-international-a-tunis-sur-la-resilience-administrative\/#primaryimage","url":"","contentUrl":""},{"@type":"BreadcrumbList","@id":"https:\/\/kapitalis.com\/tunisie\/2018\/06\/26\/congres-international-a-tunis-sur-la-resilience-administrative\/#breadcrumb","itemListElement":[{"@type":"ListItem","position":1,"name":"Accueil","item":"https:\/\/kapitalis.com\/tunisie\/"},{"@type":"ListItem","position":2,"name":"Congr\u00e8s international \u00e0 Tunis sur la r\u00e9silience administrative"}]},{"@type":"WebSite","@id":"https:\/\/kapitalis.com\/tunisie\/#website","url":"https:\/\/kapitalis.com\/tunisie\/","name":"Kapitalis","description":"L&#039;actualit\u00e9 en Tunisie et dans le monde","publisher":{"@id":"https:\/\/kapitalis.com\/tunisie\/#organization"},"potentialAction":[{"@type":"SearchAction","target":{"@type":"EntryPoint","urlTemplate":"https:\/\/kapitalis.com\/tunisie\/?s={search_term_string}"},"query-input":{"@type":"PropertyValueSpecification","valueRequired":true,"valueName":"search_term_string"}}],"inLanguage":"fr-FR"},{"@type":"Organization","@id":"https:\/\/kapitalis.com\/tunisie\/#organization","name":"Kapitalis","url":"https:\/\/kapitalis.com\/tunisie\/","logo":{"@type":"ImageObject","inLanguage":"fr-FR","@id":"https:\/\/kapitalis.com\/tunisie\/#\/schema\/logo\/image\/","url":"https:\/\/kapitalis.com\/tunisie\/wp-content\/uploads\/2022\/05\/Kapitalis-big-size.png","contentUrl":"https:\/\/kapitalis.com\/tunisie\/wp-content\/uploads\/2022\/05\/Kapitalis-big-size.png","width":5000,"height":1500,"caption":"Kapitalis"},"image":{"@id":"https:\/\/kapitalis.com\/tunisie\/#\/schema\/logo\/image\/"},"sameAs":["https:\/\/www.facebook.com\/KapitalisInfo\/","https:\/\/x.com\/KapitalisInfo","https:\/\/www.youtube.com\/channel\/UC-yDYrHyfFBWWZaOw3FPg9Q"]},{"@type":"Person","@id":"https:\/\/kapitalis.com\/tunisie\/#\/schema\/person\/d71f33a9ca44f7bad4698210b480c8e9","name":"webmaster kapitalis","url":"https:\/\/kapitalis.com\/tunisie\/author\/webmaster-kapitalis\/"}]}},"_links":{"self":[{"href":"https:\/\/kapitalis.com\/tunisie\/wp-json\/wp\/v2\/posts\/161579","targetHints":{"allow":["GET"]}}],"collection":[{"href":"https:\/\/kapitalis.com\/tunisie\/wp-json\/wp\/v2\/posts"}],"about":[{"href":"https:\/\/kapitalis.com\/tunisie\/wp-json\/wp\/v2\/types\/post"}],"author":[{"embeddable":true,"href":"https:\/\/kapitalis.com\/tunisie\/wp-json\/wp\/v2\/users\/8"}],"replies":[{"embeddable":true,"href":"https:\/\/kapitalis.com\/tunisie\/wp-json\/wp\/v2\/comments?post=161579"}],"version-history":[{"count":0,"href":"https:\/\/kapitalis.com\/tunisie\/wp-json\/wp\/v2\/posts\/161579\/revisions"}],"wp:featuredmedia":[{"embeddable":true,"href":"https:\/\/kapitalis.com\/tunisie\/wp-json\/wp\/v2\/media\/161580"}],"wp:attachment":[{"href":"https:\/\/kapitalis.com\/tunisie\/wp-json\/wp\/v2\/media?parent=161579"}],"wp:term":[{"taxonomy":"category","embeddable":true,"href":"https:\/\/kapitalis.com\/tunisie\/wp-json\/wp\/v2\/categories?post=161579"},{"taxonomy":"post_tag","embeddable":true,"href":"https:\/\/kapitalis.com\/tunisie\/wp-json\/wp\/v2\/tags?post=161579"}],"curies":[{"name":"wp","href":"https:\/\/api.w.org\/{rel}","templated":true}]}}