{"id":161620,"date":"2018-06-26T13:47:15","date_gmt":"2018-06-26T12:47:15","guid":{"rendered":"http:\/\/kapitalis.com\/tunisie\/?p=161620"},"modified":"2018-06-26T13:47:50","modified_gmt":"2018-06-26T12:47:50","slug":"les-golfeurs-tunisiens-aux-jeux-mediterraneens-de-tarragone","status":"publish","type":"post","link":"https:\/\/kapitalis.com\/tunisie\/2018\/06\/26\/les-golfeurs-tunisiens-aux-jeux-mediterraneens-de-tarragone\/","title":{"rendered":"Les golfeurs tunisiens aux Jeux m\u00e9diterran\u00e9ens de Tarragone"},"content":{"rendered":"<p style=\"text-align: center;\"><img loading=\"lazy\" decoding=\"async\" class=\"alignnone size-full wp-image-161623\" src=\"http:\/\/kapitalis.com\/tunisie\/wp-content\/uploads\/2018\/06\/Equipe-de-Tunisie-de-golf.jpg\" alt=\"\" width=\"626\" height=\"380\" \/><\/p>\n<p><em><strong>L\u2019\u00e9quipe nationale tunisienne de golf va participer aux Jeux M\u00e9diterran\u00e9ens Tarragone 2018, en Espagne, le golf ayant \u00e9t\u00e9 s\u00e9lectionn\u00e9e parmi les 22 sports devant repr\u00e9senter la Tunisie \u00e0 cette comp\u00e9tition organis\u00e9e du 22 juin au 1er juillet 2018.<\/strong><\/em><\/p>\n<p><!--more--><\/p>\n<p>Le golf, absent lors de la pr\u00e9c\u00e9dente \u00e9dition \u00e0 Mersin, en Turquie, en 2013, fera son retour parmi les 33 autres disciplines inscrites au programme de cette \u00e9dition espagnole et c\u2019est tant mieux pour l\u2019\u00e9lite de sport o\u00f9 la Tunisie ne manque pas d\u2019atouts.<\/p>\n<p>Les responsables de la F\u00e9d\u00e9ration tunisienne de golf (FTG) vont profiter de l\u2019occasion pour discuter avec leurs homologues des autres pays participants de l&rsquo;opportunit\u00e9 de cr\u00e9er l\u2019Union m\u00e9diterran\u00e9enne du golf, \u00e0 l\u2019instar des autres sports.<\/p>\n<p>La Tunisie sera \u00e0 sa quatri\u00e8me participation \u00e0 cette joute. Sa s\u00e9lection de golf compos\u00e9e du trio Rabeh Bedoui, Elyes Barhoumi, Aziz Bedoui et de l\u2019entra\u00eeneur Hatem Nasr est partie en Espagne, vendredi 22 juin.<\/p>\n<p>Le tournoi, qui a d\u00e9marr\u00e9 hier, lundi 25, se poursuivra jusqu\u2019au 28 juin.<\/p>\n<p style=\"text-align: right;\"><strong>I. B.<\/strong><\/p>\n<blockquote class=\"wp-embedded-content\" data-secret=\"hM4y5FSzmT\"><p><a href=\"https:\/\/kapitalis.com\/tunisie\/2018\/06\/26\/la-tunisie-aux-jm-de-tarragone-les-filles-font-mieux-que-les-garcons\/\">La Tunisie aux JM de Tarragone : Les filles font mieux que les gar\u00e7ons<\/a><\/p><\/blockquote>\n<p><iframe loading=\"lazy\" class=\"wp-embedded-content\" sandbox=\"allow-scripts\" security=\"restricted\" style=\"position: absolute; clip: rect(1px, 1px, 1px, 1px);\" title=\"\u00ab\u00a0La Tunisie aux JM de Tarragone : Les filles font mieux que les gar\u00e7ons\u00a0\u00bb &#8212; Kapitalis\" src=\"https:\/\/kapitalis.com\/tunisie\/2018\/06\/26\/la-tunisie-aux-jm-de-tarragone-les-filles-font-mieux-que-les-garcons\/embed\/#?secret=NlFrHRv3p8#?secret=hM4y5FSzmT\" data-secret=\"hM4y5FSzmT\" width=\"600\" height=\"338\" frameborder=\"0\" marginwidth=\"0\" marginheight=\"0\" scrolling=\"no\"><\/iframe><\/p>\n<blockquote class=\"wp-embedded-content\" data-secret=\"lgH050vwWy\"><p><a href=\"https:\/\/kapitalis.com\/tunisie\/2018\/06\/25\/espagne-lescrimeuse-ines-boubakri-remporte-une-medaille-dor\/\">Espagne : L&rsquo;escrimeuse Ines Boubakri remporte une m\u00e9daille d&rsquo;or<\/a><\/p><\/blockquote>\n<p><iframe loading=\"lazy\" class=\"wp-embedded-content\" sandbox=\"allow-scripts\" security=\"restricted\" style=\"position: absolute; clip: rect(1px, 1px, 1px, 1px);\" title=\"\u00ab\u00a0Espagne : L&rsquo;escrimeuse Ines Boubakri remporte une m\u00e9daille d&rsquo;or\u00a0\u00bb &#8212; Kapitalis\" src=\"https:\/\/kapitalis.com\/tunisie\/2018\/06\/25\/espagne-lescrimeuse-ines-boubakri-remporte-une-medaille-dor\/embed\/#?secret=dTli0ssekk#?secret=lgH050vwWy\" data-secret=\"lgH050vwWy\" width=\"600\" height=\"338\" frameborder=\"0\" marginwidth=\"0\" marginheight=\"0\" scrolling=\"no\"><\/iframe><\/p>\n","protected":false},"excerpt":{"rendered":"<p>L\u2019\u00e9quipe nationale tunisienne de golf va participer aux Jeux M\u00e9diterran\u00e9ens Tarragone 2018, en Espagne, le golf ayant \u00e9t\u00e9 s\u00e9lectionn\u00e9e parmi les 22 sports devant repr\u00e9senter la Tunisie \u00e0 cette comp\u00e9tition organis\u00e9e du 22 juin au 1er juillet 2018.<\/p>\n","protected":false},"author":8,"featured_media":161623,"comment_status":"open","ping_status":"open","sticky":false,"template":"","format":"standard","meta":{"footnotes":""},"categories":[999,2433],"tags":[341,3594],"class_list":["post-161620","post","type-post","status-publish","format-standard","has-post-thumbnail","hentry","category-sport","category-tunisie","tag-espagne","tag-jeux-mediterraneens"],"yoast_head":"<!-- This site is optimized with the Yoast SEO plugin v26.6 - https:\/\/yoast.com\/wordpress\/plugins\/seo\/ -->\n<title>Les golfeurs tunisiens aux Jeux m\u00e9diterran\u00e9ens de Tarragone - Kapitalis<\/title>\n<meta name=\"robots\" content=\"index, follow, max-snippet:-1, max-image-preview:large, max-video-preview:-1\" \/>\n<link rel=\"canonical\" href=\"https:\/\/kapitalis.com\/tunisie\/2018\/06\/26\/les-golfeurs-tunisiens-aux-jeux-mediterraneens-de-tarragone\/\" \/>\n<meta property=\"og:locale\" content=\"fr_FR\" \/>\n<meta property=\"og:type\" content=\"article\" \/>\n<meta property=\"og:title\" content=\"Les golfeurs tunisiens aux Jeux m\u00e9diterran\u00e9ens de Tarragone - Kapitalis\" \/>\n<meta property=\"og:description\" content=\"L\u2019\u00e9quipe nationale tunisienne de golf va participer aux Jeux M\u00e9diterran\u00e9ens Tarragone 2018, en Espagne, le golf ayant \u00e9t\u00e9 s\u00e9lectionn\u00e9e parmi les 22 sports devant repr\u00e9senter la Tunisie \u00e0 cette comp\u00e9tition organis\u00e9e du 22 juin au 1er juillet 2018.\" \/>\n<meta property=\"og:url\" content=\"https:\/\/kapitalis.com\/tunisie\/2018\/06\/26\/les-golfeurs-tunisiens-aux-jeux-mediterraneens-de-tarragone\/\" \/>\n<meta property=\"og:site_name\" content=\"Kapitalis\" \/>\n<meta property=\"article:publisher\" content=\"https:\/\/www.facebook.com\/KapitalisInfo\/\" \/>\n<meta property=\"article:published_time\" content=\"2018-06-26T12:47:15+00:00\" \/>\n<meta property=\"article:modified_time\" content=\"2018-06-26T12:47:50+00:00\" \/>\n<meta property=\"og:image\" content=\"https:\/\/kapitalis.com\/tunisie\/wp-content\/uploads\/2022\/05\/kapitalis-logo-fb.png\" \/>\n\t<meta property=\"og:image:width\" content=\"1200\" \/>\n\t<meta property=\"og:image:height\" content=\"630\" \/>\n\t<meta property=\"og:image:type\" content=\"image\/png\" \/>\n<meta name=\"author\" content=\"webmaster kapitalis\" \/>\n<meta name=\"twitter:card\" content=\"summary_large_image\" \/>\n<meta name=\"twitter:creator\" content=\"@KapitalisInfo\" \/>\n<meta name=\"twitter:site\" content=\"@KapitalisInfo\" \/>\n<meta name=\"twitter:label1\" content=\"\u00c9crit par\" \/>\n\t<meta name=\"twitter:data1\" content=\"webmaster kapitalis\" \/>\n\t<meta name=\"twitter:label2\" content=\"Dur\u00e9e de lecture estim\u00e9e\" \/>\n\t<meta name=\"twitter:data2\" content=\"1 minute\" \/>\n<script type=\"application\/ld+json\" class=\"yoast-schema-graph\">{\"@context\":\"https:\/\/schema.org\",\"@graph\":[{\"@type\":\"Article\",\"@id\":\"https:\/\/kapitalis.com\/tunisie\/2018\/06\/26\/les-golfeurs-tunisiens-aux-jeux-mediterraneens-de-tarragone\/#article\",\"isPartOf\":{\"@id\":\"https:\/\/kapitalis.com\/tunisie\/2018\/06\/26\/les-golfeurs-tunisiens-aux-jeux-mediterraneens-de-tarragone\/\"},\"author\":{\"name\":\"webmaster kapitalis\",\"@id\":\"https:\/\/kapitalis.com\/tunisie\/#\/schema\/person\/d71f33a9ca44f7bad4698210b480c8e9\"},\"headline\":\"Les golfeurs tunisiens aux Jeux m\u00e9diterran\u00e9ens de Tarragone\",\"datePublished\":\"2018-06-26T12:47:15+00:00\",\"dateModified\":\"2018-06-26T12:47:50+00:00\",\"mainEntityOfPage\":{\"@id\":\"https:\/\/kapitalis.com\/tunisie\/2018\/06\/26\/les-golfeurs-tunisiens-aux-jeux-mediterraneens-de-tarragone\/\"},\"wordCount\":201,\"commentCount\":0,\"publisher\":{\"@id\":\"https:\/\/kapitalis.com\/tunisie\/#organization\"},\"image\":{\"@id\":\"https:\/\/kapitalis.com\/tunisie\/2018\/06\/26\/les-golfeurs-tunisiens-aux-jeux-mediterraneens-de-tarragone\/#primaryimage\"},\"thumbnailUrl\":\"\",\"keywords\":[\"Espagne\",\"jeux m\u00e9diterran\u00e9ens\"],\"articleSection\":[\"SPORT\",\"Tunisie\"],\"inLanguage\":\"fr-FR\",\"potentialAction\":[{\"@type\":\"CommentAction\",\"name\":\"Comment\",\"target\":[\"https:\/\/kapitalis.com\/tunisie\/2018\/06\/26\/les-golfeurs-tunisiens-aux-jeux-mediterraneens-de-tarragone\/#respond\"]}]},{\"@type\":\"WebPage\",\"@id\":\"https:\/\/kapitalis.com\/tunisie\/2018\/06\/26\/les-golfeurs-tunisiens-aux-jeux-mediterraneens-de-tarragone\/\",\"url\":\"https:\/\/kapitalis.com\/tunisie\/2018\/06\/26\/les-golfeurs-tunisiens-aux-jeux-mediterraneens-de-tarragone\/\",\"name\":\"Les golfeurs tunisiens aux Jeux m\u00e9diterran\u00e9ens de Tarragone - Kapitalis\",\"isPartOf\":{\"@id\":\"https:\/\/kapitalis.com\/tunisie\/#website\"},\"primaryImageOfPage\":{\"@id\":\"https:\/\/kapitalis.com\/tunisie\/2018\/06\/26\/les-golfeurs-tunisiens-aux-jeux-mediterraneens-de-tarragone\/#primaryimage\"},\"image\":{\"@id\":\"https:\/\/kapitalis.com\/tunisie\/2018\/06\/26\/les-golfeurs-tunisiens-aux-jeux-mediterraneens-de-tarragone\/#primaryimage\"},\"thumbnailUrl\":\"\",\"datePublished\":\"2018-06-26T12:47:15+00:00\",\"dateModified\":\"2018-06-26T12:47:50+00:00\",\"breadcrumb\":{\"@id\":\"https:\/\/kapitalis.com\/tunisie\/2018\/06\/26\/les-golfeurs-tunisiens-aux-jeux-mediterraneens-de-tarragone\/#breadcrumb\"},\"inLanguage\":\"fr-FR\",\"potentialAction\":[{\"@type\":\"ReadAction\",\"target\":[\"https:\/\/kapitalis.com\/tunisie\/2018\/06\/26\/les-golfeurs-tunisiens-aux-jeux-mediterraneens-de-tarragone\/\"]}]},{\"@type\":\"ImageObject\",\"inLanguage\":\"fr-FR\",\"@id\":\"https:\/\/kapitalis.com\/tunisie\/2018\/06\/26\/les-golfeurs-tunisiens-aux-jeux-mediterraneens-de-tarragone\/#primaryimage\",\"url\":\"\",\"contentUrl\":\"\"},{\"@type\":\"BreadcrumbList\",\"@id\":\"https:\/\/kapitalis.com\/tunisie\/2018\/06\/26\/les-golfeurs-tunisiens-aux-jeux-mediterraneens-de-tarragone\/#breadcrumb\",\"itemListElement\":[{\"@type\":\"ListItem\",\"position\":1,\"name\":\"Accueil\",\"item\":\"https:\/\/kapitalis.com\/tunisie\/\"},{\"@type\":\"ListItem\",\"position\":2,\"name\":\"Les golfeurs tunisiens aux Jeux m\u00e9diterran\u00e9ens de Tarragone\"}]},{\"@type\":\"WebSite\",\"@id\":\"https:\/\/kapitalis.com\/tunisie\/#website\",\"url\":\"https:\/\/kapitalis.com\/tunisie\/\",\"name\":\"Kapitalis\",\"description\":\"L&#039;actualit\u00e9 en Tunisie et dans le monde\",\"publisher\":{\"@id\":\"https:\/\/kapitalis.com\/tunisie\/#organization\"},\"potentialAction\":[{\"@type\":\"SearchAction\",\"target\":{\"@type\":\"EntryPoint\",\"urlTemplate\":\"https:\/\/kapitalis.com\/tunisie\/?s={search_term_string}\"},\"query-input\":{\"@type\":\"PropertyValueSpecification\",\"valueRequired\":true,\"valueName\":\"search_term_string\"}}],\"inLanguage\":\"fr-FR\"},{\"@type\":\"Organization\",\"@id\":\"https:\/\/kapitalis.com\/tunisie\/#organization\",\"name\":\"Kapitalis\",\"url\":\"https:\/\/kapitalis.com\/tunisie\/\",\"logo\":{\"@type\":\"ImageObject\",\"inLanguage\":\"fr-FR\",\"@id\":\"https:\/\/kapitalis.com\/tunisie\/#\/schema\/logo\/image\/\",\"url\":\"https:\/\/kapitalis.com\/tunisie\/wp-content\/uploads\/2022\/05\/Kapitalis-big-size.png\",\"contentUrl\":\"https:\/\/kapitalis.com\/tunisie\/wp-content\/uploads\/2022\/05\/Kapitalis-big-size.png\",\"width\":5000,\"height\":1500,\"caption\":\"Kapitalis\"},\"image\":{\"@id\":\"https:\/\/kapitalis.com\/tunisie\/#\/schema\/logo\/image\/\"},\"sameAs\":[\"https:\/\/www.facebook.com\/KapitalisInfo\/\",\"https:\/\/x.com\/KapitalisInfo\",\"https:\/\/www.youtube.com\/channel\/UC-yDYrHyfFBWWZaOw3FPg9Q\"]},{\"@type\":\"Person\",\"@id\":\"https:\/\/kapitalis.com\/tunisie\/#\/schema\/person\/d71f33a9ca44f7bad4698210b480c8e9\",\"name\":\"webmaster kapitalis\",\"url\":\"https:\/\/kapitalis.com\/tunisie\/author\/webmaster-kapitalis\/\"}]}<\/script>\n<!-- \/ Yoast SEO plugin. -->","yoast_head_json":{"title":"Les golfeurs tunisiens aux Jeux m\u00e9diterran\u00e9ens de Tarragone - Kapitalis","robots":{"index":"index","follow":"follow","max-snippet":"max-snippet:-1","max-image-preview":"max-image-preview:large","max-video-preview":"max-video-preview:-1"},"canonical":"https:\/\/kapitalis.com\/tunisie\/2018\/06\/26\/les-golfeurs-tunisiens-aux-jeux-mediterraneens-de-tarragone\/","og_locale":"fr_FR","og_type":"article","og_title":"Les golfeurs tunisiens aux Jeux m\u00e9diterran\u00e9ens de Tarragone - Kapitalis","og_description":"L\u2019\u00e9quipe nationale tunisienne de golf va participer aux Jeux M\u00e9diterran\u00e9ens Tarragone 2018, en Espagne, le golf ayant \u00e9t\u00e9 s\u00e9lectionn\u00e9e parmi les 22 sports devant repr\u00e9senter la Tunisie \u00e0 cette comp\u00e9tition organis\u00e9e du 22 juin au 1er juillet 2018.","og_url":"https:\/\/kapitalis.com\/tunisie\/2018\/06\/26\/les-golfeurs-tunisiens-aux-jeux-mediterraneens-de-tarragone\/","og_site_name":"Kapitalis","article_publisher":"https:\/\/www.facebook.com\/KapitalisInfo\/","article_published_time":"2018-06-26T12:47:15+00:00","article_modified_time":"2018-06-26T12:47:50+00:00","og_image":[{"width":1200,"height":630,"url":"https:\/\/kapitalis.com\/tunisie\/wp-content\/uploads\/2022\/05\/kapitalis-logo-fb.png","type":"image\/png"}],"author":"webmaster kapitalis","twitter_card":"summary_large_image","twitter_creator":"@KapitalisInfo","twitter_site":"@KapitalisInfo","twitter_misc":{"\u00c9crit par":"webmaster kapitalis","Dur\u00e9e de lecture estim\u00e9e":"1 minute"},"schema":{"@context":"https:\/\/schema.org","@graph":[{"@type":"Article","@id":"https:\/\/kapitalis.com\/tunisie\/2018\/06\/26\/les-golfeurs-tunisiens-aux-jeux-mediterraneens-de-tarragone\/#article","isPartOf":{"@id":"https:\/\/kapitalis.com\/tunisie\/2018\/06\/26\/les-golfeurs-tunisiens-aux-jeux-mediterraneens-de-tarragone\/"},"author":{"name":"webmaster kapitalis","@id":"https:\/\/kapitalis.com\/tunisie\/#\/schema\/person\/d71f33a9ca44f7bad4698210b480c8e9"},"headline":"Les golfeurs tunisiens aux Jeux m\u00e9diterran\u00e9ens de Tarragone","datePublished":"2018-06-26T12:47:15+00:00","dateModified":"2018-06-26T12:47:50+00:00","mainEntityOfPage":{"@id":"https:\/\/kapitalis.com\/tunisie\/2018\/06\/26\/les-golfeurs-tunisiens-aux-jeux-mediterraneens-de-tarragone\/"},"wordCount":201,"commentCount":0,"publisher":{"@id":"https:\/\/kapitalis.com\/tunisie\/#organization"},"image":{"@id":"https:\/\/kapitalis.com\/tunisie\/2018\/06\/26\/les-golfeurs-tunisiens-aux-jeux-mediterraneens-de-tarragone\/#primaryimage"},"thumbnailUrl":"","keywords":["Espagne","jeux m\u00e9diterran\u00e9ens"],"articleSection":["SPORT","Tunisie"],"inLanguage":"fr-FR","potentialAction":[{"@type":"CommentAction","name":"Comment","target":["https:\/\/kapitalis.com\/tunisie\/2018\/06\/26\/les-golfeurs-tunisiens-aux-jeux-mediterraneens-de-tarragone\/#respond"]}]},{"@type":"WebPage","@id":"https:\/\/kapitalis.com\/tunisie\/2018\/06\/26\/les-golfeurs-tunisiens-aux-jeux-mediterraneens-de-tarragone\/","url":"https:\/\/kapitalis.com\/tunisie\/2018\/06\/26\/les-golfeurs-tunisiens-aux-jeux-mediterraneens-de-tarragone\/","name":"Les golfeurs tunisiens aux Jeux m\u00e9diterran\u00e9ens de Tarragone - Kapitalis","isPartOf":{"@id":"https:\/\/kapitalis.com\/tunisie\/#website"},"primaryImageOfPage":{"@id":"https:\/\/kapitalis.com\/tunisie\/2018\/06\/26\/les-golfeurs-tunisiens-aux-jeux-mediterraneens-de-tarragone\/#primaryimage"},"image":{"@id":"https:\/\/kapitalis.com\/tunisie\/2018\/06\/26\/les-golfeurs-tunisiens-aux-jeux-mediterraneens-de-tarragone\/#primaryimage"},"thumbnailUrl":"","datePublished":"2018-06-26T12:47:15+00:00","dateModified":"2018-06-26T12:47:50+00:00","breadcrumb":{"@id":"https:\/\/kapitalis.com\/tunisie\/2018\/06\/26\/les-golfeurs-tunisiens-aux-jeux-mediterraneens-de-tarragone\/#breadcrumb"},"inLanguage":"fr-FR","potentialAction":[{"@type":"ReadAction","target":["https:\/\/kapitalis.com\/tunisie\/2018\/06\/26\/les-golfeurs-tunisiens-aux-jeux-mediterraneens-de-tarragone\/"]}]},{"@type":"ImageObject","inLanguage":"fr-FR","@id":"https:\/\/kapitalis.com\/tunisie\/2018\/06\/26\/les-golfeurs-tunisiens-aux-jeux-mediterraneens-de-tarragone\/#primaryimage","url":"","contentUrl":""},{"@type":"BreadcrumbList","@id":"https:\/\/kapitalis.com\/tunisie\/2018\/06\/26\/les-golfeurs-tunisiens-aux-jeux-mediterraneens-de-tarragone\/#breadcrumb","itemListElement":[{"@type":"ListItem","position":1,"name":"Accueil","item":"https:\/\/kapitalis.com\/tunisie\/"},{"@type":"ListItem","position":2,"name":"Les golfeurs tunisiens aux Jeux m\u00e9diterran\u00e9ens de Tarragone"}]},{"@type":"WebSite","@id":"https:\/\/kapitalis.com\/tunisie\/#website","url":"https:\/\/kapitalis.com\/tunisie\/","name":"Kapitalis","description":"L&#039;actualit\u00e9 en Tunisie et dans le monde","publisher":{"@id":"https:\/\/kapitalis.com\/tunisie\/#organization"},"potentialAction":[{"@type":"SearchAction","target":{"@type":"EntryPoint","urlTemplate":"https:\/\/kapitalis.com\/tunisie\/?s={search_term_string}"},"query-input":{"@type":"PropertyValueSpecification","valueRequired":true,"valueName":"search_term_string"}}],"inLanguage":"fr-FR"},{"@type":"Organization","@id":"https:\/\/kapitalis.com\/tunisie\/#organization","name":"Kapitalis","url":"https:\/\/kapitalis.com\/tunisie\/","logo":{"@type":"ImageObject","inLanguage":"fr-FR","@id":"https:\/\/kapitalis.com\/tunisie\/#\/schema\/logo\/image\/","url":"https:\/\/kapitalis.com\/tunisie\/wp-content\/uploads\/2022\/05\/Kapitalis-big-size.png","contentUrl":"https:\/\/kapitalis.com\/tunisie\/wp-content\/uploads\/2022\/05\/Kapitalis-big-size.png","width":5000,"height":1500,"caption":"Kapitalis"},"image":{"@id":"https:\/\/kapitalis.com\/tunisie\/#\/schema\/logo\/image\/"},"sameAs":["https:\/\/www.facebook.com\/KapitalisInfo\/","https:\/\/x.com\/KapitalisInfo","https:\/\/www.youtube.com\/channel\/UC-yDYrHyfFBWWZaOw3FPg9Q"]},{"@type":"Person","@id":"https:\/\/kapitalis.com\/tunisie\/#\/schema\/person\/d71f33a9ca44f7bad4698210b480c8e9","name":"webmaster kapitalis","url":"https:\/\/kapitalis.com\/tunisie\/author\/webmaster-kapitalis\/"}]}},"_links":{"self":[{"href":"https:\/\/kapitalis.com\/tunisie\/wp-json\/wp\/v2\/posts\/161620","targetHints":{"allow":["GET"]}}],"collection":[{"href":"https:\/\/kapitalis.com\/tunisie\/wp-json\/wp\/v2\/posts"}],"about":[{"href":"https:\/\/kapitalis.com\/tunisie\/wp-json\/wp\/v2\/types\/post"}],"author":[{"embeddable":true,"href":"https:\/\/kapitalis.com\/tunisie\/wp-json\/wp\/v2\/users\/8"}],"replies":[{"embeddable":true,"href":"https:\/\/kapitalis.com\/tunisie\/wp-json\/wp\/v2\/comments?post=161620"}],"version-history":[{"count":0,"href":"https:\/\/kapitalis.com\/tunisie\/wp-json\/wp\/v2\/posts\/161620\/revisions"}],"wp:featuredmedia":[{"embeddable":true,"href":"https:\/\/kapitalis.com\/tunisie\/wp-json\/wp\/v2\/media\/161623"}],"wp:attachment":[{"href":"https:\/\/kapitalis.com\/tunisie\/wp-json\/wp\/v2\/media?parent=161620"}],"wp:term":[{"taxonomy":"category","embeddable":true,"href":"https:\/\/kapitalis.com\/tunisie\/wp-json\/wp\/v2\/categories?post=161620"},{"taxonomy":"post_tag","embeddable":true,"href":"https:\/\/kapitalis.com\/tunisie\/wp-json\/wp\/v2\/tags?post=161620"}],"curies":[{"name":"wp","href":"https:\/\/api.w.org\/{rel}","templated":true}]}}