{"id":161734,"date":"2018-06-27T07:57:42","date_gmt":"2018-06-27T06:57:42","guid":{"rendered":"http:\/\/kapitalis.com\/tunisie\/?p=161734"},"modified":"2018-06-27T08:00:56","modified_gmt":"2018-06-27T07:00:56","slug":"le-ministre-ghazi-jeribi-va-porter-plainte-contre-le-depute-yassine-ayari","status":"publish","type":"post","link":"https:\/\/kapitalis.com\/tunisie\/2018\/06\/27\/le-ministre-ghazi-jeribi-va-porter-plainte-contre-le-depute-yassine-ayari\/","title":{"rendered":"Le ministre Ghazi Jeribi va porter plainte contre le d\u00e9put\u00e9 Yassine Ayari"},"content":{"rendered":"<p style=\"text-align: center;\"><img loading=\"lazy\" decoding=\"async\" class=\"alignnone size-full wp-image-161735\" src=\"http:\/\/kapitalis.com\/tunisie\/wp-content\/uploads\/2018\/06\/Yassine-Ayari-Ghazi-Jeribi.jpg\" alt=\"\" width=\"626\" height=\"380\" \/><\/p>\n<p><em><strong>Le ministre de la Justice et de l\u2019Int\u00e9rieur par int\u00e9rim, Ghazi Jeribi, n\u2019a pas laiss\u00e9 tra\u00eener les choses et la pol\u00e9mique enfler davantage \u00e0 ses d\u00e9pens : il a, en effet, d\u00e9cid\u00e9 de porter plainte contre le d\u00e9put\u00e9 Yassine Ayari, pour diffusion de fausses nouvelles et atteinte \u00e0 sa r\u00e9putation.<\/strong> <\/em><\/p>\n<p><!--more--><\/p>\n<p>Le d\u00e9put\u00e9, r\u00e9put\u00e9 pour ses \u00e9carts de langage et ses attaques fr\u00e9quentes contre les responsables politiques, avait \u00e9crit sur sa page Facebook que Ghazi Jeribi poss\u00e8de une montre luxueuse de la marque Rolex, l\u2019une des plus ch\u00e8res du march\u00e9.<\/p>\n<p><a href=\"http:\/\/www.assabahnews.tn\/article\/186679\/%D8%AE%D8%A7%D8%B5-%D8%A8%D8%B9%D8%AF-%D8%A7%D9%86-%D8%A7%D8%AA%D9%87%D9%85%D9%87-%D8%A8%D8%AD%D9%8A%D8%A7%D8%B2%D8%A9-%D8%B3%D8%A7%D8%B9%D8%A9-%D8%A8%D8%A7%D9%87%D8%B6%D8%A9-%D8%A7%D9%84%D8%AB%D9%85%D9%86%D9%88%D8%B2%D9%8A%D8%B1-%D8%A7%D9%84%D8%B9%D8%AF%D9%84-%D9%88%D9%88%D8%B2%D9%8A%D8%B1-%D8%A7%D9%84%D8%AF%D8%A7%D8%AE%D9%84%D9%8A%D8%A9-%D8%A8%D8%A7%D9%84%D9%86%D9%8A%D8%A7%D8%A8%D8%A9-%D9%8A%D9%82%D8%B1%D9%91%D8%B1\">\u2018\u2018Assabah News\u2019\u2019<\/a>, citant une source s\u00fbre, a d\u00e9menti cette information et affirm\u00e9 que le ministre Jeribi porte une montre banale qu\u2019il n\u2019a pas chang\u00e9e depuis 5 ans.<\/p>\n<p><em>\u2018\u2018Assabah News\u2019\u2019<\/em>, citant la m\u00eame source, a ajout\u00e9 que M. Jeribi a d\u00e9cid\u00e9 de porter plainte contre le M. Ayari pour diffamation et propagation de fausses nouvelles portant atteinte \u00e0 sa r\u00e9putation. Il a pris cette d\u00e9cision parce que qu\u2019il ne s\u2019agit pas d\u2019un post publi\u00e9 par un simple citoyen, auquel cas il n\u2019aurait pas r\u00e9agi, mais par un repr\u00e9sentant du peuple.<\/p>\n<p>Ghazi Jeribi a \u00e9t\u00e9 tr\u00e8s r\u00e9actif et rapide \u00e0 la d\u00e9tente. S&rsquo;il avait ignor\u00e9 l&rsquo;attaque ou aurait tard\u00e9 \u00e0 r\u00e9agir et \u00e0 porter plainte, la pol\u00e9mique aurait enfl\u00e9, sa r\u00e9putation aurait \u00e9t\u00e9 ternie et M. Ayari aurait marqu\u00e9 un point et aurait atteint son but, \u00e0 savoir salir et discr\u00e9diter Ghazi Jribi, un pilier du gouvernement, et par ricochet le chef du gouvernement, Youssef Chahed, son c\u0153ur de cible, comme disent les experts en marketing.<\/p>\n<p style=\"text-align: right;\"><strong>I. B.<\/strong><\/p>\n<blockquote class=\"wp-embedded-content\" data-secret=\"jrS6ndHkZM\"><p><a href=\"https:\/\/kapitalis.com\/tunisie\/2018\/04\/25\/clash-entre-yassine-ayari-et-un-depute-ennahdha-a-lassemblee\/\">Clash entre Yassine Ayari et un d\u00e9put\u00e9 Ennahdha \u00e0 l&rsquo;Assembl\u00e9e<\/a><\/p><\/blockquote>\n<p><iframe loading=\"lazy\" class=\"wp-embedded-content\" sandbox=\"allow-scripts\" security=\"restricted\" style=\"position: absolute; clip: rect(1px, 1px, 1px, 1px);\" title=\"\u00ab\u00a0Clash entre Yassine Ayari et un d\u00e9put\u00e9 Ennahdha \u00e0 l&rsquo;Assembl\u00e9e\u00a0\u00bb &#8212; Kapitalis\" src=\"https:\/\/kapitalis.com\/tunisie\/2018\/04\/25\/clash-entre-yassine-ayari-et-un-depute-ennahdha-a-lassemblee\/embed\/#?secret=L9WgyJU1yg#?secret=jrS6ndHkZM\" data-secret=\"jrS6ndHkZM\" width=\"600\" height=\"338\" frameborder=\"0\" marginwidth=\"0\" marginheight=\"0\" scrolling=\"no\"><\/iframe><\/p>\n<blockquote class=\"wp-embedded-content\" data-secret=\"x0hk63MAHy\"><p><a href=\"https:\/\/kapitalis.com\/tunisie\/2018\/04\/12\/tunisie-politique-yassine-ayari-a-hatem-ben-salem-je-suis-votre-patron\/\">Tunisie-Politique : Yassine Ayari \u00e0 Hatem Ben Salem : Je suis votre patron !<\/a><\/p><\/blockquote>\n<p><iframe loading=\"lazy\" class=\"wp-embedded-content\" sandbox=\"allow-scripts\" security=\"restricted\" style=\"position: absolute; clip: rect(1px, 1px, 1px, 1px);\" title=\"\u00ab\u00a0Tunisie-Politique : Yassine Ayari \u00e0 Hatem Ben Salem : Je suis votre patron !\u00a0\u00bb &#8212; Kapitalis\" src=\"https:\/\/kapitalis.com\/tunisie\/2018\/04\/12\/tunisie-politique-yassine-ayari-a-hatem-ben-salem-je-suis-votre-patron\/embed\/#?secret=2nsE7E6TAp#?secret=x0hk63MAHy\" data-secret=\"x0hk63MAHy\" width=\"600\" height=\"338\" frameborder=\"0\" marginwidth=\"0\" marginheight=\"0\" scrolling=\"no\"><\/iframe><\/p>\n<blockquote class=\"wp-embedded-content\" data-secret=\"fWxY1DlY5v\"><p><a href=\"https:\/\/kapitalis.com\/tunisie\/2018\/02\/11\/yassine-ayari-a-lassemblee-nez-a-barbe-de-republique\/\">Yassine Ayari \u00e0 l\u2019Assembl\u00e9e : Au nez et \u00e0 la barbe de la r\u00e9publique<\/a><\/p><\/blockquote>\n<p><iframe loading=\"lazy\" class=\"wp-embedded-content\" sandbox=\"allow-scripts\" security=\"restricted\" style=\"position: absolute; clip: rect(1px, 1px, 1px, 1px);\" title=\"\u00ab\u00a0Yassine Ayari \u00e0 l\u2019Assembl\u00e9e : Au nez et \u00e0 la barbe de la r\u00e9publique\u00a0\u00bb &#8212; Kapitalis\" src=\"https:\/\/kapitalis.com\/tunisie\/2018\/02\/11\/yassine-ayari-a-lassemblee-nez-a-barbe-de-republique\/embed\/#?secret=tSx94l3Ty6#?secret=fWxY1DlY5v\" data-secret=\"fWxY1DlY5v\" width=\"600\" height=\"338\" frameborder=\"0\" marginwidth=\"0\" marginheight=\"0\" scrolling=\"no\"><\/iframe><\/p>\n","protected":false},"excerpt":{"rendered":"<p>Le ministre de la Justice et de l\u2019Int\u00e9rieur par int\u00e9rim, Ghazi Jeribi, n\u2019a pas laiss\u00e9 tra\u00eener les choses et la pol\u00e9mique enfler davantage \u00e0 ses d\u00e9pens : il a, en effet, d\u00e9cid\u00e9 de porter plainte contre le d\u00e9put\u00e9 Yassine Ayari, pour diffusion de fausses nouvelles et atteinte \u00e0 sa r\u00e9putation.<\/p>\n","protected":false},"author":8,"featured_media":161735,"comment_status":"open","ping_status":"open","sticky":false,"template":"","format":"standard","meta":{"footnotes":""},"categories":[997,2433],"tags":[22316,971],"class_list":["post-161734","post","type-post","status-publish","format-standard","has-post-thumbnail","hentry","category-politique","category-tunisie","tag-ghazi-jeribi","tag-yassine-ayari"],"yoast_head":"<!-- This site is optimized with the Yoast SEO plugin v26.6 - https:\/\/yoast.com\/wordpress\/plugins\/seo\/ -->\n<title>Le ministre Ghazi Jeribi va porter plainte contre le d\u00e9put\u00e9 Yassine Ayari - Kapitalis<\/title>\n<meta name=\"robots\" content=\"index, follow, max-snippet:-1, max-image-preview:large, max-video-preview:-1\" \/>\n<link rel=\"canonical\" href=\"https:\/\/kapitalis.com\/tunisie\/2018\/06\/27\/le-ministre-ghazi-jeribi-va-porter-plainte-contre-le-depute-yassine-ayari\/\" \/>\n<meta property=\"og:locale\" content=\"fr_FR\" \/>\n<meta property=\"og:type\" content=\"article\" \/>\n<meta property=\"og:title\" content=\"Le ministre Ghazi Jeribi va porter plainte contre le d\u00e9put\u00e9 Yassine Ayari - Kapitalis\" \/>\n<meta property=\"og:description\" content=\"Le ministre de la Justice et de l\u2019Int\u00e9rieur par int\u00e9rim, Ghazi Jeribi, n\u2019a pas laiss\u00e9 tra\u00eener les choses et la pol\u00e9mique enfler davantage \u00e0 ses d\u00e9pens : il a, en effet, d\u00e9cid\u00e9 de porter plainte contre le d\u00e9put\u00e9 Yassine Ayari, pour diffusion de fausses nouvelles et atteinte \u00e0 sa r\u00e9putation.\" \/>\n<meta property=\"og:url\" content=\"https:\/\/kapitalis.com\/tunisie\/2018\/06\/27\/le-ministre-ghazi-jeribi-va-porter-plainte-contre-le-depute-yassine-ayari\/\" \/>\n<meta property=\"og:site_name\" content=\"Kapitalis\" \/>\n<meta property=\"article:publisher\" content=\"https:\/\/www.facebook.com\/KapitalisInfo\/\" \/>\n<meta property=\"article:published_time\" content=\"2018-06-27T06:57:42+00:00\" \/>\n<meta property=\"article:modified_time\" content=\"2018-06-27T07:00:56+00:00\" \/>\n<meta property=\"og:image\" content=\"https:\/\/kapitalis.com\/tunisie\/wp-content\/uploads\/2022\/05\/kapitalis-logo-fb.png\" \/>\n\t<meta property=\"og:image:width\" content=\"1200\" \/>\n\t<meta property=\"og:image:height\" content=\"630\" \/>\n\t<meta property=\"og:image:type\" content=\"image\/png\" \/>\n<meta name=\"author\" content=\"webmaster kapitalis\" \/>\n<meta name=\"twitter:card\" content=\"summary_large_image\" \/>\n<meta name=\"twitter:creator\" content=\"@KapitalisInfo\" \/>\n<meta name=\"twitter:site\" content=\"@KapitalisInfo\" \/>\n<meta name=\"twitter:label1\" content=\"\u00c9crit par\" \/>\n\t<meta name=\"twitter:data1\" content=\"webmaster kapitalis\" \/>\n\t<meta name=\"twitter:label2\" content=\"Dur\u00e9e de lecture estim\u00e9e\" \/>\n\t<meta name=\"twitter:data2\" content=\"2 minutes\" \/>\n<script type=\"application\/ld+json\" class=\"yoast-schema-graph\">{\"@context\":\"https:\/\/schema.org\",\"@graph\":[{\"@type\":\"Article\",\"@id\":\"https:\/\/kapitalis.com\/tunisie\/2018\/06\/27\/le-ministre-ghazi-jeribi-va-porter-plainte-contre-le-depute-yassine-ayari\/#article\",\"isPartOf\":{\"@id\":\"https:\/\/kapitalis.com\/tunisie\/2018\/06\/27\/le-ministre-ghazi-jeribi-va-porter-plainte-contre-le-depute-yassine-ayari\/\"},\"author\":{\"name\":\"webmaster kapitalis\",\"@id\":\"https:\/\/kapitalis.com\/tunisie\/#\/schema\/person\/d71f33a9ca44f7bad4698210b480c8e9\"},\"headline\":\"Le ministre Ghazi Jeribi va porter plainte contre le d\u00e9put\u00e9 Yassine Ayari\",\"datePublished\":\"2018-06-27T06:57:42+00:00\",\"dateModified\":\"2018-06-27T07:00:56+00:00\",\"mainEntityOfPage\":{\"@id\":\"https:\/\/kapitalis.com\/tunisie\/2018\/06\/27\/le-ministre-ghazi-jeribi-va-porter-plainte-contre-le-depute-yassine-ayari\/\"},\"wordCount\":313,\"commentCount\":1,\"publisher\":{\"@id\":\"https:\/\/kapitalis.com\/tunisie\/#organization\"},\"image\":{\"@id\":\"https:\/\/kapitalis.com\/tunisie\/2018\/06\/27\/le-ministre-ghazi-jeribi-va-porter-plainte-contre-le-depute-yassine-ayari\/#primaryimage\"},\"thumbnailUrl\":\"\",\"keywords\":[\"Ghazi Jeribi\",\"Yassine Ayari\"],\"articleSection\":[\"POLITIQUE\",\"Tunisie\"],\"inLanguage\":\"fr-FR\",\"potentialAction\":[{\"@type\":\"CommentAction\",\"name\":\"Comment\",\"target\":[\"https:\/\/kapitalis.com\/tunisie\/2018\/06\/27\/le-ministre-ghazi-jeribi-va-porter-plainte-contre-le-depute-yassine-ayari\/#respond\"]}]},{\"@type\":\"WebPage\",\"@id\":\"https:\/\/kapitalis.com\/tunisie\/2018\/06\/27\/le-ministre-ghazi-jeribi-va-porter-plainte-contre-le-depute-yassine-ayari\/\",\"url\":\"https:\/\/kapitalis.com\/tunisie\/2018\/06\/27\/le-ministre-ghazi-jeribi-va-porter-plainte-contre-le-depute-yassine-ayari\/\",\"name\":\"Le ministre Ghazi Jeribi va porter plainte contre le d\u00e9put\u00e9 Yassine Ayari - Kapitalis\",\"isPartOf\":{\"@id\":\"https:\/\/kapitalis.com\/tunisie\/#website\"},\"primaryImageOfPage\":{\"@id\":\"https:\/\/kapitalis.com\/tunisie\/2018\/06\/27\/le-ministre-ghazi-jeribi-va-porter-plainte-contre-le-depute-yassine-ayari\/#primaryimage\"},\"image\":{\"@id\":\"https:\/\/kapitalis.com\/tunisie\/2018\/06\/27\/le-ministre-ghazi-jeribi-va-porter-plainte-contre-le-depute-yassine-ayari\/#primaryimage\"},\"thumbnailUrl\":\"\",\"datePublished\":\"2018-06-27T06:57:42+00:00\",\"dateModified\":\"2018-06-27T07:00:56+00:00\",\"breadcrumb\":{\"@id\":\"https:\/\/kapitalis.com\/tunisie\/2018\/06\/27\/le-ministre-ghazi-jeribi-va-porter-plainte-contre-le-depute-yassine-ayari\/#breadcrumb\"},\"inLanguage\":\"fr-FR\",\"potentialAction\":[{\"@type\":\"ReadAction\",\"target\":[\"https:\/\/kapitalis.com\/tunisie\/2018\/06\/27\/le-ministre-ghazi-jeribi-va-porter-plainte-contre-le-depute-yassine-ayari\/\"]}]},{\"@type\":\"ImageObject\",\"inLanguage\":\"fr-FR\",\"@id\":\"https:\/\/kapitalis.com\/tunisie\/2018\/06\/27\/le-ministre-ghazi-jeribi-va-porter-plainte-contre-le-depute-yassine-ayari\/#primaryimage\",\"url\":\"\",\"contentUrl\":\"\"},{\"@type\":\"BreadcrumbList\",\"@id\":\"https:\/\/kapitalis.com\/tunisie\/2018\/06\/27\/le-ministre-ghazi-jeribi-va-porter-plainte-contre-le-depute-yassine-ayari\/#breadcrumb\",\"itemListElement\":[{\"@type\":\"ListItem\",\"position\":1,\"name\":\"Accueil\",\"item\":\"https:\/\/kapitalis.com\/tunisie\/\"},{\"@type\":\"ListItem\",\"position\":2,\"name\":\"Le ministre Ghazi Jeribi va porter plainte contre le d\u00e9put\u00e9 Yassine Ayari\"}]},{\"@type\":\"WebSite\",\"@id\":\"https:\/\/kapitalis.com\/tunisie\/#website\",\"url\":\"https:\/\/kapitalis.com\/tunisie\/\",\"name\":\"Kapitalis\",\"description\":\"L&#039;actualit\u00e9 en Tunisie et dans le monde\",\"publisher\":{\"@id\":\"https:\/\/kapitalis.com\/tunisie\/#organization\"},\"potentialAction\":[{\"@type\":\"SearchAction\",\"target\":{\"@type\":\"EntryPoint\",\"urlTemplate\":\"https:\/\/kapitalis.com\/tunisie\/?s={search_term_string}\"},\"query-input\":{\"@type\":\"PropertyValueSpecification\",\"valueRequired\":true,\"valueName\":\"search_term_string\"}}],\"inLanguage\":\"fr-FR\"},{\"@type\":\"Organization\",\"@id\":\"https:\/\/kapitalis.com\/tunisie\/#organization\",\"name\":\"Kapitalis\",\"url\":\"https:\/\/kapitalis.com\/tunisie\/\",\"logo\":{\"@type\":\"ImageObject\",\"inLanguage\":\"fr-FR\",\"@id\":\"https:\/\/kapitalis.com\/tunisie\/#\/schema\/logo\/image\/\",\"url\":\"https:\/\/kapitalis.com\/tunisie\/wp-content\/uploads\/2022\/05\/Kapitalis-big-size.png\",\"contentUrl\":\"https:\/\/kapitalis.com\/tunisie\/wp-content\/uploads\/2022\/05\/Kapitalis-big-size.png\",\"width\":5000,\"height\":1500,\"caption\":\"Kapitalis\"},\"image\":{\"@id\":\"https:\/\/kapitalis.com\/tunisie\/#\/schema\/logo\/image\/\"},\"sameAs\":[\"https:\/\/www.facebook.com\/KapitalisInfo\/\",\"https:\/\/x.com\/KapitalisInfo\",\"https:\/\/www.youtube.com\/channel\/UC-yDYrHyfFBWWZaOw3FPg9Q\"]},{\"@type\":\"Person\",\"@id\":\"https:\/\/kapitalis.com\/tunisie\/#\/schema\/person\/d71f33a9ca44f7bad4698210b480c8e9\",\"name\":\"webmaster kapitalis\",\"url\":\"https:\/\/kapitalis.com\/tunisie\/author\/webmaster-kapitalis\/\"}]}<\/script>\n<!-- \/ Yoast SEO plugin. -->","yoast_head_json":{"title":"Le ministre Ghazi Jeribi va porter plainte contre le d\u00e9put\u00e9 Yassine Ayari - Kapitalis","robots":{"index":"index","follow":"follow","max-snippet":"max-snippet:-1","max-image-preview":"max-image-preview:large","max-video-preview":"max-video-preview:-1"},"canonical":"https:\/\/kapitalis.com\/tunisie\/2018\/06\/27\/le-ministre-ghazi-jeribi-va-porter-plainte-contre-le-depute-yassine-ayari\/","og_locale":"fr_FR","og_type":"article","og_title":"Le ministre Ghazi Jeribi va porter plainte contre le d\u00e9put\u00e9 Yassine Ayari - Kapitalis","og_description":"Le ministre de la Justice et de l\u2019Int\u00e9rieur par int\u00e9rim, Ghazi Jeribi, n\u2019a pas laiss\u00e9 tra\u00eener les choses et la pol\u00e9mique enfler davantage \u00e0 ses d\u00e9pens : il a, en effet, d\u00e9cid\u00e9 de porter plainte contre le d\u00e9put\u00e9 Yassine Ayari, pour diffusion de fausses nouvelles et atteinte \u00e0 sa r\u00e9putation.","og_url":"https:\/\/kapitalis.com\/tunisie\/2018\/06\/27\/le-ministre-ghazi-jeribi-va-porter-plainte-contre-le-depute-yassine-ayari\/","og_site_name":"Kapitalis","article_publisher":"https:\/\/www.facebook.com\/KapitalisInfo\/","article_published_time":"2018-06-27T06:57:42+00:00","article_modified_time":"2018-06-27T07:00:56+00:00","og_image":[{"width":1200,"height":630,"url":"https:\/\/kapitalis.com\/tunisie\/wp-content\/uploads\/2022\/05\/kapitalis-logo-fb.png","type":"image\/png"}],"author":"webmaster kapitalis","twitter_card":"summary_large_image","twitter_creator":"@KapitalisInfo","twitter_site":"@KapitalisInfo","twitter_misc":{"\u00c9crit par":"webmaster kapitalis","Dur\u00e9e de lecture estim\u00e9e":"2 minutes"},"schema":{"@context":"https:\/\/schema.org","@graph":[{"@type":"Article","@id":"https:\/\/kapitalis.com\/tunisie\/2018\/06\/27\/le-ministre-ghazi-jeribi-va-porter-plainte-contre-le-depute-yassine-ayari\/#article","isPartOf":{"@id":"https:\/\/kapitalis.com\/tunisie\/2018\/06\/27\/le-ministre-ghazi-jeribi-va-porter-plainte-contre-le-depute-yassine-ayari\/"},"author":{"name":"webmaster kapitalis","@id":"https:\/\/kapitalis.com\/tunisie\/#\/schema\/person\/d71f33a9ca44f7bad4698210b480c8e9"},"headline":"Le ministre Ghazi Jeribi va porter plainte contre le d\u00e9put\u00e9 Yassine Ayari","datePublished":"2018-06-27T06:57:42+00:00","dateModified":"2018-06-27T07:00:56+00:00","mainEntityOfPage":{"@id":"https:\/\/kapitalis.com\/tunisie\/2018\/06\/27\/le-ministre-ghazi-jeribi-va-porter-plainte-contre-le-depute-yassine-ayari\/"},"wordCount":313,"commentCount":1,"publisher":{"@id":"https:\/\/kapitalis.com\/tunisie\/#organization"},"image":{"@id":"https:\/\/kapitalis.com\/tunisie\/2018\/06\/27\/le-ministre-ghazi-jeribi-va-porter-plainte-contre-le-depute-yassine-ayari\/#primaryimage"},"thumbnailUrl":"","keywords":["Ghazi Jeribi","Yassine Ayari"],"articleSection":["POLITIQUE","Tunisie"],"inLanguage":"fr-FR","potentialAction":[{"@type":"CommentAction","name":"Comment","target":["https:\/\/kapitalis.com\/tunisie\/2018\/06\/27\/le-ministre-ghazi-jeribi-va-porter-plainte-contre-le-depute-yassine-ayari\/#respond"]}]},{"@type":"WebPage","@id":"https:\/\/kapitalis.com\/tunisie\/2018\/06\/27\/le-ministre-ghazi-jeribi-va-porter-plainte-contre-le-depute-yassine-ayari\/","url":"https:\/\/kapitalis.com\/tunisie\/2018\/06\/27\/le-ministre-ghazi-jeribi-va-porter-plainte-contre-le-depute-yassine-ayari\/","name":"Le ministre Ghazi Jeribi va porter plainte contre le d\u00e9put\u00e9 Yassine Ayari - Kapitalis","isPartOf":{"@id":"https:\/\/kapitalis.com\/tunisie\/#website"},"primaryImageOfPage":{"@id":"https:\/\/kapitalis.com\/tunisie\/2018\/06\/27\/le-ministre-ghazi-jeribi-va-porter-plainte-contre-le-depute-yassine-ayari\/#primaryimage"},"image":{"@id":"https:\/\/kapitalis.com\/tunisie\/2018\/06\/27\/le-ministre-ghazi-jeribi-va-porter-plainte-contre-le-depute-yassine-ayari\/#primaryimage"},"thumbnailUrl":"","datePublished":"2018-06-27T06:57:42+00:00","dateModified":"2018-06-27T07:00:56+00:00","breadcrumb":{"@id":"https:\/\/kapitalis.com\/tunisie\/2018\/06\/27\/le-ministre-ghazi-jeribi-va-porter-plainte-contre-le-depute-yassine-ayari\/#breadcrumb"},"inLanguage":"fr-FR","potentialAction":[{"@type":"ReadAction","target":["https:\/\/kapitalis.com\/tunisie\/2018\/06\/27\/le-ministre-ghazi-jeribi-va-porter-plainte-contre-le-depute-yassine-ayari\/"]}]},{"@type":"ImageObject","inLanguage":"fr-FR","@id":"https:\/\/kapitalis.com\/tunisie\/2018\/06\/27\/le-ministre-ghazi-jeribi-va-porter-plainte-contre-le-depute-yassine-ayari\/#primaryimage","url":"","contentUrl":""},{"@type":"BreadcrumbList","@id":"https:\/\/kapitalis.com\/tunisie\/2018\/06\/27\/le-ministre-ghazi-jeribi-va-porter-plainte-contre-le-depute-yassine-ayari\/#breadcrumb","itemListElement":[{"@type":"ListItem","position":1,"name":"Accueil","item":"https:\/\/kapitalis.com\/tunisie\/"},{"@type":"ListItem","position":2,"name":"Le ministre Ghazi Jeribi va porter plainte contre le d\u00e9put\u00e9 Yassine Ayari"}]},{"@type":"WebSite","@id":"https:\/\/kapitalis.com\/tunisie\/#website","url":"https:\/\/kapitalis.com\/tunisie\/","name":"Kapitalis","description":"L&#039;actualit\u00e9 en Tunisie et dans le monde","publisher":{"@id":"https:\/\/kapitalis.com\/tunisie\/#organization"},"potentialAction":[{"@type":"SearchAction","target":{"@type":"EntryPoint","urlTemplate":"https:\/\/kapitalis.com\/tunisie\/?s={search_term_string}"},"query-input":{"@type":"PropertyValueSpecification","valueRequired":true,"valueName":"search_term_string"}}],"inLanguage":"fr-FR"},{"@type":"Organization","@id":"https:\/\/kapitalis.com\/tunisie\/#organization","name":"Kapitalis","url":"https:\/\/kapitalis.com\/tunisie\/","logo":{"@type":"ImageObject","inLanguage":"fr-FR","@id":"https:\/\/kapitalis.com\/tunisie\/#\/schema\/logo\/image\/","url":"https:\/\/kapitalis.com\/tunisie\/wp-content\/uploads\/2022\/05\/Kapitalis-big-size.png","contentUrl":"https:\/\/kapitalis.com\/tunisie\/wp-content\/uploads\/2022\/05\/Kapitalis-big-size.png","width":5000,"height":1500,"caption":"Kapitalis"},"image":{"@id":"https:\/\/kapitalis.com\/tunisie\/#\/schema\/logo\/image\/"},"sameAs":["https:\/\/www.facebook.com\/KapitalisInfo\/","https:\/\/x.com\/KapitalisInfo","https:\/\/www.youtube.com\/channel\/UC-yDYrHyfFBWWZaOw3FPg9Q"]},{"@type":"Person","@id":"https:\/\/kapitalis.com\/tunisie\/#\/schema\/person\/d71f33a9ca44f7bad4698210b480c8e9","name":"webmaster kapitalis","url":"https:\/\/kapitalis.com\/tunisie\/author\/webmaster-kapitalis\/"}]}},"_links":{"self":[{"href":"https:\/\/kapitalis.com\/tunisie\/wp-json\/wp\/v2\/posts\/161734","targetHints":{"allow":["GET"]}}],"collection":[{"href":"https:\/\/kapitalis.com\/tunisie\/wp-json\/wp\/v2\/posts"}],"about":[{"href":"https:\/\/kapitalis.com\/tunisie\/wp-json\/wp\/v2\/types\/post"}],"author":[{"embeddable":true,"href":"https:\/\/kapitalis.com\/tunisie\/wp-json\/wp\/v2\/users\/8"}],"replies":[{"embeddable":true,"href":"https:\/\/kapitalis.com\/tunisie\/wp-json\/wp\/v2\/comments?post=161734"}],"version-history":[{"count":0,"href":"https:\/\/kapitalis.com\/tunisie\/wp-json\/wp\/v2\/posts\/161734\/revisions"}],"wp:featuredmedia":[{"embeddable":true,"href":"https:\/\/kapitalis.com\/tunisie\/wp-json\/wp\/v2\/media\/161735"}],"wp:attachment":[{"href":"https:\/\/kapitalis.com\/tunisie\/wp-json\/wp\/v2\/media?parent=161734"}],"wp:term":[{"taxonomy":"category","embeddable":true,"href":"https:\/\/kapitalis.com\/tunisie\/wp-json\/wp\/v2\/categories?post=161734"},{"taxonomy":"post_tag","embeddable":true,"href":"https:\/\/kapitalis.com\/tunisie\/wp-json\/wp\/v2\/tags?post=161734"}],"curies":[{"name":"wp","href":"https:\/\/api.w.org\/{rel}","templated":true}]}}