{"id":162170,"date":"2018-06-29T14:20:15","date_gmt":"2018-06-29T13:20:15","guid":{"rendered":"http:\/\/kapitalis.com\/tunisie\/?p=162170"},"modified":"2018-06-29T14:23:47","modified_gmt":"2018-06-29T13:23:47","slug":"soutien-a-belhaj-hmida-zitoun-se-dit-victime-de-campagne-de-diffamation","status":"publish","type":"post","link":"https:\/\/kapitalis.com\/tunisie\/2018\/06\/29\/soutien-a-belhaj-hmida-zitoun-se-dit-victime-de-campagne-de-diffamation\/","title":{"rendered":"Soutien \u00e0 Belhaj Hmida : Zitoun se dit victime de campagne de diffamation"},"content":{"rendered":"<p style=\"text-align: center;\"><img loading=\"lazy\" decoding=\"async\" class=\"alignnone size-full wp-image-2901\" src=\"http:\/\/kapitalis.com\/tunisie\/wp-content\/uploads\/2015\/06\/Lotfi-Zitoun.jpg\" alt=\"\" width=\"626\" height=\"380\" \/><\/p>\n<p><em><strong>Lotfi Zitoun, dirigeant du mouvement islamiste Ennahdha, se dit victime d&rsquo;une campagne de diffamation lanc\u00e9e \u00e0 la fois par des modernistes progressistes et des extr\u00e9mistes religieux.<\/strong><\/em><!--more--><\/p>\n<p>Le dirigeant islamiste, qui est pass\u00e9 sans transition de l&rsquo;extr\u00e9misme religieux pur et dur \u00e0 la d\u00e9fense des libert\u00e9s individuelles, avait apport\u00e9 son soutien \u00e0 Bochra Belhaj Hmida, d\u00e9put\u00e9e et pr\u00e9sidente de la Commission des libert\u00e9s individuelles et de l&rsquo;\u00e9galit\u00e9 (Colibe), victime de menaces et d&rsquo;attaques lanc\u00e9es \u00e0 son encontre par des extr\u00e9mistes religieux suite \u00e0 la publication de ses propositions pour am\u00e9liorer le cadre r\u00e9glementaire des libert\u00e9s en Tunisie.<\/p>\n<p>Ce soutien de Lotfi Zitoun \u00e0 Bochra Belhaj Hmida\u00a0n&rsquo;a pas \u00e9t\u00e9 du go\u00fbt de certains internautes qui ont lanc\u00e9 une campagne de diffamation sur les r\u00e9seaux sociaux contre le conseiller du pr\u00e9sident d&rsquo;Ennahdha, Rached Ghannouchi.<\/p>\n<p>Ces derniers se divisent, selon lui, en 2 cat\u00e9gories de personnes : les uns se prennent pour les avocats du modernisme et du progr\u00e8s et les autres se pr\u00e9sentent comme les d\u00e9fenseurs de l&rsquo;islam.<\/p>\n<p>\u00ab<em>Les premiers essaient de remettre en doute la cr\u00e9dibilit\u00e9 de notre combat pour la d\u00e9fense des libert\u00e9s. Ils doutent de la sinc\u00e9rit\u00e9 de notre d\u00e9fense des libert\u00e9s, croyant que ce domaine est de leur seul ressort, et estiment que nous cachons nos v\u00e9ritables intentions<\/em>\u00bb, a-t-il \u00e9crit dans un post publi\u00e9 sur son compte Facebook, hier, jeudi 28 juin 2018. \u00ab<em>La deuxi\u00e8me cat\u00e9gorie est la plus violente. Elle pr\u00e9tend d\u00e9fendre l&rsquo;islam en suivant la m\u00e9thode des menaces de violence, d&rsquo;accusation de m\u00e9cr\u00e9ance, de diffamation et d&rsquo;insultes vulgaires<\/em>\u00bb, a-t-il ajout\u00e9, par allusion aux extr\u00e9mistes religieux de son propre camp.<\/p>\n<p>Lotfi Zitoun estime que cette seconde cat\u00e9gorie ne fait, par son comportement, que d\u00e9former l&rsquo;image de l&rsquo;islam, en croyant le d\u00e9fendre.<\/p>\n<p>Reste que M. Zitoun semble avoir plus de probl\u00e8mes avec les individus de cette seconde cat\u00e9gorie, qui ne lui pardonnent pas d&rsquo;avoir tourn\u00e9 le dos \u00e0 l&rsquo;islamisme pur et dur dont il \u00e9tait longtemps l&rsquo;une des figures marquantes,\u00a0qu&rsquo;avec ceux de la premi\u00e8re cat\u00e9gorie, qui sont en droit de douter de la sinc\u00e9rit\u00e9 de ses r\u00e9centes positions, trop lib\u00e9rales pour \u00eatre sinc\u00e8res, surtout de la part d&rsquo;un islamiste.<\/p>\n<p style=\"text-align: right;\"><strong>E. B. A.<\/strong><\/p>\n<blockquote class=\"wp-embedded-content\" data-secret=\"6yGiX0yzmW\"><p><a href=\"https:\/\/kapitalis.com\/tunisie\/2018\/06\/27\/soutien-a-bochra-belhaj-hmida-menacee-et-attaquee-par-des-islamistes\/\">Soutien \u00e0 Bochra Belhaj Hmida, menac\u00e9e et attaqu\u00e9e par des islamistes<\/a><\/p><\/blockquote>\n<p><iframe loading=\"lazy\" class=\"wp-embedded-content\" sandbox=\"allow-scripts\" security=\"restricted\" style=\"position: absolute; clip: rect(1px, 1px, 1px, 1px);\" title=\"\u00ab\u00a0Soutien \u00e0 Bochra Belhaj Hmida, menac\u00e9e et attaqu\u00e9e par des islamistes\u00a0\u00bb &#8212; Kapitalis\" src=\"https:\/\/kapitalis.com\/tunisie\/2018\/06\/27\/soutien-a-bochra-belhaj-hmida-menacee-et-attaquee-par-des-islamistes\/embed\/#?secret=jgxrD2ONQ6#?secret=6yGiX0yzmW\" data-secret=\"6yGiX0yzmW\" width=\"600\" height=\"338\" frameborder=\"0\" marginwidth=\"0\" marginheight=\"0\" scrolling=\"no\"><\/iframe><\/p>\n<blockquote class=\"wp-embedded-content\" data-secret=\"249bjqhW3q\"><p><a href=\"https:\/\/kapitalis.com\/tunisie\/2018\/06\/08\/libertes-individuelles-et-egalite-la-colibe-remet-son-rapport\/\">Libert\u00e9s individuelles et \u00e9galit\u00e9 : La Colibe remet son rapport<\/a><\/p><\/blockquote>\n<p><iframe loading=\"lazy\" class=\"wp-embedded-content\" sandbox=\"allow-scripts\" security=\"restricted\" style=\"position: absolute; clip: rect(1px, 1px, 1px, 1px);\" title=\"\u00ab\u00a0Libert\u00e9s individuelles et \u00e9galit\u00e9 : La Colibe remet son rapport\u00a0\u00bb &#8212; Kapitalis\" src=\"https:\/\/kapitalis.com\/tunisie\/2018\/06\/08\/libertes-individuelles-et-egalite-la-colibe-remet-son-rapport\/embed\/#?secret=xK42ldV2Ll#?secret=249bjqhW3q\" data-secret=\"249bjqhW3q\" width=\"600\" height=\"338\" frameborder=\"0\" marginwidth=\"0\" marginheight=\"0\" scrolling=\"no\"><\/iframe><\/p>\n","protected":false},"excerpt":{"rendered":"<p>Lotfi Zitoun, dirigeant du mouvement islamiste Ennahdha, se dit victime d&rsquo;une campagne de diffamation lanc\u00e9e \u00e0 la fois par des modernistes progressistes et des extr\u00e9mistes religieux.<\/p>\n","protected":false},"author":16,"featured_media":0,"comment_status":"open","ping_status":"open","sticky":false,"template":"","format":"standard","meta":{"footnotes":""},"categories":[997,2433],"tags":[4576,40868,500,1311],"class_list":["post-162170","post","type-post","status-publish","format-standard","hentry","category-politique","category-tunisie","tag-bochra-belhaj-hmida","tag-colibe","tag-islam","tag-lotfi-zitoun"],"yoast_head":"<!-- This site is optimized with the Yoast SEO plugin v26.6 - https:\/\/yoast.com\/wordpress\/plugins\/seo\/ -->\n<title>Soutien \u00e0 Belhaj Hmida : Zitoun se dit victime de campagne de diffamation - Kapitalis<\/title>\n<meta name=\"robots\" content=\"index, follow, max-snippet:-1, max-image-preview:large, max-video-preview:-1\" \/>\n<link rel=\"canonical\" href=\"https:\/\/kapitalis.com\/tunisie\/2018\/06\/29\/soutien-a-belhaj-hmida-zitoun-se-dit-victime-de-campagne-de-diffamation\/\" \/>\n<meta property=\"og:locale\" content=\"fr_FR\" \/>\n<meta property=\"og:type\" content=\"article\" \/>\n<meta property=\"og:title\" content=\"Soutien \u00e0 Belhaj Hmida : Zitoun se dit victime de campagne de diffamation - Kapitalis\" \/>\n<meta property=\"og:description\" content=\"Lotfi Zitoun, dirigeant du mouvement islamiste Ennahdha, se dit victime d&rsquo;une campagne de diffamation lanc\u00e9e \u00e0 la fois par des modernistes progressistes et des extr\u00e9mistes religieux.\" \/>\n<meta property=\"og:url\" content=\"https:\/\/kapitalis.com\/tunisie\/2018\/06\/29\/soutien-a-belhaj-hmida-zitoun-se-dit-victime-de-campagne-de-diffamation\/\" \/>\n<meta property=\"og:site_name\" content=\"Kapitalis\" \/>\n<meta property=\"article:publisher\" content=\"https:\/\/www.facebook.com\/KapitalisInfo\/\" \/>\n<meta property=\"article:published_time\" content=\"2018-06-29T13:20:15+00:00\" \/>\n<meta property=\"article:modified_time\" content=\"2018-06-29T13:23:47+00:00\" \/>\n<meta property=\"og:image\" content=\"http:\/\/kapitalis.com\/tunisie\/wp-content\/uploads\/2015\/06\/Lotfi-Zitoun.jpg\" \/>\n<meta name=\"author\" content=\"emna benabdallah\" \/>\n<meta name=\"twitter:card\" content=\"summary_large_image\" \/>\n<meta name=\"twitter:creator\" content=\"@KapitalisInfo\" \/>\n<meta name=\"twitter:site\" content=\"@KapitalisInfo\" \/>\n<meta name=\"twitter:label1\" content=\"\u00c9crit par\" \/>\n\t<meta name=\"twitter:data1\" content=\"emna benabdallah\" \/>\n\t<meta name=\"twitter:label2\" content=\"Dur\u00e9e de lecture estim\u00e9e\" \/>\n\t<meta name=\"twitter:data2\" content=\"2 minutes\" \/>\n<script type=\"application\/ld+json\" class=\"yoast-schema-graph\">{\"@context\":\"https:\/\/schema.org\",\"@graph\":[{\"@type\":\"Article\",\"@id\":\"https:\/\/kapitalis.com\/tunisie\/2018\/06\/29\/soutien-a-belhaj-hmida-zitoun-se-dit-victime-de-campagne-de-diffamation\/#article\",\"isPartOf\":{\"@id\":\"https:\/\/kapitalis.com\/tunisie\/2018\/06\/29\/soutien-a-belhaj-hmida-zitoun-se-dit-victime-de-campagne-de-diffamation\/\"},\"author\":{\"name\":\"emna benabdallah\",\"@id\":\"https:\/\/kapitalis.com\/tunisie\/#\/schema\/person\/2c6e134b2f3369dffcd1daf5f087d28b\"},\"headline\":\"Soutien \u00e0 Belhaj Hmida : Zitoun se dit victime de campagne de diffamation\",\"datePublished\":\"2018-06-29T13:20:15+00:00\",\"dateModified\":\"2018-06-29T13:23:47+00:00\",\"mainEntityOfPage\":{\"@id\":\"https:\/\/kapitalis.com\/tunisie\/2018\/06\/29\/soutien-a-belhaj-hmida-zitoun-se-dit-victime-de-campagne-de-diffamation\/\"},\"wordCount\":413,\"commentCount\":2,\"publisher\":{\"@id\":\"https:\/\/kapitalis.com\/tunisie\/#organization\"},\"image\":{\"@id\":\"https:\/\/kapitalis.com\/tunisie\/2018\/06\/29\/soutien-a-belhaj-hmida-zitoun-se-dit-victime-de-campagne-de-diffamation\/#primaryimage\"},\"thumbnailUrl\":\"http:\/\/kapitalis.com\/tunisie\/wp-content\/uploads\/2015\/06\/Lotfi-Zitoun.jpg\",\"keywords\":[\"Bochra Belhaj Hmida\",\"Colibe\",\"islam\",\"Lotfi Zitoun\"],\"articleSection\":[\"POLITIQUE\",\"Tunisie\"],\"inLanguage\":\"fr-FR\",\"potentialAction\":[{\"@type\":\"CommentAction\",\"name\":\"Comment\",\"target\":[\"https:\/\/kapitalis.com\/tunisie\/2018\/06\/29\/soutien-a-belhaj-hmida-zitoun-se-dit-victime-de-campagne-de-diffamation\/#respond\"]}]},{\"@type\":\"WebPage\",\"@id\":\"https:\/\/kapitalis.com\/tunisie\/2018\/06\/29\/soutien-a-belhaj-hmida-zitoun-se-dit-victime-de-campagne-de-diffamation\/\",\"url\":\"https:\/\/kapitalis.com\/tunisie\/2018\/06\/29\/soutien-a-belhaj-hmida-zitoun-se-dit-victime-de-campagne-de-diffamation\/\",\"name\":\"Soutien \u00e0 Belhaj Hmida : Zitoun se dit victime de campagne de diffamation - Kapitalis\",\"isPartOf\":{\"@id\":\"https:\/\/kapitalis.com\/tunisie\/#website\"},\"primaryImageOfPage\":{\"@id\":\"https:\/\/kapitalis.com\/tunisie\/2018\/06\/29\/soutien-a-belhaj-hmida-zitoun-se-dit-victime-de-campagne-de-diffamation\/#primaryimage\"},\"image\":{\"@id\":\"https:\/\/kapitalis.com\/tunisie\/2018\/06\/29\/soutien-a-belhaj-hmida-zitoun-se-dit-victime-de-campagne-de-diffamation\/#primaryimage\"},\"thumbnailUrl\":\"http:\/\/kapitalis.com\/tunisie\/wp-content\/uploads\/2015\/06\/Lotfi-Zitoun.jpg\",\"datePublished\":\"2018-06-29T13:20:15+00:00\",\"dateModified\":\"2018-06-29T13:23:47+00:00\",\"breadcrumb\":{\"@id\":\"https:\/\/kapitalis.com\/tunisie\/2018\/06\/29\/soutien-a-belhaj-hmida-zitoun-se-dit-victime-de-campagne-de-diffamation\/#breadcrumb\"},\"inLanguage\":\"fr-FR\",\"potentialAction\":[{\"@type\":\"ReadAction\",\"target\":[\"https:\/\/kapitalis.com\/tunisie\/2018\/06\/29\/soutien-a-belhaj-hmida-zitoun-se-dit-victime-de-campagne-de-diffamation\/\"]}]},{\"@type\":\"ImageObject\",\"inLanguage\":\"fr-FR\",\"@id\":\"https:\/\/kapitalis.com\/tunisie\/2018\/06\/29\/soutien-a-belhaj-hmida-zitoun-se-dit-victime-de-campagne-de-diffamation\/#primaryimage\",\"url\":\"http:\/\/kapitalis.com\/tunisie\/wp-content\/uploads\/2015\/06\/Lotfi-Zitoun.jpg\",\"contentUrl\":\"http:\/\/kapitalis.com\/tunisie\/wp-content\/uploads\/2015\/06\/Lotfi-Zitoun.jpg\"},{\"@type\":\"BreadcrumbList\",\"@id\":\"https:\/\/kapitalis.com\/tunisie\/2018\/06\/29\/soutien-a-belhaj-hmida-zitoun-se-dit-victime-de-campagne-de-diffamation\/#breadcrumb\",\"itemListElement\":[{\"@type\":\"ListItem\",\"position\":1,\"name\":\"Accueil\",\"item\":\"https:\/\/kapitalis.com\/tunisie\/\"},{\"@type\":\"ListItem\",\"position\":2,\"name\":\"Soutien \u00e0 Belhaj Hmida : Zitoun se dit victime de campagne de diffamation\"}]},{\"@type\":\"WebSite\",\"@id\":\"https:\/\/kapitalis.com\/tunisie\/#website\",\"url\":\"https:\/\/kapitalis.com\/tunisie\/\",\"name\":\"Kapitalis\",\"description\":\"L&#039;actualit\u00e9 en Tunisie et dans le monde\",\"publisher\":{\"@id\":\"https:\/\/kapitalis.com\/tunisie\/#organization\"},\"potentialAction\":[{\"@type\":\"SearchAction\",\"target\":{\"@type\":\"EntryPoint\",\"urlTemplate\":\"https:\/\/kapitalis.com\/tunisie\/?s={search_term_string}\"},\"query-input\":{\"@type\":\"PropertyValueSpecification\",\"valueRequired\":true,\"valueName\":\"search_term_string\"}}],\"inLanguage\":\"fr-FR\"},{\"@type\":\"Organization\",\"@id\":\"https:\/\/kapitalis.com\/tunisie\/#organization\",\"name\":\"Kapitalis\",\"url\":\"https:\/\/kapitalis.com\/tunisie\/\",\"logo\":{\"@type\":\"ImageObject\",\"inLanguage\":\"fr-FR\",\"@id\":\"https:\/\/kapitalis.com\/tunisie\/#\/schema\/logo\/image\/\",\"url\":\"https:\/\/kapitalis.com\/tunisie\/wp-content\/uploads\/2022\/05\/Kapitalis-big-size.png\",\"contentUrl\":\"https:\/\/kapitalis.com\/tunisie\/wp-content\/uploads\/2022\/05\/Kapitalis-big-size.png\",\"width\":5000,\"height\":1500,\"caption\":\"Kapitalis\"},\"image\":{\"@id\":\"https:\/\/kapitalis.com\/tunisie\/#\/schema\/logo\/image\/\"},\"sameAs\":[\"https:\/\/www.facebook.com\/KapitalisInfo\/\",\"https:\/\/x.com\/KapitalisInfo\",\"https:\/\/www.youtube.com\/channel\/UC-yDYrHyfFBWWZaOw3FPg9Q\"]},{\"@type\":\"Person\",\"@id\":\"https:\/\/kapitalis.com\/tunisie\/#\/schema\/person\/2c6e134b2f3369dffcd1daf5f087d28b\",\"name\":\"emna benabdallah\",\"url\":\"https:\/\/kapitalis.com\/tunisie\/author\/emna\/\"}]}<\/script>\n<!-- \/ Yoast SEO plugin. -->","yoast_head_json":{"title":"Soutien \u00e0 Belhaj Hmida : Zitoun se dit victime de campagne de diffamation - Kapitalis","robots":{"index":"index","follow":"follow","max-snippet":"max-snippet:-1","max-image-preview":"max-image-preview:large","max-video-preview":"max-video-preview:-1"},"canonical":"https:\/\/kapitalis.com\/tunisie\/2018\/06\/29\/soutien-a-belhaj-hmida-zitoun-se-dit-victime-de-campagne-de-diffamation\/","og_locale":"fr_FR","og_type":"article","og_title":"Soutien \u00e0 Belhaj Hmida : Zitoun se dit victime de campagne de diffamation - Kapitalis","og_description":"Lotfi Zitoun, dirigeant du mouvement islamiste Ennahdha, se dit victime d&rsquo;une campagne de diffamation lanc\u00e9e \u00e0 la fois par des modernistes progressistes et des extr\u00e9mistes religieux.","og_url":"https:\/\/kapitalis.com\/tunisie\/2018\/06\/29\/soutien-a-belhaj-hmida-zitoun-se-dit-victime-de-campagne-de-diffamation\/","og_site_name":"Kapitalis","article_publisher":"https:\/\/www.facebook.com\/KapitalisInfo\/","article_published_time":"2018-06-29T13:20:15+00:00","article_modified_time":"2018-06-29T13:23:47+00:00","og_image":[{"url":"http:\/\/kapitalis.com\/tunisie\/wp-content\/uploads\/2015\/06\/Lotfi-Zitoun.jpg","type":"","width":"","height":""}],"author":"emna benabdallah","twitter_card":"summary_large_image","twitter_creator":"@KapitalisInfo","twitter_site":"@KapitalisInfo","twitter_misc":{"\u00c9crit par":"emna benabdallah","Dur\u00e9e de lecture estim\u00e9e":"2 minutes"},"schema":{"@context":"https:\/\/schema.org","@graph":[{"@type":"Article","@id":"https:\/\/kapitalis.com\/tunisie\/2018\/06\/29\/soutien-a-belhaj-hmida-zitoun-se-dit-victime-de-campagne-de-diffamation\/#article","isPartOf":{"@id":"https:\/\/kapitalis.com\/tunisie\/2018\/06\/29\/soutien-a-belhaj-hmida-zitoun-se-dit-victime-de-campagne-de-diffamation\/"},"author":{"name":"emna benabdallah","@id":"https:\/\/kapitalis.com\/tunisie\/#\/schema\/person\/2c6e134b2f3369dffcd1daf5f087d28b"},"headline":"Soutien \u00e0 Belhaj Hmida : Zitoun se dit victime de campagne de diffamation","datePublished":"2018-06-29T13:20:15+00:00","dateModified":"2018-06-29T13:23:47+00:00","mainEntityOfPage":{"@id":"https:\/\/kapitalis.com\/tunisie\/2018\/06\/29\/soutien-a-belhaj-hmida-zitoun-se-dit-victime-de-campagne-de-diffamation\/"},"wordCount":413,"commentCount":2,"publisher":{"@id":"https:\/\/kapitalis.com\/tunisie\/#organization"},"image":{"@id":"https:\/\/kapitalis.com\/tunisie\/2018\/06\/29\/soutien-a-belhaj-hmida-zitoun-se-dit-victime-de-campagne-de-diffamation\/#primaryimage"},"thumbnailUrl":"http:\/\/kapitalis.com\/tunisie\/wp-content\/uploads\/2015\/06\/Lotfi-Zitoun.jpg","keywords":["Bochra Belhaj Hmida","Colibe","islam","Lotfi Zitoun"],"articleSection":["POLITIQUE","Tunisie"],"inLanguage":"fr-FR","potentialAction":[{"@type":"CommentAction","name":"Comment","target":["https:\/\/kapitalis.com\/tunisie\/2018\/06\/29\/soutien-a-belhaj-hmida-zitoun-se-dit-victime-de-campagne-de-diffamation\/#respond"]}]},{"@type":"WebPage","@id":"https:\/\/kapitalis.com\/tunisie\/2018\/06\/29\/soutien-a-belhaj-hmida-zitoun-se-dit-victime-de-campagne-de-diffamation\/","url":"https:\/\/kapitalis.com\/tunisie\/2018\/06\/29\/soutien-a-belhaj-hmida-zitoun-se-dit-victime-de-campagne-de-diffamation\/","name":"Soutien \u00e0 Belhaj Hmida : Zitoun se dit victime de campagne de diffamation - Kapitalis","isPartOf":{"@id":"https:\/\/kapitalis.com\/tunisie\/#website"},"primaryImageOfPage":{"@id":"https:\/\/kapitalis.com\/tunisie\/2018\/06\/29\/soutien-a-belhaj-hmida-zitoun-se-dit-victime-de-campagne-de-diffamation\/#primaryimage"},"image":{"@id":"https:\/\/kapitalis.com\/tunisie\/2018\/06\/29\/soutien-a-belhaj-hmida-zitoun-se-dit-victime-de-campagne-de-diffamation\/#primaryimage"},"thumbnailUrl":"http:\/\/kapitalis.com\/tunisie\/wp-content\/uploads\/2015\/06\/Lotfi-Zitoun.jpg","datePublished":"2018-06-29T13:20:15+00:00","dateModified":"2018-06-29T13:23:47+00:00","breadcrumb":{"@id":"https:\/\/kapitalis.com\/tunisie\/2018\/06\/29\/soutien-a-belhaj-hmida-zitoun-se-dit-victime-de-campagne-de-diffamation\/#breadcrumb"},"inLanguage":"fr-FR","potentialAction":[{"@type":"ReadAction","target":["https:\/\/kapitalis.com\/tunisie\/2018\/06\/29\/soutien-a-belhaj-hmida-zitoun-se-dit-victime-de-campagne-de-diffamation\/"]}]},{"@type":"ImageObject","inLanguage":"fr-FR","@id":"https:\/\/kapitalis.com\/tunisie\/2018\/06\/29\/soutien-a-belhaj-hmida-zitoun-se-dit-victime-de-campagne-de-diffamation\/#primaryimage","url":"http:\/\/kapitalis.com\/tunisie\/wp-content\/uploads\/2015\/06\/Lotfi-Zitoun.jpg","contentUrl":"http:\/\/kapitalis.com\/tunisie\/wp-content\/uploads\/2015\/06\/Lotfi-Zitoun.jpg"},{"@type":"BreadcrumbList","@id":"https:\/\/kapitalis.com\/tunisie\/2018\/06\/29\/soutien-a-belhaj-hmida-zitoun-se-dit-victime-de-campagne-de-diffamation\/#breadcrumb","itemListElement":[{"@type":"ListItem","position":1,"name":"Accueil","item":"https:\/\/kapitalis.com\/tunisie\/"},{"@type":"ListItem","position":2,"name":"Soutien \u00e0 Belhaj Hmida : Zitoun se dit victime de campagne de diffamation"}]},{"@type":"WebSite","@id":"https:\/\/kapitalis.com\/tunisie\/#website","url":"https:\/\/kapitalis.com\/tunisie\/","name":"Kapitalis","description":"L&#039;actualit\u00e9 en Tunisie et dans le monde","publisher":{"@id":"https:\/\/kapitalis.com\/tunisie\/#organization"},"potentialAction":[{"@type":"SearchAction","target":{"@type":"EntryPoint","urlTemplate":"https:\/\/kapitalis.com\/tunisie\/?s={search_term_string}"},"query-input":{"@type":"PropertyValueSpecification","valueRequired":true,"valueName":"search_term_string"}}],"inLanguage":"fr-FR"},{"@type":"Organization","@id":"https:\/\/kapitalis.com\/tunisie\/#organization","name":"Kapitalis","url":"https:\/\/kapitalis.com\/tunisie\/","logo":{"@type":"ImageObject","inLanguage":"fr-FR","@id":"https:\/\/kapitalis.com\/tunisie\/#\/schema\/logo\/image\/","url":"https:\/\/kapitalis.com\/tunisie\/wp-content\/uploads\/2022\/05\/Kapitalis-big-size.png","contentUrl":"https:\/\/kapitalis.com\/tunisie\/wp-content\/uploads\/2022\/05\/Kapitalis-big-size.png","width":5000,"height":1500,"caption":"Kapitalis"},"image":{"@id":"https:\/\/kapitalis.com\/tunisie\/#\/schema\/logo\/image\/"},"sameAs":["https:\/\/www.facebook.com\/KapitalisInfo\/","https:\/\/x.com\/KapitalisInfo","https:\/\/www.youtube.com\/channel\/UC-yDYrHyfFBWWZaOw3FPg9Q"]},{"@type":"Person","@id":"https:\/\/kapitalis.com\/tunisie\/#\/schema\/person\/2c6e134b2f3369dffcd1daf5f087d28b","name":"emna benabdallah","url":"https:\/\/kapitalis.com\/tunisie\/author\/emna\/"}]}},"_links":{"self":[{"href":"https:\/\/kapitalis.com\/tunisie\/wp-json\/wp\/v2\/posts\/162170","targetHints":{"allow":["GET"]}}],"collection":[{"href":"https:\/\/kapitalis.com\/tunisie\/wp-json\/wp\/v2\/posts"}],"about":[{"href":"https:\/\/kapitalis.com\/tunisie\/wp-json\/wp\/v2\/types\/post"}],"author":[{"embeddable":true,"href":"https:\/\/kapitalis.com\/tunisie\/wp-json\/wp\/v2\/users\/16"}],"replies":[{"embeddable":true,"href":"https:\/\/kapitalis.com\/tunisie\/wp-json\/wp\/v2\/comments?post=162170"}],"version-history":[{"count":0,"href":"https:\/\/kapitalis.com\/tunisie\/wp-json\/wp\/v2\/posts\/162170\/revisions"}],"wp:attachment":[{"href":"https:\/\/kapitalis.com\/tunisie\/wp-json\/wp\/v2\/media?parent=162170"}],"wp:term":[{"taxonomy":"category","embeddable":true,"href":"https:\/\/kapitalis.com\/tunisie\/wp-json\/wp\/v2\/categories?post=162170"},{"taxonomy":"post_tag","embeddable":true,"href":"https:\/\/kapitalis.com\/tunisie\/wp-json\/wp\/v2\/tags?post=162170"}],"curies":[{"name":"wp","href":"https:\/\/api.w.org\/{rel}","templated":true}]}}