{"id":16222017,"date":"2025-04-18T19:49:58","date_gmt":"2025-04-18T18:49:58","guid":{"rendered":"https:\/\/kapitalis.com\/tunisie\/?p=16222017"},"modified":"2025-04-18T19:56:22","modified_gmt":"2025-04-18T18:56:22","slug":"enquete-suite-a-la-tentative-dincendie-dun-mausolee-a-kairouan","status":"publish","type":"post","link":"https:\/\/kapitalis.com\/tunisie\/2025\/04\/18\/enquete-suite-a-la-tentative-dincendie-dun-mausolee-a-kairouan\/","title":{"rendered":"Enqu\u00eate suite \u00e0 la tentative d&rsquo;incendie d&rsquo;un mausol\u00e9e \u00e0 Kairouan"},"content":{"rendered":"\n<p><em><strong>Dans la nuit de jeudi 17 \u00e0 vendredi 18 avril 2025, le mausol\u00e9e d\u2019Abi Arfa Cha\u00e2bi \u00e0 Kairouan a \u00e9t\u00e9 la cible d&rsquo;un incendie par des inconnus.<\/strong><\/em><\/p>\n\n\n\n<!--more-->\n\n\n\n<p>Selon la radio locale Sabra FM, l&rsquo;incident n&rsquo;a pas touch\u00e9 le tombeau du mausol\u00e9e et aucune victime n&rsquo;est \u00e0 d\u00e9plorer, toutefois, les flammes ont ravag\u00e9 la porte d&rsquo;entr\u00e9e du site situ\u00e9 au c\u0153ur du cimeti\u00e8re de la ville.<\/p>\n\n\n\n<p>Une enqu\u00eate a \u00e9t\u00e9 ouverte dans le but d&rsquo;identifier les auteurs de cet acte de vandalisme, ajoute la m\u00eame source.<\/p>\n\n\n\n<p>Notons que suite \u00e0 cet incident, des t\u00e9moins ont rapport\u00e9 que depuis un certain temps, des personnes suspectes fr\u00e9quentent les lieux. Les habitants ont par ailleurs point\u00e9 du doigt un manque de s\u00e9curit\u00e9 dans la zone.<\/p>\n\n\n\n<p class=\"has-text-align-right\"><strong>Y. N.<\/strong><\/p>\n","protected":false},"excerpt":{"rendered":"<p>Dans la nuit de jeudi 17 \u00e0 vendredi 18 avril 2025, le mausol\u00e9e d\u2019Abi Arfa Cha\u00e2bi \u00e0 Kairouan a \u00e9t\u00e9 la cible d&rsquo;un incendie par des inconnus.<\/p>\n","protected":false},"author":6,"featured_media":16222053,"comment_status":"open","ping_status":"open","sticky":false,"template":"","format":"standard","meta":{"footnotes":""},"categories":[998,2433],"tags":[121795,120096,1035,64557,69802,121796,62643],"class_list":["post-16222017","post","type-post","status-publish","format-standard","has-post-thumbnail","hentry","category-societe","category-tunisie","tag-abi-arfa-chaabi","tag-enquete-2","tag-incendie","tag-kairouan","tag-mausolee","tag-tombeau","tag-tunisie"],"yoast_head":"<!-- This site is optimized with the Yoast SEO plugin v26.6 - https:\/\/yoast.com\/wordpress\/plugins\/seo\/ -->\n<title>Enqu\u00eate suite \u00e0 la tentative d&#039;incendie d&#039;un mausol\u00e9e \u00e0 Kairouan - Kapitalis<\/title>\n<meta name=\"robots\" content=\"index, follow, max-snippet:-1, max-image-preview:large, max-video-preview:-1\" \/>\n<link rel=\"canonical\" href=\"https:\/\/kapitalis.com\/tunisie\/2025\/04\/18\/enquete-suite-a-la-tentative-dincendie-dun-mausolee-a-kairouan\/\" \/>\n<meta property=\"og:locale\" content=\"fr_FR\" \/>\n<meta property=\"og:type\" content=\"article\" \/>\n<meta property=\"og:title\" content=\"Enqu\u00eate suite \u00e0 la tentative d&#039;incendie d&#039;un mausol\u00e9e \u00e0 Kairouan - Kapitalis\" \/>\n<meta property=\"og:description\" content=\"Dans la nuit de jeudi 17 \u00e0 vendredi 18 avril 2025, le mausol\u00e9e d\u2019Abi Arfa Cha\u00e2bi \u00e0 Kairouan a \u00e9t\u00e9 la cible d&rsquo;un incendie par des inconnus.\" \/>\n<meta property=\"og:url\" content=\"https:\/\/kapitalis.com\/tunisie\/2025\/04\/18\/enquete-suite-a-la-tentative-dincendie-dun-mausolee-a-kairouan\/\" \/>\n<meta property=\"og:site_name\" content=\"Kapitalis\" \/>\n<meta property=\"article:publisher\" content=\"https:\/\/www.facebook.com\/KapitalisInfo\/\" \/>\n<meta property=\"article:published_time\" content=\"2025-04-18T18:49:58+00:00\" \/>\n<meta property=\"article:modified_time\" content=\"2025-04-18T18:56:22+00:00\" \/>\n<meta property=\"og:image\" content=\"https:\/\/kapitalis.com\/tunisie\/wp-content\/uploads\/2025\/04\/mausolee-kairouan.jpg\" \/>\n\t<meta property=\"og:image:width\" content=\"1200\" \/>\n\t<meta property=\"og:image:height\" content=\"630\" \/>\n\t<meta property=\"og:image:type\" content=\"image\/jpeg\" \/>\n<meta name=\"author\" content=\"Yusra NY\" \/>\n<meta name=\"twitter:card\" content=\"summary_large_image\" \/>\n<meta name=\"twitter:creator\" content=\"@KapitalisInfo\" \/>\n<meta name=\"twitter:site\" content=\"@KapitalisInfo\" \/>\n<meta name=\"twitter:label1\" content=\"\u00c9crit par\" \/>\n\t<meta name=\"twitter:data1\" content=\"Yusra NY\" \/>\n\t<meta name=\"twitter:label2\" content=\"Dur\u00e9e de lecture estim\u00e9e\" \/>\n\t<meta name=\"twitter:data2\" content=\"1 minute\" \/>\n<script type=\"application\/ld+json\" class=\"yoast-schema-graph\">{\"@context\":\"https:\/\/schema.org\",\"@graph\":[{\"@type\":\"Article\",\"@id\":\"https:\/\/kapitalis.com\/tunisie\/2025\/04\/18\/enquete-suite-a-la-tentative-dincendie-dun-mausolee-a-kairouan\/#article\",\"isPartOf\":{\"@id\":\"https:\/\/kapitalis.com\/tunisie\/2025\/04\/18\/enquete-suite-a-la-tentative-dincendie-dun-mausolee-a-kairouan\/\"},\"author\":{\"name\":\"Yusra NY\",\"@id\":\"https:\/\/kapitalis.com\/tunisie\/#\/schema\/person\/74bbde0154d49d790a92aaeac5bc01d5\"},\"headline\":\"Enqu\u00eate suite \u00e0 la tentative d&rsquo;incendie d&rsquo;un mausol\u00e9e \u00e0 Kairouan\",\"datePublished\":\"2025-04-18T18:49:58+00:00\",\"dateModified\":\"2025-04-18T18:56:22+00:00\",\"mainEntityOfPage\":{\"@id\":\"https:\/\/kapitalis.com\/tunisie\/2025\/04\/18\/enquete-suite-a-la-tentative-dincendie-dun-mausolee-a-kairouan\/\"},\"wordCount\":139,\"commentCount\":0,\"publisher\":{\"@id\":\"https:\/\/kapitalis.com\/tunisie\/#organization\"},\"image\":{\"@id\":\"https:\/\/kapitalis.com\/tunisie\/2025\/04\/18\/enquete-suite-a-la-tentative-dincendie-dun-mausolee-a-kairouan\/#primaryimage\"},\"thumbnailUrl\":\"https:\/\/kapitalis.com\/tunisie\/wp-content\/uploads\/2025\/04\/mausolee-kairouan.jpg\",\"keywords\":[\"Abi Arfa Cha\u00e2bi\",\"ENQU\u00caTE\",\"Incendie\",\"Kairouan\",\"mausol\u00e9e\",\"tombeau\",\"Tunisie\"],\"articleSection\":[\"SOCIETE\",\"Tunisie\"],\"inLanguage\":\"fr-FR\",\"potentialAction\":[{\"@type\":\"CommentAction\",\"name\":\"Comment\",\"target\":[\"https:\/\/kapitalis.com\/tunisie\/2025\/04\/18\/enquete-suite-a-la-tentative-dincendie-dun-mausolee-a-kairouan\/#respond\"]}]},{\"@type\":\"WebPage\",\"@id\":\"https:\/\/kapitalis.com\/tunisie\/2025\/04\/18\/enquete-suite-a-la-tentative-dincendie-dun-mausolee-a-kairouan\/\",\"url\":\"https:\/\/kapitalis.com\/tunisie\/2025\/04\/18\/enquete-suite-a-la-tentative-dincendie-dun-mausolee-a-kairouan\/\",\"name\":\"Enqu\u00eate suite \u00e0 la tentative d'incendie d'un mausol\u00e9e \u00e0 Kairouan - Kapitalis\",\"isPartOf\":{\"@id\":\"https:\/\/kapitalis.com\/tunisie\/#website\"},\"primaryImageOfPage\":{\"@id\":\"https:\/\/kapitalis.com\/tunisie\/2025\/04\/18\/enquete-suite-a-la-tentative-dincendie-dun-mausolee-a-kairouan\/#primaryimage\"},\"image\":{\"@id\":\"https:\/\/kapitalis.com\/tunisie\/2025\/04\/18\/enquete-suite-a-la-tentative-dincendie-dun-mausolee-a-kairouan\/#primaryimage\"},\"thumbnailUrl\":\"https:\/\/kapitalis.com\/tunisie\/wp-content\/uploads\/2025\/04\/mausolee-kairouan.jpg\",\"datePublished\":\"2025-04-18T18:49:58+00:00\",\"dateModified\":\"2025-04-18T18:56:22+00:00\",\"breadcrumb\":{\"@id\":\"https:\/\/kapitalis.com\/tunisie\/2025\/04\/18\/enquete-suite-a-la-tentative-dincendie-dun-mausolee-a-kairouan\/#breadcrumb\"},\"inLanguage\":\"fr-FR\",\"potentialAction\":[{\"@type\":\"ReadAction\",\"target\":[\"https:\/\/kapitalis.com\/tunisie\/2025\/04\/18\/enquete-suite-a-la-tentative-dincendie-dun-mausolee-a-kairouan\/\"]}]},{\"@type\":\"ImageObject\",\"inLanguage\":\"fr-FR\",\"@id\":\"https:\/\/kapitalis.com\/tunisie\/2025\/04\/18\/enquete-suite-a-la-tentative-dincendie-dun-mausolee-a-kairouan\/#primaryimage\",\"url\":\"https:\/\/kapitalis.com\/tunisie\/wp-content\/uploads\/2025\/04\/mausolee-kairouan.jpg\",\"contentUrl\":\"https:\/\/kapitalis.com\/tunisie\/wp-content\/uploads\/2025\/04\/mausolee-kairouan.jpg\",\"width\":1200,\"height\":630},{\"@type\":\"BreadcrumbList\",\"@id\":\"https:\/\/kapitalis.com\/tunisie\/2025\/04\/18\/enquete-suite-a-la-tentative-dincendie-dun-mausolee-a-kairouan\/#breadcrumb\",\"itemListElement\":[{\"@type\":\"ListItem\",\"position\":1,\"name\":\"Accueil\",\"item\":\"https:\/\/kapitalis.com\/tunisie\/\"},{\"@type\":\"ListItem\",\"position\":2,\"name\":\"Enqu\u00eate suite \u00e0 la tentative d&rsquo;incendie d&rsquo;un mausol\u00e9e \u00e0 Kairouan\"}]},{\"@type\":\"WebSite\",\"@id\":\"https:\/\/kapitalis.com\/tunisie\/#website\",\"url\":\"https:\/\/kapitalis.com\/tunisie\/\",\"name\":\"Kapitalis\",\"description\":\"L&#039;actualit\u00e9 en Tunisie et dans le monde\",\"publisher\":{\"@id\":\"https:\/\/kapitalis.com\/tunisie\/#organization\"},\"potentialAction\":[{\"@type\":\"SearchAction\",\"target\":{\"@type\":\"EntryPoint\",\"urlTemplate\":\"https:\/\/kapitalis.com\/tunisie\/?s={search_term_string}\"},\"query-input\":{\"@type\":\"PropertyValueSpecification\",\"valueRequired\":true,\"valueName\":\"search_term_string\"}}],\"inLanguage\":\"fr-FR\"},{\"@type\":\"Organization\",\"@id\":\"https:\/\/kapitalis.com\/tunisie\/#organization\",\"name\":\"Kapitalis\",\"url\":\"https:\/\/kapitalis.com\/tunisie\/\",\"logo\":{\"@type\":\"ImageObject\",\"inLanguage\":\"fr-FR\",\"@id\":\"https:\/\/kapitalis.com\/tunisie\/#\/schema\/logo\/image\/\",\"url\":\"https:\/\/kapitalis.com\/tunisie\/wp-content\/uploads\/2022\/05\/Kapitalis-big-size.png\",\"contentUrl\":\"https:\/\/kapitalis.com\/tunisie\/wp-content\/uploads\/2022\/05\/Kapitalis-big-size.png\",\"width\":5000,\"height\":1500,\"caption\":\"Kapitalis\"},\"image\":{\"@id\":\"https:\/\/kapitalis.com\/tunisie\/#\/schema\/logo\/image\/\"},\"sameAs\":[\"https:\/\/www.facebook.com\/KapitalisInfo\/\",\"https:\/\/x.com\/KapitalisInfo\",\"https:\/\/www.youtube.com\/channel\/UC-yDYrHyfFBWWZaOw3FPg9Q\"]},{\"@type\":\"Person\",\"@id\":\"https:\/\/kapitalis.com\/tunisie\/#\/schema\/person\/74bbde0154d49d790a92aaeac5bc01d5\",\"name\":\"Yusra NY\",\"url\":\"https:\/\/kapitalis.com\/tunisie\/author\/yuza_adam\/\"}]}<\/script>\n<!-- \/ Yoast SEO plugin. -->","yoast_head_json":{"title":"Enqu\u00eate suite \u00e0 la tentative d'incendie d'un mausol\u00e9e \u00e0 Kairouan - Kapitalis","robots":{"index":"index","follow":"follow","max-snippet":"max-snippet:-1","max-image-preview":"max-image-preview:large","max-video-preview":"max-video-preview:-1"},"canonical":"https:\/\/kapitalis.com\/tunisie\/2025\/04\/18\/enquete-suite-a-la-tentative-dincendie-dun-mausolee-a-kairouan\/","og_locale":"fr_FR","og_type":"article","og_title":"Enqu\u00eate suite \u00e0 la tentative d'incendie d'un mausol\u00e9e \u00e0 Kairouan - Kapitalis","og_description":"Dans la nuit de jeudi 17 \u00e0 vendredi 18 avril 2025, le mausol\u00e9e d\u2019Abi Arfa Cha\u00e2bi \u00e0 Kairouan a \u00e9t\u00e9 la cible d&rsquo;un incendie par des inconnus.","og_url":"https:\/\/kapitalis.com\/tunisie\/2025\/04\/18\/enquete-suite-a-la-tentative-dincendie-dun-mausolee-a-kairouan\/","og_site_name":"Kapitalis","article_publisher":"https:\/\/www.facebook.com\/KapitalisInfo\/","article_published_time":"2025-04-18T18:49:58+00:00","article_modified_time":"2025-04-18T18:56:22+00:00","og_image":[{"width":1200,"height":630,"url":"https:\/\/kapitalis.com\/tunisie\/wp-content\/uploads\/2025\/04\/mausolee-kairouan.jpg","type":"image\/jpeg"}],"author":"Yusra NY","twitter_card":"summary_large_image","twitter_creator":"@KapitalisInfo","twitter_site":"@KapitalisInfo","twitter_misc":{"\u00c9crit par":"Yusra NY","Dur\u00e9e de lecture estim\u00e9e":"1 minute"},"schema":{"@context":"https:\/\/schema.org","@graph":[{"@type":"Article","@id":"https:\/\/kapitalis.com\/tunisie\/2025\/04\/18\/enquete-suite-a-la-tentative-dincendie-dun-mausolee-a-kairouan\/#article","isPartOf":{"@id":"https:\/\/kapitalis.com\/tunisie\/2025\/04\/18\/enquete-suite-a-la-tentative-dincendie-dun-mausolee-a-kairouan\/"},"author":{"name":"Yusra NY","@id":"https:\/\/kapitalis.com\/tunisie\/#\/schema\/person\/74bbde0154d49d790a92aaeac5bc01d5"},"headline":"Enqu\u00eate suite \u00e0 la tentative d&rsquo;incendie d&rsquo;un mausol\u00e9e \u00e0 Kairouan","datePublished":"2025-04-18T18:49:58+00:00","dateModified":"2025-04-18T18:56:22+00:00","mainEntityOfPage":{"@id":"https:\/\/kapitalis.com\/tunisie\/2025\/04\/18\/enquete-suite-a-la-tentative-dincendie-dun-mausolee-a-kairouan\/"},"wordCount":139,"commentCount":0,"publisher":{"@id":"https:\/\/kapitalis.com\/tunisie\/#organization"},"image":{"@id":"https:\/\/kapitalis.com\/tunisie\/2025\/04\/18\/enquete-suite-a-la-tentative-dincendie-dun-mausolee-a-kairouan\/#primaryimage"},"thumbnailUrl":"https:\/\/kapitalis.com\/tunisie\/wp-content\/uploads\/2025\/04\/mausolee-kairouan.jpg","keywords":["Abi Arfa Cha\u00e2bi","ENQU\u00caTE","Incendie","Kairouan","mausol\u00e9e","tombeau","Tunisie"],"articleSection":["SOCIETE","Tunisie"],"inLanguage":"fr-FR","potentialAction":[{"@type":"CommentAction","name":"Comment","target":["https:\/\/kapitalis.com\/tunisie\/2025\/04\/18\/enquete-suite-a-la-tentative-dincendie-dun-mausolee-a-kairouan\/#respond"]}]},{"@type":"WebPage","@id":"https:\/\/kapitalis.com\/tunisie\/2025\/04\/18\/enquete-suite-a-la-tentative-dincendie-dun-mausolee-a-kairouan\/","url":"https:\/\/kapitalis.com\/tunisie\/2025\/04\/18\/enquete-suite-a-la-tentative-dincendie-dun-mausolee-a-kairouan\/","name":"Enqu\u00eate suite \u00e0 la tentative d'incendie d'un mausol\u00e9e \u00e0 Kairouan - Kapitalis","isPartOf":{"@id":"https:\/\/kapitalis.com\/tunisie\/#website"},"primaryImageOfPage":{"@id":"https:\/\/kapitalis.com\/tunisie\/2025\/04\/18\/enquete-suite-a-la-tentative-dincendie-dun-mausolee-a-kairouan\/#primaryimage"},"image":{"@id":"https:\/\/kapitalis.com\/tunisie\/2025\/04\/18\/enquete-suite-a-la-tentative-dincendie-dun-mausolee-a-kairouan\/#primaryimage"},"thumbnailUrl":"https:\/\/kapitalis.com\/tunisie\/wp-content\/uploads\/2025\/04\/mausolee-kairouan.jpg","datePublished":"2025-04-18T18:49:58+00:00","dateModified":"2025-04-18T18:56:22+00:00","breadcrumb":{"@id":"https:\/\/kapitalis.com\/tunisie\/2025\/04\/18\/enquete-suite-a-la-tentative-dincendie-dun-mausolee-a-kairouan\/#breadcrumb"},"inLanguage":"fr-FR","potentialAction":[{"@type":"ReadAction","target":["https:\/\/kapitalis.com\/tunisie\/2025\/04\/18\/enquete-suite-a-la-tentative-dincendie-dun-mausolee-a-kairouan\/"]}]},{"@type":"ImageObject","inLanguage":"fr-FR","@id":"https:\/\/kapitalis.com\/tunisie\/2025\/04\/18\/enquete-suite-a-la-tentative-dincendie-dun-mausolee-a-kairouan\/#primaryimage","url":"https:\/\/kapitalis.com\/tunisie\/wp-content\/uploads\/2025\/04\/mausolee-kairouan.jpg","contentUrl":"https:\/\/kapitalis.com\/tunisie\/wp-content\/uploads\/2025\/04\/mausolee-kairouan.jpg","width":1200,"height":630},{"@type":"BreadcrumbList","@id":"https:\/\/kapitalis.com\/tunisie\/2025\/04\/18\/enquete-suite-a-la-tentative-dincendie-dun-mausolee-a-kairouan\/#breadcrumb","itemListElement":[{"@type":"ListItem","position":1,"name":"Accueil","item":"https:\/\/kapitalis.com\/tunisie\/"},{"@type":"ListItem","position":2,"name":"Enqu\u00eate suite \u00e0 la tentative d&rsquo;incendie d&rsquo;un mausol\u00e9e \u00e0 Kairouan"}]},{"@type":"WebSite","@id":"https:\/\/kapitalis.com\/tunisie\/#website","url":"https:\/\/kapitalis.com\/tunisie\/","name":"Kapitalis","description":"L&#039;actualit\u00e9 en Tunisie et dans le monde","publisher":{"@id":"https:\/\/kapitalis.com\/tunisie\/#organization"},"potentialAction":[{"@type":"SearchAction","target":{"@type":"EntryPoint","urlTemplate":"https:\/\/kapitalis.com\/tunisie\/?s={search_term_string}"},"query-input":{"@type":"PropertyValueSpecification","valueRequired":true,"valueName":"search_term_string"}}],"inLanguage":"fr-FR"},{"@type":"Organization","@id":"https:\/\/kapitalis.com\/tunisie\/#organization","name":"Kapitalis","url":"https:\/\/kapitalis.com\/tunisie\/","logo":{"@type":"ImageObject","inLanguage":"fr-FR","@id":"https:\/\/kapitalis.com\/tunisie\/#\/schema\/logo\/image\/","url":"https:\/\/kapitalis.com\/tunisie\/wp-content\/uploads\/2022\/05\/Kapitalis-big-size.png","contentUrl":"https:\/\/kapitalis.com\/tunisie\/wp-content\/uploads\/2022\/05\/Kapitalis-big-size.png","width":5000,"height":1500,"caption":"Kapitalis"},"image":{"@id":"https:\/\/kapitalis.com\/tunisie\/#\/schema\/logo\/image\/"},"sameAs":["https:\/\/www.facebook.com\/KapitalisInfo\/","https:\/\/x.com\/KapitalisInfo","https:\/\/www.youtube.com\/channel\/UC-yDYrHyfFBWWZaOw3FPg9Q"]},{"@type":"Person","@id":"https:\/\/kapitalis.com\/tunisie\/#\/schema\/person\/74bbde0154d49d790a92aaeac5bc01d5","name":"Yusra NY","url":"https:\/\/kapitalis.com\/tunisie\/author\/yuza_adam\/"}]}},"_links":{"self":[{"href":"https:\/\/kapitalis.com\/tunisie\/wp-json\/wp\/v2\/posts\/16222017","targetHints":{"allow":["GET"]}}],"collection":[{"href":"https:\/\/kapitalis.com\/tunisie\/wp-json\/wp\/v2\/posts"}],"about":[{"href":"https:\/\/kapitalis.com\/tunisie\/wp-json\/wp\/v2\/types\/post"}],"author":[{"embeddable":true,"href":"https:\/\/kapitalis.com\/tunisie\/wp-json\/wp\/v2\/users\/6"}],"replies":[{"embeddable":true,"href":"https:\/\/kapitalis.com\/tunisie\/wp-json\/wp\/v2\/comments?post=16222017"}],"version-history":[{"count":1,"href":"https:\/\/kapitalis.com\/tunisie\/wp-json\/wp\/v2\/posts\/16222017\/revisions"}],"predecessor-version":[{"id":16222057,"href":"https:\/\/kapitalis.com\/tunisie\/wp-json\/wp\/v2\/posts\/16222017\/revisions\/16222057"}],"wp:featuredmedia":[{"embeddable":true,"href":"https:\/\/kapitalis.com\/tunisie\/wp-json\/wp\/v2\/media\/16222053"}],"wp:attachment":[{"href":"https:\/\/kapitalis.com\/tunisie\/wp-json\/wp\/v2\/media?parent=16222017"}],"wp:term":[{"taxonomy":"category","embeddable":true,"href":"https:\/\/kapitalis.com\/tunisie\/wp-json\/wp\/v2\/categories?post=16222017"},{"taxonomy":"post_tag","embeddable":true,"href":"https:\/\/kapitalis.com\/tunisie\/wp-json\/wp\/v2\/tags?post=16222017"}],"curies":[{"name":"wp","href":"https:\/\/api.w.org\/{rel}","templated":true}]}}