{"id":162243,"date":"2018-06-29T15:55:48","date_gmt":"2018-06-29T14:55:48","guid":{"rendered":"http:\/\/kapitalis.com\/tunisie\/?p=162243"},"modified":"2018-06-29T15:55:48","modified_gmt":"2018-06-29T14:55:48","slug":"les-phoques-du-parc-du-belvedere-ne-sont-pas-en-danger","status":"publish","type":"post","link":"https:\/\/kapitalis.com\/tunisie\/2018\/06\/29\/les-phoques-du-parc-du-belvedere-ne-sont-pas-en-danger\/","title":{"rendered":"Les phoques du parc du Belv\u00e9d\u00e8re ne sont pas en danger"},"content":{"rendered":"<p style=\"text-align: center;\"><img loading=\"lazy\" decoding=\"async\" class=\"alignnone size-full wp-image-162247\" src=\"http:\/\/kapitalis.com\/tunisie\/wp-content\/uploads\/2018\/06\/Tunis-Eau-propre-phoque-Belvedere.jpg\" alt=\"\" width=\"626\" height=\"380\" \/><\/p>\n<p><em><strong>Suite \u00e0 l\u2019alerte faite hier, jeudi 28 juin 2018, par le Collectif des amis des animaux, sur la salet\u00e9 de l\u2019eau des bassins o\u00f9 nagent les phoques du Belv\u00e9d\u00e8re de Tunis, Abdelmajid Dabbar, activiste pour la cause animale s\u2019est rendu sur les lieux et a indiqu\u00e9 que le bassin est d\u00e9sormais propre.<\/strong><\/em><!--more--><\/p>\n<p>M. Dabbar, qui s\u2019est rendu au zoo du Belv\u00e9d\u00e8re, ce vendredi 29 juin 2018, en fin de matin\u00e9e, nous a contact\u00e9s pour nous dire qu\u2019il s\u2019agissait peut-\u00eatre d\u2019une fausse alerte ou d\u2019une r\u00e9action rapide des responsables du parc. Il se r\u00e9jouit, en tout cas, de voir les phoques nager dans une eau propre et limpide.<\/p>\n<p>Quant aux activistes qui ont appel\u00e9 \u00e0 sauver les phoques, ils sont persuad\u00e9s, eux, que le bassin a \u00e9t\u00e9 nettoy\u00e9, ces derni\u00e8res 24 heures, suite \u00e0 l\u2019alerte qu&rsquo;ils ont donn\u00e9e.<\/p>\n<p>Le collectif appelle \u00e0 rester vigilant et \u00e0 remonter tout d\u00e9passement constat\u00e9, d\u2019autant que le parc du Belv\u00e9d\u00e8re, qualifi\u00e9 de poumon de la capitale, doit \u00eatre entretenu r\u00e9guli\u00e8rement pour la sant\u00e9 des animaux mais aussi pour le plaisir des visiteurs.<\/p>\n<p style=\"text-align: right;\"><strong>Y. N.<\/strong><\/p>\n<blockquote class=\"wp-embedded-content\" data-secret=\"2wm1U2zmS0\"><p><a href=\"https:\/\/kapitalis.com\/tunisie\/2018\/06\/29\/appel-a-sauver-les-phoques-du-belvedere-qui-nagent-en-eau-sale\/\">Appel \u00e0 sauver les phoques du Belv\u00e9d\u00e8re qui nagent en eau sale<\/a><\/p><\/blockquote>\n<p><iframe loading=\"lazy\" class=\"wp-embedded-content\" sandbox=\"allow-scripts\" security=\"restricted\" style=\"position: absolute; clip: rect(1px, 1px, 1px, 1px);\" title=\"\u00ab\u00a0Appel \u00e0 sauver les phoques du Belv\u00e9d\u00e8re qui nagent en eau sale\u00a0\u00bb &#8212; Kapitalis\" src=\"https:\/\/kapitalis.com\/tunisie\/2018\/06\/29\/appel-a-sauver-les-phoques-du-belvedere-qui-nagent-en-eau-sale\/embed\/#?secret=xjcJcGY2aO#?secret=2wm1U2zmS0\" data-secret=\"2wm1U2zmS0\" width=\"600\" height=\"338\" frameborder=\"0\" marginwidth=\"0\" marginheight=\"0\" scrolling=\"no\"><\/iframe><\/p>\n<blockquote class=\"wp-embedded-content\" data-secret=\"pEIqSvqOQ6\"><p><a href=\"https:\/\/kapitalis.com\/tunisie\/2017\/09\/20\/zoo-du-belvedere-qui-a-dit-que-les-animaux-ont-faim\/\">Zoo du Belv\u00e9d\u00e8re : Qui a dit que les animaux ont faim ?<\/a><\/p><\/blockquote>\n<p><iframe loading=\"lazy\" class=\"wp-embedded-content\" sandbox=\"allow-scripts\" security=\"restricted\" style=\"position: absolute; clip: rect(1px, 1px, 1px, 1px);\" title=\"\u00ab\u00a0Zoo du Belv\u00e9d\u00e8re : Qui a dit que les animaux ont faim ?\u00a0\u00bb &#8212; Kapitalis\" src=\"https:\/\/kapitalis.com\/tunisie\/2017\/09\/20\/zoo-du-belvedere-qui-a-dit-que-les-animaux-ont-faim\/embed\/#?secret=QFuCbkY31J#?secret=pEIqSvqOQ6\" data-secret=\"pEIqSvqOQ6\" width=\"600\" height=\"338\" frameborder=\"0\" marginwidth=\"0\" marginheight=\"0\" scrolling=\"no\"><\/iframe><\/p>\n","protected":false},"excerpt":{"rendered":"<p>Suite \u00e0 l\u2019alerte faite hier, jeudi 28 juin 2018, par le Collectif des amis des animaux, sur la salet\u00e9 de l\u2019eau des bassins o\u00f9 nagent les phoques du Belv\u00e9d\u00e8re de Tunis, Abdelmajid Dabbar, activiste pour la cause animale s\u2019est rendu sur les lieux et a indiqu\u00e9 que le bassin est d\u00e9sormais propre.<\/p>\n","protected":false},"author":6,"featured_media":162247,"comment_status":"open","ping_status":"open","sticky":false,"template":"","format":"standard","meta":{"footnotes":""},"categories":[998,2433],"tags":[5543,15117],"class_list":["post-162243","post","type-post","status-publish","format-standard","has-post-thumbnail","hentry","category-societe","category-tunisie","tag-belvedere","tag-parc"],"yoast_head":"<!-- This site is optimized with the Yoast SEO plugin v26.6 - https:\/\/yoast.com\/wordpress\/plugins\/seo\/ -->\n<title>Les phoques du parc du Belv\u00e9d\u00e8re ne sont pas en danger - Kapitalis<\/title>\n<meta name=\"robots\" content=\"index, follow, max-snippet:-1, max-image-preview:large, max-video-preview:-1\" \/>\n<link rel=\"canonical\" href=\"https:\/\/kapitalis.com\/tunisie\/2018\/06\/29\/les-phoques-du-parc-du-belvedere-ne-sont-pas-en-danger\/\" \/>\n<meta property=\"og:locale\" content=\"fr_FR\" \/>\n<meta property=\"og:type\" content=\"article\" \/>\n<meta property=\"og:title\" content=\"Les phoques du parc du Belv\u00e9d\u00e8re ne sont pas en danger - Kapitalis\" \/>\n<meta property=\"og:description\" content=\"Suite \u00e0 l\u2019alerte faite hier, jeudi 28 juin 2018, par le Collectif des amis des animaux, sur la salet\u00e9 de l\u2019eau des bassins o\u00f9 nagent les phoques du Belv\u00e9d\u00e8re de Tunis, Abdelmajid Dabbar, activiste pour la cause animale s\u2019est rendu sur les lieux et a indiqu\u00e9 que le bassin est d\u00e9sormais propre.\" \/>\n<meta property=\"og:url\" content=\"https:\/\/kapitalis.com\/tunisie\/2018\/06\/29\/les-phoques-du-parc-du-belvedere-ne-sont-pas-en-danger\/\" \/>\n<meta property=\"og:site_name\" content=\"Kapitalis\" \/>\n<meta property=\"article:publisher\" content=\"https:\/\/www.facebook.com\/KapitalisInfo\/\" \/>\n<meta property=\"article:published_time\" content=\"2018-06-29T14:55:48+00:00\" \/>\n<meta property=\"og:image\" content=\"https:\/\/kapitalis.com\/tunisie\/wp-content\/uploads\/2022\/05\/kapitalis-logo-fb.png\" \/>\n\t<meta property=\"og:image:width\" content=\"1200\" \/>\n\t<meta property=\"og:image:height\" content=\"630\" \/>\n\t<meta property=\"og:image:type\" content=\"image\/png\" \/>\n<meta name=\"author\" content=\"Yusra NY\" \/>\n<meta name=\"twitter:card\" content=\"summary_large_image\" \/>\n<meta name=\"twitter:creator\" content=\"@KapitalisInfo\" \/>\n<meta name=\"twitter:site\" content=\"@KapitalisInfo\" \/>\n<meta name=\"twitter:label1\" content=\"\u00c9crit par\" \/>\n\t<meta name=\"twitter:data1\" content=\"Yusra NY\" \/>\n\t<meta name=\"twitter:label2\" content=\"Dur\u00e9e de lecture estim\u00e9e\" \/>\n\t<meta name=\"twitter:data2\" content=\"1 minute\" \/>\n<script type=\"application\/ld+json\" class=\"yoast-schema-graph\">{\"@context\":\"https:\/\/schema.org\",\"@graph\":[{\"@type\":\"Article\",\"@id\":\"https:\/\/kapitalis.com\/tunisie\/2018\/06\/29\/les-phoques-du-parc-du-belvedere-ne-sont-pas-en-danger\/#article\",\"isPartOf\":{\"@id\":\"https:\/\/kapitalis.com\/tunisie\/2018\/06\/29\/les-phoques-du-parc-du-belvedere-ne-sont-pas-en-danger\/\"},\"author\":{\"name\":\"Yusra NY\",\"@id\":\"https:\/\/kapitalis.com\/tunisie\/#\/schema\/person\/74bbde0154d49d790a92aaeac5bc01d5\"},\"headline\":\"Les phoques du parc du Belv\u00e9d\u00e8re ne sont pas en danger\",\"datePublished\":\"2018-06-29T14:55:48+00:00\",\"mainEntityOfPage\":{\"@id\":\"https:\/\/kapitalis.com\/tunisie\/2018\/06\/29\/les-phoques-du-parc-du-belvedere-ne-sont-pas-en-danger\/\"},\"wordCount\":220,\"commentCount\":2,\"publisher\":{\"@id\":\"https:\/\/kapitalis.com\/tunisie\/#organization\"},\"image\":{\"@id\":\"https:\/\/kapitalis.com\/tunisie\/2018\/06\/29\/les-phoques-du-parc-du-belvedere-ne-sont-pas-en-danger\/#primaryimage\"},\"thumbnailUrl\":\"\",\"keywords\":[\"Belv\u00e9d\u00e8re\",\"parc\"],\"articleSection\":[\"SOCIETE\",\"Tunisie\"],\"inLanguage\":\"fr-FR\",\"potentialAction\":[{\"@type\":\"CommentAction\",\"name\":\"Comment\",\"target\":[\"https:\/\/kapitalis.com\/tunisie\/2018\/06\/29\/les-phoques-du-parc-du-belvedere-ne-sont-pas-en-danger\/#respond\"]}]},{\"@type\":\"WebPage\",\"@id\":\"https:\/\/kapitalis.com\/tunisie\/2018\/06\/29\/les-phoques-du-parc-du-belvedere-ne-sont-pas-en-danger\/\",\"url\":\"https:\/\/kapitalis.com\/tunisie\/2018\/06\/29\/les-phoques-du-parc-du-belvedere-ne-sont-pas-en-danger\/\",\"name\":\"Les phoques du parc du Belv\u00e9d\u00e8re ne sont pas en danger - Kapitalis\",\"isPartOf\":{\"@id\":\"https:\/\/kapitalis.com\/tunisie\/#website\"},\"primaryImageOfPage\":{\"@id\":\"https:\/\/kapitalis.com\/tunisie\/2018\/06\/29\/les-phoques-du-parc-du-belvedere-ne-sont-pas-en-danger\/#primaryimage\"},\"image\":{\"@id\":\"https:\/\/kapitalis.com\/tunisie\/2018\/06\/29\/les-phoques-du-parc-du-belvedere-ne-sont-pas-en-danger\/#primaryimage\"},\"thumbnailUrl\":\"\",\"datePublished\":\"2018-06-29T14:55:48+00:00\",\"breadcrumb\":{\"@id\":\"https:\/\/kapitalis.com\/tunisie\/2018\/06\/29\/les-phoques-du-parc-du-belvedere-ne-sont-pas-en-danger\/#breadcrumb\"},\"inLanguage\":\"fr-FR\",\"potentialAction\":[{\"@type\":\"ReadAction\",\"target\":[\"https:\/\/kapitalis.com\/tunisie\/2018\/06\/29\/les-phoques-du-parc-du-belvedere-ne-sont-pas-en-danger\/\"]}]},{\"@type\":\"ImageObject\",\"inLanguage\":\"fr-FR\",\"@id\":\"https:\/\/kapitalis.com\/tunisie\/2018\/06\/29\/les-phoques-du-parc-du-belvedere-ne-sont-pas-en-danger\/#primaryimage\",\"url\":\"\",\"contentUrl\":\"\"},{\"@type\":\"BreadcrumbList\",\"@id\":\"https:\/\/kapitalis.com\/tunisie\/2018\/06\/29\/les-phoques-du-parc-du-belvedere-ne-sont-pas-en-danger\/#breadcrumb\",\"itemListElement\":[{\"@type\":\"ListItem\",\"position\":1,\"name\":\"Accueil\",\"item\":\"https:\/\/kapitalis.com\/tunisie\/\"},{\"@type\":\"ListItem\",\"position\":2,\"name\":\"Les phoques du parc du Belv\u00e9d\u00e8re ne sont pas en danger\"}]},{\"@type\":\"WebSite\",\"@id\":\"https:\/\/kapitalis.com\/tunisie\/#website\",\"url\":\"https:\/\/kapitalis.com\/tunisie\/\",\"name\":\"Kapitalis\",\"description\":\"L&#039;actualit\u00e9 en Tunisie et dans le monde\",\"publisher\":{\"@id\":\"https:\/\/kapitalis.com\/tunisie\/#organization\"},\"potentialAction\":[{\"@type\":\"SearchAction\",\"target\":{\"@type\":\"EntryPoint\",\"urlTemplate\":\"https:\/\/kapitalis.com\/tunisie\/?s={search_term_string}\"},\"query-input\":{\"@type\":\"PropertyValueSpecification\",\"valueRequired\":true,\"valueName\":\"search_term_string\"}}],\"inLanguage\":\"fr-FR\"},{\"@type\":\"Organization\",\"@id\":\"https:\/\/kapitalis.com\/tunisie\/#organization\",\"name\":\"Kapitalis\",\"url\":\"https:\/\/kapitalis.com\/tunisie\/\",\"logo\":{\"@type\":\"ImageObject\",\"inLanguage\":\"fr-FR\",\"@id\":\"https:\/\/kapitalis.com\/tunisie\/#\/schema\/logo\/image\/\",\"url\":\"https:\/\/kapitalis.com\/tunisie\/wp-content\/uploads\/2022\/05\/Kapitalis-big-size.png\",\"contentUrl\":\"https:\/\/kapitalis.com\/tunisie\/wp-content\/uploads\/2022\/05\/Kapitalis-big-size.png\",\"width\":5000,\"height\":1500,\"caption\":\"Kapitalis\"},\"image\":{\"@id\":\"https:\/\/kapitalis.com\/tunisie\/#\/schema\/logo\/image\/\"},\"sameAs\":[\"https:\/\/www.facebook.com\/KapitalisInfo\/\",\"https:\/\/x.com\/KapitalisInfo\",\"https:\/\/www.youtube.com\/channel\/UC-yDYrHyfFBWWZaOw3FPg9Q\"]},{\"@type\":\"Person\",\"@id\":\"https:\/\/kapitalis.com\/tunisie\/#\/schema\/person\/74bbde0154d49d790a92aaeac5bc01d5\",\"name\":\"Yusra NY\",\"url\":\"https:\/\/kapitalis.com\/tunisie\/author\/yuza_adam\/\"}]}<\/script>\n<!-- \/ Yoast SEO plugin. -->","yoast_head_json":{"title":"Les phoques du parc du Belv\u00e9d\u00e8re ne sont pas en danger - Kapitalis","robots":{"index":"index","follow":"follow","max-snippet":"max-snippet:-1","max-image-preview":"max-image-preview:large","max-video-preview":"max-video-preview:-1"},"canonical":"https:\/\/kapitalis.com\/tunisie\/2018\/06\/29\/les-phoques-du-parc-du-belvedere-ne-sont-pas-en-danger\/","og_locale":"fr_FR","og_type":"article","og_title":"Les phoques du parc du Belv\u00e9d\u00e8re ne sont pas en danger - Kapitalis","og_description":"Suite \u00e0 l\u2019alerte faite hier, jeudi 28 juin 2018, par le Collectif des amis des animaux, sur la salet\u00e9 de l\u2019eau des bassins o\u00f9 nagent les phoques du Belv\u00e9d\u00e8re de Tunis, Abdelmajid Dabbar, activiste pour la cause animale s\u2019est rendu sur les lieux et a indiqu\u00e9 que le bassin est d\u00e9sormais propre.","og_url":"https:\/\/kapitalis.com\/tunisie\/2018\/06\/29\/les-phoques-du-parc-du-belvedere-ne-sont-pas-en-danger\/","og_site_name":"Kapitalis","article_publisher":"https:\/\/www.facebook.com\/KapitalisInfo\/","article_published_time":"2018-06-29T14:55:48+00:00","og_image":[{"width":1200,"height":630,"url":"https:\/\/kapitalis.com\/tunisie\/wp-content\/uploads\/2022\/05\/kapitalis-logo-fb.png","type":"image\/png"}],"author":"Yusra NY","twitter_card":"summary_large_image","twitter_creator":"@KapitalisInfo","twitter_site":"@KapitalisInfo","twitter_misc":{"\u00c9crit par":"Yusra NY","Dur\u00e9e de lecture estim\u00e9e":"1 minute"},"schema":{"@context":"https:\/\/schema.org","@graph":[{"@type":"Article","@id":"https:\/\/kapitalis.com\/tunisie\/2018\/06\/29\/les-phoques-du-parc-du-belvedere-ne-sont-pas-en-danger\/#article","isPartOf":{"@id":"https:\/\/kapitalis.com\/tunisie\/2018\/06\/29\/les-phoques-du-parc-du-belvedere-ne-sont-pas-en-danger\/"},"author":{"name":"Yusra NY","@id":"https:\/\/kapitalis.com\/tunisie\/#\/schema\/person\/74bbde0154d49d790a92aaeac5bc01d5"},"headline":"Les phoques du parc du Belv\u00e9d\u00e8re ne sont pas en danger","datePublished":"2018-06-29T14:55:48+00:00","mainEntityOfPage":{"@id":"https:\/\/kapitalis.com\/tunisie\/2018\/06\/29\/les-phoques-du-parc-du-belvedere-ne-sont-pas-en-danger\/"},"wordCount":220,"commentCount":2,"publisher":{"@id":"https:\/\/kapitalis.com\/tunisie\/#organization"},"image":{"@id":"https:\/\/kapitalis.com\/tunisie\/2018\/06\/29\/les-phoques-du-parc-du-belvedere-ne-sont-pas-en-danger\/#primaryimage"},"thumbnailUrl":"","keywords":["Belv\u00e9d\u00e8re","parc"],"articleSection":["SOCIETE","Tunisie"],"inLanguage":"fr-FR","potentialAction":[{"@type":"CommentAction","name":"Comment","target":["https:\/\/kapitalis.com\/tunisie\/2018\/06\/29\/les-phoques-du-parc-du-belvedere-ne-sont-pas-en-danger\/#respond"]}]},{"@type":"WebPage","@id":"https:\/\/kapitalis.com\/tunisie\/2018\/06\/29\/les-phoques-du-parc-du-belvedere-ne-sont-pas-en-danger\/","url":"https:\/\/kapitalis.com\/tunisie\/2018\/06\/29\/les-phoques-du-parc-du-belvedere-ne-sont-pas-en-danger\/","name":"Les phoques du parc du Belv\u00e9d\u00e8re ne sont pas en danger - Kapitalis","isPartOf":{"@id":"https:\/\/kapitalis.com\/tunisie\/#website"},"primaryImageOfPage":{"@id":"https:\/\/kapitalis.com\/tunisie\/2018\/06\/29\/les-phoques-du-parc-du-belvedere-ne-sont-pas-en-danger\/#primaryimage"},"image":{"@id":"https:\/\/kapitalis.com\/tunisie\/2018\/06\/29\/les-phoques-du-parc-du-belvedere-ne-sont-pas-en-danger\/#primaryimage"},"thumbnailUrl":"","datePublished":"2018-06-29T14:55:48+00:00","breadcrumb":{"@id":"https:\/\/kapitalis.com\/tunisie\/2018\/06\/29\/les-phoques-du-parc-du-belvedere-ne-sont-pas-en-danger\/#breadcrumb"},"inLanguage":"fr-FR","potentialAction":[{"@type":"ReadAction","target":["https:\/\/kapitalis.com\/tunisie\/2018\/06\/29\/les-phoques-du-parc-du-belvedere-ne-sont-pas-en-danger\/"]}]},{"@type":"ImageObject","inLanguage":"fr-FR","@id":"https:\/\/kapitalis.com\/tunisie\/2018\/06\/29\/les-phoques-du-parc-du-belvedere-ne-sont-pas-en-danger\/#primaryimage","url":"","contentUrl":""},{"@type":"BreadcrumbList","@id":"https:\/\/kapitalis.com\/tunisie\/2018\/06\/29\/les-phoques-du-parc-du-belvedere-ne-sont-pas-en-danger\/#breadcrumb","itemListElement":[{"@type":"ListItem","position":1,"name":"Accueil","item":"https:\/\/kapitalis.com\/tunisie\/"},{"@type":"ListItem","position":2,"name":"Les phoques du parc du Belv\u00e9d\u00e8re ne sont pas en danger"}]},{"@type":"WebSite","@id":"https:\/\/kapitalis.com\/tunisie\/#website","url":"https:\/\/kapitalis.com\/tunisie\/","name":"Kapitalis","description":"L&#039;actualit\u00e9 en Tunisie et dans le monde","publisher":{"@id":"https:\/\/kapitalis.com\/tunisie\/#organization"},"potentialAction":[{"@type":"SearchAction","target":{"@type":"EntryPoint","urlTemplate":"https:\/\/kapitalis.com\/tunisie\/?s={search_term_string}"},"query-input":{"@type":"PropertyValueSpecification","valueRequired":true,"valueName":"search_term_string"}}],"inLanguage":"fr-FR"},{"@type":"Organization","@id":"https:\/\/kapitalis.com\/tunisie\/#organization","name":"Kapitalis","url":"https:\/\/kapitalis.com\/tunisie\/","logo":{"@type":"ImageObject","inLanguage":"fr-FR","@id":"https:\/\/kapitalis.com\/tunisie\/#\/schema\/logo\/image\/","url":"https:\/\/kapitalis.com\/tunisie\/wp-content\/uploads\/2022\/05\/Kapitalis-big-size.png","contentUrl":"https:\/\/kapitalis.com\/tunisie\/wp-content\/uploads\/2022\/05\/Kapitalis-big-size.png","width":5000,"height":1500,"caption":"Kapitalis"},"image":{"@id":"https:\/\/kapitalis.com\/tunisie\/#\/schema\/logo\/image\/"},"sameAs":["https:\/\/www.facebook.com\/KapitalisInfo\/","https:\/\/x.com\/KapitalisInfo","https:\/\/www.youtube.com\/channel\/UC-yDYrHyfFBWWZaOw3FPg9Q"]},{"@type":"Person","@id":"https:\/\/kapitalis.com\/tunisie\/#\/schema\/person\/74bbde0154d49d790a92aaeac5bc01d5","name":"Yusra NY","url":"https:\/\/kapitalis.com\/tunisie\/author\/yuza_adam\/"}]}},"_links":{"self":[{"href":"https:\/\/kapitalis.com\/tunisie\/wp-json\/wp\/v2\/posts\/162243","targetHints":{"allow":["GET"]}}],"collection":[{"href":"https:\/\/kapitalis.com\/tunisie\/wp-json\/wp\/v2\/posts"}],"about":[{"href":"https:\/\/kapitalis.com\/tunisie\/wp-json\/wp\/v2\/types\/post"}],"author":[{"embeddable":true,"href":"https:\/\/kapitalis.com\/tunisie\/wp-json\/wp\/v2\/users\/6"}],"replies":[{"embeddable":true,"href":"https:\/\/kapitalis.com\/tunisie\/wp-json\/wp\/v2\/comments?post=162243"}],"version-history":[{"count":0,"href":"https:\/\/kapitalis.com\/tunisie\/wp-json\/wp\/v2\/posts\/162243\/revisions"}],"wp:featuredmedia":[{"embeddable":true,"href":"https:\/\/kapitalis.com\/tunisie\/wp-json\/wp\/v2\/media\/162247"}],"wp:attachment":[{"href":"https:\/\/kapitalis.com\/tunisie\/wp-json\/wp\/v2\/media?parent=162243"}],"wp:term":[{"taxonomy":"category","embeddable":true,"href":"https:\/\/kapitalis.com\/tunisie\/wp-json\/wp\/v2\/categories?post=162243"},{"taxonomy":"post_tag","embeddable":true,"href":"https:\/\/kapitalis.com\/tunisie\/wp-json\/wp\/v2\/tags?post=162243"}],"curies":[{"name":"wp","href":"https:\/\/api.w.org\/{rel}","templated":true}]}}