{"id":16229187,"date":"2025-04-19T19:09:02","date_gmt":"2025-04-19T18:09:02","guid":{"rendered":"https:\/\/kapitalis.com\/tunisie\/?p=16229187"},"modified":"2025-04-19T19:25:43","modified_gmt":"2025-04-19T18:25:43","slug":"verdicts-dans-laffaire-de-complot-le-crldht-exige-justice-pour-les-accuses","status":"publish","type":"post","link":"https:\/\/kapitalis.com\/tunisie\/2025\/04\/19\/verdicts-dans-laffaire-de-complot-le-crldht-exige-justice-pour-les-accuses\/","title":{"rendered":"Verdicts dans l&rsquo;affaire de \u00abcomplot\u00bb | Le CRLDHT exige justice pour les accus\u00e9s"},"content":{"rendered":"\n<p><em><strong>Le Comit\u00e9 pour le respect des libert\u00e9s et des droits de l&rsquo;homme en Tunisie (CRLDHT) s&rsquo;est exprim\u00e9 sur les lourds verdicts prononc\u00e9s dans l&rsquo;affaire de \u00abcomplot contre la s\u00fbret\u00e9 l\u2019\u00c9tat\u00bb.<\/strong><\/em><\/p>\n\n\n\n<!--more-->\n\n\n\n<p>Le CRLDHT a comment\u00e9 les peines prononc\u00e9es \u00e0 l&rsquo;aube de ce samedi 19 avril 2025 \u00e0 l\u2019encontre des accus\u00e9s et qui varient entre 13 et 66 ans de prison via un communiqu\u00e9 intitul\u00e9 \u00ab <em>La justice tunisienne a touch\u00e9 le fond. Et personne ne peut dire qu\u2019il ne savait pas<\/em> \u00bb  :<\/p>\n\n\n\n<p><em>\u00c0 4h55 du matin, pendant que le pays dort, la TAP annonce une vague de condamnations historiques : jusqu\u2019\u00e0 66 ans de prison pour des opposant\u00b7es politiques, avocat\u00b7es, militant\u00b7es, ancien\u00b7nes ministres.<\/em><\/p>\n\n\n\n<p><em>Le tout au terme d\u2019un proc\u00e8s-fant\u00f4me, men\u00e9 dans l\u2019ombre, b\u00e2cl\u00e9, ill\u00e9gal. Un proc\u00e8s sans accus\u00e9\u00b7es, sans preuves, sans d\u00e9fense. Audience verrouill\u00e9e. Acc\u00e8s refus\u00e9 aux familles. Avocat\u00b7es bloqu\u00e9\u00b7es ou contr\u00f4l\u00e9\u00b7es \u00e0 l\u2019entr\u00e9e. Une seule journaliste \u2013 proche du r\u00e9gime \u2013 autoris\u00e9e. Les autres ? \u00c9vinc\u00e9\u00b7es.<\/em><\/p>\n\n\n\n<p><em>Et ce n\u2019est pas un cauchemar judiciaire : c\u2019est la r\u00e9alit\u00e9 d\u2019une Tunisie o\u00f9 la justice est sous tutelle du pouvoir ex\u00e9cutif. O\u00f9 le juge instructeur est en fuite. O\u00f9 l\u2019on juge \u00e0 distance, derri\u00e8re des \u00e9crans, pour \u00e9touffer les voix, cacher les visages, et tuer le droit.<br>Des lettres falsifi\u00e9es. Des recours en cassation ignor\u00e9s. Des avocats menac\u00e9s. Une justice qui refuse m\u00eame d\u2019appliquer le Code de proc\u00e9dure p\u00e9nale. Le droit est devenu une arme. La salle d\u2019audience, un th\u00e9\u00e2tre absurde.<\/em><\/p>\n\n\n\n<p>Dans son communiqu\u00e9 la m\u00eame source affirme que cette affaire est \u00ab<em> un cas d\u2019\u00e9cole de d\u00e9rive autoritaire\u00bb<\/em>, exige justice pour les 40 accus\u00e9s et appelle \u00e0 la solidarit\u00e9 internationale.<\/p>\n\n\n\n<p><\/p>\n","protected":false},"excerpt":{"rendered":"<p>Le Comit\u00e9 pour le respect des libert\u00e9s et des droits de l&rsquo;homme en Tunisie (CRLDHT) s&rsquo;est exprim\u00e9 sur les lourds verdicts prononc\u00e9s dans l&rsquo;affaire de \u00abcomplot contre la s\u00fbret\u00e9 l\u2019\u00c9tat\u00bb.<\/p>\n","protected":false},"author":6,"featured_media":2969525,"comment_status":"open","ping_status":"open","sticky":false,"template":"","format":"standard","meta":{"footnotes":""},"categories":[997,998,2433],"tags":[106709,109673,64355,62643,10099],"class_list":["post-16229187","post","type-post","status-publish","format-standard","has-post-thumbnail","hentry","category-politique","category-societe","category-tunisie","tag-complot","tag-crldht","tag-justice","tag-tunisie","tag-verdict"],"yoast_head":"<!-- This site is optimized with the Yoast SEO plugin v26.6 - https:\/\/yoast.com\/wordpress\/plugins\/seo\/ -->\n<title>Verdicts dans l&#039;affaire de \u00abcomplot\u00bb | Le CRLDHT exige justice pour les accus\u00e9s - Kapitalis<\/title>\n<meta name=\"robots\" content=\"index, follow, max-snippet:-1, max-image-preview:large, max-video-preview:-1\" \/>\n<link rel=\"canonical\" href=\"https:\/\/kapitalis.com\/tunisie\/2025\/04\/19\/verdicts-dans-laffaire-de-complot-le-crldht-exige-justice-pour-les-accuses\/\" \/>\n<meta property=\"og:locale\" content=\"fr_FR\" \/>\n<meta property=\"og:type\" content=\"article\" \/>\n<meta property=\"og:title\" content=\"Verdicts dans l&#039;affaire de \u00abcomplot\u00bb | Le CRLDHT exige justice pour les accus\u00e9s - Kapitalis\" \/>\n<meta property=\"og:description\" content=\"Le Comit\u00e9 pour le respect des libert\u00e9s et des droits de l&rsquo;homme en Tunisie (CRLDHT) s&rsquo;est exprim\u00e9 sur les lourds verdicts prononc\u00e9s dans l&rsquo;affaire de \u00abcomplot contre la s\u00fbret\u00e9 l\u2019\u00c9tat\u00bb.\" \/>\n<meta property=\"og:url\" content=\"https:\/\/kapitalis.com\/tunisie\/2025\/04\/19\/verdicts-dans-laffaire-de-complot-le-crldht-exige-justice-pour-les-accuses\/\" \/>\n<meta property=\"og:site_name\" content=\"Kapitalis\" \/>\n<meta property=\"article:publisher\" content=\"https:\/\/www.facebook.com\/KapitalisInfo\/\" \/>\n<meta property=\"article:published_time\" content=\"2025-04-19T18:09:02+00:00\" \/>\n<meta property=\"article:modified_time\" content=\"2025-04-19T18:25:43+00:00\" \/>\n<meta property=\"og:image\" content=\"https:\/\/kapitalis.com\/tunisie\/wp-content\/uploads\/2022\/08\/justice-juge.jpg\" \/>\n\t<meta property=\"og:image:width\" content=\"1200\" \/>\n\t<meta property=\"og:image:height\" content=\"630\" \/>\n\t<meta property=\"og:image:type\" content=\"image\/jpeg\" \/>\n<meta name=\"author\" content=\"Yusra NY\" \/>\n<meta name=\"twitter:card\" content=\"summary_large_image\" \/>\n<meta name=\"twitter:creator\" content=\"@KapitalisInfo\" \/>\n<meta name=\"twitter:site\" content=\"@KapitalisInfo\" \/>\n<meta name=\"twitter:label1\" content=\"\u00c9crit par\" \/>\n\t<meta name=\"twitter:data1\" content=\"Yusra NY\" \/>\n\t<meta name=\"twitter:label2\" content=\"Dur\u00e9e de lecture estim\u00e9e\" \/>\n\t<meta name=\"twitter:data2\" content=\"2 minutes\" \/>\n<script type=\"application\/ld+json\" class=\"yoast-schema-graph\">{\"@context\":\"https:\/\/schema.org\",\"@graph\":[{\"@type\":\"Article\",\"@id\":\"https:\/\/kapitalis.com\/tunisie\/2025\/04\/19\/verdicts-dans-laffaire-de-complot-le-crldht-exige-justice-pour-les-accuses\/#article\",\"isPartOf\":{\"@id\":\"https:\/\/kapitalis.com\/tunisie\/2025\/04\/19\/verdicts-dans-laffaire-de-complot-le-crldht-exige-justice-pour-les-accuses\/\"},\"author\":{\"name\":\"Yusra NY\",\"@id\":\"https:\/\/kapitalis.com\/tunisie\/#\/schema\/person\/74bbde0154d49d790a92aaeac5bc01d5\"},\"headline\":\"Verdicts dans l&rsquo;affaire de \u00abcomplot\u00bb | Le CRLDHT exige justice pour les accus\u00e9s\",\"datePublished\":\"2025-04-19T18:09:02+00:00\",\"dateModified\":\"2025-04-19T18:25:43+00:00\",\"mainEntityOfPage\":{\"@id\":\"https:\/\/kapitalis.com\/tunisie\/2025\/04\/19\/verdicts-dans-laffaire-de-complot-le-crldht-exige-justice-pour-les-accuses\/\"},\"wordCount\":313,\"commentCount\":0,\"publisher\":{\"@id\":\"https:\/\/kapitalis.com\/tunisie\/#organization\"},\"image\":{\"@id\":\"https:\/\/kapitalis.com\/tunisie\/2025\/04\/19\/verdicts-dans-laffaire-de-complot-le-crldht-exige-justice-pour-les-accuses\/#primaryimage\"},\"thumbnailUrl\":\"https:\/\/kapitalis.com\/tunisie\/wp-content\/uploads\/2022\/08\/justice-juge.jpg\",\"keywords\":[\"complot\",\"CRLDHT\",\"justice\",\"Tunisie\",\"verdict\"],\"articleSection\":[\"POLITIQUE\",\"SOCIETE\",\"Tunisie\"],\"inLanguage\":\"fr-FR\",\"potentialAction\":[{\"@type\":\"CommentAction\",\"name\":\"Comment\",\"target\":[\"https:\/\/kapitalis.com\/tunisie\/2025\/04\/19\/verdicts-dans-laffaire-de-complot-le-crldht-exige-justice-pour-les-accuses\/#respond\"]}]},{\"@type\":\"WebPage\",\"@id\":\"https:\/\/kapitalis.com\/tunisie\/2025\/04\/19\/verdicts-dans-laffaire-de-complot-le-crldht-exige-justice-pour-les-accuses\/\",\"url\":\"https:\/\/kapitalis.com\/tunisie\/2025\/04\/19\/verdicts-dans-laffaire-de-complot-le-crldht-exige-justice-pour-les-accuses\/\",\"name\":\"Verdicts dans l'affaire de \u00abcomplot\u00bb | Le CRLDHT exige justice pour les accus\u00e9s - Kapitalis\",\"isPartOf\":{\"@id\":\"https:\/\/kapitalis.com\/tunisie\/#website\"},\"primaryImageOfPage\":{\"@id\":\"https:\/\/kapitalis.com\/tunisie\/2025\/04\/19\/verdicts-dans-laffaire-de-complot-le-crldht-exige-justice-pour-les-accuses\/#primaryimage\"},\"image\":{\"@id\":\"https:\/\/kapitalis.com\/tunisie\/2025\/04\/19\/verdicts-dans-laffaire-de-complot-le-crldht-exige-justice-pour-les-accuses\/#primaryimage\"},\"thumbnailUrl\":\"https:\/\/kapitalis.com\/tunisie\/wp-content\/uploads\/2022\/08\/justice-juge.jpg\",\"datePublished\":\"2025-04-19T18:09:02+00:00\",\"dateModified\":\"2025-04-19T18:25:43+00:00\",\"breadcrumb\":{\"@id\":\"https:\/\/kapitalis.com\/tunisie\/2025\/04\/19\/verdicts-dans-laffaire-de-complot-le-crldht-exige-justice-pour-les-accuses\/#breadcrumb\"},\"inLanguage\":\"fr-FR\",\"potentialAction\":[{\"@type\":\"ReadAction\",\"target\":[\"https:\/\/kapitalis.com\/tunisie\/2025\/04\/19\/verdicts-dans-laffaire-de-complot-le-crldht-exige-justice-pour-les-accuses\/\"]}]},{\"@type\":\"ImageObject\",\"inLanguage\":\"fr-FR\",\"@id\":\"https:\/\/kapitalis.com\/tunisie\/2025\/04\/19\/verdicts-dans-laffaire-de-complot-le-crldht-exige-justice-pour-les-accuses\/#primaryimage\",\"url\":\"https:\/\/kapitalis.com\/tunisie\/wp-content\/uploads\/2022\/08\/justice-juge.jpg\",\"contentUrl\":\"https:\/\/kapitalis.com\/tunisie\/wp-content\/uploads\/2022\/08\/justice-juge.jpg\",\"width\":1200,\"height\":630},{\"@type\":\"BreadcrumbList\",\"@id\":\"https:\/\/kapitalis.com\/tunisie\/2025\/04\/19\/verdicts-dans-laffaire-de-complot-le-crldht-exige-justice-pour-les-accuses\/#breadcrumb\",\"itemListElement\":[{\"@type\":\"ListItem\",\"position\":1,\"name\":\"Accueil\",\"item\":\"https:\/\/kapitalis.com\/tunisie\/\"},{\"@type\":\"ListItem\",\"position\":2,\"name\":\"Verdicts dans l&rsquo;affaire de \u00abcomplot\u00bb | Le CRLDHT exige justice pour les accus\u00e9s\"}]},{\"@type\":\"WebSite\",\"@id\":\"https:\/\/kapitalis.com\/tunisie\/#website\",\"url\":\"https:\/\/kapitalis.com\/tunisie\/\",\"name\":\"Kapitalis\",\"description\":\"L&#039;actualit\u00e9 en Tunisie et dans le monde\",\"publisher\":{\"@id\":\"https:\/\/kapitalis.com\/tunisie\/#organization\"},\"potentialAction\":[{\"@type\":\"SearchAction\",\"target\":{\"@type\":\"EntryPoint\",\"urlTemplate\":\"https:\/\/kapitalis.com\/tunisie\/?s={search_term_string}\"},\"query-input\":{\"@type\":\"PropertyValueSpecification\",\"valueRequired\":true,\"valueName\":\"search_term_string\"}}],\"inLanguage\":\"fr-FR\"},{\"@type\":\"Organization\",\"@id\":\"https:\/\/kapitalis.com\/tunisie\/#organization\",\"name\":\"Kapitalis\",\"url\":\"https:\/\/kapitalis.com\/tunisie\/\",\"logo\":{\"@type\":\"ImageObject\",\"inLanguage\":\"fr-FR\",\"@id\":\"https:\/\/kapitalis.com\/tunisie\/#\/schema\/logo\/image\/\",\"url\":\"https:\/\/kapitalis.com\/tunisie\/wp-content\/uploads\/2022\/05\/Kapitalis-big-size.png\",\"contentUrl\":\"https:\/\/kapitalis.com\/tunisie\/wp-content\/uploads\/2022\/05\/Kapitalis-big-size.png\",\"width\":5000,\"height\":1500,\"caption\":\"Kapitalis\"},\"image\":{\"@id\":\"https:\/\/kapitalis.com\/tunisie\/#\/schema\/logo\/image\/\"},\"sameAs\":[\"https:\/\/www.facebook.com\/KapitalisInfo\/\",\"https:\/\/x.com\/KapitalisInfo\",\"https:\/\/www.youtube.com\/channel\/UC-yDYrHyfFBWWZaOw3FPg9Q\"]},{\"@type\":\"Person\",\"@id\":\"https:\/\/kapitalis.com\/tunisie\/#\/schema\/person\/74bbde0154d49d790a92aaeac5bc01d5\",\"name\":\"Yusra NY\",\"url\":\"https:\/\/kapitalis.com\/tunisie\/author\/yuza_adam\/\"}]}<\/script>\n<!-- \/ Yoast SEO plugin. -->","yoast_head_json":{"title":"Verdicts dans l'affaire de \u00abcomplot\u00bb | Le CRLDHT exige justice pour les accus\u00e9s - Kapitalis","robots":{"index":"index","follow":"follow","max-snippet":"max-snippet:-1","max-image-preview":"max-image-preview:large","max-video-preview":"max-video-preview:-1"},"canonical":"https:\/\/kapitalis.com\/tunisie\/2025\/04\/19\/verdicts-dans-laffaire-de-complot-le-crldht-exige-justice-pour-les-accuses\/","og_locale":"fr_FR","og_type":"article","og_title":"Verdicts dans l'affaire de \u00abcomplot\u00bb | Le CRLDHT exige justice pour les accus\u00e9s - Kapitalis","og_description":"Le Comit\u00e9 pour le respect des libert\u00e9s et des droits de l&rsquo;homme en Tunisie (CRLDHT) s&rsquo;est exprim\u00e9 sur les lourds verdicts prononc\u00e9s dans l&rsquo;affaire de \u00abcomplot contre la s\u00fbret\u00e9 l\u2019\u00c9tat\u00bb.","og_url":"https:\/\/kapitalis.com\/tunisie\/2025\/04\/19\/verdicts-dans-laffaire-de-complot-le-crldht-exige-justice-pour-les-accuses\/","og_site_name":"Kapitalis","article_publisher":"https:\/\/www.facebook.com\/KapitalisInfo\/","article_published_time":"2025-04-19T18:09:02+00:00","article_modified_time":"2025-04-19T18:25:43+00:00","og_image":[{"width":1200,"height":630,"url":"https:\/\/kapitalis.com\/tunisie\/wp-content\/uploads\/2022\/08\/justice-juge.jpg","type":"image\/jpeg"}],"author":"Yusra NY","twitter_card":"summary_large_image","twitter_creator":"@KapitalisInfo","twitter_site":"@KapitalisInfo","twitter_misc":{"\u00c9crit par":"Yusra NY","Dur\u00e9e de lecture estim\u00e9e":"2 minutes"},"schema":{"@context":"https:\/\/schema.org","@graph":[{"@type":"Article","@id":"https:\/\/kapitalis.com\/tunisie\/2025\/04\/19\/verdicts-dans-laffaire-de-complot-le-crldht-exige-justice-pour-les-accuses\/#article","isPartOf":{"@id":"https:\/\/kapitalis.com\/tunisie\/2025\/04\/19\/verdicts-dans-laffaire-de-complot-le-crldht-exige-justice-pour-les-accuses\/"},"author":{"name":"Yusra NY","@id":"https:\/\/kapitalis.com\/tunisie\/#\/schema\/person\/74bbde0154d49d790a92aaeac5bc01d5"},"headline":"Verdicts dans l&rsquo;affaire de \u00abcomplot\u00bb | Le CRLDHT exige justice pour les accus\u00e9s","datePublished":"2025-04-19T18:09:02+00:00","dateModified":"2025-04-19T18:25:43+00:00","mainEntityOfPage":{"@id":"https:\/\/kapitalis.com\/tunisie\/2025\/04\/19\/verdicts-dans-laffaire-de-complot-le-crldht-exige-justice-pour-les-accuses\/"},"wordCount":313,"commentCount":0,"publisher":{"@id":"https:\/\/kapitalis.com\/tunisie\/#organization"},"image":{"@id":"https:\/\/kapitalis.com\/tunisie\/2025\/04\/19\/verdicts-dans-laffaire-de-complot-le-crldht-exige-justice-pour-les-accuses\/#primaryimage"},"thumbnailUrl":"https:\/\/kapitalis.com\/tunisie\/wp-content\/uploads\/2022\/08\/justice-juge.jpg","keywords":["complot","CRLDHT","justice","Tunisie","verdict"],"articleSection":["POLITIQUE","SOCIETE","Tunisie"],"inLanguage":"fr-FR","potentialAction":[{"@type":"CommentAction","name":"Comment","target":["https:\/\/kapitalis.com\/tunisie\/2025\/04\/19\/verdicts-dans-laffaire-de-complot-le-crldht-exige-justice-pour-les-accuses\/#respond"]}]},{"@type":"WebPage","@id":"https:\/\/kapitalis.com\/tunisie\/2025\/04\/19\/verdicts-dans-laffaire-de-complot-le-crldht-exige-justice-pour-les-accuses\/","url":"https:\/\/kapitalis.com\/tunisie\/2025\/04\/19\/verdicts-dans-laffaire-de-complot-le-crldht-exige-justice-pour-les-accuses\/","name":"Verdicts dans l'affaire de \u00abcomplot\u00bb | Le CRLDHT exige justice pour les accus\u00e9s - Kapitalis","isPartOf":{"@id":"https:\/\/kapitalis.com\/tunisie\/#website"},"primaryImageOfPage":{"@id":"https:\/\/kapitalis.com\/tunisie\/2025\/04\/19\/verdicts-dans-laffaire-de-complot-le-crldht-exige-justice-pour-les-accuses\/#primaryimage"},"image":{"@id":"https:\/\/kapitalis.com\/tunisie\/2025\/04\/19\/verdicts-dans-laffaire-de-complot-le-crldht-exige-justice-pour-les-accuses\/#primaryimage"},"thumbnailUrl":"https:\/\/kapitalis.com\/tunisie\/wp-content\/uploads\/2022\/08\/justice-juge.jpg","datePublished":"2025-04-19T18:09:02+00:00","dateModified":"2025-04-19T18:25:43+00:00","breadcrumb":{"@id":"https:\/\/kapitalis.com\/tunisie\/2025\/04\/19\/verdicts-dans-laffaire-de-complot-le-crldht-exige-justice-pour-les-accuses\/#breadcrumb"},"inLanguage":"fr-FR","potentialAction":[{"@type":"ReadAction","target":["https:\/\/kapitalis.com\/tunisie\/2025\/04\/19\/verdicts-dans-laffaire-de-complot-le-crldht-exige-justice-pour-les-accuses\/"]}]},{"@type":"ImageObject","inLanguage":"fr-FR","@id":"https:\/\/kapitalis.com\/tunisie\/2025\/04\/19\/verdicts-dans-laffaire-de-complot-le-crldht-exige-justice-pour-les-accuses\/#primaryimage","url":"https:\/\/kapitalis.com\/tunisie\/wp-content\/uploads\/2022\/08\/justice-juge.jpg","contentUrl":"https:\/\/kapitalis.com\/tunisie\/wp-content\/uploads\/2022\/08\/justice-juge.jpg","width":1200,"height":630},{"@type":"BreadcrumbList","@id":"https:\/\/kapitalis.com\/tunisie\/2025\/04\/19\/verdicts-dans-laffaire-de-complot-le-crldht-exige-justice-pour-les-accuses\/#breadcrumb","itemListElement":[{"@type":"ListItem","position":1,"name":"Accueil","item":"https:\/\/kapitalis.com\/tunisie\/"},{"@type":"ListItem","position":2,"name":"Verdicts dans l&rsquo;affaire de \u00abcomplot\u00bb | Le CRLDHT exige justice pour les accus\u00e9s"}]},{"@type":"WebSite","@id":"https:\/\/kapitalis.com\/tunisie\/#website","url":"https:\/\/kapitalis.com\/tunisie\/","name":"Kapitalis","description":"L&#039;actualit\u00e9 en Tunisie et dans le monde","publisher":{"@id":"https:\/\/kapitalis.com\/tunisie\/#organization"},"potentialAction":[{"@type":"SearchAction","target":{"@type":"EntryPoint","urlTemplate":"https:\/\/kapitalis.com\/tunisie\/?s={search_term_string}"},"query-input":{"@type":"PropertyValueSpecification","valueRequired":true,"valueName":"search_term_string"}}],"inLanguage":"fr-FR"},{"@type":"Organization","@id":"https:\/\/kapitalis.com\/tunisie\/#organization","name":"Kapitalis","url":"https:\/\/kapitalis.com\/tunisie\/","logo":{"@type":"ImageObject","inLanguage":"fr-FR","@id":"https:\/\/kapitalis.com\/tunisie\/#\/schema\/logo\/image\/","url":"https:\/\/kapitalis.com\/tunisie\/wp-content\/uploads\/2022\/05\/Kapitalis-big-size.png","contentUrl":"https:\/\/kapitalis.com\/tunisie\/wp-content\/uploads\/2022\/05\/Kapitalis-big-size.png","width":5000,"height":1500,"caption":"Kapitalis"},"image":{"@id":"https:\/\/kapitalis.com\/tunisie\/#\/schema\/logo\/image\/"},"sameAs":["https:\/\/www.facebook.com\/KapitalisInfo\/","https:\/\/x.com\/KapitalisInfo","https:\/\/www.youtube.com\/channel\/UC-yDYrHyfFBWWZaOw3FPg9Q"]},{"@type":"Person","@id":"https:\/\/kapitalis.com\/tunisie\/#\/schema\/person\/74bbde0154d49d790a92aaeac5bc01d5","name":"Yusra NY","url":"https:\/\/kapitalis.com\/tunisie\/author\/yuza_adam\/"}]}},"_links":{"self":[{"href":"https:\/\/kapitalis.com\/tunisie\/wp-json\/wp\/v2\/posts\/16229187","targetHints":{"allow":["GET"]}}],"collection":[{"href":"https:\/\/kapitalis.com\/tunisie\/wp-json\/wp\/v2\/posts"}],"about":[{"href":"https:\/\/kapitalis.com\/tunisie\/wp-json\/wp\/v2\/types\/post"}],"author":[{"embeddable":true,"href":"https:\/\/kapitalis.com\/tunisie\/wp-json\/wp\/v2\/users\/6"}],"replies":[{"embeddable":true,"href":"https:\/\/kapitalis.com\/tunisie\/wp-json\/wp\/v2\/comments?post=16229187"}],"version-history":[{"count":2,"href":"https:\/\/kapitalis.com\/tunisie\/wp-json\/wp\/v2\/posts\/16229187\/revisions"}],"predecessor-version":[{"id":16229269,"href":"https:\/\/kapitalis.com\/tunisie\/wp-json\/wp\/v2\/posts\/16229187\/revisions\/16229269"}],"wp:featuredmedia":[{"embeddable":true,"href":"https:\/\/kapitalis.com\/tunisie\/wp-json\/wp\/v2\/media\/2969525"}],"wp:attachment":[{"href":"https:\/\/kapitalis.com\/tunisie\/wp-json\/wp\/v2\/media?parent=16229187"}],"wp:term":[{"taxonomy":"category","embeddable":true,"href":"https:\/\/kapitalis.com\/tunisie\/wp-json\/wp\/v2\/categories?post=16229187"},{"taxonomy":"post_tag","embeddable":true,"href":"https:\/\/kapitalis.com\/tunisie\/wp-json\/wp\/v2\/tags?post=16229187"}],"curies":[{"name":"wp","href":"https:\/\/api.w.org\/{rel}","templated":true}]}}