{"id":16230402,"date":"2025-04-19T22:05:58","date_gmt":"2025-04-19T21:05:58","guid":{"rendered":"https:\/\/kapitalis.com\/tunisie\/?p=16230402"},"modified":"2025-04-19T23:06:59","modified_gmt":"2025-04-19T22:06:59","slug":"tunis-demolition-dun-batiment-vetuste-a-rue-el-pacha","status":"publish","type":"post","link":"https:\/\/kapitalis.com\/tunisie\/2025\/04\/19\/tunis-demolition-dun-batiment-vetuste-a-rue-el-pacha\/","title":{"rendered":"Tunis | D\u00e9molition d&rsquo;un b\u00e2timent v\u00e9tuste \u00e0 rue El Pacha"},"content":{"rendered":"\n<p><em><strong>La municipalit\u00e9 de Tunis a proc\u00e9d\u00e9, ce samedi 19 avril 2025, \u00e0 la d\u00e9molition d\u2019un b\u00e2timent ancien et en \u00e9tat de d\u00e9labrement avanc\u00e9, situ\u00e9 rue El Pacha, au c\u0153ur du quartier de Bab Souika.<\/strong><\/em><\/p>\n\n\n\n<!--more-->\n\n\n\n<p>Cette intervention, men\u00e9e en \u00e9troite collaboration avec l\u2019Agence municipale des services environnementaux, l\u2019Association de sauvegarde de la M\u00e9dina de Tunis et la Direction des b\u00e2timents municipaux, indique la municipalit\u00e9 en soulignant son engagement envers la s\u00e9curit\u00e9 de ses citoyens et la pr\u00e9servation de son patrimoine.<\/p>\n\n\n\n<p>Dans son communiqu\u00e9, la municipalit\u00e9 pr\u00e9cise que cette d\u00e9molition fait partie d&rsquo;une s\u00e9rie d&rsquo;actions entreprises par la municipalit\u00e9 pour identifier et traiter les structures repr\u00e9sentant un danger pour la population, en particulier dans la M\u00e9dina, o\u00f9 de nombreux b\u00e2timents anciens sont fragilis\u00e9s par le temps et n\u00e9cessitent une surveillance constante.<\/p>\n\n\n\n<p>L&rsquo;op\u00e9ration s&rsquo;est d\u00e9roul\u00e9e ce jour avec la coordination des diff\u00e9rentes parties prenantes, assurant ainsi une ex\u00e9cution en respect du contexte urbain et patrimonial de la M\u00e9dina.<\/p>\n\n\n\n<p>Les autorit\u00e9s municipales ont indiqu\u00e9 que d&rsquo;autres \u00e9valuations de b\u00e2timents \u00e0 risque sont en cours dans la M\u00e9dina, et que des mesures similaires pourraient \u00eatre prises \u00e0 l&rsquo;avenir si n\u00e9cessaire.<\/p>\n\n\n\n<p class=\"has-text-align-right\"><strong>Y. N.<\/strong><\/p>\n","protected":false},"excerpt":{"rendered":"<p>La municipalit\u00e9 de Tunis a proc\u00e9d\u00e9, ce samedi 19 avril 2025, \u00e0 la d\u00e9molition d\u2019un b\u00e2timent ancien et en \u00e9tat de d\u00e9labrement avanc\u00e9, situ\u00e9 rue El Pacha, au c\u0153ur du quartier de Bab Souika.<\/p>\n","protected":false},"author":6,"featured_media":16230428,"comment_status":"open","ping_status":"open","sticky":false,"template":"","format":"standard","meta":{"footnotes":""},"categories":[998,2433],"tags":[21240,121811,121810,102126,1120,64491,62643],"class_list":["post-16230402","post","type-post","status-publish","format-standard","has-post-thumbnail","hentry","category-societe","category-tunisie","tag-bab-souika","tag-delabrement","tag-el-pacha","tag-medina-2","tag-municipalite","tag-tunis","tag-tunisie"],"yoast_head":"<!-- This site is optimized with the Yoast SEO plugin v26.6 - https:\/\/yoast.com\/wordpress\/plugins\/seo\/ -->\n<title>Tunis | D\u00e9molition d&#039;un b\u00e2timent v\u00e9tuste \u00e0 rue El Pacha - Kapitalis<\/title>\n<meta name=\"robots\" content=\"index, follow, max-snippet:-1, max-image-preview:large, max-video-preview:-1\" \/>\n<link rel=\"canonical\" href=\"https:\/\/kapitalis.com\/tunisie\/2025\/04\/19\/tunis-demolition-dun-batiment-vetuste-a-rue-el-pacha\/\" \/>\n<meta property=\"og:locale\" content=\"fr_FR\" \/>\n<meta property=\"og:type\" content=\"article\" \/>\n<meta property=\"og:title\" content=\"Tunis | D\u00e9molition d&#039;un b\u00e2timent v\u00e9tuste \u00e0 rue El Pacha - Kapitalis\" \/>\n<meta property=\"og:description\" content=\"La municipalit\u00e9 de Tunis a proc\u00e9d\u00e9, ce samedi 19 avril 2025, \u00e0 la d\u00e9molition d\u2019un b\u00e2timent ancien et en \u00e9tat de d\u00e9labrement avanc\u00e9, situ\u00e9 rue El Pacha, au c\u0153ur du quartier de Bab Souika.\" \/>\n<meta property=\"og:url\" content=\"https:\/\/kapitalis.com\/tunisie\/2025\/04\/19\/tunis-demolition-dun-batiment-vetuste-a-rue-el-pacha\/\" \/>\n<meta property=\"og:site_name\" content=\"Kapitalis\" \/>\n<meta property=\"article:publisher\" content=\"https:\/\/www.facebook.com\/KapitalisInfo\/\" \/>\n<meta property=\"article:published_time\" content=\"2025-04-19T21:05:58+00:00\" \/>\n<meta property=\"article:modified_time\" content=\"2025-04-19T22:06:59+00:00\" \/>\n<meta property=\"og:image\" content=\"https:\/\/kapitalis.com\/tunisie\/wp-content\/uploads\/2025\/04\/demolition-rue-El-Pacha.jpg\" \/>\n\t<meta property=\"og:image:width\" content=\"1200\" \/>\n\t<meta property=\"og:image:height\" content=\"630\" \/>\n\t<meta property=\"og:image:type\" content=\"image\/jpeg\" \/>\n<meta name=\"author\" content=\"Yusra NY\" \/>\n<meta name=\"twitter:card\" content=\"summary_large_image\" \/>\n<meta name=\"twitter:creator\" content=\"@KapitalisInfo\" \/>\n<meta name=\"twitter:site\" content=\"@KapitalisInfo\" \/>\n<meta name=\"twitter:label1\" content=\"\u00c9crit par\" \/>\n\t<meta name=\"twitter:data1\" content=\"Yusra NY\" \/>\n\t<meta name=\"twitter:label2\" content=\"Dur\u00e9e de lecture estim\u00e9e\" \/>\n\t<meta name=\"twitter:data2\" content=\"2 minutes\" \/>\n<script type=\"application\/ld+json\" class=\"yoast-schema-graph\">{\"@context\":\"https:\/\/schema.org\",\"@graph\":[{\"@type\":\"Article\",\"@id\":\"https:\/\/kapitalis.com\/tunisie\/2025\/04\/19\/tunis-demolition-dun-batiment-vetuste-a-rue-el-pacha\/#article\",\"isPartOf\":{\"@id\":\"https:\/\/kapitalis.com\/tunisie\/2025\/04\/19\/tunis-demolition-dun-batiment-vetuste-a-rue-el-pacha\/\"},\"author\":{\"name\":\"Yusra NY\",\"@id\":\"https:\/\/kapitalis.com\/tunisie\/#\/schema\/person\/74bbde0154d49d790a92aaeac5bc01d5\"},\"headline\":\"Tunis | D\u00e9molition d&rsquo;un b\u00e2timent v\u00e9tuste \u00e0 rue El Pacha\",\"datePublished\":\"2025-04-19T21:05:58+00:00\",\"dateModified\":\"2025-04-19T22:06:59+00:00\",\"mainEntityOfPage\":{\"@id\":\"https:\/\/kapitalis.com\/tunisie\/2025\/04\/19\/tunis-demolition-dun-batiment-vetuste-a-rue-el-pacha\/\"},\"wordCount\":224,\"commentCount\":0,\"publisher\":{\"@id\":\"https:\/\/kapitalis.com\/tunisie\/#organization\"},\"image\":{\"@id\":\"https:\/\/kapitalis.com\/tunisie\/2025\/04\/19\/tunis-demolition-dun-batiment-vetuste-a-rue-el-pacha\/#primaryimage\"},\"thumbnailUrl\":\"https:\/\/kapitalis.com\/tunisie\/wp-content\/uploads\/2025\/04\/demolition-rue-El-Pacha.jpg\",\"keywords\":[\"Bab Souika\",\"d\u00e9labrement\",\"El Pacha\",\"Medina\",\"municipalit\u00e9\",\"Tunis\",\"Tunisie\"],\"articleSection\":[\"SOCIETE\",\"Tunisie\"],\"inLanguage\":\"fr-FR\",\"potentialAction\":[{\"@type\":\"CommentAction\",\"name\":\"Comment\",\"target\":[\"https:\/\/kapitalis.com\/tunisie\/2025\/04\/19\/tunis-demolition-dun-batiment-vetuste-a-rue-el-pacha\/#respond\"]}]},{\"@type\":\"WebPage\",\"@id\":\"https:\/\/kapitalis.com\/tunisie\/2025\/04\/19\/tunis-demolition-dun-batiment-vetuste-a-rue-el-pacha\/\",\"url\":\"https:\/\/kapitalis.com\/tunisie\/2025\/04\/19\/tunis-demolition-dun-batiment-vetuste-a-rue-el-pacha\/\",\"name\":\"Tunis | D\u00e9molition d'un b\u00e2timent v\u00e9tuste \u00e0 rue El Pacha - Kapitalis\",\"isPartOf\":{\"@id\":\"https:\/\/kapitalis.com\/tunisie\/#website\"},\"primaryImageOfPage\":{\"@id\":\"https:\/\/kapitalis.com\/tunisie\/2025\/04\/19\/tunis-demolition-dun-batiment-vetuste-a-rue-el-pacha\/#primaryimage\"},\"image\":{\"@id\":\"https:\/\/kapitalis.com\/tunisie\/2025\/04\/19\/tunis-demolition-dun-batiment-vetuste-a-rue-el-pacha\/#primaryimage\"},\"thumbnailUrl\":\"https:\/\/kapitalis.com\/tunisie\/wp-content\/uploads\/2025\/04\/demolition-rue-El-Pacha.jpg\",\"datePublished\":\"2025-04-19T21:05:58+00:00\",\"dateModified\":\"2025-04-19T22:06:59+00:00\",\"breadcrumb\":{\"@id\":\"https:\/\/kapitalis.com\/tunisie\/2025\/04\/19\/tunis-demolition-dun-batiment-vetuste-a-rue-el-pacha\/#breadcrumb\"},\"inLanguage\":\"fr-FR\",\"potentialAction\":[{\"@type\":\"ReadAction\",\"target\":[\"https:\/\/kapitalis.com\/tunisie\/2025\/04\/19\/tunis-demolition-dun-batiment-vetuste-a-rue-el-pacha\/\"]}]},{\"@type\":\"ImageObject\",\"inLanguage\":\"fr-FR\",\"@id\":\"https:\/\/kapitalis.com\/tunisie\/2025\/04\/19\/tunis-demolition-dun-batiment-vetuste-a-rue-el-pacha\/#primaryimage\",\"url\":\"https:\/\/kapitalis.com\/tunisie\/wp-content\/uploads\/2025\/04\/demolition-rue-El-Pacha.jpg\",\"contentUrl\":\"https:\/\/kapitalis.com\/tunisie\/wp-content\/uploads\/2025\/04\/demolition-rue-El-Pacha.jpg\",\"width\":1200,\"height\":630},{\"@type\":\"BreadcrumbList\",\"@id\":\"https:\/\/kapitalis.com\/tunisie\/2025\/04\/19\/tunis-demolition-dun-batiment-vetuste-a-rue-el-pacha\/#breadcrumb\",\"itemListElement\":[{\"@type\":\"ListItem\",\"position\":1,\"name\":\"Accueil\",\"item\":\"https:\/\/kapitalis.com\/tunisie\/\"},{\"@type\":\"ListItem\",\"position\":2,\"name\":\"Tunis | D\u00e9molition d&rsquo;un b\u00e2timent v\u00e9tuste \u00e0 rue El Pacha\"}]},{\"@type\":\"WebSite\",\"@id\":\"https:\/\/kapitalis.com\/tunisie\/#website\",\"url\":\"https:\/\/kapitalis.com\/tunisie\/\",\"name\":\"Kapitalis\",\"description\":\"L&#039;actualit\u00e9 en Tunisie et dans le monde\",\"publisher\":{\"@id\":\"https:\/\/kapitalis.com\/tunisie\/#organization\"},\"potentialAction\":[{\"@type\":\"SearchAction\",\"target\":{\"@type\":\"EntryPoint\",\"urlTemplate\":\"https:\/\/kapitalis.com\/tunisie\/?s={search_term_string}\"},\"query-input\":{\"@type\":\"PropertyValueSpecification\",\"valueRequired\":true,\"valueName\":\"search_term_string\"}}],\"inLanguage\":\"fr-FR\"},{\"@type\":\"Organization\",\"@id\":\"https:\/\/kapitalis.com\/tunisie\/#organization\",\"name\":\"Kapitalis\",\"url\":\"https:\/\/kapitalis.com\/tunisie\/\",\"logo\":{\"@type\":\"ImageObject\",\"inLanguage\":\"fr-FR\",\"@id\":\"https:\/\/kapitalis.com\/tunisie\/#\/schema\/logo\/image\/\",\"url\":\"https:\/\/kapitalis.com\/tunisie\/wp-content\/uploads\/2022\/05\/Kapitalis-big-size.png\",\"contentUrl\":\"https:\/\/kapitalis.com\/tunisie\/wp-content\/uploads\/2022\/05\/Kapitalis-big-size.png\",\"width\":5000,\"height\":1500,\"caption\":\"Kapitalis\"},\"image\":{\"@id\":\"https:\/\/kapitalis.com\/tunisie\/#\/schema\/logo\/image\/\"},\"sameAs\":[\"https:\/\/www.facebook.com\/KapitalisInfo\/\",\"https:\/\/x.com\/KapitalisInfo\",\"https:\/\/www.youtube.com\/channel\/UC-yDYrHyfFBWWZaOw3FPg9Q\"]},{\"@type\":\"Person\",\"@id\":\"https:\/\/kapitalis.com\/tunisie\/#\/schema\/person\/74bbde0154d49d790a92aaeac5bc01d5\",\"name\":\"Yusra NY\",\"url\":\"https:\/\/kapitalis.com\/tunisie\/author\/yuza_adam\/\"}]}<\/script>\n<!-- \/ Yoast SEO plugin. -->","yoast_head_json":{"title":"Tunis | D\u00e9molition d'un b\u00e2timent v\u00e9tuste \u00e0 rue El Pacha - Kapitalis","robots":{"index":"index","follow":"follow","max-snippet":"max-snippet:-1","max-image-preview":"max-image-preview:large","max-video-preview":"max-video-preview:-1"},"canonical":"https:\/\/kapitalis.com\/tunisie\/2025\/04\/19\/tunis-demolition-dun-batiment-vetuste-a-rue-el-pacha\/","og_locale":"fr_FR","og_type":"article","og_title":"Tunis | D\u00e9molition d'un b\u00e2timent v\u00e9tuste \u00e0 rue El Pacha - Kapitalis","og_description":"La municipalit\u00e9 de Tunis a proc\u00e9d\u00e9, ce samedi 19 avril 2025, \u00e0 la d\u00e9molition d\u2019un b\u00e2timent ancien et en \u00e9tat de d\u00e9labrement avanc\u00e9, situ\u00e9 rue El Pacha, au c\u0153ur du quartier de Bab Souika.","og_url":"https:\/\/kapitalis.com\/tunisie\/2025\/04\/19\/tunis-demolition-dun-batiment-vetuste-a-rue-el-pacha\/","og_site_name":"Kapitalis","article_publisher":"https:\/\/www.facebook.com\/KapitalisInfo\/","article_published_time":"2025-04-19T21:05:58+00:00","article_modified_time":"2025-04-19T22:06:59+00:00","og_image":[{"width":1200,"height":630,"url":"https:\/\/kapitalis.com\/tunisie\/wp-content\/uploads\/2025\/04\/demolition-rue-El-Pacha.jpg","type":"image\/jpeg"}],"author":"Yusra NY","twitter_card":"summary_large_image","twitter_creator":"@KapitalisInfo","twitter_site":"@KapitalisInfo","twitter_misc":{"\u00c9crit par":"Yusra NY","Dur\u00e9e de lecture estim\u00e9e":"2 minutes"},"schema":{"@context":"https:\/\/schema.org","@graph":[{"@type":"Article","@id":"https:\/\/kapitalis.com\/tunisie\/2025\/04\/19\/tunis-demolition-dun-batiment-vetuste-a-rue-el-pacha\/#article","isPartOf":{"@id":"https:\/\/kapitalis.com\/tunisie\/2025\/04\/19\/tunis-demolition-dun-batiment-vetuste-a-rue-el-pacha\/"},"author":{"name":"Yusra NY","@id":"https:\/\/kapitalis.com\/tunisie\/#\/schema\/person\/74bbde0154d49d790a92aaeac5bc01d5"},"headline":"Tunis | D\u00e9molition d&rsquo;un b\u00e2timent v\u00e9tuste \u00e0 rue El Pacha","datePublished":"2025-04-19T21:05:58+00:00","dateModified":"2025-04-19T22:06:59+00:00","mainEntityOfPage":{"@id":"https:\/\/kapitalis.com\/tunisie\/2025\/04\/19\/tunis-demolition-dun-batiment-vetuste-a-rue-el-pacha\/"},"wordCount":224,"commentCount":0,"publisher":{"@id":"https:\/\/kapitalis.com\/tunisie\/#organization"},"image":{"@id":"https:\/\/kapitalis.com\/tunisie\/2025\/04\/19\/tunis-demolition-dun-batiment-vetuste-a-rue-el-pacha\/#primaryimage"},"thumbnailUrl":"https:\/\/kapitalis.com\/tunisie\/wp-content\/uploads\/2025\/04\/demolition-rue-El-Pacha.jpg","keywords":["Bab Souika","d\u00e9labrement","El Pacha","Medina","municipalit\u00e9","Tunis","Tunisie"],"articleSection":["SOCIETE","Tunisie"],"inLanguage":"fr-FR","potentialAction":[{"@type":"CommentAction","name":"Comment","target":["https:\/\/kapitalis.com\/tunisie\/2025\/04\/19\/tunis-demolition-dun-batiment-vetuste-a-rue-el-pacha\/#respond"]}]},{"@type":"WebPage","@id":"https:\/\/kapitalis.com\/tunisie\/2025\/04\/19\/tunis-demolition-dun-batiment-vetuste-a-rue-el-pacha\/","url":"https:\/\/kapitalis.com\/tunisie\/2025\/04\/19\/tunis-demolition-dun-batiment-vetuste-a-rue-el-pacha\/","name":"Tunis | D\u00e9molition d'un b\u00e2timent v\u00e9tuste \u00e0 rue El Pacha - Kapitalis","isPartOf":{"@id":"https:\/\/kapitalis.com\/tunisie\/#website"},"primaryImageOfPage":{"@id":"https:\/\/kapitalis.com\/tunisie\/2025\/04\/19\/tunis-demolition-dun-batiment-vetuste-a-rue-el-pacha\/#primaryimage"},"image":{"@id":"https:\/\/kapitalis.com\/tunisie\/2025\/04\/19\/tunis-demolition-dun-batiment-vetuste-a-rue-el-pacha\/#primaryimage"},"thumbnailUrl":"https:\/\/kapitalis.com\/tunisie\/wp-content\/uploads\/2025\/04\/demolition-rue-El-Pacha.jpg","datePublished":"2025-04-19T21:05:58+00:00","dateModified":"2025-04-19T22:06:59+00:00","breadcrumb":{"@id":"https:\/\/kapitalis.com\/tunisie\/2025\/04\/19\/tunis-demolition-dun-batiment-vetuste-a-rue-el-pacha\/#breadcrumb"},"inLanguage":"fr-FR","potentialAction":[{"@type":"ReadAction","target":["https:\/\/kapitalis.com\/tunisie\/2025\/04\/19\/tunis-demolition-dun-batiment-vetuste-a-rue-el-pacha\/"]}]},{"@type":"ImageObject","inLanguage":"fr-FR","@id":"https:\/\/kapitalis.com\/tunisie\/2025\/04\/19\/tunis-demolition-dun-batiment-vetuste-a-rue-el-pacha\/#primaryimage","url":"https:\/\/kapitalis.com\/tunisie\/wp-content\/uploads\/2025\/04\/demolition-rue-El-Pacha.jpg","contentUrl":"https:\/\/kapitalis.com\/tunisie\/wp-content\/uploads\/2025\/04\/demolition-rue-El-Pacha.jpg","width":1200,"height":630},{"@type":"BreadcrumbList","@id":"https:\/\/kapitalis.com\/tunisie\/2025\/04\/19\/tunis-demolition-dun-batiment-vetuste-a-rue-el-pacha\/#breadcrumb","itemListElement":[{"@type":"ListItem","position":1,"name":"Accueil","item":"https:\/\/kapitalis.com\/tunisie\/"},{"@type":"ListItem","position":2,"name":"Tunis | D\u00e9molition d&rsquo;un b\u00e2timent v\u00e9tuste \u00e0 rue El Pacha"}]},{"@type":"WebSite","@id":"https:\/\/kapitalis.com\/tunisie\/#website","url":"https:\/\/kapitalis.com\/tunisie\/","name":"Kapitalis","description":"L&#039;actualit\u00e9 en Tunisie et dans le monde","publisher":{"@id":"https:\/\/kapitalis.com\/tunisie\/#organization"},"potentialAction":[{"@type":"SearchAction","target":{"@type":"EntryPoint","urlTemplate":"https:\/\/kapitalis.com\/tunisie\/?s={search_term_string}"},"query-input":{"@type":"PropertyValueSpecification","valueRequired":true,"valueName":"search_term_string"}}],"inLanguage":"fr-FR"},{"@type":"Organization","@id":"https:\/\/kapitalis.com\/tunisie\/#organization","name":"Kapitalis","url":"https:\/\/kapitalis.com\/tunisie\/","logo":{"@type":"ImageObject","inLanguage":"fr-FR","@id":"https:\/\/kapitalis.com\/tunisie\/#\/schema\/logo\/image\/","url":"https:\/\/kapitalis.com\/tunisie\/wp-content\/uploads\/2022\/05\/Kapitalis-big-size.png","contentUrl":"https:\/\/kapitalis.com\/tunisie\/wp-content\/uploads\/2022\/05\/Kapitalis-big-size.png","width":5000,"height":1500,"caption":"Kapitalis"},"image":{"@id":"https:\/\/kapitalis.com\/tunisie\/#\/schema\/logo\/image\/"},"sameAs":["https:\/\/www.facebook.com\/KapitalisInfo\/","https:\/\/x.com\/KapitalisInfo","https:\/\/www.youtube.com\/channel\/UC-yDYrHyfFBWWZaOw3FPg9Q"]},{"@type":"Person","@id":"https:\/\/kapitalis.com\/tunisie\/#\/schema\/person\/74bbde0154d49d790a92aaeac5bc01d5","name":"Yusra NY","url":"https:\/\/kapitalis.com\/tunisie\/author\/yuza_adam\/"}]}},"_links":{"self":[{"href":"https:\/\/kapitalis.com\/tunisie\/wp-json\/wp\/v2\/posts\/16230402","targetHints":{"allow":["GET"]}}],"collection":[{"href":"https:\/\/kapitalis.com\/tunisie\/wp-json\/wp\/v2\/posts"}],"about":[{"href":"https:\/\/kapitalis.com\/tunisie\/wp-json\/wp\/v2\/types\/post"}],"author":[{"embeddable":true,"href":"https:\/\/kapitalis.com\/tunisie\/wp-json\/wp\/v2\/users\/6"}],"replies":[{"embeddable":true,"href":"https:\/\/kapitalis.com\/tunisie\/wp-json\/wp\/v2\/comments?post=16230402"}],"version-history":[{"count":1,"href":"https:\/\/kapitalis.com\/tunisie\/wp-json\/wp\/v2\/posts\/16230402\/revisions"}],"predecessor-version":[{"id":16230431,"href":"https:\/\/kapitalis.com\/tunisie\/wp-json\/wp\/v2\/posts\/16230402\/revisions\/16230431"}],"wp:featuredmedia":[{"embeddable":true,"href":"https:\/\/kapitalis.com\/tunisie\/wp-json\/wp\/v2\/media\/16230428"}],"wp:attachment":[{"href":"https:\/\/kapitalis.com\/tunisie\/wp-json\/wp\/v2\/media?parent=16230402"}],"wp:term":[{"taxonomy":"category","embeddable":true,"href":"https:\/\/kapitalis.com\/tunisie\/wp-json\/wp\/v2\/categories?post=16230402"},{"taxonomy":"post_tag","embeddable":true,"href":"https:\/\/kapitalis.com\/tunisie\/wp-json\/wp\/v2\/tags?post=16230402"}],"curies":[{"name":"wp","href":"https:\/\/api.w.org\/{rel}","templated":true}]}}