{"id":16232711,"date":"2025-04-20T10:11:38","date_gmt":"2025-04-20T09:11:38","guid":{"rendered":"https:\/\/kapitalis.com\/tunisie\/?p=16232711"},"modified":"2025-04-20T10:11:40","modified_gmt":"2025-04-20T09:11:40","slug":"rabaa-abdelkefi-un-proces-qui-a-mis-a-mort-la-justice","status":"publish","type":"post","link":"https:\/\/kapitalis.com\/tunisie\/2025\/04\/20\/rabaa-abdelkefi-un-proces-qui-a-mis-a-mort-la-justice\/","title":{"rendered":"Rab\u00e2a Abdelk\u00e9fi\u00a0| \u00abUn proc\u00e8s qui a mis \u00e0 mort la Justice\u00bb"},"content":{"rendered":"\n<p><strong><em>Commentant les lourdes peines allant jusqu\u2019\u00e0 66 ans de prison d\u00e9cid\u00e9e hier, samedi 19 avril 2025, contre la quarantaine de pr\u00e9venus dans l\u2019affaire dite de \u00abcomplot contre l\u2019Etat\u00bb, l\u2019\u00e9crivaine et universitaire <a href=\"https:\/\/www.facebook.com\/rabaa.abdelkefi\" target=\"_blank\" rel=\"noreferrer noopener\">Rab\u00e2a Abdelk\u00e9fi<\/a> a publi\u00e9 le poste suivant o\u00f9 elle parle d\u2019un proc\u00e8s qui a \u00abmis \u00e0 mort la Justice\u00bb.<\/em><\/strong><\/p>\n\n\n\n<!--more-->\n\n\n\n<p><em>\u00abAux d\u00e9tenus politiques ou d&rsquo;opinion, quel que soit leur bord, \u00e0 ceux qui me sont proches comme \u00e0 ceux que je ne connais pas, \u00e0 leurs familles, \u00e0 leurs amis, \u00e0 ceux qui les soutiennent, \u00e0 ceux qui aspirent \u00e0 vivre dans un pays d\u00e9mocratique, ma compassion et mon ind\u00e9fectible soutien.<\/em><strong><em><\/em><\/strong><\/p>\n\n\n\n<p><em>\u00abL\u2019iniquit\u00e9 de ce proc\u00e8s blesse la citoyenne que je croyais pouvoir \u00eatre et, s\u2019il a mis \u00e0 mort la Justice, il n\u2019aura r\u00e9ussi qu\u2019\u00e0 exacerber notre r\u00e9volte, notre capacit\u00e9 de r\u00e9sistance aux passe-droits, aux abus de pouvoir, \u00e0 la r\u00e9pression, au musellement des m\u00e9dias et des voix libres.<\/em><strong><em><\/em><\/strong><\/p>\n\n\n\n<p><em>Sachez que nous sommes \u00e0 vos c\u00f4t\u00e9s et que nous partageons le sentiment d\u2019accablement qui vous touche comme votre volont\u00e9 \u00e0 faire face \u00e0 l\u2019adversit\u00e9.\u00bb<\/em><strong><em><\/em><\/strong><\/p>\n\n\n<div class=\"wp-block-image\">\n<figure class=\"aligncenter size-full\"><img loading=\"lazy\" decoding=\"async\" width=\"800\" height=\"400\" src=\"https:\/\/kapitalis.com\/tunisie\/wp-content\/uploads\/2025\/04\/Poste-Rabaa.jpg\" alt=\"\" class=\"wp-image-16232720\" srcset=\"https:\/\/kapitalis.com\/tunisie\/wp-content\/uploads\/2025\/04\/Poste-Rabaa.jpg 800w, https:\/\/kapitalis.com\/tunisie\/wp-content\/uploads\/2025\/04\/Poste-Rabaa-300x150.jpg 300w, https:\/\/kapitalis.com\/tunisie\/wp-content\/uploads\/2025\/04\/Poste-Rabaa-768x384.jpg 768w, https:\/\/kapitalis.com\/tunisie\/wp-content\/uploads\/2025\/04\/Poste-Rabaa-580x290.jpg 580w\" sizes=\"auto, (max-width: 800px) 100vw, 800px\" \/><\/figure>\n<\/div>\n\n\n<p><\/p>\n\n\n\n<p><\/p>\n","protected":false},"excerpt":{"rendered":"<p>Selon l&rsquo;\u00e9crivaine Rab\u00e2a Abdelk\u00e9fi, le proc\u00e8s de complot contre l&rsquo;Etat a \u00abmis \u00e0 mort la Justice\u00bb en Tunisie.<\/p>\n","protected":false},"author":8,"featured_media":15797880,"comment_status":"open","ping_status":"open","sticky":false,"template":"","format":"standard","meta":{"footnotes":""},"categories":[997,1000,2433],"tags":[5102,110761,64355,121822],"class_list":["post-16232711","post","type-post","status-publish","format-standard","has-post-thumbnail","hentry","category-politique","category-tribune","category-tunisie","tag-abus-de-pouvoir","tag-complot-contre-letat-4","tag-justice","tag-rabaa-abdelkefi"],"yoast_head":"<!-- This site is optimized with the Yoast SEO plugin v26.6 - https:\/\/yoast.com\/wordpress\/plugins\/seo\/ -->\n<title>Rab\u00e2a Abdelk\u00e9fi\u00a0| \u00abUn proc\u00e8s qui a mis \u00e0 mort la Justice\u00bb - Kapitalis<\/title>\n<meta name=\"robots\" content=\"index, follow, max-snippet:-1, max-image-preview:large, max-video-preview:-1\" \/>\n<link rel=\"canonical\" href=\"https:\/\/kapitalis.com\/tunisie\/2025\/04\/20\/rabaa-abdelkefi-un-proces-qui-a-mis-a-mort-la-justice\/\" \/>\n<meta property=\"og:locale\" content=\"fr_FR\" \/>\n<meta property=\"og:type\" content=\"article\" \/>\n<meta property=\"og:title\" content=\"Rab\u00e2a Abdelk\u00e9fi\u00a0| \u00abUn proc\u00e8s qui a mis \u00e0 mort la Justice\u00bb - Kapitalis\" \/>\n<meta property=\"og:description\" content=\"Selon l&#039;\u00e9crivaine Rab\u00e2a Abdelk\u00e9fi, le proc\u00e8s de complot contre l&#039;Etat a \u00abmis \u00e0 mort la Justice\u00bb en Tunisie.\" \/>\n<meta property=\"og:url\" content=\"https:\/\/kapitalis.com\/tunisie\/2025\/04\/20\/rabaa-abdelkefi-un-proces-qui-a-mis-a-mort-la-justice\/\" \/>\n<meta property=\"og:site_name\" content=\"Kapitalis\" \/>\n<meta property=\"article:publisher\" content=\"https:\/\/www.facebook.com\/KapitalisInfo\/\" \/>\n<meta property=\"article:published_time\" content=\"2025-04-20T09:11:38+00:00\" \/>\n<meta property=\"article:modified_time\" content=\"2025-04-20T09:11:40+00:00\" \/>\n<meta property=\"og:image\" content=\"https:\/\/kapitalis.com\/tunisie\/wp-content\/uploads\/2025\/03\/Affaire-du-complot-Sit-in-de-solidarite2.jpg\" \/>\n\t<meta property=\"og:image:width\" content=\"1200\" \/>\n\t<meta property=\"og:image:height\" content=\"630\" \/>\n\t<meta property=\"og:image:type\" content=\"image\/jpeg\" \/>\n<meta name=\"author\" content=\"webmaster kapitalis\" \/>\n<meta name=\"twitter:card\" content=\"summary_large_image\" \/>\n<meta name=\"twitter:creator\" content=\"@KapitalisInfo\" \/>\n<meta name=\"twitter:site\" content=\"@KapitalisInfo\" \/>\n<meta name=\"twitter:label1\" content=\"\u00c9crit par\" \/>\n\t<meta name=\"twitter:data1\" content=\"webmaster kapitalis\" \/>\n\t<meta name=\"twitter:label2\" content=\"Dur\u00e9e de lecture estim\u00e9e\" \/>\n\t<meta name=\"twitter:data2\" content=\"2 minutes\" \/>\n<script type=\"application\/ld+json\" class=\"yoast-schema-graph\">{\"@context\":\"https:\/\/schema.org\",\"@graph\":[{\"@type\":\"Article\",\"@id\":\"https:\/\/kapitalis.com\/tunisie\/2025\/04\/20\/rabaa-abdelkefi-un-proces-qui-a-mis-a-mort-la-justice\/#article\",\"isPartOf\":{\"@id\":\"https:\/\/kapitalis.com\/tunisie\/2025\/04\/20\/rabaa-abdelkefi-un-proces-qui-a-mis-a-mort-la-justice\/\"},\"author\":{\"name\":\"webmaster kapitalis\",\"@id\":\"https:\/\/kapitalis.com\/tunisie\/#\/schema\/person\/d71f33a9ca44f7bad4698210b480c8e9\"},\"headline\":\"Rab\u00e2a Abdelk\u00e9fi\u00a0| \u00abUn proc\u00e8s qui a mis \u00e0 mort la Justice\u00bb\",\"datePublished\":\"2025-04-20T09:11:38+00:00\",\"dateModified\":\"2025-04-20T09:11:40+00:00\",\"mainEntityOfPage\":{\"@id\":\"https:\/\/kapitalis.com\/tunisie\/2025\/04\/20\/rabaa-abdelkefi-un-proces-qui-a-mis-a-mort-la-justice\/\"},\"wordCount\":197,\"commentCount\":0,\"publisher\":{\"@id\":\"https:\/\/kapitalis.com\/tunisie\/#organization\"},\"image\":{\"@id\":\"https:\/\/kapitalis.com\/tunisie\/2025\/04\/20\/rabaa-abdelkefi-un-proces-qui-a-mis-a-mort-la-justice\/#primaryimage\"},\"thumbnailUrl\":\"https:\/\/kapitalis.com\/tunisie\/wp-content\/uploads\/2025\/03\/Affaire-du-complot-Sit-in-de-solidarite2.jpg\",\"keywords\":[\"abus de pouvoir\",\"complot contre l\u2019Etat\",\"justice\",\"Rab\u00e2a Abdelk\u00e9fi\"],\"articleSection\":[\"POLITIQUE\",\"TRIBUNE\",\"Tunisie\"],\"inLanguage\":\"fr-FR\",\"potentialAction\":[{\"@type\":\"CommentAction\",\"name\":\"Comment\",\"target\":[\"https:\/\/kapitalis.com\/tunisie\/2025\/04\/20\/rabaa-abdelkefi-un-proces-qui-a-mis-a-mort-la-justice\/#respond\"]}]},{\"@type\":\"WebPage\",\"@id\":\"https:\/\/kapitalis.com\/tunisie\/2025\/04\/20\/rabaa-abdelkefi-un-proces-qui-a-mis-a-mort-la-justice\/\",\"url\":\"https:\/\/kapitalis.com\/tunisie\/2025\/04\/20\/rabaa-abdelkefi-un-proces-qui-a-mis-a-mort-la-justice\/\",\"name\":\"Rab\u00e2a Abdelk\u00e9fi\u00a0| \u00abUn proc\u00e8s qui a mis \u00e0 mort la Justice\u00bb - Kapitalis\",\"isPartOf\":{\"@id\":\"https:\/\/kapitalis.com\/tunisie\/#website\"},\"primaryImageOfPage\":{\"@id\":\"https:\/\/kapitalis.com\/tunisie\/2025\/04\/20\/rabaa-abdelkefi-un-proces-qui-a-mis-a-mort-la-justice\/#primaryimage\"},\"image\":{\"@id\":\"https:\/\/kapitalis.com\/tunisie\/2025\/04\/20\/rabaa-abdelkefi-un-proces-qui-a-mis-a-mort-la-justice\/#primaryimage\"},\"thumbnailUrl\":\"https:\/\/kapitalis.com\/tunisie\/wp-content\/uploads\/2025\/03\/Affaire-du-complot-Sit-in-de-solidarite2.jpg\",\"datePublished\":\"2025-04-20T09:11:38+00:00\",\"dateModified\":\"2025-04-20T09:11:40+00:00\",\"breadcrumb\":{\"@id\":\"https:\/\/kapitalis.com\/tunisie\/2025\/04\/20\/rabaa-abdelkefi-un-proces-qui-a-mis-a-mort-la-justice\/#breadcrumb\"},\"inLanguage\":\"fr-FR\",\"potentialAction\":[{\"@type\":\"ReadAction\",\"target\":[\"https:\/\/kapitalis.com\/tunisie\/2025\/04\/20\/rabaa-abdelkefi-un-proces-qui-a-mis-a-mort-la-justice\/\"]}]},{\"@type\":\"ImageObject\",\"inLanguage\":\"fr-FR\",\"@id\":\"https:\/\/kapitalis.com\/tunisie\/2025\/04\/20\/rabaa-abdelkefi-un-proces-qui-a-mis-a-mort-la-justice\/#primaryimage\",\"url\":\"https:\/\/kapitalis.com\/tunisie\/wp-content\/uploads\/2025\/03\/Affaire-du-complot-Sit-in-de-solidarite2.jpg\",\"contentUrl\":\"https:\/\/kapitalis.com\/tunisie\/wp-content\/uploads\/2025\/03\/Affaire-du-complot-Sit-in-de-solidarite2.jpg\",\"width\":1200,\"height\":630},{\"@type\":\"BreadcrumbList\",\"@id\":\"https:\/\/kapitalis.com\/tunisie\/2025\/04\/20\/rabaa-abdelkefi-un-proces-qui-a-mis-a-mort-la-justice\/#breadcrumb\",\"itemListElement\":[{\"@type\":\"ListItem\",\"position\":1,\"name\":\"Accueil\",\"item\":\"https:\/\/kapitalis.com\/tunisie\/\"},{\"@type\":\"ListItem\",\"position\":2,\"name\":\"Rab\u00e2a Abdelk\u00e9fi\u00a0| \u00abUn proc\u00e8s qui a mis \u00e0 mort la Justice\u00bb\"}]},{\"@type\":\"WebSite\",\"@id\":\"https:\/\/kapitalis.com\/tunisie\/#website\",\"url\":\"https:\/\/kapitalis.com\/tunisie\/\",\"name\":\"Kapitalis\",\"description\":\"L&#039;actualit\u00e9 en Tunisie et dans le monde\",\"publisher\":{\"@id\":\"https:\/\/kapitalis.com\/tunisie\/#organization\"},\"potentialAction\":[{\"@type\":\"SearchAction\",\"target\":{\"@type\":\"EntryPoint\",\"urlTemplate\":\"https:\/\/kapitalis.com\/tunisie\/?s={search_term_string}\"},\"query-input\":{\"@type\":\"PropertyValueSpecification\",\"valueRequired\":true,\"valueName\":\"search_term_string\"}}],\"inLanguage\":\"fr-FR\"},{\"@type\":\"Organization\",\"@id\":\"https:\/\/kapitalis.com\/tunisie\/#organization\",\"name\":\"Kapitalis\",\"url\":\"https:\/\/kapitalis.com\/tunisie\/\",\"logo\":{\"@type\":\"ImageObject\",\"inLanguage\":\"fr-FR\",\"@id\":\"https:\/\/kapitalis.com\/tunisie\/#\/schema\/logo\/image\/\",\"url\":\"https:\/\/kapitalis.com\/tunisie\/wp-content\/uploads\/2022\/05\/Kapitalis-big-size.png\",\"contentUrl\":\"https:\/\/kapitalis.com\/tunisie\/wp-content\/uploads\/2022\/05\/Kapitalis-big-size.png\",\"width\":5000,\"height\":1500,\"caption\":\"Kapitalis\"},\"image\":{\"@id\":\"https:\/\/kapitalis.com\/tunisie\/#\/schema\/logo\/image\/\"},\"sameAs\":[\"https:\/\/www.facebook.com\/KapitalisInfo\/\",\"https:\/\/x.com\/KapitalisInfo\",\"https:\/\/www.youtube.com\/channel\/UC-yDYrHyfFBWWZaOw3FPg9Q\"]},{\"@type\":\"Person\",\"@id\":\"https:\/\/kapitalis.com\/tunisie\/#\/schema\/person\/d71f33a9ca44f7bad4698210b480c8e9\",\"name\":\"webmaster kapitalis\",\"url\":\"https:\/\/kapitalis.com\/tunisie\/author\/webmaster-kapitalis\/\"}]}<\/script>\n<!-- \/ Yoast SEO plugin. -->","yoast_head_json":{"title":"Rab\u00e2a Abdelk\u00e9fi\u00a0| \u00abUn proc\u00e8s qui a mis \u00e0 mort la Justice\u00bb - Kapitalis","robots":{"index":"index","follow":"follow","max-snippet":"max-snippet:-1","max-image-preview":"max-image-preview:large","max-video-preview":"max-video-preview:-1"},"canonical":"https:\/\/kapitalis.com\/tunisie\/2025\/04\/20\/rabaa-abdelkefi-un-proces-qui-a-mis-a-mort-la-justice\/","og_locale":"fr_FR","og_type":"article","og_title":"Rab\u00e2a Abdelk\u00e9fi\u00a0| \u00abUn proc\u00e8s qui a mis \u00e0 mort la Justice\u00bb - Kapitalis","og_description":"Selon l'\u00e9crivaine Rab\u00e2a Abdelk\u00e9fi, le proc\u00e8s de complot contre l'Etat a \u00abmis \u00e0 mort la Justice\u00bb en Tunisie.","og_url":"https:\/\/kapitalis.com\/tunisie\/2025\/04\/20\/rabaa-abdelkefi-un-proces-qui-a-mis-a-mort-la-justice\/","og_site_name":"Kapitalis","article_publisher":"https:\/\/www.facebook.com\/KapitalisInfo\/","article_published_time":"2025-04-20T09:11:38+00:00","article_modified_time":"2025-04-20T09:11:40+00:00","og_image":[{"width":1200,"height":630,"url":"https:\/\/kapitalis.com\/tunisie\/wp-content\/uploads\/2025\/03\/Affaire-du-complot-Sit-in-de-solidarite2.jpg","type":"image\/jpeg"}],"author":"webmaster kapitalis","twitter_card":"summary_large_image","twitter_creator":"@KapitalisInfo","twitter_site":"@KapitalisInfo","twitter_misc":{"\u00c9crit par":"webmaster kapitalis","Dur\u00e9e de lecture estim\u00e9e":"2 minutes"},"schema":{"@context":"https:\/\/schema.org","@graph":[{"@type":"Article","@id":"https:\/\/kapitalis.com\/tunisie\/2025\/04\/20\/rabaa-abdelkefi-un-proces-qui-a-mis-a-mort-la-justice\/#article","isPartOf":{"@id":"https:\/\/kapitalis.com\/tunisie\/2025\/04\/20\/rabaa-abdelkefi-un-proces-qui-a-mis-a-mort-la-justice\/"},"author":{"name":"webmaster kapitalis","@id":"https:\/\/kapitalis.com\/tunisie\/#\/schema\/person\/d71f33a9ca44f7bad4698210b480c8e9"},"headline":"Rab\u00e2a Abdelk\u00e9fi\u00a0| \u00abUn proc\u00e8s qui a mis \u00e0 mort la Justice\u00bb","datePublished":"2025-04-20T09:11:38+00:00","dateModified":"2025-04-20T09:11:40+00:00","mainEntityOfPage":{"@id":"https:\/\/kapitalis.com\/tunisie\/2025\/04\/20\/rabaa-abdelkefi-un-proces-qui-a-mis-a-mort-la-justice\/"},"wordCount":197,"commentCount":0,"publisher":{"@id":"https:\/\/kapitalis.com\/tunisie\/#organization"},"image":{"@id":"https:\/\/kapitalis.com\/tunisie\/2025\/04\/20\/rabaa-abdelkefi-un-proces-qui-a-mis-a-mort-la-justice\/#primaryimage"},"thumbnailUrl":"https:\/\/kapitalis.com\/tunisie\/wp-content\/uploads\/2025\/03\/Affaire-du-complot-Sit-in-de-solidarite2.jpg","keywords":["abus de pouvoir","complot contre l\u2019Etat","justice","Rab\u00e2a Abdelk\u00e9fi"],"articleSection":["POLITIQUE","TRIBUNE","Tunisie"],"inLanguage":"fr-FR","potentialAction":[{"@type":"CommentAction","name":"Comment","target":["https:\/\/kapitalis.com\/tunisie\/2025\/04\/20\/rabaa-abdelkefi-un-proces-qui-a-mis-a-mort-la-justice\/#respond"]}]},{"@type":"WebPage","@id":"https:\/\/kapitalis.com\/tunisie\/2025\/04\/20\/rabaa-abdelkefi-un-proces-qui-a-mis-a-mort-la-justice\/","url":"https:\/\/kapitalis.com\/tunisie\/2025\/04\/20\/rabaa-abdelkefi-un-proces-qui-a-mis-a-mort-la-justice\/","name":"Rab\u00e2a Abdelk\u00e9fi\u00a0| \u00abUn proc\u00e8s qui a mis \u00e0 mort la Justice\u00bb - Kapitalis","isPartOf":{"@id":"https:\/\/kapitalis.com\/tunisie\/#website"},"primaryImageOfPage":{"@id":"https:\/\/kapitalis.com\/tunisie\/2025\/04\/20\/rabaa-abdelkefi-un-proces-qui-a-mis-a-mort-la-justice\/#primaryimage"},"image":{"@id":"https:\/\/kapitalis.com\/tunisie\/2025\/04\/20\/rabaa-abdelkefi-un-proces-qui-a-mis-a-mort-la-justice\/#primaryimage"},"thumbnailUrl":"https:\/\/kapitalis.com\/tunisie\/wp-content\/uploads\/2025\/03\/Affaire-du-complot-Sit-in-de-solidarite2.jpg","datePublished":"2025-04-20T09:11:38+00:00","dateModified":"2025-04-20T09:11:40+00:00","breadcrumb":{"@id":"https:\/\/kapitalis.com\/tunisie\/2025\/04\/20\/rabaa-abdelkefi-un-proces-qui-a-mis-a-mort-la-justice\/#breadcrumb"},"inLanguage":"fr-FR","potentialAction":[{"@type":"ReadAction","target":["https:\/\/kapitalis.com\/tunisie\/2025\/04\/20\/rabaa-abdelkefi-un-proces-qui-a-mis-a-mort-la-justice\/"]}]},{"@type":"ImageObject","inLanguage":"fr-FR","@id":"https:\/\/kapitalis.com\/tunisie\/2025\/04\/20\/rabaa-abdelkefi-un-proces-qui-a-mis-a-mort-la-justice\/#primaryimage","url":"https:\/\/kapitalis.com\/tunisie\/wp-content\/uploads\/2025\/03\/Affaire-du-complot-Sit-in-de-solidarite2.jpg","contentUrl":"https:\/\/kapitalis.com\/tunisie\/wp-content\/uploads\/2025\/03\/Affaire-du-complot-Sit-in-de-solidarite2.jpg","width":1200,"height":630},{"@type":"BreadcrumbList","@id":"https:\/\/kapitalis.com\/tunisie\/2025\/04\/20\/rabaa-abdelkefi-un-proces-qui-a-mis-a-mort-la-justice\/#breadcrumb","itemListElement":[{"@type":"ListItem","position":1,"name":"Accueil","item":"https:\/\/kapitalis.com\/tunisie\/"},{"@type":"ListItem","position":2,"name":"Rab\u00e2a Abdelk\u00e9fi\u00a0| \u00abUn proc\u00e8s qui a mis \u00e0 mort la Justice\u00bb"}]},{"@type":"WebSite","@id":"https:\/\/kapitalis.com\/tunisie\/#website","url":"https:\/\/kapitalis.com\/tunisie\/","name":"Kapitalis","description":"L&#039;actualit\u00e9 en Tunisie et dans le monde","publisher":{"@id":"https:\/\/kapitalis.com\/tunisie\/#organization"},"potentialAction":[{"@type":"SearchAction","target":{"@type":"EntryPoint","urlTemplate":"https:\/\/kapitalis.com\/tunisie\/?s={search_term_string}"},"query-input":{"@type":"PropertyValueSpecification","valueRequired":true,"valueName":"search_term_string"}}],"inLanguage":"fr-FR"},{"@type":"Organization","@id":"https:\/\/kapitalis.com\/tunisie\/#organization","name":"Kapitalis","url":"https:\/\/kapitalis.com\/tunisie\/","logo":{"@type":"ImageObject","inLanguage":"fr-FR","@id":"https:\/\/kapitalis.com\/tunisie\/#\/schema\/logo\/image\/","url":"https:\/\/kapitalis.com\/tunisie\/wp-content\/uploads\/2022\/05\/Kapitalis-big-size.png","contentUrl":"https:\/\/kapitalis.com\/tunisie\/wp-content\/uploads\/2022\/05\/Kapitalis-big-size.png","width":5000,"height":1500,"caption":"Kapitalis"},"image":{"@id":"https:\/\/kapitalis.com\/tunisie\/#\/schema\/logo\/image\/"},"sameAs":["https:\/\/www.facebook.com\/KapitalisInfo\/","https:\/\/x.com\/KapitalisInfo","https:\/\/www.youtube.com\/channel\/UC-yDYrHyfFBWWZaOw3FPg9Q"]},{"@type":"Person","@id":"https:\/\/kapitalis.com\/tunisie\/#\/schema\/person\/d71f33a9ca44f7bad4698210b480c8e9","name":"webmaster kapitalis","url":"https:\/\/kapitalis.com\/tunisie\/author\/webmaster-kapitalis\/"}]}},"_links":{"self":[{"href":"https:\/\/kapitalis.com\/tunisie\/wp-json\/wp\/v2\/posts\/16232711","targetHints":{"allow":["GET"]}}],"collection":[{"href":"https:\/\/kapitalis.com\/tunisie\/wp-json\/wp\/v2\/posts"}],"about":[{"href":"https:\/\/kapitalis.com\/tunisie\/wp-json\/wp\/v2\/types\/post"}],"author":[{"embeddable":true,"href":"https:\/\/kapitalis.com\/tunisie\/wp-json\/wp\/v2\/users\/8"}],"replies":[{"embeddable":true,"href":"https:\/\/kapitalis.com\/tunisie\/wp-json\/wp\/v2\/comments?post=16232711"}],"version-history":[{"count":1,"href":"https:\/\/kapitalis.com\/tunisie\/wp-json\/wp\/v2\/posts\/16232711\/revisions"}],"predecessor-version":[{"id":16232729,"href":"https:\/\/kapitalis.com\/tunisie\/wp-json\/wp\/v2\/posts\/16232711\/revisions\/16232729"}],"wp:featuredmedia":[{"embeddable":true,"href":"https:\/\/kapitalis.com\/tunisie\/wp-json\/wp\/v2\/media\/15797880"}],"wp:attachment":[{"href":"https:\/\/kapitalis.com\/tunisie\/wp-json\/wp\/v2\/media?parent=16232711"}],"wp:term":[{"taxonomy":"category","embeddable":true,"href":"https:\/\/kapitalis.com\/tunisie\/wp-json\/wp\/v2\/categories?post=16232711"},{"taxonomy":"post_tag","embeddable":true,"href":"https:\/\/kapitalis.com\/tunisie\/wp-json\/wp\/v2\/tags?post=16232711"}],"curies":[{"name":"wp","href":"https:\/\/api.w.org\/{rel}","templated":true}]}}