{"id":16232936,"date":"2025-04-20T10:57:51","date_gmt":"2025-04-20T09:57:51","guid":{"rendered":"https:\/\/kapitalis.com\/tunisie\/?p=16232936"},"modified":"2025-04-20T10:57:53","modified_gmt":"2025-04-20T09:57:53","slug":"nejib-et-issam-chebbi-condamnes-a-18-ans-de-prison-le-jour-de-commemoration-de-la-mort-de-leur-pere","status":"publish","type":"post","link":"https:\/\/kapitalis.com\/tunisie\/2025\/04\/20\/nejib-et-issam-chebbi-condamnes-a-18-ans-de-prison-le-jour-de-commemoration-de-la-mort-de-leur-pere\/","title":{"rendered":"N\u00e9jib et Issam Chebbi condamn\u00e9s \u00e0 18 ans de prison, le jour de comm\u00e9moration de la mort de leur p\u00e8re"},"content":{"rendered":"\n<p><strong><em>Issam Chebbi, secr\u00e9taire g\u00e9n\u00e9ral du Parti R\u00e9publicain, et son fr\u00e8re a\u00een\u00e9 N\u00e9jib Chebbi, pr\u00e9sident du Front national du salut, ont \u00e9t\u00e9 condamn\u00e9s \u00e0 18 ans de prison dans l\u2019affaire dite de \u00abcomplot contre l\u2019Etat\u00bb,<strong><em> samedi 19 avril 2025,<\/em><\/strong><\/em><\/strong> <strong><em>le jour m\u00eame de la comm\u00e9moration du d\u00e9c\u00e8s de leur p\u00e8re, Abdelaziz Chebbi, l\u2019ancien b\u00e2tonnier de l&rsquo;Ordre des avocats.<\/em><\/strong><\/p>\n\n\n\n<!--more-->\n\n\n\n<p>C\u2019est ce qu\u2019a rapport\u00e9 Faiza Rahem, l\u2019\u00e9pouse d&rsquo;Issam Chebbi, dans un <a href=\"https:\/\/www.facebook.com\/faiza.rahem\" target=\"_blank\" rel=\"noreferrer noopener\">poste Facebook<\/a> sous le titre <em>\u00abC\u2019est ainsi que l\u2019on enterre la justice\u00bb<\/em> o\u00f9 elle \u00e9crit que l\u2019ancien b\u00e2tonnier <em>\u00abavait appris \u00e0 ses enfants l\u2019amour de la patrie, l\u2019attachement \u00e0 la v\u00e9rit\u00e9, \u00e0 la libert\u00e9 et \u00e0 la dignit\u00e9\u00bb<\/em>, ajoutant que <em>\u00abN\u00e9jib et Issam Chebbi ont \u00e9cop\u00e9 de dix-huit ans de prison pour avoir seulement exprim\u00e9 leur opinion et fait face au despotisme\u00bb<\/em>.<\/p>\n\n\n\n<p><em>\u00abMalgr\u00e9 la douleur et le choc de ce verdict injuste, nous sommes plus d\u00e9termin\u00e9s qu\u2019auparavant \u00e0 poursuivre sur la m\u00eame voie. L\u2019injustice ne nous fera pas peur et la r\u00e9pression ne nous d\u00e9tournera pas du droit qui ne saurait \u00eatre vaincu car celui qui avance sur la voie de la libert\u00e9 ne saurait revenir en arri\u00e8re\u00bb<\/em>, a \u00e9crit Faiza Rahem dans son poste. Et d\u2019ajouter\u00a0: <em>\u00abJe suis certaine que si leur p\u00e8re \u00e9tait encore vivant, il aurait gard\u00e9 la t\u00eate haute et il leur aurait dit \u2018\u2018Je suis fier de vous\u2019\u2019. Car celui qui a form\u00e9 des hommes qui ne n\u00e9gocient pas quand il s\u2019agit de principes ne meurt pas. Et celui qui enfant\u00e9 des militants qui font passer la patrie avant leur libert\u00e9, reste vivant au fond de nous et au fond de chacun qui croit encore que la Tunisie m\u00e9rite mieux\u00bb.<\/em><\/p>\n\n\n<div class=\"wp-block-image\">\n<figure class=\"aligncenter size-full\"><img loading=\"lazy\" decoding=\"async\" width=\"800\" height=\"400\" src=\"https:\/\/kapitalis.com\/tunisie\/wp-content\/uploads\/2025\/04\/POste-Faiza-Rahem.jpg\" alt=\"\" class=\"wp-image-16233027\" srcset=\"https:\/\/kapitalis.com\/tunisie\/wp-content\/uploads\/2025\/04\/POste-Faiza-Rahem.jpg 800w, https:\/\/kapitalis.com\/tunisie\/wp-content\/uploads\/2025\/04\/POste-Faiza-Rahem-300x150.jpg 300w, https:\/\/kapitalis.com\/tunisie\/wp-content\/uploads\/2025\/04\/POste-Faiza-Rahem-768x384.jpg 768w, https:\/\/kapitalis.com\/tunisie\/wp-content\/uploads\/2025\/04\/POste-Faiza-Rahem-580x290.jpg 580w\" sizes=\"auto, (max-width: 800px) 100vw, 800px\" \/><\/figure>\n<\/div>\n\n\n<p>Rappelons qu\u2019Issam Chebbi est incarc\u00e9r\u00e9 \u00e0 la prison de Mornaguia depuis avril 2023 et que N\u00e9jib Chebbi \u00e9tait, au moment de sa condamnation, en \u00e9tat de libert\u00e9. &nbsp;&nbsp;&nbsp;&nbsp;&nbsp;&nbsp;&nbsp;&nbsp;<\/p>\n\n\n\n<p class=\"has-text-align-right\"><strong>I. B.<\/strong> <\/p>\n","protected":false},"excerpt":{"rendered":"<p>Les fr\u00e8res Issam et Nejib Chebbi ont \u00e9t\u00e9 condamn\u00e9s \u00e0 18 ans de prison  le jour m\u00eame de la comm\u00e9moration du d\u00e9c\u00e8s de leur p\u00e8re, Abdelaziz Chebbi, l\u2019ancien b\u00e2tonnier de l\u2019Ordre des avocats.<\/p>\n","protected":false},"author":8,"featured_media":16232998,"comment_status":"open","ping_status":"open","sticky":false,"template":"","format":"standard","meta":{"footnotes":""},"categories":[997,2433],"tags":[121823,110761,8314,4759,62643],"class_list":["post-16232936","post","type-post","status-publish","format-standard","has-post-thumbnail","hentry","category-politique","category-tunisie","tag-abdelaziz-chebbi","tag-complot-contre-letat-4","tag-issam-chebbi","tag-nejib-chebbi","tag-tunisie"],"yoast_head":"<!-- This site is optimized with the Yoast SEO plugin v26.6 - https:\/\/yoast.com\/wordpress\/plugins\/seo\/ -->\n<title>N\u00e9jib et Issam Chebbi condamn\u00e9s \u00e0 18 ans de prison, le jour de comm\u00e9moration de la mort de leur p\u00e8re - Kapitalis<\/title>\n<meta name=\"robots\" content=\"index, follow, max-snippet:-1, max-image-preview:large, max-video-preview:-1\" \/>\n<link rel=\"canonical\" href=\"https:\/\/kapitalis.com\/tunisie\/2025\/04\/20\/nejib-et-issam-chebbi-condamnes-a-18-ans-de-prison-le-jour-de-commemoration-de-la-mort-de-leur-pere\/\" \/>\n<meta property=\"og:locale\" content=\"fr_FR\" \/>\n<meta property=\"og:type\" content=\"article\" \/>\n<meta property=\"og:title\" content=\"N\u00e9jib et Issam Chebbi condamn\u00e9s \u00e0 18 ans de prison, le jour de comm\u00e9moration de la mort de leur p\u00e8re - Kapitalis\" \/>\n<meta property=\"og:description\" content=\"Les fr\u00e8res Issam et Nejib Chebbi ont \u00e9t\u00e9 condamn\u00e9s \u00e0 18 ans de prison le jour m\u00eame de la comm\u00e9moration du d\u00e9c\u00e8s de leur p\u00e8re, Abdelaziz Chebbi, l\u2019ancien b\u00e2tonnier de l\u2019Ordre des avocats.\" \/>\n<meta property=\"og:url\" content=\"https:\/\/kapitalis.com\/tunisie\/2025\/04\/20\/nejib-et-issam-chebbi-condamnes-a-18-ans-de-prison-le-jour-de-commemoration-de-la-mort-de-leur-pere\/\" \/>\n<meta property=\"og:site_name\" content=\"Kapitalis\" \/>\n<meta property=\"article:publisher\" content=\"https:\/\/www.facebook.com\/KapitalisInfo\/\" \/>\n<meta property=\"article:published_time\" content=\"2025-04-20T09:57:51+00:00\" \/>\n<meta property=\"article:modified_time\" content=\"2025-04-20T09:57:53+00:00\" \/>\n<meta property=\"og:image\" content=\"https:\/\/kapitalis.com\/tunisie\/wp-content\/uploads\/2025\/04\/Abdelaziz-Nejib-et-Issam-Chebbi.jpg\" \/>\n\t<meta property=\"og:image:width\" content=\"1200\" \/>\n\t<meta property=\"og:image:height\" content=\"630\" \/>\n\t<meta property=\"og:image:type\" content=\"image\/jpeg\" \/>\n<meta name=\"author\" content=\"webmaster kapitalis\" \/>\n<meta name=\"twitter:card\" content=\"summary_large_image\" \/>\n<meta name=\"twitter:creator\" content=\"@KapitalisInfo\" \/>\n<meta name=\"twitter:site\" content=\"@KapitalisInfo\" \/>\n<meta name=\"twitter:label1\" content=\"\u00c9crit par\" \/>\n\t<meta name=\"twitter:data1\" content=\"webmaster kapitalis\" \/>\n\t<meta name=\"twitter:label2\" content=\"Dur\u00e9e de lecture estim\u00e9e\" \/>\n\t<meta name=\"twitter:data2\" content=\"2 minutes\" \/>\n<script type=\"application\/ld+json\" class=\"yoast-schema-graph\">{\"@context\":\"https:\/\/schema.org\",\"@graph\":[{\"@type\":\"Article\",\"@id\":\"https:\/\/kapitalis.com\/tunisie\/2025\/04\/20\/nejib-et-issam-chebbi-condamnes-a-18-ans-de-prison-le-jour-de-commemoration-de-la-mort-de-leur-pere\/#article\",\"isPartOf\":{\"@id\":\"https:\/\/kapitalis.com\/tunisie\/2025\/04\/20\/nejib-et-issam-chebbi-condamnes-a-18-ans-de-prison-le-jour-de-commemoration-de-la-mort-de-leur-pere\/\"},\"author\":{\"name\":\"webmaster kapitalis\",\"@id\":\"https:\/\/kapitalis.com\/tunisie\/#\/schema\/person\/d71f33a9ca44f7bad4698210b480c8e9\"},\"headline\":\"N\u00e9jib et Issam Chebbi condamn\u00e9s \u00e0 18 ans de prison, le jour de comm\u00e9moration de la mort de leur p\u00e8re\",\"datePublished\":\"2025-04-20T09:57:51+00:00\",\"dateModified\":\"2025-04-20T09:57:53+00:00\",\"mainEntityOfPage\":{\"@id\":\"https:\/\/kapitalis.com\/tunisie\/2025\/04\/20\/nejib-et-issam-chebbi-condamnes-a-18-ans-de-prison-le-jour-de-commemoration-de-la-mort-de-leur-pere\/\"},\"wordCount\":367,\"commentCount\":6,\"publisher\":{\"@id\":\"https:\/\/kapitalis.com\/tunisie\/#organization\"},\"image\":{\"@id\":\"https:\/\/kapitalis.com\/tunisie\/2025\/04\/20\/nejib-et-issam-chebbi-condamnes-a-18-ans-de-prison-le-jour-de-commemoration-de-la-mort-de-leur-pere\/#primaryimage\"},\"thumbnailUrl\":\"https:\/\/kapitalis.com\/tunisie\/wp-content\/uploads\/2025\/04\/Abdelaziz-Nejib-et-Issam-Chebbi.jpg\",\"keywords\":[\"Abdelaziz Chebbi\",\"complot contre l\u2019Etat\",\"Issam Chebbi\",\"N\u00e9jib Chebbi\",\"Tunisie\"],\"articleSection\":[\"POLITIQUE\",\"Tunisie\"],\"inLanguage\":\"fr-FR\",\"potentialAction\":[{\"@type\":\"CommentAction\",\"name\":\"Comment\",\"target\":[\"https:\/\/kapitalis.com\/tunisie\/2025\/04\/20\/nejib-et-issam-chebbi-condamnes-a-18-ans-de-prison-le-jour-de-commemoration-de-la-mort-de-leur-pere\/#respond\"]}]},{\"@type\":\"WebPage\",\"@id\":\"https:\/\/kapitalis.com\/tunisie\/2025\/04\/20\/nejib-et-issam-chebbi-condamnes-a-18-ans-de-prison-le-jour-de-commemoration-de-la-mort-de-leur-pere\/\",\"url\":\"https:\/\/kapitalis.com\/tunisie\/2025\/04\/20\/nejib-et-issam-chebbi-condamnes-a-18-ans-de-prison-le-jour-de-commemoration-de-la-mort-de-leur-pere\/\",\"name\":\"N\u00e9jib et Issam Chebbi condamn\u00e9s \u00e0 18 ans de prison, le jour de comm\u00e9moration de la mort de leur p\u00e8re - Kapitalis\",\"isPartOf\":{\"@id\":\"https:\/\/kapitalis.com\/tunisie\/#website\"},\"primaryImageOfPage\":{\"@id\":\"https:\/\/kapitalis.com\/tunisie\/2025\/04\/20\/nejib-et-issam-chebbi-condamnes-a-18-ans-de-prison-le-jour-de-commemoration-de-la-mort-de-leur-pere\/#primaryimage\"},\"image\":{\"@id\":\"https:\/\/kapitalis.com\/tunisie\/2025\/04\/20\/nejib-et-issam-chebbi-condamnes-a-18-ans-de-prison-le-jour-de-commemoration-de-la-mort-de-leur-pere\/#primaryimage\"},\"thumbnailUrl\":\"https:\/\/kapitalis.com\/tunisie\/wp-content\/uploads\/2025\/04\/Abdelaziz-Nejib-et-Issam-Chebbi.jpg\",\"datePublished\":\"2025-04-20T09:57:51+00:00\",\"dateModified\":\"2025-04-20T09:57:53+00:00\",\"breadcrumb\":{\"@id\":\"https:\/\/kapitalis.com\/tunisie\/2025\/04\/20\/nejib-et-issam-chebbi-condamnes-a-18-ans-de-prison-le-jour-de-commemoration-de-la-mort-de-leur-pere\/#breadcrumb\"},\"inLanguage\":\"fr-FR\",\"potentialAction\":[{\"@type\":\"ReadAction\",\"target\":[\"https:\/\/kapitalis.com\/tunisie\/2025\/04\/20\/nejib-et-issam-chebbi-condamnes-a-18-ans-de-prison-le-jour-de-commemoration-de-la-mort-de-leur-pere\/\"]}]},{\"@type\":\"ImageObject\",\"inLanguage\":\"fr-FR\",\"@id\":\"https:\/\/kapitalis.com\/tunisie\/2025\/04\/20\/nejib-et-issam-chebbi-condamnes-a-18-ans-de-prison-le-jour-de-commemoration-de-la-mort-de-leur-pere\/#primaryimage\",\"url\":\"https:\/\/kapitalis.com\/tunisie\/wp-content\/uploads\/2025\/04\/Abdelaziz-Nejib-et-Issam-Chebbi.jpg\",\"contentUrl\":\"https:\/\/kapitalis.com\/tunisie\/wp-content\/uploads\/2025\/04\/Abdelaziz-Nejib-et-Issam-Chebbi.jpg\",\"width\":1200,\"height\":630},{\"@type\":\"BreadcrumbList\",\"@id\":\"https:\/\/kapitalis.com\/tunisie\/2025\/04\/20\/nejib-et-issam-chebbi-condamnes-a-18-ans-de-prison-le-jour-de-commemoration-de-la-mort-de-leur-pere\/#breadcrumb\",\"itemListElement\":[{\"@type\":\"ListItem\",\"position\":1,\"name\":\"Accueil\",\"item\":\"https:\/\/kapitalis.com\/tunisie\/\"},{\"@type\":\"ListItem\",\"position\":2,\"name\":\"N\u00e9jib et Issam Chebbi condamn\u00e9s \u00e0 18 ans de prison, le jour de comm\u00e9moration de la mort de leur p\u00e8re\"}]},{\"@type\":\"WebSite\",\"@id\":\"https:\/\/kapitalis.com\/tunisie\/#website\",\"url\":\"https:\/\/kapitalis.com\/tunisie\/\",\"name\":\"Kapitalis\",\"description\":\"L&#039;actualit\u00e9 en Tunisie et dans le monde\",\"publisher\":{\"@id\":\"https:\/\/kapitalis.com\/tunisie\/#organization\"},\"potentialAction\":[{\"@type\":\"SearchAction\",\"target\":{\"@type\":\"EntryPoint\",\"urlTemplate\":\"https:\/\/kapitalis.com\/tunisie\/?s={search_term_string}\"},\"query-input\":{\"@type\":\"PropertyValueSpecification\",\"valueRequired\":true,\"valueName\":\"search_term_string\"}}],\"inLanguage\":\"fr-FR\"},{\"@type\":\"Organization\",\"@id\":\"https:\/\/kapitalis.com\/tunisie\/#organization\",\"name\":\"Kapitalis\",\"url\":\"https:\/\/kapitalis.com\/tunisie\/\",\"logo\":{\"@type\":\"ImageObject\",\"inLanguage\":\"fr-FR\",\"@id\":\"https:\/\/kapitalis.com\/tunisie\/#\/schema\/logo\/image\/\",\"url\":\"https:\/\/kapitalis.com\/tunisie\/wp-content\/uploads\/2022\/05\/Kapitalis-big-size.png\",\"contentUrl\":\"https:\/\/kapitalis.com\/tunisie\/wp-content\/uploads\/2022\/05\/Kapitalis-big-size.png\",\"width\":5000,\"height\":1500,\"caption\":\"Kapitalis\"},\"image\":{\"@id\":\"https:\/\/kapitalis.com\/tunisie\/#\/schema\/logo\/image\/\"},\"sameAs\":[\"https:\/\/www.facebook.com\/KapitalisInfo\/\",\"https:\/\/x.com\/KapitalisInfo\",\"https:\/\/www.youtube.com\/channel\/UC-yDYrHyfFBWWZaOw3FPg9Q\"]},{\"@type\":\"Person\",\"@id\":\"https:\/\/kapitalis.com\/tunisie\/#\/schema\/person\/d71f33a9ca44f7bad4698210b480c8e9\",\"name\":\"webmaster kapitalis\",\"url\":\"https:\/\/kapitalis.com\/tunisie\/author\/webmaster-kapitalis\/\"}]}<\/script>\n<!-- \/ Yoast SEO plugin. -->","yoast_head_json":{"title":"N\u00e9jib et Issam Chebbi condamn\u00e9s \u00e0 18 ans de prison, le jour de comm\u00e9moration de la mort de leur p\u00e8re - Kapitalis","robots":{"index":"index","follow":"follow","max-snippet":"max-snippet:-1","max-image-preview":"max-image-preview:large","max-video-preview":"max-video-preview:-1"},"canonical":"https:\/\/kapitalis.com\/tunisie\/2025\/04\/20\/nejib-et-issam-chebbi-condamnes-a-18-ans-de-prison-le-jour-de-commemoration-de-la-mort-de-leur-pere\/","og_locale":"fr_FR","og_type":"article","og_title":"N\u00e9jib et Issam Chebbi condamn\u00e9s \u00e0 18 ans de prison, le jour de comm\u00e9moration de la mort de leur p\u00e8re - Kapitalis","og_description":"Les fr\u00e8res Issam et Nejib Chebbi ont \u00e9t\u00e9 condamn\u00e9s \u00e0 18 ans de prison le jour m\u00eame de la comm\u00e9moration du d\u00e9c\u00e8s de leur p\u00e8re, Abdelaziz Chebbi, l\u2019ancien b\u00e2tonnier de l\u2019Ordre des avocats.","og_url":"https:\/\/kapitalis.com\/tunisie\/2025\/04\/20\/nejib-et-issam-chebbi-condamnes-a-18-ans-de-prison-le-jour-de-commemoration-de-la-mort-de-leur-pere\/","og_site_name":"Kapitalis","article_publisher":"https:\/\/www.facebook.com\/KapitalisInfo\/","article_published_time":"2025-04-20T09:57:51+00:00","article_modified_time":"2025-04-20T09:57:53+00:00","og_image":[{"width":1200,"height":630,"url":"https:\/\/kapitalis.com\/tunisie\/wp-content\/uploads\/2025\/04\/Abdelaziz-Nejib-et-Issam-Chebbi.jpg","type":"image\/jpeg"}],"author":"webmaster kapitalis","twitter_card":"summary_large_image","twitter_creator":"@KapitalisInfo","twitter_site":"@KapitalisInfo","twitter_misc":{"\u00c9crit par":"webmaster kapitalis","Dur\u00e9e de lecture estim\u00e9e":"2 minutes"},"schema":{"@context":"https:\/\/schema.org","@graph":[{"@type":"Article","@id":"https:\/\/kapitalis.com\/tunisie\/2025\/04\/20\/nejib-et-issam-chebbi-condamnes-a-18-ans-de-prison-le-jour-de-commemoration-de-la-mort-de-leur-pere\/#article","isPartOf":{"@id":"https:\/\/kapitalis.com\/tunisie\/2025\/04\/20\/nejib-et-issam-chebbi-condamnes-a-18-ans-de-prison-le-jour-de-commemoration-de-la-mort-de-leur-pere\/"},"author":{"name":"webmaster kapitalis","@id":"https:\/\/kapitalis.com\/tunisie\/#\/schema\/person\/d71f33a9ca44f7bad4698210b480c8e9"},"headline":"N\u00e9jib et Issam Chebbi condamn\u00e9s \u00e0 18 ans de prison, le jour de comm\u00e9moration de la mort de leur p\u00e8re","datePublished":"2025-04-20T09:57:51+00:00","dateModified":"2025-04-20T09:57:53+00:00","mainEntityOfPage":{"@id":"https:\/\/kapitalis.com\/tunisie\/2025\/04\/20\/nejib-et-issam-chebbi-condamnes-a-18-ans-de-prison-le-jour-de-commemoration-de-la-mort-de-leur-pere\/"},"wordCount":367,"commentCount":6,"publisher":{"@id":"https:\/\/kapitalis.com\/tunisie\/#organization"},"image":{"@id":"https:\/\/kapitalis.com\/tunisie\/2025\/04\/20\/nejib-et-issam-chebbi-condamnes-a-18-ans-de-prison-le-jour-de-commemoration-de-la-mort-de-leur-pere\/#primaryimage"},"thumbnailUrl":"https:\/\/kapitalis.com\/tunisie\/wp-content\/uploads\/2025\/04\/Abdelaziz-Nejib-et-Issam-Chebbi.jpg","keywords":["Abdelaziz Chebbi","complot contre l\u2019Etat","Issam Chebbi","N\u00e9jib Chebbi","Tunisie"],"articleSection":["POLITIQUE","Tunisie"],"inLanguage":"fr-FR","potentialAction":[{"@type":"CommentAction","name":"Comment","target":["https:\/\/kapitalis.com\/tunisie\/2025\/04\/20\/nejib-et-issam-chebbi-condamnes-a-18-ans-de-prison-le-jour-de-commemoration-de-la-mort-de-leur-pere\/#respond"]}]},{"@type":"WebPage","@id":"https:\/\/kapitalis.com\/tunisie\/2025\/04\/20\/nejib-et-issam-chebbi-condamnes-a-18-ans-de-prison-le-jour-de-commemoration-de-la-mort-de-leur-pere\/","url":"https:\/\/kapitalis.com\/tunisie\/2025\/04\/20\/nejib-et-issam-chebbi-condamnes-a-18-ans-de-prison-le-jour-de-commemoration-de-la-mort-de-leur-pere\/","name":"N\u00e9jib et Issam Chebbi condamn\u00e9s \u00e0 18 ans de prison, le jour de comm\u00e9moration de la mort de leur p\u00e8re - Kapitalis","isPartOf":{"@id":"https:\/\/kapitalis.com\/tunisie\/#website"},"primaryImageOfPage":{"@id":"https:\/\/kapitalis.com\/tunisie\/2025\/04\/20\/nejib-et-issam-chebbi-condamnes-a-18-ans-de-prison-le-jour-de-commemoration-de-la-mort-de-leur-pere\/#primaryimage"},"image":{"@id":"https:\/\/kapitalis.com\/tunisie\/2025\/04\/20\/nejib-et-issam-chebbi-condamnes-a-18-ans-de-prison-le-jour-de-commemoration-de-la-mort-de-leur-pere\/#primaryimage"},"thumbnailUrl":"https:\/\/kapitalis.com\/tunisie\/wp-content\/uploads\/2025\/04\/Abdelaziz-Nejib-et-Issam-Chebbi.jpg","datePublished":"2025-04-20T09:57:51+00:00","dateModified":"2025-04-20T09:57:53+00:00","breadcrumb":{"@id":"https:\/\/kapitalis.com\/tunisie\/2025\/04\/20\/nejib-et-issam-chebbi-condamnes-a-18-ans-de-prison-le-jour-de-commemoration-de-la-mort-de-leur-pere\/#breadcrumb"},"inLanguage":"fr-FR","potentialAction":[{"@type":"ReadAction","target":["https:\/\/kapitalis.com\/tunisie\/2025\/04\/20\/nejib-et-issam-chebbi-condamnes-a-18-ans-de-prison-le-jour-de-commemoration-de-la-mort-de-leur-pere\/"]}]},{"@type":"ImageObject","inLanguage":"fr-FR","@id":"https:\/\/kapitalis.com\/tunisie\/2025\/04\/20\/nejib-et-issam-chebbi-condamnes-a-18-ans-de-prison-le-jour-de-commemoration-de-la-mort-de-leur-pere\/#primaryimage","url":"https:\/\/kapitalis.com\/tunisie\/wp-content\/uploads\/2025\/04\/Abdelaziz-Nejib-et-Issam-Chebbi.jpg","contentUrl":"https:\/\/kapitalis.com\/tunisie\/wp-content\/uploads\/2025\/04\/Abdelaziz-Nejib-et-Issam-Chebbi.jpg","width":1200,"height":630},{"@type":"BreadcrumbList","@id":"https:\/\/kapitalis.com\/tunisie\/2025\/04\/20\/nejib-et-issam-chebbi-condamnes-a-18-ans-de-prison-le-jour-de-commemoration-de-la-mort-de-leur-pere\/#breadcrumb","itemListElement":[{"@type":"ListItem","position":1,"name":"Accueil","item":"https:\/\/kapitalis.com\/tunisie\/"},{"@type":"ListItem","position":2,"name":"N\u00e9jib et Issam Chebbi condamn\u00e9s \u00e0 18 ans de prison, le jour de comm\u00e9moration de la mort de leur p\u00e8re"}]},{"@type":"WebSite","@id":"https:\/\/kapitalis.com\/tunisie\/#website","url":"https:\/\/kapitalis.com\/tunisie\/","name":"Kapitalis","description":"L&#039;actualit\u00e9 en Tunisie et dans le monde","publisher":{"@id":"https:\/\/kapitalis.com\/tunisie\/#organization"},"potentialAction":[{"@type":"SearchAction","target":{"@type":"EntryPoint","urlTemplate":"https:\/\/kapitalis.com\/tunisie\/?s={search_term_string}"},"query-input":{"@type":"PropertyValueSpecification","valueRequired":true,"valueName":"search_term_string"}}],"inLanguage":"fr-FR"},{"@type":"Organization","@id":"https:\/\/kapitalis.com\/tunisie\/#organization","name":"Kapitalis","url":"https:\/\/kapitalis.com\/tunisie\/","logo":{"@type":"ImageObject","inLanguage":"fr-FR","@id":"https:\/\/kapitalis.com\/tunisie\/#\/schema\/logo\/image\/","url":"https:\/\/kapitalis.com\/tunisie\/wp-content\/uploads\/2022\/05\/Kapitalis-big-size.png","contentUrl":"https:\/\/kapitalis.com\/tunisie\/wp-content\/uploads\/2022\/05\/Kapitalis-big-size.png","width":5000,"height":1500,"caption":"Kapitalis"},"image":{"@id":"https:\/\/kapitalis.com\/tunisie\/#\/schema\/logo\/image\/"},"sameAs":["https:\/\/www.facebook.com\/KapitalisInfo\/","https:\/\/x.com\/KapitalisInfo","https:\/\/www.youtube.com\/channel\/UC-yDYrHyfFBWWZaOw3FPg9Q"]},{"@type":"Person","@id":"https:\/\/kapitalis.com\/tunisie\/#\/schema\/person\/d71f33a9ca44f7bad4698210b480c8e9","name":"webmaster kapitalis","url":"https:\/\/kapitalis.com\/tunisie\/author\/webmaster-kapitalis\/"}]}},"_links":{"self":[{"href":"https:\/\/kapitalis.com\/tunisie\/wp-json\/wp\/v2\/posts\/16232936","targetHints":{"allow":["GET"]}}],"collection":[{"href":"https:\/\/kapitalis.com\/tunisie\/wp-json\/wp\/v2\/posts"}],"about":[{"href":"https:\/\/kapitalis.com\/tunisie\/wp-json\/wp\/v2\/types\/post"}],"author":[{"embeddable":true,"href":"https:\/\/kapitalis.com\/tunisie\/wp-json\/wp\/v2\/users\/8"}],"replies":[{"embeddable":true,"href":"https:\/\/kapitalis.com\/tunisie\/wp-json\/wp\/v2\/comments?post=16232936"}],"version-history":[{"count":1,"href":"https:\/\/kapitalis.com\/tunisie\/wp-json\/wp\/v2\/posts\/16232936\/revisions"}],"predecessor-version":[{"id":16233042,"href":"https:\/\/kapitalis.com\/tunisie\/wp-json\/wp\/v2\/posts\/16232936\/revisions\/16233042"}],"wp:featuredmedia":[{"embeddable":true,"href":"https:\/\/kapitalis.com\/tunisie\/wp-json\/wp\/v2\/media\/16232998"}],"wp:attachment":[{"href":"https:\/\/kapitalis.com\/tunisie\/wp-json\/wp\/v2\/media?parent=16232936"}],"wp:term":[{"taxonomy":"category","embeddable":true,"href":"https:\/\/kapitalis.com\/tunisie\/wp-json\/wp\/v2\/categories?post=16232936"},{"taxonomy":"post_tag","embeddable":true,"href":"https:\/\/kapitalis.com\/tunisie\/wp-json\/wp\/v2\/tags?post=16232936"}],"curies":[{"name":"wp","href":"https:\/\/api.w.org\/{rel}","templated":true}]}}