{"id":162369,"date":"2018-06-30T09:54:38","date_gmt":"2018-06-30T08:54:38","guid":{"rendered":"http:\/\/kapitalis.com\/tunisie\/?p=162369"},"modified":"2018-06-30T09:54:38","modified_gmt":"2018-06-30T08:54:38","slug":"tunisair-demarrage-calamiteux-de-la-haute-saison-estivale","status":"publish","type":"post","link":"https:\/\/kapitalis.com\/tunisie\/2018\/06\/30\/tunisair-demarrage-calamiteux-de-la-haute-saison-estivale\/","title":{"rendered":"Tunisair : D\u00e9marrage calamiteux de la haute saison estivale"},"content":{"rendered":"<p style=\"text-align: center;\"><img loading=\"lazy\" decoding=\"async\" class=\"alignnone size-full wp-image-27482\" src=\"http:\/\/kapitalis.com\/tunisie\/wp-content\/uploads\/2015\/11\/tunisair.jpg\" alt=\"\" width=\"626\" height=\"380\" \/><\/p>\n<p><em><strong>Depuis le d\u00e9but de la haute saison estivale, la mi-juin, qui a co\u00efncid\u00e9 avec le d\u00e9but du Mondial de football en Russie, Tunisair se montre incapable d\u2019assurer ses vols avec moins d\u2019une heure de retard en moyenne.<\/strong> <\/em><\/p>\n<p><!--more--><\/p>\n<p>Selon Mehdi-Thibaut Affes, administrateur de la page Facebook<a href=\"https:\/\/www.facebook.com\/pg\/Ponctualit%C3%A9-Tunisair-2050849881794960\/photos\/?ref=page_internal\"> \u2018\u2018<em>Ponctualit\u00e9 Tunisair<\/em>\u2019\u2019<\/a>, la compagnie nationale tunisienne <em>\u00aba m\u00eame \u00e9t\u00e9 contrainte de s&rsquo;excuser publiquement d\u2019un retard d\u2019une quinzaine d\u2019heures sur un vol Moscou-Tunis ramenant au pays des supporteurs des Aigles de Carthage.\u00bb<\/em><\/p>\n<p>Jeudi dernier, 28 juin 2018, <em>\u00ables clients de la compagnie qui attendaient leur vol au d\u00e9part d\u2019Orly \u00e0 19h50 ont finalement \u00e9t\u00e9 contraints de quitter la salle d\u2019embarquement, r\u00e9cup\u00e9rer leurs bagages, prendre des bus jusqu\u2019\u00e0 Roissy CDG, pour finalement ne d\u00e9coller que vers 3h30, pour une arriv\u00e9e \u00e0 Tunis \u00e0 4h30, soit un retard \u00e0 l\u2019arriv\u00e9e de 7h15\u00bb<\/em>, rapporte encore <em>\u2018\u2018Ponctualit\u00e9 Tunisair\u2019\u2019<\/em>. Cause de ce retard: un d\u00e9part de Tunis pour le moins tardif sur le vol pr\u00e9c\u00e9dant, cens\u00e9 atterrir \u00e0 Orly vers 18h15, mais qui n\u2019arriva \u00e0 Paris que vers 22h15, l\u2019obligeant \u00e0 atterrir \u00e0 Roissy CDG plut\u00f4t qu\u2019Orly pour cause de couvre-feu nocturne quotidien dans ce dernier a\u00e9roport \u00e0 23h30 (l\u2019appareil n\u2019aurait pas \u00e9t\u00e9 autoris\u00e9 \u00e0 red\u00e9coller \u00e0 l\u2019issue de son escale parisienne).<\/p>\n<p>Autre retard rapport\u00e9 par <em>\u2018\u2018Ponctualit\u00e9 Tunisair\u2019\u2019<\/em> : les passagers du vol Marseille-Tunis, qui devait atterrir, le m\u00eame jour, \u00e0 21h15, n\u2019ont pos\u00e9 le pied en Tunisie qu\u2019\u00e0 3h50, soit un retard \u00e0 l\u2019arriv\u00e9e de 6h15.<\/p>\n<p>Conclusion de Mehdi-Thibaut Affes : <em>\u00abces exemples, loin d\u2019\u00eatre isol\u00e9s, d\u00e9montrent une fois de plus la situation critique d\u2019une compagnie dont le sens de la relation client, de la gestion de crise, et de l\u2019organisation op\u00e9rationnelle est proche du niveau 0. Plus grave encore, l&rsquo;Etat \u2013 actionnaire aux 2\/3 \u2013 semble insensible au sort de cette compagnie qui, pourtant, est le principal outil de connexion de la Tunisie avec le monde ext\u00e9rieur (tourisme, voyages d&rsquo;affaires, retour de diaspora, fret, etc.). Or le soutien financier de l\u2019Etat est indispensable \u00e0 un rajeunissement (plus de quinze ans d\u2019\u00e2ge moyen) et \u00e0 un renforcement de la flotte, aujourd\u2019hui clairement trop r\u00e9duite pour assurer le programme de vols ambitieux qui lui est attribu\u00e9.\u00bb<\/em><\/p>\n<p>V\u0153u pieux s\u2019il en est quand on conna\u00eet l\u2019\u00e9tat d\u00e9sastreux des finances publiques et les pressions \u00e9normes qu\u2019elles subissent en raison de la crise \u00e9conomique et sociale s\u00e9vissant dans le pays depuis 2011.<\/p>\n<p style=\"text-align: right;\"><strong>I. B.<\/strong> (avec communiqu\u00e9).<\/p>\n<blockquote class=\"wp-embedded-content\" data-secret=\"d3tykrruSo\"><p><a href=\"https:\/\/kapitalis.com\/tunisie\/2018\/06\/10\/la-ponctualite-de-tunisair-doit-etre-amelioree-avant-lopen-sky\/\">La ponctualit\u00e9 de Tunisair doit \u00eatre am\u00e9lior\u00e9e avant l\u2019Open Sky<\/a><\/p><\/blockquote>\n<p><iframe loading=\"lazy\" class=\"wp-embedded-content\" sandbox=\"allow-scripts\" security=\"restricted\" style=\"position: absolute; clip: rect(1px, 1px, 1px, 1px);\" title=\"\u00ab\u00a0La ponctualit\u00e9 de Tunisair doit \u00eatre am\u00e9lior\u00e9e avant l\u2019Open Sky\u00a0\u00bb &#8212; Kapitalis\" src=\"https:\/\/kapitalis.com\/tunisie\/2018\/06\/10\/la-ponctualite-de-tunisair-doit-etre-amelioree-avant-lopen-sky\/embed\/#?secret=jIf5FFbjm9#?secret=d3tykrruSo\" data-secret=\"d3tykrruSo\" width=\"600\" height=\"338\" frameborder=\"0\" marginwidth=\"0\" marginheight=\"0\" scrolling=\"no\"><\/iframe><\/p>\n<blockquote class=\"wp-embedded-content\" data-secret=\"ifPI3OdiAW\"><p><a href=\"https:\/\/kapitalis.com\/tunisie\/2018\/05\/05\/tunisair-des-retards-record-enregistres-dans-la-journee-du-2-mai-2018\/\">Tunisair : Des retards record enregistr\u00e9s dans la journ\u00e9e du 2 mai 2018<\/a><\/p><\/blockquote>\n<p><iframe loading=\"lazy\" class=\"wp-embedded-content\" sandbox=\"allow-scripts\" security=\"restricted\" style=\"position: absolute; clip: rect(1px, 1px, 1px, 1px);\" title=\"\u00ab\u00a0Tunisair : Des retards record enregistr\u00e9s dans la journ\u00e9e du 2 mai 2018\u00a0\u00bb &#8212; Kapitalis\" src=\"https:\/\/kapitalis.com\/tunisie\/2018\/05\/05\/tunisair-des-retards-record-enregistres-dans-la-journee-du-2-mai-2018\/embed\/#?secret=NSfdwHUFgP#?secret=ifPI3OdiAW\" data-secret=\"ifPI3OdiAW\" width=\"600\" height=\"338\" frameborder=\"0\" marginwidth=\"0\" marginheight=\"0\" scrolling=\"no\"><\/iframe><\/p>\n","protected":false},"excerpt":{"rendered":"<p>Depuis le d\u00e9but de la haute saison estivale, la mi-juin, qui a co\u00efncid\u00e9 avec le d\u00e9but du Mondial de football en Russie, Tunisair se montre incapable d\u2019assurer ses vols avec moins d\u2019une heure de retard en moyenne.<\/p>\n","protected":false},"author":8,"featured_media":0,"comment_status":"open","ping_status":"open","sticky":false,"template":"","format":"standard","meta":{"footnotes":""},"categories":[993,2433],"tags":[45993,36047,796,1501],"class_list":["post-162369","post","type-post","status-publish","format-standard","hentry","category-conso","category-tunisie","tag-mehdi-thibaut-affes","tag-mondial-de-football","tag-russie","tag-tunisair"],"yoast_head":"<!-- This site is optimized with the Yoast SEO plugin v26.6 - https:\/\/yoast.com\/wordpress\/plugins\/seo\/ -->\n<title>Tunisair : D\u00e9marrage calamiteux de la haute saison estivale - Kapitalis<\/title>\n<meta name=\"robots\" content=\"index, follow, max-snippet:-1, max-image-preview:large, max-video-preview:-1\" \/>\n<link rel=\"canonical\" href=\"https:\/\/kapitalis.com\/tunisie\/2018\/06\/30\/tunisair-demarrage-calamiteux-de-la-haute-saison-estivale\/\" \/>\n<meta property=\"og:locale\" content=\"fr_FR\" \/>\n<meta property=\"og:type\" content=\"article\" \/>\n<meta property=\"og:title\" content=\"Tunisair : D\u00e9marrage calamiteux de la haute saison estivale - Kapitalis\" \/>\n<meta property=\"og:description\" content=\"Depuis le d\u00e9but de la haute saison estivale, la mi-juin, qui a co\u00efncid\u00e9 avec le d\u00e9but du Mondial de football en Russie, Tunisair se montre incapable d\u2019assurer ses vols avec moins d\u2019une heure de retard en moyenne.\" \/>\n<meta property=\"og:url\" content=\"https:\/\/kapitalis.com\/tunisie\/2018\/06\/30\/tunisair-demarrage-calamiteux-de-la-haute-saison-estivale\/\" \/>\n<meta property=\"og:site_name\" content=\"Kapitalis\" \/>\n<meta property=\"article:publisher\" content=\"https:\/\/www.facebook.com\/KapitalisInfo\/\" \/>\n<meta property=\"article:published_time\" content=\"2018-06-30T08:54:38+00:00\" \/>\n<meta property=\"og:image\" content=\"http:\/\/kapitalis.com\/tunisie\/wp-content\/uploads\/2015\/11\/tunisair.jpg\" \/>\n<meta name=\"author\" content=\"webmaster kapitalis\" \/>\n<meta name=\"twitter:card\" content=\"summary_large_image\" \/>\n<meta name=\"twitter:creator\" content=\"@KapitalisInfo\" \/>\n<meta name=\"twitter:site\" content=\"@KapitalisInfo\" \/>\n<meta name=\"twitter:label1\" content=\"\u00c9crit par\" \/>\n\t<meta name=\"twitter:data1\" content=\"webmaster kapitalis\" \/>\n\t<meta name=\"twitter:label2\" content=\"Dur\u00e9e de lecture estim\u00e9e\" \/>\n\t<meta name=\"twitter:data2\" content=\"2 minutes\" \/>\n<script type=\"application\/ld+json\" class=\"yoast-schema-graph\">{\"@context\":\"https:\/\/schema.org\",\"@graph\":[{\"@type\":\"Article\",\"@id\":\"https:\/\/kapitalis.com\/tunisie\/2018\/06\/30\/tunisair-demarrage-calamiteux-de-la-haute-saison-estivale\/#article\",\"isPartOf\":{\"@id\":\"https:\/\/kapitalis.com\/tunisie\/2018\/06\/30\/tunisair-demarrage-calamiteux-de-la-haute-saison-estivale\/\"},\"author\":{\"name\":\"webmaster kapitalis\",\"@id\":\"https:\/\/kapitalis.com\/tunisie\/#\/schema\/person\/d71f33a9ca44f7bad4698210b480c8e9\"},\"headline\":\"Tunisair : D\u00e9marrage calamiteux de la haute saison estivale\",\"datePublished\":\"2018-06-30T08:54:38+00:00\",\"mainEntityOfPage\":{\"@id\":\"https:\/\/kapitalis.com\/tunisie\/2018\/06\/30\/tunisair-demarrage-calamiteux-de-la-haute-saison-estivale\/\"},\"wordCount\":440,\"commentCount\":2,\"publisher\":{\"@id\":\"https:\/\/kapitalis.com\/tunisie\/#organization\"},\"image\":{\"@id\":\"https:\/\/kapitalis.com\/tunisie\/2018\/06\/30\/tunisair-demarrage-calamiteux-de-la-haute-saison-estivale\/#primaryimage\"},\"thumbnailUrl\":\"http:\/\/kapitalis.com\/tunisie\/wp-content\/uploads\/2015\/11\/tunisair.jpg\",\"keywords\":[\"Mehdi-Thibaut Affes\",\"Mondial de football\",\"Russie\",\"Tunisair\"],\"articleSection\":[\"CONSO\",\"Tunisie\"],\"inLanguage\":\"fr-FR\",\"potentialAction\":[{\"@type\":\"CommentAction\",\"name\":\"Comment\",\"target\":[\"https:\/\/kapitalis.com\/tunisie\/2018\/06\/30\/tunisair-demarrage-calamiteux-de-la-haute-saison-estivale\/#respond\"]}]},{\"@type\":\"WebPage\",\"@id\":\"https:\/\/kapitalis.com\/tunisie\/2018\/06\/30\/tunisair-demarrage-calamiteux-de-la-haute-saison-estivale\/\",\"url\":\"https:\/\/kapitalis.com\/tunisie\/2018\/06\/30\/tunisair-demarrage-calamiteux-de-la-haute-saison-estivale\/\",\"name\":\"Tunisair : D\u00e9marrage calamiteux de la haute saison estivale - Kapitalis\",\"isPartOf\":{\"@id\":\"https:\/\/kapitalis.com\/tunisie\/#website\"},\"primaryImageOfPage\":{\"@id\":\"https:\/\/kapitalis.com\/tunisie\/2018\/06\/30\/tunisair-demarrage-calamiteux-de-la-haute-saison-estivale\/#primaryimage\"},\"image\":{\"@id\":\"https:\/\/kapitalis.com\/tunisie\/2018\/06\/30\/tunisair-demarrage-calamiteux-de-la-haute-saison-estivale\/#primaryimage\"},\"thumbnailUrl\":\"http:\/\/kapitalis.com\/tunisie\/wp-content\/uploads\/2015\/11\/tunisair.jpg\",\"datePublished\":\"2018-06-30T08:54:38+00:00\",\"breadcrumb\":{\"@id\":\"https:\/\/kapitalis.com\/tunisie\/2018\/06\/30\/tunisair-demarrage-calamiteux-de-la-haute-saison-estivale\/#breadcrumb\"},\"inLanguage\":\"fr-FR\",\"potentialAction\":[{\"@type\":\"ReadAction\",\"target\":[\"https:\/\/kapitalis.com\/tunisie\/2018\/06\/30\/tunisair-demarrage-calamiteux-de-la-haute-saison-estivale\/\"]}]},{\"@type\":\"ImageObject\",\"inLanguage\":\"fr-FR\",\"@id\":\"https:\/\/kapitalis.com\/tunisie\/2018\/06\/30\/tunisair-demarrage-calamiteux-de-la-haute-saison-estivale\/#primaryimage\",\"url\":\"http:\/\/kapitalis.com\/tunisie\/wp-content\/uploads\/2015\/11\/tunisair.jpg\",\"contentUrl\":\"http:\/\/kapitalis.com\/tunisie\/wp-content\/uploads\/2015\/11\/tunisair.jpg\"},{\"@type\":\"BreadcrumbList\",\"@id\":\"https:\/\/kapitalis.com\/tunisie\/2018\/06\/30\/tunisair-demarrage-calamiteux-de-la-haute-saison-estivale\/#breadcrumb\",\"itemListElement\":[{\"@type\":\"ListItem\",\"position\":1,\"name\":\"Accueil\",\"item\":\"https:\/\/kapitalis.com\/tunisie\/\"},{\"@type\":\"ListItem\",\"position\":2,\"name\":\"Tunisair : D\u00e9marrage calamiteux de la haute saison estivale\"}]},{\"@type\":\"WebSite\",\"@id\":\"https:\/\/kapitalis.com\/tunisie\/#website\",\"url\":\"https:\/\/kapitalis.com\/tunisie\/\",\"name\":\"Kapitalis\",\"description\":\"L&#039;actualit\u00e9 en Tunisie et dans le monde\",\"publisher\":{\"@id\":\"https:\/\/kapitalis.com\/tunisie\/#organization\"},\"potentialAction\":[{\"@type\":\"SearchAction\",\"target\":{\"@type\":\"EntryPoint\",\"urlTemplate\":\"https:\/\/kapitalis.com\/tunisie\/?s={search_term_string}\"},\"query-input\":{\"@type\":\"PropertyValueSpecification\",\"valueRequired\":true,\"valueName\":\"search_term_string\"}}],\"inLanguage\":\"fr-FR\"},{\"@type\":\"Organization\",\"@id\":\"https:\/\/kapitalis.com\/tunisie\/#organization\",\"name\":\"Kapitalis\",\"url\":\"https:\/\/kapitalis.com\/tunisie\/\",\"logo\":{\"@type\":\"ImageObject\",\"inLanguage\":\"fr-FR\",\"@id\":\"https:\/\/kapitalis.com\/tunisie\/#\/schema\/logo\/image\/\",\"url\":\"https:\/\/kapitalis.com\/tunisie\/wp-content\/uploads\/2022\/05\/Kapitalis-big-size.png\",\"contentUrl\":\"https:\/\/kapitalis.com\/tunisie\/wp-content\/uploads\/2022\/05\/Kapitalis-big-size.png\",\"width\":5000,\"height\":1500,\"caption\":\"Kapitalis\"},\"image\":{\"@id\":\"https:\/\/kapitalis.com\/tunisie\/#\/schema\/logo\/image\/\"},\"sameAs\":[\"https:\/\/www.facebook.com\/KapitalisInfo\/\",\"https:\/\/x.com\/KapitalisInfo\",\"https:\/\/www.youtube.com\/channel\/UC-yDYrHyfFBWWZaOw3FPg9Q\"]},{\"@type\":\"Person\",\"@id\":\"https:\/\/kapitalis.com\/tunisie\/#\/schema\/person\/d71f33a9ca44f7bad4698210b480c8e9\",\"name\":\"webmaster kapitalis\",\"url\":\"https:\/\/kapitalis.com\/tunisie\/author\/webmaster-kapitalis\/\"}]}<\/script>\n<!-- \/ Yoast SEO plugin. -->","yoast_head_json":{"title":"Tunisair : D\u00e9marrage calamiteux de la haute saison estivale - Kapitalis","robots":{"index":"index","follow":"follow","max-snippet":"max-snippet:-1","max-image-preview":"max-image-preview:large","max-video-preview":"max-video-preview:-1"},"canonical":"https:\/\/kapitalis.com\/tunisie\/2018\/06\/30\/tunisair-demarrage-calamiteux-de-la-haute-saison-estivale\/","og_locale":"fr_FR","og_type":"article","og_title":"Tunisair : D\u00e9marrage calamiteux de la haute saison estivale - Kapitalis","og_description":"Depuis le d\u00e9but de la haute saison estivale, la mi-juin, qui a co\u00efncid\u00e9 avec le d\u00e9but du Mondial de football en Russie, Tunisair se montre incapable d\u2019assurer ses vols avec moins d\u2019une heure de retard en moyenne.","og_url":"https:\/\/kapitalis.com\/tunisie\/2018\/06\/30\/tunisair-demarrage-calamiteux-de-la-haute-saison-estivale\/","og_site_name":"Kapitalis","article_publisher":"https:\/\/www.facebook.com\/KapitalisInfo\/","article_published_time":"2018-06-30T08:54:38+00:00","og_image":[{"url":"http:\/\/kapitalis.com\/tunisie\/wp-content\/uploads\/2015\/11\/tunisair.jpg","type":"","width":"","height":""}],"author":"webmaster kapitalis","twitter_card":"summary_large_image","twitter_creator":"@KapitalisInfo","twitter_site":"@KapitalisInfo","twitter_misc":{"\u00c9crit par":"webmaster kapitalis","Dur\u00e9e de lecture estim\u00e9e":"2 minutes"},"schema":{"@context":"https:\/\/schema.org","@graph":[{"@type":"Article","@id":"https:\/\/kapitalis.com\/tunisie\/2018\/06\/30\/tunisair-demarrage-calamiteux-de-la-haute-saison-estivale\/#article","isPartOf":{"@id":"https:\/\/kapitalis.com\/tunisie\/2018\/06\/30\/tunisair-demarrage-calamiteux-de-la-haute-saison-estivale\/"},"author":{"name":"webmaster kapitalis","@id":"https:\/\/kapitalis.com\/tunisie\/#\/schema\/person\/d71f33a9ca44f7bad4698210b480c8e9"},"headline":"Tunisair : D\u00e9marrage calamiteux de la haute saison estivale","datePublished":"2018-06-30T08:54:38+00:00","mainEntityOfPage":{"@id":"https:\/\/kapitalis.com\/tunisie\/2018\/06\/30\/tunisair-demarrage-calamiteux-de-la-haute-saison-estivale\/"},"wordCount":440,"commentCount":2,"publisher":{"@id":"https:\/\/kapitalis.com\/tunisie\/#organization"},"image":{"@id":"https:\/\/kapitalis.com\/tunisie\/2018\/06\/30\/tunisair-demarrage-calamiteux-de-la-haute-saison-estivale\/#primaryimage"},"thumbnailUrl":"http:\/\/kapitalis.com\/tunisie\/wp-content\/uploads\/2015\/11\/tunisair.jpg","keywords":["Mehdi-Thibaut Affes","Mondial de football","Russie","Tunisair"],"articleSection":["CONSO","Tunisie"],"inLanguage":"fr-FR","potentialAction":[{"@type":"CommentAction","name":"Comment","target":["https:\/\/kapitalis.com\/tunisie\/2018\/06\/30\/tunisair-demarrage-calamiteux-de-la-haute-saison-estivale\/#respond"]}]},{"@type":"WebPage","@id":"https:\/\/kapitalis.com\/tunisie\/2018\/06\/30\/tunisair-demarrage-calamiteux-de-la-haute-saison-estivale\/","url":"https:\/\/kapitalis.com\/tunisie\/2018\/06\/30\/tunisair-demarrage-calamiteux-de-la-haute-saison-estivale\/","name":"Tunisair : D\u00e9marrage calamiteux de la haute saison estivale - Kapitalis","isPartOf":{"@id":"https:\/\/kapitalis.com\/tunisie\/#website"},"primaryImageOfPage":{"@id":"https:\/\/kapitalis.com\/tunisie\/2018\/06\/30\/tunisair-demarrage-calamiteux-de-la-haute-saison-estivale\/#primaryimage"},"image":{"@id":"https:\/\/kapitalis.com\/tunisie\/2018\/06\/30\/tunisair-demarrage-calamiteux-de-la-haute-saison-estivale\/#primaryimage"},"thumbnailUrl":"http:\/\/kapitalis.com\/tunisie\/wp-content\/uploads\/2015\/11\/tunisair.jpg","datePublished":"2018-06-30T08:54:38+00:00","breadcrumb":{"@id":"https:\/\/kapitalis.com\/tunisie\/2018\/06\/30\/tunisair-demarrage-calamiteux-de-la-haute-saison-estivale\/#breadcrumb"},"inLanguage":"fr-FR","potentialAction":[{"@type":"ReadAction","target":["https:\/\/kapitalis.com\/tunisie\/2018\/06\/30\/tunisair-demarrage-calamiteux-de-la-haute-saison-estivale\/"]}]},{"@type":"ImageObject","inLanguage":"fr-FR","@id":"https:\/\/kapitalis.com\/tunisie\/2018\/06\/30\/tunisair-demarrage-calamiteux-de-la-haute-saison-estivale\/#primaryimage","url":"http:\/\/kapitalis.com\/tunisie\/wp-content\/uploads\/2015\/11\/tunisair.jpg","contentUrl":"http:\/\/kapitalis.com\/tunisie\/wp-content\/uploads\/2015\/11\/tunisair.jpg"},{"@type":"BreadcrumbList","@id":"https:\/\/kapitalis.com\/tunisie\/2018\/06\/30\/tunisair-demarrage-calamiteux-de-la-haute-saison-estivale\/#breadcrumb","itemListElement":[{"@type":"ListItem","position":1,"name":"Accueil","item":"https:\/\/kapitalis.com\/tunisie\/"},{"@type":"ListItem","position":2,"name":"Tunisair : D\u00e9marrage calamiteux de la haute saison estivale"}]},{"@type":"WebSite","@id":"https:\/\/kapitalis.com\/tunisie\/#website","url":"https:\/\/kapitalis.com\/tunisie\/","name":"Kapitalis","description":"L&#039;actualit\u00e9 en Tunisie et dans le monde","publisher":{"@id":"https:\/\/kapitalis.com\/tunisie\/#organization"},"potentialAction":[{"@type":"SearchAction","target":{"@type":"EntryPoint","urlTemplate":"https:\/\/kapitalis.com\/tunisie\/?s={search_term_string}"},"query-input":{"@type":"PropertyValueSpecification","valueRequired":true,"valueName":"search_term_string"}}],"inLanguage":"fr-FR"},{"@type":"Organization","@id":"https:\/\/kapitalis.com\/tunisie\/#organization","name":"Kapitalis","url":"https:\/\/kapitalis.com\/tunisie\/","logo":{"@type":"ImageObject","inLanguage":"fr-FR","@id":"https:\/\/kapitalis.com\/tunisie\/#\/schema\/logo\/image\/","url":"https:\/\/kapitalis.com\/tunisie\/wp-content\/uploads\/2022\/05\/Kapitalis-big-size.png","contentUrl":"https:\/\/kapitalis.com\/tunisie\/wp-content\/uploads\/2022\/05\/Kapitalis-big-size.png","width":5000,"height":1500,"caption":"Kapitalis"},"image":{"@id":"https:\/\/kapitalis.com\/tunisie\/#\/schema\/logo\/image\/"},"sameAs":["https:\/\/www.facebook.com\/KapitalisInfo\/","https:\/\/x.com\/KapitalisInfo","https:\/\/www.youtube.com\/channel\/UC-yDYrHyfFBWWZaOw3FPg9Q"]},{"@type":"Person","@id":"https:\/\/kapitalis.com\/tunisie\/#\/schema\/person\/d71f33a9ca44f7bad4698210b480c8e9","name":"webmaster kapitalis","url":"https:\/\/kapitalis.com\/tunisie\/author\/webmaster-kapitalis\/"}]}},"_links":{"self":[{"href":"https:\/\/kapitalis.com\/tunisie\/wp-json\/wp\/v2\/posts\/162369","targetHints":{"allow":["GET"]}}],"collection":[{"href":"https:\/\/kapitalis.com\/tunisie\/wp-json\/wp\/v2\/posts"}],"about":[{"href":"https:\/\/kapitalis.com\/tunisie\/wp-json\/wp\/v2\/types\/post"}],"author":[{"embeddable":true,"href":"https:\/\/kapitalis.com\/tunisie\/wp-json\/wp\/v2\/users\/8"}],"replies":[{"embeddable":true,"href":"https:\/\/kapitalis.com\/tunisie\/wp-json\/wp\/v2\/comments?post=162369"}],"version-history":[{"count":0,"href":"https:\/\/kapitalis.com\/tunisie\/wp-json\/wp\/v2\/posts\/162369\/revisions"}],"wp:attachment":[{"href":"https:\/\/kapitalis.com\/tunisie\/wp-json\/wp\/v2\/media?parent=162369"}],"wp:term":[{"taxonomy":"category","embeddable":true,"href":"https:\/\/kapitalis.com\/tunisie\/wp-json\/wp\/v2\/categories?post=162369"},{"taxonomy":"post_tag","embeddable":true,"href":"https:\/\/kapitalis.com\/tunisie\/wp-json\/wp\/v2\/tags?post=162369"}],"curies":[{"name":"wp","href":"https:\/\/api.w.org\/{rel}","templated":true}]}}