{"id":16247204,"date":"2025-04-21T11:25:38","date_gmt":"2025-04-21T10:25:38","guid":{"rendered":"https:\/\/kapitalis.com\/tunisie\/?p=16247204"},"modified":"2025-04-22T06:10:40","modified_gmt":"2025-04-22T05:10:40","slug":"meloni-reussira-t-elle-inflechir-la-position-des-etats-unis-a-legard-de-la-tunisie","status":"publish","type":"post","link":"https:\/\/kapitalis.com\/tunisie\/2025\/04\/21\/meloni-reussira-t-elle-inflechir-la-position-des-etats-unis-a-legard-de-la-tunisie\/","title":{"rendered":"Meloni r\u00e9ussira-t-elle \u00e0 infl\u00e9chir la position des Etats-Unis \u00e0 l\u2019\u00e9gard de la Tunisie\u00a0?"},"content":{"rendered":"\n<p><strong><em>La s\u00e9ance de confirmation de l\u2019ambassadeur Bill Bazzi par le s\u00e9nat am\u00e9ricain, dont la date n\u2019a pas encore \u00e9t\u00e9 annonc\u00e9e, sera un v\u00e9ritable indicateur du sentiment de la classe politique am\u00e9ricaine au sujet de la situation en Tunisie sous ses multiples facettes et les lignes directrices de la mission du nouvel ambassadeur am\u00e9ricain en Tunisie.<\/em><\/strong><\/p>\n\n\n\n<p><strong>Elyes Kasri<\/strong> *<\/p>\n\n\n\n<!--more-->\n\n\n<div class=\"wp-block-image\">\n<figure class=\"alignleft size-full\"><img decoding=\"async\" src=\"http:\/\/kapitalis.com\/tunisie\/wp-content\/uploads\/2021\/06\/Elyes-Kasri.jpg\" alt=\"\" class=\"wp-image-352204\"\/><\/figure>\n<\/div>\n\n\n<p>Le nouvel ambassadeur am\u00e9ricain \u00e0 Tunis Bill Bazzi, d\u00e9sign\u00e9 par le pr\u00e9sident Donald Trump, devra \u00eatre confirm\u00e9 par le s\u00e9nat, selon l\u2019article 2 (section 2) de la constitution am\u00e9ricaine qui stipule que le pr\u00e9sident nommera les ambassadeurs \u2026 avec le consentement et conseil du s\u00e9nat.<\/p>\n\n\n\n<p>La nomination de l\u2019ambassadeur Bazzi a \u00e9t\u00e9 communiqu\u00e9e \u00e0 la commission des affaires \u00e9trang\u00e8res du s\u00e9nat depuis le 24 mars et attend de se voir fixer une date pour l\u2019audition de confirmation. Cette audition risque d\u2019\u00eatre houleuse tant la majorit\u00e9 r\u00e9publicaine et la minorit\u00e9 d\u00e9mocrate au s\u00e9nat ont accumul\u00e9 des griefs au fil des ans contre la politique int\u00e9rieure et surtout la politique \u00e9trang\u00e8re de la Tunisie. Il y a surtout une perception am\u00e9ricaine d\u2019un militantisme pro-palestinien de la part de notre pays, en d\u00e9marcation avec le consensus arabe, surtout celui des pays cl\u00e9s de la r\u00e9gion, \u00e0 l\u2019exception d\u2019une Alg\u00e9rie en voie d\u2019endiguement et de marginalisation. Sans parler d\u2019une \u00e9ventuelle perception d\u2019une proximit\u00e9 suspecte de notre pays avec un Iran en voie d\u2019\u00eatre r\u00e9duit \u00e0 sa plus simple expression apr\u00e8s la s\u00e9rieuse d\u00e9gradation de son axe de la r\u00e9sistance de Damas \u00e0 Gaza, au Sud Liban, en passant par le Y\u00e9men et autres satellites.<\/p>\n\n\n\n<p>Les sentences prononc\u00e9es r\u00e9cemment \u00e0 Tunis \u00e0 la suite des proc\u00e8s pour atteinte \u00e0 la s\u00e9curit\u00e9 de l\u2019Etat seront tr\u00e8s probablement \u00e9voqu\u00e9es par les s\u00e9nateurs am\u00e9ricains qui exigeront une \u00e9valuation sans ambigu\u00eft\u00e9 par l\u2019administration Trump de la situation politique en Tunisie et une ligne de conduite conforme aux appr\u00e9ciations et d\u00e9sid\u00e9ratas des cercles influents en mati\u00e8re de politique \u00e9trang\u00e8re am\u00e9ricaine dans notre r\u00e9gion.<\/p>\n\n\n\n<p>On pense principalement aux n\u00e9oconservateurs avec leur penchant islamiste, aux milieux pro-isra\u00e9liens avec le credo des accords d\u2019Abraham ainsi qu\u2019au complexe militaro-industriel soucieux de garder la Tunisie dans le giron de l\u2019Otan en raison de sa situation strat\u00e9gique. Notre pays est situ\u00e9, en effet, dans le d\u00e9troit de Sicile (143 km), point de contr\u00f4le de tout passage de la M\u00e9diterran\u00e9e orientale, proche du Moyen Orient riche en hydrocarbures et en march\u00e9s d\u2019armement, \u00e0 la M\u00e9diterran\u00e9e occidentale d\u00e9bouchant sur l\u2019oc\u00e9an Atlantique, zone de s\u00e9curit\u00e9 existentielle pour l\u2019Occident.<\/p>\n\n\n\n<p>La s\u00e9ance de confirmation de l\u2019ambassadeur Bill Bazzi par le s\u00e9nat am\u00e9ricain, dont la date n\u2019a pas encore \u00e9t\u00e9 annonc\u00e9e, sera un v\u00e9ritable indicateur du sentiment de la classe politique am\u00e9ricaine au sujet de la situation en Tunisie sous ses multiples facettes et les lignes directrices de la mission du nouvel ambassadeur am\u00e9ricain en Tunisie.<\/p>\n\n\n\n<p>S\u2019il y a lieu de s\u2019attendre \u00e0 une certaine inflexion en raison d\u2019un \u00e9ventuel lobbying de la part de l\u2019italienne Giorgia Meloni se pr\u00e9valant d\u2019une certaine proximit\u00e9 personnelle avec le pr\u00e9sident Trump, et qui semble gagner en popularit\u00e9 en raison de sa politique migratoire et des arrangements conclus notamment avec la Tunisie, il reste que les groupes de pression et d\u2019influence \u00e0 Washington pourraient se pr\u00e9valoir d\u2019arguments de nature \u00e0 surpasser celui \u00a0migratoire de notre ch\u00e8re amie italienne.<\/p>\n\n\n\n<p>* <em>Ancien ambassadeur.<\/em><\/p>\n\n\n\n<figure class=\"wp-block-embed is-type-wp-embed is-provider-kapitalis wp-block-embed-kapitalis\"><div class=\"wp-block-embed__wrapper\">\n<blockquote class=\"wp-embedded-content\" data-secret=\"kcJHkOznes\"><a href=\"https:\/\/kapitalis.com\/tunisie\/2025\/03\/13\/bill-bazzi-je-ressens-une-profonde-affinite-avec-la-tunisie\/\">Bill Bazzi\u00a0: \u00abJe ressens une profonde affinit\u00e9 avec la Tunisie\u00bb<\/a><\/blockquote><iframe loading=\"lazy\" class=\"wp-embedded-content\" sandbox=\"allow-scripts\" security=\"restricted\" style=\"position: absolute; visibility: hidden;\" title=\"\u00ab\u00a0Bill Bazzi\u00a0: \u00abJe ressens une profonde affinit\u00e9 avec la Tunisie\u00bb\u00a0\u00bb &#8212; Kapitalis\" src=\"https:\/\/kapitalis.com\/tunisie\/2025\/03\/13\/bill-bazzi-je-ressens-une-profonde-affinite-avec-la-tunisie\/embed\/#?secret=Q7Rdwraj0v#?secret=kcJHkOznes\" data-secret=\"kcJHkOznes\" width=\"600\" height=\"338\" frameborder=\"0\" marginwidth=\"0\" marginheight=\"0\" scrolling=\"no\"><\/iframe>\n<\/div><\/figure>\n","protected":false},"excerpt":{"rendered":"<p>La s\u00e9ance de confirmation de l\u2019ambassadeur Bill Bazzi par le s\u00e9nat am\u00e9ricain sera un indicateur du sentiment des dirigeants am\u00e9ricains au sujet de la Tunisie. <\/p>\n","protected":false},"author":8,"featured_media":16247248,"comment_status":"open","ping_status":"open","sticky":false,"template":"","format":"standard","meta":{"footnotes":""},"categories":[992,997,1000,2433],"tags":[86634,64,121250,9054,75918,103508,497,685,62643],"class_list":["post-16247204","post","type-post","status-publish","format-standard","has-post-thumbnail","hentry","category-a-la-une","category-politique","category-tribune","category-tunisie","tag-accords-dabraham","tag-algerie","tag-bill-bazzi","tag-donald-trump","tag-etats-unis-2","tag-giorgia-meloni","tag-iran","tag-otan","tag-tunisie"],"yoast_head":"<!-- This site is optimized with the Yoast SEO plugin v26.6 - https:\/\/yoast.com\/wordpress\/plugins\/seo\/ -->\n<title>Meloni r\u00e9ussira-t-elle \u00e0 infl\u00e9chir la position des Etats-Unis \u00e0 l\u2019\u00e9gard de la Tunisie\u00a0? - Kapitalis<\/title>\n<meta name=\"robots\" content=\"index, follow, max-snippet:-1, max-image-preview:large, max-video-preview:-1\" \/>\n<link rel=\"canonical\" href=\"https:\/\/kapitalis.com\/tunisie\/2025\/04\/21\/meloni-reussira-t-elle-inflechir-la-position-des-etats-unis-a-legard-de-la-tunisie\/\" \/>\n<meta property=\"og:locale\" content=\"fr_FR\" \/>\n<meta property=\"og:type\" content=\"article\" \/>\n<meta property=\"og:title\" content=\"Meloni r\u00e9ussira-t-elle \u00e0 infl\u00e9chir la position des Etats-Unis \u00e0 l\u2019\u00e9gard de la Tunisie\u00a0? - Kapitalis\" \/>\n<meta property=\"og:description\" content=\"La s\u00e9ance de confirmation de l\u2019ambassadeur Bill Bazzi par le s\u00e9nat am\u00e9ricain sera un indicateur du sentiment des dirigeants am\u00e9ricains au sujet de la Tunisie.\" \/>\n<meta property=\"og:url\" content=\"https:\/\/kapitalis.com\/tunisie\/2025\/04\/21\/meloni-reussira-t-elle-inflechir-la-position-des-etats-unis-a-legard-de-la-tunisie\/\" \/>\n<meta property=\"og:site_name\" content=\"Kapitalis\" \/>\n<meta property=\"article:publisher\" content=\"https:\/\/www.facebook.com\/KapitalisInfo\/\" \/>\n<meta property=\"article:published_time\" content=\"2025-04-21T10:25:38+00:00\" \/>\n<meta property=\"article:modified_time\" content=\"2025-04-22T05:10:40+00:00\" \/>\n<meta property=\"og:image\" content=\"https:\/\/kapitalis.com\/tunisie\/wp-content\/uploads\/2025\/04\/Giorgia-Meloni-Donald-Trump.jpg\" \/>\n\t<meta property=\"og:image:width\" content=\"1200\" \/>\n\t<meta property=\"og:image:height\" content=\"630\" \/>\n\t<meta property=\"og:image:type\" content=\"image\/jpeg\" \/>\n<meta name=\"author\" content=\"webmaster kapitalis\" \/>\n<meta name=\"twitter:card\" content=\"summary_large_image\" \/>\n<meta name=\"twitter:creator\" content=\"@KapitalisInfo\" \/>\n<meta name=\"twitter:site\" content=\"@KapitalisInfo\" \/>\n<meta name=\"twitter:label1\" content=\"\u00c9crit par\" \/>\n\t<meta name=\"twitter:data1\" content=\"webmaster kapitalis\" \/>\n\t<meta name=\"twitter:label2\" content=\"Dur\u00e9e de lecture estim\u00e9e\" \/>\n\t<meta name=\"twitter:data2\" content=\"4 minutes\" \/>\n<script type=\"application\/ld+json\" class=\"yoast-schema-graph\">{\"@context\":\"https:\/\/schema.org\",\"@graph\":[{\"@type\":\"Article\",\"@id\":\"https:\/\/kapitalis.com\/tunisie\/2025\/04\/21\/meloni-reussira-t-elle-inflechir-la-position-des-etats-unis-a-legard-de-la-tunisie\/#article\",\"isPartOf\":{\"@id\":\"https:\/\/kapitalis.com\/tunisie\/2025\/04\/21\/meloni-reussira-t-elle-inflechir-la-position-des-etats-unis-a-legard-de-la-tunisie\/\"},\"author\":{\"name\":\"webmaster kapitalis\",\"@id\":\"https:\/\/kapitalis.com\/tunisie\/#\/schema\/person\/d71f33a9ca44f7bad4698210b480c8e9\"},\"headline\":\"Meloni r\u00e9ussira-t-elle \u00e0 infl\u00e9chir la position des Etats-Unis \u00e0 l\u2019\u00e9gard de la Tunisie\u00a0?\",\"datePublished\":\"2025-04-21T10:25:38+00:00\",\"dateModified\":\"2025-04-22T05:10:40+00:00\",\"mainEntityOfPage\":{\"@id\":\"https:\/\/kapitalis.com\/tunisie\/2025\/04\/21\/meloni-reussira-t-elle-inflechir-la-position-des-etats-unis-a-legard-de-la-tunisie\/\"},\"wordCount\":646,\"commentCount\":4,\"publisher\":{\"@id\":\"https:\/\/kapitalis.com\/tunisie\/#organization\"},\"image\":{\"@id\":\"https:\/\/kapitalis.com\/tunisie\/2025\/04\/21\/meloni-reussira-t-elle-inflechir-la-position-des-etats-unis-a-legard-de-la-tunisie\/#primaryimage\"},\"thumbnailUrl\":\"https:\/\/kapitalis.com\/tunisie\/wp-content\/uploads\/2025\/04\/Giorgia-Meloni-Donald-Trump.jpg\",\"keywords\":[\"accords d\u2019Abraham\",\"Alg\u00e9rie\",\"Bill Bazzi\",\"Donald Trump\",\"Etats-Unis\",\"Giorgia Meloni\",\"Iran\",\"Otan\",\"Tunisie\"],\"articleSection\":[\"A LA UNE\",\"POLITIQUE\",\"TRIBUNE\",\"Tunisie\"],\"inLanguage\":\"fr-FR\",\"potentialAction\":[{\"@type\":\"CommentAction\",\"name\":\"Comment\",\"target\":[\"https:\/\/kapitalis.com\/tunisie\/2025\/04\/21\/meloni-reussira-t-elle-inflechir-la-position-des-etats-unis-a-legard-de-la-tunisie\/#respond\"]}]},{\"@type\":\"WebPage\",\"@id\":\"https:\/\/kapitalis.com\/tunisie\/2025\/04\/21\/meloni-reussira-t-elle-inflechir-la-position-des-etats-unis-a-legard-de-la-tunisie\/\",\"url\":\"https:\/\/kapitalis.com\/tunisie\/2025\/04\/21\/meloni-reussira-t-elle-inflechir-la-position-des-etats-unis-a-legard-de-la-tunisie\/\",\"name\":\"Meloni r\u00e9ussira-t-elle \u00e0 infl\u00e9chir la position des Etats-Unis \u00e0 l\u2019\u00e9gard de la Tunisie\u00a0? - Kapitalis\",\"isPartOf\":{\"@id\":\"https:\/\/kapitalis.com\/tunisie\/#website\"},\"primaryImageOfPage\":{\"@id\":\"https:\/\/kapitalis.com\/tunisie\/2025\/04\/21\/meloni-reussira-t-elle-inflechir-la-position-des-etats-unis-a-legard-de-la-tunisie\/#primaryimage\"},\"image\":{\"@id\":\"https:\/\/kapitalis.com\/tunisie\/2025\/04\/21\/meloni-reussira-t-elle-inflechir-la-position-des-etats-unis-a-legard-de-la-tunisie\/#primaryimage\"},\"thumbnailUrl\":\"https:\/\/kapitalis.com\/tunisie\/wp-content\/uploads\/2025\/04\/Giorgia-Meloni-Donald-Trump.jpg\",\"datePublished\":\"2025-04-21T10:25:38+00:00\",\"dateModified\":\"2025-04-22T05:10:40+00:00\",\"breadcrumb\":{\"@id\":\"https:\/\/kapitalis.com\/tunisie\/2025\/04\/21\/meloni-reussira-t-elle-inflechir-la-position-des-etats-unis-a-legard-de-la-tunisie\/#breadcrumb\"},\"inLanguage\":\"fr-FR\",\"potentialAction\":[{\"@type\":\"ReadAction\",\"target\":[\"https:\/\/kapitalis.com\/tunisie\/2025\/04\/21\/meloni-reussira-t-elle-inflechir-la-position-des-etats-unis-a-legard-de-la-tunisie\/\"]}]},{\"@type\":\"ImageObject\",\"inLanguage\":\"fr-FR\",\"@id\":\"https:\/\/kapitalis.com\/tunisie\/2025\/04\/21\/meloni-reussira-t-elle-inflechir-la-position-des-etats-unis-a-legard-de-la-tunisie\/#primaryimage\",\"url\":\"https:\/\/kapitalis.com\/tunisie\/wp-content\/uploads\/2025\/04\/Giorgia-Meloni-Donald-Trump.jpg\",\"contentUrl\":\"https:\/\/kapitalis.com\/tunisie\/wp-content\/uploads\/2025\/04\/Giorgia-Meloni-Donald-Trump.jpg\",\"width\":1200,\"height\":630},{\"@type\":\"BreadcrumbList\",\"@id\":\"https:\/\/kapitalis.com\/tunisie\/2025\/04\/21\/meloni-reussira-t-elle-inflechir-la-position-des-etats-unis-a-legard-de-la-tunisie\/#breadcrumb\",\"itemListElement\":[{\"@type\":\"ListItem\",\"position\":1,\"name\":\"Accueil\",\"item\":\"https:\/\/kapitalis.com\/tunisie\/\"},{\"@type\":\"ListItem\",\"position\":2,\"name\":\"Meloni r\u00e9ussira-t-elle \u00e0 infl\u00e9chir la position des Etats-Unis \u00e0 l\u2019\u00e9gard de la Tunisie\u00a0?\"}]},{\"@type\":\"WebSite\",\"@id\":\"https:\/\/kapitalis.com\/tunisie\/#website\",\"url\":\"https:\/\/kapitalis.com\/tunisie\/\",\"name\":\"Kapitalis\",\"description\":\"L&#039;actualit\u00e9 en Tunisie et dans le monde\",\"publisher\":{\"@id\":\"https:\/\/kapitalis.com\/tunisie\/#organization\"},\"potentialAction\":[{\"@type\":\"SearchAction\",\"target\":{\"@type\":\"EntryPoint\",\"urlTemplate\":\"https:\/\/kapitalis.com\/tunisie\/?s={search_term_string}\"},\"query-input\":{\"@type\":\"PropertyValueSpecification\",\"valueRequired\":true,\"valueName\":\"search_term_string\"}}],\"inLanguage\":\"fr-FR\"},{\"@type\":\"Organization\",\"@id\":\"https:\/\/kapitalis.com\/tunisie\/#organization\",\"name\":\"Kapitalis\",\"url\":\"https:\/\/kapitalis.com\/tunisie\/\",\"logo\":{\"@type\":\"ImageObject\",\"inLanguage\":\"fr-FR\",\"@id\":\"https:\/\/kapitalis.com\/tunisie\/#\/schema\/logo\/image\/\",\"url\":\"https:\/\/kapitalis.com\/tunisie\/wp-content\/uploads\/2022\/05\/Kapitalis-big-size.png\",\"contentUrl\":\"https:\/\/kapitalis.com\/tunisie\/wp-content\/uploads\/2022\/05\/Kapitalis-big-size.png\",\"width\":5000,\"height\":1500,\"caption\":\"Kapitalis\"},\"image\":{\"@id\":\"https:\/\/kapitalis.com\/tunisie\/#\/schema\/logo\/image\/\"},\"sameAs\":[\"https:\/\/www.facebook.com\/KapitalisInfo\/\",\"https:\/\/x.com\/KapitalisInfo\",\"https:\/\/www.youtube.com\/channel\/UC-yDYrHyfFBWWZaOw3FPg9Q\"]},{\"@type\":\"Person\",\"@id\":\"https:\/\/kapitalis.com\/tunisie\/#\/schema\/person\/d71f33a9ca44f7bad4698210b480c8e9\",\"name\":\"webmaster kapitalis\",\"url\":\"https:\/\/kapitalis.com\/tunisie\/author\/webmaster-kapitalis\/\"}]}<\/script>\n<!-- \/ Yoast SEO plugin. -->","yoast_head_json":{"title":"Meloni r\u00e9ussira-t-elle \u00e0 infl\u00e9chir la position des Etats-Unis \u00e0 l\u2019\u00e9gard de la Tunisie\u00a0? - Kapitalis","robots":{"index":"index","follow":"follow","max-snippet":"max-snippet:-1","max-image-preview":"max-image-preview:large","max-video-preview":"max-video-preview:-1"},"canonical":"https:\/\/kapitalis.com\/tunisie\/2025\/04\/21\/meloni-reussira-t-elle-inflechir-la-position-des-etats-unis-a-legard-de-la-tunisie\/","og_locale":"fr_FR","og_type":"article","og_title":"Meloni r\u00e9ussira-t-elle \u00e0 infl\u00e9chir la position des Etats-Unis \u00e0 l\u2019\u00e9gard de la Tunisie\u00a0? - Kapitalis","og_description":"La s\u00e9ance de confirmation de l\u2019ambassadeur Bill Bazzi par le s\u00e9nat am\u00e9ricain sera un indicateur du sentiment des dirigeants am\u00e9ricains au sujet de la Tunisie.","og_url":"https:\/\/kapitalis.com\/tunisie\/2025\/04\/21\/meloni-reussira-t-elle-inflechir-la-position-des-etats-unis-a-legard-de-la-tunisie\/","og_site_name":"Kapitalis","article_publisher":"https:\/\/www.facebook.com\/KapitalisInfo\/","article_published_time":"2025-04-21T10:25:38+00:00","article_modified_time":"2025-04-22T05:10:40+00:00","og_image":[{"width":1200,"height":630,"url":"https:\/\/kapitalis.com\/tunisie\/wp-content\/uploads\/2025\/04\/Giorgia-Meloni-Donald-Trump.jpg","type":"image\/jpeg"}],"author":"webmaster kapitalis","twitter_card":"summary_large_image","twitter_creator":"@KapitalisInfo","twitter_site":"@KapitalisInfo","twitter_misc":{"\u00c9crit par":"webmaster kapitalis","Dur\u00e9e de lecture estim\u00e9e":"4 minutes"},"schema":{"@context":"https:\/\/schema.org","@graph":[{"@type":"Article","@id":"https:\/\/kapitalis.com\/tunisie\/2025\/04\/21\/meloni-reussira-t-elle-inflechir-la-position-des-etats-unis-a-legard-de-la-tunisie\/#article","isPartOf":{"@id":"https:\/\/kapitalis.com\/tunisie\/2025\/04\/21\/meloni-reussira-t-elle-inflechir-la-position-des-etats-unis-a-legard-de-la-tunisie\/"},"author":{"name":"webmaster kapitalis","@id":"https:\/\/kapitalis.com\/tunisie\/#\/schema\/person\/d71f33a9ca44f7bad4698210b480c8e9"},"headline":"Meloni r\u00e9ussira-t-elle \u00e0 infl\u00e9chir la position des Etats-Unis \u00e0 l\u2019\u00e9gard de la Tunisie\u00a0?","datePublished":"2025-04-21T10:25:38+00:00","dateModified":"2025-04-22T05:10:40+00:00","mainEntityOfPage":{"@id":"https:\/\/kapitalis.com\/tunisie\/2025\/04\/21\/meloni-reussira-t-elle-inflechir-la-position-des-etats-unis-a-legard-de-la-tunisie\/"},"wordCount":646,"commentCount":4,"publisher":{"@id":"https:\/\/kapitalis.com\/tunisie\/#organization"},"image":{"@id":"https:\/\/kapitalis.com\/tunisie\/2025\/04\/21\/meloni-reussira-t-elle-inflechir-la-position-des-etats-unis-a-legard-de-la-tunisie\/#primaryimage"},"thumbnailUrl":"https:\/\/kapitalis.com\/tunisie\/wp-content\/uploads\/2025\/04\/Giorgia-Meloni-Donald-Trump.jpg","keywords":["accords d\u2019Abraham","Alg\u00e9rie","Bill Bazzi","Donald Trump","Etats-Unis","Giorgia Meloni","Iran","Otan","Tunisie"],"articleSection":["A LA UNE","POLITIQUE","TRIBUNE","Tunisie"],"inLanguage":"fr-FR","potentialAction":[{"@type":"CommentAction","name":"Comment","target":["https:\/\/kapitalis.com\/tunisie\/2025\/04\/21\/meloni-reussira-t-elle-inflechir-la-position-des-etats-unis-a-legard-de-la-tunisie\/#respond"]}]},{"@type":"WebPage","@id":"https:\/\/kapitalis.com\/tunisie\/2025\/04\/21\/meloni-reussira-t-elle-inflechir-la-position-des-etats-unis-a-legard-de-la-tunisie\/","url":"https:\/\/kapitalis.com\/tunisie\/2025\/04\/21\/meloni-reussira-t-elle-inflechir-la-position-des-etats-unis-a-legard-de-la-tunisie\/","name":"Meloni r\u00e9ussira-t-elle \u00e0 infl\u00e9chir la position des Etats-Unis \u00e0 l\u2019\u00e9gard de la Tunisie\u00a0? - Kapitalis","isPartOf":{"@id":"https:\/\/kapitalis.com\/tunisie\/#website"},"primaryImageOfPage":{"@id":"https:\/\/kapitalis.com\/tunisie\/2025\/04\/21\/meloni-reussira-t-elle-inflechir-la-position-des-etats-unis-a-legard-de-la-tunisie\/#primaryimage"},"image":{"@id":"https:\/\/kapitalis.com\/tunisie\/2025\/04\/21\/meloni-reussira-t-elle-inflechir-la-position-des-etats-unis-a-legard-de-la-tunisie\/#primaryimage"},"thumbnailUrl":"https:\/\/kapitalis.com\/tunisie\/wp-content\/uploads\/2025\/04\/Giorgia-Meloni-Donald-Trump.jpg","datePublished":"2025-04-21T10:25:38+00:00","dateModified":"2025-04-22T05:10:40+00:00","breadcrumb":{"@id":"https:\/\/kapitalis.com\/tunisie\/2025\/04\/21\/meloni-reussira-t-elle-inflechir-la-position-des-etats-unis-a-legard-de-la-tunisie\/#breadcrumb"},"inLanguage":"fr-FR","potentialAction":[{"@type":"ReadAction","target":["https:\/\/kapitalis.com\/tunisie\/2025\/04\/21\/meloni-reussira-t-elle-inflechir-la-position-des-etats-unis-a-legard-de-la-tunisie\/"]}]},{"@type":"ImageObject","inLanguage":"fr-FR","@id":"https:\/\/kapitalis.com\/tunisie\/2025\/04\/21\/meloni-reussira-t-elle-inflechir-la-position-des-etats-unis-a-legard-de-la-tunisie\/#primaryimage","url":"https:\/\/kapitalis.com\/tunisie\/wp-content\/uploads\/2025\/04\/Giorgia-Meloni-Donald-Trump.jpg","contentUrl":"https:\/\/kapitalis.com\/tunisie\/wp-content\/uploads\/2025\/04\/Giorgia-Meloni-Donald-Trump.jpg","width":1200,"height":630},{"@type":"BreadcrumbList","@id":"https:\/\/kapitalis.com\/tunisie\/2025\/04\/21\/meloni-reussira-t-elle-inflechir-la-position-des-etats-unis-a-legard-de-la-tunisie\/#breadcrumb","itemListElement":[{"@type":"ListItem","position":1,"name":"Accueil","item":"https:\/\/kapitalis.com\/tunisie\/"},{"@type":"ListItem","position":2,"name":"Meloni r\u00e9ussira-t-elle \u00e0 infl\u00e9chir la position des Etats-Unis \u00e0 l\u2019\u00e9gard de la Tunisie\u00a0?"}]},{"@type":"WebSite","@id":"https:\/\/kapitalis.com\/tunisie\/#website","url":"https:\/\/kapitalis.com\/tunisie\/","name":"Kapitalis","description":"L&#039;actualit\u00e9 en Tunisie et dans le monde","publisher":{"@id":"https:\/\/kapitalis.com\/tunisie\/#organization"},"potentialAction":[{"@type":"SearchAction","target":{"@type":"EntryPoint","urlTemplate":"https:\/\/kapitalis.com\/tunisie\/?s={search_term_string}"},"query-input":{"@type":"PropertyValueSpecification","valueRequired":true,"valueName":"search_term_string"}}],"inLanguage":"fr-FR"},{"@type":"Organization","@id":"https:\/\/kapitalis.com\/tunisie\/#organization","name":"Kapitalis","url":"https:\/\/kapitalis.com\/tunisie\/","logo":{"@type":"ImageObject","inLanguage":"fr-FR","@id":"https:\/\/kapitalis.com\/tunisie\/#\/schema\/logo\/image\/","url":"https:\/\/kapitalis.com\/tunisie\/wp-content\/uploads\/2022\/05\/Kapitalis-big-size.png","contentUrl":"https:\/\/kapitalis.com\/tunisie\/wp-content\/uploads\/2022\/05\/Kapitalis-big-size.png","width":5000,"height":1500,"caption":"Kapitalis"},"image":{"@id":"https:\/\/kapitalis.com\/tunisie\/#\/schema\/logo\/image\/"},"sameAs":["https:\/\/www.facebook.com\/KapitalisInfo\/","https:\/\/x.com\/KapitalisInfo","https:\/\/www.youtube.com\/channel\/UC-yDYrHyfFBWWZaOw3FPg9Q"]},{"@type":"Person","@id":"https:\/\/kapitalis.com\/tunisie\/#\/schema\/person\/d71f33a9ca44f7bad4698210b480c8e9","name":"webmaster kapitalis","url":"https:\/\/kapitalis.com\/tunisie\/author\/webmaster-kapitalis\/"}]}},"_links":{"self":[{"href":"https:\/\/kapitalis.com\/tunisie\/wp-json\/wp\/v2\/posts\/16247204","targetHints":{"allow":["GET"]}}],"collection":[{"href":"https:\/\/kapitalis.com\/tunisie\/wp-json\/wp\/v2\/posts"}],"about":[{"href":"https:\/\/kapitalis.com\/tunisie\/wp-json\/wp\/v2\/types\/post"}],"author":[{"embeddable":true,"href":"https:\/\/kapitalis.com\/tunisie\/wp-json\/wp\/v2\/users\/8"}],"replies":[{"embeddable":true,"href":"https:\/\/kapitalis.com\/tunisie\/wp-json\/wp\/v2\/comments?post=16247204"}],"version-history":[{"count":3,"href":"https:\/\/kapitalis.com\/tunisie\/wp-json\/wp\/v2\/posts\/16247204\/revisions"}],"predecessor-version":[{"id":16256996,"href":"https:\/\/kapitalis.com\/tunisie\/wp-json\/wp\/v2\/posts\/16247204\/revisions\/16256996"}],"wp:featuredmedia":[{"embeddable":true,"href":"https:\/\/kapitalis.com\/tunisie\/wp-json\/wp\/v2\/media\/16247248"}],"wp:attachment":[{"href":"https:\/\/kapitalis.com\/tunisie\/wp-json\/wp\/v2\/media?parent=16247204"}],"wp:term":[{"taxonomy":"category","embeddable":true,"href":"https:\/\/kapitalis.com\/tunisie\/wp-json\/wp\/v2\/categories?post=16247204"},{"taxonomy":"post_tag","embeddable":true,"href":"https:\/\/kapitalis.com\/tunisie\/wp-json\/wp\/v2\/tags?post=16247204"}],"curies":[{"name":"wp","href":"https:\/\/api.w.org\/{rel}","templated":true}]}}