{"id":162535,"date":"2018-07-01T17:32:06","date_gmt":"2018-07-01T16:32:06","guid":{"rendered":"http:\/\/kapitalis.com\/tunisie\/?p=162535"},"modified":"2018-07-01T17:30:36","modified_gmt":"2018-07-01T16:30:36","slug":"la-tunisie-a-t-elle-besoin-dun-nouveau-chef-de-gouvernement","status":"publish","type":"post","link":"https:\/\/kapitalis.com\/tunisie\/2018\/07\/01\/la-tunisie-a-t-elle-besoin-dun-nouveau-chef-de-gouvernement\/","title":{"rendered":"La Tunisie a-t-elle besoin d\u2019un nouveau chef de gouvernement ?"},"content":{"rendered":"<p style=\"text-align: center;\"><img loading=\"lazy\" decoding=\"async\" class=\"alignnone size-full wp-image-162536\" src=\"http:\/\/kapitalis.com\/tunisie\/wp-content\/uploads\/2018\/07\/Habib-Essid-Youssef-Chahed.jpg\" alt=\"\" width=\"626\" height=\"380\" \/><\/p>\n<p><em><strong>Que pourra faire, en Tunisie, un \u00e9ni\u00e8me Premier ministre et son gouvernement sinon continuer \u00e0 tourner en rond dans un pays arriv\u00e9 \u00e0 un \u00e9tat avanc\u00e9 de d\u00e9liquescence morale, de d\u00e9pravation politique, de d\u00e9gradation \u00e9conomique et de faillite financi\u00e8re?<\/strong><\/em><\/p>\n<p>Par <strong>Yassine Essid<\/strong><\/p>\n<p><!--more--><\/p>\n<p><img loading=\"lazy\" decoding=\"async\" class=\"alignnone size-full wp-image-118739 alignleft\" src=\"http:\/\/kapitalis.com\/tunisie\/wp-content\/uploads\/2017\/10\/Yassine-Essid.jpg\" alt=\"\" width=\"200\" height=\"250\" \/>Supposons, par pire ou pure hypoth\u00e8se, que Youssef Chahed soit enfin d\u00e9barqu\u00e9 comme l\u2019exigent express\u00e9ment, contre toute logique et en d\u00e9pit du bon sens, l\u2019UGTT, une fraction de Nidaa Tounes et les int\u00e9r\u00eats particuliers des factions du cirque politique.<\/p>\n<p>Tous s\u2019accordent \u00e0 rendre Youssef Chahed responsable d\u2019un \u00e9chec auquel particip\u00e8rent pourtant toutes les composantes de la soci\u00e9t\u00e9, principalement la classe politique et le monde des affaires qui souvent collaborent et deviennent corrompus.<\/p>\n<h3>Un nouveau Premier ministre pour quoi faire ?<\/h3>\n<p>Elaborons une approche par sc\u00e9nario p\u00e9dagogique d\u2019un changement futur du gouvernement en soulevant la question suivante : pour quoi-faire ?<\/p>\n<p>Sans s\u2019attarder dans des consultations inutiles, le pr\u00e9sident de la r\u00e9publique, B\u00e9ji ca\u00efd Essebsi, passant outre le veto d\u2019Ennahdha, d\u00e9cide enfin de trancher en se rangeant de l\u2019avis de ses proches, \u00e9vitant ainsi des disputes qui ne manqueraient pas d\u2019avoir des effets tragiques dans son m\u00e9nage. Il nomme un nouveau Premier ministre de consensus familial mettant ainsi fin au tapage infernal, aux tiraillements discordants et aux confusions en tous sens que lui faisaient subir les signataires de l\u2019Accord de Carthage 1 et 2, et qui avaient fini par le d\u00e9pouiller de toute ind\u00e9pendance, de toute cr\u00e9dibilit\u00e9, \u00e9touffant du m\u00eame coup le peu d\u2019\u00e9nergie qui lui restait.<\/p>\n<p>Le nouveau chef de gouvernement commencera d\u2019abord par \u00e9prouver avec d\u00e9lice l\u2019impression suave d\u2019avoir triomph\u00e9 des pr\u00e9tendants boiteux et des ignobles postulants autoproclam\u00e9s qui se bousculaient au portillon.<\/p>\n<p>Ensuite, une fois accompli le rituel obligatoire de d\u00e9claration de reconnaissance et d\u2019all\u00e9geance au chef de l\u2019Etat, il se mettra \u00e0 r\u00e9fl\u00e9chir \u00e0 ce qu\u2019il compte faire. Or il est bien trop \u00e9moustill\u00e9 par la perspective de diriger enfin l\u2019ex\u00e9cutif pour reconna\u00eetre que sa nouvelle fonction, par les temps qui courent, ne s\u2019inscrit pas dans la dur\u00e9e et qu\u2019il n\u2019est finalement qu\u2019un maillon perdu dans une longue cha\u00eene de chefs de gouvernement qui ont subi les \u00e9preuves inexorables des temporalit\u00e9s et l\u2019incertitude de l\u2019activit\u00e9 politique en r\u00e9gime d\u00e9mocratique qui affecte profond\u00e9ment les logiques de la prise de d\u00e9cision et la fa\u00e7on dont s\u2019op\u00e8rent les choix publics.<\/p>\n<p>Indiff\u00e9rant aux difficult\u00e9s rencontr\u00e9es par ses pr\u00e9d\u00e9cesseurs qui avaient connu, en suppl\u00e9ment, trahisons, revirements, chantage, et toutes sortes de man\u0153uvres m\u00e9diatiques qui leur pourrissaient la vie, jusqu\u2019\u00e0 leur limogeage exp\u00e9ditif ou malhabile, il d\u00e9cide de se r\u00e9server quelque temps pour ent\u00e9riner une \u00e9quipe compos\u00e9e selon un syst\u00e8me de quotas longuement n\u00e9goci\u00e9 \u00e0 son insu, cens\u00e9e recomposer la sc\u00e8ne politique et pallier les insuffisances du gouvernement pr\u00e9c\u00e9dent.<\/p>\n<h3>Composer soi-m\u00eame le futur gouvernement<\/h3>\n<p>Le nouveau promu, qui croyait pouvoir offrir les pr\u00e9misses d\u2019un superbe mod\u00e8le de soci\u00e9t\u00e9, n\u2019avait en fait, comme nous tous d\u2019ailleurs, qu\u2019une vague id\u00e9e sur la fa\u00e7on d\u2019entrevoir l\u2019avenir. Se d\u00e9clarant partisan d\u2019un gouvernement de rassemblement et de renouvellement pour changer le pays gr\u00e2ce \u00e0 une \u00e9quipe resserr\u00e9e, il se livrera dans ce dessein \u00e0 un subtil art de la synth\u00e8se et du compromis, surmontant, \u00e0 grand-peine, querelles et bouderies, subissant tensions et marchandages, passant au crible imp\u00e9trants et imp\u00e9trantes en commen\u00e7ant par exclure d\u2019embl\u00e9e tous les candidats en possession d\u2019une montre Rolex.<\/p>\n<p>\u00c0 ce propos, on devrait concevoir une application ludique, \u00e0 partager sur les r\u00e9seaux sociaux, qui consisterait \u00e0 composer soi-m\u00eame le futur gouvernement. Il suffit de cliquer sur la personnalit\u00e9 de votre choix et de glisser-d\u00e9poser son portrait dans la case correspondant au portefeuille choisi et valider ensuite la s\u00e9lection.<\/p>\n<p>Arrivera ensuite le jour o\u00f9 il devra d\u00e9rouler, devant la repr\u00e9sentation nationale, son beau discours de mensonges, de fausses promesses et de bla-bla-bla en promettant que le gouvernement et son bras administratif seront les plus transparents de l\u2019histoire, et qu\u2019il entend bien jeter les bases d\u2019une soci\u00e9t\u00e9 nouvelle, \u00e9galitaire et prosp\u00e8re.<\/p>\n<p>Une fois aux affaires, faisant fi de toutes man\u0153uvres politiciennes qui ne manqueraient pas de surgir et qu\u2019il lui faudrait d\u00e9jouer, et au vu de l\u2019inventaire des d\u00e9fis \u00e0 relever, il d\u00e9couvrira qu\u2019il n\u2019avait fait jusque-l\u00e0 que c\u00e9der pr\u00e9cipitamment \u00e0 l\u2019attrait imp\u00e9rieux pour le pouvoir sans en \u00e9valuer les enjeux.<\/p>\n<p>Il n\u2019est pas facile en effet, en temps de crise grave, de restaurer la confiance des investisseurs, de briser la logique de pr\u00e9dation, d\u2019assurer la croissance et de promouvoir la paix sociale tout en activant les r\u00e9formes budg\u00e9taires structurelles exig\u00e9es par les bailleurs de fonds \u00e9trangers.<\/p>\n<h3>Probl\u00e8mes chroniques et perspectives de sortie de crise<\/h3>\n<p>Laissant provisoirement de c\u00f4t\u00e9 les faits conjoncturels, contingents et imm\u00e9diats, susceptibles \u00e0 ses yeux de trouver rapidement une solution et qui n\u2019ont qu\u2019une valeur anecdotique juste bonne \u00e0 alimenter l\u2019actualit\u00e9, il se mettra \u00e0 faire l\u2019inventaire des probl\u00e8mes structurels et des perspectives \u00e0 long terme de sortie de crise.<\/p>\n<p>Il commencera par dresser le constat amer du d\u00e9labrement des institutions de la r\u00e9publique : un chef d\u2019Etat et sa clique qui se m\u00ealent de tout, allant jusqu\u2019\u00e0 lui disputer tout droit de regard sur les ministres r\u00e9galiens, une Assembl\u00e9e impuissante qui a perdu toute dignit\u00e9 aux yeux de l\u2019opinion, l\u2019identification de la politique gouvernementale \u00e0 un Premier ministre vassalis\u00e9 par le palais, d\u00e9lib\u00e9r\u00e9ment affaibli par le caract\u00e8re dualiste et inconstitutionnel d\u2019un r\u00e9gime qui lui \u00f4te toute possibilit\u00e9 d\u2019agir ainsi que par les multiples interf\u00e9rences des pseudos partenaires sociaux. Enfin il se retrouve expos\u00e9 en permanence aux surench\u00e8res des irr\u00e9ductibles pr\u00e9tendants \u00e0 la fonction.<\/p>\n<p>Toute cette r\u00e9alit\u00e9 avait fini par exacerber le d\u00e9sint\u00e9r\u00eat croissant sinon le m\u00e9pris des citoyens pour la chose publique, expression d\u2019une pathologie inh\u00e9rente \u00e0 la d\u00e9mocratie telle qu\u2019elle est v\u00e9cue et pratiqu\u00e9e aujourd\u2019hui en Tunisie.<\/p>\n<p>D\u2019autres raisons plus circonstancielles t\u00e9moignent de ses capacit\u00e9s amoindries en mati\u00e8re \u00e9conomique : l\u2019apparition d\u2019un nouveau type de pouvoirs supranationaux pour lesquels la d\u00e9lib\u00e9ration personnelle ou collective n\u2019est plus appropri\u00e9e.<\/p>\n<p>Les accords avec le FMI et la BM sont quasiment une mise sous-tutelle des affaires \u00e9conomiques et financi\u00e8res nationales dans la mesure o\u00f9 ils ne cessent d\u2019exercer un pouvoir d\u00e9cisionnel sur la gestion budg\u00e9taire du pays surendett\u00e9e et r\u00e9cipiendaire de leur aide.<\/p>\n<p>Dans un pays fortement tributaire de l\u2019assistance \u00e9trang\u00e8re, l\u2019activit\u00e9 du Premier ministre sera alors r\u00e9duite \u00e0 un perp\u00e9tuel dilemme entre la n\u00e9cessit\u00e9 de r\u00e9duire les d\u00e9penses et s\u00e9curiser les recettes, mais dont le co\u00fbt social sera incalculable, lui coupera chaque jour un peu plus l\u2019extr\u00e9mit\u00e9 des ailes et fera de lui le point de mire de la vindicte publique, et une fuite en avant dans la dette publique.<\/p>\n<p>Tout cela ne lui laissera pas beaucoup de loisir pour m\u00e9diter un monde dans lequel la richesse mat\u00e9rielle sera largement partag\u00e9e et o\u00f9 la paix sociale pr\u00e9vaudra.<\/p>\n<p>Mais ce n\u2019est pas tout, et c\u2019est l\u00e0 que la fonction de Premier ministre devient intenable. Une focalisation exclusive sur la stabilit\u00e9 et la croissance du PIB ne tient pas compte des changements dans l\u2019infrastructure sociale et financi\u00e8re d\u2019une \u00e9conomie ni dans la qualit\u00e9 de vie des familles au quotidien.<\/p>\n<p>Pour l\u2019aider \u00e0 secouer la torpeur de nos perspectives quotidiennes, invitons le nouveau Premier ministre \u00e0 regarder de l\u2019autre c\u00f4t\u00e9 du rideau\u2026<\/p>\n<h3>Les perspectives d\u2019une future et inexorable banqueroute<\/h3>\n<p>Commen\u00e7ons par la d\u00e9cadence d\u2019un syst\u00e8me d\u2019enseignement qui a pour fonction de construire et de transmettre des savoirs, des valeurs et des normes de comportement, de cr\u00e9er du lien social et de former des citoyens. Une jeunesse actuelle qui vit sans rep\u00e8res et dont les vecteurs de socialisation sont d\u00e9faillants.<\/p>\n<p>Des fonctionnaires aux salaires d\u00e9risoires, frustr\u00e9s par le manque de perspectives professionnelles et qui r\u00e9sistent difficilement aux tentations de la corruption.<\/p>\n<p>Des villes abandonn\u00e9es \u00e0 l\u2019\u00e9conomie informelle, vou\u00e9es \u00e0 d\u2019hypoth\u00e9tiques r\u00e9solutions de parfaire leurs structures d\u2019encadrement et de gestion.<\/p>\n<p>Les nombreux march\u00e9s qui prolif\u00e8rent et essaiment, et o\u00f9 se vendent et s\u2019ach\u00e8tent, p\u00eale-m\u00eale, denr\u00e9es alimentaires diverses, v\u00eatement usag\u00e9s et batteries de cuisine.<\/p>\n<p>Les constructions de fortune qui surchargent l\u2019habitat de certains quartiers, qualifi\u00e9s par un ing\u00e9nieux euph\u00e9misme de p\u00e9riurbains, mais qui ne sont en fait que des agglom\u00e9rations de fortune transform\u00e9es en camps retranch\u00e9s, frappant de caducit\u00e9 toute politique d\u2019am\u00e9nagement urbain, de cohabitation paisible et surtout d\u2019assainissement et d\u2019hygi\u00e8ne de base rendus n\u00e9fastes au vu des recettes inexistantes dont peuvent disposer les communes pour couvrir leurs charges de voirie.<\/p>\n<p>Des services publics d\u00e9grad\u00e9s, des clients m\u00e9contents et des salari\u00e9s d\u00e9prim\u00e9s. Le d\u00e9ficit abyssal des grandes entreprises nationales et des caisses sociales en attente d\u2019assainissement.<\/p>\n<p>L\u2019augmentation des prix dans tous les secteurs et son corollaire la baisse r\u00e9guli\u00e8re du pouvoir d\u2019achat.<\/p>\n<p>Bref, car la liste est interminable, toutes les perspectives d\u2019une future et inexorable banqueroute d\u2019un pays o\u00f9 chacun fait ce qu\u2019il veut, o\u00f9 il veut, comme il veut, exacerbant la situation tra\u00eene-mis\u00e8re dans laquelle s\u2019emp\u00eatre la population.<br \/>\nPendant ce temps, les journaleux qui foisonnent dans les m\u00e9dias, approuvent, d\u00e9noncent, calomnient, inventent, \u00e0 l\u2019aise dans le mensonge, diffament en toute impunit\u00e9 ou gardent un silence coupable.<\/p>\n<p>Il n\u2019en faut pas plus pour que le futur Premier ministre et son gouvernement continuent \u00e0 tourner en rond.<\/p>\n<p><em><strong>Articles du m\u00eame auteur dans Kapitalis :\u00a0<\/strong><\/em><\/p>\n<blockquote class=\"wp-embedded-content\" data-secret=\"J7KxFy56TH\"><p><a href=\"https:\/\/kapitalis.com\/tunisie\/2018\/06\/24\/le-football-encore-et-toujours-opium-des-peuples\/\">Le football encore et toujours opium des peuples<\/a><\/p><\/blockquote>\n<p><iframe loading=\"lazy\" class=\"wp-embedded-content\" sandbox=\"allow-scripts\" security=\"restricted\" style=\"position: absolute; clip: rect(1px, 1px, 1px, 1px);\" title=\"\u00ab\u00a0Le football encore et toujours opium des peuples\u00a0\u00bb &#8212; Kapitalis\" src=\"https:\/\/kapitalis.com\/tunisie\/2018\/06\/24\/le-football-encore-et-toujours-opium-des-peuples\/embed\/#?secret=CFxEtkstKN#?secret=J7KxFy56TH\" data-secret=\"J7KxFy56TH\" width=\"600\" height=\"338\" frameborder=\"0\" marginwidth=\"0\" marginheight=\"0\" scrolling=\"no\"><\/iframe><\/p>\n<blockquote class=\"wp-embedded-content\" data-secret=\"gRN04uTNpy\"><p><a href=\"https:\/\/kapitalis.com\/tunisie\/2018\/06\/17\/a-quoi-sert-vraiment-le-gouvernement-en-tunisie\/\">\u00c0 quoi sert vraiment le gouvernement en Tunisie ?<\/a><\/p><\/blockquote>\n<p><iframe loading=\"lazy\" class=\"wp-embedded-content\" sandbox=\"allow-scripts\" security=\"restricted\" style=\"position: absolute; clip: rect(1px, 1px, 1px, 1px);\" title=\"\u00ab\u00a0\u00c0 quoi sert vraiment le gouvernement en Tunisie ?\u00a0\u00bb &#8212; Kapitalis\" src=\"https:\/\/kapitalis.com\/tunisie\/2018\/06\/17\/a-quoi-sert-vraiment-le-gouvernement-en-tunisie\/embed\/#?secret=NMmj8L7hAB#?secret=gRN04uTNpy\" data-secret=\"gRN04uTNpy\" width=\"600\" height=\"338\" frameborder=\"0\" marginwidth=\"0\" marginheight=\"0\" scrolling=\"no\"><\/iframe><\/p>\n<blockquote class=\"wp-embedded-content\" data-secret=\"Ucyd2SgL6R\"><p><a href=\"https:\/\/kapitalis.com\/tunisie\/2018\/06\/10\/tunisie-un-tourisme-certifie-halal-pour-quoi-faire\/\">Tunisie : Un tourisme certifi\u00e9 halal pour quoi faire ?<\/a><\/p><\/blockquote>\n<p><iframe loading=\"lazy\" class=\"wp-embedded-content\" sandbox=\"allow-scripts\" security=\"restricted\" style=\"position: absolute; clip: rect(1px, 1px, 1px, 1px);\" title=\"\u00ab\u00a0Tunisie : Un tourisme certifi\u00e9 halal pour quoi faire ?\u00a0\u00bb &#8212; Kapitalis\" src=\"https:\/\/kapitalis.com\/tunisie\/2018\/06\/10\/tunisie-un-tourisme-certifie-halal-pour-quoi-faire\/embed\/#?secret=TdM3BYX1jO#?secret=Ucyd2SgL6R\" data-secret=\"Ucyd2SgL6R\" width=\"600\" height=\"338\" frameborder=\"0\" marginwidth=\"0\" marginheight=\"0\" scrolling=\"no\"><\/iframe><\/p>\n<p>&nbsp;<\/p>\n","protected":false},"excerpt":{"rendered":"<p>Que pourra faire, en Tunisie, un \u00e9ni\u00e8me Premier ministre et son gouvernement sinon continuer \u00e0 tourner en rond dans un pays arriv\u00e9 \u00e0 un \u00e9tat avanc\u00e9 de d\u00e9liquescence morale, de d\u00e9pravation politique, de d\u00e9gradation \u00e9conomique et de faillite financi\u00e8re? Par Yassine Essid<\/p>\n","protected":false},"author":8,"featured_media":162536,"comment_status":"open","ping_status":"open","sticky":false,"template":"","format":"standard","meta":{"footnotes":""},"categories":[992,997,2433],"tags":[20554,1108,936],"class_list":["post-162535","post","type-post","status-publish","format-standard","has-post-thumbnail","hentry","category-a-la-une","category-politique","category-tunisie","tag-accord-de-carthage","tag-beji-caid-essebsi","tag-ugtt"],"yoast_head":"<!-- This site is optimized with the Yoast SEO plugin v26.6 - https:\/\/yoast.com\/wordpress\/plugins\/seo\/ -->\n<title>La Tunisie a-t-elle besoin d\u2019un nouveau chef de gouvernement ? - Kapitalis<\/title>\n<meta name=\"robots\" content=\"index, follow, max-snippet:-1, max-image-preview:large, max-video-preview:-1\" \/>\n<link rel=\"canonical\" href=\"https:\/\/kapitalis.com\/tunisie\/2018\/07\/01\/la-tunisie-a-t-elle-besoin-dun-nouveau-chef-de-gouvernement\/\" \/>\n<meta property=\"og:locale\" content=\"fr_FR\" \/>\n<meta property=\"og:type\" content=\"article\" \/>\n<meta property=\"og:title\" content=\"La Tunisie a-t-elle besoin d\u2019un nouveau chef de gouvernement ? - Kapitalis\" \/>\n<meta property=\"og:description\" content=\"Que pourra faire, en Tunisie, un \u00e9ni\u00e8me Premier ministre et son gouvernement sinon continuer \u00e0 tourner en rond dans un pays arriv\u00e9 \u00e0 un \u00e9tat avanc\u00e9 de d\u00e9liquescence morale, de d\u00e9pravation politique, de d\u00e9gradation \u00e9conomique et de faillite financi\u00e8re? Par Yassine Essid\" \/>\n<meta property=\"og:url\" content=\"https:\/\/kapitalis.com\/tunisie\/2018\/07\/01\/la-tunisie-a-t-elle-besoin-dun-nouveau-chef-de-gouvernement\/\" \/>\n<meta property=\"og:site_name\" content=\"Kapitalis\" \/>\n<meta property=\"article:publisher\" content=\"https:\/\/www.facebook.com\/KapitalisInfo\/\" \/>\n<meta property=\"article:published_time\" content=\"2018-07-01T16:32:06+00:00\" \/>\n<meta property=\"og:image\" content=\"https:\/\/kapitalis.com\/tunisie\/wp-content\/uploads\/2022\/05\/kapitalis-logo-fb.png\" \/>\n\t<meta property=\"og:image:width\" content=\"1200\" \/>\n\t<meta property=\"og:image:height\" content=\"630\" \/>\n\t<meta property=\"og:image:type\" content=\"image\/png\" \/>\n<meta name=\"author\" content=\"webmaster kapitalis\" \/>\n<meta name=\"twitter:card\" content=\"summary_large_image\" \/>\n<meta name=\"twitter:creator\" content=\"@KapitalisInfo\" \/>\n<meta name=\"twitter:site\" content=\"@KapitalisInfo\" \/>\n<meta name=\"twitter:label1\" content=\"\u00c9crit par\" \/>\n\t<meta name=\"twitter:data1\" content=\"webmaster kapitalis\" \/>\n\t<meta name=\"twitter:label2\" content=\"Dur\u00e9e de lecture estim\u00e9e\" \/>\n\t<meta name=\"twitter:data2\" content=\"9 minutes\" \/>\n<script type=\"application\/ld+json\" class=\"yoast-schema-graph\">{\"@context\":\"https:\/\/schema.org\",\"@graph\":[{\"@type\":\"Article\",\"@id\":\"https:\/\/kapitalis.com\/tunisie\/2018\/07\/01\/la-tunisie-a-t-elle-besoin-dun-nouveau-chef-de-gouvernement\/#article\",\"isPartOf\":{\"@id\":\"https:\/\/kapitalis.com\/tunisie\/2018\/07\/01\/la-tunisie-a-t-elle-besoin-dun-nouveau-chef-de-gouvernement\/\"},\"author\":{\"name\":\"webmaster kapitalis\",\"@id\":\"https:\/\/kapitalis.com\/tunisie\/#\/schema\/person\/d71f33a9ca44f7bad4698210b480c8e9\"},\"headline\":\"La Tunisie a-t-elle besoin d\u2019un nouveau chef de gouvernement ?\",\"datePublished\":\"2018-07-01T16:32:06+00:00\",\"mainEntityOfPage\":{\"@id\":\"https:\/\/kapitalis.com\/tunisie\/2018\/07\/01\/la-tunisie-a-t-elle-besoin-dun-nouveau-chef-de-gouvernement\/\"},\"wordCount\":1770,\"commentCount\":2,\"publisher\":{\"@id\":\"https:\/\/kapitalis.com\/tunisie\/#organization\"},\"image\":{\"@id\":\"https:\/\/kapitalis.com\/tunisie\/2018\/07\/01\/la-tunisie-a-t-elle-besoin-dun-nouveau-chef-de-gouvernement\/#primaryimage\"},\"thumbnailUrl\":\"\",\"keywords\":[\"Accord de Carthage\",\"B\u00e9ji Ca\u00efd Essebsi\",\"UGTT\"],\"articleSection\":[\"A LA UNE\",\"POLITIQUE\",\"Tunisie\"],\"inLanguage\":\"fr-FR\",\"potentialAction\":[{\"@type\":\"CommentAction\",\"name\":\"Comment\",\"target\":[\"https:\/\/kapitalis.com\/tunisie\/2018\/07\/01\/la-tunisie-a-t-elle-besoin-dun-nouveau-chef-de-gouvernement\/#respond\"]}]},{\"@type\":\"WebPage\",\"@id\":\"https:\/\/kapitalis.com\/tunisie\/2018\/07\/01\/la-tunisie-a-t-elle-besoin-dun-nouveau-chef-de-gouvernement\/\",\"url\":\"https:\/\/kapitalis.com\/tunisie\/2018\/07\/01\/la-tunisie-a-t-elle-besoin-dun-nouveau-chef-de-gouvernement\/\",\"name\":\"La Tunisie a-t-elle besoin d\u2019un nouveau chef de gouvernement ? - Kapitalis\",\"isPartOf\":{\"@id\":\"https:\/\/kapitalis.com\/tunisie\/#website\"},\"primaryImageOfPage\":{\"@id\":\"https:\/\/kapitalis.com\/tunisie\/2018\/07\/01\/la-tunisie-a-t-elle-besoin-dun-nouveau-chef-de-gouvernement\/#primaryimage\"},\"image\":{\"@id\":\"https:\/\/kapitalis.com\/tunisie\/2018\/07\/01\/la-tunisie-a-t-elle-besoin-dun-nouveau-chef-de-gouvernement\/#primaryimage\"},\"thumbnailUrl\":\"\",\"datePublished\":\"2018-07-01T16:32:06+00:00\",\"breadcrumb\":{\"@id\":\"https:\/\/kapitalis.com\/tunisie\/2018\/07\/01\/la-tunisie-a-t-elle-besoin-dun-nouveau-chef-de-gouvernement\/#breadcrumb\"},\"inLanguage\":\"fr-FR\",\"potentialAction\":[{\"@type\":\"ReadAction\",\"target\":[\"https:\/\/kapitalis.com\/tunisie\/2018\/07\/01\/la-tunisie-a-t-elle-besoin-dun-nouveau-chef-de-gouvernement\/\"]}]},{\"@type\":\"ImageObject\",\"inLanguage\":\"fr-FR\",\"@id\":\"https:\/\/kapitalis.com\/tunisie\/2018\/07\/01\/la-tunisie-a-t-elle-besoin-dun-nouveau-chef-de-gouvernement\/#primaryimage\",\"url\":\"\",\"contentUrl\":\"\"},{\"@type\":\"BreadcrumbList\",\"@id\":\"https:\/\/kapitalis.com\/tunisie\/2018\/07\/01\/la-tunisie-a-t-elle-besoin-dun-nouveau-chef-de-gouvernement\/#breadcrumb\",\"itemListElement\":[{\"@type\":\"ListItem\",\"position\":1,\"name\":\"Accueil\",\"item\":\"https:\/\/kapitalis.com\/tunisie\/\"},{\"@type\":\"ListItem\",\"position\":2,\"name\":\"La Tunisie a-t-elle besoin d\u2019un nouveau chef de gouvernement ?\"}]},{\"@type\":\"WebSite\",\"@id\":\"https:\/\/kapitalis.com\/tunisie\/#website\",\"url\":\"https:\/\/kapitalis.com\/tunisie\/\",\"name\":\"Kapitalis\",\"description\":\"L&#039;actualit\u00e9 en Tunisie et dans le monde\",\"publisher\":{\"@id\":\"https:\/\/kapitalis.com\/tunisie\/#organization\"},\"potentialAction\":[{\"@type\":\"SearchAction\",\"target\":{\"@type\":\"EntryPoint\",\"urlTemplate\":\"https:\/\/kapitalis.com\/tunisie\/?s={search_term_string}\"},\"query-input\":{\"@type\":\"PropertyValueSpecification\",\"valueRequired\":true,\"valueName\":\"search_term_string\"}}],\"inLanguage\":\"fr-FR\"},{\"@type\":\"Organization\",\"@id\":\"https:\/\/kapitalis.com\/tunisie\/#organization\",\"name\":\"Kapitalis\",\"url\":\"https:\/\/kapitalis.com\/tunisie\/\",\"logo\":{\"@type\":\"ImageObject\",\"inLanguage\":\"fr-FR\",\"@id\":\"https:\/\/kapitalis.com\/tunisie\/#\/schema\/logo\/image\/\",\"url\":\"https:\/\/kapitalis.com\/tunisie\/wp-content\/uploads\/2022\/05\/Kapitalis-big-size.png\",\"contentUrl\":\"https:\/\/kapitalis.com\/tunisie\/wp-content\/uploads\/2022\/05\/Kapitalis-big-size.png\",\"width\":5000,\"height\":1500,\"caption\":\"Kapitalis\"},\"image\":{\"@id\":\"https:\/\/kapitalis.com\/tunisie\/#\/schema\/logo\/image\/\"},\"sameAs\":[\"https:\/\/www.facebook.com\/KapitalisInfo\/\",\"https:\/\/x.com\/KapitalisInfo\",\"https:\/\/www.youtube.com\/channel\/UC-yDYrHyfFBWWZaOw3FPg9Q\"]},{\"@type\":\"Person\",\"@id\":\"https:\/\/kapitalis.com\/tunisie\/#\/schema\/person\/d71f33a9ca44f7bad4698210b480c8e9\",\"name\":\"webmaster kapitalis\",\"url\":\"https:\/\/kapitalis.com\/tunisie\/author\/webmaster-kapitalis\/\"}]}<\/script>\n<!-- \/ Yoast SEO plugin. -->","yoast_head_json":{"title":"La Tunisie a-t-elle besoin d\u2019un nouveau chef de gouvernement ? - Kapitalis","robots":{"index":"index","follow":"follow","max-snippet":"max-snippet:-1","max-image-preview":"max-image-preview:large","max-video-preview":"max-video-preview:-1"},"canonical":"https:\/\/kapitalis.com\/tunisie\/2018\/07\/01\/la-tunisie-a-t-elle-besoin-dun-nouveau-chef-de-gouvernement\/","og_locale":"fr_FR","og_type":"article","og_title":"La Tunisie a-t-elle besoin d\u2019un nouveau chef de gouvernement ? - Kapitalis","og_description":"Que pourra faire, en Tunisie, un \u00e9ni\u00e8me Premier ministre et son gouvernement sinon continuer \u00e0 tourner en rond dans un pays arriv\u00e9 \u00e0 un \u00e9tat avanc\u00e9 de d\u00e9liquescence morale, de d\u00e9pravation politique, de d\u00e9gradation \u00e9conomique et de faillite financi\u00e8re? Par Yassine Essid","og_url":"https:\/\/kapitalis.com\/tunisie\/2018\/07\/01\/la-tunisie-a-t-elle-besoin-dun-nouveau-chef-de-gouvernement\/","og_site_name":"Kapitalis","article_publisher":"https:\/\/www.facebook.com\/KapitalisInfo\/","article_published_time":"2018-07-01T16:32:06+00:00","og_image":[{"width":1200,"height":630,"url":"https:\/\/kapitalis.com\/tunisie\/wp-content\/uploads\/2022\/05\/kapitalis-logo-fb.png","type":"image\/png"}],"author":"webmaster kapitalis","twitter_card":"summary_large_image","twitter_creator":"@KapitalisInfo","twitter_site":"@KapitalisInfo","twitter_misc":{"\u00c9crit par":"webmaster kapitalis","Dur\u00e9e de lecture estim\u00e9e":"9 minutes"},"schema":{"@context":"https:\/\/schema.org","@graph":[{"@type":"Article","@id":"https:\/\/kapitalis.com\/tunisie\/2018\/07\/01\/la-tunisie-a-t-elle-besoin-dun-nouveau-chef-de-gouvernement\/#article","isPartOf":{"@id":"https:\/\/kapitalis.com\/tunisie\/2018\/07\/01\/la-tunisie-a-t-elle-besoin-dun-nouveau-chef-de-gouvernement\/"},"author":{"name":"webmaster kapitalis","@id":"https:\/\/kapitalis.com\/tunisie\/#\/schema\/person\/d71f33a9ca44f7bad4698210b480c8e9"},"headline":"La Tunisie a-t-elle besoin d\u2019un nouveau chef de gouvernement ?","datePublished":"2018-07-01T16:32:06+00:00","mainEntityOfPage":{"@id":"https:\/\/kapitalis.com\/tunisie\/2018\/07\/01\/la-tunisie-a-t-elle-besoin-dun-nouveau-chef-de-gouvernement\/"},"wordCount":1770,"commentCount":2,"publisher":{"@id":"https:\/\/kapitalis.com\/tunisie\/#organization"},"image":{"@id":"https:\/\/kapitalis.com\/tunisie\/2018\/07\/01\/la-tunisie-a-t-elle-besoin-dun-nouveau-chef-de-gouvernement\/#primaryimage"},"thumbnailUrl":"","keywords":["Accord de Carthage","B\u00e9ji Ca\u00efd Essebsi","UGTT"],"articleSection":["A LA UNE","POLITIQUE","Tunisie"],"inLanguage":"fr-FR","potentialAction":[{"@type":"CommentAction","name":"Comment","target":["https:\/\/kapitalis.com\/tunisie\/2018\/07\/01\/la-tunisie-a-t-elle-besoin-dun-nouveau-chef-de-gouvernement\/#respond"]}]},{"@type":"WebPage","@id":"https:\/\/kapitalis.com\/tunisie\/2018\/07\/01\/la-tunisie-a-t-elle-besoin-dun-nouveau-chef-de-gouvernement\/","url":"https:\/\/kapitalis.com\/tunisie\/2018\/07\/01\/la-tunisie-a-t-elle-besoin-dun-nouveau-chef-de-gouvernement\/","name":"La Tunisie a-t-elle besoin d\u2019un nouveau chef de gouvernement ? - Kapitalis","isPartOf":{"@id":"https:\/\/kapitalis.com\/tunisie\/#website"},"primaryImageOfPage":{"@id":"https:\/\/kapitalis.com\/tunisie\/2018\/07\/01\/la-tunisie-a-t-elle-besoin-dun-nouveau-chef-de-gouvernement\/#primaryimage"},"image":{"@id":"https:\/\/kapitalis.com\/tunisie\/2018\/07\/01\/la-tunisie-a-t-elle-besoin-dun-nouveau-chef-de-gouvernement\/#primaryimage"},"thumbnailUrl":"","datePublished":"2018-07-01T16:32:06+00:00","breadcrumb":{"@id":"https:\/\/kapitalis.com\/tunisie\/2018\/07\/01\/la-tunisie-a-t-elle-besoin-dun-nouveau-chef-de-gouvernement\/#breadcrumb"},"inLanguage":"fr-FR","potentialAction":[{"@type":"ReadAction","target":["https:\/\/kapitalis.com\/tunisie\/2018\/07\/01\/la-tunisie-a-t-elle-besoin-dun-nouveau-chef-de-gouvernement\/"]}]},{"@type":"ImageObject","inLanguage":"fr-FR","@id":"https:\/\/kapitalis.com\/tunisie\/2018\/07\/01\/la-tunisie-a-t-elle-besoin-dun-nouveau-chef-de-gouvernement\/#primaryimage","url":"","contentUrl":""},{"@type":"BreadcrumbList","@id":"https:\/\/kapitalis.com\/tunisie\/2018\/07\/01\/la-tunisie-a-t-elle-besoin-dun-nouveau-chef-de-gouvernement\/#breadcrumb","itemListElement":[{"@type":"ListItem","position":1,"name":"Accueil","item":"https:\/\/kapitalis.com\/tunisie\/"},{"@type":"ListItem","position":2,"name":"La Tunisie a-t-elle besoin d\u2019un nouveau chef de gouvernement ?"}]},{"@type":"WebSite","@id":"https:\/\/kapitalis.com\/tunisie\/#website","url":"https:\/\/kapitalis.com\/tunisie\/","name":"Kapitalis","description":"L&#039;actualit\u00e9 en Tunisie et dans le monde","publisher":{"@id":"https:\/\/kapitalis.com\/tunisie\/#organization"},"potentialAction":[{"@type":"SearchAction","target":{"@type":"EntryPoint","urlTemplate":"https:\/\/kapitalis.com\/tunisie\/?s={search_term_string}"},"query-input":{"@type":"PropertyValueSpecification","valueRequired":true,"valueName":"search_term_string"}}],"inLanguage":"fr-FR"},{"@type":"Organization","@id":"https:\/\/kapitalis.com\/tunisie\/#organization","name":"Kapitalis","url":"https:\/\/kapitalis.com\/tunisie\/","logo":{"@type":"ImageObject","inLanguage":"fr-FR","@id":"https:\/\/kapitalis.com\/tunisie\/#\/schema\/logo\/image\/","url":"https:\/\/kapitalis.com\/tunisie\/wp-content\/uploads\/2022\/05\/Kapitalis-big-size.png","contentUrl":"https:\/\/kapitalis.com\/tunisie\/wp-content\/uploads\/2022\/05\/Kapitalis-big-size.png","width":5000,"height":1500,"caption":"Kapitalis"},"image":{"@id":"https:\/\/kapitalis.com\/tunisie\/#\/schema\/logo\/image\/"},"sameAs":["https:\/\/www.facebook.com\/KapitalisInfo\/","https:\/\/x.com\/KapitalisInfo","https:\/\/www.youtube.com\/channel\/UC-yDYrHyfFBWWZaOw3FPg9Q"]},{"@type":"Person","@id":"https:\/\/kapitalis.com\/tunisie\/#\/schema\/person\/d71f33a9ca44f7bad4698210b480c8e9","name":"webmaster kapitalis","url":"https:\/\/kapitalis.com\/tunisie\/author\/webmaster-kapitalis\/"}]}},"_links":{"self":[{"href":"https:\/\/kapitalis.com\/tunisie\/wp-json\/wp\/v2\/posts\/162535","targetHints":{"allow":["GET"]}}],"collection":[{"href":"https:\/\/kapitalis.com\/tunisie\/wp-json\/wp\/v2\/posts"}],"about":[{"href":"https:\/\/kapitalis.com\/tunisie\/wp-json\/wp\/v2\/types\/post"}],"author":[{"embeddable":true,"href":"https:\/\/kapitalis.com\/tunisie\/wp-json\/wp\/v2\/users\/8"}],"replies":[{"embeddable":true,"href":"https:\/\/kapitalis.com\/tunisie\/wp-json\/wp\/v2\/comments?post=162535"}],"version-history":[{"count":0,"href":"https:\/\/kapitalis.com\/tunisie\/wp-json\/wp\/v2\/posts\/162535\/revisions"}],"wp:featuredmedia":[{"embeddable":true,"href":"https:\/\/kapitalis.com\/tunisie\/wp-json\/wp\/v2\/media\/162536"}],"wp:attachment":[{"href":"https:\/\/kapitalis.com\/tunisie\/wp-json\/wp\/v2\/media?parent=162535"}],"wp:term":[{"taxonomy":"category","embeddable":true,"href":"https:\/\/kapitalis.com\/tunisie\/wp-json\/wp\/v2\/categories?post=162535"},{"taxonomy":"post_tag","embeddable":true,"href":"https:\/\/kapitalis.com\/tunisie\/wp-json\/wp\/v2\/tags?post=162535"}],"curies":[{"name":"wp","href":"https:\/\/api.w.org\/{rel}","templated":true}]}}