{"id":162652,"date":"2018-07-02T18:00:26","date_gmt":"2018-07-02T17:00:26","guid":{"rendered":"http:\/\/kapitalis.com\/tunisie\/?p=162652"},"modified":"2018-07-02T18:00:26","modified_gmt":"2018-07-02T17:00:26","slug":"vols-de-bagages-licenciement-de-12-employes-a-laeroport-de-tunis-carthage","status":"publish","type":"post","link":"https:\/\/kapitalis.com\/tunisie\/2018\/07\/02\/vols-de-bagages-licenciement-de-12-employes-a-laeroport-de-tunis-carthage\/","title":{"rendered":"Vols de bagages : Licenciement de 12 employ\u00e9s \u00e0 l&rsquo;a\u00e9roport de Tunis-Carthage"},"content":{"rendered":"<p style=\"text-align: center;\"><img loading=\"lazy\" decoding=\"async\" class=\"alignnone size-full wp-image-14623\" src=\"http:\/\/kapitalis.com\/tunisie\/wp-content\/uploads\/2015\/09\/aeroport-tunis-carthage.jpg\" alt=\"\" width=\"626\" height=\"380\" \/><\/p>\n<p><em><strong>Elyes Mnakbi, Pdg de Tunisair, a indiqu\u00e9 que 12 employ\u00e9s de la compagnie a\u00e9rienne nationale ont \u00e9t\u00e9 renvoy\u00e9s pour avoir vol\u00e9, en 2017, des objets dans les bagages des voyageurs.<\/strong><\/em><!--more--><\/p>\n<p>Dans une d\u00e9claration aux m\u00e9dias aujourd&rsquo;hui, lundi 2 juillet 2018, M. Mnakbi a indiqu\u00e9 que ces employ\u00e9s travaillaient \u00e0 l&rsquo;a\u00e9roport international de Tunis-Carthage, ajoutant que\u00a0l&rsquo;enqu\u00eate a r\u00e9v\u00e9l\u00e9 qu&rsquo;il y avait des gangs sp\u00e9cialis\u00e9s dans le vol des bagages des voyageurs. Ils ont tous \u00e9t\u00e9 d\u00e9mantel\u00e9s.<\/p>\n<p>Le Pdg de Tunisair a, par ailleurs, assur\u00e9 que le nombre de vol des bagages dans cet a\u00e9roport a \u00e9norm\u00e9ment diminu\u00e9 puisqu&rsquo;en 2013, 2018 cas ont \u00e9t\u00e9 signal\u00e9s, contre 73 en 2017.<\/p>\n<p>Dans un autre contexte, Khaled Chelli, Pdg de\u00a0l&rsquo;Office de l&rsquo;aviation civile et des a\u00e9roports (Oaca), a indiqu\u00e9 aux m\u00e9dias qu&rsquo;\u00e0 partir d&rsquo;aujourd&rsquo;hui, le service Wifi sera op\u00e9rationnel et gratuit pour tous les voyageurs \u00e0 l&rsquo;a\u00e9roport de Tunis-Carthage.<\/p>\n<p>Il a \u00e9galement indiqu\u00e9 que, selon les premi\u00e8res estimations, cet a\u00e9roport accueillera, cette ann\u00e9e, pr\u00e8s de 6,5 millions de touristes, profitant de la forte reprise attendue des flux touristiques europ\u00e9ens vers la Tunisie.<\/p>\n<p style=\"text-align: right;\"><strong>E. B. A.<\/strong><\/p>\n<blockquote class=\"wp-embedded-content\" data-secret=\"MsuOGyuES4\"><p><a href=\"https:\/\/kapitalis.com\/tunisie\/2018\/06\/21\/aeroport-tunis-carthage-un-bagagiste-maltraite-les-bagages-des-voyageurs\/\">A\u00e9roport Tunis-Carthage : Il maltraite les valises des voyageurs<\/a><\/p><\/blockquote>\n<p><iframe loading=\"lazy\" class=\"wp-embedded-content\" sandbox=\"allow-scripts\" security=\"restricted\" style=\"position: absolute; clip: rect(1px, 1px, 1px, 1px);\" title=\"\u00ab\u00a0A\u00e9roport Tunis-Carthage : Il maltraite les valises des voyageurs\u00a0\u00bb &#8212; Kapitalis\" src=\"https:\/\/kapitalis.com\/tunisie\/2018\/06\/21\/aeroport-tunis-carthage-un-bagagiste-maltraite-les-bagages-des-voyageurs\/embed\/#?secret=wFHYhDfGzv#?secret=MsuOGyuES4\" data-secret=\"MsuOGyuES4\" width=\"600\" height=\"338\" frameborder=\"0\" marginwidth=\"0\" marginheight=\"0\" scrolling=\"no\"><\/iframe><\/p>\n<blockquote class=\"wp-embedded-content\" data-secret=\"Pouk6UTQwl\"><p><a href=\"https:\/\/kapitalis.com\/tunisie\/2018\/06\/06\/vol-de-bagages-la-justice-dement-le-ministre-du-transport\/\">Vol de bagages : La justice d\u00e9ment le ministre du Transport<\/a><\/p><\/blockquote>\n<p><iframe loading=\"lazy\" class=\"wp-embedded-content\" sandbox=\"allow-scripts\" security=\"restricted\" style=\"position: absolute; clip: rect(1px, 1px, 1px, 1px);\" title=\"\u00ab\u00a0Vol de bagages : La justice d\u00e9ment le ministre du Transport\u00a0\u00bb &#8212; Kapitalis\" src=\"https:\/\/kapitalis.com\/tunisie\/2018\/06\/06\/vol-de-bagages-la-justice-dement-le-ministre-du-transport\/embed\/#?secret=lyDCxwgHyv#?secret=Pouk6UTQwl\" data-secret=\"Pouk6UTQwl\" width=\"600\" height=\"338\" frameborder=\"0\" marginwidth=\"0\" marginheight=\"0\" scrolling=\"no\"><\/iframe><\/p>\n","protected":false},"excerpt":{"rendered":"<p>Elyes Mnakbi, Pdg de Tunisair, a indiqu\u00e9 que 12 employ\u00e9s de la compagnie a\u00e9rienne nationale ont \u00e9t\u00e9 renvoy\u00e9s pour avoir vol\u00e9, en 2017, des objets dans les bagages des voyageurs.<\/p>\n","protected":false},"author":16,"featured_media":0,"comment_status":"open","ping_status":"open","sticky":false,"template":"","format":"standard","meta":{"footnotes":""},"categories":[998,2433],"tags":[3097,120,27334,2571,1501,960],"class_list":["post-162652","post","type-post","status-publish","format-standard","hentry","category-societe","category-tunisie","tag-aeroport-de-tunis-carthage","tag-bagages","tag-elyes-mnakbi","tag-oaca","tag-tunisair","tag-vol"],"yoast_head":"<!-- This site is optimized with the Yoast SEO plugin v26.6 - https:\/\/yoast.com\/wordpress\/plugins\/seo\/ -->\n<title>Vols de bagages : Licenciement de 12 employ\u00e9s \u00e0 l&#039;a\u00e9roport de Tunis-Carthage - Kapitalis<\/title>\n<meta name=\"robots\" content=\"index, follow, max-snippet:-1, max-image-preview:large, max-video-preview:-1\" \/>\n<link rel=\"canonical\" href=\"https:\/\/kapitalis.com\/tunisie\/2018\/07\/02\/vols-de-bagages-licenciement-de-12-employes-a-laeroport-de-tunis-carthage\/\" \/>\n<meta property=\"og:locale\" content=\"fr_FR\" \/>\n<meta property=\"og:type\" content=\"article\" \/>\n<meta property=\"og:title\" content=\"Vols de bagages : Licenciement de 12 employ\u00e9s \u00e0 l&#039;a\u00e9roport de Tunis-Carthage - Kapitalis\" \/>\n<meta property=\"og:description\" content=\"Elyes Mnakbi, Pdg de Tunisair, a indiqu\u00e9 que 12 employ\u00e9s de la compagnie a\u00e9rienne nationale ont \u00e9t\u00e9 renvoy\u00e9s pour avoir vol\u00e9, en 2017, des objets dans les bagages des voyageurs.\" \/>\n<meta property=\"og:url\" content=\"https:\/\/kapitalis.com\/tunisie\/2018\/07\/02\/vols-de-bagages-licenciement-de-12-employes-a-laeroport-de-tunis-carthage\/\" \/>\n<meta property=\"og:site_name\" content=\"Kapitalis\" \/>\n<meta property=\"article:publisher\" content=\"https:\/\/www.facebook.com\/KapitalisInfo\/\" \/>\n<meta property=\"article:published_time\" content=\"2018-07-02T17:00:26+00:00\" \/>\n<meta property=\"og:image\" content=\"http:\/\/kapitalis.com\/tunisie\/wp-content\/uploads\/2015\/09\/aeroport-tunis-carthage.jpg\" \/>\n<meta name=\"author\" content=\"emna benabdallah\" \/>\n<meta name=\"twitter:card\" content=\"summary_large_image\" \/>\n<meta name=\"twitter:creator\" content=\"@KapitalisInfo\" \/>\n<meta name=\"twitter:site\" content=\"@KapitalisInfo\" \/>\n<meta name=\"twitter:label1\" content=\"\u00c9crit par\" \/>\n\t<meta name=\"twitter:data1\" content=\"emna benabdallah\" \/>\n\t<meta name=\"twitter:label2\" content=\"Dur\u00e9e de lecture estim\u00e9e\" \/>\n\t<meta name=\"twitter:data2\" content=\"1 minute\" \/>\n<script type=\"application\/ld+json\" class=\"yoast-schema-graph\">{\"@context\":\"https:\/\/schema.org\",\"@graph\":[{\"@type\":\"Article\",\"@id\":\"https:\/\/kapitalis.com\/tunisie\/2018\/07\/02\/vols-de-bagages-licenciement-de-12-employes-a-laeroport-de-tunis-carthage\/#article\",\"isPartOf\":{\"@id\":\"https:\/\/kapitalis.com\/tunisie\/2018\/07\/02\/vols-de-bagages-licenciement-de-12-employes-a-laeroport-de-tunis-carthage\/\"},\"author\":{\"name\":\"emna benabdallah\",\"@id\":\"https:\/\/kapitalis.com\/tunisie\/#\/schema\/person\/2c6e134b2f3369dffcd1daf5f087d28b\"},\"headline\":\"Vols de bagages : Licenciement de 12 employ\u00e9s \u00e0 l&rsquo;a\u00e9roport de Tunis-Carthage\",\"datePublished\":\"2018-07-02T17:00:26+00:00\",\"mainEntityOfPage\":{\"@id\":\"https:\/\/kapitalis.com\/tunisie\/2018\/07\/02\/vols-de-bagages-licenciement-de-12-employes-a-laeroport-de-tunis-carthage\/\"},\"wordCount\":218,\"commentCount\":6,\"publisher\":{\"@id\":\"https:\/\/kapitalis.com\/tunisie\/#organization\"},\"image\":{\"@id\":\"https:\/\/kapitalis.com\/tunisie\/2018\/07\/02\/vols-de-bagages-licenciement-de-12-employes-a-laeroport-de-tunis-carthage\/#primaryimage\"},\"thumbnailUrl\":\"http:\/\/kapitalis.com\/tunisie\/wp-content\/uploads\/2015\/09\/aeroport-tunis-carthage.jpg\",\"keywords\":[\"a\u00e9roport de Tunis-Carthage\",\"bagages\",\"Elyes Mnakbi\",\"Oaca\",\"Tunisair\",\"vol\"],\"articleSection\":[\"SOCIETE\",\"Tunisie\"],\"inLanguage\":\"fr-FR\",\"potentialAction\":[{\"@type\":\"CommentAction\",\"name\":\"Comment\",\"target\":[\"https:\/\/kapitalis.com\/tunisie\/2018\/07\/02\/vols-de-bagages-licenciement-de-12-employes-a-laeroport-de-tunis-carthage\/#respond\"]}]},{\"@type\":\"WebPage\",\"@id\":\"https:\/\/kapitalis.com\/tunisie\/2018\/07\/02\/vols-de-bagages-licenciement-de-12-employes-a-laeroport-de-tunis-carthage\/\",\"url\":\"https:\/\/kapitalis.com\/tunisie\/2018\/07\/02\/vols-de-bagages-licenciement-de-12-employes-a-laeroport-de-tunis-carthage\/\",\"name\":\"Vols de bagages : Licenciement de 12 employ\u00e9s \u00e0 l'a\u00e9roport de Tunis-Carthage - Kapitalis\",\"isPartOf\":{\"@id\":\"https:\/\/kapitalis.com\/tunisie\/#website\"},\"primaryImageOfPage\":{\"@id\":\"https:\/\/kapitalis.com\/tunisie\/2018\/07\/02\/vols-de-bagages-licenciement-de-12-employes-a-laeroport-de-tunis-carthage\/#primaryimage\"},\"image\":{\"@id\":\"https:\/\/kapitalis.com\/tunisie\/2018\/07\/02\/vols-de-bagages-licenciement-de-12-employes-a-laeroport-de-tunis-carthage\/#primaryimage\"},\"thumbnailUrl\":\"http:\/\/kapitalis.com\/tunisie\/wp-content\/uploads\/2015\/09\/aeroport-tunis-carthage.jpg\",\"datePublished\":\"2018-07-02T17:00:26+00:00\",\"breadcrumb\":{\"@id\":\"https:\/\/kapitalis.com\/tunisie\/2018\/07\/02\/vols-de-bagages-licenciement-de-12-employes-a-laeroport-de-tunis-carthage\/#breadcrumb\"},\"inLanguage\":\"fr-FR\",\"potentialAction\":[{\"@type\":\"ReadAction\",\"target\":[\"https:\/\/kapitalis.com\/tunisie\/2018\/07\/02\/vols-de-bagages-licenciement-de-12-employes-a-laeroport-de-tunis-carthage\/\"]}]},{\"@type\":\"ImageObject\",\"inLanguage\":\"fr-FR\",\"@id\":\"https:\/\/kapitalis.com\/tunisie\/2018\/07\/02\/vols-de-bagages-licenciement-de-12-employes-a-laeroport-de-tunis-carthage\/#primaryimage\",\"url\":\"http:\/\/kapitalis.com\/tunisie\/wp-content\/uploads\/2015\/09\/aeroport-tunis-carthage.jpg\",\"contentUrl\":\"http:\/\/kapitalis.com\/tunisie\/wp-content\/uploads\/2015\/09\/aeroport-tunis-carthage.jpg\"},{\"@type\":\"BreadcrumbList\",\"@id\":\"https:\/\/kapitalis.com\/tunisie\/2018\/07\/02\/vols-de-bagages-licenciement-de-12-employes-a-laeroport-de-tunis-carthage\/#breadcrumb\",\"itemListElement\":[{\"@type\":\"ListItem\",\"position\":1,\"name\":\"Accueil\",\"item\":\"https:\/\/kapitalis.com\/tunisie\/\"},{\"@type\":\"ListItem\",\"position\":2,\"name\":\"Vols de bagages : Licenciement de 12 employ\u00e9s \u00e0 l&rsquo;a\u00e9roport de Tunis-Carthage\"}]},{\"@type\":\"WebSite\",\"@id\":\"https:\/\/kapitalis.com\/tunisie\/#website\",\"url\":\"https:\/\/kapitalis.com\/tunisie\/\",\"name\":\"Kapitalis\",\"description\":\"L&#039;actualit\u00e9 en Tunisie et dans le monde\",\"publisher\":{\"@id\":\"https:\/\/kapitalis.com\/tunisie\/#organization\"},\"potentialAction\":[{\"@type\":\"SearchAction\",\"target\":{\"@type\":\"EntryPoint\",\"urlTemplate\":\"https:\/\/kapitalis.com\/tunisie\/?s={search_term_string}\"},\"query-input\":{\"@type\":\"PropertyValueSpecification\",\"valueRequired\":true,\"valueName\":\"search_term_string\"}}],\"inLanguage\":\"fr-FR\"},{\"@type\":\"Organization\",\"@id\":\"https:\/\/kapitalis.com\/tunisie\/#organization\",\"name\":\"Kapitalis\",\"url\":\"https:\/\/kapitalis.com\/tunisie\/\",\"logo\":{\"@type\":\"ImageObject\",\"inLanguage\":\"fr-FR\",\"@id\":\"https:\/\/kapitalis.com\/tunisie\/#\/schema\/logo\/image\/\",\"url\":\"https:\/\/kapitalis.com\/tunisie\/wp-content\/uploads\/2022\/05\/Kapitalis-big-size.png\",\"contentUrl\":\"https:\/\/kapitalis.com\/tunisie\/wp-content\/uploads\/2022\/05\/Kapitalis-big-size.png\",\"width\":5000,\"height\":1500,\"caption\":\"Kapitalis\"},\"image\":{\"@id\":\"https:\/\/kapitalis.com\/tunisie\/#\/schema\/logo\/image\/\"},\"sameAs\":[\"https:\/\/www.facebook.com\/KapitalisInfo\/\",\"https:\/\/x.com\/KapitalisInfo\",\"https:\/\/www.youtube.com\/channel\/UC-yDYrHyfFBWWZaOw3FPg9Q\"]},{\"@type\":\"Person\",\"@id\":\"https:\/\/kapitalis.com\/tunisie\/#\/schema\/person\/2c6e134b2f3369dffcd1daf5f087d28b\",\"name\":\"emna benabdallah\",\"url\":\"https:\/\/kapitalis.com\/tunisie\/author\/emna\/\"}]}<\/script>\n<!-- \/ Yoast SEO plugin. -->","yoast_head_json":{"title":"Vols de bagages : Licenciement de 12 employ\u00e9s \u00e0 l'a\u00e9roport de Tunis-Carthage - Kapitalis","robots":{"index":"index","follow":"follow","max-snippet":"max-snippet:-1","max-image-preview":"max-image-preview:large","max-video-preview":"max-video-preview:-1"},"canonical":"https:\/\/kapitalis.com\/tunisie\/2018\/07\/02\/vols-de-bagages-licenciement-de-12-employes-a-laeroport-de-tunis-carthage\/","og_locale":"fr_FR","og_type":"article","og_title":"Vols de bagages : Licenciement de 12 employ\u00e9s \u00e0 l'a\u00e9roport de Tunis-Carthage - Kapitalis","og_description":"Elyes Mnakbi, Pdg de Tunisair, a indiqu\u00e9 que 12 employ\u00e9s de la compagnie a\u00e9rienne nationale ont \u00e9t\u00e9 renvoy\u00e9s pour avoir vol\u00e9, en 2017, des objets dans les bagages des voyageurs.","og_url":"https:\/\/kapitalis.com\/tunisie\/2018\/07\/02\/vols-de-bagages-licenciement-de-12-employes-a-laeroport-de-tunis-carthage\/","og_site_name":"Kapitalis","article_publisher":"https:\/\/www.facebook.com\/KapitalisInfo\/","article_published_time":"2018-07-02T17:00:26+00:00","og_image":[{"url":"http:\/\/kapitalis.com\/tunisie\/wp-content\/uploads\/2015\/09\/aeroport-tunis-carthage.jpg","type":"","width":"","height":""}],"author":"emna benabdallah","twitter_card":"summary_large_image","twitter_creator":"@KapitalisInfo","twitter_site":"@KapitalisInfo","twitter_misc":{"\u00c9crit par":"emna benabdallah","Dur\u00e9e de lecture estim\u00e9e":"1 minute"},"schema":{"@context":"https:\/\/schema.org","@graph":[{"@type":"Article","@id":"https:\/\/kapitalis.com\/tunisie\/2018\/07\/02\/vols-de-bagages-licenciement-de-12-employes-a-laeroport-de-tunis-carthage\/#article","isPartOf":{"@id":"https:\/\/kapitalis.com\/tunisie\/2018\/07\/02\/vols-de-bagages-licenciement-de-12-employes-a-laeroport-de-tunis-carthage\/"},"author":{"name":"emna benabdallah","@id":"https:\/\/kapitalis.com\/tunisie\/#\/schema\/person\/2c6e134b2f3369dffcd1daf5f087d28b"},"headline":"Vols de bagages : Licenciement de 12 employ\u00e9s \u00e0 l&rsquo;a\u00e9roport de Tunis-Carthage","datePublished":"2018-07-02T17:00:26+00:00","mainEntityOfPage":{"@id":"https:\/\/kapitalis.com\/tunisie\/2018\/07\/02\/vols-de-bagages-licenciement-de-12-employes-a-laeroport-de-tunis-carthage\/"},"wordCount":218,"commentCount":6,"publisher":{"@id":"https:\/\/kapitalis.com\/tunisie\/#organization"},"image":{"@id":"https:\/\/kapitalis.com\/tunisie\/2018\/07\/02\/vols-de-bagages-licenciement-de-12-employes-a-laeroport-de-tunis-carthage\/#primaryimage"},"thumbnailUrl":"http:\/\/kapitalis.com\/tunisie\/wp-content\/uploads\/2015\/09\/aeroport-tunis-carthage.jpg","keywords":["a\u00e9roport de Tunis-Carthage","bagages","Elyes Mnakbi","Oaca","Tunisair","vol"],"articleSection":["SOCIETE","Tunisie"],"inLanguage":"fr-FR","potentialAction":[{"@type":"CommentAction","name":"Comment","target":["https:\/\/kapitalis.com\/tunisie\/2018\/07\/02\/vols-de-bagages-licenciement-de-12-employes-a-laeroport-de-tunis-carthage\/#respond"]}]},{"@type":"WebPage","@id":"https:\/\/kapitalis.com\/tunisie\/2018\/07\/02\/vols-de-bagages-licenciement-de-12-employes-a-laeroport-de-tunis-carthage\/","url":"https:\/\/kapitalis.com\/tunisie\/2018\/07\/02\/vols-de-bagages-licenciement-de-12-employes-a-laeroport-de-tunis-carthage\/","name":"Vols de bagages : Licenciement de 12 employ\u00e9s \u00e0 l'a\u00e9roport de Tunis-Carthage - Kapitalis","isPartOf":{"@id":"https:\/\/kapitalis.com\/tunisie\/#website"},"primaryImageOfPage":{"@id":"https:\/\/kapitalis.com\/tunisie\/2018\/07\/02\/vols-de-bagages-licenciement-de-12-employes-a-laeroport-de-tunis-carthage\/#primaryimage"},"image":{"@id":"https:\/\/kapitalis.com\/tunisie\/2018\/07\/02\/vols-de-bagages-licenciement-de-12-employes-a-laeroport-de-tunis-carthage\/#primaryimage"},"thumbnailUrl":"http:\/\/kapitalis.com\/tunisie\/wp-content\/uploads\/2015\/09\/aeroport-tunis-carthage.jpg","datePublished":"2018-07-02T17:00:26+00:00","breadcrumb":{"@id":"https:\/\/kapitalis.com\/tunisie\/2018\/07\/02\/vols-de-bagages-licenciement-de-12-employes-a-laeroport-de-tunis-carthage\/#breadcrumb"},"inLanguage":"fr-FR","potentialAction":[{"@type":"ReadAction","target":["https:\/\/kapitalis.com\/tunisie\/2018\/07\/02\/vols-de-bagages-licenciement-de-12-employes-a-laeroport-de-tunis-carthage\/"]}]},{"@type":"ImageObject","inLanguage":"fr-FR","@id":"https:\/\/kapitalis.com\/tunisie\/2018\/07\/02\/vols-de-bagages-licenciement-de-12-employes-a-laeroport-de-tunis-carthage\/#primaryimage","url":"http:\/\/kapitalis.com\/tunisie\/wp-content\/uploads\/2015\/09\/aeroport-tunis-carthage.jpg","contentUrl":"http:\/\/kapitalis.com\/tunisie\/wp-content\/uploads\/2015\/09\/aeroport-tunis-carthage.jpg"},{"@type":"BreadcrumbList","@id":"https:\/\/kapitalis.com\/tunisie\/2018\/07\/02\/vols-de-bagages-licenciement-de-12-employes-a-laeroport-de-tunis-carthage\/#breadcrumb","itemListElement":[{"@type":"ListItem","position":1,"name":"Accueil","item":"https:\/\/kapitalis.com\/tunisie\/"},{"@type":"ListItem","position":2,"name":"Vols de bagages : Licenciement de 12 employ\u00e9s \u00e0 l&rsquo;a\u00e9roport de Tunis-Carthage"}]},{"@type":"WebSite","@id":"https:\/\/kapitalis.com\/tunisie\/#website","url":"https:\/\/kapitalis.com\/tunisie\/","name":"Kapitalis","description":"L&#039;actualit\u00e9 en Tunisie et dans le monde","publisher":{"@id":"https:\/\/kapitalis.com\/tunisie\/#organization"},"potentialAction":[{"@type":"SearchAction","target":{"@type":"EntryPoint","urlTemplate":"https:\/\/kapitalis.com\/tunisie\/?s={search_term_string}"},"query-input":{"@type":"PropertyValueSpecification","valueRequired":true,"valueName":"search_term_string"}}],"inLanguage":"fr-FR"},{"@type":"Organization","@id":"https:\/\/kapitalis.com\/tunisie\/#organization","name":"Kapitalis","url":"https:\/\/kapitalis.com\/tunisie\/","logo":{"@type":"ImageObject","inLanguage":"fr-FR","@id":"https:\/\/kapitalis.com\/tunisie\/#\/schema\/logo\/image\/","url":"https:\/\/kapitalis.com\/tunisie\/wp-content\/uploads\/2022\/05\/Kapitalis-big-size.png","contentUrl":"https:\/\/kapitalis.com\/tunisie\/wp-content\/uploads\/2022\/05\/Kapitalis-big-size.png","width":5000,"height":1500,"caption":"Kapitalis"},"image":{"@id":"https:\/\/kapitalis.com\/tunisie\/#\/schema\/logo\/image\/"},"sameAs":["https:\/\/www.facebook.com\/KapitalisInfo\/","https:\/\/x.com\/KapitalisInfo","https:\/\/www.youtube.com\/channel\/UC-yDYrHyfFBWWZaOw3FPg9Q"]},{"@type":"Person","@id":"https:\/\/kapitalis.com\/tunisie\/#\/schema\/person\/2c6e134b2f3369dffcd1daf5f087d28b","name":"emna benabdallah","url":"https:\/\/kapitalis.com\/tunisie\/author\/emna\/"}]}},"_links":{"self":[{"href":"https:\/\/kapitalis.com\/tunisie\/wp-json\/wp\/v2\/posts\/162652","targetHints":{"allow":["GET"]}}],"collection":[{"href":"https:\/\/kapitalis.com\/tunisie\/wp-json\/wp\/v2\/posts"}],"about":[{"href":"https:\/\/kapitalis.com\/tunisie\/wp-json\/wp\/v2\/types\/post"}],"author":[{"embeddable":true,"href":"https:\/\/kapitalis.com\/tunisie\/wp-json\/wp\/v2\/users\/16"}],"replies":[{"embeddable":true,"href":"https:\/\/kapitalis.com\/tunisie\/wp-json\/wp\/v2\/comments?post=162652"}],"version-history":[{"count":0,"href":"https:\/\/kapitalis.com\/tunisie\/wp-json\/wp\/v2\/posts\/162652\/revisions"}],"wp:attachment":[{"href":"https:\/\/kapitalis.com\/tunisie\/wp-json\/wp\/v2\/media?parent=162652"}],"wp:term":[{"taxonomy":"category","embeddable":true,"href":"https:\/\/kapitalis.com\/tunisie\/wp-json\/wp\/v2\/categories?post=162652"},{"taxonomy":"post_tag","embeddable":true,"href":"https:\/\/kapitalis.com\/tunisie\/wp-json\/wp\/v2\/tags?post=162652"}],"curies":[{"name":"wp","href":"https:\/\/api.w.org\/{rel}","templated":true}]}}