{"id":16275110,"date":"2025-04-24T22:26:07","date_gmt":"2025-04-24T21:26:07","guid":{"rendered":"https:\/\/kapitalis.com\/tunisie\/?p=16275110"},"modified":"2025-04-25T06:42:15","modified_gmt":"2025-04-25T05:42:15","slug":"sidi-bouzid-drame-du-transport-rural-une-enfant-tuee-sa-soeur-blessee","status":"publish","type":"post","link":"https:\/\/kapitalis.com\/tunisie\/2025\/04\/24\/sidi-bouzid-drame-du-transport-rural-une-enfant-tuee-sa-soeur-blessee\/","title":{"rendered":"Drame du transport rural \u00e0 Sidi Bouzid | Une enfant tu\u00e9e, sa s\u0153ur bless\u00e9e"},"content":{"rendered":"\n<p><em><strong>Un drame a secou\u00e9 la d\u00e9l\u00e9gation de Saadia dans le gouvernorat de Sidi Bouzid, ce jeudi 24 avril 2025 : Une \u00e9l\u00e8ve est d\u00e9c\u00e9d\u00e9e suite \u00e0 une chute depuis l&rsquo;arri\u00e8re d\u2019une camionnette qui assurait son transport vers l\u2019\u00e9cole\u2026<\/strong><\/em><\/p>\n\n\n\n<!--more-->\n\n\n\n<p>La s\u0153ur de la victime a \u00e9galement \u00e9t\u00e9 bless\u00e9e et transport\u00e9e \u00e0 l&rsquo;h\u00f4pital par les unit\u00e9s de la protection civile de Regueb qui se sont d\u00e9p\u00each\u00e9es sur les lieux, accompagn\u00e9es d\u2019une ambulance de l\u2019h\u00f4pital local.<\/p>\n\n\n\n<p>Une enqu\u00eate a \u00e9t\u00e9 ouverte afin de d\u00e9terminer les circonstances exactes et les responsabilit\u00e9s dans ce drame, qui soul\u00e8ve une nouvelle fois de s\u00e9rieuses questions quant \u00e0 la s\u00e9curit\u00e9 du transport utilis\u00e9s par les \u00e9l\u00e8ves dans les zones rurales.<\/p>\n\n\n\n<p>Les conditions souvent pr\u00e9caires dans lesquelles les \u00e9l\u00e8ves sont transport\u00e9s quotidiennement repr\u00e9sentent un risque majeur et appellent \u00e0 des mesures urgentes et efficaces pour garantir leur s\u00e9curit\u00e9 et leur bien-\u00eatre &#8230;<\/p>\n\n\n\n<p class=\"has-text-align-right\"><strong>Y. N.<\/strong><\/p>\n","protected":false},"excerpt":{"rendered":"<p>Un drame a secou\u00e9 la d\u00e9l\u00e9gation de Saadia dans le gouvernorat de Sidi Bouzid, ce jeudi 24 avril 2025 : Une \u00e9l\u00e8ve est d\u00e9c\u00e9d\u00e9e suite \u00e0 une chute depuis l&rsquo;arri\u00e8re d\u2019une camionnette qui assurait son transport vers l\u2019\u00e9cole\u2026<\/p>\n","protected":false},"author":6,"featured_media":16275168,"comment_status":"open","ping_status":"open","sticky":false,"template":"","format":"standard","meta":{"footnotes":""},"categories":[998,2433],"tags":[79115,64263,314,121898,828,30736,62643],"class_list":["post-16275110","post","type-post","status-publish","format-standard","has-post-thumbnail","hentry","category-societe","category-tunisie","tag-accident-mortel","tag-deces","tag-eleve","tag-saadia","tag-sidi-bouzid","tag-transport-rural","tag-tunisie"],"yoast_head":"<!-- This site is optimized with the Yoast SEO plugin v26.6 - https:\/\/yoast.com\/wordpress\/plugins\/seo\/ -->\n<title>Drame du transport rural \u00e0 Sidi Bouzid | Une enfant tu\u00e9e, sa s\u0153ur bless\u00e9e - Kapitalis<\/title>\n<meta name=\"robots\" content=\"index, follow, max-snippet:-1, max-image-preview:large, max-video-preview:-1\" \/>\n<link rel=\"canonical\" href=\"https:\/\/kapitalis.com\/tunisie\/2025\/04\/24\/sidi-bouzid-drame-du-transport-rural-une-enfant-tuee-sa-soeur-blessee\/\" \/>\n<meta property=\"og:locale\" content=\"fr_FR\" \/>\n<meta property=\"og:type\" content=\"article\" \/>\n<meta property=\"og:title\" content=\"Drame du transport rural \u00e0 Sidi Bouzid | Une enfant tu\u00e9e, sa s\u0153ur bless\u00e9e - Kapitalis\" \/>\n<meta property=\"og:description\" content=\"Un drame a secou\u00e9 la d\u00e9l\u00e9gation de Saadia dans le gouvernorat de Sidi Bouzid, ce jeudi 24 avril 2025 : Une \u00e9l\u00e8ve est d\u00e9c\u00e9d\u00e9e suite \u00e0 une chute depuis l&rsquo;arri\u00e8re d\u2019une camionnette qui assurait son transport vers l\u2019\u00e9cole\u2026\" \/>\n<meta property=\"og:url\" content=\"https:\/\/kapitalis.com\/tunisie\/2025\/04\/24\/sidi-bouzid-drame-du-transport-rural-une-enfant-tuee-sa-soeur-blessee\/\" \/>\n<meta property=\"og:site_name\" content=\"Kapitalis\" \/>\n<meta property=\"article:publisher\" content=\"https:\/\/www.facebook.com\/KapitalisInfo\/\" \/>\n<meta property=\"article:published_time\" content=\"2025-04-24T21:26:07+00:00\" \/>\n<meta property=\"article:modified_time\" content=\"2025-04-25T05:42:15+00:00\" \/>\n<meta property=\"og:image\" content=\"https:\/\/kapitalis.com\/tunisie\/wp-content\/uploads\/2025\/04\/deces-eleve-Sidi-Bouzid.jpg\" \/>\n\t<meta property=\"og:image:width\" content=\"1200\" \/>\n\t<meta property=\"og:image:height\" content=\"630\" \/>\n\t<meta property=\"og:image:type\" content=\"image\/jpeg\" \/>\n<meta name=\"author\" content=\"Yusra NY\" \/>\n<meta name=\"twitter:card\" content=\"summary_large_image\" \/>\n<meta name=\"twitter:creator\" content=\"@KapitalisInfo\" \/>\n<meta name=\"twitter:site\" content=\"@KapitalisInfo\" \/>\n<meta name=\"twitter:label1\" content=\"\u00c9crit par\" \/>\n\t<meta name=\"twitter:data1\" content=\"Yusra NY\" \/>\n\t<meta name=\"twitter:label2\" content=\"Dur\u00e9e de lecture estim\u00e9e\" \/>\n\t<meta name=\"twitter:data2\" content=\"1 minute\" \/>\n<script type=\"application\/ld+json\" class=\"yoast-schema-graph\">{\"@context\":\"https:\/\/schema.org\",\"@graph\":[{\"@type\":\"Article\",\"@id\":\"https:\/\/kapitalis.com\/tunisie\/2025\/04\/24\/sidi-bouzid-drame-du-transport-rural-une-enfant-tuee-sa-soeur-blessee\/#article\",\"isPartOf\":{\"@id\":\"https:\/\/kapitalis.com\/tunisie\/2025\/04\/24\/sidi-bouzid-drame-du-transport-rural-une-enfant-tuee-sa-soeur-blessee\/\"},\"author\":{\"name\":\"Yusra NY\",\"@id\":\"https:\/\/kapitalis.com\/tunisie\/#\/schema\/person\/74bbde0154d49d790a92aaeac5bc01d5\"},\"headline\":\"Drame du transport rural \u00e0 Sidi Bouzid | Une enfant tu\u00e9e, sa s\u0153ur bless\u00e9e\",\"datePublished\":\"2025-04-24T21:26:07+00:00\",\"dateModified\":\"2025-04-25T05:42:15+00:00\",\"mainEntityOfPage\":{\"@id\":\"https:\/\/kapitalis.com\/tunisie\/2025\/04\/24\/sidi-bouzid-drame-du-transport-rural-une-enfant-tuee-sa-soeur-blessee\/\"},\"wordCount\":187,\"commentCount\":1,\"publisher\":{\"@id\":\"https:\/\/kapitalis.com\/tunisie\/#organization\"},\"image\":{\"@id\":\"https:\/\/kapitalis.com\/tunisie\/2025\/04\/24\/sidi-bouzid-drame-du-transport-rural-une-enfant-tuee-sa-soeur-blessee\/#primaryimage\"},\"thumbnailUrl\":\"https:\/\/kapitalis.com\/tunisie\/wp-content\/uploads\/2025\/04\/deces-eleve-Sidi-Bouzid.jpg\",\"keywords\":[\"accident mortel\",\"d\u00e9c\u00e8s\",\"\u00e9l\u00e8ve\",\"Saadia\",\"Sidi Bouzid\",\"transport rural\",\"Tunisie\"],\"articleSection\":[\"SOCIETE\",\"Tunisie\"],\"inLanguage\":\"fr-FR\",\"potentialAction\":[{\"@type\":\"CommentAction\",\"name\":\"Comment\",\"target\":[\"https:\/\/kapitalis.com\/tunisie\/2025\/04\/24\/sidi-bouzid-drame-du-transport-rural-une-enfant-tuee-sa-soeur-blessee\/#respond\"]}]},{\"@type\":\"WebPage\",\"@id\":\"https:\/\/kapitalis.com\/tunisie\/2025\/04\/24\/sidi-bouzid-drame-du-transport-rural-une-enfant-tuee-sa-soeur-blessee\/\",\"url\":\"https:\/\/kapitalis.com\/tunisie\/2025\/04\/24\/sidi-bouzid-drame-du-transport-rural-une-enfant-tuee-sa-soeur-blessee\/\",\"name\":\"Drame du transport rural \u00e0 Sidi Bouzid | Une enfant tu\u00e9e, sa s\u0153ur bless\u00e9e - Kapitalis\",\"isPartOf\":{\"@id\":\"https:\/\/kapitalis.com\/tunisie\/#website\"},\"primaryImageOfPage\":{\"@id\":\"https:\/\/kapitalis.com\/tunisie\/2025\/04\/24\/sidi-bouzid-drame-du-transport-rural-une-enfant-tuee-sa-soeur-blessee\/#primaryimage\"},\"image\":{\"@id\":\"https:\/\/kapitalis.com\/tunisie\/2025\/04\/24\/sidi-bouzid-drame-du-transport-rural-une-enfant-tuee-sa-soeur-blessee\/#primaryimage\"},\"thumbnailUrl\":\"https:\/\/kapitalis.com\/tunisie\/wp-content\/uploads\/2025\/04\/deces-eleve-Sidi-Bouzid.jpg\",\"datePublished\":\"2025-04-24T21:26:07+00:00\",\"dateModified\":\"2025-04-25T05:42:15+00:00\",\"breadcrumb\":{\"@id\":\"https:\/\/kapitalis.com\/tunisie\/2025\/04\/24\/sidi-bouzid-drame-du-transport-rural-une-enfant-tuee-sa-soeur-blessee\/#breadcrumb\"},\"inLanguage\":\"fr-FR\",\"potentialAction\":[{\"@type\":\"ReadAction\",\"target\":[\"https:\/\/kapitalis.com\/tunisie\/2025\/04\/24\/sidi-bouzid-drame-du-transport-rural-une-enfant-tuee-sa-soeur-blessee\/\"]}]},{\"@type\":\"ImageObject\",\"inLanguage\":\"fr-FR\",\"@id\":\"https:\/\/kapitalis.com\/tunisie\/2025\/04\/24\/sidi-bouzid-drame-du-transport-rural-une-enfant-tuee-sa-soeur-blessee\/#primaryimage\",\"url\":\"https:\/\/kapitalis.com\/tunisie\/wp-content\/uploads\/2025\/04\/deces-eleve-Sidi-Bouzid.jpg\",\"contentUrl\":\"https:\/\/kapitalis.com\/tunisie\/wp-content\/uploads\/2025\/04\/deces-eleve-Sidi-Bouzid.jpg\",\"width\":1200,\"height\":630},{\"@type\":\"BreadcrumbList\",\"@id\":\"https:\/\/kapitalis.com\/tunisie\/2025\/04\/24\/sidi-bouzid-drame-du-transport-rural-une-enfant-tuee-sa-soeur-blessee\/#breadcrumb\",\"itemListElement\":[{\"@type\":\"ListItem\",\"position\":1,\"name\":\"Accueil\",\"item\":\"https:\/\/kapitalis.com\/tunisie\/\"},{\"@type\":\"ListItem\",\"position\":2,\"name\":\"Drame du transport rural \u00e0 Sidi Bouzid | Une enfant tu\u00e9e, sa s\u0153ur bless\u00e9e\"}]},{\"@type\":\"WebSite\",\"@id\":\"https:\/\/kapitalis.com\/tunisie\/#website\",\"url\":\"https:\/\/kapitalis.com\/tunisie\/\",\"name\":\"Kapitalis\",\"description\":\"L&#039;actualit\u00e9 en Tunisie et dans le monde\",\"publisher\":{\"@id\":\"https:\/\/kapitalis.com\/tunisie\/#organization\"},\"potentialAction\":[{\"@type\":\"SearchAction\",\"target\":{\"@type\":\"EntryPoint\",\"urlTemplate\":\"https:\/\/kapitalis.com\/tunisie\/?s={search_term_string}\"},\"query-input\":{\"@type\":\"PropertyValueSpecification\",\"valueRequired\":true,\"valueName\":\"search_term_string\"}}],\"inLanguage\":\"fr-FR\"},{\"@type\":\"Organization\",\"@id\":\"https:\/\/kapitalis.com\/tunisie\/#organization\",\"name\":\"Kapitalis\",\"url\":\"https:\/\/kapitalis.com\/tunisie\/\",\"logo\":{\"@type\":\"ImageObject\",\"inLanguage\":\"fr-FR\",\"@id\":\"https:\/\/kapitalis.com\/tunisie\/#\/schema\/logo\/image\/\",\"url\":\"https:\/\/kapitalis.com\/tunisie\/wp-content\/uploads\/2022\/05\/Kapitalis-big-size.png\",\"contentUrl\":\"https:\/\/kapitalis.com\/tunisie\/wp-content\/uploads\/2022\/05\/Kapitalis-big-size.png\",\"width\":5000,\"height\":1500,\"caption\":\"Kapitalis\"},\"image\":{\"@id\":\"https:\/\/kapitalis.com\/tunisie\/#\/schema\/logo\/image\/\"},\"sameAs\":[\"https:\/\/www.facebook.com\/KapitalisInfo\/\",\"https:\/\/x.com\/KapitalisInfo\",\"https:\/\/www.youtube.com\/channel\/UC-yDYrHyfFBWWZaOw3FPg9Q\"]},{\"@type\":\"Person\",\"@id\":\"https:\/\/kapitalis.com\/tunisie\/#\/schema\/person\/74bbde0154d49d790a92aaeac5bc01d5\",\"name\":\"Yusra NY\",\"url\":\"https:\/\/kapitalis.com\/tunisie\/author\/yuza_adam\/\"}]}<\/script>\n<!-- \/ Yoast SEO plugin. -->","yoast_head_json":{"title":"Drame du transport rural \u00e0 Sidi Bouzid | Une enfant tu\u00e9e, sa s\u0153ur bless\u00e9e - Kapitalis","robots":{"index":"index","follow":"follow","max-snippet":"max-snippet:-1","max-image-preview":"max-image-preview:large","max-video-preview":"max-video-preview:-1"},"canonical":"https:\/\/kapitalis.com\/tunisie\/2025\/04\/24\/sidi-bouzid-drame-du-transport-rural-une-enfant-tuee-sa-soeur-blessee\/","og_locale":"fr_FR","og_type":"article","og_title":"Drame du transport rural \u00e0 Sidi Bouzid | Une enfant tu\u00e9e, sa s\u0153ur bless\u00e9e - Kapitalis","og_description":"Un drame a secou\u00e9 la d\u00e9l\u00e9gation de Saadia dans le gouvernorat de Sidi Bouzid, ce jeudi 24 avril 2025 : Une \u00e9l\u00e8ve est d\u00e9c\u00e9d\u00e9e suite \u00e0 une chute depuis l&rsquo;arri\u00e8re d\u2019une camionnette qui assurait son transport vers l\u2019\u00e9cole\u2026","og_url":"https:\/\/kapitalis.com\/tunisie\/2025\/04\/24\/sidi-bouzid-drame-du-transport-rural-une-enfant-tuee-sa-soeur-blessee\/","og_site_name":"Kapitalis","article_publisher":"https:\/\/www.facebook.com\/KapitalisInfo\/","article_published_time":"2025-04-24T21:26:07+00:00","article_modified_time":"2025-04-25T05:42:15+00:00","og_image":[{"width":1200,"height":630,"url":"https:\/\/kapitalis.com\/tunisie\/wp-content\/uploads\/2025\/04\/deces-eleve-Sidi-Bouzid.jpg","type":"image\/jpeg"}],"author":"Yusra NY","twitter_card":"summary_large_image","twitter_creator":"@KapitalisInfo","twitter_site":"@KapitalisInfo","twitter_misc":{"\u00c9crit par":"Yusra NY","Dur\u00e9e de lecture estim\u00e9e":"1 minute"},"schema":{"@context":"https:\/\/schema.org","@graph":[{"@type":"Article","@id":"https:\/\/kapitalis.com\/tunisie\/2025\/04\/24\/sidi-bouzid-drame-du-transport-rural-une-enfant-tuee-sa-soeur-blessee\/#article","isPartOf":{"@id":"https:\/\/kapitalis.com\/tunisie\/2025\/04\/24\/sidi-bouzid-drame-du-transport-rural-une-enfant-tuee-sa-soeur-blessee\/"},"author":{"name":"Yusra NY","@id":"https:\/\/kapitalis.com\/tunisie\/#\/schema\/person\/74bbde0154d49d790a92aaeac5bc01d5"},"headline":"Drame du transport rural \u00e0 Sidi Bouzid | Une enfant tu\u00e9e, sa s\u0153ur bless\u00e9e","datePublished":"2025-04-24T21:26:07+00:00","dateModified":"2025-04-25T05:42:15+00:00","mainEntityOfPage":{"@id":"https:\/\/kapitalis.com\/tunisie\/2025\/04\/24\/sidi-bouzid-drame-du-transport-rural-une-enfant-tuee-sa-soeur-blessee\/"},"wordCount":187,"commentCount":1,"publisher":{"@id":"https:\/\/kapitalis.com\/tunisie\/#organization"},"image":{"@id":"https:\/\/kapitalis.com\/tunisie\/2025\/04\/24\/sidi-bouzid-drame-du-transport-rural-une-enfant-tuee-sa-soeur-blessee\/#primaryimage"},"thumbnailUrl":"https:\/\/kapitalis.com\/tunisie\/wp-content\/uploads\/2025\/04\/deces-eleve-Sidi-Bouzid.jpg","keywords":["accident mortel","d\u00e9c\u00e8s","\u00e9l\u00e8ve","Saadia","Sidi Bouzid","transport rural","Tunisie"],"articleSection":["SOCIETE","Tunisie"],"inLanguage":"fr-FR","potentialAction":[{"@type":"CommentAction","name":"Comment","target":["https:\/\/kapitalis.com\/tunisie\/2025\/04\/24\/sidi-bouzid-drame-du-transport-rural-une-enfant-tuee-sa-soeur-blessee\/#respond"]}]},{"@type":"WebPage","@id":"https:\/\/kapitalis.com\/tunisie\/2025\/04\/24\/sidi-bouzid-drame-du-transport-rural-une-enfant-tuee-sa-soeur-blessee\/","url":"https:\/\/kapitalis.com\/tunisie\/2025\/04\/24\/sidi-bouzid-drame-du-transport-rural-une-enfant-tuee-sa-soeur-blessee\/","name":"Drame du transport rural \u00e0 Sidi Bouzid | Une enfant tu\u00e9e, sa s\u0153ur bless\u00e9e - Kapitalis","isPartOf":{"@id":"https:\/\/kapitalis.com\/tunisie\/#website"},"primaryImageOfPage":{"@id":"https:\/\/kapitalis.com\/tunisie\/2025\/04\/24\/sidi-bouzid-drame-du-transport-rural-une-enfant-tuee-sa-soeur-blessee\/#primaryimage"},"image":{"@id":"https:\/\/kapitalis.com\/tunisie\/2025\/04\/24\/sidi-bouzid-drame-du-transport-rural-une-enfant-tuee-sa-soeur-blessee\/#primaryimage"},"thumbnailUrl":"https:\/\/kapitalis.com\/tunisie\/wp-content\/uploads\/2025\/04\/deces-eleve-Sidi-Bouzid.jpg","datePublished":"2025-04-24T21:26:07+00:00","dateModified":"2025-04-25T05:42:15+00:00","breadcrumb":{"@id":"https:\/\/kapitalis.com\/tunisie\/2025\/04\/24\/sidi-bouzid-drame-du-transport-rural-une-enfant-tuee-sa-soeur-blessee\/#breadcrumb"},"inLanguage":"fr-FR","potentialAction":[{"@type":"ReadAction","target":["https:\/\/kapitalis.com\/tunisie\/2025\/04\/24\/sidi-bouzid-drame-du-transport-rural-une-enfant-tuee-sa-soeur-blessee\/"]}]},{"@type":"ImageObject","inLanguage":"fr-FR","@id":"https:\/\/kapitalis.com\/tunisie\/2025\/04\/24\/sidi-bouzid-drame-du-transport-rural-une-enfant-tuee-sa-soeur-blessee\/#primaryimage","url":"https:\/\/kapitalis.com\/tunisie\/wp-content\/uploads\/2025\/04\/deces-eleve-Sidi-Bouzid.jpg","contentUrl":"https:\/\/kapitalis.com\/tunisie\/wp-content\/uploads\/2025\/04\/deces-eleve-Sidi-Bouzid.jpg","width":1200,"height":630},{"@type":"BreadcrumbList","@id":"https:\/\/kapitalis.com\/tunisie\/2025\/04\/24\/sidi-bouzid-drame-du-transport-rural-une-enfant-tuee-sa-soeur-blessee\/#breadcrumb","itemListElement":[{"@type":"ListItem","position":1,"name":"Accueil","item":"https:\/\/kapitalis.com\/tunisie\/"},{"@type":"ListItem","position":2,"name":"Drame du transport rural \u00e0 Sidi Bouzid | Une enfant tu\u00e9e, sa s\u0153ur bless\u00e9e"}]},{"@type":"WebSite","@id":"https:\/\/kapitalis.com\/tunisie\/#website","url":"https:\/\/kapitalis.com\/tunisie\/","name":"Kapitalis","description":"L&#039;actualit\u00e9 en Tunisie et dans le monde","publisher":{"@id":"https:\/\/kapitalis.com\/tunisie\/#organization"},"potentialAction":[{"@type":"SearchAction","target":{"@type":"EntryPoint","urlTemplate":"https:\/\/kapitalis.com\/tunisie\/?s={search_term_string}"},"query-input":{"@type":"PropertyValueSpecification","valueRequired":true,"valueName":"search_term_string"}}],"inLanguage":"fr-FR"},{"@type":"Organization","@id":"https:\/\/kapitalis.com\/tunisie\/#organization","name":"Kapitalis","url":"https:\/\/kapitalis.com\/tunisie\/","logo":{"@type":"ImageObject","inLanguage":"fr-FR","@id":"https:\/\/kapitalis.com\/tunisie\/#\/schema\/logo\/image\/","url":"https:\/\/kapitalis.com\/tunisie\/wp-content\/uploads\/2022\/05\/Kapitalis-big-size.png","contentUrl":"https:\/\/kapitalis.com\/tunisie\/wp-content\/uploads\/2022\/05\/Kapitalis-big-size.png","width":5000,"height":1500,"caption":"Kapitalis"},"image":{"@id":"https:\/\/kapitalis.com\/tunisie\/#\/schema\/logo\/image\/"},"sameAs":["https:\/\/www.facebook.com\/KapitalisInfo\/","https:\/\/x.com\/KapitalisInfo","https:\/\/www.youtube.com\/channel\/UC-yDYrHyfFBWWZaOw3FPg9Q"]},{"@type":"Person","@id":"https:\/\/kapitalis.com\/tunisie\/#\/schema\/person\/74bbde0154d49d790a92aaeac5bc01d5","name":"Yusra NY","url":"https:\/\/kapitalis.com\/tunisie\/author\/yuza_adam\/"}]}},"_links":{"self":[{"href":"https:\/\/kapitalis.com\/tunisie\/wp-json\/wp\/v2\/posts\/16275110","targetHints":{"allow":["GET"]}}],"collection":[{"href":"https:\/\/kapitalis.com\/tunisie\/wp-json\/wp\/v2\/posts"}],"about":[{"href":"https:\/\/kapitalis.com\/tunisie\/wp-json\/wp\/v2\/types\/post"}],"author":[{"embeddable":true,"href":"https:\/\/kapitalis.com\/tunisie\/wp-json\/wp\/v2\/users\/6"}],"replies":[{"embeddable":true,"href":"https:\/\/kapitalis.com\/tunisie\/wp-json\/wp\/v2\/comments?post=16275110"}],"version-history":[{"count":2,"href":"https:\/\/kapitalis.com\/tunisie\/wp-json\/wp\/v2\/posts\/16275110\/revisions"}],"predecessor-version":[{"id":16276905,"href":"https:\/\/kapitalis.com\/tunisie\/wp-json\/wp\/v2\/posts\/16275110\/revisions\/16276905"}],"wp:featuredmedia":[{"embeddable":true,"href":"https:\/\/kapitalis.com\/tunisie\/wp-json\/wp\/v2\/media\/16275168"}],"wp:attachment":[{"href":"https:\/\/kapitalis.com\/tunisie\/wp-json\/wp\/v2\/media?parent=16275110"}],"wp:term":[{"taxonomy":"category","embeddable":true,"href":"https:\/\/kapitalis.com\/tunisie\/wp-json\/wp\/v2\/categories?post=16275110"},{"taxonomy":"post_tag","embeddable":true,"href":"https:\/\/kapitalis.com\/tunisie\/wp-json\/wp\/v2\/tags?post=16275110"}],"curies":[{"name":"wp","href":"https:\/\/api.w.org\/{rel}","templated":true}]}}