{"id":162779,"date":"2018-07-03T12:46:46","date_gmt":"2018-07-03T11:46:46","guid":{"rendered":"http:\/\/kapitalis.com\/tunisie\/?p=162779"},"modified":"2018-07-03T12:46:46","modified_gmt":"2018-07-03T11:46:46","slug":"banque-mondiale-ferid-belhaj-promu-vice-president-pour-la-region-du-mena","status":"publish","type":"post","link":"https:\/\/kapitalis.com\/tunisie\/2018\/07\/03\/banque-mondiale-ferid-belhaj-promu-vice-president-pour-la-region-du-mena\/","title":{"rendered":"Banque mondiale : Ferid Belhaj promu vice-pr\u00e9sident pour la r\u00e9gion du Mena"},"content":{"rendered":"<p style=\"text-align: center;\"><img loading=\"lazy\" decoding=\"async\" class=\"alignnone size-full wp-image-162780\" src=\"http:\/\/kapitalis.com\/tunisie\/wp-content\/uploads\/2018\/07\/Ferid-Belhaj.jpg\" alt=\"\" width=\"626\" height=\"380\" \/><\/p>\n<p><em><strong>Le Tunisien Ferid Belhaj a officiellement pris ses fonctions, lundi 1er juillet 2018, en tant que vice-pr\u00e9sident de la Banque mondiale\u00a0pour la r\u00e9gion Moyen-Orient et Afrique du Nord (Mena).<\/strong><\/em><!--more--><\/p>\n<p>C&rsquo;est ce qu&rsquo;a indiqu\u00e9 un <a href=\"http:\/\/www.banquemondiale.org\/fr\/about\/people\/f\/ferid-belhaj\">communiqu\u00e9<\/a> de la Banque mondiale publi\u00e9 hier, mardi 2 juillet, en pr\u00e9cisant que le Tunisien, d\u00e9tenteur d&rsquo;un dipl\u00f4me en droit de la Facult\u00e9 de droit de Tunis puis d&rsquo;un doctorat en France, a occup\u00e9 plusieurs postes dans\u00a0cette institution financi\u00e8re internationale.<\/p>\n<p>En 1996, il \u00e9tait conseiller juridique senior au sein du d\u00e9partement juridique,\u00a0responsable des op\u00e9rations pour le Maroc (de 2002-2007),\u00a0repr\u00e9sentant sp\u00e9cial aupr\u00e8s de l&rsquo;Organisation des Nations Unies \u00e0, New York (2007-2010),\u00a0directeur de la r\u00e9gion pacifique (2009-2012).<\/p>\n<p>\u00ab<em>De 2012 \u00e0 2017, il a dirig\u00e9, depuis Beyrouth, les activit\u00e9s de la Banque mondiale au Liban, en Syrie, en Jordanie, en Iraq et en Iran. \u00c0 ce poste, il a pilot\u00e9 les travaux de la Banque sur la crise des r\u00e9fugi\u00e9s syriens et ses cons\u00e9quences dans la r\u00e9gion. M. Belhaj a notamment impuls\u00e9 la cr\u00e9ation de nouveaux instruments de financement destin\u00e9s \u00e0 aider les pays accueillant des personnes d\u00e9plac\u00e9es, l\u2019intensification des efforts d\u00e9ploy\u00e9s par la Banque pour soutenir la reconstruction et le rel\u00e8vement de l\u2019Iraq pendant et apr\u00e8s l\u2019invasion de Daech, ainsi que l\u2019accroissement de ses financements en faveur du Liban et de la Jordani<\/em>e\u00bb, a indiqu\u00e9 le communiqu\u00e9.<\/p>\n<p>Au cours des 15 mois pr\u00e9c\u00e9dant cette nomination, M. Belhaj \u00e9tait chef de cabinet du pr\u00e9sident du Groupe de la Banque mondiale.<\/p>\n<p style=\"text-align: right;\"><strong>E. B. A.<\/strong><\/p>\n","protected":false},"excerpt":{"rendered":"<p>Le Tunisien Ferid Belhaj a officiellement pris ses fonctions, lundi 1er juillet 2018, en tant que vice-pr\u00e9sident de la Banque mondiale\u00a0pour la r\u00e9gion Moyen-Orient et Afrique du Nord (Mena).<\/p>\n","protected":false},"author":16,"featured_media":162780,"comment_status":"open","ping_status":"open","sticky":false,"template":"","format":"standard","meta":{"footnotes":""},"categories":[995,2433],"tags":[130,258,48078,6780,931],"class_list":["post-162779","post","type-post","status-publish","format-standard","has-post-thumbnail","hentry","category-economie","category-tunisie","tag-banque-mondiale","tag-daech","tag-ferid-belhaj","tag-mena","tag-tunisien"],"yoast_head":"<!-- This site is optimized with the Yoast SEO plugin v26.6 - https:\/\/yoast.com\/wordpress\/plugins\/seo\/ -->\n<title>Banque mondiale : Ferid Belhaj promu vice-pr\u00e9sident pour la r\u00e9gion du Mena - Kapitalis<\/title>\n<meta name=\"robots\" content=\"index, follow, max-snippet:-1, max-image-preview:large, max-video-preview:-1\" \/>\n<link rel=\"canonical\" href=\"https:\/\/kapitalis.com\/tunisie\/2018\/07\/03\/banque-mondiale-ferid-belhaj-promu-vice-president-pour-la-region-du-mena\/\" \/>\n<meta property=\"og:locale\" content=\"fr_FR\" \/>\n<meta property=\"og:type\" content=\"article\" \/>\n<meta property=\"og:title\" content=\"Banque mondiale : Ferid Belhaj promu vice-pr\u00e9sident pour la r\u00e9gion du Mena - Kapitalis\" \/>\n<meta property=\"og:description\" content=\"Le Tunisien Ferid Belhaj a officiellement pris ses fonctions, lundi 1er juillet 2018, en tant que vice-pr\u00e9sident de la Banque mondiale\u00a0pour la r\u00e9gion Moyen-Orient et Afrique du Nord (Mena).\" \/>\n<meta property=\"og:url\" content=\"https:\/\/kapitalis.com\/tunisie\/2018\/07\/03\/banque-mondiale-ferid-belhaj-promu-vice-president-pour-la-region-du-mena\/\" \/>\n<meta property=\"og:site_name\" content=\"Kapitalis\" \/>\n<meta property=\"article:publisher\" content=\"https:\/\/www.facebook.com\/KapitalisInfo\/\" \/>\n<meta property=\"article:published_time\" content=\"2018-07-03T11:46:46+00:00\" \/>\n<meta property=\"og:image\" content=\"https:\/\/kapitalis.com\/tunisie\/wp-content\/uploads\/2022\/05\/kapitalis-logo-fb.png\" \/>\n\t<meta property=\"og:image:width\" content=\"1200\" \/>\n\t<meta property=\"og:image:height\" content=\"630\" \/>\n\t<meta property=\"og:image:type\" content=\"image\/png\" \/>\n<meta name=\"author\" content=\"emna benabdallah\" \/>\n<meta name=\"twitter:card\" content=\"summary_large_image\" \/>\n<meta name=\"twitter:creator\" content=\"@KapitalisInfo\" \/>\n<meta name=\"twitter:site\" content=\"@KapitalisInfo\" \/>\n<meta name=\"twitter:label1\" content=\"\u00c9crit par\" \/>\n\t<meta name=\"twitter:data1\" content=\"emna benabdallah\" \/>\n\t<meta name=\"twitter:label2\" content=\"Dur\u00e9e de lecture estim\u00e9e\" \/>\n\t<meta name=\"twitter:data2\" content=\"1 minute\" \/>\n<script type=\"application\/ld+json\" class=\"yoast-schema-graph\">{\"@context\":\"https:\/\/schema.org\",\"@graph\":[{\"@type\":\"Article\",\"@id\":\"https:\/\/kapitalis.com\/tunisie\/2018\/07\/03\/banque-mondiale-ferid-belhaj-promu-vice-president-pour-la-region-du-mena\/#article\",\"isPartOf\":{\"@id\":\"https:\/\/kapitalis.com\/tunisie\/2018\/07\/03\/banque-mondiale-ferid-belhaj-promu-vice-president-pour-la-region-du-mena\/\"},\"author\":{\"name\":\"emna benabdallah\",\"@id\":\"https:\/\/kapitalis.com\/tunisie\/#\/schema\/person\/2c6e134b2f3369dffcd1daf5f087d28b\"},\"headline\":\"Banque mondiale : Ferid Belhaj promu vice-pr\u00e9sident pour la r\u00e9gion du Mena\",\"datePublished\":\"2018-07-03T11:46:46+00:00\",\"mainEntityOfPage\":{\"@id\":\"https:\/\/kapitalis.com\/tunisie\/2018\/07\/03\/banque-mondiale-ferid-belhaj-promu-vice-president-pour-la-region-du-mena\/\"},\"wordCount\":284,\"commentCount\":0,\"publisher\":{\"@id\":\"https:\/\/kapitalis.com\/tunisie\/#organization\"},\"image\":{\"@id\":\"https:\/\/kapitalis.com\/tunisie\/2018\/07\/03\/banque-mondiale-ferid-belhaj-promu-vice-president-pour-la-region-du-mena\/#primaryimage\"},\"thumbnailUrl\":\"\",\"keywords\":[\"Banque Mondiale\",\"Daech\",\"Ferid Belhaj\",\"Mena\",\"Tunisien\"],\"articleSection\":[\"ECONOMIE\",\"Tunisie\"],\"inLanguage\":\"fr-FR\",\"potentialAction\":[{\"@type\":\"CommentAction\",\"name\":\"Comment\",\"target\":[\"https:\/\/kapitalis.com\/tunisie\/2018\/07\/03\/banque-mondiale-ferid-belhaj-promu-vice-president-pour-la-region-du-mena\/#respond\"]}]},{\"@type\":\"WebPage\",\"@id\":\"https:\/\/kapitalis.com\/tunisie\/2018\/07\/03\/banque-mondiale-ferid-belhaj-promu-vice-president-pour-la-region-du-mena\/\",\"url\":\"https:\/\/kapitalis.com\/tunisie\/2018\/07\/03\/banque-mondiale-ferid-belhaj-promu-vice-president-pour-la-region-du-mena\/\",\"name\":\"Banque mondiale : Ferid Belhaj promu vice-pr\u00e9sident pour la r\u00e9gion du Mena - Kapitalis\",\"isPartOf\":{\"@id\":\"https:\/\/kapitalis.com\/tunisie\/#website\"},\"primaryImageOfPage\":{\"@id\":\"https:\/\/kapitalis.com\/tunisie\/2018\/07\/03\/banque-mondiale-ferid-belhaj-promu-vice-president-pour-la-region-du-mena\/#primaryimage\"},\"image\":{\"@id\":\"https:\/\/kapitalis.com\/tunisie\/2018\/07\/03\/banque-mondiale-ferid-belhaj-promu-vice-president-pour-la-region-du-mena\/#primaryimage\"},\"thumbnailUrl\":\"\",\"datePublished\":\"2018-07-03T11:46:46+00:00\",\"breadcrumb\":{\"@id\":\"https:\/\/kapitalis.com\/tunisie\/2018\/07\/03\/banque-mondiale-ferid-belhaj-promu-vice-president-pour-la-region-du-mena\/#breadcrumb\"},\"inLanguage\":\"fr-FR\",\"potentialAction\":[{\"@type\":\"ReadAction\",\"target\":[\"https:\/\/kapitalis.com\/tunisie\/2018\/07\/03\/banque-mondiale-ferid-belhaj-promu-vice-president-pour-la-region-du-mena\/\"]}]},{\"@type\":\"ImageObject\",\"inLanguage\":\"fr-FR\",\"@id\":\"https:\/\/kapitalis.com\/tunisie\/2018\/07\/03\/banque-mondiale-ferid-belhaj-promu-vice-president-pour-la-region-du-mena\/#primaryimage\",\"url\":\"\",\"contentUrl\":\"\"},{\"@type\":\"BreadcrumbList\",\"@id\":\"https:\/\/kapitalis.com\/tunisie\/2018\/07\/03\/banque-mondiale-ferid-belhaj-promu-vice-president-pour-la-region-du-mena\/#breadcrumb\",\"itemListElement\":[{\"@type\":\"ListItem\",\"position\":1,\"name\":\"Accueil\",\"item\":\"https:\/\/kapitalis.com\/tunisie\/\"},{\"@type\":\"ListItem\",\"position\":2,\"name\":\"Banque mondiale : Ferid Belhaj promu vice-pr\u00e9sident pour la r\u00e9gion du Mena\"}]},{\"@type\":\"WebSite\",\"@id\":\"https:\/\/kapitalis.com\/tunisie\/#website\",\"url\":\"https:\/\/kapitalis.com\/tunisie\/\",\"name\":\"Kapitalis\",\"description\":\"L&#039;actualit\u00e9 en Tunisie et dans le monde\",\"publisher\":{\"@id\":\"https:\/\/kapitalis.com\/tunisie\/#organization\"},\"potentialAction\":[{\"@type\":\"SearchAction\",\"target\":{\"@type\":\"EntryPoint\",\"urlTemplate\":\"https:\/\/kapitalis.com\/tunisie\/?s={search_term_string}\"},\"query-input\":{\"@type\":\"PropertyValueSpecification\",\"valueRequired\":true,\"valueName\":\"search_term_string\"}}],\"inLanguage\":\"fr-FR\"},{\"@type\":\"Organization\",\"@id\":\"https:\/\/kapitalis.com\/tunisie\/#organization\",\"name\":\"Kapitalis\",\"url\":\"https:\/\/kapitalis.com\/tunisie\/\",\"logo\":{\"@type\":\"ImageObject\",\"inLanguage\":\"fr-FR\",\"@id\":\"https:\/\/kapitalis.com\/tunisie\/#\/schema\/logo\/image\/\",\"url\":\"https:\/\/kapitalis.com\/tunisie\/wp-content\/uploads\/2022\/05\/Kapitalis-big-size.png\",\"contentUrl\":\"https:\/\/kapitalis.com\/tunisie\/wp-content\/uploads\/2022\/05\/Kapitalis-big-size.png\",\"width\":5000,\"height\":1500,\"caption\":\"Kapitalis\"},\"image\":{\"@id\":\"https:\/\/kapitalis.com\/tunisie\/#\/schema\/logo\/image\/\"},\"sameAs\":[\"https:\/\/www.facebook.com\/KapitalisInfo\/\",\"https:\/\/x.com\/KapitalisInfo\",\"https:\/\/www.youtube.com\/channel\/UC-yDYrHyfFBWWZaOw3FPg9Q\"]},{\"@type\":\"Person\",\"@id\":\"https:\/\/kapitalis.com\/tunisie\/#\/schema\/person\/2c6e134b2f3369dffcd1daf5f087d28b\",\"name\":\"emna benabdallah\",\"url\":\"https:\/\/kapitalis.com\/tunisie\/author\/emna\/\"}]}<\/script>\n<!-- \/ Yoast SEO plugin. -->","yoast_head_json":{"title":"Banque mondiale : Ferid Belhaj promu vice-pr\u00e9sident pour la r\u00e9gion du Mena - Kapitalis","robots":{"index":"index","follow":"follow","max-snippet":"max-snippet:-1","max-image-preview":"max-image-preview:large","max-video-preview":"max-video-preview:-1"},"canonical":"https:\/\/kapitalis.com\/tunisie\/2018\/07\/03\/banque-mondiale-ferid-belhaj-promu-vice-president-pour-la-region-du-mena\/","og_locale":"fr_FR","og_type":"article","og_title":"Banque mondiale : Ferid Belhaj promu vice-pr\u00e9sident pour la r\u00e9gion du Mena - Kapitalis","og_description":"Le Tunisien Ferid Belhaj a officiellement pris ses fonctions, lundi 1er juillet 2018, en tant que vice-pr\u00e9sident de la Banque mondiale\u00a0pour la r\u00e9gion Moyen-Orient et Afrique du Nord (Mena).","og_url":"https:\/\/kapitalis.com\/tunisie\/2018\/07\/03\/banque-mondiale-ferid-belhaj-promu-vice-president-pour-la-region-du-mena\/","og_site_name":"Kapitalis","article_publisher":"https:\/\/www.facebook.com\/KapitalisInfo\/","article_published_time":"2018-07-03T11:46:46+00:00","og_image":[{"width":1200,"height":630,"url":"https:\/\/kapitalis.com\/tunisie\/wp-content\/uploads\/2022\/05\/kapitalis-logo-fb.png","type":"image\/png"}],"author":"emna benabdallah","twitter_card":"summary_large_image","twitter_creator":"@KapitalisInfo","twitter_site":"@KapitalisInfo","twitter_misc":{"\u00c9crit par":"emna benabdallah","Dur\u00e9e de lecture estim\u00e9e":"1 minute"},"schema":{"@context":"https:\/\/schema.org","@graph":[{"@type":"Article","@id":"https:\/\/kapitalis.com\/tunisie\/2018\/07\/03\/banque-mondiale-ferid-belhaj-promu-vice-president-pour-la-region-du-mena\/#article","isPartOf":{"@id":"https:\/\/kapitalis.com\/tunisie\/2018\/07\/03\/banque-mondiale-ferid-belhaj-promu-vice-president-pour-la-region-du-mena\/"},"author":{"name":"emna benabdallah","@id":"https:\/\/kapitalis.com\/tunisie\/#\/schema\/person\/2c6e134b2f3369dffcd1daf5f087d28b"},"headline":"Banque mondiale : Ferid Belhaj promu vice-pr\u00e9sident pour la r\u00e9gion du Mena","datePublished":"2018-07-03T11:46:46+00:00","mainEntityOfPage":{"@id":"https:\/\/kapitalis.com\/tunisie\/2018\/07\/03\/banque-mondiale-ferid-belhaj-promu-vice-president-pour-la-region-du-mena\/"},"wordCount":284,"commentCount":0,"publisher":{"@id":"https:\/\/kapitalis.com\/tunisie\/#organization"},"image":{"@id":"https:\/\/kapitalis.com\/tunisie\/2018\/07\/03\/banque-mondiale-ferid-belhaj-promu-vice-president-pour-la-region-du-mena\/#primaryimage"},"thumbnailUrl":"","keywords":["Banque Mondiale","Daech","Ferid Belhaj","Mena","Tunisien"],"articleSection":["ECONOMIE","Tunisie"],"inLanguage":"fr-FR","potentialAction":[{"@type":"CommentAction","name":"Comment","target":["https:\/\/kapitalis.com\/tunisie\/2018\/07\/03\/banque-mondiale-ferid-belhaj-promu-vice-president-pour-la-region-du-mena\/#respond"]}]},{"@type":"WebPage","@id":"https:\/\/kapitalis.com\/tunisie\/2018\/07\/03\/banque-mondiale-ferid-belhaj-promu-vice-president-pour-la-region-du-mena\/","url":"https:\/\/kapitalis.com\/tunisie\/2018\/07\/03\/banque-mondiale-ferid-belhaj-promu-vice-president-pour-la-region-du-mena\/","name":"Banque mondiale : Ferid Belhaj promu vice-pr\u00e9sident pour la r\u00e9gion du Mena - Kapitalis","isPartOf":{"@id":"https:\/\/kapitalis.com\/tunisie\/#website"},"primaryImageOfPage":{"@id":"https:\/\/kapitalis.com\/tunisie\/2018\/07\/03\/banque-mondiale-ferid-belhaj-promu-vice-president-pour-la-region-du-mena\/#primaryimage"},"image":{"@id":"https:\/\/kapitalis.com\/tunisie\/2018\/07\/03\/banque-mondiale-ferid-belhaj-promu-vice-president-pour-la-region-du-mena\/#primaryimage"},"thumbnailUrl":"","datePublished":"2018-07-03T11:46:46+00:00","breadcrumb":{"@id":"https:\/\/kapitalis.com\/tunisie\/2018\/07\/03\/banque-mondiale-ferid-belhaj-promu-vice-president-pour-la-region-du-mena\/#breadcrumb"},"inLanguage":"fr-FR","potentialAction":[{"@type":"ReadAction","target":["https:\/\/kapitalis.com\/tunisie\/2018\/07\/03\/banque-mondiale-ferid-belhaj-promu-vice-president-pour-la-region-du-mena\/"]}]},{"@type":"ImageObject","inLanguage":"fr-FR","@id":"https:\/\/kapitalis.com\/tunisie\/2018\/07\/03\/banque-mondiale-ferid-belhaj-promu-vice-president-pour-la-region-du-mena\/#primaryimage","url":"","contentUrl":""},{"@type":"BreadcrumbList","@id":"https:\/\/kapitalis.com\/tunisie\/2018\/07\/03\/banque-mondiale-ferid-belhaj-promu-vice-president-pour-la-region-du-mena\/#breadcrumb","itemListElement":[{"@type":"ListItem","position":1,"name":"Accueil","item":"https:\/\/kapitalis.com\/tunisie\/"},{"@type":"ListItem","position":2,"name":"Banque mondiale : Ferid Belhaj promu vice-pr\u00e9sident pour la r\u00e9gion du Mena"}]},{"@type":"WebSite","@id":"https:\/\/kapitalis.com\/tunisie\/#website","url":"https:\/\/kapitalis.com\/tunisie\/","name":"Kapitalis","description":"L&#039;actualit\u00e9 en Tunisie et dans le monde","publisher":{"@id":"https:\/\/kapitalis.com\/tunisie\/#organization"},"potentialAction":[{"@type":"SearchAction","target":{"@type":"EntryPoint","urlTemplate":"https:\/\/kapitalis.com\/tunisie\/?s={search_term_string}"},"query-input":{"@type":"PropertyValueSpecification","valueRequired":true,"valueName":"search_term_string"}}],"inLanguage":"fr-FR"},{"@type":"Organization","@id":"https:\/\/kapitalis.com\/tunisie\/#organization","name":"Kapitalis","url":"https:\/\/kapitalis.com\/tunisie\/","logo":{"@type":"ImageObject","inLanguage":"fr-FR","@id":"https:\/\/kapitalis.com\/tunisie\/#\/schema\/logo\/image\/","url":"https:\/\/kapitalis.com\/tunisie\/wp-content\/uploads\/2022\/05\/Kapitalis-big-size.png","contentUrl":"https:\/\/kapitalis.com\/tunisie\/wp-content\/uploads\/2022\/05\/Kapitalis-big-size.png","width":5000,"height":1500,"caption":"Kapitalis"},"image":{"@id":"https:\/\/kapitalis.com\/tunisie\/#\/schema\/logo\/image\/"},"sameAs":["https:\/\/www.facebook.com\/KapitalisInfo\/","https:\/\/x.com\/KapitalisInfo","https:\/\/www.youtube.com\/channel\/UC-yDYrHyfFBWWZaOw3FPg9Q"]},{"@type":"Person","@id":"https:\/\/kapitalis.com\/tunisie\/#\/schema\/person\/2c6e134b2f3369dffcd1daf5f087d28b","name":"emna benabdallah","url":"https:\/\/kapitalis.com\/tunisie\/author\/emna\/"}]}},"_links":{"self":[{"href":"https:\/\/kapitalis.com\/tunisie\/wp-json\/wp\/v2\/posts\/162779","targetHints":{"allow":["GET"]}}],"collection":[{"href":"https:\/\/kapitalis.com\/tunisie\/wp-json\/wp\/v2\/posts"}],"about":[{"href":"https:\/\/kapitalis.com\/tunisie\/wp-json\/wp\/v2\/types\/post"}],"author":[{"embeddable":true,"href":"https:\/\/kapitalis.com\/tunisie\/wp-json\/wp\/v2\/users\/16"}],"replies":[{"embeddable":true,"href":"https:\/\/kapitalis.com\/tunisie\/wp-json\/wp\/v2\/comments?post=162779"}],"version-history":[{"count":0,"href":"https:\/\/kapitalis.com\/tunisie\/wp-json\/wp\/v2\/posts\/162779\/revisions"}],"wp:featuredmedia":[{"embeddable":true,"href":"https:\/\/kapitalis.com\/tunisie\/wp-json\/wp\/v2\/media\/162780"}],"wp:attachment":[{"href":"https:\/\/kapitalis.com\/tunisie\/wp-json\/wp\/v2\/media?parent=162779"}],"wp:term":[{"taxonomy":"category","embeddable":true,"href":"https:\/\/kapitalis.com\/tunisie\/wp-json\/wp\/v2\/categories?post=162779"},{"taxonomy":"post_tag","embeddable":true,"href":"https:\/\/kapitalis.com\/tunisie\/wp-json\/wp\/v2\/tags?post=162779"}],"curies":[{"name":"wp","href":"https:\/\/api.w.org\/{rel}","templated":true}]}}