{"id":16280034,"date":"2025-04-25T11:55:07","date_gmt":"2025-04-25T10:55:07","guid":{"rendered":"https:\/\/kapitalis.com\/tunisie\/?p=16280034"},"modified":"2025-04-25T11:58:51","modified_gmt":"2025-04-25T10:58:51","slug":"ahmed-souab-ecrit-de-sa-prison-jai-ete-je-suis-et-je-resterai-une-voix-libre","status":"publish","type":"post","link":"https:\/\/kapitalis.com\/tunisie\/2025\/04\/25\/ahmed-souab-ecrit-de-sa-prison-jai-ete-je-suis-et-je-resterai-une-voix-libre\/","title":{"rendered":"Ahmed Souab \u00e9crit de sa prison | \u00abJ\u2019ai \u00e9t\u00e9, je suis et je resterai une voix libre\u00bb"},"content":{"rendered":"\n<p><strong><em>Nous reproduisons ci-dessous la lettre en date du 24 avril 2025, envoy\u00e9e de l\u2019int\u00e9rieur de la prison de Mornaguia, par Me Ahmed Souab et diffus\u00e9e sur les r\u00e9seaux sociaux par l\u2019un de ses avocats Me <\/em><\/strong><strong><em>Sami Ben Ghazi<\/em><\/strong><strong><em>.<\/em><\/strong><\/p>\n\n\n\n<!--more-->\n\n\n\n<p><em>\u00abCes mots que j\u2019\u00e9cris ne visent ni \u00e0 susciter de la sympathie, ni \u00e0 fuir mes responsabilit\u00e9s, ni \u00e0 justifier une parole. Ceux qui me connaissent savent combien j\u2019ai toujours \u00e9t\u00e9 ferme dans mes positions et r\u00e9solu dans mon attachement aux valeurs auxquelles j\u2019ai consacr\u00e9 ma vie \u2014 et dont je paie aujourd\u2019hui le prix par la perte de ma libert\u00e9.<\/em><\/p>\n\n\n\n<p><em>Je d\u00e9crivais, en connaissance de cause, l\u2019\u00e9tat de la justice et les d\u00e9rives qui l\u2019ont affect\u00e9e. Mais jamais je n\u2019aurais imagin\u00e9 que des appareils d\u2019un \u00c9tat puissent se mettre en branle sous l\u2019effet d\u2019une campagne de diabolisation et de calomnie men\u00e9e par une bande \u00e0 peine capable d\u2019aligner deux phrases, incapable de distinguer entre les outils de la rh\u00e9torique et ceux du labour, et qui ne sait faire la diff\u00e9rence entre un discours descriptif direct et un discours recourant \u00e0 la m\u00e9taphore, \u00e0 l\u2019antith\u00e8se, \u00e0 la suggestion ou \u00e0 l\u2019ironie\u2026<\/em><\/p>\n\n\n\n<p><em>Le pouvoir, qui s\u2019est arrog\u00e9 la libert\u00e9 d\u2019agir \u00e0 sa guise sur tout, va-t-il aussi s\u2019arroger le droit de choisir \u00e0 notre place nos convictions, nos positions civilisationnelles, intellectuelles et politiques? A-t-il aussi le pouvoir de d\u00e9signer ses terroristes \u00e0 sa convenance?<\/em><\/p>\n\n\n\n<p><em>Celui qui ne veut pas comprendre ne sera jamais convaincu, m\u00eame par l\u2019\u00e9vidence. Celui qui veut exclure trouvera toujours des pr\u00e9textes. Et celui qui est incapable de r\u00e9pondre par l\u2019argument ne lui reste que l\u2019attaque contre son auteur.<\/em><\/p>\n\n\n<div class=\"wp-block-image\">\n<figure class=\"aligncenter size-full\"><img loading=\"lazy\" decoding=\"async\" width=\"800\" height=\"500\" src=\"https:\/\/kapitalis.com\/tunisie\/wp-content\/uploads\/2025\/04\/Lettre-Ahmed-Souab.jpg\" alt=\"\" class=\"wp-image-16280095\" srcset=\"https:\/\/kapitalis.com\/tunisie\/wp-content\/uploads\/2025\/04\/Lettre-Ahmed-Souab.jpg 800w, https:\/\/kapitalis.com\/tunisie\/wp-content\/uploads\/2025\/04\/Lettre-Ahmed-Souab-300x188.jpg 300w, https:\/\/kapitalis.com\/tunisie\/wp-content\/uploads\/2025\/04\/Lettre-Ahmed-Souab-768x480.jpg 768w, https:\/\/kapitalis.com\/tunisie\/wp-content\/uploads\/2025\/04\/Lettre-Ahmed-Souab-580x363.jpg 580w\" sizes=\"auto, (max-width: 800px) 100vw, 800px\" \/><\/figure>\n<\/div>\n\n\n<p><em>J\u2019ai \u00e9t\u00e9, je suis et je resterai une voix libre, porteuse d\u2019une opinion que j\u2019exprime avec courage et responsabilit\u00e9. On ne m\u2019a jamais connu pour avoir appel\u00e9 \u00e0 la violence, ni pour l\u2019avoir justifi\u00e9e ou encourag\u00e9e.<\/em><\/p>\n\n\n\n<p><em>Toute ma gratitude \u00e0 ceux qui ont dit une parole de v\u00e9rit\u00e9 \u00e0 mon sujet, et qui ont d\u00e9nonc\u00e9 l\u2019injustice et la diffamation dont j\u2019ai \u00e9t\u00e9 victime.<\/em><\/p>\n\n\n\n<p><em>Merci aux dizaines d\u2019avocats courageux qui ont assist\u00e9 \u00e0 l\u2019audience de mercredi et ont insist\u00e9 sur le respect des droits de la d\u00e9fense. Merci \u00e0 la section de Tunis de l\u2019Ordre des avocats, merci \u00e0 la grande organisation de Hached, l\u2019Union g\u00e9n\u00e9rale tunisienne du travail, merci aux organisations de la soci\u00e9t\u00e9 civile et \u00e0 ce qu\u2019il reste des fragments d\u2019une presse libre. Merci aux supporters du club du c\u0153ur, le Stade Tunisien.<\/em><\/p>\n\n\n\n<p><em>Vive la Tunisie\u00bb.<\/em><\/p>\n\n\n\n<figure class=\"wp-block-embed is-type-wp-embed is-provider-kapitalis wp-block-embed-kapitalis\"><div class=\"wp-block-embed__wrapper\">\n<blockquote class=\"wp-embedded-content\" data-secret=\"aUcG1yD6wy\"><a href=\"https:\/\/kapitalis.com\/tunisie\/2025\/04\/24\/visite-a-me-souab-en-prison-moral-au-beau-fixe-et-appel-a-la-mobilisation\/\">Visite \u00e0 Me Souab en prison | \u00abMoral au beau fixe et appel \u00e0 la mobilisation\u00bb<\/a><\/blockquote><iframe loading=\"lazy\" class=\"wp-embedded-content\" sandbox=\"allow-scripts\" security=\"restricted\" style=\"position: absolute; visibility: hidden;\" title=\"\u00ab\u00a0Visite \u00e0 Me Souab en prison | \u00abMoral au beau fixe et appel \u00e0 la mobilisation\u00bb\u00a0\u00bb &#8212; Kapitalis\" src=\"https:\/\/kapitalis.com\/tunisie\/2025\/04\/24\/visite-a-me-souab-en-prison-moral-au-beau-fixe-et-appel-a-la-mobilisation\/embed\/#?secret=KC2jfyrnrU#?secret=aUcG1yD6wy\" data-secret=\"aUcG1yD6wy\" width=\"600\" height=\"338\" frameborder=\"0\" marginwidth=\"0\" marginheight=\"0\" scrolling=\"no\"><\/iframe>\n<\/div><\/figure>\n","protected":false},"excerpt":{"rendered":"<p>Texte de la lettre en date du 24 avril 2025, envoy\u00e9e de l\u2019int\u00e9rieur de la prison de Mornaguia, par Me Ahmed Souab. <\/p>\n","protected":false},"author":8,"featured_media":16268374,"comment_status":"open","ping_status":"open","sticky":false,"template":"","format":"standard","meta":{"footnotes":""},"categories":[997,1000,2433],"tags":[1792,64355,116784,2579,936],"class_list":["post-16280034","post","type-post","status-publish","format-standard","has-post-thumbnail","hentry","category-politique","category-tribune","category-tunisie","tag-ahmed-souab","tag-justice","tag-sami-ben-ghazi","tag-stade-tunisien","tag-ugtt"],"yoast_head":"<!-- This site is optimized with the Yoast SEO plugin v26.6 - https:\/\/yoast.com\/wordpress\/plugins\/seo\/ -->\n<title>Ahmed Souab \u00e9crit de sa prison | \u00abJ\u2019ai \u00e9t\u00e9, je suis et je resterai une voix libre\u00bb - Kapitalis<\/title>\n<meta name=\"robots\" content=\"index, follow, max-snippet:-1, max-image-preview:large, max-video-preview:-1\" \/>\n<link rel=\"canonical\" href=\"https:\/\/kapitalis.com\/tunisie\/2025\/04\/25\/ahmed-souab-ecrit-de-sa-prison-jai-ete-je-suis-et-je-resterai-une-voix-libre\/\" \/>\n<meta property=\"og:locale\" content=\"fr_FR\" \/>\n<meta property=\"og:type\" content=\"article\" \/>\n<meta property=\"og:title\" content=\"Ahmed Souab \u00e9crit de sa prison | \u00abJ\u2019ai \u00e9t\u00e9, je suis et je resterai une voix libre\u00bb - Kapitalis\" \/>\n<meta property=\"og:description\" content=\"Texte de la lettre en date du 24 avril 2025, envoy\u00e9e de l\u2019int\u00e9rieur de la prison de Mornaguia, par Me Ahmed Souab.\" \/>\n<meta property=\"og:url\" content=\"https:\/\/kapitalis.com\/tunisie\/2025\/04\/25\/ahmed-souab-ecrit-de-sa-prison-jai-ete-je-suis-et-je-resterai-une-voix-libre\/\" \/>\n<meta property=\"og:site_name\" content=\"Kapitalis\" \/>\n<meta property=\"article:publisher\" content=\"https:\/\/www.facebook.com\/KapitalisInfo\/\" \/>\n<meta property=\"article:published_time\" content=\"2025-04-25T10:55:07+00:00\" \/>\n<meta property=\"article:modified_time\" content=\"2025-04-25T10:58:51+00:00\" \/>\n<meta property=\"og:image\" content=\"https:\/\/kapitalis.com\/tunisie\/wp-content\/uploads\/2025\/04\/Ahmed-Souab.jpg\" \/>\n\t<meta property=\"og:image:width\" content=\"1200\" \/>\n\t<meta property=\"og:image:height\" content=\"630\" \/>\n\t<meta property=\"og:image:type\" content=\"image\/jpeg\" \/>\n<meta name=\"author\" content=\"webmaster kapitalis\" \/>\n<meta name=\"twitter:card\" content=\"summary_large_image\" \/>\n<meta name=\"twitter:creator\" content=\"@KapitalisInfo\" \/>\n<meta name=\"twitter:site\" content=\"@KapitalisInfo\" \/>\n<meta name=\"twitter:label1\" content=\"\u00c9crit par\" \/>\n\t<meta name=\"twitter:data1\" content=\"webmaster kapitalis\" \/>\n\t<meta name=\"twitter:label2\" content=\"Dur\u00e9e de lecture estim\u00e9e\" \/>\n\t<meta name=\"twitter:data2\" content=\"3 minutes\" \/>\n<script type=\"application\/ld+json\" class=\"yoast-schema-graph\">{\"@context\":\"https:\/\/schema.org\",\"@graph\":[{\"@type\":\"Article\",\"@id\":\"https:\/\/kapitalis.com\/tunisie\/2025\/04\/25\/ahmed-souab-ecrit-de-sa-prison-jai-ete-je-suis-et-je-resterai-une-voix-libre\/#article\",\"isPartOf\":{\"@id\":\"https:\/\/kapitalis.com\/tunisie\/2025\/04\/25\/ahmed-souab-ecrit-de-sa-prison-jai-ete-je-suis-et-je-resterai-une-voix-libre\/\"},\"author\":{\"name\":\"webmaster kapitalis\",\"@id\":\"https:\/\/kapitalis.com\/tunisie\/#\/schema\/person\/d71f33a9ca44f7bad4698210b480c8e9\"},\"headline\":\"Ahmed Souab \u00e9crit de sa prison | \u00abJ\u2019ai \u00e9t\u00e9, je suis et je resterai une voix libre\u00bb\",\"datePublished\":\"2025-04-25T10:55:07+00:00\",\"dateModified\":\"2025-04-25T10:58:51+00:00\",\"mainEntityOfPage\":{\"@id\":\"https:\/\/kapitalis.com\/tunisie\/2025\/04\/25\/ahmed-souab-ecrit-de-sa-prison-jai-ete-je-suis-et-je-resterai-une-voix-libre\/\"},\"wordCount\":469,\"commentCount\":2,\"publisher\":{\"@id\":\"https:\/\/kapitalis.com\/tunisie\/#organization\"},\"image\":{\"@id\":\"https:\/\/kapitalis.com\/tunisie\/2025\/04\/25\/ahmed-souab-ecrit-de-sa-prison-jai-ete-je-suis-et-je-resterai-une-voix-libre\/#primaryimage\"},\"thumbnailUrl\":\"https:\/\/kapitalis.com\/tunisie\/wp-content\/uploads\/2025\/04\/Ahmed-Souab.jpg\",\"keywords\":[\"Ahmed Souab\",\"justice\",\"Sami Ben Ghazi\",\"Stade tunisien\",\"UGTT\"],\"articleSection\":[\"POLITIQUE\",\"TRIBUNE\",\"Tunisie\"],\"inLanguage\":\"fr-FR\",\"potentialAction\":[{\"@type\":\"CommentAction\",\"name\":\"Comment\",\"target\":[\"https:\/\/kapitalis.com\/tunisie\/2025\/04\/25\/ahmed-souab-ecrit-de-sa-prison-jai-ete-je-suis-et-je-resterai-une-voix-libre\/#respond\"]}]},{\"@type\":\"WebPage\",\"@id\":\"https:\/\/kapitalis.com\/tunisie\/2025\/04\/25\/ahmed-souab-ecrit-de-sa-prison-jai-ete-je-suis-et-je-resterai-une-voix-libre\/\",\"url\":\"https:\/\/kapitalis.com\/tunisie\/2025\/04\/25\/ahmed-souab-ecrit-de-sa-prison-jai-ete-je-suis-et-je-resterai-une-voix-libre\/\",\"name\":\"Ahmed Souab \u00e9crit de sa prison | \u00abJ\u2019ai \u00e9t\u00e9, je suis et je resterai une voix libre\u00bb - Kapitalis\",\"isPartOf\":{\"@id\":\"https:\/\/kapitalis.com\/tunisie\/#website\"},\"primaryImageOfPage\":{\"@id\":\"https:\/\/kapitalis.com\/tunisie\/2025\/04\/25\/ahmed-souab-ecrit-de-sa-prison-jai-ete-je-suis-et-je-resterai-une-voix-libre\/#primaryimage\"},\"image\":{\"@id\":\"https:\/\/kapitalis.com\/tunisie\/2025\/04\/25\/ahmed-souab-ecrit-de-sa-prison-jai-ete-je-suis-et-je-resterai-une-voix-libre\/#primaryimage\"},\"thumbnailUrl\":\"https:\/\/kapitalis.com\/tunisie\/wp-content\/uploads\/2025\/04\/Ahmed-Souab.jpg\",\"datePublished\":\"2025-04-25T10:55:07+00:00\",\"dateModified\":\"2025-04-25T10:58:51+00:00\",\"breadcrumb\":{\"@id\":\"https:\/\/kapitalis.com\/tunisie\/2025\/04\/25\/ahmed-souab-ecrit-de-sa-prison-jai-ete-je-suis-et-je-resterai-une-voix-libre\/#breadcrumb\"},\"inLanguage\":\"fr-FR\",\"potentialAction\":[{\"@type\":\"ReadAction\",\"target\":[\"https:\/\/kapitalis.com\/tunisie\/2025\/04\/25\/ahmed-souab-ecrit-de-sa-prison-jai-ete-je-suis-et-je-resterai-une-voix-libre\/\"]}]},{\"@type\":\"ImageObject\",\"inLanguage\":\"fr-FR\",\"@id\":\"https:\/\/kapitalis.com\/tunisie\/2025\/04\/25\/ahmed-souab-ecrit-de-sa-prison-jai-ete-je-suis-et-je-resterai-une-voix-libre\/#primaryimage\",\"url\":\"https:\/\/kapitalis.com\/tunisie\/wp-content\/uploads\/2025\/04\/Ahmed-Souab.jpg\",\"contentUrl\":\"https:\/\/kapitalis.com\/tunisie\/wp-content\/uploads\/2025\/04\/Ahmed-Souab.jpg\",\"width\":1200,\"height\":630},{\"@type\":\"BreadcrumbList\",\"@id\":\"https:\/\/kapitalis.com\/tunisie\/2025\/04\/25\/ahmed-souab-ecrit-de-sa-prison-jai-ete-je-suis-et-je-resterai-une-voix-libre\/#breadcrumb\",\"itemListElement\":[{\"@type\":\"ListItem\",\"position\":1,\"name\":\"Accueil\",\"item\":\"https:\/\/kapitalis.com\/tunisie\/\"},{\"@type\":\"ListItem\",\"position\":2,\"name\":\"Ahmed Souab \u00e9crit de sa prison | \u00abJ\u2019ai \u00e9t\u00e9, je suis et je resterai une voix libre\u00bb\"}]},{\"@type\":\"WebSite\",\"@id\":\"https:\/\/kapitalis.com\/tunisie\/#website\",\"url\":\"https:\/\/kapitalis.com\/tunisie\/\",\"name\":\"Kapitalis\",\"description\":\"L&#039;actualit\u00e9 en Tunisie et dans le monde\",\"publisher\":{\"@id\":\"https:\/\/kapitalis.com\/tunisie\/#organization\"},\"potentialAction\":[{\"@type\":\"SearchAction\",\"target\":{\"@type\":\"EntryPoint\",\"urlTemplate\":\"https:\/\/kapitalis.com\/tunisie\/?s={search_term_string}\"},\"query-input\":{\"@type\":\"PropertyValueSpecification\",\"valueRequired\":true,\"valueName\":\"search_term_string\"}}],\"inLanguage\":\"fr-FR\"},{\"@type\":\"Organization\",\"@id\":\"https:\/\/kapitalis.com\/tunisie\/#organization\",\"name\":\"Kapitalis\",\"url\":\"https:\/\/kapitalis.com\/tunisie\/\",\"logo\":{\"@type\":\"ImageObject\",\"inLanguage\":\"fr-FR\",\"@id\":\"https:\/\/kapitalis.com\/tunisie\/#\/schema\/logo\/image\/\",\"url\":\"https:\/\/kapitalis.com\/tunisie\/wp-content\/uploads\/2022\/05\/Kapitalis-big-size.png\",\"contentUrl\":\"https:\/\/kapitalis.com\/tunisie\/wp-content\/uploads\/2022\/05\/Kapitalis-big-size.png\",\"width\":5000,\"height\":1500,\"caption\":\"Kapitalis\"},\"image\":{\"@id\":\"https:\/\/kapitalis.com\/tunisie\/#\/schema\/logo\/image\/\"},\"sameAs\":[\"https:\/\/www.facebook.com\/KapitalisInfo\/\",\"https:\/\/x.com\/KapitalisInfo\",\"https:\/\/www.youtube.com\/channel\/UC-yDYrHyfFBWWZaOw3FPg9Q\"]},{\"@type\":\"Person\",\"@id\":\"https:\/\/kapitalis.com\/tunisie\/#\/schema\/person\/d71f33a9ca44f7bad4698210b480c8e9\",\"name\":\"webmaster kapitalis\",\"url\":\"https:\/\/kapitalis.com\/tunisie\/author\/webmaster-kapitalis\/\"}]}<\/script>\n<!-- \/ Yoast SEO plugin. -->","yoast_head_json":{"title":"Ahmed Souab \u00e9crit de sa prison | \u00abJ\u2019ai \u00e9t\u00e9, je suis et je resterai une voix libre\u00bb - Kapitalis","robots":{"index":"index","follow":"follow","max-snippet":"max-snippet:-1","max-image-preview":"max-image-preview:large","max-video-preview":"max-video-preview:-1"},"canonical":"https:\/\/kapitalis.com\/tunisie\/2025\/04\/25\/ahmed-souab-ecrit-de-sa-prison-jai-ete-je-suis-et-je-resterai-une-voix-libre\/","og_locale":"fr_FR","og_type":"article","og_title":"Ahmed Souab \u00e9crit de sa prison | \u00abJ\u2019ai \u00e9t\u00e9, je suis et je resterai une voix libre\u00bb - Kapitalis","og_description":"Texte de la lettre en date du 24 avril 2025, envoy\u00e9e de l\u2019int\u00e9rieur de la prison de Mornaguia, par Me Ahmed Souab.","og_url":"https:\/\/kapitalis.com\/tunisie\/2025\/04\/25\/ahmed-souab-ecrit-de-sa-prison-jai-ete-je-suis-et-je-resterai-une-voix-libre\/","og_site_name":"Kapitalis","article_publisher":"https:\/\/www.facebook.com\/KapitalisInfo\/","article_published_time":"2025-04-25T10:55:07+00:00","article_modified_time":"2025-04-25T10:58:51+00:00","og_image":[{"width":1200,"height":630,"url":"https:\/\/kapitalis.com\/tunisie\/wp-content\/uploads\/2025\/04\/Ahmed-Souab.jpg","type":"image\/jpeg"}],"author":"webmaster kapitalis","twitter_card":"summary_large_image","twitter_creator":"@KapitalisInfo","twitter_site":"@KapitalisInfo","twitter_misc":{"\u00c9crit par":"webmaster kapitalis","Dur\u00e9e de lecture estim\u00e9e":"3 minutes"},"schema":{"@context":"https:\/\/schema.org","@graph":[{"@type":"Article","@id":"https:\/\/kapitalis.com\/tunisie\/2025\/04\/25\/ahmed-souab-ecrit-de-sa-prison-jai-ete-je-suis-et-je-resterai-une-voix-libre\/#article","isPartOf":{"@id":"https:\/\/kapitalis.com\/tunisie\/2025\/04\/25\/ahmed-souab-ecrit-de-sa-prison-jai-ete-je-suis-et-je-resterai-une-voix-libre\/"},"author":{"name":"webmaster kapitalis","@id":"https:\/\/kapitalis.com\/tunisie\/#\/schema\/person\/d71f33a9ca44f7bad4698210b480c8e9"},"headline":"Ahmed Souab \u00e9crit de sa prison | \u00abJ\u2019ai \u00e9t\u00e9, je suis et je resterai une voix libre\u00bb","datePublished":"2025-04-25T10:55:07+00:00","dateModified":"2025-04-25T10:58:51+00:00","mainEntityOfPage":{"@id":"https:\/\/kapitalis.com\/tunisie\/2025\/04\/25\/ahmed-souab-ecrit-de-sa-prison-jai-ete-je-suis-et-je-resterai-une-voix-libre\/"},"wordCount":469,"commentCount":2,"publisher":{"@id":"https:\/\/kapitalis.com\/tunisie\/#organization"},"image":{"@id":"https:\/\/kapitalis.com\/tunisie\/2025\/04\/25\/ahmed-souab-ecrit-de-sa-prison-jai-ete-je-suis-et-je-resterai-une-voix-libre\/#primaryimage"},"thumbnailUrl":"https:\/\/kapitalis.com\/tunisie\/wp-content\/uploads\/2025\/04\/Ahmed-Souab.jpg","keywords":["Ahmed Souab","justice","Sami Ben Ghazi","Stade tunisien","UGTT"],"articleSection":["POLITIQUE","TRIBUNE","Tunisie"],"inLanguage":"fr-FR","potentialAction":[{"@type":"CommentAction","name":"Comment","target":["https:\/\/kapitalis.com\/tunisie\/2025\/04\/25\/ahmed-souab-ecrit-de-sa-prison-jai-ete-je-suis-et-je-resterai-une-voix-libre\/#respond"]}]},{"@type":"WebPage","@id":"https:\/\/kapitalis.com\/tunisie\/2025\/04\/25\/ahmed-souab-ecrit-de-sa-prison-jai-ete-je-suis-et-je-resterai-une-voix-libre\/","url":"https:\/\/kapitalis.com\/tunisie\/2025\/04\/25\/ahmed-souab-ecrit-de-sa-prison-jai-ete-je-suis-et-je-resterai-une-voix-libre\/","name":"Ahmed Souab \u00e9crit de sa prison | \u00abJ\u2019ai \u00e9t\u00e9, je suis et je resterai une voix libre\u00bb - Kapitalis","isPartOf":{"@id":"https:\/\/kapitalis.com\/tunisie\/#website"},"primaryImageOfPage":{"@id":"https:\/\/kapitalis.com\/tunisie\/2025\/04\/25\/ahmed-souab-ecrit-de-sa-prison-jai-ete-je-suis-et-je-resterai-une-voix-libre\/#primaryimage"},"image":{"@id":"https:\/\/kapitalis.com\/tunisie\/2025\/04\/25\/ahmed-souab-ecrit-de-sa-prison-jai-ete-je-suis-et-je-resterai-une-voix-libre\/#primaryimage"},"thumbnailUrl":"https:\/\/kapitalis.com\/tunisie\/wp-content\/uploads\/2025\/04\/Ahmed-Souab.jpg","datePublished":"2025-04-25T10:55:07+00:00","dateModified":"2025-04-25T10:58:51+00:00","breadcrumb":{"@id":"https:\/\/kapitalis.com\/tunisie\/2025\/04\/25\/ahmed-souab-ecrit-de-sa-prison-jai-ete-je-suis-et-je-resterai-une-voix-libre\/#breadcrumb"},"inLanguage":"fr-FR","potentialAction":[{"@type":"ReadAction","target":["https:\/\/kapitalis.com\/tunisie\/2025\/04\/25\/ahmed-souab-ecrit-de-sa-prison-jai-ete-je-suis-et-je-resterai-une-voix-libre\/"]}]},{"@type":"ImageObject","inLanguage":"fr-FR","@id":"https:\/\/kapitalis.com\/tunisie\/2025\/04\/25\/ahmed-souab-ecrit-de-sa-prison-jai-ete-je-suis-et-je-resterai-une-voix-libre\/#primaryimage","url":"https:\/\/kapitalis.com\/tunisie\/wp-content\/uploads\/2025\/04\/Ahmed-Souab.jpg","contentUrl":"https:\/\/kapitalis.com\/tunisie\/wp-content\/uploads\/2025\/04\/Ahmed-Souab.jpg","width":1200,"height":630},{"@type":"BreadcrumbList","@id":"https:\/\/kapitalis.com\/tunisie\/2025\/04\/25\/ahmed-souab-ecrit-de-sa-prison-jai-ete-je-suis-et-je-resterai-une-voix-libre\/#breadcrumb","itemListElement":[{"@type":"ListItem","position":1,"name":"Accueil","item":"https:\/\/kapitalis.com\/tunisie\/"},{"@type":"ListItem","position":2,"name":"Ahmed Souab \u00e9crit de sa prison | \u00abJ\u2019ai \u00e9t\u00e9, je suis et je resterai une voix libre\u00bb"}]},{"@type":"WebSite","@id":"https:\/\/kapitalis.com\/tunisie\/#website","url":"https:\/\/kapitalis.com\/tunisie\/","name":"Kapitalis","description":"L&#039;actualit\u00e9 en Tunisie et dans le monde","publisher":{"@id":"https:\/\/kapitalis.com\/tunisie\/#organization"},"potentialAction":[{"@type":"SearchAction","target":{"@type":"EntryPoint","urlTemplate":"https:\/\/kapitalis.com\/tunisie\/?s={search_term_string}"},"query-input":{"@type":"PropertyValueSpecification","valueRequired":true,"valueName":"search_term_string"}}],"inLanguage":"fr-FR"},{"@type":"Organization","@id":"https:\/\/kapitalis.com\/tunisie\/#organization","name":"Kapitalis","url":"https:\/\/kapitalis.com\/tunisie\/","logo":{"@type":"ImageObject","inLanguage":"fr-FR","@id":"https:\/\/kapitalis.com\/tunisie\/#\/schema\/logo\/image\/","url":"https:\/\/kapitalis.com\/tunisie\/wp-content\/uploads\/2022\/05\/Kapitalis-big-size.png","contentUrl":"https:\/\/kapitalis.com\/tunisie\/wp-content\/uploads\/2022\/05\/Kapitalis-big-size.png","width":5000,"height":1500,"caption":"Kapitalis"},"image":{"@id":"https:\/\/kapitalis.com\/tunisie\/#\/schema\/logo\/image\/"},"sameAs":["https:\/\/www.facebook.com\/KapitalisInfo\/","https:\/\/x.com\/KapitalisInfo","https:\/\/www.youtube.com\/channel\/UC-yDYrHyfFBWWZaOw3FPg9Q"]},{"@type":"Person","@id":"https:\/\/kapitalis.com\/tunisie\/#\/schema\/person\/d71f33a9ca44f7bad4698210b480c8e9","name":"webmaster kapitalis","url":"https:\/\/kapitalis.com\/tunisie\/author\/webmaster-kapitalis\/"}]}},"_links":{"self":[{"href":"https:\/\/kapitalis.com\/tunisie\/wp-json\/wp\/v2\/posts\/16280034","targetHints":{"allow":["GET"]}}],"collection":[{"href":"https:\/\/kapitalis.com\/tunisie\/wp-json\/wp\/v2\/posts"}],"about":[{"href":"https:\/\/kapitalis.com\/tunisie\/wp-json\/wp\/v2\/types\/post"}],"author":[{"embeddable":true,"href":"https:\/\/kapitalis.com\/tunisie\/wp-json\/wp\/v2\/users\/8"}],"replies":[{"embeddable":true,"href":"https:\/\/kapitalis.com\/tunisie\/wp-json\/wp\/v2\/comments?post=16280034"}],"version-history":[{"count":2,"href":"https:\/\/kapitalis.com\/tunisie\/wp-json\/wp\/v2\/posts\/16280034\/revisions"}],"predecessor-version":[{"id":16280096,"href":"https:\/\/kapitalis.com\/tunisie\/wp-json\/wp\/v2\/posts\/16280034\/revisions\/16280096"}],"wp:featuredmedia":[{"embeddable":true,"href":"https:\/\/kapitalis.com\/tunisie\/wp-json\/wp\/v2\/media\/16268374"}],"wp:attachment":[{"href":"https:\/\/kapitalis.com\/tunisie\/wp-json\/wp\/v2\/media?parent=16280034"}],"wp:term":[{"taxonomy":"category","embeddable":true,"href":"https:\/\/kapitalis.com\/tunisie\/wp-json\/wp\/v2\/categories?post=16280034"},{"taxonomy":"post_tag","embeddable":true,"href":"https:\/\/kapitalis.com\/tunisie\/wp-json\/wp\/v2\/tags?post=16280034"}],"curies":[{"name":"wp","href":"https:\/\/api.w.org\/{rel}","templated":true}]}}