{"id":16280481,"date":"2025-04-25T12:59:11","date_gmt":"2025-04-25T11:59:11","guid":{"rendered":"https:\/\/kapitalis.com\/tunisie\/?p=16280481"},"modified":"2025-04-25T13:10:08","modified_gmt":"2025-04-25T12:10:08","slug":"la-france-attachee-a-une-justice-independante-en-tunisie","status":"publish","type":"post","link":"https:\/\/kapitalis.com\/tunisie\/2025\/04\/25\/la-france-attachee-a-une-justice-independante-en-tunisie\/","title":{"rendered":"La France attach\u00e9e \u00e0 \u00abune justice ind\u00e9pendante en Tunisie\u00bb"},"content":{"rendered":"\n<p><strong><em>Interrog\u00e9 avant-hier, mercredi 23 avril 2025, sur les peines prononc\u00e9es dans l\u2019affaire de \u00abcomplot contre la s\u00fbret\u00e9 de l\u2019\u00c9tat\u00bb en Tunisie,&nbsp;le porte-parole du Quai d\u2019Orsay a fait part de l\u2019inqui\u00e9tude de la France. <\/em><\/strong><\/p>\n\n\n\n<!--more-->\n\n\n\n<p><em>\u00abNous avons pris connaissance avec pr\u00e9occupation des lourdes condamnations prononc\u00e9es en premi\u00e8re instance \u00e0 l\u2019encontre de nombreuses personnes accus\u00e9es de \u2018\u2018complot contre la s\u00fbret\u00e9 de l\u2019\u00c9tat\u2019\u2019, dont plusieurs ressortissants fran\u00e7ais, \u00e0 l\u2019issue de l\u2019audience du 18 avril. Nous regrettons que les conditions d\u2019un proc\u00e8s \u00e9quitable n\u2019aient pas \u00e9t\u00e9 respect\u00e9es\u00bb<\/em>, lit-on dans le <a href=\"https:\/\/www.diplomatie.gouv.fr\/fr\/dossiers-pays\/tunisie\/evenements\/article\/tunisie-q-r-extrait-du-point-de-presse-23-04-25\" target=\"_blank\" rel=\"noreferrer noopener\">communiqu\u00e9 <\/a>du Quai d\u2019Orsay. <\/p>\n\n\n\n<p><em>\u00abPlusieurs diplomates fran\u00e7ais, europ\u00e9ens et affinitaires se sont rendus au Tribunal de premi\u00e8re instance de Tunis \u00e0 l\u2019occasion des trois audiences afin de marquer l\u2019attention avec laquelle nous suivons ce dossier, dans le respect de la souverainet\u00e9 tunisienne. Les diplomates et journalistes n\u2019ont toutefois pas \u00e9t\u00e9 autoris\u00e9s \u00e0 suivre celle du 18 avril\u00bb<\/em>, a indiqu\u00e9 le porte-parole, ajoutant que <em>\u00abla France est attach\u00e9e, en Tunisie comme partout dans le monde, au droit \u00e0 un proc\u00e8s \u00e9quitable, \u00e0 une justice ind\u00e9pendante et aux libert\u00e9s d\u2019association, d\u2019expression et de r\u00e9union. L\u2019\u00c9tat de droit est partout la garantie du d\u00e9veloppement d\u2019une d\u00e9mocratie stable et prosp\u00e8re.\u00bb<\/em><\/p>\n\n\n\n<p>La France est le premier pays \u00e0 s\u2019exprimer sur le proc\u00e8s et ses d\u00e9clarations interviennent dans un contexte de critiques croissantes de la part des groupes de d\u00e9fense des droits de l\u2019homme \u00e0 l\u2019encontre du gouvernement du pr\u00e9sident Ka\u00efs Sa\u00efed accus\u00e9 de r\u00e9primer toute dissidence.<\/p>\n\n\n\n<p>L\u2019opposition tunisienne soutient que le proc\u00e8s avait \u00e9t\u00e9 fabriqu\u00e9 de toutes pi\u00e8ces et visait \u00e0 faire taire les voix critiques&nbsp;; \u00e0 r\u00e9primer la dissidence pacifique et \u00e0 consolider le r\u00e9gime autoritaire.<\/p>\n\n\n\n<p class=\"has-text-align-right\"><strong>I. B.<\/strong><\/p>\n","protected":false},"excerpt":{"rendered":"<p>La France a fait part de son inqui\u00e9tude apr\u00e8s les peines prononc\u00e9es dans l\u2019affaire de \u00abcomplot contre la s\u00fbret\u00e9 de l\u2019\u00c9tat\u00bb en Tunisie.<\/p>\n","protected":false},"author":8,"featured_media":6639972,"comment_status":"open","ping_status":"open","sticky":false,"template":"","format":"standard","meta":{"footnotes":""},"categories":[997,2433],"tags":[395,121915,106229,121916,62643],"class_list":["post-16280481","post","type-post","status-publish","format-standard","has-post-thumbnail","hentry","category-politique","category-tunisie","tag-france","tag-proces-du-complot","tag-proces-equitable","tag-quai-dorasay","tag-tunisie"],"yoast_head":"<!-- This site is optimized with the Yoast SEO plugin v26.6 - https:\/\/yoast.com\/wordpress\/plugins\/seo\/ -->\n<title>La France attach\u00e9e \u00e0 \u00abune justice ind\u00e9pendante en Tunisie\u00bb - Kapitalis<\/title>\n<meta name=\"robots\" content=\"index, follow, max-snippet:-1, max-image-preview:large, max-video-preview:-1\" \/>\n<link rel=\"canonical\" href=\"https:\/\/kapitalis.com\/tunisie\/2025\/04\/25\/la-france-attachee-a-une-justice-independante-en-tunisie\/\" \/>\n<meta property=\"og:locale\" content=\"fr_FR\" \/>\n<meta property=\"og:type\" content=\"article\" \/>\n<meta property=\"og:title\" content=\"La France attach\u00e9e \u00e0 \u00abune justice ind\u00e9pendante en Tunisie\u00bb - Kapitalis\" \/>\n<meta property=\"og:description\" content=\"La France a fait part de son inqui\u00e9tude apr\u00e8s les peines prononc\u00e9es dans l\u2019affaire de \u00abcomplot contre la s\u00fbret\u00e9 de l\u2019\u00c9tat\u00bb en Tunisie.\" \/>\n<meta property=\"og:url\" content=\"https:\/\/kapitalis.com\/tunisie\/2025\/04\/25\/la-france-attachee-a-une-justice-independante-en-tunisie\/\" \/>\n<meta property=\"og:site_name\" content=\"Kapitalis\" \/>\n<meta property=\"article:publisher\" content=\"https:\/\/www.facebook.com\/KapitalisInfo\/\" \/>\n<meta property=\"article:published_time\" content=\"2025-04-25T11:59:11+00:00\" \/>\n<meta property=\"article:modified_time\" content=\"2025-04-25T12:10:08+00:00\" \/>\n<meta property=\"og:image\" content=\"https:\/\/kapitalis.com\/tunisie\/wp-content\/uploads\/2023\/02\/Tunisie-France.jpg\" \/>\n\t<meta property=\"og:image:width\" content=\"1200\" \/>\n\t<meta property=\"og:image:height\" content=\"630\" \/>\n\t<meta property=\"og:image:type\" content=\"image\/jpeg\" \/>\n<meta name=\"author\" content=\"webmaster kapitalis\" \/>\n<meta name=\"twitter:card\" content=\"summary_large_image\" \/>\n<meta name=\"twitter:creator\" content=\"@KapitalisInfo\" \/>\n<meta name=\"twitter:site\" content=\"@KapitalisInfo\" \/>\n<meta name=\"twitter:label1\" content=\"\u00c9crit par\" \/>\n\t<meta name=\"twitter:data1\" content=\"webmaster kapitalis\" \/>\n\t<meta name=\"twitter:label2\" content=\"Dur\u00e9e de lecture estim\u00e9e\" \/>\n\t<meta name=\"twitter:data2\" content=\"2 minutes\" \/>\n<script type=\"application\/ld+json\" class=\"yoast-schema-graph\">{\"@context\":\"https:\/\/schema.org\",\"@graph\":[{\"@type\":\"Article\",\"@id\":\"https:\/\/kapitalis.com\/tunisie\/2025\/04\/25\/la-france-attachee-a-une-justice-independante-en-tunisie\/#article\",\"isPartOf\":{\"@id\":\"https:\/\/kapitalis.com\/tunisie\/2025\/04\/25\/la-france-attachee-a-une-justice-independante-en-tunisie\/\"},\"author\":{\"name\":\"webmaster kapitalis\",\"@id\":\"https:\/\/kapitalis.com\/tunisie\/#\/schema\/person\/d71f33a9ca44f7bad4698210b480c8e9\"},\"headline\":\"La France attach\u00e9e \u00e0 \u00abune justice ind\u00e9pendante en Tunisie\u00bb\",\"datePublished\":\"2025-04-25T11:59:11+00:00\",\"dateModified\":\"2025-04-25T12:10:08+00:00\",\"mainEntityOfPage\":{\"@id\":\"https:\/\/kapitalis.com\/tunisie\/2025\/04\/25\/la-france-attachee-a-une-justice-independante-en-tunisie\/\"},\"wordCount\":323,\"commentCount\":8,\"publisher\":{\"@id\":\"https:\/\/kapitalis.com\/tunisie\/#organization\"},\"image\":{\"@id\":\"https:\/\/kapitalis.com\/tunisie\/2025\/04\/25\/la-france-attachee-a-une-justice-independante-en-tunisie\/#primaryimage\"},\"thumbnailUrl\":\"https:\/\/kapitalis.com\/tunisie\/wp-content\/uploads\/2023\/02\/Tunisie-France.jpg\",\"keywords\":[\"France\",\"proc\u00e8s du complot\",\"proc\u00e8s \u00e9quitable\",\"Quai d\u2019Orasay\",\"Tunisie\"],\"articleSection\":[\"POLITIQUE\",\"Tunisie\"],\"inLanguage\":\"fr-FR\",\"potentialAction\":[{\"@type\":\"CommentAction\",\"name\":\"Comment\",\"target\":[\"https:\/\/kapitalis.com\/tunisie\/2025\/04\/25\/la-france-attachee-a-une-justice-independante-en-tunisie\/#respond\"]}]},{\"@type\":\"WebPage\",\"@id\":\"https:\/\/kapitalis.com\/tunisie\/2025\/04\/25\/la-france-attachee-a-une-justice-independante-en-tunisie\/\",\"url\":\"https:\/\/kapitalis.com\/tunisie\/2025\/04\/25\/la-france-attachee-a-une-justice-independante-en-tunisie\/\",\"name\":\"La France attach\u00e9e \u00e0 \u00abune justice ind\u00e9pendante en Tunisie\u00bb - Kapitalis\",\"isPartOf\":{\"@id\":\"https:\/\/kapitalis.com\/tunisie\/#website\"},\"primaryImageOfPage\":{\"@id\":\"https:\/\/kapitalis.com\/tunisie\/2025\/04\/25\/la-france-attachee-a-une-justice-independante-en-tunisie\/#primaryimage\"},\"image\":{\"@id\":\"https:\/\/kapitalis.com\/tunisie\/2025\/04\/25\/la-france-attachee-a-une-justice-independante-en-tunisie\/#primaryimage\"},\"thumbnailUrl\":\"https:\/\/kapitalis.com\/tunisie\/wp-content\/uploads\/2023\/02\/Tunisie-France.jpg\",\"datePublished\":\"2025-04-25T11:59:11+00:00\",\"dateModified\":\"2025-04-25T12:10:08+00:00\",\"breadcrumb\":{\"@id\":\"https:\/\/kapitalis.com\/tunisie\/2025\/04\/25\/la-france-attachee-a-une-justice-independante-en-tunisie\/#breadcrumb\"},\"inLanguage\":\"fr-FR\",\"potentialAction\":[{\"@type\":\"ReadAction\",\"target\":[\"https:\/\/kapitalis.com\/tunisie\/2025\/04\/25\/la-france-attachee-a-une-justice-independante-en-tunisie\/\"]}]},{\"@type\":\"ImageObject\",\"inLanguage\":\"fr-FR\",\"@id\":\"https:\/\/kapitalis.com\/tunisie\/2025\/04\/25\/la-france-attachee-a-une-justice-independante-en-tunisie\/#primaryimage\",\"url\":\"https:\/\/kapitalis.com\/tunisie\/wp-content\/uploads\/2023\/02\/Tunisie-France.jpg\",\"contentUrl\":\"https:\/\/kapitalis.com\/tunisie\/wp-content\/uploads\/2023\/02\/Tunisie-France.jpg\",\"width\":1200,\"height\":630},{\"@type\":\"BreadcrumbList\",\"@id\":\"https:\/\/kapitalis.com\/tunisie\/2025\/04\/25\/la-france-attachee-a-une-justice-independante-en-tunisie\/#breadcrumb\",\"itemListElement\":[{\"@type\":\"ListItem\",\"position\":1,\"name\":\"Accueil\",\"item\":\"https:\/\/kapitalis.com\/tunisie\/\"},{\"@type\":\"ListItem\",\"position\":2,\"name\":\"La France attach\u00e9e \u00e0 \u00abune justice ind\u00e9pendante en Tunisie\u00bb\"}]},{\"@type\":\"WebSite\",\"@id\":\"https:\/\/kapitalis.com\/tunisie\/#website\",\"url\":\"https:\/\/kapitalis.com\/tunisie\/\",\"name\":\"Kapitalis\",\"description\":\"L&#039;actualit\u00e9 en Tunisie et dans le monde\",\"publisher\":{\"@id\":\"https:\/\/kapitalis.com\/tunisie\/#organization\"},\"potentialAction\":[{\"@type\":\"SearchAction\",\"target\":{\"@type\":\"EntryPoint\",\"urlTemplate\":\"https:\/\/kapitalis.com\/tunisie\/?s={search_term_string}\"},\"query-input\":{\"@type\":\"PropertyValueSpecification\",\"valueRequired\":true,\"valueName\":\"search_term_string\"}}],\"inLanguage\":\"fr-FR\"},{\"@type\":\"Organization\",\"@id\":\"https:\/\/kapitalis.com\/tunisie\/#organization\",\"name\":\"Kapitalis\",\"url\":\"https:\/\/kapitalis.com\/tunisie\/\",\"logo\":{\"@type\":\"ImageObject\",\"inLanguage\":\"fr-FR\",\"@id\":\"https:\/\/kapitalis.com\/tunisie\/#\/schema\/logo\/image\/\",\"url\":\"https:\/\/kapitalis.com\/tunisie\/wp-content\/uploads\/2022\/05\/Kapitalis-big-size.png\",\"contentUrl\":\"https:\/\/kapitalis.com\/tunisie\/wp-content\/uploads\/2022\/05\/Kapitalis-big-size.png\",\"width\":5000,\"height\":1500,\"caption\":\"Kapitalis\"},\"image\":{\"@id\":\"https:\/\/kapitalis.com\/tunisie\/#\/schema\/logo\/image\/\"},\"sameAs\":[\"https:\/\/www.facebook.com\/KapitalisInfo\/\",\"https:\/\/x.com\/KapitalisInfo\",\"https:\/\/www.youtube.com\/channel\/UC-yDYrHyfFBWWZaOw3FPg9Q\"]},{\"@type\":\"Person\",\"@id\":\"https:\/\/kapitalis.com\/tunisie\/#\/schema\/person\/d71f33a9ca44f7bad4698210b480c8e9\",\"name\":\"webmaster kapitalis\",\"url\":\"https:\/\/kapitalis.com\/tunisie\/author\/webmaster-kapitalis\/\"}]}<\/script>\n<!-- \/ Yoast SEO plugin. -->","yoast_head_json":{"title":"La France attach\u00e9e \u00e0 \u00abune justice ind\u00e9pendante en Tunisie\u00bb - Kapitalis","robots":{"index":"index","follow":"follow","max-snippet":"max-snippet:-1","max-image-preview":"max-image-preview:large","max-video-preview":"max-video-preview:-1"},"canonical":"https:\/\/kapitalis.com\/tunisie\/2025\/04\/25\/la-france-attachee-a-une-justice-independante-en-tunisie\/","og_locale":"fr_FR","og_type":"article","og_title":"La France attach\u00e9e \u00e0 \u00abune justice ind\u00e9pendante en Tunisie\u00bb - Kapitalis","og_description":"La France a fait part de son inqui\u00e9tude apr\u00e8s les peines prononc\u00e9es dans l\u2019affaire de \u00abcomplot contre la s\u00fbret\u00e9 de l\u2019\u00c9tat\u00bb en Tunisie.","og_url":"https:\/\/kapitalis.com\/tunisie\/2025\/04\/25\/la-france-attachee-a-une-justice-independante-en-tunisie\/","og_site_name":"Kapitalis","article_publisher":"https:\/\/www.facebook.com\/KapitalisInfo\/","article_published_time":"2025-04-25T11:59:11+00:00","article_modified_time":"2025-04-25T12:10:08+00:00","og_image":[{"width":1200,"height":630,"url":"https:\/\/kapitalis.com\/tunisie\/wp-content\/uploads\/2023\/02\/Tunisie-France.jpg","type":"image\/jpeg"}],"author":"webmaster kapitalis","twitter_card":"summary_large_image","twitter_creator":"@KapitalisInfo","twitter_site":"@KapitalisInfo","twitter_misc":{"\u00c9crit par":"webmaster kapitalis","Dur\u00e9e de lecture estim\u00e9e":"2 minutes"},"schema":{"@context":"https:\/\/schema.org","@graph":[{"@type":"Article","@id":"https:\/\/kapitalis.com\/tunisie\/2025\/04\/25\/la-france-attachee-a-une-justice-independante-en-tunisie\/#article","isPartOf":{"@id":"https:\/\/kapitalis.com\/tunisie\/2025\/04\/25\/la-france-attachee-a-une-justice-independante-en-tunisie\/"},"author":{"name":"webmaster kapitalis","@id":"https:\/\/kapitalis.com\/tunisie\/#\/schema\/person\/d71f33a9ca44f7bad4698210b480c8e9"},"headline":"La France attach\u00e9e \u00e0 \u00abune justice ind\u00e9pendante en Tunisie\u00bb","datePublished":"2025-04-25T11:59:11+00:00","dateModified":"2025-04-25T12:10:08+00:00","mainEntityOfPage":{"@id":"https:\/\/kapitalis.com\/tunisie\/2025\/04\/25\/la-france-attachee-a-une-justice-independante-en-tunisie\/"},"wordCount":323,"commentCount":8,"publisher":{"@id":"https:\/\/kapitalis.com\/tunisie\/#organization"},"image":{"@id":"https:\/\/kapitalis.com\/tunisie\/2025\/04\/25\/la-france-attachee-a-une-justice-independante-en-tunisie\/#primaryimage"},"thumbnailUrl":"https:\/\/kapitalis.com\/tunisie\/wp-content\/uploads\/2023\/02\/Tunisie-France.jpg","keywords":["France","proc\u00e8s du complot","proc\u00e8s \u00e9quitable","Quai d\u2019Orasay","Tunisie"],"articleSection":["POLITIQUE","Tunisie"],"inLanguage":"fr-FR","potentialAction":[{"@type":"CommentAction","name":"Comment","target":["https:\/\/kapitalis.com\/tunisie\/2025\/04\/25\/la-france-attachee-a-une-justice-independante-en-tunisie\/#respond"]}]},{"@type":"WebPage","@id":"https:\/\/kapitalis.com\/tunisie\/2025\/04\/25\/la-france-attachee-a-une-justice-independante-en-tunisie\/","url":"https:\/\/kapitalis.com\/tunisie\/2025\/04\/25\/la-france-attachee-a-une-justice-independante-en-tunisie\/","name":"La France attach\u00e9e \u00e0 \u00abune justice ind\u00e9pendante en Tunisie\u00bb - Kapitalis","isPartOf":{"@id":"https:\/\/kapitalis.com\/tunisie\/#website"},"primaryImageOfPage":{"@id":"https:\/\/kapitalis.com\/tunisie\/2025\/04\/25\/la-france-attachee-a-une-justice-independante-en-tunisie\/#primaryimage"},"image":{"@id":"https:\/\/kapitalis.com\/tunisie\/2025\/04\/25\/la-france-attachee-a-une-justice-independante-en-tunisie\/#primaryimage"},"thumbnailUrl":"https:\/\/kapitalis.com\/tunisie\/wp-content\/uploads\/2023\/02\/Tunisie-France.jpg","datePublished":"2025-04-25T11:59:11+00:00","dateModified":"2025-04-25T12:10:08+00:00","breadcrumb":{"@id":"https:\/\/kapitalis.com\/tunisie\/2025\/04\/25\/la-france-attachee-a-une-justice-independante-en-tunisie\/#breadcrumb"},"inLanguage":"fr-FR","potentialAction":[{"@type":"ReadAction","target":["https:\/\/kapitalis.com\/tunisie\/2025\/04\/25\/la-france-attachee-a-une-justice-independante-en-tunisie\/"]}]},{"@type":"ImageObject","inLanguage":"fr-FR","@id":"https:\/\/kapitalis.com\/tunisie\/2025\/04\/25\/la-france-attachee-a-une-justice-independante-en-tunisie\/#primaryimage","url":"https:\/\/kapitalis.com\/tunisie\/wp-content\/uploads\/2023\/02\/Tunisie-France.jpg","contentUrl":"https:\/\/kapitalis.com\/tunisie\/wp-content\/uploads\/2023\/02\/Tunisie-France.jpg","width":1200,"height":630},{"@type":"BreadcrumbList","@id":"https:\/\/kapitalis.com\/tunisie\/2025\/04\/25\/la-france-attachee-a-une-justice-independante-en-tunisie\/#breadcrumb","itemListElement":[{"@type":"ListItem","position":1,"name":"Accueil","item":"https:\/\/kapitalis.com\/tunisie\/"},{"@type":"ListItem","position":2,"name":"La France attach\u00e9e \u00e0 \u00abune justice ind\u00e9pendante en Tunisie\u00bb"}]},{"@type":"WebSite","@id":"https:\/\/kapitalis.com\/tunisie\/#website","url":"https:\/\/kapitalis.com\/tunisie\/","name":"Kapitalis","description":"L&#039;actualit\u00e9 en Tunisie et dans le monde","publisher":{"@id":"https:\/\/kapitalis.com\/tunisie\/#organization"},"potentialAction":[{"@type":"SearchAction","target":{"@type":"EntryPoint","urlTemplate":"https:\/\/kapitalis.com\/tunisie\/?s={search_term_string}"},"query-input":{"@type":"PropertyValueSpecification","valueRequired":true,"valueName":"search_term_string"}}],"inLanguage":"fr-FR"},{"@type":"Organization","@id":"https:\/\/kapitalis.com\/tunisie\/#organization","name":"Kapitalis","url":"https:\/\/kapitalis.com\/tunisie\/","logo":{"@type":"ImageObject","inLanguage":"fr-FR","@id":"https:\/\/kapitalis.com\/tunisie\/#\/schema\/logo\/image\/","url":"https:\/\/kapitalis.com\/tunisie\/wp-content\/uploads\/2022\/05\/Kapitalis-big-size.png","contentUrl":"https:\/\/kapitalis.com\/tunisie\/wp-content\/uploads\/2022\/05\/Kapitalis-big-size.png","width":5000,"height":1500,"caption":"Kapitalis"},"image":{"@id":"https:\/\/kapitalis.com\/tunisie\/#\/schema\/logo\/image\/"},"sameAs":["https:\/\/www.facebook.com\/KapitalisInfo\/","https:\/\/x.com\/KapitalisInfo","https:\/\/www.youtube.com\/channel\/UC-yDYrHyfFBWWZaOw3FPg9Q"]},{"@type":"Person","@id":"https:\/\/kapitalis.com\/tunisie\/#\/schema\/person\/d71f33a9ca44f7bad4698210b480c8e9","name":"webmaster kapitalis","url":"https:\/\/kapitalis.com\/tunisie\/author\/webmaster-kapitalis\/"}]}},"_links":{"self":[{"href":"https:\/\/kapitalis.com\/tunisie\/wp-json\/wp\/v2\/posts\/16280481","targetHints":{"allow":["GET"]}}],"collection":[{"href":"https:\/\/kapitalis.com\/tunisie\/wp-json\/wp\/v2\/posts"}],"about":[{"href":"https:\/\/kapitalis.com\/tunisie\/wp-json\/wp\/v2\/types\/post"}],"author":[{"embeddable":true,"href":"https:\/\/kapitalis.com\/tunisie\/wp-json\/wp\/v2\/users\/8"}],"replies":[{"embeddable":true,"href":"https:\/\/kapitalis.com\/tunisie\/wp-json\/wp\/v2\/comments?post=16280481"}],"version-history":[{"count":2,"href":"https:\/\/kapitalis.com\/tunisie\/wp-json\/wp\/v2\/posts\/16280481\/revisions"}],"predecessor-version":[{"id":16280630,"href":"https:\/\/kapitalis.com\/tunisie\/wp-json\/wp\/v2\/posts\/16280481\/revisions\/16280630"}],"wp:featuredmedia":[{"embeddable":true,"href":"https:\/\/kapitalis.com\/tunisie\/wp-json\/wp\/v2\/media\/6639972"}],"wp:attachment":[{"href":"https:\/\/kapitalis.com\/tunisie\/wp-json\/wp\/v2\/media?parent=16280481"}],"wp:term":[{"taxonomy":"category","embeddable":true,"href":"https:\/\/kapitalis.com\/tunisie\/wp-json\/wp\/v2\/categories?post=16280481"},{"taxonomy":"post_tag","embeddable":true,"href":"https:\/\/kapitalis.com\/tunisie\/wp-json\/wp\/v2\/tags?post=16280481"}],"curies":[{"name":"wp","href":"https:\/\/api.w.org\/{rel}","templated":true}]}}