{"id":163029,"date":"2018-07-04T13:01:09","date_gmt":"2018-07-04T12:01:09","guid":{"rendered":"http:\/\/kapitalis.com\/tunisie\/?p=163029"},"modified":"2018-07-04T13:01:09","modified_gmt":"2018-07-04T12:01:09","slug":"fondation-biat-finale-interclubs-du-programme-warchetna-a-hammamet","status":"publish","type":"post","link":"https:\/\/kapitalis.com\/tunisie\/2018\/07\/04\/fondation-biat-finale-interclubs-du-programme-warchetna-a-hammamet\/","title":{"rendered":"Fondation Biat : Finale interclubs du programme Warchetna \u00e0 Hammamet"},"content":{"rendered":"<p style=\"text-align: center;\"><img loading=\"lazy\" decoding=\"async\" class=\"alignnone size-full wp-image-163030\" src=\"http:\/\/kapitalis.com\/tunisie\/wp-content\/uploads\/2018\/07\/Biat-Warchetna.jpg\" alt=\"\" width=\"626\" height=\"380\" \/><\/p>\n<p><em><strong>La Fondation Biat et le minist\u00e8re de la Femme, de la Famille, de l\u2019Enfance et des Seniors ont organis\u00e9 la finale interclubs du programme Warchetna (Notre atelier), les 29 et 30 juin 2018 \u00e0 l\u2019espace de vacances et de loisirs de l\u2019enfant, \u00e0 Hammamet (Nabeul).<\/strong> <\/em><\/p>\n<p><!--more--><\/p>\n<p>Une centaine de jeunes issus de 8 gouvernorats, soit des 17 clubs d\u2019enfants parrain\u00e9s par la Fondation Biat, \u00e9taient pr\u00e9sents et ont particip\u00e9 au concours. Un prix sp\u00e9cial a \u00e9t\u00e9 d\u00e9cern\u00e9 aux trois clubs d\u2019enfants les plus m\u00e9ritants.<\/p>\n<p>Le projet Warchetna est le fruit d\u2019un travail collaboratif qui a d\u00e9marr\u00e9 en octobre 2015, avec la signature d\u2019une convention de partenariat entre les deux institutions concern\u00e9s visant \u00e0 soutenir et \u00e0 r\u00e9v\u00e9ler le potentiel des jeunes des r\u00e9gions rurales et p\u00e9riurbaines.<\/p>\n<p>En r\u00e9habilitant des structures \u00e9ducatives publiques, la Fondation Biat offre un nouveau cadre de vie, des espaces socio-\u00e9ducatifs o\u00f9 les jeunes peuvent s\u2019exprimer, s\u2019\u00e9veiller, s\u2019\u00e9panouir et acqu\u00e9rir de nouvelles comp\u00e9tences.<\/p>\n<p>Dans la continuit\u00e9 de la r\u00e9habilitation des structures \u00e9ducatives publiques, la Fondation Biat poursuit son accompagnement et son engagement aupr\u00e8s des jeunes en leur offrant le meilleur en mati\u00e8re d\u2019\u00e9ducation et de culture.<\/p>\n<p>Un accompagnement qui se traduit par l\u2019organisation d\u2019ateliers de coaching et d\u2019activit\u00e9s \u00e9ducatives autour de la lecture, des expressions plastiques, de l\u2019initiation \u00e0 l\u2019informatique, les jeux d\u2019\u00e9checs ainsi que par l\u2019organisation de manifestations sportives.<\/p>\n<p style=\"text-align: center;\"><img loading=\"lazy\" decoding=\"async\" class=\"alignnone wp-image-163032\" src=\"http:\/\/kapitalis.com\/tunisie\/wp-content\/uploads\/2018\/07\/Biat-Warchetna-2.jpg\" alt=\"\" width=\"500\" height=\"304\" \/><\/p>\n<p>A ce jour, 18 clubs d\u2019enfants et 3 jardins d\u2019enfants ont \u00e9t\u00e9 parrain\u00e9s par la Fondation Biat dans les 8 gouvernorats suivants : Zaghouan, B\u00e9ja, Siliana, Jendouba, Monastir, Sousse, Mahdia et Kasserine. En 3 ans d\u2019intervention, plus de 6.500 jeunes ont pu b\u00e9n\u00e9ficier de ses actions.<\/p>\n<p>Les deux journ\u00e9es de Hammamet ont \u00e9t\u00e9 l\u2019occasion pour la Fondation Biat de rendre hommage \u00e0 tous ceux qui ont contribu\u00e9 au succ\u00e8s de ce programme.<\/p>\n<p>Etaient pr\u00e9sents les jeunes participants ayant gagn\u00e9 lors du programme Warchetna tout au long de l\u2019ann\u00e9e, les repr\u00e9sentants du minist\u00e8re de la Femme, de la Famille, de l\u2019Enfance et des Seniors, les \u00e9ducateurs des clubs d\u2019enfants, les b\u00e9n\u00e9voles de la Banque, les partenaires de la Fondation Biat ainsi que ses boursiers d\u2019\u00e9lite.<\/p>\n<p>Deux cat\u00e9gories de prix ont \u00e9t\u00e9 d\u00e9cern\u00e9es lors de cette finale : les jeunes gagnants des diff\u00e9rents ateliers de la comp\u00e9tition et les clubs d\u2019enfants les plus m\u00e9ritants.<\/p>\n<p>Le 1er prix a \u00e9t\u00e9 d\u00e9cern\u00e9 au club d\u2019enfants de Jammel 1 (Monastir), le 2e au club d\u2019enfants Cit\u00e9 Waheb \u00e0 Chebba (Mahdia) et le 3e au le club d\u2019enfants de Hydra (Kasserine).<\/p>\n<p>Cr\u00e9\u00e9e en mars 2014, la <a href=\"http:\/\/www.fondationbiat.org.tn\/\">Fondation Biat<\/a> accompagne la jeunesse tunisienne afin de r\u00e9duire les in\u00e9galit\u00e9s sociales, de soutenir la cr\u00e9ation et la diversit\u00e9 culturelle, \u00e0 travers trois axes principaux : l\u2019\u00e9ducation, la culture et la promotion de l\u2019entrepreneuriat. Elle est une traduction concr\u00e8te et p\u00e9renne de l\u2019engagement citoyen et de la d\u00e9marche de responsabilit\u00e9 sociale de la Biat.<\/p>\n<p><em><strong>Source<\/strong><\/em> : communiqu\u00e9.<\/p>\n<blockquote class=\"wp-embedded-content\" data-secret=\"4pLMaJmxke\"><p><a href=\"https:\/\/kapitalis.com\/tunisie\/2018\/07\/03\/la-biat-organise-une-exposition-dart-contemporain-a-sfax\/\">La Biat organise une exposition d\u2019art contemporain \u00e0 Sfax<\/a><\/p><\/blockquote>\n<p><iframe loading=\"lazy\" class=\"wp-embedded-content\" sandbox=\"allow-scripts\" security=\"restricted\" style=\"position: absolute; clip: rect(1px, 1px, 1px, 1px);\" title=\"\u00ab\u00a0La Biat organise une exposition d\u2019art contemporain \u00e0 Sfax\u00a0\u00bb &#8212; Kapitalis\" src=\"https:\/\/kapitalis.com\/tunisie\/2018\/07\/03\/la-biat-organise-une-exposition-dart-contemporain-a-sfax\/embed\/#?secret=dEhsVSn1VQ#?secret=4pLMaJmxke\" data-secret=\"4pLMaJmxke\" width=\"600\" height=\"338\" frameborder=\"0\" marginwidth=\"0\" marginheight=\"0\" scrolling=\"no\"><\/iframe><\/p>\n<blockquote class=\"wp-embedded-content\" data-secret=\"Tdsai6iJJ9\"><p><a href=\"https:\/\/kapitalis.com\/tunisie\/2018\/05\/07\/fondation-biat-neuf-equipes-laureates-au-concours-de-lentrepreneuriat-bloommasters\/\">Fondation Biat : Neuf \u00e9quipes laur\u00e9ates au concours de l\u2019entrepreneuriat Bloommasters<\/a><\/p><\/blockquote>\n<p><iframe loading=\"lazy\" class=\"wp-embedded-content\" sandbox=\"allow-scripts\" security=\"restricted\" style=\"position: absolute; clip: rect(1px, 1px, 1px, 1px);\" title=\"\u00ab\u00a0Fondation Biat : Neuf \u00e9quipes laur\u00e9ates au concours de l\u2019entrepreneuriat Bloommasters\u00a0\u00bb &#8212; Kapitalis\" src=\"https:\/\/kapitalis.com\/tunisie\/2018\/05\/07\/fondation-biat-neuf-equipes-laureates-au-concours-de-lentrepreneuriat-bloommasters\/embed\/#?secret=nEEaSsRrcz#?secret=Tdsai6iJJ9\" data-secret=\"Tdsai6iJJ9\" width=\"600\" height=\"338\" frameborder=\"0\" marginwidth=\"0\" marginheight=\"0\" scrolling=\"no\"><\/iframe><\/p>\n<blockquote class=\"wp-embedded-content\" data-secret=\"mO8fGuQQai\"><p><a href=\"https:\/\/kapitalis.com\/tunisie\/2018\/04\/25\/la-fondation-biat-et-lessted-tunis-lancent-levenement-inndesign\/\">La Fondation Biat et l\u2019Essted Tunis lancent l\u2019\u00e9v\u00e9nement Inn\u2019Design<\/a><\/p><\/blockquote>\n<p><iframe loading=\"lazy\" class=\"wp-embedded-content\" sandbox=\"allow-scripts\" security=\"restricted\" style=\"position: absolute; clip: rect(1px, 1px, 1px, 1px);\" title=\"\u00ab\u00a0La Fondation Biat et l\u2019Essted Tunis lancent l\u2019\u00e9v\u00e9nement Inn\u2019Design\u00a0\u00bb &#8212; Kapitalis\" src=\"https:\/\/kapitalis.com\/tunisie\/2018\/04\/25\/la-fondation-biat-et-lessted-tunis-lancent-levenement-inndesign\/embed\/#?secret=oSd9TOiZF4#?secret=mO8fGuQQai\" data-secret=\"mO8fGuQQai\" width=\"600\" height=\"338\" frameborder=\"0\" marginwidth=\"0\" marginheight=\"0\" scrolling=\"no\"><\/iframe><\/p>\n","protected":false},"excerpt":{"rendered":"<p>La Fondation Biat et le minist\u00e8re de la Femme, de la Famille, de l\u2019Enfance et des Seniors ont organis\u00e9 la finale interclubs du programme Warchetna (Notre atelier), les 29 et 30 juin 2018 \u00e0 l\u2019espace de vacances et de loisirs de l\u2019enfant, \u00e0 Hammamet (Nabeul).<\/p>\n","protected":false},"author":8,"featured_media":163030,"comment_status":"open","ping_status":"open","sticky":false,"template":"","format":"standard","meta":{"footnotes":""},"categories":[998,2433],"tags":[12697,439],"class_list":["post-163029","post","type-post","status-publish","format-standard","has-post-thumbnail","hentry","category-societe","category-tunisie","tag-fondation-biat","tag-hammamet"],"yoast_head":"<!-- This site is optimized with the Yoast SEO plugin v26.6 - https:\/\/yoast.com\/wordpress\/plugins\/seo\/ -->\n<title>Fondation Biat : Finale interclubs du programme Warchetna \u00e0 Hammamet - Kapitalis<\/title>\n<meta name=\"robots\" content=\"index, follow, max-snippet:-1, max-image-preview:large, max-video-preview:-1\" \/>\n<link rel=\"canonical\" href=\"https:\/\/kapitalis.com\/tunisie\/2018\/07\/04\/fondation-biat-finale-interclubs-du-programme-warchetna-a-hammamet\/\" \/>\n<meta property=\"og:locale\" content=\"fr_FR\" \/>\n<meta property=\"og:type\" content=\"article\" \/>\n<meta property=\"og:title\" content=\"Fondation Biat : Finale interclubs du programme Warchetna \u00e0 Hammamet - Kapitalis\" \/>\n<meta property=\"og:description\" content=\"La Fondation Biat et le minist\u00e8re de la Femme, de la Famille, de l\u2019Enfance et des Seniors ont organis\u00e9 la finale interclubs du programme Warchetna (Notre atelier), les 29 et 30 juin 2018 \u00e0 l\u2019espace de vacances et de loisirs de l\u2019enfant, \u00e0 Hammamet (Nabeul).\" \/>\n<meta property=\"og:url\" content=\"https:\/\/kapitalis.com\/tunisie\/2018\/07\/04\/fondation-biat-finale-interclubs-du-programme-warchetna-a-hammamet\/\" \/>\n<meta property=\"og:site_name\" content=\"Kapitalis\" \/>\n<meta property=\"article:publisher\" content=\"https:\/\/www.facebook.com\/KapitalisInfo\/\" \/>\n<meta property=\"article:published_time\" content=\"2018-07-04T12:01:09+00:00\" \/>\n<meta property=\"og:image\" content=\"https:\/\/kapitalis.com\/tunisie\/wp-content\/uploads\/2022\/05\/kapitalis-logo-fb.png\" \/>\n\t<meta property=\"og:image:width\" content=\"1200\" \/>\n\t<meta property=\"og:image:height\" content=\"630\" \/>\n\t<meta property=\"og:image:type\" content=\"image\/png\" \/>\n<meta name=\"author\" content=\"webmaster kapitalis\" \/>\n<meta name=\"twitter:card\" content=\"summary_large_image\" \/>\n<meta name=\"twitter:creator\" content=\"@KapitalisInfo\" \/>\n<meta name=\"twitter:site\" content=\"@KapitalisInfo\" \/>\n<meta name=\"twitter:label1\" content=\"\u00c9crit par\" \/>\n\t<meta name=\"twitter:data1\" content=\"webmaster kapitalis\" \/>\n\t<meta name=\"twitter:label2\" content=\"Dur\u00e9e de lecture estim\u00e9e\" \/>\n\t<meta name=\"twitter:data2\" content=\"3 minutes\" \/>\n<script type=\"application\/ld+json\" class=\"yoast-schema-graph\">{\"@context\":\"https:\/\/schema.org\",\"@graph\":[{\"@type\":\"Article\",\"@id\":\"https:\/\/kapitalis.com\/tunisie\/2018\/07\/04\/fondation-biat-finale-interclubs-du-programme-warchetna-a-hammamet\/#article\",\"isPartOf\":{\"@id\":\"https:\/\/kapitalis.com\/tunisie\/2018\/07\/04\/fondation-biat-finale-interclubs-du-programme-warchetna-a-hammamet\/\"},\"author\":{\"name\":\"webmaster kapitalis\",\"@id\":\"https:\/\/kapitalis.com\/tunisie\/#\/schema\/person\/d71f33a9ca44f7bad4698210b480c8e9\"},\"headline\":\"Fondation Biat : Finale interclubs du programme Warchetna \u00e0 Hammamet\",\"datePublished\":\"2018-07-04T12:01:09+00:00\",\"mainEntityOfPage\":{\"@id\":\"https:\/\/kapitalis.com\/tunisie\/2018\/07\/04\/fondation-biat-finale-interclubs-du-programme-warchetna-a-hammamet\/\"},\"wordCount\":547,\"commentCount\":0,\"publisher\":{\"@id\":\"https:\/\/kapitalis.com\/tunisie\/#organization\"},\"image\":{\"@id\":\"https:\/\/kapitalis.com\/tunisie\/2018\/07\/04\/fondation-biat-finale-interclubs-du-programme-warchetna-a-hammamet\/#primaryimage\"},\"thumbnailUrl\":\"\",\"keywords\":[\"Fondation Biat\",\"Hammamet\"],\"articleSection\":[\"SOCIETE\",\"Tunisie\"],\"inLanguage\":\"fr-FR\",\"potentialAction\":[{\"@type\":\"CommentAction\",\"name\":\"Comment\",\"target\":[\"https:\/\/kapitalis.com\/tunisie\/2018\/07\/04\/fondation-biat-finale-interclubs-du-programme-warchetna-a-hammamet\/#respond\"]}]},{\"@type\":\"WebPage\",\"@id\":\"https:\/\/kapitalis.com\/tunisie\/2018\/07\/04\/fondation-biat-finale-interclubs-du-programme-warchetna-a-hammamet\/\",\"url\":\"https:\/\/kapitalis.com\/tunisie\/2018\/07\/04\/fondation-biat-finale-interclubs-du-programme-warchetna-a-hammamet\/\",\"name\":\"Fondation Biat : Finale interclubs du programme Warchetna \u00e0 Hammamet - Kapitalis\",\"isPartOf\":{\"@id\":\"https:\/\/kapitalis.com\/tunisie\/#website\"},\"primaryImageOfPage\":{\"@id\":\"https:\/\/kapitalis.com\/tunisie\/2018\/07\/04\/fondation-biat-finale-interclubs-du-programme-warchetna-a-hammamet\/#primaryimage\"},\"image\":{\"@id\":\"https:\/\/kapitalis.com\/tunisie\/2018\/07\/04\/fondation-biat-finale-interclubs-du-programme-warchetna-a-hammamet\/#primaryimage\"},\"thumbnailUrl\":\"\",\"datePublished\":\"2018-07-04T12:01:09+00:00\",\"breadcrumb\":{\"@id\":\"https:\/\/kapitalis.com\/tunisie\/2018\/07\/04\/fondation-biat-finale-interclubs-du-programme-warchetna-a-hammamet\/#breadcrumb\"},\"inLanguage\":\"fr-FR\",\"potentialAction\":[{\"@type\":\"ReadAction\",\"target\":[\"https:\/\/kapitalis.com\/tunisie\/2018\/07\/04\/fondation-biat-finale-interclubs-du-programme-warchetna-a-hammamet\/\"]}]},{\"@type\":\"ImageObject\",\"inLanguage\":\"fr-FR\",\"@id\":\"https:\/\/kapitalis.com\/tunisie\/2018\/07\/04\/fondation-biat-finale-interclubs-du-programme-warchetna-a-hammamet\/#primaryimage\",\"url\":\"\",\"contentUrl\":\"\"},{\"@type\":\"BreadcrumbList\",\"@id\":\"https:\/\/kapitalis.com\/tunisie\/2018\/07\/04\/fondation-biat-finale-interclubs-du-programme-warchetna-a-hammamet\/#breadcrumb\",\"itemListElement\":[{\"@type\":\"ListItem\",\"position\":1,\"name\":\"Accueil\",\"item\":\"https:\/\/kapitalis.com\/tunisie\/\"},{\"@type\":\"ListItem\",\"position\":2,\"name\":\"Fondation Biat : Finale interclubs du programme Warchetna \u00e0 Hammamet\"}]},{\"@type\":\"WebSite\",\"@id\":\"https:\/\/kapitalis.com\/tunisie\/#website\",\"url\":\"https:\/\/kapitalis.com\/tunisie\/\",\"name\":\"Kapitalis\",\"description\":\"L&#039;actualit\u00e9 en Tunisie et dans le monde\",\"publisher\":{\"@id\":\"https:\/\/kapitalis.com\/tunisie\/#organization\"},\"potentialAction\":[{\"@type\":\"SearchAction\",\"target\":{\"@type\":\"EntryPoint\",\"urlTemplate\":\"https:\/\/kapitalis.com\/tunisie\/?s={search_term_string}\"},\"query-input\":{\"@type\":\"PropertyValueSpecification\",\"valueRequired\":true,\"valueName\":\"search_term_string\"}}],\"inLanguage\":\"fr-FR\"},{\"@type\":\"Organization\",\"@id\":\"https:\/\/kapitalis.com\/tunisie\/#organization\",\"name\":\"Kapitalis\",\"url\":\"https:\/\/kapitalis.com\/tunisie\/\",\"logo\":{\"@type\":\"ImageObject\",\"inLanguage\":\"fr-FR\",\"@id\":\"https:\/\/kapitalis.com\/tunisie\/#\/schema\/logo\/image\/\",\"url\":\"https:\/\/kapitalis.com\/tunisie\/wp-content\/uploads\/2022\/05\/Kapitalis-big-size.png\",\"contentUrl\":\"https:\/\/kapitalis.com\/tunisie\/wp-content\/uploads\/2022\/05\/Kapitalis-big-size.png\",\"width\":5000,\"height\":1500,\"caption\":\"Kapitalis\"},\"image\":{\"@id\":\"https:\/\/kapitalis.com\/tunisie\/#\/schema\/logo\/image\/\"},\"sameAs\":[\"https:\/\/www.facebook.com\/KapitalisInfo\/\",\"https:\/\/x.com\/KapitalisInfo\",\"https:\/\/www.youtube.com\/channel\/UC-yDYrHyfFBWWZaOw3FPg9Q\"]},{\"@type\":\"Person\",\"@id\":\"https:\/\/kapitalis.com\/tunisie\/#\/schema\/person\/d71f33a9ca44f7bad4698210b480c8e9\",\"name\":\"webmaster kapitalis\",\"url\":\"https:\/\/kapitalis.com\/tunisie\/author\/webmaster-kapitalis\/\"}]}<\/script>\n<!-- \/ Yoast SEO plugin. -->","yoast_head_json":{"title":"Fondation Biat : Finale interclubs du programme Warchetna \u00e0 Hammamet - Kapitalis","robots":{"index":"index","follow":"follow","max-snippet":"max-snippet:-1","max-image-preview":"max-image-preview:large","max-video-preview":"max-video-preview:-1"},"canonical":"https:\/\/kapitalis.com\/tunisie\/2018\/07\/04\/fondation-biat-finale-interclubs-du-programme-warchetna-a-hammamet\/","og_locale":"fr_FR","og_type":"article","og_title":"Fondation Biat : Finale interclubs du programme Warchetna \u00e0 Hammamet - Kapitalis","og_description":"La Fondation Biat et le minist\u00e8re de la Femme, de la Famille, de l\u2019Enfance et des Seniors ont organis\u00e9 la finale interclubs du programme Warchetna (Notre atelier), les 29 et 30 juin 2018 \u00e0 l\u2019espace de vacances et de loisirs de l\u2019enfant, \u00e0 Hammamet (Nabeul).","og_url":"https:\/\/kapitalis.com\/tunisie\/2018\/07\/04\/fondation-biat-finale-interclubs-du-programme-warchetna-a-hammamet\/","og_site_name":"Kapitalis","article_publisher":"https:\/\/www.facebook.com\/KapitalisInfo\/","article_published_time":"2018-07-04T12:01:09+00:00","og_image":[{"width":1200,"height":630,"url":"https:\/\/kapitalis.com\/tunisie\/wp-content\/uploads\/2022\/05\/kapitalis-logo-fb.png","type":"image\/png"}],"author":"webmaster kapitalis","twitter_card":"summary_large_image","twitter_creator":"@KapitalisInfo","twitter_site":"@KapitalisInfo","twitter_misc":{"\u00c9crit par":"webmaster kapitalis","Dur\u00e9e de lecture estim\u00e9e":"3 minutes"},"schema":{"@context":"https:\/\/schema.org","@graph":[{"@type":"Article","@id":"https:\/\/kapitalis.com\/tunisie\/2018\/07\/04\/fondation-biat-finale-interclubs-du-programme-warchetna-a-hammamet\/#article","isPartOf":{"@id":"https:\/\/kapitalis.com\/tunisie\/2018\/07\/04\/fondation-biat-finale-interclubs-du-programme-warchetna-a-hammamet\/"},"author":{"name":"webmaster kapitalis","@id":"https:\/\/kapitalis.com\/tunisie\/#\/schema\/person\/d71f33a9ca44f7bad4698210b480c8e9"},"headline":"Fondation Biat : Finale interclubs du programme Warchetna \u00e0 Hammamet","datePublished":"2018-07-04T12:01:09+00:00","mainEntityOfPage":{"@id":"https:\/\/kapitalis.com\/tunisie\/2018\/07\/04\/fondation-biat-finale-interclubs-du-programme-warchetna-a-hammamet\/"},"wordCount":547,"commentCount":0,"publisher":{"@id":"https:\/\/kapitalis.com\/tunisie\/#organization"},"image":{"@id":"https:\/\/kapitalis.com\/tunisie\/2018\/07\/04\/fondation-biat-finale-interclubs-du-programme-warchetna-a-hammamet\/#primaryimage"},"thumbnailUrl":"","keywords":["Fondation Biat","Hammamet"],"articleSection":["SOCIETE","Tunisie"],"inLanguage":"fr-FR","potentialAction":[{"@type":"CommentAction","name":"Comment","target":["https:\/\/kapitalis.com\/tunisie\/2018\/07\/04\/fondation-biat-finale-interclubs-du-programme-warchetna-a-hammamet\/#respond"]}]},{"@type":"WebPage","@id":"https:\/\/kapitalis.com\/tunisie\/2018\/07\/04\/fondation-biat-finale-interclubs-du-programme-warchetna-a-hammamet\/","url":"https:\/\/kapitalis.com\/tunisie\/2018\/07\/04\/fondation-biat-finale-interclubs-du-programme-warchetna-a-hammamet\/","name":"Fondation Biat : Finale interclubs du programme Warchetna \u00e0 Hammamet - Kapitalis","isPartOf":{"@id":"https:\/\/kapitalis.com\/tunisie\/#website"},"primaryImageOfPage":{"@id":"https:\/\/kapitalis.com\/tunisie\/2018\/07\/04\/fondation-biat-finale-interclubs-du-programme-warchetna-a-hammamet\/#primaryimage"},"image":{"@id":"https:\/\/kapitalis.com\/tunisie\/2018\/07\/04\/fondation-biat-finale-interclubs-du-programme-warchetna-a-hammamet\/#primaryimage"},"thumbnailUrl":"","datePublished":"2018-07-04T12:01:09+00:00","breadcrumb":{"@id":"https:\/\/kapitalis.com\/tunisie\/2018\/07\/04\/fondation-biat-finale-interclubs-du-programme-warchetna-a-hammamet\/#breadcrumb"},"inLanguage":"fr-FR","potentialAction":[{"@type":"ReadAction","target":["https:\/\/kapitalis.com\/tunisie\/2018\/07\/04\/fondation-biat-finale-interclubs-du-programme-warchetna-a-hammamet\/"]}]},{"@type":"ImageObject","inLanguage":"fr-FR","@id":"https:\/\/kapitalis.com\/tunisie\/2018\/07\/04\/fondation-biat-finale-interclubs-du-programme-warchetna-a-hammamet\/#primaryimage","url":"","contentUrl":""},{"@type":"BreadcrumbList","@id":"https:\/\/kapitalis.com\/tunisie\/2018\/07\/04\/fondation-biat-finale-interclubs-du-programme-warchetna-a-hammamet\/#breadcrumb","itemListElement":[{"@type":"ListItem","position":1,"name":"Accueil","item":"https:\/\/kapitalis.com\/tunisie\/"},{"@type":"ListItem","position":2,"name":"Fondation Biat : Finale interclubs du programme Warchetna \u00e0 Hammamet"}]},{"@type":"WebSite","@id":"https:\/\/kapitalis.com\/tunisie\/#website","url":"https:\/\/kapitalis.com\/tunisie\/","name":"Kapitalis","description":"L&#039;actualit\u00e9 en Tunisie et dans le monde","publisher":{"@id":"https:\/\/kapitalis.com\/tunisie\/#organization"},"potentialAction":[{"@type":"SearchAction","target":{"@type":"EntryPoint","urlTemplate":"https:\/\/kapitalis.com\/tunisie\/?s={search_term_string}"},"query-input":{"@type":"PropertyValueSpecification","valueRequired":true,"valueName":"search_term_string"}}],"inLanguage":"fr-FR"},{"@type":"Organization","@id":"https:\/\/kapitalis.com\/tunisie\/#organization","name":"Kapitalis","url":"https:\/\/kapitalis.com\/tunisie\/","logo":{"@type":"ImageObject","inLanguage":"fr-FR","@id":"https:\/\/kapitalis.com\/tunisie\/#\/schema\/logo\/image\/","url":"https:\/\/kapitalis.com\/tunisie\/wp-content\/uploads\/2022\/05\/Kapitalis-big-size.png","contentUrl":"https:\/\/kapitalis.com\/tunisie\/wp-content\/uploads\/2022\/05\/Kapitalis-big-size.png","width":5000,"height":1500,"caption":"Kapitalis"},"image":{"@id":"https:\/\/kapitalis.com\/tunisie\/#\/schema\/logo\/image\/"},"sameAs":["https:\/\/www.facebook.com\/KapitalisInfo\/","https:\/\/x.com\/KapitalisInfo","https:\/\/www.youtube.com\/channel\/UC-yDYrHyfFBWWZaOw3FPg9Q"]},{"@type":"Person","@id":"https:\/\/kapitalis.com\/tunisie\/#\/schema\/person\/d71f33a9ca44f7bad4698210b480c8e9","name":"webmaster kapitalis","url":"https:\/\/kapitalis.com\/tunisie\/author\/webmaster-kapitalis\/"}]}},"_links":{"self":[{"href":"https:\/\/kapitalis.com\/tunisie\/wp-json\/wp\/v2\/posts\/163029","targetHints":{"allow":["GET"]}}],"collection":[{"href":"https:\/\/kapitalis.com\/tunisie\/wp-json\/wp\/v2\/posts"}],"about":[{"href":"https:\/\/kapitalis.com\/tunisie\/wp-json\/wp\/v2\/types\/post"}],"author":[{"embeddable":true,"href":"https:\/\/kapitalis.com\/tunisie\/wp-json\/wp\/v2\/users\/8"}],"replies":[{"embeddable":true,"href":"https:\/\/kapitalis.com\/tunisie\/wp-json\/wp\/v2\/comments?post=163029"}],"version-history":[{"count":0,"href":"https:\/\/kapitalis.com\/tunisie\/wp-json\/wp\/v2\/posts\/163029\/revisions"}],"wp:featuredmedia":[{"embeddable":true,"href":"https:\/\/kapitalis.com\/tunisie\/wp-json\/wp\/v2\/media\/163030"}],"wp:attachment":[{"href":"https:\/\/kapitalis.com\/tunisie\/wp-json\/wp\/v2\/media?parent=163029"}],"wp:term":[{"taxonomy":"category","embeddable":true,"href":"https:\/\/kapitalis.com\/tunisie\/wp-json\/wp\/v2\/categories?post=163029"},{"taxonomy":"post_tag","embeddable":true,"href":"https:\/\/kapitalis.com\/tunisie\/wp-json\/wp\/v2\/tags?post=163029"}],"curies":[{"name":"wp","href":"https:\/\/api.w.org\/{rel}","templated":true}]}}