{"id":163089,"date":"2018-07-04T17:57:27","date_gmt":"2018-07-04T16:57:27","guid":{"rendered":"http:\/\/kapitalis.com\/tunisie\/?p=163089"},"modified":"2018-07-04T18:20:06","modified_gmt":"2018-07-04T17:20:06","slug":"sami-tahri-accuse-samir-taieb-dingerence-dans-les-affaires-de-lugtt","status":"publish","type":"post","link":"https:\/\/kapitalis.com\/tunisie\/2018\/07\/04\/sami-tahri-accuse-samir-taieb-dingerence-dans-les-affaires-de-lugtt\/","title":{"rendered":"Sami Tahri accuse Samir Ta\u00efeb d&rsquo;ing\u00e9rence dans les affaires de l&rsquo;UGTT"},"content":{"rendered":"<p style=\"text-align: center;\"><img loading=\"lazy\" decoding=\"async\" class=\"alignnone size-full wp-image-163105\" src=\"http:\/\/kapitalis.com\/tunisie\/wp-content\/uploads\/2018\/07\/Samir-Taieb_Sami-Taher.jpg\" alt=\"\" width=\"626\" height=\"380\" \/><\/p>\n<p style=\"text-align: center;\"><em>Samir Ta\u00efeb\/Sami Tahri.<\/em><\/p>\n<p><em><b>Sami Tahri, secr\u00e9taire g\u00e9n\u00e9ral adjoint de l&rsquo;Union g\u00e9n\u00e9rale tunisienne du travail (UGTT), a appel\u00e9 Samir Ta\u00efeb, ministre de l&rsquo;Agriculture, \u00e0 ne pas interf\u00e9rer\u00a0dans les affaires int\u00e9rieures de la centrale syndicale.<\/b><\/em><!--more--><\/p>\n<p>Dans une d\u00e9claration \u00e0 Shems FM aujourd&rsquo;hui, mercredi 4 juillet 2018, M. Tahri a indiqu\u00e9 que le secr\u00e9taire g\u00e9n\u00e9ral du parti Al-Massar a interf\u00e9r\u00e9 \u00e0 diff\u00e9rentes reprises dans les affaires int\u00e9rieures de l&rsquo;UGTT, notamment lorsqu&rsquo;il a \u00e9voqu\u00e9, dans les m\u00e9dias, les divisions au sein de l&rsquo;UGTT&#8230; comme si celle-ci est une vache sacr\u00e9e et qu&rsquo;on a pas le droit d&rsquo;\u00e9mettre un avis sur ce qui se passe au sein de ses structures.<\/p>\n<p>Dans un autre contexte, le dirigeant syndicaliste a indiqu\u00e9 que le chef du gouvernement, Youssef Chahed, tente de gagner du temps pour pouvoir rester le plus longtemps possible \u00e0 la t\u00eate du gouvernement. Il a aussi affirm\u00e9 que les indicateurs \u00e9conomiques annonc\u00e9s par le gouvernement, notamment ceux relatifs \u00e0 la hausse du taux de croissance et \u00e0 la reprise du secteur touristique, sont erron\u00e9s et ne refl\u00e8tent pas la r\u00e9alit\u00e9. M. Tahri a accus\u00e9, au passage, l&rsquo;Institut national de la\u00a0 statistique (INS) de publier des indicateurs qui sont manipul\u00e9s politiquement, jetant ainsi le b\u00e9b\u00e9 avec l&rsquo;eau du bain.<\/p>\n<p>Car cette affirmation est pour le moins grotesque et ridicule, sachant que l&rsquo;INS a toujours respect\u00e9 les r\u00e8gles scientifiques dans l&rsquo;\u00e9laboration de ses enqu\u00eates, m\u00eame durant la p\u00e9riode de la dictature de Ben Ali o\u00f9 tout \u00e9tait contr\u00f4l\u00e9 \u00e0 partir du palais de Carthage.<\/p>\n<p>Les propos de M. Tahri doivent \u00eatre inscrits dans le cadre de la gu\u00e9guerre que l&rsquo;UGTT m\u00e8ne depuis plusieurs semaines contre le gouvernement Chahed dont elle cherche, d\u00e9sesp\u00e9r\u00e9ment, \u00e0 acc\u00e9l\u00e9rer le d\u00e9part.<\/p>\n<p style=\"text-align: right;\"><strong>E. B. A.<\/strong><\/p>\n<blockquote class=\"wp-embedded-content\" data-secret=\"XkMMAaduMP\"><p><a href=\"https:\/\/kapitalis.com\/tunisie\/2018\/07\/03\/taboubi-lance-des-mouvements-de-protestation-contre-le-gouvernement\/\">Taboubi lance des mouvements de protestation contre le gouvernement<\/a><\/p><\/blockquote>\n<p><iframe loading=\"lazy\" class=\"wp-embedded-content\" sandbox=\"allow-scripts\" security=\"restricted\" style=\"position: absolute; clip: rect(1px, 1px, 1px, 1px);\" title=\"\u00ab\u00a0Taboubi lance des mouvements de protestation contre le gouvernement\u00a0\u00bb &#8212; Kapitalis\" src=\"https:\/\/kapitalis.com\/tunisie\/2018\/07\/03\/taboubi-lance-des-mouvements-de-protestation-contre-le-gouvernement\/embed\/#?secret=KPZx5w3Gmw#?secret=XkMMAaduMP\" data-secret=\"XkMMAaduMP\" width=\"600\" height=\"338\" frameborder=\"0\" marginwidth=\"0\" marginheight=\"0\" scrolling=\"no\"><\/iframe><\/p>\n","protected":false},"excerpt":{"rendered":"<p>Samir Ta\u00efeb\/Sami Tahri. Sami Tahri, secr\u00e9taire g\u00e9n\u00e9ral adjoint de l&rsquo;Union g\u00e9n\u00e9rale tunisienne du travail (UGTT), a appel\u00e9 Samir Ta\u00efeb, ministre de l&rsquo;Agriculture, \u00e0 ne pas interf\u00e9rer\u00a0dans les affaires int\u00e9rieures de la centrale syndicale.<\/p>\n","protected":false},"author":16,"featured_media":163105,"comment_status":"open","ping_status":"open","sticky":false,"template":"","format":"standard","meta":{"footnotes":""},"categories":[997,2433],"tags":[4746,11862,9487,936],"class_list":["post-163089","post","type-post","status-publish","format-standard","has-post-thumbnail","hentry","category-politique","category-tunisie","tag-ins","tag-sami-tahri","tag-samir-taieb","tag-ugtt"],"yoast_head":"<!-- This site is optimized with the Yoast SEO plugin v26.6 - https:\/\/yoast.com\/wordpress\/plugins\/seo\/ -->\n<title>Sami Tahri accuse Samir Ta\u00efeb d&#039;ing\u00e9rence dans les affaires de l&#039;UGTT - Kapitalis<\/title>\n<meta name=\"robots\" content=\"index, follow, max-snippet:-1, max-image-preview:large, max-video-preview:-1\" \/>\n<link rel=\"canonical\" href=\"https:\/\/kapitalis.com\/tunisie\/2018\/07\/04\/sami-tahri-accuse-samir-taieb-dingerence-dans-les-affaires-de-lugtt\/\" \/>\n<meta property=\"og:locale\" content=\"fr_FR\" \/>\n<meta property=\"og:type\" content=\"article\" \/>\n<meta property=\"og:title\" content=\"Sami Tahri accuse Samir Ta\u00efeb d&#039;ing\u00e9rence dans les affaires de l&#039;UGTT - Kapitalis\" \/>\n<meta property=\"og:description\" content=\"Samir Ta\u00efeb\/Sami Tahri. Sami Tahri, secr\u00e9taire g\u00e9n\u00e9ral adjoint de l&rsquo;Union g\u00e9n\u00e9rale tunisienne du travail (UGTT), a appel\u00e9 Samir Ta\u00efeb, ministre de l&rsquo;Agriculture, \u00e0 ne pas interf\u00e9rer\u00a0dans les affaires int\u00e9rieures de la centrale syndicale.\" \/>\n<meta property=\"og:url\" content=\"https:\/\/kapitalis.com\/tunisie\/2018\/07\/04\/sami-tahri-accuse-samir-taieb-dingerence-dans-les-affaires-de-lugtt\/\" \/>\n<meta property=\"og:site_name\" content=\"Kapitalis\" \/>\n<meta property=\"article:publisher\" content=\"https:\/\/www.facebook.com\/KapitalisInfo\/\" \/>\n<meta property=\"article:published_time\" content=\"2018-07-04T16:57:27+00:00\" \/>\n<meta property=\"article:modified_time\" content=\"2018-07-04T17:20:06+00:00\" \/>\n<meta property=\"og:image\" content=\"https:\/\/kapitalis.com\/tunisie\/wp-content\/uploads\/2022\/05\/kapitalis-logo-fb.png\" \/>\n\t<meta property=\"og:image:width\" content=\"1200\" \/>\n\t<meta property=\"og:image:height\" content=\"630\" \/>\n\t<meta property=\"og:image:type\" content=\"image\/png\" \/>\n<meta name=\"author\" content=\"emna benabdallah\" \/>\n<meta name=\"twitter:card\" content=\"summary_large_image\" \/>\n<meta name=\"twitter:creator\" content=\"@KapitalisInfo\" \/>\n<meta name=\"twitter:site\" content=\"@KapitalisInfo\" \/>\n<meta name=\"twitter:label1\" content=\"\u00c9crit par\" \/>\n\t<meta name=\"twitter:data1\" content=\"emna benabdallah\" \/>\n\t<meta name=\"twitter:label2\" content=\"Dur\u00e9e de lecture estim\u00e9e\" \/>\n\t<meta name=\"twitter:data2\" content=\"2 minutes\" \/>\n<script type=\"application\/ld+json\" class=\"yoast-schema-graph\">{\"@context\":\"https:\/\/schema.org\",\"@graph\":[{\"@type\":\"Article\",\"@id\":\"https:\/\/kapitalis.com\/tunisie\/2018\/07\/04\/sami-tahri-accuse-samir-taieb-dingerence-dans-les-affaires-de-lugtt\/#article\",\"isPartOf\":{\"@id\":\"https:\/\/kapitalis.com\/tunisie\/2018\/07\/04\/sami-tahri-accuse-samir-taieb-dingerence-dans-les-affaires-de-lugtt\/\"},\"author\":{\"name\":\"emna benabdallah\",\"@id\":\"https:\/\/kapitalis.com\/tunisie\/#\/schema\/person\/2c6e134b2f3369dffcd1daf5f087d28b\"},\"headline\":\"Sami Tahri accuse Samir Ta\u00efeb d&rsquo;ing\u00e9rence dans les affaires de l&rsquo;UGTT\",\"datePublished\":\"2018-07-04T16:57:27+00:00\",\"dateModified\":\"2018-07-04T17:20:06+00:00\",\"mainEntityOfPage\":{\"@id\":\"https:\/\/kapitalis.com\/tunisie\/2018\/07\/04\/sami-tahri-accuse-samir-taieb-dingerence-dans-les-affaires-de-lugtt\/\"},\"wordCount\":332,\"commentCount\":2,\"publisher\":{\"@id\":\"https:\/\/kapitalis.com\/tunisie\/#organization\"},\"image\":{\"@id\":\"https:\/\/kapitalis.com\/tunisie\/2018\/07\/04\/sami-tahri-accuse-samir-taieb-dingerence-dans-les-affaires-de-lugtt\/#primaryimage\"},\"thumbnailUrl\":\"\",\"keywords\":[\"INS\",\"Sami Tahri\",\"Samir Taieb\",\"UGTT\"],\"articleSection\":[\"POLITIQUE\",\"Tunisie\"],\"inLanguage\":\"fr-FR\",\"potentialAction\":[{\"@type\":\"CommentAction\",\"name\":\"Comment\",\"target\":[\"https:\/\/kapitalis.com\/tunisie\/2018\/07\/04\/sami-tahri-accuse-samir-taieb-dingerence-dans-les-affaires-de-lugtt\/#respond\"]}]},{\"@type\":\"WebPage\",\"@id\":\"https:\/\/kapitalis.com\/tunisie\/2018\/07\/04\/sami-tahri-accuse-samir-taieb-dingerence-dans-les-affaires-de-lugtt\/\",\"url\":\"https:\/\/kapitalis.com\/tunisie\/2018\/07\/04\/sami-tahri-accuse-samir-taieb-dingerence-dans-les-affaires-de-lugtt\/\",\"name\":\"Sami Tahri accuse Samir Ta\u00efeb d'ing\u00e9rence dans les affaires de l'UGTT - Kapitalis\",\"isPartOf\":{\"@id\":\"https:\/\/kapitalis.com\/tunisie\/#website\"},\"primaryImageOfPage\":{\"@id\":\"https:\/\/kapitalis.com\/tunisie\/2018\/07\/04\/sami-tahri-accuse-samir-taieb-dingerence-dans-les-affaires-de-lugtt\/#primaryimage\"},\"image\":{\"@id\":\"https:\/\/kapitalis.com\/tunisie\/2018\/07\/04\/sami-tahri-accuse-samir-taieb-dingerence-dans-les-affaires-de-lugtt\/#primaryimage\"},\"thumbnailUrl\":\"\",\"datePublished\":\"2018-07-04T16:57:27+00:00\",\"dateModified\":\"2018-07-04T17:20:06+00:00\",\"breadcrumb\":{\"@id\":\"https:\/\/kapitalis.com\/tunisie\/2018\/07\/04\/sami-tahri-accuse-samir-taieb-dingerence-dans-les-affaires-de-lugtt\/#breadcrumb\"},\"inLanguage\":\"fr-FR\",\"potentialAction\":[{\"@type\":\"ReadAction\",\"target\":[\"https:\/\/kapitalis.com\/tunisie\/2018\/07\/04\/sami-tahri-accuse-samir-taieb-dingerence-dans-les-affaires-de-lugtt\/\"]}]},{\"@type\":\"ImageObject\",\"inLanguage\":\"fr-FR\",\"@id\":\"https:\/\/kapitalis.com\/tunisie\/2018\/07\/04\/sami-tahri-accuse-samir-taieb-dingerence-dans-les-affaires-de-lugtt\/#primaryimage\",\"url\":\"\",\"contentUrl\":\"\"},{\"@type\":\"BreadcrumbList\",\"@id\":\"https:\/\/kapitalis.com\/tunisie\/2018\/07\/04\/sami-tahri-accuse-samir-taieb-dingerence-dans-les-affaires-de-lugtt\/#breadcrumb\",\"itemListElement\":[{\"@type\":\"ListItem\",\"position\":1,\"name\":\"Accueil\",\"item\":\"https:\/\/kapitalis.com\/tunisie\/\"},{\"@type\":\"ListItem\",\"position\":2,\"name\":\"Sami Tahri accuse Samir Ta\u00efeb d&rsquo;ing\u00e9rence dans les affaires de l&rsquo;UGTT\"}]},{\"@type\":\"WebSite\",\"@id\":\"https:\/\/kapitalis.com\/tunisie\/#website\",\"url\":\"https:\/\/kapitalis.com\/tunisie\/\",\"name\":\"Kapitalis\",\"description\":\"L&#039;actualit\u00e9 en Tunisie et dans le monde\",\"publisher\":{\"@id\":\"https:\/\/kapitalis.com\/tunisie\/#organization\"},\"potentialAction\":[{\"@type\":\"SearchAction\",\"target\":{\"@type\":\"EntryPoint\",\"urlTemplate\":\"https:\/\/kapitalis.com\/tunisie\/?s={search_term_string}\"},\"query-input\":{\"@type\":\"PropertyValueSpecification\",\"valueRequired\":true,\"valueName\":\"search_term_string\"}}],\"inLanguage\":\"fr-FR\"},{\"@type\":\"Organization\",\"@id\":\"https:\/\/kapitalis.com\/tunisie\/#organization\",\"name\":\"Kapitalis\",\"url\":\"https:\/\/kapitalis.com\/tunisie\/\",\"logo\":{\"@type\":\"ImageObject\",\"inLanguage\":\"fr-FR\",\"@id\":\"https:\/\/kapitalis.com\/tunisie\/#\/schema\/logo\/image\/\",\"url\":\"https:\/\/kapitalis.com\/tunisie\/wp-content\/uploads\/2022\/05\/Kapitalis-big-size.png\",\"contentUrl\":\"https:\/\/kapitalis.com\/tunisie\/wp-content\/uploads\/2022\/05\/Kapitalis-big-size.png\",\"width\":5000,\"height\":1500,\"caption\":\"Kapitalis\"},\"image\":{\"@id\":\"https:\/\/kapitalis.com\/tunisie\/#\/schema\/logo\/image\/\"},\"sameAs\":[\"https:\/\/www.facebook.com\/KapitalisInfo\/\",\"https:\/\/x.com\/KapitalisInfo\",\"https:\/\/www.youtube.com\/channel\/UC-yDYrHyfFBWWZaOw3FPg9Q\"]},{\"@type\":\"Person\",\"@id\":\"https:\/\/kapitalis.com\/tunisie\/#\/schema\/person\/2c6e134b2f3369dffcd1daf5f087d28b\",\"name\":\"emna benabdallah\",\"url\":\"https:\/\/kapitalis.com\/tunisie\/author\/emna\/\"}]}<\/script>\n<!-- \/ Yoast SEO plugin. -->","yoast_head_json":{"title":"Sami Tahri accuse Samir Ta\u00efeb d'ing\u00e9rence dans les affaires de l'UGTT - Kapitalis","robots":{"index":"index","follow":"follow","max-snippet":"max-snippet:-1","max-image-preview":"max-image-preview:large","max-video-preview":"max-video-preview:-1"},"canonical":"https:\/\/kapitalis.com\/tunisie\/2018\/07\/04\/sami-tahri-accuse-samir-taieb-dingerence-dans-les-affaires-de-lugtt\/","og_locale":"fr_FR","og_type":"article","og_title":"Sami Tahri accuse Samir Ta\u00efeb d'ing\u00e9rence dans les affaires de l'UGTT - Kapitalis","og_description":"Samir Ta\u00efeb\/Sami Tahri. Sami Tahri, secr\u00e9taire g\u00e9n\u00e9ral adjoint de l&rsquo;Union g\u00e9n\u00e9rale tunisienne du travail (UGTT), a appel\u00e9 Samir Ta\u00efeb, ministre de l&rsquo;Agriculture, \u00e0 ne pas interf\u00e9rer\u00a0dans les affaires int\u00e9rieures de la centrale syndicale.","og_url":"https:\/\/kapitalis.com\/tunisie\/2018\/07\/04\/sami-tahri-accuse-samir-taieb-dingerence-dans-les-affaires-de-lugtt\/","og_site_name":"Kapitalis","article_publisher":"https:\/\/www.facebook.com\/KapitalisInfo\/","article_published_time":"2018-07-04T16:57:27+00:00","article_modified_time":"2018-07-04T17:20:06+00:00","og_image":[{"width":1200,"height":630,"url":"https:\/\/kapitalis.com\/tunisie\/wp-content\/uploads\/2022\/05\/kapitalis-logo-fb.png","type":"image\/png"}],"author":"emna benabdallah","twitter_card":"summary_large_image","twitter_creator":"@KapitalisInfo","twitter_site":"@KapitalisInfo","twitter_misc":{"\u00c9crit par":"emna benabdallah","Dur\u00e9e de lecture estim\u00e9e":"2 minutes"},"schema":{"@context":"https:\/\/schema.org","@graph":[{"@type":"Article","@id":"https:\/\/kapitalis.com\/tunisie\/2018\/07\/04\/sami-tahri-accuse-samir-taieb-dingerence-dans-les-affaires-de-lugtt\/#article","isPartOf":{"@id":"https:\/\/kapitalis.com\/tunisie\/2018\/07\/04\/sami-tahri-accuse-samir-taieb-dingerence-dans-les-affaires-de-lugtt\/"},"author":{"name":"emna benabdallah","@id":"https:\/\/kapitalis.com\/tunisie\/#\/schema\/person\/2c6e134b2f3369dffcd1daf5f087d28b"},"headline":"Sami Tahri accuse Samir Ta\u00efeb d&rsquo;ing\u00e9rence dans les affaires de l&rsquo;UGTT","datePublished":"2018-07-04T16:57:27+00:00","dateModified":"2018-07-04T17:20:06+00:00","mainEntityOfPage":{"@id":"https:\/\/kapitalis.com\/tunisie\/2018\/07\/04\/sami-tahri-accuse-samir-taieb-dingerence-dans-les-affaires-de-lugtt\/"},"wordCount":332,"commentCount":2,"publisher":{"@id":"https:\/\/kapitalis.com\/tunisie\/#organization"},"image":{"@id":"https:\/\/kapitalis.com\/tunisie\/2018\/07\/04\/sami-tahri-accuse-samir-taieb-dingerence-dans-les-affaires-de-lugtt\/#primaryimage"},"thumbnailUrl":"","keywords":["INS","Sami Tahri","Samir Taieb","UGTT"],"articleSection":["POLITIQUE","Tunisie"],"inLanguage":"fr-FR","potentialAction":[{"@type":"CommentAction","name":"Comment","target":["https:\/\/kapitalis.com\/tunisie\/2018\/07\/04\/sami-tahri-accuse-samir-taieb-dingerence-dans-les-affaires-de-lugtt\/#respond"]}]},{"@type":"WebPage","@id":"https:\/\/kapitalis.com\/tunisie\/2018\/07\/04\/sami-tahri-accuse-samir-taieb-dingerence-dans-les-affaires-de-lugtt\/","url":"https:\/\/kapitalis.com\/tunisie\/2018\/07\/04\/sami-tahri-accuse-samir-taieb-dingerence-dans-les-affaires-de-lugtt\/","name":"Sami Tahri accuse Samir Ta\u00efeb d'ing\u00e9rence dans les affaires de l'UGTT - Kapitalis","isPartOf":{"@id":"https:\/\/kapitalis.com\/tunisie\/#website"},"primaryImageOfPage":{"@id":"https:\/\/kapitalis.com\/tunisie\/2018\/07\/04\/sami-tahri-accuse-samir-taieb-dingerence-dans-les-affaires-de-lugtt\/#primaryimage"},"image":{"@id":"https:\/\/kapitalis.com\/tunisie\/2018\/07\/04\/sami-tahri-accuse-samir-taieb-dingerence-dans-les-affaires-de-lugtt\/#primaryimage"},"thumbnailUrl":"","datePublished":"2018-07-04T16:57:27+00:00","dateModified":"2018-07-04T17:20:06+00:00","breadcrumb":{"@id":"https:\/\/kapitalis.com\/tunisie\/2018\/07\/04\/sami-tahri-accuse-samir-taieb-dingerence-dans-les-affaires-de-lugtt\/#breadcrumb"},"inLanguage":"fr-FR","potentialAction":[{"@type":"ReadAction","target":["https:\/\/kapitalis.com\/tunisie\/2018\/07\/04\/sami-tahri-accuse-samir-taieb-dingerence-dans-les-affaires-de-lugtt\/"]}]},{"@type":"ImageObject","inLanguage":"fr-FR","@id":"https:\/\/kapitalis.com\/tunisie\/2018\/07\/04\/sami-tahri-accuse-samir-taieb-dingerence-dans-les-affaires-de-lugtt\/#primaryimage","url":"","contentUrl":""},{"@type":"BreadcrumbList","@id":"https:\/\/kapitalis.com\/tunisie\/2018\/07\/04\/sami-tahri-accuse-samir-taieb-dingerence-dans-les-affaires-de-lugtt\/#breadcrumb","itemListElement":[{"@type":"ListItem","position":1,"name":"Accueil","item":"https:\/\/kapitalis.com\/tunisie\/"},{"@type":"ListItem","position":2,"name":"Sami Tahri accuse Samir Ta\u00efeb d&rsquo;ing\u00e9rence dans les affaires de l&rsquo;UGTT"}]},{"@type":"WebSite","@id":"https:\/\/kapitalis.com\/tunisie\/#website","url":"https:\/\/kapitalis.com\/tunisie\/","name":"Kapitalis","description":"L&#039;actualit\u00e9 en Tunisie et dans le monde","publisher":{"@id":"https:\/\/kapitalis.com\/tunisie\/#organization"},"potentialAction":[{"@type":"SearchAction","target":{"@type":"EntryPoint","urlTemplate":"https:\/\/kapitalis.com\/tunisie\/?s={search_term_string}"},"query-input":{"@type":"PropertyValueSpecification","valueRequired":true,"valueName":"search_term_string"}}],"inLanguage":"fr-FR"},{"@type":"Organization","@id":"https:\/\/kapitalis.com\/tunisie\/#organization","name":"Kapitalis","url":"https:\/\/kapitalis.com\/tunisie\/","logo":{"@type":"ImageObject","inLanguage":"fr-FR","@id":"https:\/\/kapitalis.com\/tunisie\/#\/schema\/logo\/image\/","url":"https:\/\/kapitalis.com\/tunisie\/wp-content\/uploads\/2022\/05\/Kapitalis-big-size.png","contentUrl":"https:\/\/kapitalis.com\/tunisie\/wp-content\/uploads\/2022\/05\/Kapitalis-big-size.png","width":5000,"height":1500,"caption":"Kapitalis"},"image":{"@id":"https:\/\/kapitalis.com\/tunisie\/#\/schema\/logo\/image\/"},"sameAs":["https:\/\/www.facebook.com\/KapitalisInfo\/","https:\/\/x.com\/KapitalisInfo","https:\/\/www.youtube.com\/channel\/UC-yDYrHyfFBWWZaOw3FPg9Q"]},{"@type":"Person","@id":"https:\/\/kapitalis.com\/tunisie\/#\/schema\/person\/2c6e134b2f3369dffcd1daf5f087d28b","name":"emna benabdallah","url":"https:\/\/kapitalis.com\/tunisie\/author\/emna\/"}]}},"_links":{"self":[{"href":"https:\/\/kapitalis.com\/tunisie\/wp-json\/wp\/v2\/posts\/163089","targetHints":{"allow":["GET"]}}],"collection":[{"href":"https:\/\/kapitalis.com\/tunisie\/wp-json\/wp\/v2\/posts"}],"about":[{"href":"https:\/\/kapitalis.com\/tunisie\/wp-json\/wp\/v2\/types\/post"}],"author":[{"embeddable":true,"href":"https:\/\/kapitalis.com\/tunisie\/wp-json\/wp\/v2\/users\/16"}],"replies":[{"embeddable":true,"href":"https:\/\/kapitalis.com\/tunisie\/wp-json\/wp\/v2\/comments?post=163089"}],"version-history":[{"count":0,"href":"https:\/\/kapitalis.com\/tunisie\/wp-json\/wp\/v2\/posts\/163089\/revisions"}],"wp:featuredmedia":[{"embeddable":true,"href":"https:\/\/kapitalis.com\/tunisie\/wp-json\/wp\/v2\/media\/163105"}],"wp:attachment":[{"href":"https:\/\/kapitalis.com\/tunisie\/wp-json\/wp\/v2\/media?parent=163089"}],"wp:term":[{"taxonomy":"category","embeddable":true,"href":"https:\/\/kapitalis.com\/tunisie\/wp-json\/wp\/v2\/categories?post=163089"},{"taxonomy":"post_tag","embeddable":true,"href":"https:\/\/kapitalis.com\/tunisie\/wp-json\/wp\/v2\/tags?post=163089"}],"curies":[{"name":"wp","href":"https:\/\/api.w.org\/{rel}","templated":true}]}}