{"id":163305,"date":"2018-07-05T17:38:22","date_gmt":"2018-07-05T16:38:22","guid":{"rendered":"http:\/\/kapitalis.com\/tunisie\/?p=163305"},"modified":"2018-07-05T17:38:22","modified_gmt":"2018-07-05T16:38:22","slug":"aeronautique-journee-portes-ouvertes-desat-university-et-afa","status":"publish","type":"post","link":"https:\/\/kapitalis.com\/tunisie\/2018\/07\/05\/aeronautique-journee-portes-ouvertes-desat-university-et-afa\/","title":{"rendered":"A\u00e9ronautique : Journ\u00e9e portes ouvertes d\u2019Esat University et AFA"},"content":{"rendered":"<p style=\"text-align: center;\"><img loading=\"lazy\" decoding=\"async\" class=\"alignnone size-full wp-image-163306\" src=\"http:\/\/kapitalis.com\/tunisie\/wp-content\/uploads\/2018\/07\/AFA-ESAT-University.jpg\" alt=\"\" width=\"626\" height=\"380\" \/><\/p>\n<p><em><strong>L\u2019Ecole sup\u00e9rieure de l\u2019a\u00e9ronautique et de technologies (ESAT University) et l\u2019Acad\u00e9mie priv\u00e9e de l\u2019aviation \u00e0 Tunis (AFA) organisent une journ\u00e9e portes ouvertes pour la pr\u00e9sentation des derni\u00e8res comp\u00e9tences, avec une visite de terrain aux cockpits et un spectacle a\u00e9rien.<\/strong><\/em><\/p>\n<p><!--more--><\/p>\n<p>La journ\u00e9e est pr\u00e9vue le samedi 7 juillet 2018, au si\u00e8ge des deux \u00e9tablissements, \u00e0 la Charguia 2. Elle sera consacr\u00e9e \u00e0 pr\u00e9sentation des diff\u00e9rentes sp\u00e9cialit\u00e9s, notamment les plus prometteuses, ainsi que les diff\u00e9rents programmes de formation qui ouvrent divers horizons au niveau de l\u2019emploi, en Tunisie et m\u00eame \u00e0 l&rsquo;\u00e9tranger, et les multiples stages qu\u2019ils offrent.<\/p>\n<p>Le but est d\u2019offrir un large espace communicationnel entre l\u2019\u00e9cole et les \u00e9tudiants qui souhaitent y participer, de les conseiller, les guider dans leurs choix et leur pr\u00e9senter les sp\u00e9cialit\u00e9s, nouvellement cr\u00e9\u00e9es, qui correspondent aux besoins du march\u00e9 du travail actuel.<\/p>\n<p>Une id\u00e9e leur sera donn\u00e9e sur les bourses offertes par ESAT University et par l\u2019AFA \u00e0 l\u2019\u00e9tranger ainsi que sur les derni\u00e8res technologies dans l\u2019aviation et les disciplines y aff\u00e9rentes, les clubs \u00e9ducatifs, scientifiques et de divertissement qui peuvent \u00eatre impliqu\u00e9s.<\/p>\n<p>Le programme comprend aussi une visite sur terrain des diverses unit\u00e9s scolaires, salles de commandements, avions et \u00e9quipements, y compris Boeing B737 et Airbus A320, et de profiter d\u2019une vue a\u00e9rienne des avions.<\/p>\n<p>Il faut noter qu\u2019ESAT University et l\u2019AFA ont \u00e9t\u00e9 fond\u00e9es par un groupe d\u2019experts industriels et offrent une formation dans les sp\u00e9cialit\u00e9s d\u2019un haut niveau national, assez rares en Afrique, telles que l\u2019ing\u00e9nierie a\u00e9ronautique, la topographie et la g\u00e9omatique, l\u2019informatique et les t\u00e9l\u00e9coms orient\u00e9es a\u00e9rospatiale.<\/p>\n<p>Le but d\u2019ESAT University et de l\u2019AFA est de fournir aux pilotes sp\u00e9cialis\u00e9s des qualifications \u00e9lev\u00e9es, des formations et des dipl\u00f4mes de techniciens d&rsquo;entretien des a\u00e9ronefs et tous les professionnels de l\u2019a\u00e9roport, ainsi que la formation et la qualification des instructeurs d&rsquo;aviation.<\/p>\n<p>ESAT University et l\u2019AFA b\u00e9n\u00e9ficient d\u2019un large r\u00e9seau de partenariats avec de prestigieuses institutions universitaires nationales et internationales o\u00f9 les \u00e9tudiants poursuivent leurs \u00e9tudes sp\u00e9cialis\u00e9es dans le cadre de mobilit\u00e9 \u00e9tudiante avec une bourse Erasmus +\/AUF en Turquie, Espagne, France, Canada, Chine et avec de nombreuses entreprises industrielles et bureaux d\u2019\u00e9tudes.<\/p>\n<p style=\"text-align: right;\"><strong>I. B.<\/strong> (avec communiqu\u00e9).<\/p>\n","protected":false},"excerpt":{"rendered":"<p>L\u2019Ecole sup\u00e9rieure de l\u2019a\u00e9ronautique et de technologies (ESAT University) et l\u2019Acad\u00e9mie priv\u00e9e de l\u2019aviation \u00e0 Tunis (AFA) organisent une journ\u00e9e portes ouvertes pour la pr\u00e9sentation des derni\u00e8res comp\u00e9tences, avec une visite de terrain aux cockpits et un spectacle a\u00e9rien.<\/p>\n","protected":false},"author":8,"featured_media":163306,"comment_status":"open","ping_status":"open","sticky":false,"template":"","format":"standard","meta":{"footnotes":""},"categories":[998,2433],"tags":[33,5251],"class_list":["post-163305","post","type-post","status-publish","format-standard","has-post-thumbnail","hentry","category-societe","category-tunisie","tag-aeronautique","tag-aviation"],"yoast_head":"<!-- This site is optimized with the Yoast SEO plugin v26.6 - https:\/\/yoast.com\/wordpress\/plugins\/seo\/ -->\n<title>A\u00e9ronautique : Journ\u00e9e portes ouvertes d\u2019Esat University et AFA - Kapitalis<\/title>\n<meta name=\"robots\" content=\"index, follow, max-snippet:-1, max-image-preview:large, max-video-preview:-1\" \/>\n<link rel=\"canonical\" href=\"https:\/\/kapitalis.com\/tunisie\/2018\/07\/05\/aeronautique-journee-portes-ouvertes-desat-university-et-afa\/\" \/>\n<meta property=\"og:locale\" content=\"fr_FR\" \/>\n<meta property=\"og:type\" content=\"article\" \/>\n<meta property=\"og:title\" content=\"A\u00e9ronautique : Journ\u00e9e portes ouvertes d\u2019Esat University et AFA - Kapitalis\" \/>\n<meta property=\"og:description\" content=\"L\u2019Ecole sup\u00e9rieure de l\u2019a\u00e9ronautique et de technologies (ESAT University) et l\u2019Acad\u00e9mie priv\u00e9e de l\u2019aviation \u00e0 Tunis (AFA) organisent une journ\u00e9e portes ouvertes pour la pr\u00e9sentation des derni\u00e8res comp\u00e9tences, avec une visite de terrain aux cockpits et un spectacle a\u00e9rien.\" \/>\n<meta property=\"og:url\" content=\"https:\/\/kapitalis.com\/tunisie\/2018\/07\/05\/aeronautique-journee-portes-ouvertes-desat-university-et-afa\/\" \/>\n<meta property=\"og:site_name\" content=\"Kapitalis\" \/>\n<meta property=\"article:publisher\" content=\"https:\/\/www.facebook.com\/KapitalisInfo\/\" \/>\n<meta property=\"article:published_time\" content=\"2018-07-05T16:38:22+00:00\" \/>\n<meta property=\"og:image\" content=\"https:\/\/kapitalis.com\/tunisie\/wp-content\/uploads\/2022\/05\/kapitalis-logo-fb.png\" \/>\n\t<meta property=\"og:image:width\" content=\"1200\" \/>\n\t<meta property=\"og:image:height\" content=\"630\" \/>\n\t<meta property=\"og:image:type\" content=\"image\/png\" \/>\n<meta name=\"author\" content=\"webmaster kapitalis\" \/>\n<meta name=\"twitter:card\" content=\"summary_large_image\" \/>\n<meta name=\"twitter:creator\" content=\"@KapitalisInfo\" \/>\n<meta name=\"twitter:site\" content=\"@KapitalisInfo\" \/>\n<meta name=\"twitter:label1\" content=\"\u00c9crit par\" \/>\n\t<meta name=\"twitter:data1\" content=\"webmaster kapitalis\" \/>\n\t<meta name=\"twitter:label2\" content=\"Dur\u00e9e de lecture estim\u00e9e\" \/>\n\t<meta name=\"twitter:data2\" content=\"2 minutes\" \/>\n<script type=\"application\/ld+json\" class=\"yoast-schema-graph\">{\"@context\":\"https:\/\/schema.org\",\"@graph\":[{\"@type\":\"Article\",\"@id\":\"https:\/\/kapitalis.com\/tunisie\/2018\/07\/05\/aeronautique-journee-portes-ouvertes-desat-university-et-afa\/#article\",\"isPartOf\":{\"@id\":\"https:\/\/kapitalis.com\/tunisie\/2018\/07\/05\/aeronautique-journee-portes-ouvertes-desat-university-et-afa\/\"},\"author\":{\"name\":\"webmaster kapitalis\",\"@id\":\"https:\/\/kapitalis.com\/tunisie\/#\/schema\/person\/d71f33a9ca44f7bad4698210b480c8e9\"},\"headline\":\"A\u00e9ronautique : Journ\u00e9e portes ouvertes d\u2019Esat University et AFA\",\"datePublished\":\"2018-07-05T16:38:22+00:00\",\"mainEntityOfPage\":{\"@id\":\"https:\/\/kapitalis.com\/tunisie\/2018\/07\/05\/aeronautique-journee-portes-ouvertes-desat-university-et-afa\/\"},\"wordCount\":432,\"commentCount\":1,\"publisher\":{\"@id\":\"https:\/\/kapitalis.com\/tunisie\/#organization\"},\"image\":{\"@id\":\"https:\/\/kapitalis.com\/tunisie\/2018\/07\/05\/aeronautique-journee-portes-ouvertes-desat-university-et-afa\/#primaryimage\"},\"thumbnailUrl\":\"\",\"keywords\":[\"a\u00e9ronautique\",\"aviation\"],\"articleSection\":[\"SOCIETE\",\"Tunisie\"],\"inLanguage\":\"fr-FR\",\"potentialAction\":[{\"@type\":\"CommentAction\",\"name\":\"Comment\",\"target\":[\"https:\/\/kapitalis.com\/tunisie\/2018\/07\/05\/aeronautique-journee-portes-ouvertes-desat-university-et-afa\/#respond\"]}]},{\"@type\":\"WebPage\",\"@id\":\"https:\/\/kapitalis.com\/tunisie\/2018\/07\/05\/aeronautique-journee-portes-ouvertes-desat-university-et-afa\/\",\"url\":\"https:\/\/kapitalis.com\/tunisie\/2018\/07\/05\/aeronautique-journee-portes-ouvertes-desat-university-et-afa\/\",\"name\":\"A\u00e9ronautique : Journ\u00e9e portes ouvertes d\u2019Esat University et AFA - Kapitalis\",\"isPartOf\":{\"@id\":\"https:\/\/kapitalis.com\/tunisie\/#website\"},\"primaryImageOfPage\":{\"@id\":\"https:\/\/kapitalis.com\/tunisie\/2018\/07\/05\/aeronautique-journee-portes-ouvertes-desat-university-et-afa\/#primaryimage\"},\"image\":{\"@id\":\"https:\/\/kapitalis.com\/tunisie\/2018\/07\/05\/aeronautique-journee-portes-ouvertes-desat-university-et-afa\/#primaryimage\"},\"thumbnailUrl\":\"\",\"datePublished\":\"2018-07-05T16:38:22+00:00\",\"breadcrumb\":{\"@id\":\"https:\/\/kapitalis.com\/tunisie\/2018\/07\/05\/aeronautique-journee-portes-ouvertes-desat-university-et-afa\/#breadcrumb\"},\"inLanguage\":\"fr-FR\",\"potentialAction\":[{\"@type\":\"ReadAction\",\"target\":[\"https:\/\/kapitalis.com\/tunisie\/2018\/07\/05\/aeronautique-journee-portes-ouvertes-desat-university-et-afa\/\"]}]},{\"@type\":\"ImageObject\",\"inLanguage\":\"fr-FR\",\"@id\":\"https:\/\/kapitalis.com\/tunisie\/2018\/07\/05\/aeronautique-journee-portes-ouvertes-desat-university-et-afa\/#primaryimage\",\"url\":\"\",\"contentUrl\":\"\"},{\"@type\":\"BreadcrumbList\",\"@id\":\"https:\/\/kapitalis.com\/tunisie\/2018\/07\/05\/aeronautique-journee-portes-ouvertes-desat-university-et-afa\/#breadcrumb\",\"itemListElement\":[{\"@type\":\"ListItem\",\"position\":1,\"name\":\"Accueil\",\"item\":\"https:\/\/kapitalis.com\/tunisie\/\"},{\"@type\":\"ListItem\",\"position\":2,\"name\":\"A\u00e9ronautique : Journ\u00e9e portes ouvertes d\u2019Esat University et AFA\"}]},{\"@type\":\"WebSite\",\"@id\":\"https:\/\/kapitalis.com\/tunisie\/#website\",\"url\":\"https:\/\/kapitalis.com\/tunisie\/\",\"name\":\"Kapitalis\",\"description\":\"L&#039;actualit\u00e9 en Tunisie et dans le monde\",\"publisher\":{\"@id\":\"https:\/\/kapitalis.com\/tunisie\/#organization\"},\"potentialAction\":[{\"@type\":\"SearchAction\",\"target\":{\"@type\":\"EntryPoint\",\"urlTemplate\":\"https:\/\/kapitalis.com\/tunisie\/?s={search_term_string}\"},\"query-input\":{\"@type\":\"PropertyValueSpecification\",\"valueRequired\":true,\"valueName\":\"search_term_string\"}}],\"inLanguage\":\"fr-FR\"},{\"@type\":\"Organization\",\"@id\":\"https:\/\/kapitalis.com\/tunisie\/#organization\",\"name\":\"Kapitalis\",\"url\":\"https:\/\/kapitalis.com\/tunisie\/\",\"logo\":{\"@type\":\"ImageObject\",\"inLanguage\":\"fr-FR\",\"@id\":\"https:\/\/kapitalis.com\/tunisie\/#\/schema\/logo\/image\/\",\"url\":\"https:\/\/kapitalis.com\/tunisie\/wp-content\/uploads\/2022\/05\/Kapitalis-big-size.png\",\"contentUrl\":\"https:\/\/kapitalis.com\/tunisie\/wp-content\/uploads\/2022\/05\/Kapitalis-big-size.png\",\"width\":5000,\"height\":1500,\"caption\":\"Kapitalis\"},\"image\":{\"@id\":\"https:\/\/kapitalis.com\/tunisie\/#\/schema\/logo\/image\/\"},\"sameAs\":[\"https:\/\/www.facebook.com\/KapitalisInfo\/\",\"https:\/\/x.com\/KapitalisInfo\",\"https:\/\/www.youtube.com\/channel\/UC-yDYrHyfFBWWZaOw3FPg9Q\"]},{\"@type\":\"Person\",\"@id\":\"https:\/\/kapitalis.com\/tunisie\/#\/schema\/person\/d71f33a9ca44f7bad4698210b480c8e9\",\"name\":\"webmaster kapitalis\",\"url\":\"https:\/\/kapitalis.com\/tunisie\/author\/webmaster-kapitalis\/\"}]}<\/script>\n<!-- \/ Yoast SEO plugin. -->","yoast_head_json":{"title":"A\u00e9ronautique : Journ\u00e9e portes ouvertes d\u2019Esat University et AFA - Kapitalis","robots":{"index":"index","follow":"follow","max-snippet":"max-snippet:-1","max-image-preview":"max-image-preview:large","max-video-preview":"max-video-preview:-1"},"canonical":"https:\/\/kapitalis.com\/tunisie\/2018\/07\/05\/aeronautique-journee-portes-ouvertes-desat-university-et-afa\/","og_locale":"fr_FR","og_type":"article","og_title":"A\u00e9ronautique : Journ\u00e9e portes ouvertes d\u2019Esat University et AFA - Kapitalis","og_description":"L\u2019Ecole sup\u00e9rieure de l\u2019a\u00e9ronautique et de technologies (ESAT University) et l\u2019Acad\u00e9mie priv\u00e9e de l\u2019aviation \u00e0 Tunis (AFA) organisent une journ\u00e9e portes ouvertes pour la pr\u00e9sentation des derni\u00e8res comp\u00e9tences, avec une visite de terrain aux cockpits et un spectacle a\u00e9rien.","og_url":"https:\/\/kapitalis.com\/tunisie\/2018\/07\/05\/aeronautique-journee-portes-ouvertes-desat-university-et-afa\/","og_site_name":"Kapitalis","article_publisher":"https:\/\/www.facebook.com\/KapitalisInfo\/","article_published_time":"2018-07-05T16:38:22+00:00","og_image":[{"width":1200,"height":630,"url":"https:\/\/kapitalis.com\/tunisie\/wp-content\/uploads\/2022\/05\/kapitalis-logo-fb.png","type":"image\/png"}],"author":"webmaster kapitalis","twitter_card":"summary_large_image","twitter_creator":"@KapitalisInfo","twitter_site":"@KapitalisInfo","twitter_misc":{"\u00c9crit par":"webmaster kapitalis","Dur\u00e9e de lecture estim\u00e9e":"2 minutes"},"schema":{"@context":"https:\/\/schema.org","@graph":[{"@type":"Article","@id":"https:\/\/kapitalis.com\/tunisie\/2018\/07\/05\/aeronautique-journee-portes-ouvertes-desat-university-et-afa\/#article","isPartOf":{"@id":"https:\/\/kapitalis.com\/tunisie\/2018\/07\/05\/aeronautique-journee-portes-ouvertes-desat-university-et-afa\/"},"author":{"name":"webmaster kapitalis","@id":"https:\/\/kapitalis.com\/tunisie\/#\/schema\/person\/d71f33a9ca44f7bad4698210b480c8e9"},"headline":"A\u00e9ronautique : Journ\u00e9e portes ouvertes d\u2019Esat University et AFA","datePublished":"2018-07-05T16:38:22+00:00","mainEntityOfPage":{"@id":"https:\/\/kapitalis.com\/tunisie\/2018\/07\/05\/aeronautique-journee-portes-ouvertes-desat-university-et-afa\/"},"wordCount":432,"commentCount":1,"publisher":{"@id":"https:\/\/kapitalis.com\/tunisie\/#organization"},"image":{"@id":"https:\/\/kapitalis.com\/tunisie\/2018\/07\/05\/aeronautique-journee-portes-ouvertes-desat-university-et-afa\/#primaryimage"},"thumbnailUrl":"","keywords":["a\u00e9ronautique","aviation"],"articleSection":["SOCIETE","Tunisie"],"inLanguage":"fr-FR","potentialAction":[{"@type":"CommentAction","name":"Comment","target":["https:\/\/kapitalis.com\/tunisie\/2018\/07\/05\/aeronautique-journee-portes-ouvertes-desat-university-et-afa\/#respond"]}]},{"@type":"WebPage","@id":"https:\/\/kapitalis.com\/tunisie\/2018\/07\/05\/aeronautique-journee-portes-ouvertes-desat-university-et-afa\/","url":"https:\/\/kapitalis.com\/tunisie\/2018\/07\/05\/aeronautique-journee-portes-ouvertes-desat-university-et-afa\/","name":"A\u00e9ronautique : Journ\u00e9e portes ouvertes d\u2019Esat University et AFA - Kapitalis","isPartOf":{"@id":"https:\/\/kapitalis.com\/tunisie\/#website"},"primaryImageOfPage":{"@id":"https:\/\/kapitalis.com\/tunisie\/2018\/07\/05\/aeronautique-journee-portes-ouvertes-desat-university-et-afa\/#primaryimage"},"image":{"@id":"https:\/\/kapitalis.com\/tunisie\/2018\/07\/05\/aeronautique-journee-portes-ouvertes-desat-university-et-afa\/#primaryimage"},"thumbnailUrl":"","datePublished":"2018-07-05T16:38:22+00:00","breadcrumb":{"@id":"https:\/\/kapitalis.com\/tunisie\/2018\/07\/05\/aeronautique-journee-portes-ouvertes-desat-university-et-afa\/#breadcrumb"},"inLanguage":"fr-FR","potentialAction":[{"@type":"ReadAction","target":["https:\/\/kapitalis.com\/tunisie\/2018\/07\/05\/aeronautique-journee-portes-ouvertes-desat-university-et-afa\/"]}]},{"@type":"ImageObject","inLanguage":"fr-FR","@id":"https:\/\/kapitalis.com\/tunisie\/2018\/07\/05\/aeronautique-journee-portes-ouvertes-desat-university-et-afa\/#primaryimage","url":"","contentUrl":""},{"@type":"BreadcrumbList","@id":"https:\/\/kapitalis.com\/tunisie\/2018\/07\/05\/aeronautique-journee-portes-ouvertes-desat-university-et-afa\/#breadcrumb","itemListElement":[{"@type":"ListItem","position":1,"name":"Accueil","item":"https:\/\/kapitalis.com\/tunisie\/"},{"@type":"ListItem","position":2,"name":"A\u00e9ronautique : Journ\u00e9e portes ouvertes d\u2019Esat University et AFA"}]},{"@type":"WebSite","@id":"https:\/\/kapitalis.com\/tunisie\/#website","url":"https:\/\/kapitalis.com\/tunisie\/","name":"Kapitalis","description":"L&#039;actualit\u00e9 en Tunisie et dans le monde","publisher":{"@id":"https:\/\/kapitalis.com\/tunisie\/#organization"},"potentialAction":[{"@type":"SearchAction","target":{"@type":"EntryPoint","urlTemplate":"https:\/\/kapitalis.com\/tunisie\/?s={search_term_string}"},"query-input":{"@type":"PropertyValueSpecification","valueRequired":true,"valueName":"search_term_string"}}],"inLanguage":"fr-FR"},{"@type":"Organization","@id":"https:\/\/kapitalis.com\/tunisie\/#organization","name":"Kapitalis","url":"https:\/\/kapitalis.com\/tunisie\/","logo":{"@type":"ImageObject","inLanguage":"fr-FR","@id":"https:\/\/kapitalis.com\/tunisie\/#\/schema\/logo\/image\/","url":"https:\/\/kapitalis.com\/tunisie\/wp-content\/uploads\/2022\/05\/Kapitalis-big-size.png","contentUrl":"https:\/\/kapitalis.com\/tunisie\/wp-content\/uploads\/2022\/05\/Kapitalis-big-size.png","width":5000,"height":1500,"caption":"Kapitalis"},"image":{"@id":"https:\/\/kapitalis.com\/tunisie\/#\/schema\/logo\/image\/"},"sameAs":["https:\/\/www.facebook.com\/KapitalisInfo\/","https:\/\/x.com\/KapitalisInfo","https:\/\/www.youtube.com\/channel\/UC-yDYrHyfFBWWZaOw3FPg9Q"]},{"@type":"Person","@id":"https:\/\/kapitalis.com\/tunisie\/#\/schema\/person\/d71f33a9ca44f7bad4698210b480c8e9","name":"webmaster kapitalis","url":"https:\/\/kapitalis.com\/tunisie\/author\/webmaster-kapitalis\/"}]}},"_links":{"self":[{"href":"https:\/\/kapitalis.com\/tunisie\/wp-json\/wp\/v2\/posts\/163305","targetHints":{"allow":["GET"]}}],"collection":[{"href":"https:\/\/kapitalis.com\/tunisie\/wp-json\/wp\/v2\/posts"}],"about":[{"href":"https:\/\/kapitalis.com\/tunisie\/wp-json\/wp\/v2\/types\/post"}],"author":[{"embeddable":true,"href":"https:\/\/kapitalis.com\/tunisie\/wp-json\/wp\/v2\/users\/8"}],"replies":[{"embeddable":true,"href":"https:\/\/kapitalis.com\/tunisie\/wp-json\/wp\/v2\/comments?post=163305"}],"version-history":[{"count":0,"href":"https:\/\/kapitalis.com\/tunisie\/wp-json\/wp\/v2\/posts\/163305\/revisions"}],"wp:featuredmedia":[{"embeddable":true,"href":"https:\/\/kapitalis.com\/tunisie\/wp-json\/wp\/v2\/media\/163306"}],"wp:attachment":[{"href":"https:\/\/kapitalis.com\/tunisie\/wp-json\/wp\/v2\/media?parent=163305"}],"wp:term":[{"taxonomy":"category","embeddable":true,"href":"https:\/\/kapitalis.com\/tunisie\/wp-json\/wp\/v2\/categories?post=163305"},{"taxonomy":"post_tag","embeddable":true,"href":"https:\/\/kapitalis.com\/tunisie\/wp-json\/wp\/v2\/tags?post=163305"}],"curies":[{"name":"wp","href":"https:\/\/api.w.org\/{rel}","templated":true}]}}