{"id":16332,"date":"2015-09-28T13:18:55","date_gmt":"2015-09-28T12:18:55","guid":{"rendered":"http:\/\/kapitalis.com\/tunisie\/?p=16332"},"modified":"2015-09-28T13:20:08","modified_gmt":"2015-09-28T12:20:08","slug":"incendie-dans-une-mosquee-a-londres","status":"publish","type":"post","link":"https:\/\/kapitalis.com\/tunisie\/2015\/09\/28\/incendie-dans-une-mosquee-a-londres\/","title":{"rendered":"Incendie dans une mosqu\u00e9e \u00e0 Londres"},"content":{"rendered":"<div class=\"embed\">\n<div class=\"video\"><iframe loading=\"lazy\" id=\"div1\" src=\"https:\/\/www.youtube.com\/embed\/_-tHBBF-3zU?rel=0&amp;iv_load_policy=3&amp;showinfo=0&amp;modestbranding=1&amp;fs=1\" width=\"560\" height=\"315\" frameborder=\"0\" allowfullscreen=\"allowfullscreen\"><\/iframe><\/div>\n<\/div>\n<p>Les volutes de fum\u00e9e \u00e9taient visibles \u00e0 des kilom\u00e8tres \u00e0 la ronde. Samedi, aux alentours de midi, un incendie a \u00e9clat\u00e9 dans l&rsquo;enceinte de la grande mosqu\u00e9e de Londres, pr\u00e9cis\u00e9ment, au niveau du b\u00e2timent administratif attenant au lieu de culte.<br \/>\nUne dizaine de v\u00e9hicules de pompiers ont \u00e9t\u00e9 rapidement d\u00e9p\u00each\u00e9s sur place. Aucune victime n&rsquo;est \u00e0 d\u00e9plorer. Toutes les personnes travaillant sur le site ayant pu s&rsquo;extraire \u00e0 temps. Le feu a \u00e9t\u00e9 finalement ma\u00eetris\u00e9 en fin de journ\u00e9e, ce qui a permis d&rsquo;\u00e9pargner l&rsquo;\u00e9difice religieux.<br \/>\nUne enqu\u00eate est ouverte pour d\u00e9terminer les causes du sinistre.<\/p>\n","protected":false},"excerpt":{"rendered":"<p>Les volutes de fum\u00e9e \u00e9taient visibles \u00e0 des kilom\u00e8tres \u00e0 la ronde. Samedi, aux alentours de midi, un incendie a \u00e9clat\u00e9 dans l&rsquo;enceinte de la grande mosqu\u00e9e de Londres, pr\u00e9cis\u00e9ment, au niveau du b\u00e2timent administratif attenant au lieu de culte. Une dizaine de v\u00e9hicules de pompiers ont \u00e9t\u00e9 rapidement d\u00e9p\u00each\u00e9s sur place. Aucune victime n&rsquo;est&#8230;<\/p>\n","protected":false},"author":13,"featured_media":16335,"comment_status":"open","ping_status":"open","sticky":false,"template":"","format":"standard","meta":{"footnotes":""},"categories":[4806],"tags":[1035,2781,1925],"class_list":["post-16332","post","type-post","status-publish","format-standard","has-post-thumbnail","hentry","category-videos","tag-incendie","tag-londres","tag-mosquee"],"yoast_head":"<!-- This site is optimized with the Yoast SEO plugin v26.6 - https:\/\/yoast.com\/wordpress\/plugins\/seo\/ -->\n<title>Incendie dans une mosqu\u00e9e \u00e0 Londres - Kapitalis<\/title>\n<meta name=\"robots\" content=\"index, follow, max-snippet:-1, max-image-preview:large, max-video-preview:-1\" \/>\n<link rel=\"canonical\" href=\"https:\/\/kapitalis.com\/tunisie\/2015\/09\/28\/incendie-dans-une-mosquee-a-londres\/\" \/>\n<meta property=\"og:locale\" content=\"fr_FR\" \/>\n<meta property=\"og:type\" content=\"article\" \/>\n<meta property=\"og:title\" content=\"Incendie dans une mosqu\u00e9e \u00e0 Londres - Kapitalis\" \/>\n<meta property=\"og:description\" content=\"Les volutes de fum\u00e9e \u00e9taient visibles \u00e0 des kilom\u00e8tres \u00e0 la ronde. Samedi, aux alentours de midi, un incendie a \u00e9clat\u00e9 dans l&rsquo;enceinte de la grande mosqu\u00e9e de Londres, pr\u00e9cis\u00e9ment, au niveau du b\u00e2timent administratif attenant au lieu de culte. Une dizaine de v\u00e9hicules de pompiers ont \u00e9t\u00e9 rapidement d\u00e9p\u00each\u00e9s sur place. Aucune victime n&rsquo;est...\" \/>\n<meta property=\"og:url\" content=\"https:\/\/kapitalis.com\/tunisie\/2015\/09\/28\/incendie-dans-une-mosquee-a-londres\/\" \/>\n<meta property=\"og:site_name\" content=\"Kapitalis\" \/>\n<meta property=\"article:publisher\" content=\"https:\/\/www.facebook.com\/KapitalisInfo\/\" \/>\n<meta property=\"article:published_time\" content=\"2015-09-28T12:18:55+00:00\" \/>\n<meta property=\"article:modified_time\" content=\"2015-09-28T12:20:08+00:00\" \/>\n<meta property=\"og:image\" content=\"https:\/\/kapitalis.com\/tunisie\/wp-content\/uploads\/2022\/05\/kapitalis-logo-fb.png\" \/>\n\t<meta property=\"og:image:width\" content=\"1200\" \/>\n\t<meta property=\"og:image:height\" content=\"630\" \/>\n\t<meta property=\"og:image:type\" content=\"image\/png\" \/>\n<meta name=\"author\" content=\"webmaster aux\" \/>\n<meta name=\"twitter:card\" content=\"summary_large_image\" \/>\n<meta name=\"twitter:creator\" content=\"@KapitalisInfo\" \/>\n<meta name=\"twitter:site\" content=\"@KapitalisInfo\" \/>\n<meta name=\"twitter:label1\" content=\"\u00c9crit par\" \/>\n\t<meta name=\"twitter:data1\" content=\"webmaster aux\" \/>\n\t<meta name=\"twitter:label2\" content=\"Dur\u00e9e de lecture estim\u00e9e\" \/>\n\t<meta name=\"twitter:data2\" content=\"1 minute\" \/>\n<script type=\"application\/ld+json\" class=\"yoast-schema-graph\">{\"@context\":\"https:\/\/schema.org\",\"@graph\":[{\"@type\":\"Article\",\"@id\":\"https:\/\/kapitalis.com\/tunisie\/2015\/09\/28\/incendie-dans-une-mosquee-a-londres\/#article\",\"isPartOf\":{\"@id\":\"https:\/\/kapitalis.com\/tunisie\/2015\/09\/28\/incendie-dans-une-mosquee-a-londres\/\"},\"author\":{\"name\":\"webmaster aux\",\"@id\":\"https:\/\/kapitalis.com\/tunisie\/#\/schema\/person\/aa8b4a429805c4e3f0713a3c3f95212b\"},\"headline\":\"Incendie dans une mosqu\u00e9e \u00e0 Londres\",\"datePublished\":\"2015-09-28T12:18:55+00:00\",\"dateModified\":\"2015-09-28T12:20:08+00:00\",\"mainEntityOfPage\":{\"@id\":\"https:\/\/kapitalis.com\/tunisie\/2015\/09\/28\/incendie-dans-une-mosquee-a-londres\/\"},\"wordCount\":115,\"commentCount\":0,\"publisher\":{\"@id\":\"https:\/\/kapitalis.com\/tunisie\/#organization\"},\"image\":{\"@id\":\"https:\/\/kapitalis.com\/tunisie\/2015\/09\/28\/incendie-dans-une-mosquee-a-londres\/#primaryimage\"},\"thumbnailUrl\":\"\",\"keywords\":[\"Incendie\",\"Londres\",\"mosqu\u00e9e\"],\"articleSection\":[\"VIDEOS\"],\"inLanguage\":\"fr-FR\",\"potentialAction\":[{\"@type\":\"CommentAction\",\"name\":\"Comment\",\"target\":[\"https:\/\/kapitalis.com\/tunisie\/2015\/09\/28\/incendie-dans-une-mosquee-a-londres\/#respond\"]}]},{\"@type\":\"WebPage\",\"@id\":\"https:\/\/kapitalis.com\/tunisie\/2015\/09\/28\/incendie-dans-une-mosquee-a-londres\/\",\"url\":\"https:\/\/kapitalis.com\/tunisie\/2015\/09\/28\/incendie-dans-une-mosquee-a-londres\/\",\"name\":\"Incendie dans une mosqu\u00e9e \u00e0 Londres - Kapitalis\",\"isPartOf\":{\"@id\":\"https:\/\/kapitalis.com\/tunisie\/#website\"},\"primaryImageOfPage\":{\"@id\":\"https:\/\/kapitalis.com\/tunisie\/2015\/09\/28\/incendie-dans-une-mosquee-a-londres\/#primaryimage\"},\"image\":{\"@id\":\"https:\/\/kapitalis.com\/tunisie\/2015\/09\/28\/incendie-dans-une-mosquee-a-londres\/#primaryimage\"},\"thumbnailUrl\":\"\",\"datePublished\":\"2015-09-28T12:18:55+00:00\",\"dateModified\":\"2015-09-28T12:20:08+00:00\",\"breadcrumb\":{\"@id\":\"https:\/\/kapitalis.com\/tunisie\/2015\/09\/28\/incendie-dans-une-mosquee-a-londres\/#breadcrumb\"},\"inLanguage\":\"fr-FR\",\"potentialAction\":[{\"@type\":\"ReadAction\",\"target\":[\"https:\/\/kapitalis.com\/tunisie\/2015\/09\/28\/incendie-dans-une-mosquee-a-londres\/\"]}]},{\"@type\":\"ImageObject\",\"inLanguage\":\"fr-FR\",\"@id\":\"https:\/\/kapitalis.com\/tunisie\/2015\/09\/28\/incendie-dans-une-mosquee-a-londres\/#primaryimage\",\"url\":\"\",\"contentUrl\":\"\"},{\"@type\":\"BreadcrumbList\",\"@id\":\"https:\/\/kapitalis.com\/tunisie\/2015\/09\/28\/incendie-dans-une-mosquee-a-londres\/#breadcrumb\",\"itemListElement\":[{\"@type\":\"ListItem\",\"position\":1,\"name\":\"Accueil\",\"item\":\"https:\/\/kapitalis.com\/tunisie\/\"},{\"@type\":\"ListItem\",\"position\":2,\"name\":\"Incendie dans une mosqu\u00e9e \u00e0 Londres\"}]},{\"@type\":\"WebSite\",\"@id\":\"https:\/\/kapitalis.com\/tunisie\/#website\",\"url\":\"https:\/\/kapitalis.com\/tunisie\/\",\"name\":\"Kapitalis\",\"description\":\"L&#039;actualit\u00e9 en Tunisie et dans le monde\",\"publisher\":{\"@id\":\"https:\/\/kapitalis.com\/tunisie\/#organization\"},\"potentialAction\":[{\"@type\":\"SearchAction\",\"target\":{\"@type\":\"EntryPoint\",\"urlTemplate\":\"https:\/\/kapitalis.com\/tunisie\/?s={search_term_string}\"},\"query-input\":{\"@type\":\"PropertyValueSpecification\",\"valueRequired\":true,\"valueName\":\"search_term_string\"}}],\"inLanguage\":\"fr-FR\"},{\"@type\":\"Organization\",\"@id\":\"https:\/\/kapitalis.com\/tunisie\/#organization\",\"name\":\"Kapitalis\",\"url\":\"https:\/\/kapitalis.com\/tunisie\/\",\"logo\":{\"@type\":\"ImageObject\",\"inLanguage\":\"fr-FR\",\"@id\":\"https:\/\/kapitalis.com\/tunisie\/#\/schema\/logo\/image\/\",\"url\":\"https:\/\/kapitalis.com\/tunisie\/wp-content\/uploads\/2022\/05\/Kapitalis-big-size.png\",\"contentUrl\":\"https:\/\/kapitalis.com\/tunisie\/wp-content\/uploads\/2022\/05\/Kapitalis-big-size.png\",\"width\":5000,\"height\":1500,\"caption\":\"Kapitalis\"},\"image\":{\"@id\":\"https:\/\/kapitalis.com\/tunisie\/#\/schema\/logo\/image\/\"},\"sameAs\":[\"https:\/\/www.facebook.com\/KapitalisInfo\/\",\"https:\/\/x.com\/KapitalisInfo\",\"https:\/\/www.youtube.com\/channel\/UC-yDYrHyfFBWWZaOw3FPg9Q\"]},{\"@type\":\"Person\",\"@id\":\"https:\/\/kapitalis.com\/tunisie\/#\/schema\/person\/aa8b4a429805c4e3f0713a3c3f95212b\",\"name\":\"webmaster aux\",\"url\":\"https:\/\/kapitalis.com\/tunisie\/author\/webmasteraux\/\"}]}<\/script>\n<!-- \/ Yoast SEO plugin. -->","yoast_head_json":{"title":"Incendie dans une mosqu\u00e9e \u00e0 Londres - Kapitalis","robots":{"index":"index","follow":"follow","max-snippet":"max-snippet:-1","max-image-preview":"max-image-preview:large","max-video-preview":"max-video-preview:-1"},"canonical":"https:\/\/kapitalis.com\/tunisie\/2015\/09\/28\/incendie-dans-une-mosquee-a-londres\/","og_locale":"fr_FR","og_type":"article","og_title":"Incendie dans une mosqu\u00e9e \u00e0 Londres - Kapitalis","og_description":"Les volutes de fum\u00e9e \u00e9taient visibles \u00e0 des kilom\u00e8tres \u00e0 la ronde. Samedi, aux alentours de midi, un incendie a \u00e9clat\u00e9 dans l&rsquo;enceinte de la grande mosqu\u00e9e de Londres, pr\u00e9cis\u00e9ment, au niveau du b\u00e2timent administratif attenant au lieu de culte. Une dizaine de v\u00e9hicules de pompiers ont \u00e9t\u00e9 rapidement d\u00e9p\u00each\u00e9s sur place. Aucune victime n&rsquo;est...","og_url":"https:\/\/kapitalis.com\/tunisie\/2015\/09\/28\/incendie-dans-une-mosquee-a-londres\/","og_site_name":"Kapitalis","article_publisher":"https:\/\/www.facebook.com\/KapitalisInfo\/","article_published_time":"2015-09-28T12:18:55+00:00","article_modified_time":"2015-09-28T12:20:08+00:00","og_image":[{"width":1200,"height":630,"url":"https:\/\/kapitalis.com\/tunisie\/wp-content\/uploads\/2022\/05\/kapitalis-logo-fb.png","type":"image\/png"}],"author":"webmaster aux","twitter_card":"summary_large_image","twitter_creator":"@KapitalisInfo","twitter_site":"@KapitalisInfo","twitter_misc":{"\u00c9crit par":"webmaster aux","Dur\u00e9e de lecture estim\u00e9e":"1 minute"},"schema":{"@context":"https:\/\/schema.org","@graph":[{"@type":"Article","@id":"https:\/\/kapitalis.com\/tunisie\/2015\/09\/28\/incendie-dans-une-mosquee-a-londres\/#article","isPartOf":{"@id":"https:\/\/kapitalis.com\/tunisie\/2015\/09\/28\/incendie-dans-une-mosquee-a-londres\/"},"author":{"name":"webmaster aux","@id":"https:\/\/kapitalis.com\/tunisie\/#\/schema\/person\/aa8b4a429805c4e3f0713a3c3f95212b"},"headline":"Incendie dans une mosqu\u00e9e \u00e0 Londres","datePublished":"2015-09-28T12:18:55+00:00","dateModified":"2015-09-28T12:20:08+00:00","mainEntityOfPage":{"@id":"https:\/\/kapitalis.com\/tunisie\/2015\/09\/28\/incendie-dans-une-mosquee-a-londres\/"},"wordCount":115,"commentCount":0,"publisher":{"@id":"https:\/\/kapitalis.com\/tunisie\/#organization"},"image":{"@id":"https:\/\/kapitalis.com\/tunisie\/2015\/09\/28\/incendie-dans-une-mosquee-a-londres\/#primaryimage"},"thumbnailUrl":"","keywords":["Incendie","Londres","mosqu\u00e9e"],"articleSection":["VIDEOS"],"inLanguage":"fr-FR","potentialAction":[{"@type":"CommentAction","name":"Comment","target":["https:\/\/kapitalis.com\/tunisie\/2015\/09\/28\/incendie-dans-une-mosquee-a-londres\/#respond"]}]},{"@type":"WebPage","@id":"https:\/\/kapitalis.com\/tunisie\/2015\/09\/28\/incendie-dans-une-mosquee-a-londres\/","url":"https:\/\/kapitalis.com\/tunisie\/2015\/09\/28\/incendie-dans-une-mosquee-a-londres\/","name":"Incendie dans une mosqu\u00e9e \u00e0 Londres - Kapitalis","isPartOf":{"@id":"https:\/\/kapitalis.com\/tunisie\/#website"},"primaryImageOfPage":{"@id":"https:\/\/kapitalis.com\/tunisie\/2015\/09\/28\/incendie-dans-une-mosquee-a-londres\/#primaryimage"},"image":{"@id":"https:\/\/kapitalis.com\/tunisie\/2015\/09\/28\/incendie-dans-une-mosquee-a-londres\/#primaryimage"},"thumbnailUrl":"","datePublished":"2015-09-28T12:18:55+00:00","dateModified":"2015-09-28T12:20:08+00:00","breadcrumb":{"@id":"https:\/\/kapitalis.com\/tunisie\/2015\/09\/28\/incendie-dans-une-mosquee-a-londres\/#breadcrumb"},"inLanguage":"fr-FR","potentialAction":[{"@type":"ReadAction","target":["https:\/\/kapitalis.com\/tunisie\/2015\/09\/28\/incendie-dans-une-mosquee-a-londres\/"]}]},{"@type":"ImageObject","inLanguage":"fr-FR","@id":"https:\/\/kapitalis.com\/tunisie\/2015\/09\/28\/incendie-dans-une-mosquee-a-londres\/#primaryimage","url":"","contentUrl":""},{"@type":"BreadcrumbList","@id":"https:\/\/kapitalis.com\/tunisie\/2015\/09\/28\/incendie-dans-une-mosquee-a-londres\/#breadcrumb","itemListElement":[{"@type":"ListItem","position":1,"name":"Accueil","item":"https:\/\/kapitalis.com\/tunisie\/"},{"@type":"ListItem","position":2,"name":"Incendie dans une mosqu\u00e9e \u00e0 Londres"}]},{"@type":"WebSite","@id":"https:\/\/kapitalis.com\/tunisie\/#website","url":"https:\/\/kapitalis.com\/tunisie\/","name":"Kapitalis","description":"L&#039;actualit\u00e9 en Tunisie et dans le monde","publisher":{"@id":"https:\/\/kapitalis.com\/tunisie\/#organization"},"potentialAction":[{"@type":"SearchAction","target":{"@type":"EntryPoint","urlTemplate":"https:\/\/kapitalis.com\/tunisie\/?s={search_term_string}"},"query-input":{"@type":"PropertyValueSpecification","valueRequired":true,"valueName":"search_term_string"}}],"inLanguage":"fr-FR"},{"@type":"Organization","@id":"https:\/\/kapitalis.com\/tunisie\/#organization","name":"Kapitalis","url":"https:\/\/kapitalis.com\/tunisie\/","logo":{"@type":"ImageObject","inLanguage":"fr-FR","@id":"https:\/\/kapitalis.com\/tunisie\/#\/schema\/logo\/image\/","url":"https:\/\/kapitalis.com\/tunisie\/wp-content\/uploads\/2022\/05\/Kapitalis-big-size.png","contentUrl":"https:\/\/kapitalis.com\/tunisie\/wp-content\/uploads\/2022\/05\/Kapitalis-big-size.png","width":5000,"height":1500,"caption":"Kapitalis"},"image":{"@id":"https:\/\/kapitalis.com\/tunisie\/#\/schema\/logo\/image\/"},"sameAs":["https:\/\/www.facebook.com\/KapitalisInfo\/","https:\/\/x.com\/KapitalisInfo","https:\/\/www.youtube.com\/channel\/UC-yDYrHyfFBWWZaOw3FPg9Q"]},{"@type":"Person","@id":"https:\/\/kapitalis.com\/tunisie\/#\/schema\/person\/aa8b4a429805c4e3f0713a3c3f95212b","name":"webmaster aux","url":"https:\/\/kapitalis.com\/tunisie\/author\/webmasteraux\/"}]}},"_links":{"self":[{"href":"https:\/\/kapitalis.com\/tunisie\/wp-json\/wp\/v2\/posts\/16332","targetHints":{"allow":["GET"]}}],"collection":[{"href":"https:\/\/kapitalis.com\/tunisie\/wp-json\/wp\/v2\/posts"}],"about":[{"href":"https:\/\/kapitalis.com\/tunisie\/wp-json\/wp\/v2\/types\/post"}],"author":[{"embeddable":true,"href":"https:\/\/kapitalis.com\/tunisie\/wp-json\/wp\/v2\/users\/13"}],"replies":[{"embeddable":true,"href":"https:\/\/kapitalis.com\/tunisie\/wp-json\/wp\/v2\/comments?post=16332"}],"version-history":[{"count":0,"href":"https:\/\/kapitalis.com\/tunisie\/wp-json\/wp\/v2\/posts\/16332\/revisions"}],"wp:featuredmedia":[{"embeddable":true,"href":"https:\/\/kapitalis.com\/tunisie\/wp-json\/wp\/v2\/media\/16335"}],"wp:attachment":[{"href":"https:\/\/kapitalis.com\/tunisie\/wp-json\/wp\/v2\/media?parent=16332"}],"wp:term":[{"taxonomy":"category","embeddable":true,"href":"https:\/\/kapitalis.com\/tunisie\/wp-json\/wp\/v2\/categories?post=16332"},{"taxonomy":"post_tag","embeddable":true,"href":"https:\/\/kapitalis.com\/tunisie\/wp-json\/wp\/v2\/tags?post=16332"}],"curies":[{"name":"wp","href":"https:\/\/api.w.org\/{rel}","templated":true}]}}