{"id":1633371,"date":"2022-06-21T10:32:49","date_gmt":"2022-06-21T09:32:49","guid":{"rendered":"https:\/\/kapitalis.com\/tunisie\/?p=1633371"},"modified":"2022-06-21T10:37:09","modified_gmt":"2022-06-21T09:37:09","slug":"tunisie-kais-saied-lorgne-les-pays-du-golfe","status":"publish","type":"post","link":"https:\/\/kapitalis.com\/tunisie\/2022\/06\/21\/tunisie-kais-saied-lorgne-les-pays-du-golfe\/","title":{"rendered":"Tunisie\u00a0: Ka\u00efs Sa\u00efed lorgne les pays du Golfe"},"content":{"rendered":"\n<p><strong><em>Ka\u00efs Sa\u00efed esp\u00e8re pour la Tunisie un remake du sc\u00e9nario \u00e9gyptien, lorsque les monarchies du Golfe ont \u00absecouru\u00bb financi\u00e8rement l\u2019Egypte, apr\u00e8s que celle-ci ait \u00e9t\u00e9 mise au pilori par les puissances occidentales au lendemain du coup d\u2019Etat du g\u00e9n\u00e9ral Abdelfattah Sissi en 2013, sui mit fin \u00e0 une courte parenth\u00e8se de pouvoir islamiste. Mais il y a loin de la coupe aux l\u00e8vres, car la situation des deux pays est diff\u00e9rente\u2026<\/em><\/strong><\/p>\n\n\n\n<p>Par <strong>Ridha Kefi<\/strong><\/p>\n\n\n\n<!--more-->\n\n\n<div class=\"wp-block-image\">\n<figure class=\"alignleft size-full\"><img decoding=\"async\" src=\"http:\/\/kapitalis.com\/tunisie\/wp-content\/uploads\/2019\/03\/Ridha-Kefi.jpg\" alt=\"\" class=\"wp-image-203122\"\/><\/figure>\n<\/div>\n\n\n<p>Le pr\u00e9sident Ka\u00efs Sa\u00efed a appel\u00e9 au t\u00e9l\u00e9phone, vendredi 17 juin 2022, le prince h\u00e9ritier kowe\u00eftien, le cheikh Mishal Al-Ahmad Al-Jaber Al-Sabah, pour lui souhaiter un prompt r\u00e9tablissement apr\u00e8s sa maladie. <em>\u00abL&rsquo;appel a \u00e9voqu\u00e9 l&rsquo;\u00e9volution des relations historiques entre la Tunisie et le Kowe\u00eft et les moyens de les renforcer et d&rsquo;ouvrir de nouveaux horizons \u00e0 la coop\u00e9ration\u00bb<\/em>, indique la pr\u00e9sidence de la r\u00e9publique.<\/p>\n\n\n\n<p>Cet appel est intervenu trois jours apr\u00e8s la rencontre, le 14 juin, au Palais de Carthage, entre le pr\u00e9sident de la r\u00e9publique et le ministre d\u00e9l\u00e9gu\u00e9 aupr\u00e8s du minist\u00e8re des Affaires \u00e9trang\u00e8res et de la Coop\u00e9ration internationale des Emirats arabes unis,<a href=\"https:\/\/kapitalis.com\/tunisie\/2022\/06\/15\/tunisie-emirats-le-retour\/\" target=\"_blank\" rel=\"noreferrer noopener\"> Shakhbout bin Nahyan Al-Nahyan<\/a>. <em>\u00abLa Tunisie peut compter sur les \u00c9mirats arabes unis pour identifier de nouvelles opportunit\u00e9s de coop\u00e9ration et d\u2019investissement dans les domaines d\u2019int\u00e9r\u00eat commun\u00bb<\/em>,\u00a0avait promis ce dernier.<\/p>\n\n\n\n<p>Le pr\u00e9sident Sa\u00efed, dont les d\u00e9cisions annonc\u00e9es depuis le 25 juillet dernier, date de la proclamation des mesures exceptionnelles, sont syst\u00e9matiquement critiqu\u00e9es par les puissances occidentales partenaires historiques de la Tunisie, et qui commence \u00e0 d\u00e9sesp\u00e9rer des bailleurs de fonds occidentaux, le Fonds mon\u00e9taire international (FMI) en t\u00eate, cherche-t-il aujourd\u2019hui \u00e0 rallier \u00e0 sa cause les pays du Golfe\u00a0? D\u2019autant que ces derniers, qui ne sont pas de grands d\u00e9mocrates devant l\u2019Eternel et qui ont nourri quelque inqui\u00e9tude sur la p\u00e9rennit\u00e9 de leurs tr\u00f4nes au lendemain des r\u00e9volutions tunisienne et \u00e9gyptienne, ont beaucoup man\u0153uvr\u00e9, depuis, pour transformer <em>\u00abprintemps arabe\u00bb<\/em> en <em>\u00abhiver islamiste\u00bb<\/em>. <\/p>\n\n\n\n<h2 class=\"wp-block-heading\">Contenir la <em>\u00ab<\/em>menace<em>\u00bb<\/em> d\u00e9mocratique <\/h2>\n\n\n\n<p>Pour prouver tout l&rsquo;int\u00e9r\u00eat qu&rsquo;il accordent \u00e0 la d\u00e9mocratie, ils n\u2019ont-ils pas h\u00e9sit\u00e9 un instant \u00e0 <em>\u00absecourir\u00bb<\/em> financi\u00e8rement l\u2019Egypte, lorsque celle-ci a \u00e9t\u00e9 mise au pilori par les puissances occidentales apr\u00e8s le coup d\u2019Etat du g\u00e9n\u00e9ral Abdelfattah Sissi en 2013, mettant fin \u00e0 une courte parenth\u00e8se de pouvoir islamiste. <\/p>\n\n\n\n<figure class=\"wp-block-embed is-type-wp-embed is-provider-kapitalis wp-block-embed-kapitalis\"><div class=\"wp-block-embed__wrapper\">\n<blockquote class=\"wp-embedded-content\" data-secret=\"2XiKdWg6zW\"><a href=\"https:\/\/kapitalis.com\/tunisie\/2022\/06\/15\/tunisie-emirats-le-retour\/\">Tunisie-Emirats, le retour ?<\/a><\/blockquote><iframe loading=\"lazy\" class=\"wp-embedded-content\" sandbox=\"allow-scripts\" security=\"restricted\" style=\"position: absolute; clip: rect(1px, 1px, 1px, 1px);\" title=\"\u00ab\u00a0Tunisie-Emirats, le retour ?\u00a0\u00bb &#8212; Kapitalis\" src=\"https:\/\/kapitalis.com\/tunisie\/2022\/06\/15\/tunisie-emirats-le-retour\/embed\/#?secret=4CVLdmTxWL#?secret=2XiKdWg6zW\" data-secret=\"2XiKdWg6zW\" width=\"600\" height=\"338\" frameborder=\"0\" marginwidth=\"0\" marginheight=\"0\" scrolling=\"no\"><\/iframe>\n<\/div><\/figure>\n\n\n\n<p>Souvenons-nous\u00a0: en deux temps trois mouvements, l\u2019Arabie saoudite, les Emirat arabes unis et le Kowe\u00eft ont d\u00e9bloqu\u00e9 une aide financi\u00e8re de 12 milliards de dollars \u00e0 l\u2019Egypte pour lui permettre d\u2019\u00e9viter un grand choc financier.<\/p>\n\n\n\n<p>Est-ce le sc\u00e9nario qu\u2019esp\u00e8re Ka\u00efs Sa\u00efed pour la Tunisie\u00a0? On peut s\u00e9rieusement le penser en attendant la confirmation de cette tendance au cours des prochaines semaines, sachant que les pays du Golfe, investisseurs de longue date en Tunisie, ont tous tourn\u00e9 le dos \u00e0 notre pays apr\u00e8s la chute de Ben Ali en 2011 et la mont\u00e9e au pouvoir du parti islamiste Ennahdha. Ils ont m\u00eame abandonn\u00e9 tous leurs projets d\u2019investissement annonc\u00e9s avant 2011, en attendant d\u2019y voir plus clair dans l\u2019\u00e9volution de la situation politique et s\u00e9curitaire dans notre pays.<\/p>\n\n\n\n<p>Rappelons \u00e0 ce propos qu&rsquo;au lendemain de la proclamation des mesures exceptionnelles, ayant \u00e9ject\u00e9 Ennahdha et ses comparses du pouvoir, le 25 juillet 2021, le pr\u00e9sident de la r\u00e9publique\u00a0avait re\u00e7u,\u00a0le 7 ao\u00fbt,\u00a0le conseiller diplomatique du pr\u00e9sident de\u00a0l\u2019Etat des \u00c9mirats arabes unis, Anouar\u00a0Qarqache, qui \u00e9tait\u00a0porteur\u00a0d\u2019un message de\u00a0Cheikh Khalifa Ben\u00a0Zayed\u00a0Al\u00a0Nahyane. M. Qarqache avait alors d\u00e9clar\u00e9 que\u00a0son pays\u00a0comprenait ce qui s\u2019\u00e9tait pass\u00e9 douze jours auparavant en Tunisie et soutenait compl\u00e8tement\u00a0les d\u00e9cisions <em>\u00abhistoriques\u00bb <\/em>du\u00a0pr\u00e9sident de la r\u00e9publique tunisien <em>\u00abdans la mesure o\u00f9 elles sont destin\u00e9es \u00e0 pr\u00e9server la s\u00e9curit\u00e9 et la stabilit\u00e9 de\u00a0l\u2019\u00c9tat tunisien et \u00e0 r\u00e9pondre \u00e0 la volont\u00e9 de son peuple\u00bb<\/em>. <\/p>\n\n\n\n<figure class=\"wp-block-embed is-type-wp-embed is-provider-kapitalis wp-block-embed-kapitalis\"><div class=\"wp-block-embed__wrapper\">\n<blockquote class=\"wp-embedded-content\" data-secret=\"Vakqz2sThP\"><a href=\"https:\/\/kapitalis.com\/tunisie\/2022\/03\/10\/groupe-boukhater-la-cite-sportive-comprendra-un-mall-des-hotels-un-terrain-de-golf-un-parc-et-un-complexe-residentiel\/\">Groupe Boukhater : La Cit\u00e9 sportive comprendra un mall, des h\u00f4tels, un terrain de golf, un parc et un complexe r\u00e9sidentiel<\/a><\/blockquote><iframe loading=\"lazy\" class=\"wp-embedded-content\" sandbox=\"allow-scripts\" security=\"restricted\" style=\"position: absolute; clip: rect(1px, 1px, 1px, 1px);\" title=\"\u00ab\u00a0Groupe Boukhater : La Cit\u00e9 sportive comprendra un mall, des h\u00f4tels, un terrain de golf, un parc et un complexe r\u00e9sidentiel\u00a0\u00bb &#8212; Kapitalis\" src=\"https:\/\/kapitalis.com\/tunisie\/2022\/03\/10\/groupe-boukhater-la-cite-sportive-comprendra-un-mall-des-hotels-un-terrain-de-golf-un-parc-et-un-complexe-residentiel\/embed\/#?secret=HWQAx9RP6b#?secret=Vakqz2sThP\" data-secret=\"Vakqz2sThP\" width=\"600\" height=\"338\" frameborder=\"0\" marginwidth=\"0\" marginheight=\"0\" scrolling=\"no\"><\/iframe>\n<\/div><\/figure>\n\n\n\n<p>Quelques mois plus tard, le 10 mars 2022, le pr\u00e9sident du groupe \u00e9mirati Salah Boukhater a fait le d\u00e9placement \u00e0 Tunis pour annoncer, lors d\u2019une conf\u00e9rence de presse, l\u2019ach\u00e8vement des travaux d\u2019am\u00e9nagement du lotissement \u00abSedar\u00bb faisant partie du projet de la Cit\u00e9 sportive qui sera b\u00e2tie aux Berges du Lac, dans la capitale tunisienne, projet qui \u00e9tait pratiquement \u00e0 l&rsquo;arr\u00eat depuis&#8230; 2011.<\/p>\n\n\n\n<h2 class=\"wp-block-heading\">A l&rsquo;\u00e9preuve du tropisme isra\u00e9lien <\/h2>\n\n\n\n<p>Il reste cependant \u00e0 savoir ce que les dirigeants des monarchies du Golfe pensent de Ka\u00efs Sa\u00efed, de sa personnalit\u00e9, de ses id\u00e9es, et de sa fiabilit\u00e9 de chef d\u2019Etat. S\u2019ils ont de bonnes raisons d\u2019appr\u00e9cier sa pi\u00e9t\u00e9 et son conservatisme, certains aspects de sa personnalit\u00e9 ont de quoi les rebuter, notamment sa rigidit\u00e9 doctrinale et son impulsivit\u00e9, sans parler de son populisme qui lui fait parfois <em>\u00abcommettre\u00bb<\/em> des d\u00e9clarations hostiles \u00e0 la normalisation avec Isra\u00ebl.\u00a0Ce qui n&rsquo;est pas de nature \u00e0 combler d&rsquo;aise les responsables de pays qui sont all\u00e9s tr\u00e8s loin dans l\u2019\u00e9tablissement de relations avec l\u2019Etat h\u00e9breu.<\/p>\n\n\n\n<p>Certes, depuis sa campagne \u00e9lectorale, en 2019, au cours de laquelle il avait jou\u00e9 \u00e0 fond la carte de l\u2019antisionisme, M. Sa\u00efed a mis beaucoup d\u2019eau dans son lait de chamelle, \u00e9vitant tout retour \u00e0 ce sujet, m\u00eame lorsque des acteurs politiques ont critiqu\u00e9 l\u2019arriv\u00e9e de touristes isra\u00e9liens dans l\u2019\u00eele de Djerba pour le p\u00e8lerinage de la synagogue de la Ghriba, mais cela suffirait-il pour rassurer ses <em>\u00abfr\u00e8res\u00bb<\/em> saoudiens, \u00e9miratis et kowe\u00eftiens\u00a0? Question subsidiaire mais tout aussi importante : Ka\u00efs Sa\u00efed serait-il dispos\u00e9 \u00e0 payer le prix, exorbitant aux yeux de ses partisans; de la normalisation avec Isra\u00ebl ? <\/p>\n\n\n\n<p>Quoi qu&rsquo;il en soit, le <em>\u00absecours\u00bb<\/em> financier des pays du Golfe est tout le mal qu\u2019on souhaite au locataire du palais de Carthage, qui n&rsquo;a pas d&rsquo;autres cartes \u00e0 jouer, alors que la Tunisie fait face \u00e0 la plus grave crise financi\u00e8re de son histoire depuis celle de 1986, laquelle avait \u00e9t\u00e9 rapidement surmont\u00e9e par l&rsquo;ancien pr\u00e9sident Ben Ali. <\/p>\n\n\n\n<p>Le d\u00e9funt dictateur avait beaucoup de d\u00e9fauts, mais il \u00e9tait tr\u00e8s appr\u00e9ci\u00e9 par les pays du Golfe. Et c&rsquo;est en Arabie saoudite qu&rsquo;il trouva asile apr\u00e8s sa fuite en 2011 et passa les derni\u00e8res ann\u00e9es de sa vie, avant d&rsquo;y rendre le dernier souffle et d&rsquo;y \u00eatre enterr\u00e9.  <\/p>\n\n\n\n<p>Les <em>\u00abfr\u00e8res\u00bb<\/em>, \u00e7a sert aussi \u00e0 \u00e7a, surtout quand le vent tourne mal&#8230; <\/p>\n","protected":false},"excerpt":{"rendered":"<p>Ka\u00efs Sa\u00efed esp\u00e8re pour la Tunisie un remake du sc\u00e9nario \u00e9gyptien, lorsque les monarchies du Golfe ont \u00absecouru\u00bb financi\u00e8rement l\u2019Egypte, apr\u00e8s que celle-ci ait \u00e9t\u00e9 mise au pilori par les puissances occidentales au lendemain du coup d\u2019Etat du g\u00e9n\u00e9ral Abdelfattah Sissi en 2013.<\/p>\n","protected":false},"author":8,"featured_media":1634234,"comment_status":"open","ping_status":"open","sticky":false,"template":"","format":"standard","meta":{"footnotes":""},"categories":[992,997,2433],"tags":[2638,2379,6442,388,76012,2652,100786,5642,100591,62643],"class_list":["post-1633371","post","type-post","status-publish","format-standard","has-post-thumbnail","hentry","category-a-la-une","category-politique","category-tunisie","tag-arabie-saoudite","tag-egypte","tag-emirats-arabes-unis","tag-fmi","tag-kais-saied-2","tag-koweit","tag-mishal-al-ahmad-al-jaber-al-sabah","tag-pays-du-golfe","tag-shakhbout-bin-nahyan-al-nahyan","tag-tunisie"],"yoast_head":"<!-- This site is optimized with the Yoast SEO plugin v26.6 - https:\/\/yoast.com\/wordpress\/plugins\/seo\/ -->\n<title>Tunisie\u00a0: Ka\u00efs Sa\u00efed lorgne les pays du Golfe - Kapitalis<\/title>\n<meta name=\"robots\" content=\"index, follow, max-snippet:-1, max-image-preview:large, max-video-preview:-1\" \/>\n<link rel=\"canonical\" href=\"https:\/\/kapitalis.com\/tunisie\/2022\/06\/21\/tunisie-kais-saied-lorgne-les-pays-du-golfe\/\" \/>\n<meta property=\"og:locale\" content=\"fr_FR\" \/>\n<meta property=\"og:type\" content=\"article\" \/>\n<meta property=\"og:title\" content=\"Tunisie\u00a0: Ka\u00efs Sa\u00efed lorgne les pays du Golfe - Kapitalis\" \/>\n<meta property=\"og:description\" content=\"Ka\u00efs Sa\u00efed esp\u00e8re pour la Tunisie un remake du sc\u00e9nario \u00e9gyptien, lorsque les monarchies du Golfe ont \u00absecouru\u00bb financi\u00e8rement l\u2019Egypte, apr\u00e8s que celle-ci ait \u00e9t\u00e9 mise au pilori par les puissances occidentales au lendemain du coup d\u2019Etat du g\u00e9n\u00e9ral Abdelfattah Sissi en 2013.\" \/>\n<meta property=\"og:url\" content=\"https:\/\/kapitalis.com\/tunisie\/2022\/06\/21\/tunisie-kais-saied-lorgne-les-pays-du-golfe\/\" \/>\n<meta property=\"og:site_name\" content=\"Kapitalis\" \/>\n<meta property=\"article:publisher\" content=\"https:\/\/www.facebook.com\/KapitalisInfo\/\" \/>\n<meta property=\"article:published_time\" content=\"2022-06-21T09:32:49+00:00\" \/>\n<meta property=\"article:modified_time\" content=\"2022-06-21T09:37:09+00:00\" \/>\n<meta property=\"og:image\" content=\"https:\/\/kapitalis.com\/tunisie\/wp-content\/uploads\/2022\/06\/Kais-Saied-Emirats-arabes-unis-1.jpg\" \/>\n\t<meta property=\"og:image:width\" content=\"1200\" \/>\n\t<meta property=\"og:image:height\" content=\"620\" \/>\n\t<meta property=\"og:image:type\" content=\"image\/jpeg\" \/>\n<meta name=\"author\" content=\"webmaster kapitalis\" \/>\n<meta name=\"twitter:card\" content=\"summary_large_image\" \/>\n<meta name=\"twitter:creator\" content=\"@KapitalisInfo\" \/>\n<meta name=\"twitter:site\" content=\"@KapitalisInfo\" \/>\n<meta name=\"twitter:label1\" content=\"\u00c9crit par\" \/>\n\t<meta name=\"twitter:data1\" content=\"webmaster kapitalis\" \/>\n\t<meta name=\"twitter:label2\" content=\"Dur\u00e9e de lecture estim\u00e9e\" \/>\n\t<meta name=\"twitter:data2\" content=\"6 minutes\" \/>\n<script type=\"application\/ld+json\" class=\"yoast-schema-graph\">{\"@context\":\"https:\/\/schema.org\",\"@graph\":[{\"@type\":\"Article\",\"@id\":\"https:\/\/kapitalis.com\/tunisie\/2022\/06\/21\/tunisie-kais-saied-lorgne-les-pays-du-golfe\/#article\",\"isPartOf\":{\"@id\":\"https:\/\/kapitalis.com\/tunisie\/2022\/06\/21\/tunisie-kais-saied-lorgne-les-pays-du-golfe\/\"},\"author\":{\"name\":\"webmaster kapitalis\",\"@id\":\"https:\/\/kapitalis.com\/tunisie\/#\/schema\/person\/d71f33a9ca44f7bad4698210b480c8e9\"},\"headline\":\"Tunisie\u00a0: Ka\u00efs Sa\u00efed lorgne les pays du Golfe\",\"datePublished\":\"2022-06-21T09:32:49+00:00\",\"dateModified\":\"2022-06-21T09:37:09+00:00\",\"mainEntityOfPage\":{\"@id\":\"https:\/\/kapitalis.com\/tunisie\/2022\/06\/21\/tunisie-kais-saied-lorgne-les-pays-du-golfe\/\"},\"wordCount\":1133,\"commentCount\":0,\"publisher\":{\"@id\":\"https:\/\/kapitalis.com\/tunisie\/#organization\"},\"image\":{\"@id\":\"https:\/\/kapitalis.com\/tunisie\/2022\/06\/21\/tunisie-kais-saied-lorgne-les-pays-du-golfe\/#primaryimage\"},\"thumbnailUrl\":\"https:\/\/kapitalis.com\/tunisie\/wp-content\/uploads\/2022\/06\/Kais-Saied-Emirats-arabes-unis-1.jpg\",\"keywords\":[\"Arabie saoudite\",\"Egypte\",\"Emirats arabes unis\",\"FMI\",\"Ka\u00efs Sa\u00efed\",\"Kowe\u00eft\",\"Mishal Al-Ahmad Al-Jaber Al-Sabah\",\"pays du Golfe\",\"Shakhbout bin Nahyan Al-Nahyan\",\"Tunisie\"],\"articleSection\":[\"A LA UNE\",\"POLITIQUE\",\"Tunisie\"],\"inLanguage\":\"fr-FR\",\"potentialAction\":[{\"@type\":\"CommentAction\",\"name\":\"Comment\",\"target\":[\"https:\/\/kapitalis.com\/tunisie\/2022\/06\/21\/tunisie-kais-saied-lorgne-les-pays-du-golfe\/#respond\"]}]},{\"@type\":\"WebPage\",\"@id\":\"https:\/\/kapitalis.com\/tunisie\/2022\/06\/21\/tunisie-kais-saied-lorgne-les-pays-du-golfe\/\",\"url\":\"https:\/\/kapitalis.com\/tunisie\/2022\/06\/21\/tunisie-kais-saied-lorgne-les-pays-du-golfe\/\",\"name\":\"Tunisie\u00a0: Ka\u00efs Sa\u00efed lorgne les pays du Golfe - Kapitalis\",\"isPartOf\":{\"@id\":\"https:\/\/kapitalis.com\/tunisie\/#website\"},\"primaryImageOfPage\":{\"@id\":\"https:\/\/kapitalis.com\/tunisie\/2022\/06\/21\/tunisie-kais-saied-lorgne-les-pays-du-golfe\/#primaryimage\"},\"image\":{\"@id\":\"https:\/\/kapitalis.com\/tunisie\/2022\/06\/21\/tunisie-kais-saied-lorgne-les-pays-du-golfe\/#primaryimage\"},\"thumbnailUrl\":\"https:\/\/kapitalis.com\/tunisie\/wp-content\/uploads\/2022\/06\/Kais-Saied-Emirats-arabes-unis-1.jpg\",\"datePublished\":\"2022-06-21T09:32:49+00:00\",\"dateModified\":\"2022-06-21T09:37:09+00:00\",\"breadcrumb\":{\"@id\":\"https:\/\/kapitalis.com\/tunisie\/2022\/06\/21\/tunisie-kais-saied-lorgne-les-pays-du-golfe\/#breadcrumb\"},\"inLanguage\":\"fr-FR\",\"potentialAction\":[{\"@type\":\"ReadAction\",\"target\":[\"https:\/\/kapitalis.com\/tunisie\/2022\/06\/21\/tunisie-kais-saied-lorgne-les-pays-du-golfe\/\"]}]},{\"@type\":\"ImageObject\",\"inLanguage\":\"fr-FR\",\"@id\":\"https:\/\/kapitalis.com\/tunisie\/2022\/06\/21\/tunisie-kais-saied-lorgne-les-pays-du-golfe\/#primaryimage\",\"url\":\"https:\/\/kapitalis.com\/tunisie\/wp-content\/uploads\/2022\/06\/Kais-Saied-Emirats-arabes-unis-1.jpg\",\"contentUrl\":\"https:\/\/kapitalis.com\/tunisie\/wp-content\/uploads\/2022\/06\/Kais-Saied-Emirats-arabes-unis-1.jpg\",\"width\":1200,\"height\":620},{\"@type\":\"BreadcrumbList\",\"@id\":\"https:\/\/kapitalis.com\/tunisie\/2022\/06\/21\/tunisie-kais-saied-lorgne-les-pays-du-golfe\/#breadcrumb\",\"itemListElement\":[{\"@type\":\"ListItem\",\"position\":1,\"name\":\"Accueil\",\"item\":\"https:\/\/kapitalis.com\/tunisie\/\"},{\"@type\":\"ListItem\",\"position\":2,\"name\":\"Tunisie\u00a0: Ka\u00efs Sa\u00efed lorgne les pays du Golfe\"}]},{\"@type\":\"WebSite\",\"@id\":\"https:\/\/kapitalis.com\/tunisie\/#website\",\"url\":\"https:\/\/kapitalis.com\/tunisie\/\",\"name\":\"Kapitalis\",\"description\":\"L&#039;actualit\u00e9 en Tunisie et dans le monde\",\"publisher\":{\"@id\":\"https:\/\/kapitalis.com\/tunisie\/#organization\"},\"potentialAction\":[{\"@type\":\"SearchAction\",\"target\":{\"@type\":\"EntryPoint\",\"urlTemplate\":\"https:\/\/kapitalis.com\/tunisie\/?s={search_term_string}\"},\"query-input\":{\"@type\":\"PropertyValueSpecification\",\"valueRequired\":true,\"valueName\":\"search_term_string\"}}],\"inLanguage\":\"fr-FR\"},{\"@type\":\"Organization\",\"@id\":\"https:\/\/kapitalis.com\/tunisie\/#organization\",\"name\":\"Kapitalis\",\"url\":\"https:\/\/kapitalis.com\/tunisie\/\",\"logo\":{\"@type\":\"ImageObject\",\"inLanguage\":\"fr-FR\",\"@id\":\"https:\/\/kapitalis.com\/tunisie\/#\/schema\/logo\/image\/\",\"url\":\"https:\/\/kapitalis.com\/tunisie\/wp-content\/uploads\/2022\/05\/Kapitalis-big-size.png\",\"contentUrl\":\"https:\/\/kapitalis.com\/tunisie\/wp-content\/uploads\/2022\/05\/Kapitalis-big-size.png\",\"width\":5000,\"height\":1500,\"caption\":\"Kapitalis\"},\"image\":{\"@id\":\"https:\/\/kapitalis.com\/tunisie\/#\/schema\/logo\/image\/\"},\"sameAs\":[\"https:\/\/www.facebook.com\/KapitalisInfo\/\",\"https:\/\/x.com\/KapitalisInfo\",\"https:\/\/www.youtube.com\/channel\/UC-yDYrHyfFBWWZaOw3FPg9Q\"]},{\"@type\":\"Person\",\"@id\":\"https:\/\/kapitalis.com\/tunisie\/#\/schema\/person\/d71f33a9ca44f7bad4698210b480c8e9\",\"name\":\"webmaster kapitalis\",\"url\":\"https:\/\/kapitalis.com\/tunisie\/author\/webmaster-kapitalis\/\"}]}<\/script>\n<!-- \/ Yoast SEO plugin. -->","yoast_head_json":{"title":"Tunisie\u00a0: Ka\u00efs Sa\u00efed lorgne les pays du Golfe - Kapitalis","robots":{"index":"index","follow":"follow","max-snippet":"max-snippet:-1","max-image-preview":"max-image-preview:large","max-video-preview":"max-video-preview:-1"},"canonical":"https:\/\/kapitalis.com\/tunisie\/2022\/06\/21\/tunisie-kais-saied-lorgne-les-pays-du-golfe\/","og_locale":"fr_FR","og_type":"article","og_title":"Tunisie\u00a0: Ka\u00efs Sa\u00efed lorgne les pays du Golfe - Kapitalis","og_description":"Ka\u00efs Sa\u00efed esp\u00e8re pour la Tunisie un remake du sc\u00e9nario \u00e9gyptien, lorsque les monarchies du Golfe ont \u00absecouru\u00bb financi\u00e8rement l\u2019Egypte, apr\u00e8s que celle-ci ait \u00e9t\u00e9 mise au pilori par les puissances occidentales au lendemain du coup d\u2019Etat du g\u00e9n\u00e9ral Abdelfattah Sissi en 2013.","og_url":"https:\/\/kapitalis.com\/tunisie\/2022\/06\/21\/tunisie-kais-saied-lorgne-les-pays-du-golfe\/","og_site_name":"Kapitalis","article_publisher":"https:\/\/www.facebook.com\/KapitalisInfo\/","article_published_time":"2022-06-21T09:32:49+00:00","article_modified_time":"2022-06-21T09:37:09+00:00","og_image":[{"width":1200,"height":620,"url":"https:\/\/kapitalis.com\/tunisie\/wp-content\/uploads\/2022\/06\/Kais-Saied-Emirats-arabes-unis-1.jpg","type":"image\/jpeg"}],"author":"webmaster kapitalis","twitter_card":"summary_large_image","twitter_creator":"@KapitalisInfo","twitter_site":"@KapitalisInfo","twitter_misc":{"\u00c9crit par":"webmaster kapitalis","Dur\u00e9e de lecture estim\u00e9e":"6 minutes"},"schema":{"@context":"https:\/\/schema.org","@graph":[{"@type":"Article","@id":"https:\/\/kapitalis.com\/tunisie\/2022\/06\/21\/tunisie-kais-saied-lorgne-les-pays-du-golfe\/#article","isPartOf":{"@id":"https:\/\/kapitalis.com\/tunisie\/2022\/06\/21\/tunisie-kais-saied-lorgne-les-pays-du-golfe\/"},"author":{"name":"webmaster kapitalis","@id":"https:\/\/kapitalis.com\/tunisie\/#\/schema\/person\/d71f33a9ca44f7bad4698210b480c8e9"},"headline":"Tunisie\u00a0: Ka\u00efs Sa\u00efed lorgne les pays du Golfe","datePublished":"2022-06-21T09:32:49+00:00","dateModified":"2022-06-21T09:37:09+00:00","mainEntityOfPage":{"@id":"https:\/\/kapitalis.com\/tunisie\/2022\/06\/21\/tunisie-kais-saied-lorgne-les-pays-du-golfe\/"},"wordCount":1133,"commentCount":0,"publisher":{"@id":"https:\/\/kapitalis.com\/tunisie\/#organization"},"image":{"@id":"https:\/\/kapitalis.com\/tunisie\/2022\/06\/21\/tunisie-kais-saied-lorgne-les-pays-du-golfe\/#primaryimage"},"thumbnailUrl":"https:\/\/kapitalis.com\/tunisie\/wp-content\/uploads\/2022\/06\/Kais-Saied-Emirats-arabes-unis-1.jpg","keywords":["Arabie saoudite","Egypte","Emirats arabes unis","FMI","Ka\u00efs Sa\u00efed","Kowe\u00eft","Mishal Al-Ahmad Al-Jaber Al-Sabah","pays du Golfe","Shakhbout bin Nahyan Al-Nahyan","Tunisie"],"articleSection":["A LA UNE","POLITIQUE","Tunisie"],"inLanguage":"fr-FR","potentialAction":[{"@type":"CommentAction","name":"Comment","target":["https:\/\/kapitalis.com\/tunisie\/2022\/06\/21\/tunisie-kais-saied-lorgne-les-pays-du-golfe\/#respond"]}]},{"@type":"WebPage","@id":"https:\/\/kapitalis.com\/tunisie\/2022\/06\/21\/tunisie-kais-saied-lorgne-les-pays-du-golfe\/","url":"https:\/\/kapitalis.com\/tunisie\/2022\/06\/21\/tunisie-kais-saied-lorgne-les-pays-du-golfe\/","name":"Tunisie\u00a0: Ka\u00efs Sa\u00efed lorgne les pays du Golfe - Kapitalis","isPartOf":{"@id":"https:\/\/kapitalis.com\/tunisie\/#website"},"primaryImageOfPage":{"@id":"https:\/\/kapitalis.com\/tunisie\/2022\/06\/21\/tunisie-kais-saied-lorgne-les-pays-du-golfe\/#primaryimage"},"image":{"@id":"https:\/\/kapitalis.com\/tunisie\/2022\/06\/21\/tunisie-kais-saied-lorgne-les-pays-du-golfe\/#primaryimage"},"thumbnailUrl":"https:\/\/kapitalis.com\/tunisie\/wp-content\/uploads\/2022\/06\/Kais-Saied-Emirats-arabes-unis-1.jpg","datePublished":"2022-06-21T09:32:49+00:00","dateModified":"2022-06-21T09:37:09+00:00","breadcrumb":{"@id":"https:\/\/kapitalis.com\/tunisie\/2022\/06\/21\/tunisie-kais-saied-lorgne-les-pays-du-golfe\/#breadcrumb"},"inLanguage":"fr-FR","potentialAction":[{"@type":"ReadAction","target":["https:\/\/kapitalis.com\/tunisie\/2022\/06\/21\/tunisie-kais-saied-lorgne-les-pays-du-golfe\/"]}]},{"@type":"ImageObject","inLanguage":"fr-FR","@id":"https:\/\/kapitalis.com\/tunisie\/2022\/06\/21\/tunisie-kais-saied-lorgne-les-pays-du-golfe\/#primaryimage","url":"https:\/\/kapitalis.com\/tunisie\/wp-content\/uploads\/2022\/06\/Kais-Saied-Emirats-arabes-unis-1.jpg","contentUrl":"https:\/\/kapitalis.com\/tunisie\/wp-content\/uploads\/2022\/06\/Kais-Saied-Emirats-arabes-unis-1.jpg","width":1200,"height":620},{"@type":"BreadcrumbList","@id":"https:\/\/kapitalis.com\/tunisie\/2022\/06\/21\/tunisie-kais-saied-lorgne-les-pays-du-golfe\/#breadcrumb","itemListElement":[{"@type":"ListItem","position":1,"name":"Accueil","item":"https:\/\/kapitalis.com\/tunisie\/"},{"@type":"ListItem","position":2,"name":"Tunisie\u00a0: Ka\u00efs Sa\u00efed lorgne les pays du Golfe"}]},{"@type":"WebSite","@id":"https:\/\/kapitalis.com\/tunisie\/#website","url":"https:\/\/kapitalis.com\/tunisie\/","name":"Kapitalis","description":"L&#039;actualit\u00e9 en Tunisie et dans le monde","publisher":{"@id":"https:\/\/kapitalis.com\/tunisie\/#organization"},"potentialAction":[{"@type":"SearchAction","target":{"@type":"EntryPoint","urlTemplate":"https:\/\/kapitalis.com\/tunisie\/?s={search_term_string}"},"query-input":{"@type":"PropertyValueSpecification","valueRequired":true,"valueName":"search_term_string"}}],"inLanguage":"fr-FR"},{"@type":"Organization","@id":"https:\/\/kapitalis.com\/tunisie\/#organization","name":"Kapitalis","url":"https:\/\/kapitalis.com\/tunisie\/","logo":{"@type":"ImageObject","inLanguage":"fr-FR","@id":"https:\/\/kapitalis.com\/tunisie\/#\/schema\/logo\/image\/","url":"https:\/\/kapitalis.com\/tunisie\/wp-content\/uploads\/2022\/05\/Kapitalis-big-size.png","contentUrl":"https:\/\/kapitalis.com\/tunisie\/wp-content\/uploads\/2022\/05\/Kapitalis-big-size.png","width":5000,"height":1500,"caption":"Kapitalis"},"image":{"@id":"https:\/\/kapitalis.com\/tunisie\/#\/schema\/logo\/image\/"},"sameAs":["https:\/\/www.facebook.com\/KapitalisInfo\/","https:\/\/x.com\/KapitalisInfo","https:\/\/www.youtube.com\/channel\/UC-yDYrHyfFBWWZaOw3FPg9Q"]},{"@type":"Person","@id":"https:\/\/kapitalis.com\/tunisie\/#\/schema\/person\/d71f33a9ca44f7bad4698210b480c8e9","name":"webmaster kapitalis","url":"https:\/\/kapitalis.com\/tunisie\/author\/webmaster-kapitalis\/"}]}},"_links":{"self":[{"href":"https:\/\/kapitalis.com\/tunisie\/wp-json\/wp\/v2\/posts\/1633371","targetHints":{"allow":["GET"]}}],"collection":[{"href":"https:\/\/kapitalis.com\/tunisie\/wp-json\/wp\/v2\/posts"}],"about":[{"href":"https:\/\/kapitalis.com\/tunisie\/wp-json\/wp\/v2\/types\/post"}],"author":[{"embeddable":true,"href":"https:\/\/kapitalis.com\/tunisie\/wp-json\/wp\/v2\/users\/8"}],"replies":[{"embeddable":true,"href":"https:\/\/kapitalis.com\/tunisie\/wp-json\/wp\/v2\/comments?post=1633371"}],"version-history":[{"count":0,"href":"https:\/\/kapitalis.com\/tunisie\/wp-json\/wp\/v2\/posts\/1633371\/revisions"}],"wp:featuredmedia":[{"embeddable":true,"href":"https:\/\/kapitalis.com\/tunisie\/wp-json\/wp\/v2\/media\/1634234"}],"wp:attachment":[{"href":"https:\/\/kapitalis.com\/tunisie\/wp-json\/wp\/v2\/media?parent=1633371"}],"wp:term":[{"taxonomy":"category","embeddable":true,"href":"https:\/\/kapitalis.com\/tunisie\/wp-json\/wp\/v2\/categories?post=1633371"},{"taxonomy":"post_tag","embeddable":true,"href":"https:\/\/kapitalis.com\/tunisie\/wp-json\/wp\/v2\/tags?post=1633371"}],"curies":[{"name":"wp","href":"https:\/\/api.w.org\/{rel}","templated":true}]}}