{"id":163378,"date":"2018-07-06T11:11:13","date_gmt":"2018-07-06T10:11:13","guid":{"rendered":"http:\/\/kapitalis.com\/tunisie\/?p=163378"},"modified":"2018-07-06T11:11:13","modified_gmt":"2018-07-06T10:11:13","slug":"sousse-cours-de-takfirisme-sur-la-plage-de-boujaafar","status":"publish","type":"post","link":"https:\/\/kapitalis.com\/tunisie\/2018\/07\/06\/sousse-cours-de-takfirisme-sur-la-plage-de-boujaafar\/","title":{"rendered":"Sousse : Cours de takfirisme sur la plage de Boujaafar !"},"content":{"rendered":"<p style=\"text-align: center;\"><img loading=\"lazy\" decoding=\"async\" class=\"alignnone size-full wp-image-163385\" src=\"http:\/\/kapitalis.com\/tunisie\/wp-content\/uploads\/2018\/07\/Boujaafar-cours-coraniques-takfiristes.jpg\" alt=\"\" width=\"626\" height=\"380\" \/><\/p>\n<p><em><strong>La police a arr\u00eat\u00e9 hier, jeudi 5 juillet 2018, un homme qui donnait des cours de takfirisme aux enfants, sur la plage de Boujaafar, \u00e0 Sousse. Surnomm\u00e9 \u00abCheikh\u00bb, cet homme de 59 ans, est propri\u00e9taire d\u2019une \u00e9cole coranique qui fait d\u00e9sormais l\u2019objet d\u2019un ordre de fermeture.<\/strong><\/em><!--more--><\/p>\n<p>C\u2019est la police touristique qui a intercept\u00e9 le suspect.\u00a0Il \u00e9tait sur la plage, entour\u00e9 d\u2019une dizaine de gamins \u00e2g\u00e9s de 11 \u00e0 15 ans, auxquels il inculquait les r\u00e8gles de l\u2019islam radical. Il a \u00e9t\u00e9 arr\u00eat\u00e9 et plac\u00e9 en d\u00e9tention.<\/p>\n<p>On notera que le suspect \u00e9tait actif en 2012 et 2013 avec Ansar Charia, une organisation class\u00e9e terroriste.<\/p>\n<p style=\"text-align: right;\"><strong>Y. N.<\/strong><\/p>\n<blockquote class=\"wp-embedded-content\" data-secret=\"iuUYB5sL5I\"><p><a href=\"https:\/\/kapitalis.com\/tunisie\/2018\/05\/17\/tunisie-ghannouchi-et-le-zele-des-nouveaux-convertis-au-wahhabisme\/\">Tunisie : Ghannouchi et le z\u00e8le des nouveaux convertis au wahhabisme<\/a><\/p><\/blockquote>\n<p><iframe loading=\"lazy\" class=\"wp-embedded-content\" sandbox=\"allow-scripts\" security=\"restricted\" style=\"position: absolute; clip: rect(1px, 1px, 1px, 1px);\" title=\"\u00ab\u00a0Tunisie : Ghannouchi et le z\u00e8le des nouveaux convertis au wahhabisme\u00a0\u00bb &#8212; Kapitalis\" src=\"https:\/\/kapitalis.com\/tunisie\/2018\/05\/17\/tunisie-ghannouchi-et-le-zele-des-nouveaux-convertis-au-wahhabisme\/embed\/#?secret=obmLY4KZcW#?secret=iuUYB5sL5I\" data-secret=\"iuUYB5sL5I\" width=\"600\" height=\"338\" frameborder=\"0\" marginwidth=\"0\" marginheight=\"0\" scrolling=\"no\"><\/iframe><\/p>\n<blockquote class=\"wp-embedded-content\" data-secret=\"Qicb7wwCag\"><p><a href=\"https:\/\/kapitalis.com\/tunisie\/2018\/05\/16\/nahed-zerouati-dautres-revelations-accablantes-pour-ennahdha\/\">Nahed Zerouati : \u00abD\u2019autres r\u00e9v\u00e9lations accablantes pour Ennahdha\u00bb<\/a><\/p><\/blockquote>\n<p><iframe loading=\"lazy\" class=\"wp-embedded-content\" sandbox=\"allow-scripts\" security=\"restricted\" style=\"position: absolute; clip: rect(1px, 1px, 1px, 1px);\" title=\"\u00ab\u00a0Nahed Zerouati : \u00abD\u2019autres r\u00e9v\u00e9lations accablantes pour Ennahdha\u00bb\u00a0\u00bb &#8212; Kapitalis\" src=\"https:\/\/kapitalis.com\/tunisie\/2018\/05\/16\/nahed-zerouati-dautres-revelations-accablantes-pour-ennahdha\/embed\/#?secret=dVTPBxcEzV#?secret=Qicb7wwCag\" data-secret=\"Qicb7wwCag\" width=\"600\" height=\"338\" frameborder=\"0\" marginwidth=\"0\" marginheight=\"0\" scrolling=\"no\"><\/iframe><\/p>\n","protected":false},"excerpt":{"rendered":"<p>La police a arr\u00eat\u00e9 hier, jeudi 5 juillet 2018, un homme qui donnait des cours de takfirisme aux enfants, sur la plage de Boujaafar, \u00e0 Sousse. Surnomm\u00e9 \u00abCheikh\u00bb, cet homme de 59 ans, est propri\u00e9taire d\u2019une \u00e9cole coranique qui fait d\u00e9sormais l\u2019objet d\u2019un ordre de fermeture.<\/p>\n","protected":false},"author":6,"featured_media":163385,"comment_status":"open","ping_status":"open","sticky":false,"template":"","format":"standard","meta":{"footnotes":""},"categories":[998,2433],"tags":[1937,1733,17241,3106,3995,719,2680,854,2765],"class_list":["post-163378","post","type-post","status-publish","format-standard","has-post-thumbnail","hentry","category-societe","category-tunisie","tag-ansar-charia","tag-boujaafar","tag-ecole-coranique","tag-islam-radical","tag-organisation-terroriste","tag-plage","tag-police-touristique","tag-sousse","tag-takfiriste"],"yoast_head":"<!-- This site is optimized with the Yoast SEO plugin v26.6 - https:\/\/yoast.com\/wordpress\/plugins\/seo\/ -->\n<title>Sousse : Cours de takfirisme sur la plage de Boujaafar ! - Kapitalis<\/title>\n<meta name=\"robots\" content=\"index, follow, max-snippet:-1, max-image-preview:large, max-video-preview:-1\" \/>\n<link rel=\"canonical\" href=\"https:\/\/kapitalis.com\/tunisie\/2018\/07\/06\/sousse-cours-de-takfirisme-sur-la-plage-de-boujaafar\/\" \/>\n<meta property=\"og:locale\" content=\"fr_FR\" \/>\n<meta property=\"og:type\" content=\"article\" \/>\n<meta property=\"og:title\" content=\"Sousse : Cours de takfirisme sur la plage de Boujaafar ! - Kapitalis\" \/>\n<meta property=\"og:description\" content=\"La police a arr\u00eat\u00e9 hier, jeudi 5 juillet 2018, un homme qui donnait des cours de takfirisme aux enfants, sur la plage de Boujaafar, \u00e0 Sousse. Surnomm\u00e9 \u00abCheikh\u00bb, cet homme de 59 ans, est propri\u00e9taire d\u2019une \u00e9cole coranique qui fait d\u00e9sormais l\u2019objet d\u2019un ordre de fermeture.\" \/>\n<meta property=\"og:url\" content=\"https:\/\/kapitalis.com\/tunisie\/2018\/07\/06\/sousse-cours-de-takfirisme-sur-la-plage-de-boujaafar\/\" \/>\n<meta property=\"og:site_name\" content=\"Kapitalis\" \/>\n<meta property=\"article:publisher\" content=\"https:\/\/www.facebook.com\/KapitalisInfo\/\" \/>\n<meta property=\"article:published_time\" content=\"2018-07-06T10:11:13+00:00\" \/>\n<meta property=\"og:image\" content=\"https:\/\/kapitalis.com\/tunisie\/wp-content\/uploads\/2022\/05\/kapitalis-logo-fb.png\" \/>\n\t<meta property=\"og:image:width\" content=\"1200\" \/>\n\t<meta property=\"og:image:height\" content=\"630\" \/>\n\t<meta property=\"og:image:type\" content=\"image\/png\" \/>\n<meta name=\"author\" content=\"Yusra NY\" \/>\n<meta name=\"twitter:card\" content=\"summary_large_image\" \/>\n<meta name=\"twitter:creator\" content=\"@KapitalisInfo\" \/>\n<meta name=\"twitter:site\" content=\"@KapitalisInfo\" \/>\n<meta name=\"twitter:label1\" content=\"\u00c9crit par\" \/>\n\t<meta name=\"twitter:data1\" content=\"Yusra NY\" \/>\n\t<meta name=\"twitter:label2\" content=\"Dur\u00e9e de lecture estim\u00e9e\" \/>\n\t<meta name=\"twitter:data2\" content=\"1 minute\" \/>\n<script type=\"application\/ld+json\" class=\"yoast-schema-graph\">{\"@context\":\"https:\/\/schema.org\",\"@graph\":[{\"@type\":\"Article\",\"@id\":\"https:\/\/kapitalis.com\/tunisie\/2018\/07\/06\/sousse-cours-de-takfirisme-sur-la-plage-de-boujaafar\/#article\",\"isPartOf\":{\"@id\":\"https:\/\/kapitalis.com\/tunisie\/2018\/07\/06\/sousse-cours-de-takfirisme-sur-la-plage-de-boujaafar\/\"},\"author\":{\"name\":\"Yusra NY\",\"@id\":\"https:\/\/kapitalis.com\/tunisie\/#\/schema\/person\/74bbde0154d49d790a92aaeac5bc01d5\"},\"headline\":\"Sousse : Cours de takfirisme sur la plage de Boujaafar !\",\"datePublished\":\"2018-07-06T10:11:13+00:00\",\"mainEntityOfPage\":{\"@id\":\"https:\/\/kapitalis.com\/tunisie\/2018\/07\/06\/sousse-cours-de-takfirisme-sur-la-plage-de-boujaafar\/\"},\"wordCount\":131,\"commentCount\":2,\"publisher\":{\"@id\":\"https:\/\/kapitalis.com\/tunisie\/#organization\"},\"image\":{\"@id\":\"https:\/\/kapitalis.com\/tunisie\/2018\/07\/06\/sousse-cours-de-takfirisme-sur-la-plage-de-boujaafar\/#primaryimage\"},\"thumbnailUrl\":\"\",\"keywords\":[\"Ansar Charia\",\"Boujaafar\",\"\u00e9cole coranique\",\"islam radical\",\"organisation terroriste\",\"plage\",\"police touristique\",\"Sousse\",\"takfiriste\"],\"articleSection\":[\"SOCIETE\",\"Tunisie\"],\"inLanguage\":\"fr-FR\",\"potentialAction\":[{\"@type\":\"CommentAction\",\"name\":\"Comment\",\"target\":[\"https:\/\/kapitalis.com\/tunisie\/2018\/07\/06\/sousse-cours-de-takfirisme-sur-la-plage-de-boujaafar\/#respond\"]}]},{\"@type\":\"WebPage\",\"@id\":\"https:\/\/kapitalis.com\/tunisie\/2018\/07\/06\/sousse-cours-de-takfirisme-sur-la-plage-de-boujaafar\/\",\"url\":\"https:\/\/kapitalis.com\/tunisie\/2018\/07\/06\/sousse-cours-de-takfirisme-sur-la-plage-de-boujaafar\/\",\"name\":\"Sousse : Cours de takfirisme sur la plage de Boujaafar ! - Kapitalis\",\"isPartOf\":{\"@id\":\"https:\/\/kapitalis.com\/tunisie\/#website\"},\"primaryImageOfPage\":{\"@id\":\"https:\/\/kapitalis.com\/tunisie\/2018\/07\/06\/sousse-cours-de-takfirisme-sur-la-plage-de-boujaafar\/#primaryimage\"},\"image\":{\"@id\":\"https:\/\/kapitalis.com\/tunisie\/2018\/07\/06\/sousse-cours-de-takfirisme-sur-la-plage-de-boujaafar\/#primaryimage\"},\"thumbnailUrl\":\"\",\"datePublished\":\"2018-07-06T10:11:13+00:00\",\"breadcrumb\":{\"@id\":\"https:\/\/kapitalis.com\/tunisie\/2018\/07\/06\/sousse-cours-de-takfirisme-sur-la-plage-de-boujaafar\/#breadcrumb\"},\"inLanguage\":\"fr-FR\",\"potentialAction\":[{\"@type\":\"ReadAction\",\"target\":[\"https:\/\/kapitalis.com\/tunisie\/2018\/07\/06\/sousse-cours-de-takfirisme-sur-la-plage-de-boujaafar\/\"]}]},{\"@type\":\"ImageObject\",\"inLanguage\":\"fr-FR\",\"@id\":\"https:\/\/kapitalis.com\/tunisie\/2018\/07\/06\/sousse-cours-de-takfirisme-sur-la-plage-de-boujaafar\/#primaryimage\",\"url\":\"\",\"contentUrl\":\"\"},{\"@type\":\"BreadcrumbList\",\"@id\":\"https:\/\/kapitalis.com\/tunisie\/2018\/07\/06\/sousse-cours-de-takfirisme-sur-la-plage-de-boujaafar\/#breadcrumb\",\"itemListElement\":[{\"@type\":\"ListItem\",\"position\":1,\"name\":\"Accueil\",\"item\":\"https:\/\/kapitalis.com\/tunisie\/\"},{\"@type\":\"ListItem\",\"position\":2,\"name\":\"Sousse : Cours de takfirisme sur la plage de Boujaafar !\"}]},{\"@type\":\"WebSite\",\"@id\":\"https:\/\/kapitalis.com\/tunisie\/#website\",\"url\":\"https:\/\/kapitalis.com\/tunisie\/\",\"name\":\"Kapitalis\",\"description\":\"L&#039;actualit\u00e9 en Tunisie et dans le monde\",\"publisher\":{\"@id\":\"https:\/\/kapitalis.com\/tunisie\/#organization\"},\"potentialAction\":[{\"@type\":\"SearchAction\",\"target\":{\"@type\":\"EntryPoint\",\"urlTemplate\":\"https:\/\/kapitalis.com\/tunisie\/?s={search_term_string}\"},\"query-input\":{\"@type\":\"PropertyValueSpecification\",\"valueRequired\":true,\"valueName\":\"search_term_string\"}}],\"inLanguage\":\"fr-FR\"},{\"@type\":\"Organization\",\"@id\":\"https:\/\/kapitalis.com\/tunisie\/#organization\",\"name\":\"Kapitalis\",\"url\":\"https:\/\/kapitalis.com\/tunisie\/\",\"logo\":{\"@type\":\"ImageObject\",\"inLanguage\":\"fr-FR\",\"@id\":\"https:\/\/kapitalis.com\/tunisie\/#\/schema\/logo\/image\/\",\"url\":\"https:\/\/kapitalis.com\/tunisie\/wp-content\/uploads\/2022\/05\/Kapitalis-big-size.png\",\"contentUrl\":\"https:\/\/kapitalis.com\/tunisie\/wp-content\/uploads\/2022\/05\/Kapitalis-big-size.png\",\"width\":5000,\"height\":1500,\"caption\":\"Kapitalis\"},\"image\":{\"@id\":\"https:\/\/kapitalis.com\/tunisie\/#\/schema\/logo\/image\/\"},\"sameAs\":[\"https:\/\/www.facebook.com\/KapitalisInfo\/\",\"https:\/\/x.com\/KapitalisInfo\",\"https:\/\/www.youtube.com\/channel\/UC-yDYrHyfFBWWZaOw3FPg9Q\"]},{\"@type\":\"Person\",\"@id\":\"https:\/\/kapitalis.com\/tunisie\/#\/schema\/person\/74bbde0154d49d790a92aaeac5bc01d5\",\"name\":\"Yusra NY\",\"url\":\"https:\/\/kapitalis.com\/tunisie\/author\/yuza_adam\/\"}]}<\/script>\n<!-- \/ Yoast SEO plugin. -->","yoast_head_json":{"title":"Sousse : Cours de takfirisme sur la plage de Boujaafar ! - Kapitalis","robots":{"index":"index","follow":"follow","max-snippet":"max-snippet:-1","max-image-preview":"max-image-preview:large","max-video-preview":"max-video-preview:-1"},"canonical":"https:\/\/kapitalis.com\/tunisie\/2018\/07\/06\/sousse-cours-de-takfirisme-sur-la-plage-de-boujaafar\/","og_locale":"fr_FR","og_type":"article","og_title":"Sousse : Cours de takfirisme sur la plage de Boujaafar ! - Kapitalis","og_description":"La police a arr\u00eat\u00e9 hier, jeudi 5 juillet 2018, un homme qui donnait des cours de takfirisme aux enfants, sur la plage de Boujaafar, \u00e0 Sousse. Surnomm\u00e9 \u00abCheikh\u00bb, cet homme de 59 ans, est propri\u00e9taire d\u2019une \u00e9cole coranique qui fait d\u00e9sormais l\u2019objet d\u2019un ordre de fermeture.","og_url":"https:\/\/kapitalis.com\/tunisie\/2018\/07\/06\/sousse-cours-de-takfirisme-sur-la-plage-de-boujaafar\/","og_site_name":"Kapitalis","article_publisher":"https:\/\/www.facebook.com\/KapitalisInfo\/","article_published_time":"2018-07-06T10:11:13+00:00","og_image":[{"width":1200,"height":630,"url":"https:\/\/kapitalis.com\/tunisie\/wp-content\/uploads\/2022\/05\/kapitalis-logo-fb.png","type":"image\/png"}],"author":"Yusra NY","twitter_card":"summary_large_image","twitter_creator":"@KapitalisInfo","twitter_site":"@KapitalisInfo","twitter_misc":{"\u00c9crit par":"Yusra NY","Dur\u00e9e de lecture estim\u00e9e":"1 minute"},"schema":{"@context":"https:\/\/schema.org","@graph":[{"@type":"Article","@id":"https:\/\/kapitalis.com\/tunisie\/2018\/07\/06\/sousse-cours-de-takfirisme-sur-la-plage-de-boujaafar\/#article","isPartOf":{"@id":"https:\/\/kapitalis.com\/tunisie\/2018\/07\/06\/sousse-cours-de-takfirisme-sur-la-plage-de-boujaafar\/"},"author":{"name":"Yusra NY","@id":"https:\/\/kapitalis.com\/tunisie\/#\/schema\/person\/74bbde0154d49d790a92aaeac5bc01d5"},"headline":"Sousse : Cours de takfirisme sur la plage de Boujaafar !","datePublished":"2018-07-06T10:11:13+00:00","mainEntityOfPage":{"@id":"https:\/\/kapitalis.com\/tunisie\/2018\/07\/06\/sousse-cours-de-takfirisme-sur-la-plage-de-boujaafar\/"},"wordCount":131,"commentCount":2,"publisher":{"@id":"https:\/\/kapitalis.com\/tunisie\/#organization"},"image":{"@id":"https:\/\/kapitalis.com\/tunisie\/2018\/07\/06\/sousse-cours-de-takfirisme-sur-la-plage-de-boujaafar\/#primaryimage"},"thumbnailUrl":"","keywords":["Ansar Charia","Boujaafar","\u00e9cole coranique","islam radical","organisation terroriste","plage","police touristique","Sousse","takfiriste"],"articleSection":["SOCIETE","Tunisie"],"inLanguage":"fr-FR","potentialAction":[{"@type":"CommentAction","name":"Comment","target":["https:\/\/kapitalis.com\/tunisie\/2018\/07\/06\/sousse-cours-de-takfirisme-sur-la-plage-de-boujaafar\/#respond"]}]},{"@type":"WebPage","@id":"https:\/\/kapitalis.com\/tunisie\/2018\/07\/06\/sousse-cours-de-takfirisme-sur-la-plage-de-boujaafar\/","url":"https:\/\/kapitalis.com\/tunisie\/2018\/07\/06\/sousse-cours-de-takfirisme-sur-la-plage-de-boujaafar\/","name":"Sousse : Cours de takfirisme sur la plage de Boujaafar ! - Kapitalis","isPartOf":{"@id":"https:\/\/kapitalis.com\/tunisie\/#website"},"primaryImageOfPage":{"@id":"https:\/\/kapitalis.com\/tunisie\/2018\/07\/06\/sousse-cours-de-takfirisme-sur-la-plage-de-boujaafar\/#primaryimage"},"image":{"@id":"https:\/\/kapitalis.com\/tunisie\/2018\/07\/06\/sousse-cours-de-takfirisme-sur-la-plage-de-boujaafar\/#primaryimage"},"thumbnailUrl":"","datePublished":"2018-07-06T10:11:13+00:00","breadcrumb":{"@id":"https:\/\/kapitalis.com\/tunisie\/2018\/07\/06\/sousse-cours-de-takfirisme-sur-la-plage-de-boujaafar\/#breadcrumb"},"inLanguage":"fr-FR","potentialAction":[{"@type":"ReadAction","target":["https:\/\/kapitalis.com\/tunisie\/2018\/07\/06\/sousse-cours-de-takfirisme-sur-la-plage-de-boujaafar\/"]}]},{"@type":"ImageObject","inLanguage":"fr-FR","@id":"https:\/\/kapitalis.com\/tunisie\/2018\/07\/06\/sousse-cours-de-takfirisme-sur-la-plage-de-boujaafar\/#primaryimage","url":"","contentUrl":""},{"@type":"BreadcrumbList","@id":"https:\/\/kapitalis.com\/tunisie\/2018\/07\/06\/sousse-cours-de-takfirisme-sur-la-plage-de-boujaafar\/#breadcrumb","itemListElement":[{"@type":"ListItem","position":1,"name":"Accueil","item":"https:\/\/kapitalis.com\/tunisie\/"},{"@type":"ListItem","position":2,"name":"Sousse : Cours de takfirisme sur la plage de Boujaafar !"}]},{"@type":"WebSite","@id":"https:\/\/kapitalis.com\/tunisie\/#website","url":"https:\/\/kapitalis.com\/tunisie\/","name":"Kapitalis","description":"L&#039;actualit\u00e9 en Tunisie et dans le monde","publisher":{"@id":"https:\/\/kapitalis.com\/tunisie\/#organization"},"potentialAction":[{"@type":"SearchAction","target":{"@type":"EntryPoint","urlTemplate":"https:\/\/kapitalis.com\/tunisie\/?s={search_term_string}"},"query-input":{"@type":"PropertyValueSpecification","valueRequired":true,"valueName":"search_term_string"}}],"inLanguage":"fr-FR"},{"@type":"Organization","@id":"https:\/\/kapitalis.com\/tunisie\/#organization","name":"Kapitalis","url":"https:\/\/kapitalis.com\/tunisie\/","logo":{"@type":"ImageObject","inLanguage":"fr-FR","@id":"https:\/\/kapitalis.com\/tunisie\/#\/schema\/logo\/image\/","url":"https:\/\/kapitalis.com\/tunisie\/wp-content\/uploads\/2022\/05\/Kapitalis-big-size.png","contentUrl":"https:\/\/kapitalis.com\/tunisie\/wp-content\/uploads\/2022\/05\/Kapitalis-big-size.png","width":5000,"height":1500,"caption":"Kapitalis"},"image":{"@id":"https:\/\/kapitalis.com\/tunisie\/#\/schema\/logo\/image\/"},"sameAs":["https:\/\/www.facebook.com\/KapitalisInfo\/","https:\/\/x.com\/KapitalisInfo","https:\/\/www.youtube.com\/channel\/UC-yDYrHyfFBWWZaOw3FPg9Q"]},{"@type":"Person","@id":"https:\/\/kapitalis.com\/tunisie\/#\/schema\/person\/74bbde0154d49d790a92aaeac5bc01d5","name":"Yusra NY","url":"https:\/\/kapitalis.com\/tunisie\/author\/yuza_adam\/"}]}},"_links":{"self":[{"href":"https:\/\/kapitalis.com\/tunisie\/wp-json\/wp\/v2\/posts\/163378","targetHints":{"allow":["GET"]}}],"collection":[{"href":"https:\/\/kapitalis.com\/tunisie\/wp-json\/wp\/v2\/posts"}],"about":[{"href":"https:\/\/kapitalis.com\/tunisie\/wp-json\/wp\/v2\/types\/post"}],"author":[{"embeddable":true,"href":"https:\/\/kapitalis.com\/tunisie\/wp-json\/wp\/v2\/users\/6"}],"replies":[{"embeddable":true,"href":"https:\/\/kapitalis.com\/tunisie\/wp-json\/wp\/v2\/comments?post=163378"}],"version-history":[{"count":0,"href":"https:\/\/kapitalis.com\/tunisie\/wp-json\/wp\/v2\/posts\/163378\/revisions"}],"wp:featuredmedia":[{"embeddable":true,"href":"https:\/\/kapitalis.com\/tunisie\/wp-json\/wp\/v2\/media\/163385"}],"wp:attachment":[{"href":"https:\/\/kapitalis.com\/tunisie\/wp-json\/wp\/v2\/media?parent=163378"}],"wp:term":[{"taxonomy":"category","embeddable":true,"href":"https:\/\/kapitalis.com\/tunisie\/wp-json\/wp\/v2\/categories?post=163378"},{"taxonomy":"post_tag","embeddable":true,"href":"https:\/\/kapitalis.com\/tunisie\/wp-json\/wp\/v2\/tags?post=163378"}],"curies":[{"name":"wp","href":"https:\/\/api.w.org\/{rel}","templated":true}]}}