{"id":16341647,"date":"2025-04-29T13:54:42","date_gmt":"2025-04-29T12:54:42","guid":{"rendered":"https:\/\/kapitalis.com\/tunisie\/?p=16341647"},"modified":"2025-04-29T13:54:43","modified_gmt":"2025-04-29T12:54:43","slug":"du-nouveau-sur-le-meurtre-de-lavocate-mongia-mannai-a-manouba","status":"publish","type":"post","link":"https:\/\/kapitalis.com\/tunisie\/2025\/04\/29\/du-nouveau-sur-le-meurtre-de-lavocate-mongia-mannai-a-manouba\/","title":{"rendered":"Du nouveau sur le meurtre de l\u2019avocate Mongia Mannai \u00e0 Manouba"},"content":{"rendered":"\n<p><strong><em>On en sait un peu plus sur le crime familial perp\u00e9tr\u00e9 le weekend dernier au quartier de Chabaou, \u00e0 Oued Ellil, au nord de Manouba, et dont fut victime l\u2019avocate Mongia Mannai.<\/em><\/strong><\/p>\n\n\n\n<!--more-->\n\n\n\n<p>Le corps de la victime a \u00e9t\u00e9 retrouv\u00e9 compl\u00e8tement br\u00fbl\u00e9 dans la soir\u00e9e du samedi 26 avril 2025, dans le canal des eaux du nord, derri\u00e8re le complexe sportif de Manouba, \u00e0 l\u2019ouest de Tunis.<\/p>\n\n\n\n<p>L\u2019enqu\u00eate men\u00e9e par les agents<strong> <\/strong>de la Garde nationale de Manouba a abouti \u00e0 l\u2019arrestation, le lendemain du meurtre, de trois suspects\u00a0: l\u2019ex-\u00e9poux de la victime, l\u2019un de ses deux fils et le g\u00e9rant d\u2019une station service.<\/p>\n\n\n\n<p>Un neveu de la victime, Ghaith Hammami, est intervenu par t\u00e9l\u00e9phone ce mardi 29 avril dans la matinale de Jawhara FM pour affirmer que Mongia Mannai avait deux jumeaux, Nour et Nadhir, n\u00e9s en 1993, dont elle avait financ\u00e9 les \u00e9tudes \u00e0 l\u2019\u00e9tranger. L\u2019un est devenu ing\u00e9nieur et l\u2019autre m\u00e9decin. Ils sont tous deux tr\u00e8s proches de leur p\u00e8re et \u00e9taient pr\u00e9sents \u00e0 Tunis au moment du meurtre. Nour est parti \u00e0 l\u2019\u00e9tranger apr\u00e8s le meurtre, alors que Nadhir a \u00e9t\u00e9 arr\u00eat\u00e9 le lendemain.<\/p>\n\n\n\n<p>Autre \u00e9l\u00e9ment important&nbsp;: la d\u00e9funte poss\u00e9dait une station services qu\u2019elle louait au 3<sup>e<\/sup> pr\u00e9venu, le g\u00e9rant &nbsp;de cette station.<\/p>\n\n\n\n<p>L\u2019enqu\u00eate en cours doit d\u00e9terminer les responsabilit\u00e9s de chacun des quatre suspects dans le meurtre, sachant que la victime avait \u00e9t\u00e9 tu\u00e9e chez elle, \u00e0 Chabaou, avant que son corps ne soit br\u00fbl\u00e9 puis transport\u00e9 et jet\u00e9 dans un canal \u00e0 Manouba. Des traces de sang de la victime ont \u00e9t\u00e9 retrouv\u00e9es lors de la perquisition effectu\u00e9e \u00e0 son domicile par la police. <\/p>\n\n\n\n<p>Les fun\u00e9railles de la victime ont lieu aujourd\u2019hui au cimeti\u00e8re Sidi Yahia, \u00e0 El Omrane, \u00e0 Tunis. \u00a0\u00a0<\/p>\n\n\n\n<p class=\"has-text-align-right\"><strong>I. B.<\/strong> <\/p>\n\n\n\n<p><\/p>\n","protected":false},"excerpt":{"rendered":"<p>On en sait un peu plus sur le crime familial perp\u00e9tr\u00e9 le weekend dernier \u00e0 Manouba et dont fut victime l\u2019avocate Mongia Mannai.<\/p>\n","protected":false},"author":8,"featured_media":16341676,"comment_status":"open","ping_status":"open","sticky":false,"template":"","format":"standard","meta":{"footnotes":""},"categories":[998,2433],"tags":[84129,571,604,121993,5758],"class_list":["post-16341647","post","type-post","status-publish","format-standard","has-post-thumbnail","hentry","category-societe","category-tunisie","tag-chabaou","tag-manouba","tag-meurtre","tag-mongia-mannai","tag-oued-ellil"],"yoast_head":"<!-- This site is optimized with the Yoast SEO plugin v26.6 - https:\/\/yoast.com\/wordpress\/plugins\/seo\/ -->\n<title>Du nouveau sur le meurtre de l\u2019avocate Mongia Mannai \u00e0 Manouba - Kapitalis<\/title>\n<meta name=\"robots\" content=\"index, follow, max-snippet:-1, max-image-preview:large, max-video-preview:-1\" \/>\n<link rel=\"canonical\" href=\"https:\/\/kapitalis.com\/tunisie\/2025\/04\/29\/du-nouveau-sur-le-meurtre-de-lavocate-mongia-mannai-a-manouba\/\" \/>\n<meta property=\"og:locale\" content=\"fr_FR\" \/>\n<meta property=\"og:type\" content=\"article\" \/>\n<meta property=\"og:title\" content=\"Du nouveau sur le meurtre de l\u2019avocate Mongia Mannai \u00e0 Manouba - Kapitalis\" \/>\n<meta property=\"og:description\" content=\"On en sait un peu plus sur le crime familial perp\u00e9tr\u00e9 le weekend dernier \u00e0 Manouba et dont fut victime l\u2019avocate Mongia Mannai.\" \/>\n<meta property=\"og:url\" content=\"https:\/\/kapitalis.com\/tunisie\/2025\/04\/29\/du-nouveau-sur-le-meurtre-de-lavocate-mongia-mannai-a-manouba\/\" \/>\n<meta property=\"og:site_name\" content=\"Kapitalis\" \/>\n<meta property=\"article:publisher\" content=\"https:\/\/www.facebook.com\/KapitalisInfo\/\" \/>\n<meta property=\"article:published_time\" content=\"2025-04-29T12:54:42+00:00\" \/>\n<meta property=\"article:modified_time\" content=\"2025-04-29T12:54:43+00:00\" \/>\n<meta property=\"og:image\" content=\"https:\/\/kapitalis.com\/tunisie\/wp-content\/uploads\/2025\/04\/Mongia-Mannai.jpg\" \/>\n\t<meta property=\"og:image:width\" content=\"1200\" \/>\n\t<meta property=\"og:image:height\" content=\"630\" \/>\n\t<meta property=\"og:image:type\" content=\"image\/jpeg\" \/>\n<meta name=\"author\" content=\"webmaster kapitalis\" \/>\n<meta name=\"twitter:card\" content=\"summary_large_image\" \/>\n<meta name=\"twitter:creator\" content=\"@KapitalisInfo\" \/>\n<meta name=\"twitter:site\" content=\"@KapitalisInfo\" \/>\n<meta name=\"twitter:label1\" content=\"\u00c9crit par\" \/>\n\t<meta name=\"twitter:data1\" content=\"webmaster kapitalis\" \/>\n\t<meta name=\"twitter:label2\" content=\"Dur\u00e9e de lecture estim\u00e9e\" \/>\n\t<meta name=\"twitter:data2\" content=\"2 minutes\" \/>\n<script type=\"application\/ld+json\" class=\"yoast-schema-graph\">{\"@context\":\"https:\/\/schema.org\",\"@graph\":[{\"@type\":\"Article\",\"@id\":\"https:\/\/kapitalis.com\/tunisie\/2025\/04\/29\/du-nouveau-sur-le-meurtre-de-lavocate-mongia-mannai-a-manouba\/#article\",\"isPartOf\":{\"@id\":\"https:\/\/kapitalis.com\/tunisie\/2025\/04\/29\/du-nouveau-sur-le-meurtre-de-lavocate-mongia-mannai-a-manouba\/\"},\"author\":{\"name\":\"webmaster kapitalis\",\"@id\":\"https:\/\/kapitalis.com\/tunisie\/#\/schema\/person\/d71f33a9ca44f7bad4698210b480c8e9\"},\"headline\":\"Du nouveau sur le meurtre de l\u2019avocate Mongia Mannai \u00e0 Manouba\",\"datePublished\":\"2025-04-29T12:54:42+00:00\",\"dateModified\":\"2025-04-29T12:54:43+00:00\",\"mainEntityOfPage\":{\"@id\":\"https:\/\/kapitalis.com\/tunisie\/2025\/04\/29\/du-nouveau-sur-le-meurtre-de-lavocate-mongia-mannai-a-manouba\/\"},\"wordCount\":334,\"commentCount\":2,\"publisher\":{\"@id\":\"https:\/\/kapitalis.com\/tunisie\/#organization\"},\"image\":{\"@id\":\"https:\/\/kapitalis.com\/tunisie\/2025\/04\/29\/du-nouveau-sur-le-meurtre-de-lavocate-mongia-mannai-a-manouba\/#primaryimage\"},\"thumbnailUrl\":\"https:\/\/kapitalis.com\/tunisie\/wp-content\/uploads\/2025\/04\/Mongia-Mannai.jpg\",\"keywords\":[\"Chabaou\",\"Manouba\",\"meurtre\",\"Mongia Mannai\",\"Oued Ellil\"],\"articleSection\":[\"SOCIETE\",\"Tunisie\"],\"inLanguage\":\"fr-FR\",\"potentialAction\":[{\"@type\":\"CommentAction\",\"name\":\"Comment\",\"target\":[\"https:\/\/kapitalis.com\/tunisie\/2025\/04\/29\/du-nouveau-sur-le-meurtre-de-lavocate-mongia-mannai-a-manouba\/#respond\"]}]},{\"@type\":\"WebPage\",\"@id\":\"https:\/\/kapitalis.com\/tunisie\/2025\/04\/29\/du-nouveau-sur-le-meurtre-de-lavocate-mongia-mannai-a-manouba\/\",\"url\":\"https:\/\/kapitalis.com\/tunisie\/2025\/04\/29\/du-nouveau-sur-le-meurtre-de-lavocate-mongia-mannai-a-manouba\/\",\"name\":\"Du nouveau sur le meurtre de l\u2019avocate Mongia Mannai \u00e0 Manouba - Kapitalis\",\"isPartOf\":{\"@id\":\"https:\/\/kapitalis.com\/tunisie\/#website\"},\"primaryImageOfPage\":{\"@id\":\"https:\/\/kapitalis.com\/tunisie\/2025\/04\/29\/du-nouveau-sur-le-meurtre-de-lavocate-mongia-mannai-a-manouba\/#primaryimage\"},\"image\":{\"@id\":\"https:\/\/kapitalis.com\/tunisie\/2025\/04\/29\/du-nouveau-sur-le-meurtre-de-lavocate-mongia-mannai-a-manouba\/#primaryimage\"},\"thumbnailUrl\":\"https:\/\/kapitalis.com\/tunisie\/wp-content\/uploads\/2025\/04\/Mongia-Mannai.jpg\",\"datePublished\":\"2025-04-29T12:54:42+00:00\",\"dateModified\":\"2025-04-29T12:54:43+00:00\",\"breadcrumb\":{\"@id\":\"https:\/\/kapitalis.com\/tunisie\/2025\/04\/29\/du-nouveau-sur-le-meurtre-de-lavocate-mongia-mannai-a-manouba\/#breadcrumb\"},\"inLanguage\":\"fr-FR\",\"potentialAction\":[{\"@type\":\"ReadAction\",\"target\":[\"https:\/\/kapitalis.com\/tunisie\/2025\/04\/29\/du-nouveau-sur-le-meurtre-de-lavocate-mongia-mannai-a-manouba\/\"]}]},{\"@type\":\"ImageObject\",\"inLanguage\":\"fr-FR\",\"@id\":\"https:\/\/kapitalis.com\/tunisie\/2025\/04\/29\/du-nouveau-sur-le-meurtre-de-lavocate-mongia-mannai-a-manouba\/#primaryimage\",\"url\":\"https:\/\/kapitalis.com\/tunisie\/wp-content\/uploads\/2025\/04\/Mongia-Mannai.jpg\",\"contentUrl\":\"https:\/\/kapitalis.com\/tunisie\/wp-content\/uploads\/2025\/04\/Mongia-Mannai.jpg\",\"width\":1200,\"height\":630},{\"@type\":\"BreadcrumbList\",\"@id\":\"https:\/\/kapitalis.com\/tunisie\/2025\/04\/29\/du-nouveau-sur-le-meurtre-de-lavocate-mongia-mannai-a-manouba\/#breadcrumb\",\"itemListElement\":[{\"@type\":\"ListItem\",\"position\":1,\"name\":\"Accueil\",\"item\":\"https:\/\/kapitalis.com\/tunisie\/\"},{\"@type\":\"ListItem\",\"position\":2,\"name\":\"Du nouveau sur le meurtre de l\u2019avocate Mongia Mannai \u00e0 Manouba\"}]},{\"@type\":\"WebSite\",\"@id\":\"https:\/\/kapitalis.com\/tunisie\/#website\",\"url\":\"https:\/\/kapitalis.com\/tunisie\/\",\"name\":\"Kapitalis\",\"description\":\"L&#039;actualit\u00e9 en Tunisie et dans le monde\",\"publisher\":{\"@id\":\"https:\/\/kapitalis.com\/tunisie\/#organization\"},\"potentialAction\":[{\"@type\":\"SearchAction\",\"target\":{\"@type\":\"EntryPoint\",\"urlTemplate\":\"https:\/\/kapitalis.com\/tunisie\/?s={search_term_string}\"},\"query-input\":{\"@type\":\"PropertyValueSpecification\",\"valueRequired\":true,\"valueName\":\"search_term_string\"}}],\"inLanguage\":\"fr-FR\"},{\"@type\":\"Organization\",\"@id\":\"https:\/\/kapitalis.com\/tunisie\/#organization\",\"name\":\"Kapitalis\",\"url\":\"https:\/\/kapitalis.com\/tunisie\/\",\"logo\":{\"@type\":\"ImageObject\",\"inLanguage\":\"fr-FR\",\"@id\":\"https:\/\/kapitalis.com\/tunisie\/#\/schema\/logo\/image\/\",\"url\":\"https:\/\/kapitalis.com\/tunisie\/wp-content\/uploads\/2022\/05\/Kapitalis-big-size.png\",\"contentUrl\":\"https:\/\/kapitalis.com\/tunisie\/wp-content\/uploads\/2022\/05\/Kapitalis-big-size.png\",\"width\":5000,\"height\":1500,\"caption\":\"Kapitalis\"},\"image\":{\"@id\":\"https:\/\/kapitalis.com\/tunisie\/#\/schema\/logo\/image\/\"},\"sameAs\":[\"https:\/\/www.facebook.com\/KapitalisInfo\/\",\"https:\/\/x.com\/KapitalisInfo\",\"https:\/\/www.youtube.com\/channel\/UC-yDYrHyfFBWWZaOw3FPg9Q\"]},{\"@type\":\"Person\",\"@id\":\"https:\/\/kapitalis.com\/tunisie\/#\/schema\/person\/d71f33a9ca44f7bad4698210b480c8e9\",\"name\":\"webmaster kapitalis\",\"url\":\"https:\/\/kapitalis.com\/tunisie\/author\/webmaster-kapitalis\/\"}]}<\/script>\n<!-- \/ Yoast SEO plugin. -->","yoast_head_json":{"title":"Du nouveau sur le meurtre de l\u2019avocate Mongia Mannai \u00e0 Manouba - Kapitalis","robots":{"index":"index","follow":"follow","max-snippet":"max-snippet:-1","max-image-preview":"max-image-preview:large","max-video-preview":"max-video-preview:-1"},"canonical":"https:\/\/kapitalis.com\/tunisie\/2025\/04\/29\/du-nouveau-sur-le-meurtre-de-lavocate-mongia-mannai-a-manouba\/","og_locale":"fr_FR","og_type":"article","og_title":"Du nouveau sur le meurtre de l\u2019avocate Mongia Mannai \u00e0 Manouba - Kapitalis","og_description":"On en sait un peu plus sur le crime familial perp\u00e9tr\u00e9 le weekend dernier \u00e0 Manouba et dont fut victime l\u2019avocate Mongia Mannai.","og_url":"https:\/\/kapitalis.com\/tunisie\/2025\/04\/29\/du-nouveau-sur-le-meurtre-de-lavocate-mongia-mannai-a-manouba\/","og_site_name":"Kapitalis","article_publisher":"https:\/\/www.facebook.com\/KapitalisInfo\/","article_published_time":"2025-04-29T12:54:42+00:00","article_modified_time":"2025-04-29T12:54:43+00:00","og_image":[{"width":1200,"height":630,"url":"https:\/\/kapitalis.com\/tunisie\/wp-content\/uploads\/2025\/04\/Mongia-Mannai.jpg","type":"image\/jpeg"}],"author":"webmaster kapitalis","twitter_card":"summary_large_image","twitter_creator":"@KapitalisInfo","twitter_site":"@KapitalisInfo","twitter_misc":{"\u00c9crit par":"webmaster kapitalis","Dur\u00e9e de lecture estim\u00e9e":"2 minutes"},"schema":{"@context":"https:\/\/schema.org","@graph":[{"@type":"Article","@id":"https:\/\/kapitalis.com\/tunisie\/2025\/04\/29\/du-nouveau-sur-le-meurtre-de-lavocate-mongia-mannai-a-manouba\/#article","isPartOf":{"@id":"https:\/\/kapitalis.com\/tunisie\/2025\/04\/29\/du-nouveau-sur-le-meurtre-de-lavocate-mongia-mannai-a-manouba\/"},"author":{"name":"webmaster kapitalis","@id":"https:\/\/kapitalis.com\/tunisie\/#\/schema\/person\/d71f33a9ca44f7bad4698210b480c8e9"},"headline":"Du nouveau sur le meurtre de l\u2019avocate Mongia Mannai \u00e0 Manouba","datePublished":"2025-04-29T12:54:42+00:00","dateModified":"2025-04-29T12:54:43+00:00","mainEntityOfPage":{"@id":"https:\/\/kapitalis.com\/tunisie\/2025\/04\/29\/du-nouveau-sur-le-meurtre-de-lavocate-mongia-mannai-a-manouba\/"},"wordCount":334,"commentCount":2,"publisher":{"@id":"https:\/\/kapitalis.com\/tunisie\/#organization"},"image":{"@id":"https:\/\/kapitalis.com\/tunisie\/2025\/04\/29\/du-nouveau-sur-le-meurtre-de-lavocate-mongia-mannai-a-manouba\/#primaryimage"},"thumbnailUrl":"https:\/\/kapitalis.com\/tunisie\/wp-content\/uploads\/2025\/04\/Mongia-Mannai.jpg","keywords":["Chabaou","Manouba","meurtre","Mongia Mannai","Oued Ellil"],"articleSection":["SOCIETE","Tunisie"],"inLanguage":"fr-FR","potentialAction":[{"@type":"CommentAction","name":"Comment","target":["https:\/\/kapitalis.com\/tunisie\/2025\/04\/29\/du-nouveau-sur-le-meurtre-de-lavocate-mongia-mannai-a-manouba\/#respond"]}]},{"@type":"WebPage","@id":"https:\/\/kapitalis.com\/tunisie\/2025\/04\/29\/du-nouveau-sur-le-meurtre-de-lavocate-mongia-mannai-a-manouba\/","url":"https:\/\/kapitalis.com\/tunisie\/2025\/04\/29\/du-nouveau-sur-le-meurtre-de-lavocate-mongia-mannai-a-manouba\/","name":"Du nouveau sur le meurtre de l\u2019avocate Mongia Mannai \u00e0 Manouba - Kapitalis","isPartOf":{"@id":"https:\/\/kapitalis.com\/tunisie\/#website"},"primaryImageOfPage":{"@id":"https:\/\/kapitalis.com\/tunisie\/2025\/04\/29\/du-nouveau-sur-le-meurtre-de-lavocate-mongia-mannai-a-manouba\/#primaryimage"},"image":{"@id":"https:\/\/kapitalis.com\/tunisie\/2025\/04\/29\/du-nouveau-sur-le-meurtre-de-lavocate-mongia-mannai-a-manouba\/#primaryimage"},"thumbnailUrl":"https:\/\/kapitalis.com\/tunisie\/wp-content\/uploads\/2025\/04\/Mongia-Mannai.jpg","datePublished":"2025-04-29T12:54:42+00:00","dateModified":"2025-04-29T12:54:43+00:00","breadcrumb":{"@id":"https:\/\/kapitalis.com\/tunisie\/2025\/04\/29\/du-nouveau-sur-le-meurtre-de-lavocate-mongia-mannai-a-manouba\/#breadcrumb"},"inLanguage":"fr-FR","potentialAction":[{"@type":"ReadAction","target":["https:\/\/kapitalis.com\/tunisie\/2025\/04\/29\/du-nouveau-sur-le-meurtre-de-lavocate-mongia-mannai-a-manouba\/"]}]},{"@type":"ImageObject","inLanguage":"fr-FR","@id":"https:\/\/kapitalis.com\/tunisie\/2025\/04\/29\/du-nouveau-sur-le-meurtre-de-lavocate-mongia-mannai-a-manouba\/#primaryimage","url":"https:\/\/kapitalis.com\/tunisie\/wp-content\/uploads\/2025\/04\/Mongia-Mannai.jpg","contentUrl":"https:\/\/kapitalis.com\/tunisie\/wp-content\/uploads\/2025\/04\/Mongia-Mannai.jpg","width":1200,"height":630},{"@type":"BreadcrumbList","@id":"https:\/\/kapitalis.com\/tunisie\/2025\/04\/29\/du-nouveau-sur-le-meurtre-de-lavocate-mongia-mannai-a-manouba\/#breadcrumb","itemListElement":[{"@type":"ListItem","position":1,"name":"Accueil","item":"https:\/\/kapitalis.com\/tunisie\/"},{"@type":"ListItem","position":2,"name":"Du nouveau sur le meurtre de l\u2019avocate Mongia Mannai \u00e0 Manouba"}]},{"@type":"WebSite","@id":"https:\/\/kapitalis.com\/tunisie\/#website","url":"https:\/\/kapitalis.com\/tunisie\/","name":"Kapitalis","description":"L&#039;actualit\u00e9 en Tunisie et dans le monde","publisher":{"@id":"https:\/\/kapitalis.com\/tunisie\/#organization"},"potentialAction":[{"@type":"SearchAction","target":{"@type":"EntryPoint","urlTemplate":"https:\/\/kapitalis.com\/tunisie\/?s={search_term_string}"},"query-input":{"@type":"PropertyValueSpecification","valueRequired":true,"valueName":"search_term_string"}}],"inLanguage":"fr-FR"},{"@type":"Organization","@id":"https:\/\/kapitalis.com\/tunisie\/#organization","name":"Kapitalis","url":"https:\/\/kapitalis.com\/tunisie\/","logo":{"@type":"ImageObject","inLanguage":"fr-FR","@id":"https:\/\/kapitalis.com\/tunisie\/#\/schema\/logo\/image\/","url":"https:\/\/kapitalis.com\/tunisie\/wp-content\/uploads\/2022\/05\/Kapitalis-big-size.png","contentUrl":"https:\/\/kapitalis.com\/tunisie\/wp-content\/uploads\/2022\/05\/Kapitalis-big-size.png","width":5000,"height":1500,"caption":"Kapitalis"},"image":{"@id":"https:\/\/kapitalis.com\/tunisie\/#\/schema\/logo\/image\/"},"sameAs":["https:\/\/www.facebook.com\/KapitalisInfo\/","https:\/\/x.com\/KapitalisInfo","https:\/\/www.youtube.com\/channel\/UC-yDYrHyfFBWWZaOw3FPg9Q"]},{"@type":"Person","@id":"https:\/\/kapitalis.com\/tunisie\/#\/schema\/person\/d71f33a9ca44f7bad4698210b480c8e9","name":"webmaster kapitalis","url":"https:\/\/kapitalis.com\/tunisie\/author\/webmaster-kapitalis\/"}]}},"_links":{"self":[{"href":"https:\/\/kapitalis.com\/tunisie\/wp-json\/wp\/v2\/posts\/16341647","targetHints":{"allow":["GET"]}}],"collection":[{"href":"https:\/\/kapitalis.com\/tunisie\/wp-json\/wp\/v2\/posts"}],"about":[{"href":"https:\/\/kapitalis.com\/tunisie\/wp-json\/wp\/v2\/types\/post"}],"author":[{"embeddable":true,"href":"https:\/\/kapitalis.com\/tunisie\/wp-json\/wp\/v2\/users\/8"}],"replies":[{"embeddable":true,"href":"https:\/\/kapitalis.com\/tunisie\/wp-json\/wp\/v2\/comments?post=16341647"}],"version-history":[{"count":2,"href":"https:\/\/kapitalis.com\/tunisie\/wp-json\/wp\/v2\/posts\/16341647\/revisions"}],"predecessor-version":[{"id":16357362,"href":"https:\/\/kapitalis.com\/tunisie\/wp-json\/wp\/v2\/posts\/16341647\/revisions\/16357362"}],"wp:featuredmedia":[{"embeddable":true,"href":"https:\/\/kapitalis.com\/tunisie\/wp-json\/wp\/v2\/media\/16341676"}],"wp:attachment":[{"href":"https:\/\/kapitalis.com\/tunisie\/wp-json\/wp\/v2\/media?parent=16341647"}],"wp:term":[{"taxonomy":"category","embeddable":true,"href":"https:\/\/kapitalis.com\/tunisie\/wp-json\/wp\/v2\/categories?post=16341647"},{"taxonomy":"post_tag","embeddable":true,"href":"https:\/\/kapitalis.com\/tunisie\/wp-json\/wp\/v2\/tags?post=16341647"}],"curies":[{"name":"wp","href":"https:\/\/api.w.org\/{rel}","templated":true}]}}