{"id":163482,"date":"2018-07-06T16:15:22","date_gmt":"2018-07-06T15:15:22","guid":{"rendered":"http:\/\/kapitalis.com\/tunisie\/?p=163482"},"modified":"2018-07-06T16:36:25","modified_gmt":"2018-07-06T15:36:25","slug":"a-cause-de-son-poids-un-centre-demande-le-double-tarif-a-samia-orosemane","status":"publish","type":"post","link":"https:\/\/kapitalis.com\/tunisie\/2018\/07\/06\/a-cause-de-son-poids-un-centre-demande-le-double-tarif-a-samia-orosemane\/","title":{"rendered":"A cause de son poids : Un centre demande le double tarif \u00e0 Samia Orosemane !"},"content":{"rendered":"<p style=\"text-align: center;\"><img loading=\"lazy\" decoding=\"async\" class=\"alignnone size-full wp-image-163497\" src=\"http:\/\/kapitalis.com\/tunisie\/wp-content\/uploads\/2018\/07\/Samia-Orosemane-.jpg\" alt=\"\" width=\"626\" height=\"380\" \/><\/p>\n<p><em><strong>L\u2019humoriste tuniso-fran\u00e7aise, Samia Orosemane, en vacances en Tunisie, a d\u00e9nonc\u00e9 une discrimination dont elle a \u00e9t\u00e9 victime aujourd\u2019hui, vendredi 6 juillet 2018, dans un centre de beaut\u00e9 \u00e0 Ennasr qui lui a demand\u00e9 le double tarif \u00abparce qu\u2019elle est ronde\u00bb\u00a0!<\/strong><\/em><!--more--><\/p>\n<p>Samia Orosemane a confi\u00e9 \u00e0 Kapitalis s\u2019\u00eatre rendue avec une amie au centre de beaut\u00e9 S. S., situ\u00e9 \u00e0 Ennasr, pour une formule \u00e9pilation, qui lui a \u00e9t\u00e9 recommand\u00e9e\u00a0par une autre amie, avec un tarif int\u00e9ressant\u00a0: 20 dinars \u00e0 la cire tunisienne.<\/p>\n<p>\u00ab<em>Avec une amie aussi ronde que moi nous sommes all\u00e9es dans ce centre, en nous voyant, l\u2019h\u00f4tesse \u00e0 la caisse nous a expliqu\u00e9 qu\u2019\u00e9tant corpulentes, nous devrions payer le double demand\u00e9 !<\/em>\u00bb, a assur\u00e9 l\u2019humoriste, ajoutant que cela n\u2019est m\u00eame pas mentionn\u00e9 sur la publicit\u00e9. \u00ab<em>Heureusement que nous ne sommes pas complex\u00e9es<\/em>\u00bb, a-t-elle dit sur un ton humoristique qui lui ressemble bien.<\/p>\n<p>Samia Orosemane voudrait savoir \u00e0 partir de combien de kilos les prix changent-ils? \u00ab<em>Et Pour une femme enceinte c\u2019est la m\u00eame sanction? Et une copine mince qui aurait des gaz avec le ventre plus gonfl\u00e9 que d\u2019habitude? Et si une copine anorexique se pr\u00e9sente, aura t-elle droit \u00e0 un demi tarif ?\u00bb,\u00a0<\/em>s\u2019est elle interrog\u00e9e sur un ton\u00a0narquois.<\/p>\n<p>L\u2019humoriste a expliqu\u00e9 qu\u2019elle regrette d\u2019en \u00eatre arriv\u00e9e \u00e0 rendre publique cette m\u00e9saventure, car elle aime toujours donner une belle image de la Tunisie, mais son objectif est de d\u00e9noncer l&rsquo;abus dont elle a \u00e9t\u00e9 victime avec sa copine, pour y mettre fin et \u00e9viter que d&rsquo;autres femmes subissent le m\u00eame sort.<\/p>\n<p>\u00ab<em>J\u2019ai d\u2019abord mis des commentaires sur la page du centre mais on m\u2019a bannie de la page et j\u2019ai donc publi\u00e9 sur mon compte personnel un statut expliquant les faits<\/em>\u00bb, poursuit Samia, ajoutant qu\u2019elle esp\u00e8re que cela ne se reproduise pas avec d\u2019autres personnes qui pourraient \u00eatre vex\u00e9e et affect\u00e9es par une pareille discrimination. \u00abCe <span class=\"_5yl5\">que ce n\u2019est pas une question d\u2019argent mais de principe\u00bb, a-t-elle aussi tenu \u00e0 pr\u00e9ciser.<\/span><\/p>\n<p>Notons que Samia Orosemane, artiste polyvalente\u00a0qui fait partie des 50 personnalit\u00e9s fran\u00e7aises les plus influentes au monde en 2017, est l&rsquo;initiatrice, en 2014, du premier Festival du Rire \u00e0 Djerba, ville natale de ses parents, qui se tiendra cette ann\u00e9e, en ao\u00fbt. Elle a \u00e9galement \u00e9crit en 2018, un livre intitul\u00e9\u00a0: \u00ab\u00a0<em>Femme de couleurs<\/em>\u00ab\u00a0, o\u00f9 elle raconte son parcours.<\/p>\n<p style=\"text-align: right;\"><strong>Y. N.<\/strong><\/p>\n<blockquote class=\"wp-embedded-content\" data-secret=\"MHnpE58nZH\"><p><a href=\"https:\/\/kapitalis.com\/tunisie\/2017\/11\/24\/samia-orosemane-parmi-les-50-francais-les-plus-influents-au-monde\/\">Samia Orosemane parmi les 50 Fran\u00e7ais les plus influents au monde<\/a><\/p><\/blockquote>\n<p><iframe loading=\"lazy\" class=\"wp-embedded-content\" sandbox=\"allow-scripts\" security=\"restricted\" style=\"position: absolute; clip: rect(1px, 1px, 1px, 1px);\" title=\"\u00ab\u00a0Samia Orosemane parmi les 50 Fran\u00e7ais les plus influents au monde\u00a0\u00bb &#8212; Kapitalis\" src=\"https:\/\/kapitalis.com\/tunisie\/2017\/11\/24\/samia-orosemane-parmi-les-50-francais-les-plus-influents-au-monde\/embed\/#?secret=p9XmkHNmnY#?secret=MHnpE58nZH\" data-secret=\"MHnpE58nZH\" width=\"600\" height=\"338\" frameborder=\"0\" marginwidth=\"0\" marginheight=\"0\" scrolling=\"no\"><\/iframe><\/p>\n<blockquote class=\"wp-embedded-content\" data-secret=\"oHXty2KIon\"><p><a href=\"https:\/\/kapitalis.com\/tunisie\/2016\/11\/11\/femme-de-couleurs-de-samia-orosemane-lhumour-dans-toutes-ses-nuances\/\">\u2018\u2018Femme de couleurs\u2019\u2019 de Samia Orosemane : L\u2019humour dans toutes ses nuances<\/a><\/p><\/blockquote>\n<p><iframe loading=\"lazy\" class=\"wp-embedded-content\" sandbox=\"allow-scripts\" security=\"restricted\" style=\"position: absolute; clip: rect(1px, 1px, 1px, 1px);\" title=\"\u00ab\u00a0\u2018\u2018Femme de couleurs\u2019\u2019 de Samia Orosemane : L\u2019humour dans toutes ses nuances\u00a0\u00bb &#8212; Kapitalis\" src=\"https:\/\/kapitalis.com\/tunisie\/2016\/11\/11\/femme-de-couleurs-de-samia-orosemane-lhumour-dans-toutes-ses-nuances\/embed\/#?secret=o28tB52jFV#?secret=oHXty2KIon\" data-secret=\"oHXty2KIon\" width=\"600\" height=\"338\" frameborder=\"0\" marginwidth=\"0\" marginheight=\"0\" scrolling=\"no\"><\/iframe><\/p>\n","protected":false},"excerpt":{"rendered":"<p>L\u2019humoriste tuniso-fran\u00e7aise, Samia Orosemane, en vacances en Tunisie, a d\u00e9nonc\u00e9 une discrimination dont elle a \u00e9t\u00e9 victime aujourd\u2019hui, vendredi 6 juillet 2018, dans un centre de beaut\u00e9 \u00e0 Ennasr qui lui a demand\u00e9 le double tarif \u00abparce qu\u2019elle est ronde\u00bb\u00a0!<\/p>\n","protected":false},"author":6,"featured_media":163497,"comment_status":"open","ping_status":"open","sticky":false,"template":"","format":"standard","meta":{"footnotes":""},"categories":[994,2433],"tags":[7425,1353,395,25025],"class_list":["post-163482","post","type-post","status-publish","format-standard","has-post-thumbnail","hentry","category-culture","category-tunisie","tag-discrimination","tag-ennasr","tag-france","tag-samia-orosemane"],"yoast_head":"<!-- This site is optimized with the Yoast SEO plugin v26.6 - https:\/\/yoast.com\/wordpress\/plugins\/seo\/ -->\n<title>A cause de son poids : Un centre demande le double tarif \u00e0 Samia Orosemane ! - Kapitalis<\/title>\n<meta name=\"robots\" content=\"index, follow, max-snippet:-1, max-image-preview:large, max-video-preview:-1\" \/>\n<link rel=\"canonical\" href=\"https:\/\/kapitalis.com\/tunisie\/2018\/07\/06\/a-cause-de-son-poids-un-centre-demande-le-double-tarif-a-samia-orosemane\/\" \/>\n<meta property=\"og:locale\" content=\"fr_FR\" \/>\n<meta property=\"og:type\" content=\"article\" \/>\n<meta property=\"og:title\" content=\"A cause de son poids : Un centre demande le double tarif \u00e0 Samia Orosemane ! - Kapitalis\" \/>\n<meta property=\"og:description\" content=\"L\u2019humoriste tuniso-fran\u00e7aise, Samia Orosemane, en vacances en Tunisie, a d\u00e9nonc\u00e9 une discrimination dont elle a \u00e9t\u00e9 victime aujourd\u2019hui, vendredi 6 juillet 2018, dans un centre de beaut\u00e9 \u00e0 Ennasr qui lui a demand\u00e9 le double tarif \u00abparce qu\u2019elle est ronde\u00bb\u00a0!\" \/>\n<meta property=\"og:url\" content=\"https:\/\/kapitalis.com\/tunisie\/2018\/07\/06\/a-cause-de-son-poids-un-centre-demande-le-double-tarif-a-samia-orosemane\/\" \/>\n<meta property=\"og:site_name\" content=\"Kapitalis\" \/>\n<meta property=\"article:publisher\" content=\"https:\/\/www.facebook.com\/KapitalisInfo\/\" \/>\n<meta property=\"article:published_time\" content=\"2018-07-06T15:15:22+00:00\" \/>\n<meta property=\"article:modified_time\" content=\"2018-07-06T15:36:25+00:00\" \/>\n<meta property=\"og:image\" content=\"https:\/\/kapitalis.com\/tunisie\/wp-content\/uploads\/2022\/05\/kapitalis-logo-fb.png\" \/>\n\t<meta property=\"og:image:width\" content=\"1200\" \/>\n\t<meta property=\"og:image:height\" content=\"630\" \/>\n\t<meta property=\"og:image:type\" content=\"image\/png\" \/>\n<meta name=\"author\" content=\"Yusra NY\" \/>\n<meta name=\"twitter:card\" content=\"summary_large_image\" \/>\n<meta name=\"twitter:creator\" content=\"@KapitalisInfo\" \/>\n<meta name=\"twitter:site\" content=\"@KapitalisInfo\" \/>\n<meta name=\"twitter:label1\" content=\"\u00c9crit par\" \/>\n\t<meta name=\"twitter:data1\" content=\"Yusra NY\" \/>\n\t<meta name=\"twitter:label2\" content=\"Dur\u00e9e de lecture estim\u00e9e\" \/>\n\t<meta name=\"twitter:data2\" content=\"2 minutes\" \/>\n<script type=\"application\/ld+json\" class=\"yoast-schema-graph\">{\"@context\":\"https:\/\/schema.org\",\"@graph\":[{\"@type\":\"Article\",\"@id\":\"https:\/\/kapitalis.com\/tunisie\/2018\/07\/06\/a-cause-de-son-poids-un-centre-demande-le-double-tarif-a-samia-orosemane\/#article\",\"isPartOf\":{\"@id\":\"https:\/\/kapitalis.com\/tunisie\/2018\/07\/06\/a-cause-de-son-poids-un-centre-demande-le-double-tarif-a-samia-orosemane\/\"},\"author\":{\"name\":\"Yusra NY\",\"@id\":\"https:\/\/kapitalis.com\/tunisie\/#\/schema\/person\/74bbde0154d49d790a92aaeac5bc01d5\"},\"headline\":\"A cause de son poids : Un centre demande le double tarif \u00e0 Samia Orosemane !\",\"datePublished\":\"2018-07-06T15:15:22+00:00\",\"dateModified\":\"2018-07-06T15:36:25+00:00\",\"mainEntityOfPage\":{\"@id\":\"https:\/\/kapitalis.com\/tunisie\/2018\/07\/06\/a-cause-de-son-poids-un-centre-demande-le-double-tarif-a-samia-orosemane\/\"},\"wordCount\":438,\"commentCount\":7,\"publisher\":{\"@id\":\"https:\/\/kapitalis.com\/tunisie\/#organization\"},\"image\":{\"@id\":\"https:\/\/kapitalis.com\/tunisie\/2018\/07\/06\/a-cause-de-son-poids-un-centre-demande-le-double-tarif-a-samia-orosemane\/#primaryimage\"},\"thumbnailUrl\":\"\",\"keywords\":[\"discrimination\",\"Ennasr\",\"France\",\"Samia Orosemane\"],\"articleSection\":[\"CULTURE\",\"Tunisie\"],\"inLanguage\":\"fr-FR\",\"potentialAction\":[{\"@type\":\"CommentAction\",\"name\":\"Comment\",\"target\":[\"https:\/\/kapitalis.com\/tunisie\/2018\/07\/06\/a-cause-de-son-poids-un-centre-demande-le-double-tarif-a-samia-orosemane\/#respond\"]}]},{\"@type\":\"WebPage\",\"@id\":\"https:\/\/kapitalis.com\/tunisie\/2018\/07\/06\/a-cause-de-son-poids-un-centre-demande-le-double-tarif-a-samia-orosemane\/\",\"url\":\"https:\/\/kapitalis.com\/tunisie\/2018\/07\/06\/a-cause-de-son-poids-un-centre-demande-le-double-tarif-a-samia-orosemane\/\",\"name\":\"A cause de son poids : Un centre demande le double tarif \u00e0 Samia Orosemane ! - Kapitalis\",\"isPartOf\":{\"@id\":\"https:\/\/kapitalis.com\/tunisie\/#website\"},\"primaryImageOfPage\":{\"@id\":\"https:\/\/kapitalis.com\/tunisie\/2018\/07\/06\/a-cause-de-son-poids-un-centre-demande-le-double-tarif-a-samia-orosemane\/#primaryimage\"},\"image\":{\"@id\":\"https:\/\/kapitalis.com\/tunisie\/2018\/07\/06\/a-cause-de-son-poids-un-centre-demande-le-double-tarif-a-samia-orosemane\/#primaryimage\"},\"thumbnailUrl\":\"\",\"datePublished\":\"2018-07-06T15:15:22+00:00\",\"dateModified\":\"2018-07-06T15:36:25+00:00\",\"breadcrumb\":{\"@id\":\"https:\/\/kapitalis.com\/tunisie\/2018\/07\/06\/a-cause-de-son-poids-un-centre-demande-le-double-tarif-a-samia-orosemane\/#breadcrumb\"},\"inLanguage\":\"fr-FR\",\"potentialAction\":[{\"@type\":\"ReadAction\",\"target\":[\"https:\/\/kapitalis.com\/tunisie\/2018\/07\/06\/a-cause-de-son-poids-un-centre-demande-le-double-tarif-a-samia-orosemane\/\"]}]},{\"@type\":\"ImageObject\",\"inLanguage\":\"fr-FR\",\"@id\":\"https:\/\/kapitalis.com\/tunisie\/2018\/07\/06\/a-cause-de-son-poids-un-centre-demande-le-double-tarif-a-samia-orosemane\/#primaryimage\",\"url\":\"\",\"contentUrl\":\"\"},{\"@type\":\"BreadcrumbList\",\"@id\":\"https:\/\/kapitalis.com\/tunisie\/2018\/07\/06\/a-cause-de-son-poids-un-centre-demande-le-double-tarif-a-samia-orosemane\/#breadcrumb\",\"itemListElement\":[{\"@type\":\"ListItem\",\"position\":1,\"name\":\"Accueil\",\"item\":\"https:\/\/kapitalis.com\/tunisie\/\"},{\"@type\":\"ListItem\",\"position\":2,\"name\":\"A cause de son poids : Un centre demande le double tarif \u00e0 Samia Orosemane !\"}]},{\"@type\":\"WebSite\",\"@id\":\"https:\/\/kapitalis.com\/tunisie\/#website\",\"url\":\"https:\/\/kapitalis.com\/tunisie\/\",\"name\":\"Kapitalis\",\"description\":\"L&#039;actualit\u00e9 en Tunisie et dans le monde\",\"publisher\":{\"@id\":\"https:\/\/kapitalis.com\/tunisie\/#organization\"},\"potentialAction\":[{\"@type\":\"SearchAction\",\"target\":{\"@type\":\"EntryPoint\",\"urlTemplate\":\"https:\/\/kapitalis.com\/tunisie\/?s={search_term_string}\"},\"query-input\":{\"@type\":\"PropertyValueSpecification\",\"valueRequired\":true,\"valueName\":\"search_term_string\"}}],\"inLanguage\":\"fr-FR\"},{\"@type\":\"Organization\",\"@id\":\"https:\/\/kapitalis.com\/tunisie\/#organization\",\"name\":\"Kapitalis\",\"url\":\"https:\/\/kapitalis.com\/tunisie\/\",\"logo\":{\"@type\":\"ImageObject\",\"inLanguage\":\"fr-FR\",\"@id\":\"https:\/\/kapitalis.com\/tunisie\/#\/schema\/logo\/image\/\",\"url\":\"https:\/\/kapitalis.com\/tunisie\/wp-content\/uploads\/2022\/05\/Kapitalis-big-size.png\",\"contentUrl\":\"https:\/\/kapitalis.com\/tunisie\/wp-content\/uploads\/2022\/05\/Kapitalis-big-size.png\",\"width\":5000,\"height\":1500,\"caption\":\"Kapitalis\"},\"image\":{\"@id\":\"https:\/\/kapitalis.com\/tunisie\/#\/schema\/logo\/image\/\"},\"sameAs\":[\"https:\/\/www.facebook.com\/KapitalisInfo\/\",\"https:\/\/x.com\/KapitalisInfo\",\"https:\/\/www.youtube.com\/channel\/UC-yDYrHyfFBWWZaOw3FPg9Q\"]},{\"@type\":\"Person\",\"@id\":\"https:\/\/kapitalis.com\/tunisie\/#\/schema\/person\/74bbde0154d49d790a92aaeac5bc01d5\",\"name\":\"Yusra NY\",\"url\":\"https:\/\/kapitalis.com\/tunisie\/author\/yuza_adam\/\"}]}<\/script>\n<!-- \/ Yoast SEO plugin. -->","yoast_head_json":{"title":"A cause de son poids : Un centre demande le double tarif \u00e0 Samia Orosemane ! - Kapitalis","robots":{"index":"index","follow":"follow","max-snippet":"max-snippet:-1","max-image-preview":"max-image-preview:large","max-video-preview":"max-video-preview:-1"},"canonical":"https:\/\/kapitalis.com\/tunisie\/2018\/07\/06\/a-cause-de-son-poids-un-centre-demande-le-double-tarif-a-samia-orosemane\/","og_locale":"fr_FR","og_type":"article","og_title":"A cause de son poids : Un centre demande le double tarif \u00e0 Samia Orosemane ! - Kapitalis","og_description":"L\u2019humoriste tuniso-fran\u00e7aise, Samia Orosemane, en vacances en Tunisie, a d\u00e9nonc\u00e9 une discrimination dont elle a \u00e9t\u00e9 victime aujourd\u2019hui, vendredi 6 juillet 2018, dans un centre de beaut\u00e9 \u00e0 Ennasr qui lui a demand\u00e9 le double tarif \u00abparce qu\u2019elle est ronde\u00bb\u00a0!","og_url":"https:\/\/kapitalis.com\/tunisie\/2018\/07\/06\/a-cause-de-son-poids-un-centre-demande-le-double-tarif-a-samia-orosemane\/","og_site_name":"Kapitalis","article_publisher":"https:\/\/www.facebook.com\/KapitalisInfo\/","article_published_time":"2018-07-06T15:15:22+00:00","article_modified_time":"2018-07-06T15:36:25+00:00","og_image":[{"width":1200,"height":630,"url":"https:\/\/kapitalis.com\/tunisie\/wp-content\/uploads\/2022\/05\/kapitalis-logo-fb.png","type":"image\/png"}],"author":"Yusra NY","twitter_card":"summary_large_image","twitter_creator":"@KapitalisInfo","twitter_site":"@KapitalisInfo","twitter_misc":{"\u00c9crit par":"Yusra NY","Dur\u00e9e de lecture estim\u00e9e":"2 minutes"},"schema":{"@context":"https:\/\/schema.org","@graph":[{"@type":"Article","@id":"https:\/\/kapitalis.com\/tunisie\/2018\/07\/06\/a-cause-de-son-poids-un-centre-demande-le-double-tarif-a-samia-orosemane\/#article","isPartOf":{"@id":"https:\/\/kapitalis.com\/tunisie\/2018\/07\/06\/a-cause-de-son-poids-un-centre-demande-le-double-tarif-a-samia-orosemane\/"},"author":{"name":"Yusra NY","@id":"https:\/\/kapitalis.com\/tunisie\/#\/schema\/person\/74bbde0154d49d790a92aaeac5bc01d5"},"headline":"A cause de son poids : Un centre demande le double tarif \u00e0 Samia Orosemane !","datePublished":"2018-07-06T15:15:22+00:00","dateModified":"2018-07-06T15:36:25+00:00","mainEntityOfPage":{"@id":"https:\/\/kapitalis.com\/tunisie\/2018\/07\/06\/a-cause-de-son-poids-un-centre-demande-le-double-tarif-a-samia-orosemane\/"},"wordCount":438,"commentCount":7,"publisher":{"@id":"https:\/\/kapitalis.com\/tunisie\/#organization"},"image":{"@id":"https:\/\/kapitalis.com\/tunisie\/2018\/07\/06\/a-cause-de-son-poids-un-centre-demande-le-double-tarif-a-samia-orosemane\/#primaryimage"},"thumbnailUrl":"","keywords":["discrimination","Ennasr","France","Samia Orosemane"],"articleSection":["CULTURE","Tunisie"],"inLanguage":"fr-FR","potentialAction":[{"@type":"CommentAction","name":"Comment","target":["https:\/\/kapitalis.com\/tunisie\/2018\/07\/06\/a-cause-de-son-poids-un-centre-demande-le-double-tarif-a-samia-orosemane\/#respond"]}]},{"@type":"WebPage","@id":"https:\/\/kapitalis.com\/tunisie\/2018\/07\/06\/a-cause-de-son-poids-un-centre-demande-le-double-tarif-a-samia-orosemane\/","url":"https:\/\/kapitalis.com\/tunisie\/2018\/07\/06\/a-cause-de-son-poids-un-centre-demande-le-double-tarif-a-samia-orosemane\/","name":"A cause de son poids : Un centre demande le double tarif \u00e0 Samia Orosemane ! - Kapitalis","isPartOf":{"@id":"https:\/\/kapitalis.com\/tunisie\/#website"},"primaryImageOfPage":{"@id":"https:\/\/kapitalis.com\/tunisie\/2018\/07\/06\/a-cause-de-son-poids-un-centre-demande-le-double-tarif-a-samia-orosemane\/#primaryimage"},"image":{"@id":"https:\/\/kapitalis.com\/tunisie\/2018\/07\/06\/a-cause-de-son-poids-un-centre-demande-le-double-tarif-a-samia-orosemane\/#primaryimage"},"thumbnailUrl":"","datePublished":"2018-07-06T15:15:22+00:00","dateModified":"2018-07-06T15:36:25+00:00","breadcrumb":{"@id":"https:\/\/kapitalis.com\/tunisie\/2018\/07\/06\/a-cause-de-son-poids-un-centre-demande-le-double-tarif-a-samia-orosemane\/#breadcrumb"},"inLanguage":"fr-FR","potentialAction":[{"@type":"ReadAction","target":["https:\/\/kapitalis.com\/tunisie\/2018\/07\/06\/a-cause-de-son-poids-un-centre-demande-le-double-tarif-a-samia-orosemane\/"]}]},{"@type":"ImageObject","inLanguage":"fr-FR","@id":"https:\/\/kapitalis.com\/tunisie\/2018\/07\/06\/a-cause-de-son-poids-un-centre-demande-le-double-tarif-a-samia-orosemane\/#primaryimage","url":"","contentUrl":""},{"@type":"BreadcrumbList","@id":"https:\/\/kapitalis.com\/tunisie\/2018\/07\/06\/a-cause-de-son-poids-un-centre-demande-le-double-tarif-a-samia-orosemane\/#breadcrumb","itemListElement":[{"@type":"ListItem","position":1,"name":"Accueil","item":"https:\/\/kapitalis.com\/tunisie\/"},{"@type":"ListItem","position":2,"name":"A cause de son poids : Un centre demande le double tarif \u00e0 Samia Orosemane !"}]},{"@type":"WebSite","@id":"https:\/\/kapitalis.com\/tunisie\/#website","url":"https:\/\/kapitalis.com\/tunisie\/","name":"Kapitalis","description":"L&#039;actualit\u00e9 en Tunisie et dans le monde","publisher":{"@id":"https:\/\/kapitalis.com\/tunisie\/#organization"},"potentialAction":[{"@type":"SearchAction","target":{"@type":"EntryPoint","urlTemplate":"https:\/\/kapitalis.com\/tunisie\/?s={search_term_string}"},"query-input":{"@type":"PropertyValueSpecification","valueRequired":true,"valueName":"search_term_string"}}],"inLanguage":"fr-FR"},{"@type":"Organization","@id":"https:\/\/kapitalis.com\/tunisie\/#organization","name":"Kapitalis","url":"https:\/\/kapitalis.com\/tunisie\/","logo":{"@type":"ImageObject","inLanguage":"fr-FR","@id":"https:\/\/kapitalis.com\/tunisie\/#\/schema\/logo\/image\/","url":"https:\/\/kapitalis.com\/tunisie\/wp-content\/uploads\/2022\/05\/Kapitalis-big-size.png","contentUrl":"https:\/\/kapitalis.com\/tunisie\/wp-content\/uploads\/2022\/05\/Kapitalis-big-size.png","width":5000,"height":1500,"caption":"Kapitalis"},"image":{"@id":"https:\/\/kapitalis.com\/tunisie\/#\/schema\/logo\/image\/"},"sameAs":["https:\/\/www.facebook.com\/KapitalisInfo\/","https:\/\/x.com\/KapitalisInfo","https:\/\/www.youtube.com\/channel\/UC-yDYrHyfFBWWZaOw3FPg9Q"]},{"@type":"Person","@id":"https:\/\/kapitalis.com\/tunisie\/#\/schema\/person\/74bbde0154d49d790a92aaeac5bc01d5","name":"Yusra NY","url":"https:\/\/kapitalis.com\/tunisie\/author\/yuza_adam\/"}]}},"_links":{"self":[{"href":"https:\/\/kapitalis.com\/tunisie\/wp-json\/wp\/v2\/posts\/163482","targetHints":{"allow":["GET"]}}],"collection":[{"href":"https:\/\/kapitalis.com\/tunisie\/wp-json\/wp\/v2\/posts"}],"about":[{"href":"https:\/\/kapitalis.com\/tunisie\/wp-json\/wp\/v2\/types\/post"}],"author":[{"embeddable":true,"href":"https:\/\/kapitalis.com\/tunisie\/wp-json\/wp\/v2\/users\/6"}],"replies":[{"embeddable":true,"href":"https:\/\/kapitalis.com\/tunisie\/wp-json\/wp\/v2\/comments?post=163482"}],"version-history":[{"count":0,"href":"https:\/\/kapitalis.com\/tunisie\/wp-json\/wp\/v2\/posts\/163482\/revisions"}],"wp:featuredmedia":[{"embeddable":true,"href":"https:\/\/kapitalis.com\/tunisie\/wp-json\/wp\/v2\/media\/163497"}],"wp:attachment":[{"href":"https:\/\/kapitalis.com\/tunisie\/wp-json\/wp\/v2\/media?parent=163482"}],"wp:term":[{"taxonomy":"category","embeddable":true,"href":"https:\/\/kapitalis.com\/tunisie\/wp-json\/wp\/v2\/categories?post=163482"},{"taxonomy":"post_tag","embeddable":true,"href":"https:\/\/kapitalis.com\/tunisie\/wp-json\/wp\/v2\/tags?post=163482"}],"curies":[{"name":"wp","href":"https:\/\/api.w.org\/{rel}","templated":true}]}}