{"id":16357480,"date":"2025-04-30T07:13:37","date_gmt":"2025-04-30T06:13:37","guid":{"rendered":"https:\/\/kapitalis.com\/tunisie\/?p=16357480"},"modified":"2025-04-30T07:13:39","modified_gmt":"2025-04-30T06:13:39","slug":"le-festival-du-film-francophone-en-tunisie-du-30-avril-au-14-mai-2025","status":"publish","type":"post","link":"https:\/\/kapitalis.com\/tunisie\/2025\/04\/30\/le-festival-du-film-francophone-en-tunisie-du-30-avril-au-14-mai-2025\/","title":{"rendered":"Le Festival du film francophone en Tunisie du 30 avril au 14 mai 2025"},"content":{"rendered":"\n<p><strong><em>Du 30 avril au 14 mai 2025, le Festival du film francophone (FFF) investit les \u00e9crans de Tunis, Sfax et Sousse pour une nouvelle \u00e9dition haute en couleur, sous le signe de la diversit\u00e9, de la cr\u00e9ativit\u00e9 et du dialogue interculturel.&nbsp;<\/em><\/strong><strong><em><\/em><\/strong><\/p>\n\n\n\n<!--more-->\n\n\n\n<p>Le mardi 29 avril, la Cit\u00e9 de la Culture \u00e0 Tunis a accueilli la c\u00e9r\u00e9monie d\u2019ouverture, marquant le coup d\u2019envoi de cet \u00e9v\u00e9nement incontournable pour les passionn\u00e9s du 7\u1d49 art.<\/p>\n\n\n\n<p>Port\u00e9 par le Groupe des ambassadeurs francophones (Gaf) et coordonn\u00e9 cette ann\u00e9e par l\u2019ambassade de Suisse en Tunisie, le FFF 2025 vous invite \u00e0 une immersion cin\u00e9matographique unique autour du th\u00e8me :&nbsp;<em>\u00abLa francophonie en images : regards crois\u00e9s\u00bb<\/em>.<\/p>\n\n\n\n<p>Cette \u00e9dition r\u00e9unit une s\u00e9lection exigeante de courts et longs m\u00e9trages, documentaires, films d\u2019animation et fictions, dont plusieurs ont \u00e9t\u00e9 remarqu\u00e9s dans de grands festivals internationaux comme la Berlinale, Cannes ou les JCC.&nbsp;<\/p>\n\n\n\n<p>Une vingtaine de films issus des quatre coins de l\u2019espace francophone seront pr\u00e9sent\u00e9s : Argentine, Autriche, Bulgarie, Cameroun, Canada, \u00c9gypte, Institut Fran\u00e7ais de Tunisie, Maroc, R\u00e9publique d\u00e9mocratique du Congo, Roumanie, Serbie, Suisse, Organisation internationale de la francophonie (OIF), D\u00e9l\u00e9gation Wallonie-Bruxelles<em>.<\/em><\/p>\n\n\n\n<p>Les \u0153uvres projet\u00e9es abordent des th\u00e9matiques fortes et universelles : amour, exil, m\u00e9moire, jeunesse, justice, environnement\u2026 Un tour d\u2019horizon cin\u00e9matographique qui met en lumi\u00e8re la richesse et les multiples voix de la francophonie.<\/p>\n\n\n\n<p>Le public de Sfax et de Sousse pourra d\u00e9couvrir une s\u00e9lection de films dans le cadre de la programmation r\u00e9gionale du FFF.<\/p>\n\n\n\n<p>L\u2019acc\u00e8s est libre et gratuit\u00e0 toutes les s\u00e9ances.&nbsp;<\/p>\n\n\n\n<p>Retrouvez la programmation compl\u00e8te sur la page Facebook d\u00e9di\u00e9e :&nbsp;<a href=\"https:\/\/www.facebook.com\/FrancophonieTunisie\" target=\"_blank\" rel=\"noreferrer noopener\"><em>Les Journ\u00e9es de la Francophonie \u2013 Tunisie<\/em><\/a><\/p>\n\n\n\n<p><\/p>\n\n\n\n<p><\/p>\n","protected":false},"excerpt":{"rendered":"<p>Le Festival du film francophone (FFF) investit les \u00e9crans de Tunis, Sfax et Sousse du 30 avril au 14 mai 2025. <\/p>\n","protected":false},"author":8,"featured_media":16357493,"comment_status":"open","ping_status":"open","sticky":false,"template":"","format":"standard","meta":{"footnotes":""},"categories":[994,2433],"tags":[121999,823,854,64491,62643],"class_list":["post-16357480","post","type-post","status-publish","format-standard","has-post-thumbnail","hentry","category-culture","category-tunisie","tag-film-francophone","tag-sfax","tag-sousse","tag-tunis","tag-tunisie"],"yoast_head":"<!-- This site is optimized with the Yoast SEO plugin v26.6 - https:\/\/yoast.com\/wordpress\/plugins\/seo\/ -->\n<title>Le Festival du film francophone en Tunisie du 30 avril au 14 mai 2025 - Kapitalis<\/title>\n<meta name=\"robots\" content=\"index, follow, max-snippet:-1, max-image-preview:large, max-video-preview:-1\" \/>\n<link rel=\"canonical\" href=\"https:\/\/kapitalis.com\/tunisie\/2025\/04\/30\/le-festival-du-film-francophone-en-tunisie-du-30-avril-au-14-mai-2025\/\" \/>\n<meta property=\"og:locale\" content=\"fr_FR\" \/>\n<meta property=\"og:type\" content=\"article\" \/>\n<meta property=\"og:title\" content=\"Le Festival du film francophone en Tunisie du 30 avril au 14 mai 2025 - Kapitalis\" \/>\n<meta property=\"og:description\" content=\"Le Festival du film francophone (FFF) investit les \u00e9crans de Tunis, Sfax et Sousse du 30 avril au 14 mai 2025.\" \/>\n<meta property=\"og:url\" content=\"https:\/\/kapitalis.com\/tunisie\/2025\/04\/30\/le-festival-du-film-francophone-en-tunisie-du-30-avril-au-14-mai-2025\/\" \/>\n<meta property=\"og:site_name\" content=\"Kapitalis\" \/>\n<meta property=\"article:publisher\" content=\"https:\/\/www.facebook.com\/KapitalisInfo\/\" \/>\n<meta property=\"article:published_time\" content=\"2025-04-30T06:13:37+00:00\" \/>\n<meta property=\"article:modified_time\" content=\"2025-04-30T06:13:39+00:00\" \/>\n<meta property=\"og:image\" content=\"https:\/\/kapitalis.com\/tunisie\/wp-content\/uploads\/2025\/04\/Festival-du-film-francophone-2025.jpg\" \/>\n\t<meta property=\"og:image:width\" content=\"1200\" \/>\n\t<meta property=\"og:image:height\" content=\"630\" \/>\n\t<meta property=\"og:image:type\" content=\"image\/jpeg\" \/>\n<meta name=\"author\" content=\"webmaster kapitalis\" \/>\n<meta name=\"twitter:card\" content=\"summary_large_image\" \/>\n<meta name=\"twitter:creator\" content=\"@KapitalisInfo\" \/>\n<meta name=\"twitter:site\" content=\"@KapitalisInfo\" \/>\n<meta name=\"twitter:label1\" content=\"\u00c9crit par\" \/>\n\t<meta name=\"twitter:data1\" content=\"webmaster kapitalis\" \/>\n\t<meta name=\"twitter:label2\" content=\"Dur\u00e9e de lecture estim\u00e9e\" \/>\n\t<meta name=\"twitter:data2\" content=\"2 minutes\" \/>\n<script type=\"application\/ld+json\" class=\"yoast-schema-graph\">{\"@context\":\"https:\/\/schema.org\",\"@graph\":[{\"@type\":\"Article\",\"@id\":\"https:\/\/kapitalis.com\/tunisie\/2025\/04\/30\/le-festival-du-film-francophone-en-tunisie-du-30-avril-au-14-mai-2025\/#article\",\"isPartOf\":{\"@id\":\"https:\/\/kapitalis.com\/tunisie\/2025\/04\/30\/le-festival-du-film-francophone-en-tunisie-du-30-avril-au-14-mai-2025\/\"},\"author\":{\"name\":\"webmaster kapitalis\",\"@id\":\"https:\/\/kapitalis.com\/tunisie\/#\/schema\/person\/d71f33a9ca44f7bad4698210b480c8e9\"},\"headline\":\"Le Festival du film francophone en Tunisie du 30 avril au 14 mai 2025\",\"datePublished\":\"2025-04-30T06:13:37+00:00\",\"dateModified\":\"2025-04-30T06:13:39+00:00\",\"mainEntityOfPage\":{\"@id\":\"https:\/\/kapitalis.com\/tunisie\/2025\/04\/30\/le-festival-du-film-francophone-en-tunisie-du-30-avril-au-14-mai-2025\/\"},\"wordCount\":306,\"commentCount\":0,\"publisher\":{\"@id\":\"https:\/\/kapitalis.com\/tunisie\/#organization\"},\"image\":{\"@id\":\"https:\/\/kapitalis.com\/tunisie\/2025\/04\/30\/le-festival-du-film-francophone-en-tunisie-du-30-avril-au-14-mai-2025\/#primaryimage\"},\"thumbnailUrl\":\"https:\/\/kapitalis.com\/tunisie\/wp-content\/uploads\/2025\/04\/Festival-du-film-francophone-2025.jpg\",\"keywords\":[\"film francophone\",\"Sfax\",\"Sousse\",\"Tunis\",\"Tunisie\"],\"articleSection\":[\"CULTURE\",\"Tunisie\"],\"inLanguage\":\"fr-FR\",\"potentialAction\":[{\"@type\":\"CommentAction\",\"name\":\"Comment\",\"target\":[\"https:\/\/kapitalis.com\/tunisie\/2025\/04\/30\/le-festival-du-film-francophone-en-tunisie-du-30-avril-au-14-mai-2025\/#respond\"]}]},{\"@type\":\"WebPage\",\"@id\":\"https:\/\/kapitalis.com\/tunisie\/2025\/04\/30\/le-festival-du-film-francophone-en-tunisie-du-30-avril-au-14-mai-2025\/\",\"url\":\"https:\/\/kapitalis.com\/tunisie\/2025\/04\/30\/le-festival-du-film-francophone-en-tunisie-du-30-avril-au-14-mai-2025\/\",\"name\":\"Le Festival du film francophone en Tunisie du 30 avril au 14 mai 2025 - Kapitalis\",\"isPartOf\":{\"@id\":\"https:\/\/kapitalis.com\/tunisie\/#website\"},\"primaryImageOfPage\":{\"@id\":\"https:\/\/kapitalis.com\/tunisie\/2025\/04\/30\/le-festival-du-film-francophone-en-tunisie-du-30-avril-au-14-mai-2025\/#primaryimage\"},\"image\":{\"@id\":\"https:\/\/kapitalis.com\/tunisie\/2025\/04\/30\/le-festival-du-film-francophone-en-tunisie-du-30-avril-au-14-mai-2025\/#primaryimage\"},\"thumbnailUrl\":\"https:\/\/kapitalis.com\/tunisie\/wp-content\/uploads\/2025\/04\/Festival-du-film-francophone-2025.jpg\",\"datePublished\":\"2025-04-30T06:13:37+00:00\",\"dateModified\":\"2025-04-30T06:13:39+00:00\",\"breadcrumb\":{\"@id\":\"https:\/\/kapitalis.com\/tunisie\/2025\/04\/30\/le-festival-du-film-francophone-en-tunisie-du-30-avril-au-14-mai-2025\/#breadcrumb\"},\"inLanguage\":\"fr-FR\",\"potentialAction\":[{\"@type\":\"ReadAction\",\"target\":[\"https:\/\/kapitalis.com\/tunisie\/2025\/04\/30\/le-festival-du-film-francophone-en-tunisie-du-30-avril-au-14-mai-2025\/\"]}]},{\"@type\":\"ImageObject\",\"inLanguage\":\"fr-FR\",\"@id\":\"https:\/\/kapitalis.com\/tunisie\/2025\/04\/30\/le-festival-du-film-francophone-en-tunisie-du-30-avril-au-14-mai-2025\/#primaryimage\",\"url\":\"https:\/\/kapitalis.com\/tunisie\/wp-content\/uploads\/2025\/04\/Festival-du-film-francophone-2025.jpg\",\"contentUrl\":\"https:\/\/kapitalis.com\/tunisie\/wp-content\/uploads\/2025\/04\/Festival-du-film-francophone-2025.jpg\",\"width\":1200,\"height\":630},{\"@type\":\"BreadcrumbList\",\"@id\":\"https:\/\/kapitalis.com\/tunisie\/2025\/04\/30\/le-festival-du-film-francophone-en-tunisie-du-30-avril-au-14-mai-2025\/#breadcrumb\",\"itemListElement\":[{\"@type\":\"ListItem\",\"position\":1,\"name\":\"Accueil\",\"item\":\"https:\/\/kapitalis.com\/tunisie\/\"},{\"@type\":\"ListItem\",\"position\":2,\"name\":\"Le Festival du film francophone en Tunisie du 30 avril au 14 mai 2025\"}]},{\"@type\":\"WebSite\",\"@id\":\"https:\/\/kapitalis.com\/tunisie\/#website\",\"url\":\"https:\/\/kapitalis.com\/tunisie\/\",\"name\":\"Kapitalis\",\"description\":\"L&#039;actualit\u00e9 en Tunisie et dans le monde\",\"publisher\":{\"@id\":\"https:\/\/kapitalis.com\/tunisie\/#organization\"},\"potentialAction\":[{\"@type\":\"SearchAction\",\"target\":{\"@type\":\"EntryPoint\",\"urlTemplate\":\"https:\/\/kapitalis.com\/tunisie\/?s={search_term_string}\"},\"query-input\":{\"@type\":\"PropertyValueSpecification\",\"valueRequired\":true,\"valueName\":\"search_term_string\"}}],\"inLanguage\":\"fr-FR\"},{\"@type\":\"Organization\",\"@id\":\"https:\/\/kapitalis.com\/tunisie\/#organization\",\"name\":\"Kapitalis\",\"url\":\"https:\/\/kapitalis.com\/tunisie\/\",\"logo\":{\"@type\":\"ImageObject\",\"inLanguage\":\"fr-FR\",\"@id\":\"https:\/\/kapitalis.com\/tunisie\/#\/schema\/logo\/image\/\",\"url\":\"https:\/\/kapitalis.com\/tunisie\/wp-content\/uploads\/2022\/05\/Kapitalis-big-size.png\",\"contentUrl\":\"https:\/\/kapitalis.com\/tunisie\/wp-content\/uploads\/2022\/05\/Kapitalis-big-size.png\",\"width\":5000,\"height\":1500,\"caption\":\"Kapitalis\"},\"image\":{\"@id\":\"https:\/\/kapitalis.com\/tunisie\/#\/schema\/logo\/image\/\"},\"sameAs\":[\"https:\/\/www.facebook.com\/KapitalisInfo\/\",\"https:\/\/x.com\/KapitalisInfo\",\"https:\/\/www.youtube.com\/channel\/UC-yDYrHyfFBWWZaOw3FPg9Q\"]},{\"@type\":\"Person\",\"@id\":\"https:\/\/kapitalis.com\/tunisie\/#\/schema\/person\/d71f33a9ca44f7bad4698210b480c8e9\",\"name\":\"webmaster kapitalis\",\"url\":\"https:\/\/kapitalis.com\/tunisie\/author\/webmaster-kapitalis\/\"}]}<\/script>\n<!-- \/ Yoast SEO plugin. -->","yoast_head_json":{"title":"Le Festival du film francophone en Tunisie du 30 avril au 14 mai 2025 - Kapitalis","robots":{"index":"index","follow":"follow","max-snippet":"max-snippet:-1","max-image-preview":"max-image-preview:large","max-video-preview":"max-video-preview:-1"},"canonical":"https:\/\/kapitalis.com\/tunisie\/2025\/04\/30\/le-festival-du-film-francophone-en-tunisie-du-30-avril-au-14-mai-2025\/","og_locale":"fr_FR","og_type":"article","og_title":"Le Festival du film francophone en Tunisie du 30 avril au 14 mai 2025 - Kapitalis","og_description":"Le Festival du film francophone (FFF) investit les \u00e9crans de Tunis, Sfax et Sousse du 30 avril au 14 mai 2025.","og_url":"https:\/\/kapitalis.com\/tunisie\/2025\/04\/30\/le-festival-du-film-francophone-en-tunisie-du-30-avril-au-14-mai-2025\/","og_site_name":"Kapitalis","article_publisher":"https:\/\/www.facebook.com\/KapitalisInfo\/","article_published_time":"2025-04-30T06:13:37+00:00","article_modified_time":"2025-04-30T06:13:39+00:00","og_image":[{"width":1200,"height":630,"url":"https:\/\/kapitalis.com\/tunisie\/wp-content\/uploads\/2025\/04\/Festival-du-film-francophone-2025.jpg","type":"image\/jpeg"}],"author":"webmaster kapitalis","twitter_card":"summary_large_image","twitter_creator":"@KapitalisInfo","twitter_site":"@KapitalisInfo","twitter_misc":{"\u00c9crit par":"webmaster kapitalis","Dur\u00e9e de lecture estim\u00e9e":"2 minutes"},"schema":{"@context":"https:\/\/schema.org","@graph":[{"@type":"Article","@id":"https:\/\/kapitalis.com\/tunisie\/2025\/04\/30\/le-festival-du-film-francophone-en-tunisie-du-30-avril-au-14-mai-2025\/#article","isPartOf":{"@id":"https:\/\/kapitalis.com\/tunisie\/2025\/04\/30\/le-festival-du-film-francophone-en-tunisie-du-30-avril-au-14-mai-2025\/"},"author":{"name":"webmaster kapitalis","@id":"https:\/\/kapitalis.com\/tunisie\/#\/schema\/person\/d71f33a9ca44f7bad4698210b480c8e9"},"headline":"Le Festival du film francophone en Tunisie du 30 avril au 14 mai 2025","datePublished":"2025-04-30T06:13:37+00:00","dateModified":"2025-04-30T06:13:39+00:00","mainEntityOfPage":{"@id":"https:\/\/kapitalis.com\/tunisie\/2025\/04\/30\/le-festival-du-film-francophone-en-tunisie-du-30-avril-au-14-mai-2025\/"},"wordCount":306,"commentCount":0,"publisher":{"@id":"https:\/\/kapitalis.com\/tunisie\/#organization"},"image":{"@id":"https:\/\/kapitalis.com\/tunisie\/2025\/04\/30\/le-festival-du-film-francophone-en-tunisie-du-30-avril-au-14-mai-2025\/#primaryimage"},"thumbnailUrl":"https:\/\/kapitalis.com\/tunisie\/wp-content\/uploads\/2025\/04\/Festival-du-film-francophone-2025.jpg","keywords":["film francophone","Sfax","Sousse","Tunis","Tunisie"],"articleSection":["CULTURE","Tunisie"],"inLanguage":"fr-FR","potentialAction":[{"@type":"CommentAction","name":"Comment","target":["https:\/\/kapitalis.com\/tunisie\/2025\/04\/30\/le-festival-du-film-francophone-en-tunisie-du-30-avril-au-14-mai-2025\/#respond"]}]},{"@type":"WebPage","@id":"https:\/\/kapitalis.com\/tunisie\/2025\/04\/30\/le-festival-du-film-francophone-en-tunisie-du-30-avril-au-14-mai-2025\/","url":"https:\/\/kapitalis.com\/tunisie\/2025\/04\/30\/le-festival-du-film-francophone-en-tunisie-du-30-avril-au-14-mai-2025\/","name":"Le Festival du film francophone en Tunisie du 30 avril au 14 mai 2025 - Kapitalis","isPartOf":{"@id":"https:\/\/kapitalis.com\/tunisie\/#website"},"primaryImageOfPage":{"@id":"https:\/\/kapitalis.com\/tunisie\/2025\/04\/30\/le-festival-du-film-francophone-en-tunisie-du-30-avril-au-14-mai-2025\/#primaryimage"},"image":{"@id":"https:\/\/kapitalis.com\/tunisie\/2025\/04\/30\/le-festival-du-film-francophone-en-tunisie-du-30-avril-au-14-mai-2025\/#primaryimage"},"thumbnailUrl":"https:\/\/kapitalis.com\/tunisie\/wp-content\/uploads\/2025\/04\/Festival-du-film-francophone-2025.jpg","datePublished":"2025-04-30T06:13:37+00:00","dateModified":"2025-04-30T06:13:39+00:00","breadcrumb":{"@id":"https:\/\/kapitalis.com\/tunisie\/2025\/04\/30\/le-festival-du-film-francophone-en-tunisie-du-30-avril-au-14-mai-2025\/#breadcrumb"},"inLanguage":"fr-FR","potentialAction":[{"@type":"ReadAction","target":["https:\/\/kapitalis.com\/tunisie\/2025\/04\/30\/le-festival-du-film-francophone-en-tunisie-du-30-avril-au-14-mai-2025\/"]}]},{"@type":"ImageObject","inLanguage":"fr-FR","@id":"https:\/\/kapitalis.com\/tunisie\/2025\/04\/30\/le-festival-du-film-francophone-en-tunisie-du-30-avril-au-14-mai-2025\/#primaryimage","url":"https:\/\/kapitalis.com\/tunisie\/wp-content\/uploads\/2025\/04\/Festival-du-film-francophone-2025.jpg","contentUrl":"https:\/\/kapitalis.com\/tunisie\/wp-content\/uploads\/2025\/04\/Festival-du-film-francophone-2025.jpg","width":1200,"height":630},{"@type":"BreadcrumbList","@id":"https:\/\/kapitalis.com\/tunisie\/2025\/04\/30\/le-festival-du-film-francophone-en-tunisie-du-30-avril-au-14-mai-2025\/#breadcrumb","itemListElement":[{"@type":"ListItem","position":1,"name":"Accueil","item":"https:\/\/kapitalis.com\/tunisie\/"},{"@type":"ListItem","position":2,"name":"Le Festival du film francophone en Tunisie du 30 avril au 14 mai 2025"}]},{"@type":"WebSite","@id":"https:\/\/kapitalis.com\/tunisie\/#website","url":"https:\/\/kapitalis.com\/tunisie\/","name":"Kapitalis","description":"L&#039;actualit\u00e9 en Tunisie et dans le monde","publisher":{"@id":"https:\/\/kapitalis.com\/tunisie\/#organization"},"potentialAction":[{"@type":"SearchAction","target":{"@type":"EntryPoint","urlTemplate":"https:\/\/kapitalis.com\/tunisie\/?s={search_term_string}"},"query-input":{"@type":"PropertyValueSpecification","valueRequired":true,"valueName":"search_term_string"}}],"inLanguage":"fr-FR"},{"@type":"Organization","@id":"https:\/\/kapitalis.com\/tunisie\/#organization","name":"Kapitalis","url":"https:\/\/kapitalis.com\/tunisie\/","logo":{"@type":"ImageObject","inLanguage":"fr-FR","@id":"https:\/\/kapitalis.com\/tunisie\/#\/schema\/logo\/image\/","url":"https:\/\/kapitalis.com\/tunisie\/wp-content\/uploads\/2022\/05\/Kapitalis-big-size.png","contentUrl":"https:\/\/kapitalis.com\/tunisie\/wp-content\/uploads\/2022\/05\/Kapitalis-big-size.png","width":5000,"height":1500,"caption":"Kapitalis"},"image":{"@id":"https:\/\/kapitalis.com\/tunisie\/#\/schema\/logo\/image\/"},"sameAs":["https:\/\/www.facebook.com\/KapitalisInfo\/","https:\/\/x.com\/KapitalisInfo","https:\/\/www.youtube.com\/channel\/UC-yDYrHyfFBWWZaOw3FPg9Q"]},{"@type":"Person","@id":"https:\/\/kapitalis.com\/tunisie\/#\/schema\/person\/d71f33a9ca44f7bad4698210b480c8e9","name":"webmaster kapitalis","url":"https:\/\/kapitalis.com\/tunisie\/author\/webmaster-kapitalis\/"}]}},"_links":{"self":[{"href":"https:\/\/kapitalis.com\/tunisie\/wp-json\/wp\/v2\/posts\/16357480","targetHints":{"allow":["GET"]}}],"collection":[{"href":"https:\/\/kapitalis.com\/tunisie\/wp-json\/wp\/v2\/posts"}],"about":[{"href":"https:\/\/kapitalis.com\/tunisie\/wp-json\/wp\/v2\/types\/post"}],"author":[{"embeddable":true,"href":"https:\/\/kapitalis.com\/tunisie\/wp-json\/wp\/v2\/users\/8"}],"replies":[{"embeddable":true,"href":"https:\/\/kapitalis.com\/tunisie\/wp-json\/wp\/v2\/comments?post=16357480"}],"version-history":[{"count":1,"href":"https:\/\/kapitalis.com\/tunisie\/wp-json\/wp\/v2\/posts\/16357480\/revisions"}],"predecessor-version":[{"id":16357496,"href":"https:\/\/kapitalis.com\/tunisie\/wp-json\/wp\/v2\/posts\/16357480\/revisions\/16357496"}],"wp:featuredmedia":[{"embeddable":true,"href":"https:\/\/kapitalis.com\/tunisie\/wp-json\/wp\/v2\/media\/16357493"}],"wp:attachment":[{"href":"https:\/\/kapitalis.com\/tunisie\/wp-json\/wp\/v2\/media?parent=16357480"}],"wp:term":[{"taxonomy":"category","embeddable":true,"href":"https:\/\/kapitalis.com\/tunisie\/wp-json\/wp\/v2\/categories?post=16357480"},{"taxonomy":"post_tag","embeddable":true,"href":"https:\/\/kapitalis.com\/tunisie\/wp-json\/wp\/v2\/tags?post=16357480"}],"curies":[{"name":"wp","href":"https:\/\/api.w.org\/{rel}","templated":true}]}}