{"id":16357676,"date":"2025-04-30T08:09:05","date_gmt":"2025-04-30T07:09:05","guid":{"rendered":"https:\/\/kapitalis.com\/tunisie\/?p=16357676"},"modified":"2025-04-30T08:54:39","modified_gmt":"2025-04-30T07:54:39","slug":"listes-des-romans-en-course-pour-les-29e-prix-comar-dor","status":"publish","type":"post","link":"https:\/\/kapitalis.com\/tunisie\/2025\/04\/30\/listes-des-romans-en-course-pour-les-29e-prix-comar-dor\/","title":{"rendered":"Liste des romans en course pour les 29e Prix Comar d\u2019Or \u00a0"},"content":{"rendered":"\n<p><strong><em>Les Assurances Comar ont rendu public la liste d\u00e9finitive des romans en lice pour les 29<sup>e<\/sup> Prix Comar d\u2019Or du roman tunisien publi\u00e9 en langues arabe et fran\u00e7aise.<\/em><\/strong><\/p>\n\n\n\n<!--more-->\n\n\n\n<p>Ann\u00e9e exceptionnelle, qui pr\u00e9c\u00e8de le 30<sup>e<\/sup> anniversaire de ce prix qui a jou\u00e9 un r\u00f4le important dans le d\u00e9veloppement de l\u2019art romanesque en Tunisie, suscitant des vocations et r\u00e9v\u00e9lant de nouveaux talents. En effet, quelque 76 romans sont en lice cette ann\u00e9e pour les trois prix mis en jeu dans chacune des deux langues (Comar d\u2019Or, Prix sp\u00e9cial du jury et Prix D\u00e9couverte), 55 en arabe et 21 en fran\u00e7ais.<\/p>\n\n\n\n<p>Les membres des deux jurys sont en pleine d\u00e9lib\u00e9ration et le comit\u00e9 d\u2019organisation est en train de mettre les derni\u00e8res touches aux pr\u00e9paratifs pour la soir\u00e9e de proclamation du palmar\u00e8s pr\u00e9vue pour le 17 mai prochain au Th\u00e9\u00e2tre municipal de Tunis. Le suspense est \u00e0 son comble et le secret bien gard\u00e9. Nous conna\u00eetront bient\u00f4t les heureux gagnants (ou gagnantes).<\/p>\n\n\n\n<p>Vous trouverez ci-dessous la liste des 76 romans en course. &nbsp;&nbsp;&nbsp;&nbsp;&nbsp;&nbsp;&nbsp;<\/p>\n\n\n<div class=\"wp-block-image\">\n<figure class=\"aligncenter size-large\"><img loading=\"lazy\" decoding=\"async\" width=\"853\" height=\"1024\" src=\"https:\/\/kapitalis.com\/tunisie\/wp-content\/uploads\/2025\/04\/Liste-Comar-Fr-853x1024.jpg\" alt=\"\" class=\"wp-image-16357690\" srcset=\"https:\/\/kapitalis.com\/tunisie\/wp-content\/uploads\/2025\/04\/Liste-Comar-Fr-853x1024.jpg 853w, https:\/\/kapitalis.com\/tunisie\/wp-content\/uploads\/2025\/04\/Liste-Comar-Fr-250x300.jpg 250w, https:\/\/kapitalis.com\/tunisie\/wp-content\/uploads\/2025\/04\/Liste-Comar-Fr-768x922.jpg 768w, https:\/\/kapitalis.com\/tunisie\/wp-content\/uploads\/2025\/04\/Liste-Comar-Fr-580x696.jpg 580w, https:\/\/kapitalis.com\/tunisie\/wp-content\/uploads\/2025\/04\/Liste-Comar-Fr-860x1032.jpg 860w, https:\/\/kapitalis.com\/tunisie\/wp-content\/uploads\/2025\/04\/Liste-Comar-Fr.jpg 1000w\" sizes=\"auto, (max-width: 853px) 100vw, 853px\" \/><\/figure>\n<\/div>\n\n\n<p><\/p>\n","protected":false},"excerpt":{"rendered":"<p>Liste d\u00e9finitive des romans en lice pour les 29e Prix Comar d\u2019Or du roman tunisien. <\/p>\n","protected":false},"author":8,"featured_media":16013346,"comment_status":"open","ping_status":"open","sticky":false,"template":"","format":"standard","meta":{"footnotes":""},"categories":[994,2433],"tags":[22214,15815,15816],"class_list":["post-16357676","post","type-post","status-publish","format-standard","has-post-thumbnail","hentry","category-culture","category-tunisie","tag-assurances-comar","tag-prix-comar-dor","tag-roman-tunisien"],"yoast_head":"<!-- This site is optimized with the Yoast SEO plugin v26.6 - https:\/\/yoast.com\/wordpress\/plugins\/seo\/ -->\n<title>Liste des romans en course pour les 29e Prix Comar d\u2019Or \u00a0 - Kapitalis<\/title>\n<meta name=\"robots\" content=\"index, follow, max-snippet:-1, max-image-preview:large, max-video-preview:-1\" \/>\n<link rel=\"canonical\" href=\"https:\/\/kapitalis.com\/tunisie\/2025\/04\/30\/listes-des-romans-en-course-pour-les-29e-prix-comar-dor\/\" \/>\n<meta property=\"og:locale\" content=\"fr_FR\" \/>\n<meta property=\"og:type\" content=\"article\" \/>\n<meta property=\"og:title\" content=\"Liste des romans en course pour les 29e Prix Comar d\u2019Or \u00a0 - Kapitalis\" \/>\n<meta property=\"og:description\" content=\"Liste d\u00e9finitive des romans en lice pour les 29e Prix Comar d\u2019Or du roman tunisien.\" \/>\n<meta property=\"og:url\" content=\"https:\/\/kapitalis.com\/tunisie\/2025\/04\/30\/listes-des-romans-en-course-pour-les-29e-prix-comar-dor\/\" \/>\n<meta property=\"og:site_name\" content=\"Kapitalis\" \/>\n<meta property=\"article:publisher\" content=\"https:\/\/www.facebook.com\/KapitalisInfo\/\" \/>\n<meta property=\"article:published_time\" content=\"2025-04-30T07:09:05+00:00\" \/>\n<meta property=\"article:modified_time\" content=\"2025-04-30T07:54:39+00:00\" \/>\n<meta property=\"og:image\" content=\"https:\/\/kapitalis.com\/tunisie\/wp-content\/uploads\/2025\/03\/Comar-Or-2025.jpg\" \/>\n\t<meta property=\"og:image:width\" content=\"1200\" \/>\n\t<meta property=\"og:image:height\" content=\"630\" \/>\n\t<meta property=\"og:image:type\" content=\"image\/jpeg\" \/>\n<meta name=\"author\" content=\"webmaster kapitalis\" \/>\n<meta name=\"twitter:card\" content=\"summary_large_image\" \/>\n<meta name=\"twitter:creator\" content=\"@KapitalisInfo\" \/>\n<meta name=\"twitter:site\" content=\"@KapitalisInfo\" \/>\n<meta name=\"twitter:label1\" content=\"\u00c9crit par\" \/>\n\t<meta name=\"twitter:data1\" content=\"webmaster kapitalis\" \/>\n\t<meta name=\"twitter:label2\" content=\"Dur\u00e9e de lecture estim\u00e9e\" \/>\n\t<meta name=\"twitter:data2\" content=\"2 minutes\" \/>\n<script type=\"application\/ld+json\" class=\"yoast-schema-graph\">{\"@context\":\"https:\/\/schema.org\",\"@graph\":[{\"@type\":\"Article\",\"@id\":\"https:\/\/kapitalis.com\/tunisie\/2025\/04\/30\/listes-des-romans-en-course-pour-les-29e-prix-comar-dor\/#article\",\"isPartOf\":{\"@id\":\"https:\/\/kapitalis.com\/tunisie\/2025\/04\/30\/listes-des-romans-en-course-pour-les-29e-prix-comar-dor\/\"},\"author\":{\"name\":\"webmaster kapitalis\",\"@id\":\"https:\/\/kapitalis.com\/tunisie\/#\/schema\/person\/d71f33a9ca44f7bad4698210b480c8e9\"},\"headline\":\"Liste des romans en course pour les 29e Prix Comar d\u2019Or \u00a0\",\"datePublished\":\"2025-04-30T07:09:05+00:00\",\"dateModified\":\"2025-04-30T07:54:39+00:00\",\"mainEntityOfPage\":{\"@id\":\"https:\/\/kapitalis.com\/tunisie\/2025\/04\/30\/listes-des-romans-en-course-pour-les-29e-prix-comar-dor\/\"},\"wordCount\":208,\"commentCount\":0,\"publisher\":{\"@id\":\"https:\/\/kapitalis.com\/tunisie\/#organization\"},\"image\":{\"@id\":\"https:\/\/kapitalis.com\/tunisie\/2025\/04\/30\/listes-des-romans-en-course-pour-les-29e-prix-comar-dor\/#primaryimage\"},\"thumbnailUrl\":\"https:\/\/kapitalis.com\/tunisie\/wp-content\/uploads\/2025\/03\/Comar-Or-2025.jpg\",\"keywords\":[\"Assurances Comar\",\"prix Comar d\u2019Or\",\"roman tunisien\"],\"articleSection\":[\"CULTURE\",\"Tunisie\"],\"inLanguage\":\"fr-FR\",\"potentialAction\":[{\"@type\":\"CommentAction\",\"name\":\"Comment\",\"target\":[\"https:\/\/kapitalis.com\/tunisie\/2025\/04\/30\/listes-des-romans-en-course-pour-les-29e-prix-comar-dor\/#respond\"]}]},{\"@type\":\"WebPage\",\"@id\":\"https:\/\/kapitalis.com\/tunisie\/2025\/04\/30\/listes-des-romans-en-course-pour-les-29e-prix-comar-dor\/\",\"url\":\"https:\/\/kapitalis.com\/tunisie\/2025\/04\/30\/listes-des-romans-en-course-pour-les-29e-prix-comar-dor\/\",\"name\":\"Liste des romans en course pour les 29e Prix Comar d\u2019Or \u00a0 - Kapitalis\",\"isPartOf\":{\"@id\":\"https:\/\/kapitalis.com\/tunisie\/#website\"},\"primaryImageOfPage\":{\"@id\":\"https:\/\/kapitalis.com\/tunisie\/2025\/04\/30\/listes-des-romans-en-course-pour-les-29e-prix-comar-dor\/#primaryimage\"},\"image\":{\"@id\":\"https:\/\/kapitalis.com\/tunisie\/2025\/04\/30\/listes-des-romans-en-course-pour-les-29e-prix-comar-dor\/#primaryimage\"},\"thumbnailUrl\":\"https:\/\/kapitalis.com\/tunisie\/wp-content\/uploads\/2025\/03\/Comar-Or-2025.jpg\",\"datePublished\":\"2025-04-30T07:09:05+00:00\",\"dateModified\":\"2025-04-30T07:54:39+00:00\",\"breadcrumb\":{\"@id\":\"https:\/\/kapitalis.com\/tunisie\/2025\/04\/30\/listes-des-romans-en-course-pour-les-29e-prix-comar-dor\/#breadcrumb\"},\"inLanguage\":\"fr-FR\",\"potentialAction\":[{\"@type\":\"ReadAction\",\"target\":[\"https:\/\/kapitalis.com\/tunisie\/2025\/04\/30\/listes-des-romans-en-course-pour-les-29e-prix-comar-dor\/\"]}]},{\"@type\":\"ImageObject\",\"inLanguage\":\"fr-FR\",\"@id\":\"https:\/\/kapitalis.com\/tunisie\/2025\/04\/30\/listes-des-romans-en-course-pour-les-29e-prix-comar-dor\/#primaryimage\",\"url\":\"https:\/\/kapitalis.com\/tunisie\/wp-content\/uploads\/2025\/03\/Comar-Or-2025.jpg\",\"contentUrl\":\"https:\/\/kapitalis.com\/tunisie\/wp-content\/uploads\/2025\/03\/Comar-Or-2025.jpg\",\"width\":1200,\"height\":630},{\"@type\":\"BreadcrumbList\",\"@id\":\"https:\/\/kapitalis.com\/tunisie\/2025\/04\/30\/listes-des-romans-en-course-pour-les-29e-prix-comar-dor\/#breadcrumb\",\"itemListElement\":[{\"@type\":\"ListItem\",\"position\":1,\"name\":\"Accueil\",\"item\":\"https:\/\/kapitalis.com\/tunisie\/\"},{\"@type\":\"ListItem\",\"position\":2,\"name\":\"Liste des romans en course pour les 29e Prix Comar d\u2019Or \u00a0\"}]},{\"@type\":\"WebSite\",\"@id\":\"https:\/\/kapitalis.com\/tunisie\/#website\",\"url\":\"https:\/\/kapitalis.com\/tunisie\/\",\"name\":\"Kapitalis\",\"description\":\"L&#039;actualit\u00e9 en Tunisie et dans le monde\",\"publisher\":{\"@id\":\"https:\/\/kapitalis.com\/tunisie\/#organization\"},\"potentialAction\":[{\"@type\":\"SearchAction\",\"target\":{\"@type\":\"EntryPoint\",\"urlTemplate\":\"https:\/\/kapitalis.com\/tunisie\/?s={search_term_string}\"},\"query-input\":{\"@type\":\"PropertyValueSpecification\",\"valueRequired\":true,\"valueName\":\"search_term_string\"}}],\"inLanguage\":\"fr-FR\"},{\"@type\":\"Organization\",\"@id\":\"https:\/\/kapitalis.com\/tunisie\/#organization\",\"name\":\"Kapitalis\",\"url\":\"https:\/\/kapitalis.com\/tunisie\/\",\"logo\":{\"@type\":\"ImageObject\",\"inLanguage\":\"fr-FR\",\"@id\":\"https:\/\/kapitalis.com\/tunisie\/#\/schema\/logo\/image\/\",\"url\":\"https:\/\/kapitalis.com\/tunisie\/wp-content\/uploads\/2022\/05\/Kapitalis-big-size.png\",\"contentUrl\":\"https:\/\/kapitalis.com\/tunisie\/wp-content\/uploads\/2022\/05\/Kapitalis-big-size.png\",\"width\":5000,\"height\":1500,\"caption\":\"Kapitalis\"},\"image\":{\"@id\":\"https:\/\/kapitalis.com\/tunisie\/#\/schema\/logo\/image\/\"},\"sameAs\":[\"https:\/\/www.facebook.com\/KapitalisInfo\/\",\"https:\/\/x.com\/KapitalisInfo\",\"https:\/\/www.youtube.com\/channel\/UC-yDYrHyfFBWWZaOw3FPg9Q\"]},{\"@type\":\"Person\",\"@id\":\"https:\/\/kapitalis.com\/tunisie\/#\/schema\/person\/d71f33a9ca44f7bad4698210b480c8e9\",\"name\":\"webmaster kapitalis\",\"url\":\"https:\/\/kapitalis.com\/tunisie\/author\/webmaster-kapitalis\/\"}]}<\/script>\n<!-- \/ Yoast SEO plugin. -->","yoast_head_json":{"title":"Liste des romans en course pour les 29e Prix Comar d\u2019Or \u00a0 - Kapitalis","robots":{"index":"index","follow":"follow","max-snippet":"max-snippet:-1","max-image-preview":"max-image-preview:large","max-video-preview":"max-video-preview:-1"},"canonical":"https:\/\/kapitalis.com\/tunisie\/2025\/04\/30\/listes-des-romans-en-course-pour-les-29e-prix-comar-dor\/","og_locale":"fr_FR","og_type":"article","og_title":"Liste des romans en course pour les 29e Prix Comar d\u2019Or \u00a0 - Kapitalis","og_description":"Liste d\u00e9finitive des romans en lice pour les 29e Prix Comar d\u2019Or du roman tunisien.","og_url":"https:\/\/kapitalis.com\/tunisie\/2025\/04\/30\/listes-des-romans-en-course-pour-les-29e-prix-comar-dor\/","og_site_name":"Kapitalis","article_publisher":"https:\/\/www.facebook.com\/KapitalisInfo\/","article_published_time":"2025-04-30T07:09:05+00:00","article_modified_time":"2025-04-30T07:54:39+00:00","og_image":[{"width":1200,"height":630,"url":"https:\/\/kapitalis.com\/tunisie\/wp-content\/uploads\/2025\/03\/Comar-Or-2025.jpg","type":"image\/jpeg"}],"author":"webmaster kapitalis","twitter_card":"summary_large_image","twitter_creator":"@KapitalisInfo","twitter_site":"@KapitalisInfo","twitter_misc":{"\u00c9crit par":"webmaster kapitalis","Dur\u00e9e de lecture estim\u00e9e":"2 minutes"},"schema":{"@context":"https:\/\/schema.org","@graph":[{"@type":"Article","@id":"https:\/\/kapitalis.com\/tunisie\/2025\/04\/30\/listes-des-romans-en-course-pour-les-29e-prix-comar-dor\/#article","isPartOf":{"@id":"https:\/\/kapitalis.com\/tunisie\/2025\/04\/30\/listes-des-romans-en-course-pour-les-29e-prix-comar-dor\/"},"author":{"name":"webmaster kapitalis","@id":"https:\/\/kapitalis.com\/tunisie\/#\/schema\/person\/d71f33a9ca44f7bad4698210b480c8e9"},"headline":"Liste des romans en course pour les 29e Prix Comar d\u2019Or \u00a0","datePublished":"2025-04-30T07:09:05+00:00","dateModified":"2025-04-30T07:54:39+00:00","mainEntityOfPage":{"@id":"https:\/\/kapitalis.com\/tunisie\/2025\/04\/30\/listes-des-romans-en-course-pour-les-29e-prix-comar-dor\/"},"wordCount":208,"commentCount":0,"publisher":{"@id":"https:\/\/kapitalis.com\/tunisie\/#organization"},"image":{"@id":"https:\/\/kapitalis.com\/tunisie\/2025\/04\/30\/listes-des-romans-en-course-pour-les-29e-prix-comar-dor\/#primaryimage"},"thumbnailUrl":"https:\/\/kapitalis.com\/tunisie\/wp-content\/uploads\/2025\/03\/Comar-Or-2025.jpg","keywords":["Assurances Comar","prix Comar d\u2019Or","roman tunisien"],"articleSection":["CULTURE","Tunisie"],"inLanguage":"fr-FR","potentialAction":[{"@type":"CommentAction","name":"Comment","target":["https:\/\/kapitalis.com\/tunisie\/2025\/04\/30\/listes-des-romans-en-course-pour-les-29e-prix-comar-dor\/#respond"]}]},{"@type":"WebPage","@id":"https:\/\/kapitalis.com\/tunisie\/2025\/04\/30\/listes-des-romans-en-course-pour-les-29e-prix-comar-dor\/","url":"https:\/\/kapitalis.com\/tunisie\/2025\/04\/30\/listes-des-romans-en-course-pour-les-29e-prix-comar-dor\/","name":"Liste des romans en course pour les 29e Prix Comar d\u2019Or \u00a0 - Kapitalis","isPartOf":{"@id":"https:\/\/kapitalis.com\/tunisie\/#website"},"primaryImageOfPage":{"@id":"https:\/\/kapitalis.com\/tunisie\/2025\/04\/30\/listes-des-romans-en-course-pour-les-29e-prix-comar-dor\/#primaryimage"},"image":{"@id":"https:\/\/kapitalis.com\/tunisie\/2025\/04\/30\/listes-des-romans-en-course-pour-les-29e-prix-comar-dor\/#primaryimage"},"thumbnailUrl":"https:\/\/kapitalis.com\/tunisie\/wp-content\/uploads\/2025\/03\/Comar-Or-2025.jpg","datePublished":"2025-04-30T07:09:05+00:00","dateModified":"2025-04-30T07:54:39+00:00","breadcrumb":{"@id":"https:\/\/kapitalis.com\/tunisie\/2025\/04\/30\/listes-des-romans-en-course-pour-les-29e-prix-comar-dor\/#breadcrumb"},"inLanguage":"fr-FR","potentialAction":[{"@type":"ReadAction","target":["https:\/\/kapitalis.com\/tunisie\/2025\/04\/30\/listes-des-romans-en-course-pour-les-29e-prix-comar-dor\/"]}]},{"@type":"ImageObject","inLanguage":"fr-FR","@id":"https:\/\/kapitalis.com\/tunisie\/2025\/04\/30\/listes-des-romans-en-course-pour-les-29e-prix-comar-dor\/#primaryimage","url":"https:\/\/kapitalis.com\/tunisie\/wp-content\/uploads\/2025\/03\/Comar-Or-2025.jpg","contentUrl":"https:\/\/kapitalis.com\/tunisie\/wp-content\/uploads\/2025\/03\/Comar-Or-2025.jpg","width":1200,"height":630},{"@type":"BreadcrumbList","@id":"https:\/\/kapitalis.com\/tunisie\/2025\/04\/30\/listes-des-romans-en-course-pour-les-29e-prix-comar-dor\/#breadcrumb","itemListElement":[{"@type":"ListItem","position":1,"name":"Accueil","item":"https:\/\/kapitalis.com\/tunisie\/"},{"@type":"ListItem","position":2,"name":"Liste des romans en course pour les 29e Prix Comar d\u2019Or \u00a0"}]},{"@type":"WebSite","@id":"https:\/\/kapitalis.com\/tunisie\/#website","url":"https:\/\/kapitalis.com\/tunisie\/","name":"Kapitalis","description":"L&#039;actualit\u00e9 en Tunisie et dans le monde","publisher":{"@id":"https:\/\/kapitalis.com\/tunisie\/#organization"},"potentialAction":[{"@type":"SearchAction","target":{"@type":"EntryPoint","urlTemplate":"https:\/\/kapitalis.com\/tunisie\/?s={search_term_string}"},"query-input":{"@type":"PropertyValueSpecification","valueRequired":true,"valueName":"search_term_string"}}],"inLanguage":"fr-FR"},{"@type":"Organization","@id":"https:\/\/kapitalis.com\/tunisie\/#organization","name":"Kapitalis","url":"https:\/\/kapitalis.com\/tunisie\/","logo":{"@type":"ImageObject","inLanguage":"fr-FR","@id":"https:\/\/kapitalis.com\/tunisie\/#\/schema\/logo\/image\/","url":"https:\/\/kapitalis.com\/tunisie\/wp-content\/uploads\/2022\/05\/Kapitalis-big-size.png","contentUrl":"https:\/\/kapitalis.com\/tunisie\/wp-content\/uploads\/2022\/05\/Kapitalis-big-size.png","width":5000,"height":1500,"caption":"Kapitalis"},"image":{"@id":"https:\/\/kapitalis.com\/tunisie\/#\/schema\/logo\/image\/"},"sameAs":["https:\/\/www.facebook.com\/KapitalisInfo\/","https:\/\/x.com\/KapitalisInfo","https:\/\/www.youtube.com\/channel\/UC-yDYrHyfFBWWZaOw3FPg9Q"]},{"@type":"Person","@id":"https:\/\/kapitalis.com\/tunisie\/#\/schema\/person\/d71f33a9ca44f7bad4698210b480c8e9","name":"webmaster kapitalis","url":"https:\/\/kapitalis.com\/tunisie\/author\/webmaster-kapitalis\/"}]}},"_links":{"self":[{"href":"https:\/\/kapitalis.com\/tunisie\/wp-json\/wp\/v2\/posts\/16357676","targetHints":{"allow":["GET"]}}],"collection":[{"href":"https:\/\/kapitalis.com\/tunisie\/wp-json\/wp\/v2\/posts"}],"about":[{"href":"https:\/\/kapitalis.com\/tunisie\/wp-json\/wp\/v2\/types\/post"}],"author":[{"embeddable":true,"href":"https:\/\/kapitalis.com\/tunisie\/wp-json\/wp\/v2\/users\/8"}],"replies":[{"embeddable":true,"href":"https:\/\/kapitalis.com\/tunisie\/wp-json\/wp\/v2\/comments?post=16357676"}],"version-history":[{"count":2,"href":"https:\/\/kapitalis.com\/tunisie\/wp-json\/wp\/v2\/posts\/16357676\/revisions"}],"predecessor-version":[{"id":16357841,"href":"https:\/\/kapitalis.com\/tunisie\/wp-json\/wp\/v2\/posts\/16357676\/revisions\/16357841"}],"wp:featuredmedia":[{"embeddable":true,"href":"https:\/\/kapitalis.com\/tunisie\/wp-json\/wp\/v2\/media\/16013346"}],"wp:attachment":[{"href":"https:\/\/kapitalis.com\/tunisie\/wp-json\/wp\/v2\/media?parent=16357676"}],"wp:term":[{"taxonomy":"category","embeddable":true,"href":"https:\/\/kapitalis.com\/tunisie\/wp-json\/wp\/v2\/categories?post=16357676"},{"taxonomy":"post_tag","embeddable":true,"href":"https:\/\/kapitalis.com\/tunisie\/wp-json\/wp\/v2\/tags?post=16357676"}],"curies":[{"name":"wp","href":"https:\/\/api.w.org\/{rel}","templated":true}]}}