{"id":16358584,"date":"2025-04-30T12:27:25","date_gmt":"2025-04-30T11:27:25","guid":{"rendered":"https:\/\/kapitalis.com\/tunisie\/?p=16358584"},"modified":"2025-04-30T12:33:35","modified_gmt":"2025-04-30T11:33:35","slug":"la-cedh-rejette-le-recours-dun-tunisien-contre-litalie","status":"publish","type":"post","link":"https:\/\/kapitalis.com\/tunisie\/2025\/04\/30\/la-cedh-rejette-le-recours-dun-tunisien-contre-litalie\/","title":{"rendered":"La CEDH rejette le recours d\u2019un Tunisien contre l\u2019Italie"},"content":{"rendered":"\n<p><strong><em>La Cour europ\u00e9enne des droits de l<\/em><\/strong><strong><em>\u2019<\/em><\/strong><strong><em>homme (CEDH) a d\u00e9finitivement rejet\u00e9 le recours contre l<\/em><\/strong><strong><em>\u2019<\/em><\/strong><strong><em>Italie d<\/em><\/strong><strong><em>\u2019<\/em><\/strong><strong><em>un homme d<\/em><\/strong><strong><em>\u2019<\/em><\/strong><strong><em>origine tunisienne qui affirme que sa d\u00e9tention de sept jours \u00e0 bord d<\/em><\/strong><strong><em>\u2019<\/em><\/strong><strong><em>un navire qui le ramenait en Tunisie \u00e9tait ill\u00e9gale.<\/em><\/strong><\/p>\n\n\n\n<!--more-->\n\n\n\n<p>Les juges de la CEDH ont rejet\u00e9 l\u2019appel, estimant que l\u2019homme aurait d\u00fb pr\u00e9senter son cas devant les tribunaux italiens, en utilisant certains articles de loi, avant de se tourner vers Strasbourg.<\/p>\n\n\n\n<p>Selon eux, l\u2019article 2043 du Code civil et l\u2019article 700 du Code de proc\u00e9dure civile lui auraient permis de faire examiner son dossier par des juges italiens.<\/p>\n\n\n\n<p>La CEDH pr\u00e9cise que ces voies doivent \u00eatre tent\u00e9es m\u00eame dans le doute qu&rsquo;elles ne m\u00e8neraient pas \u00e0 un proc\u00e8s pour d\u00e9terminer la l\u00e9galit\u00e9 de la d\u00e9tention ou \u00e0 une intervention imm\u00e9diate des autorit\u00e9s pour mettre fin \u00e0 sa privation de libert\u00e9 sur le navire.<\/p>\n\n\n\n<p class=\"has-text-align-right\"><strong>I. B.<\/strong> <\/p>\n","protected":false},"excerpt":{"rendered":"<p>La CEDH a d\u00e9finitivement rejet\u00e9 le recours contre l\u2019Italie d\u2019un homme d\u2019origine tunisienne. <\/p>\n","protected":false},"author":8,"featured_media":16358608,"comment_status":"open","ping_status":"open","sticky":false,"template":"","format":"standard","meta":{"footnotes":""},"categories":[998,2433],"tags":[122019,3138,505,62643],"class_list":["post-16358584","post","type-post","status-publish","format-standard","has-post-thumbnail","hentry","category-societe","category-tunisie","tag-cedh","tag-droits-de-lhomme","tag-italie","tag-tunisie"],"yoast_head":"<!-- This site is optimized with the Yoast SEO plugin v26.6 - https:\/\/yoast.com\/wordpress\/plugins\/seo\/ -->\n<title>La CEDH rejette le recours d\u2019un Tunisien contre l\u2019Italie - Kapitalis<\/title>\n<meta name=\"robots\" content=\"index, follow, max-snippet:-1, max-image-preview:large, max-video-preview:-1\" \/>\n<link rel=\"canonical\" href=\"https:\/\/kapitalis.com\/tunisie\/2025\/04\/30\/la-cedh-rejette-le-recours-dun-tunisien-contre-litalie\/\" \/>\n<meta property=\"og:locale\" content=\"fr_FR\" \/>\n<meta property=\"og:type\" content=\"article\" \/>\n<meta property=\"og:title\" content=\"La CEDH rejette le recours d\u2019un Tunisien contre l\u2019Italie - Kapitalis\" \/>\n<meta property=\"og:description\" content=\"La CEDH a d\u00e9finitivement rejet\u00e9 le recours contre l\u2019Italie d\u2019un homme d\u2019origine tunisienne.\" \/>\n<meta property=\"og:url\" content=\"https:\/\/kapitalis.com\/tunisie\/2025\/04\/30\/la-cedh-rejette-le-recours-dun-tunisien-contre-litalie\/\" \/>\n<meta property=\"og:site_name\" content=\"Kapitalis\" \/>\n<meta property=\"article:publisher\" content=\"https:\/\/www.facebook.com\/KapitalisInfo\/\" \/>\n<meta property=\"article:published_time\" content=\"2025-04-30T11:27:25+00:00\" \/>\n<meta property=\"article:modified_time\" content=\"2025-04-30T11:33:35+00:00\" \/>\n<meta property=\"og:image\" content=\"https:\/\/kapitalis.com\/tunisie\/wp-content\/uploads\/2025\/04\/CEDH.jpg\" \/>\n\t<meta property=\"og:image:width\" content=\"1200\" \/>\n\t<meta property=\"og:image:height\" content=\"630\" \/>\n\t<meta property=\"og:image:type\" content=\"image\/jpeg\" \/>\n<meta name=\"author\" content=\"webmaster kapitalis\" \/>\n<meta name=\"twitter:card\" content=\"summary_large_image\" \/>\n<meta name=\"twitter:creator\" content=\"@KapitalisInfo\" \/>\n<meta name=\"twitter:site\" content=\"@KapitalisInfo\" \/>\n<meta name=\"twitter:label1\" content=\"\u00c9crit par\" \/>\n\t<meta name=\"twitter:data1\" content=\"webmaster kapitalis\" \/>\n\t<meta name=\"twitter:label2\" content=\"Dur\u00e9e de lecture estim\u00e9e\" \/>\n\t<meta name=\"twitter:data2\" content=\"1 minute\" \/>\n<script type=\"application\/ld+json\" class=\"yoast-schema-graph\">{\"@context\":\"https:\/\/schema.org\",\"@graph\":[{\"@type\":\"Article\",\"@id\":\"https:\/\/kapitalis.com\/tunisie\/2025\/04\/30\/la-cedh-rejette-le-recours-dun-tunisien-contre-litalie\/#article\",\"isPartOf\":{\"@id\":\"https:\/\/kapitalis.com\/tunisie\/2025\/04\/30\/la-cedh-rejette-le-recours-dun-tunisien-contre-litalie\/\"},\"author\":{\"name\":\"webmaster kapitalis\",\"@id\":\"https:\/\/kapitalis.com\/tunisie\/#\/schema\/person\/d71f33a9ca44f7bad4698210b480c8e9\"},\"headline\":\"La CEDH rejette le recours d\u2019un Tunisien contre l\u2019Italie\",\"datePublished\":\"2025-04-30T11:27:25+00:00\",\"dateModified\":\"2025-04-30T11:33:35+00:00\",\"mainEntityOfPage\":{\"@id\":\"https:\/\/kapitalis.com\/tunisie\/2025\/04\/30\/la-cedh-rejette-le-recours-dun-tunisien-contre-litalie\/\"},\"wordCount\":174,\"commentCount\":2,\"publisher\":{\"@id\":\"https:\/\/kapitalis.com\/tunisie\/#organization\"},\"image\":{\"@id\":\"https:\/\/kapitalis.com\/tunisie\/2025\/04\/30\/la-cedh-rejette-le-recours-dun-tunisien-contre-litalie\/#primaryimage\"},\"thumbnailUrl\":\"https:\/\/kapitalis.com\/tunisie\/wp-content\/uploads\/2025\/04\/CEDH.jpg\",\"keywords\":[\"CEDH\",\"droits de l\u2019Homme\",\"Italie\",\"Tunisie\"],\"articleSection\":[\"SOCIETE\",\"Tunisie\"],\"inLanguage\":\"fr-FR\",\"potentialAction\":[{\"@type\":\"CommentAction\",\"name\":\"Comment\",\"target\":[\"https:\/\/kapitalis.com\/tunisie\/2025\/04\/30\/la-cedh-rejette-le-recours-dun-tunisien-contre-litalie\/#respond\"]}]},{\"@type\":\"WebPage\",\"@id\":\"https:\/\/kapitalis.com\/tunisie\/2025\/04\/30\/la-cedh-rejette-le-recours-dun-tunisien-contre-litalie\/\",\"url\":\"https:\/\/kapitalis.com\/tunisie\/2025\/04\/30\/la-cedh-rejette-le-recours-dun-tunisien-contre-litalie\/\",\"name\":\"La CEDH rejette le recours d\u2019un Tunisien contre l\u2019Italie - Kapitalis\",\"isPartOf\":{\"@id\":\"https:\/\/kapitalis.com\/tunisie\/#website\"},\"primaryImageOfPage\":{\"@id\":\"https:\/\/kapitalis.com\/tunisie\/2025\/04\/30\/la-cedh-rejette-le-recours-dun-tunisien-contre-litalie\/#primaryimage\"},\"image\":{\"@id\":\"https:\/\/kapitalis.com\/tunisie\/2025\/04\/30\/la-cedh-rejette-le-recours-dun-tunisien-contre-litalie\/#primaryimage\"},\"thumbnailUrl\":\"https:\/\/kapitalis.com\/tunisie\/wp-content\/uploads\/2025\/04\/CEDH.jpg\",\"datePublished\":\"2025-04-30T11:27:25+00:00\",\"dateModified\":\"2025-04-30T11:33:35+00:00\",\"breadcrumb\":{\"@id\":\"https:\/\/kapitalis.com\/tunisie\/2025\/04\/30\/la-cedh-rejette-le-recours-dun-tunisien-contre-litalie\/#breadcrumb\"},\"inLanguage\":\"fr-FR\",\"potentialAction\":[{\"@type\":\"ReadAction\",\"target\":[\"https:\/\/kapitalis.com\/tunisie\/2025\/04\/30\/la-cedh-rejette-le-recours-dun-tunisien-contre-litalie\/\"]}]},{\"@type\":\"ImageObject\",\"inLanguage\":\"fr-FR\",\"@id\":\"https:\/\/kapitalis.com\/tunisie\/2025\/04\/30\/la-cedh-rejette-le-recours-dun-tunisien-contre-litalie\/#primaryimage\",\"url\":\"https:\/\/kapitalis.com\/tunisie\/wp-content\/uploads\/2025\/04\/CEDH.jpg\",\"contentUrl\":\"https:\/\/kapitalis.com\/tunisie\/wp-content\/uploads\/2025\/04\/CEDH.jpg\",\"width\":1200,\"height\":630},{\"@type\":\"BreadcrumbList\",\"@id\":\"https:\/\/kapitalis.com\/tunisie\/2025\/04\/30\/la-cedh-rejette-le-recours-dun-tunisien-contre-litalie\/#breadcrumb\",\"itemListElement\":[{\"@type\":\"ListItem\",\"position\":1,\"name\":\"Accueil\",\"item\":\"https:\/\/kapitalis.com\/tunisie\/\"},{\"@type\":\"ListItem\",\"position\":2,\"name\":\"La CEDH rejette le recours d\u2019un Tunisien contre l\u2019Italie\"}]},{\"@type\":\"WebSite\",\"@id\":\"https:\/\/kapitalis.com\/tunisie\/#website\",\"url\":\"https:\/\/kapitalis.com\/tunisie\/\",\"name\":\"Kapitalis\",\"description\":\"L&#039;actualit\u00e9 en Tunisie et dans le monde\",\"publisher\":{\"@id\":\"https:\/\/kapitalis.com\/tunisie\/#organization\"},\"potentialAction\":[{\"@type\":\"SearchAction\",\"target\":{\"@type\":\"EntryPoint\",\"urlTemplate\":\"https:\/\/kapitalis.com\/tunisie\/?s={search_term_string}\"},\"query-input\":{\"@type\":\"PropertyValueSpecification\",\"valueRequired\":true,\"valueName\":\"search_term_string\"}}],\"inLanguage\":\"fr-FR\"},{\"@type\":\"Organization\",\"@id\":\"https:\/\/kapitalis.com\/tunisie\/#organization\",\"name\":\"Kapitalis\",\"url\":\"https:\/\/kapitalis.com\/tunisie\/\",\"logo\":{\"@type\":\"ImageObject\",\"inLanguage\":\"fr-FR\",\"@id\":\"https:\/\/kapitalis.com\/tunisie\/#\/schema\/logo\/image\/\",\"url\":\"https:\/\/kapitalis.com\/tunisie\/wp-content\/uploads\/2022\/05\/Kapitalis-big-size.png\",\"contentUrl\":\"https:\/\/kapitalis.com\/tunisie\/wp-content\/uploads\/2022\/05\/Kapitalis-big-size.png\",\"width\":5000,\"height\":1500,\"caption\":\"Kapitalis\"},\"image\":{\"@id\":\"https:\/\/kapitalis.com\/tunisie\/#\/schema\/logo\/image\/\"},\"sameAs\":[\"https:\/\/www.facebook.com\/KapitalisInfo\/\",\"https:\/\/x.com\/KapitalisInfo\",\"https:\/\/www.youtube.com\/channel\/UC-yDYrHyfFBWWZaOw3FPg9Q\"]},{\"@type\":\"Person\",\"@id\":\"https:\/\/kapitalis.com\/tunisie\/#\/schema\/person\/d71f33a9ca44f7bad4698210b480c8e9\",\"name\":\"webmaster kapitalis\",\"url\":\"https:\/\/kapitalis.com\/tunisie\/author\/webmaster-kapitalis\/\"}]}<\/script>\n<!-- \/ Yoast SEO plugin. -->","yoast_head_json":{"title":"La CEDH rejette le recours d\u2019un Tunisien contre l\u2019Italie - Kapitalis","robots":{"index":"index","follow":"follow","max-snippet":"max-snippet:-1","max-image-preview":"max-image-preview:large","max-video-preview":"max-video-preview:-1"},"canonical":"https:\/\/kapitalis.com\/tunisie\/2025\/04\/30\/la-cedh-rejette-le-recours-dun-tunisien-contre-litalie\/","og_locale":"fr_FR","og_type":"article","og_title":"La CEDH rejette le recours d\u2019un Tunisien contre l\u2019Italie - Kapitalis","og_description":"La CEDH a d\u00e9finitivement rejet\u00e9 le recours contre l\u2019Italie d\u2019un homme d\u2019origine tunisienne.","og_url":"https:\/\/kapitalis.com\/tunisie\/2025\/04\/30\/la-cedh-rejette-le-recours-dun-tunisien-contre-litalie\/","og_site_name":"Kapitalis","article_publisher":"https:\/\/www.facebook.com\/KapitalisInfo\/","article_published_time":"2025-04-30T11:27:25+00:00","article_modified_time":"2025-04-30T11:33:35+00:00","og_image":[{"width":1200,"height":630,"url":"https:\/\/kapitalis.com\/tunisie\/wp-content\/uploads\/2025\/04\/CEDH.jpg","type":"image\/jpeg"}],"author":"webmaster kapitalis","twitter_card":"summary_large_image","twitter_creator":"@KapitalisInfo","twitter_site":"@KapitalisInfo","twitter_misc":{"\u00c9crit par":"webmaster kapitalis","Dur\u00e9e de lecture estim\u00e9e":"1 minute"},"schema":{"@context":"https:\/\/schema.org","@graph":[{"@type":"Article","@id":"https:\/\/kapitalis.com\/tunisie\/2025\/04\/30\/la-cedh-rejette-le-recours-dun-tunisien-contre-litalie\/#article","isPartOf":{"@id":"https:\/\/kapitalis.com\/tunisie\/2025\/04\/30\/la-cedh-rejette-le-recours-dun-tunisien-contre-litalie\/"},"author":{"name":"webmaster kapitalis","@id":"https:\/\/kapitalis.com\/tunisie\/#\/schema\/person\/d71f33a9ca44f7bad4698210b480c8e9"},"headline":"La CEDH rejette le recours d\u2019un Tunisien contre l\u2019Italie","datePublished":"2025-04-30T11:27:25+00:00","dateModified":"2025-04-30T11:33:35+00:00","mainEntityOfPage":{"@id":"https:\/\/kapitalis.com\/tunisie\/2025\/04\/30\/la-cedh-rejette-le-recours-dun-tunisien-contre-litalie\/"},"wordCount":174,"commentCount":2,"publisher":{"@id":"https:\/\/kapitalis.com\/tunisie\/#organization"},"image":{"@id":"https:\/\/kapitalis.com\/tunisie\/2025\/04\/30\/la-cedh-rejette-le-recours-dun-tunisien-contre-litalie\/#primaryimage"},"thumbnailUrl":"https:\/\/kapitalis.com\/tunisie\/wp-content\/uploads\/2025\/04\/CEDH.jpg","keywords":["CEDH","droits de l\u2019Homme","Italie","Tunisie"],"articleSection":["SOCIETE","Tunisie"],"inLanguage":"fr-FR","potentialAction":[{"@type":"CommentAction","name":"Comment","target":["https:\/\/kapitalis.com\/tunisie\/2025\/04\/30\/la-cedh-rejette-le-recours-dun-tunisien-contre-litalie\/#respond"]}]},{"@type":"WebPage","@id":"https:\/\/kapitalis.com\/tunisie\/2025\/04\/30\/la-cedh-rejette-le-recours-dun-tunisien-contre-litalie\/","url":"https:\/\/kapitalis.com\/tunisie\/2025\/04\/30\/la-cedh-rejette-le-recours-dun-tunisien-contre-litalie\/","name":"La CEDH rejette le recours d\u2019un Tunisien contre l\u2019Italie - Kapitalis","isPartOf":{"@id":"https:\/\/kapitalis.com\/tunisie\/#website"},"primaryImageOfPage":{"@id":"https:\/\/kapitalis.com\/tunisie\/2025\/04\/30\/la-cedh-rejette-le-recours-dun-tunisien-contre-litalie\/#primaryimage"},"image":{"@id":"https:\/\/kapitalis.com\/tunisie\/2025\/04\/30\/la-cedh-rejette-le-recours-dun-tunisien-contre-litalie\/#primaryimage"},"thumbnailUrl":"https:\/\/kapitalis.com\/tunisie\/wp-content\/uploads\/2025\/04\/CEDH.jpg","datePublished":"2025-04-30T11:27:25+00:00","dateModified":"2025-04-30T11:33:35+00:00","breadcrumb":{"@id":"https:\/\/kapitalis.com\/tunisie\/2025\/04\/30\/la-cedh-rejette-le-recours-dun-tunisien-contre-litalie\/#breadcrumb"},"inLanguage":"fr-FR","potentialAction":[{"@type":"ReadAction","target":["https:\/\/kapitalis.com\/tunisie\/2025\/04\/30\/la-cedh-rejette-le-recours-dun-tunisien-contre-litalie\/"]}]},{"@type":"ImageObject","inLanguage":"fr-FR","@id":"https:\/\/kapitalis.com\/tunisie\/2025\/04\/30\/la-cedh-rejette-le-recours-dun-tunisien-contre-litalie\/#primaryimage","url":"https:\/\/kapitalis.com\/tunisie\/wp-content\/uploads\/2025\/04\/CEDH.jpg","contentUrl":"https:\/\/kapitalis.com\/tunisie\/wp-content\/uploads\/2025\/04\/CEDH.jpg","width":1200,"height":630},{"@type":"BreadcrumbList","@id":"https:\/\/kapitalis.com\/tunisie\/2025\/04\/30\/la-cedh-rejette-le-recours-dun-tunisien-contre-litalie\/#breadcrumb","itemListElement":[{"@type":"ListItem","position":1,"name":"Accueil","item":"https:\/\/kapitalis.com\/tunisie\/"},{"@type":"ListItem","position":2,"name":"La CEDH rejette le recours d\u2019un Tunisien contre l\u2019Italie"}]},{"@type":"WebSite","@id":"https:\/\/kapitalis.com\/tunisie\/#website","url":"https:\/\/kapitalis.com\/tunisie\/","name":"Kapitalis","description":"L&#039;actualit\u00e9 en Tunisie et dans le monde","publisher":{"@id":"https:\/\/kapitalis.com\/tunisie\/#organization"},"potentialAction":[{"@type":"SearchAction","target":{"@type":"EntryPoint","urlTemplate":"https:\/\/kapitalis.com\/tunisie\/?s={search_term_string}"},"query-input":{"@type":"PropertyValueSpecification","valueRequired":true,"valueName":"search_term_string"}}],"inLanguage":"fr-FR"},{"@type":"Organization","@id":"https:\/\/kapitalis.com\/tunisie\/#organization","name":"Kapitalis","url":"https:\/\/kapitalis.com\/tunisie\/","logo":{"@type":"ImageObject","inLanguage":"fr-FR","@id":"https:\/\/kapitalis.com\/tunisie\/#\/schema\/logo\/image\/","url":"https:\/\/kapitalis.com\/tunisie\/wp-content\/uploads\/2022\/05\/Kapitalis-big-size.png","contentUrl":"https:\/\/kapitalis.com\/tunisie\/wp-content\/uploads\/2022\/05\/Kapitalis-big-size.png","width":5000,"height":1500,"caption":"Kapitalis"},"image":{"@id":"https:\/\/kapitalis.com\/tunisie\/#\/schema\/logo\/image\/"},"sameAs":["https:\/\/www.facebook.com\/KapitalisInfo\/","https:\/\/x.com\/KapitalisInfo","https:\/\/www.youtube.com\/channel\/UC-yDYrHyfFBWWZaOw3FPg9Q"]},{"@type":"Person","@id":"https:\/\/kapitalis.com\/tunisie\/#\/schema\/person\/d71f33a9ca44f7bad4698210b480c8e9","name":"webmaster kapitalis","url":"https:\/\/kapitalis.com\/tunisie\/author\/webmaster-kapitalis\/"}]}},"_links":{"self":[{"href":"https:\/\/kapitalis.com\/tunisie\/wp-json\/wp\/v2\/posts\/16358584","targetHints":{"allow":["GET"]}}],"collection":[{"href":"https:\/\/kapitalis.com\/tunisie\/wp-json\/wp\/v2\/posts"}],"about":[{"href":"https:\/\/kapitalis.com\/tunisie\/wp-json\/wp\/v2\/types\/post"}],"author":[{"embeddable":true,"href":"https:\/\/kapitalis.com\/tunisie\/wp-json\/wp\/v2\/users\/8"}],"replies":[{"embeddable":true,"href":"https:\/\/kapitalis.com\/tunisie\/wp-json\/wp\/v2\/comments?post=16358584"}],"version-history":[{"count":2,"href":"https:\/\/kapitalis.com\/tunisie\/wp-json\/wp\/v2\/posts\/16358584\/revisions"}],"predecessor-version":[{"id":16358654,"href":"https:\/\/kapitalis.com\/tunisie\/wp-json\/wp\/v2\/posts\/16358584\/revisions\/16358654"}],"wp:featuredmedia":[{"embeddable":true,"href":"https:\/\/kapitalis.com\/tunisie\/wp-json\/wp\/v2\/media\/16358608"}],"wp:attachment":[{"href":"https:\/\/kapitalis.com\/tunisie\/wp-json\/wp\/v2\/media?parent=16358584"}],"wp:term":[{"taxonomy":"category","embeddable":true,"href":"https:\/\/kapitalis.com\/tunisie\/wp-json\/wp\/v2\/categories?post=16358584"},{"taxonomy":"post_tag","embeddable":true,"href":"https:\/\/kapitalis.com\/tunisie\/wp-json\/wp\/v2\/tags?post=16358584"}],"curies":[{"name":"wp","href":"https:\/\/api.w.org\/{rel}","templated":true}]}}