{"id":163746,"date":"2018-07-08T17:41:46","date_gmt":"2018-07-08T16:41:46","guid":{"rendered":"http:\/\/kapitalis.com\/tunisie\/?p=163746"},"modified":"2018-07-08T17:41:46","modified_gmt":"2018-07-08T16:41:46","slug":"tunisie-nidaa-tounes-ou-lane-de-buridan","status":"publish","type":"post","link":"https:\/\/kapitalis.com\/tunisie\/2018\/07\/08\/tunisie-nidaa-tounes-ou-lane-de-buridan\/","title":{"rendered":"Tunisie : Nidaa Tounes ou l\u2019\u00e2ne de Buridan"},"content":{"rendered":"<p style=\"text-align: center;\"><img loading=\"lazy\" decoding=\"async\" class=\"alignnone size-full wp-image-10136\" src=\"http:\/\/kapitalis.com\/tunisie\/wp-content\/uploads\/2015\/08\/Nidaa-Tounes-Bureau-politique2.jpg\" alt=\"\" width=\"626\" height=\"380\" \/><\/p>\n<p style=\"text-align: center;\"><em>Bureau politique de Nidaa Tounes en 2015 : Qu&rsquo;en reste-t-il aujourd&rsquo;hui ?<\/em><\/p>\n<p><em><strong>Apr\u00e8s la d\u00e9route annonc\u00e9e de Nidaa Tounes, les islamistes et apparent\u00e9s s\u2019exhibent effront\u00e9ment dans la photo souvenir avec la nouvelle Maire de Tunis. Toutes les t\u00eates remarquables de l\u2019\u00e9poque de la Tro\u00efka sont pr\u00e9sentes, comme si le temps s\u2019est arr\u00eat\u00e9, ce qui ne rend pas la r\u00e9alit\u00e9 tunisienne plus acceptable.<\/strong> <\/em><\/p>\n<p>Par <strong>Yassine Essid<\/strong><\/p>\n<p><!--more--><\/p>\n<p><img loading=\"lazy\" decoding=\"async\" class=\"alignnone size-full wp-image-118739 alignleft\" src=\"http:\/\/kapitalis.com\/tunisie\/wp-content\/uploads\/2017\/10\/Yassine-Essid.jpg\" alt=\"\" width=\"200\" height=\"250\" \/>C\u2019est par malheur le sort de tout chroniqueur, attel\u00e9 \u00e0 la consignation scrupuleuse et fid\u00e8le des faits dans l\u2019ordre de leur d\u00e9roulement, d\u2019avoir \u00e0 commenter une pareille d\u00e9liquescence, enregistrant les signes monotones et grotesques de cet affaissement moral g\u00e9n\u00e9ralis\u00e9 de l\u2019univers complexe de l\u2019exercice du pouvoir politique en Tunisie. Il faut pourtant que ces choses soient dites. Mais que l\u2019on songe aux naus\u00e9es, \u00e0 l\u2019accablement de ceux qui en sont, jour apr\u00e8s jour, les t\u00e9moins impuissants.<\/p>\n<p>La grande messe des municipales, en remettant les pendules \u00e0 l\u2019heure, a bien sonn\u00e9 le glas du parti virtuellement au pouvoir, \u00e9branlant profond\u00e9ment ce qui reste du fragile \u00e9difice de ses principes et de ses valeurs. Le fondateur de ce parti, B\u00e9ji Ca\u00efd Essebsi, pourtant \u00e9lu pour chasser les d\u00e9mons de l\u2019islamisme, est devenu l\u2019acolyte ob\u00e9issant des dirigeants d\u2019Ennahdha, de leur chef Rached Ghannouchi.<\/p>\n<h3>Complicit\u00e9 secr\u00e8te entre Ca\u00efd Essebsi et Ghannouchi<\/h3>\n<p>C\u2019est ainsi qu\u2019au nom d\u2019une contestable r\u00e9conciliation nationale, une forme retorse d\u2019oubli est alors mise \u00e0 l\u2019\u0153uvre et qui ne va pas sans une complicit\u00e9 secr\u00e8te entre Ca\u00efd Essebsi et Ghannouchi. Une strat\u00e9gie d\u2019\u00e9vitement motiv\u00e9e par une obscure volont\u00e9 de ne pas rappeler le mal commis par les islamistes suivant la technique qui consiste de faire taire le tumulte des d\u00e9chirements pass\u00e9s, des d\u00e9lits commis et l\u2019ampleur des d\u00e9g\u00e2ts occasionn\u00e9s de la Tro\u00efka, l\u2019ancienne coalition conduite par Ennahdha pour ne pas ranimer le cercle infernal de la vengeance.<\/p>\n<p style=\"text-align: center;\"><img loading=\"lazy\" decoding=\"async\" class=\"alignnone wp-image-157709\" src=\"http:\/\/kapitalis.com\/tunisie\/wp-content\/uploads\/2018\/06\/Beji-Ca\u00efd-Essebsi-Rached-Ghannouchi.jpg\" alt=\"\" width=\"500\" height=\"304\" \/><\/p>\n<p style=\"text-align: center;\"><em>Ca\u00efd Essebsi-Ghannouchi : Une coalition contre nature qui profite largement aux islamistes.\u00a0<\/em><\/p>\n<p>Au nom de la refondation d\u2019un gouvernons-ensemble et de la concorde civile, l\u2019oubli d\u00e9lib\u00e9r\u00e9 a servi d\u2019alibi facile \u00e0 B\u00e9ji Ca\u00efd Essebsi et, par suite, \u00e0 Nidaa Tounes, qui ont pu ainsi se d\u00e9douaner de leur part de responsabilit\u00e9 dans ce qui ne peut s\u2019apparenter qu\u2019\u00e0 une occultation d\u00e9lib\u00e9r\u00e9e du pass\u00e9.<\/p>\n<p>En tous les cas, cette instrumentalisation de l\u2019oubli semble pour le moment profiter largement \u00e0 Ennahdha qui, non seulement pratique le d\u00e9ni de la r\u00e9alit\u00e9 pass\u00e9e, mais s\u2019applique paradoxalement \u00e0 revendiquer son appartenance \u00e0 la d\u00e9mocratie (fa\u00e7on Erdogan) et aux droits politiques et civils constitutifs de la libert\u00e9 humaine. Autant d\u2019anti-m\u00e9moires qui, le moment venu, lui serviront \u00e0 \u00e9vacuer des esprits des pans entiers de leur inalt\u00e9rable doctrine r\u00e9gressive et obscurantiste.<\/p>\n<p>Par exc\u00e8s de confiance ou parce qu\u2019il est arriv\u00e9 \u00e0 saturation, le chef de l\u2019Etat ressemble de plus en plus \u00e0 l\u2019\u00e2ne de Buridan, sollicit\u00e9 avec la m\u00eame force de tous les c\u00f4t\u00e9s \u00e0 la fois et qui ne sait quel parti prendre. Celui de son fils ou celui des d\u00e9tracteurs de ce dernier? Celui du Front populaire avec son dogmatisme et son \u00e9troitesse id\u00e9ologique? Celui des islamistes pr\u00e8s desquels il s\u2019est acoquin\u00e9 au point de leur c\u00e9der les portefeuilles les plus strat\u00e9giques? Ou bien celui de l\u2019Union g\u00e9n\u00e9rale tunisienne du travail (UGTT), dont il fit un interlocuteur au pouvoir d\u00e9mesur\u00e9 ?<\/p>\n<p>Le pire c\u2019est qu\u2019il croit encore en ses capacit\u00e9s d\u2019habile n\u00e9gociateur, se gargarise de sa gestion consensuelle du pouvoir alors m\u00eame que le pays s\u2019enfonce dans la crise et que le parti qu\u2019il repr\u00e9sente prend l\u2019eau de toute part. Le fiasco des municipales \u00e9tale \u00e0 nouveau l\u2019ampleur des d\u00e9g\u00e2ts.<\/p>\n<p style=\"text-align: center;\"><img loading=\"lazy\" decoding=\"async\" class=\"alignnone wp-image-85829\" src=\"http:\/\/kapitalis.com\/tunisie\/wp-content\/uploads\/2017\/03\/Hafedh-et-Beji-Ca\u00efd-Essebsi.jpg\" alt=\"\" width=\"500\" height=\"304\" \/><\/p>\n<p style=\"text-align: center;\"><em>B\u00e9ji n&rsquo;a pu contrecarrer les desseins d\u2019un fils surdou\u00e9 de la combine : Hafedh.<\/em><\/p>\n<p>Nullement afflig\u00e9 par les inadmissibles ing\u00e9rences de son fils dans les affaires du parti jusqu\u2019\u00e0 s\u2019en rendre ma\u00eetre, le fondateur de Nidaa Tounes assiste, impassible, ne se laissant \u00e9mouvoir par aucune intervention \u00e9trang\u00e8re ni protestation ext\u00e9rieure, \u00e0 l\u2019inexorable r\u00e9trogradation d\u2019un mouvement qui n\u2019arr\u00eata pas d\u2019\u00eatre rong\u00e9 par la d\u00e9sertion de ses militants, \u00e9claircissant ses rangs.<\/p>\n<h3>Implosion d\u2019un mouvement \u00e0 vocation de parti unique<\/h3>\n<p>Mais le fait ne date pas d\u2019aujourd\u2019hui, et certaines personnes qui s\u2019\u00e9taient hiss\u00e9es aux plus hautes responsabilit\u00e9s apr\u00e8s la victoire de leur gourou, avaient pourtant fini par se sentir bien \u00e0 l\u2019\u00e9troit dans leur propre personne et dans leur fonction. C\u2019est alors que, par ambition d\u00e9mesur\u00e9e ou par calcul honteux, Mohsen Marzouk et Ridha Belhaj tent\u00e8rent l\u2019un apr\u00e8s l\u2019autre de s\u2019emparer des rouages d\u2019un mouvement \u00e0 vocation d\u2019un parti unique qui avait la pr\u00e9tention d\u2019encadrer la majorit\u00e9 du peuple et de le modeler par les exigences de la lutte contre le p\u00e9ril islamiste.<\/p>\n<p>Bien plus habile en subterfuges que Belhaj, Marzouk savait que la politique est avant tout affaire de mots plut\u00f4t que d\u2019actes. Les vocables de d\u00e9mocratie, multipartisme, droits de l\u2019homme, transparence, libert\u00e9 d\u2019expression, direction coll\u00e9giale, exclusion de tout accord douteux, composent son bagou et r\u00e9sonnent tels des boniments dans ses innombrables interventions m\u00e9diatiques en rupture, pense-t-il, avec les travestissements terminologiques et le vocabulaire falsifi\u00e9 des dirigeants de Nidaa Tounes. En occupant et en structurant habilement l\u2019espace, dessinant les contours d\u2019une autre r\u00e9alit\u00e9, Marzouk r\u00e9ussit \u00e0 construire un nouveau lexique de la pens\u00e9e et de l\u2019action politique. Mais l\u2019invincible valeureux que rien n\u2019arr\u00eate, ayant bien du mal \u00e0 bouleverser le vocabulaire contingent\u00e9 des pouvoirs \u00e9tablis, tomba aussit\u00f4t dans les travers de ces leaders du Tiers-monde peu enclins \u00e0 lib\u00e9rer la parole de leurs fid\u00e8les partisans ni admettre que leurs propos soient contest\u00e9s.<\/p>\n<p style=\"text-align: center;\"><img loading=\"lazy\" decoding=\"async\" class=\"alignnone wp-image-24143 size-full\" src=\"http:\/\/kapitalis.com\/tunisie\/wp-content\/uploads\/2015\/11\/Ridha-Belhaj-Mohsen-Marzouk-Hafedh-Cai\u0308d-Essebsi.jpg\" alt=\"\" width=\"500\" height=\"500\" \/><\/p>\n<p style=\"text-align: center;\"><em>Les trois ambitieux qui ont d\u00e9truit Nidaa: Ridha Belhaj, Mohsen Marzouk et Hafedh Ca\u00efd Essebsi.\u00a0\u00a0<\/em><\/p>\n<h3>Les desseins d\u2019un fils surdou\u00e9 de la combine<\/h3>\n<p>Victimes de ces illusions g\u00e9n\u00e9ratrices de faux jugements, Marzouk et Belhaj virent leur dynamique de migration, du palais de Carthage au si\u00e8ge du parti, contrecarr\u00e9e par les desseins d\u2019un fils surdou\u00e9 de la combine: Hafedh Ca\u00efd Essebsi. Ils entr\u00e8rent par la suite en dissidence, partirent tenter leur chance ailleurs en lan\u00e7ant, chacun de son c\u00f4t\u00e9, les mouvements qui leur paraissaient les seuls compatibles avec l\u2019id\u00e9al de d\u00e9mocratie dont ils avaient acquis le jargon simplissime.<\/p>\n<p>Pour Marzouk, ancien secr\u00e9taire g\u00e9n\u00e9ral de Nidaa Tounes, ce fut le parti Machrou Tounes (Projet de la Tunisie). L\u2019ex-conseiller sp\u00e9cial de BCE a en effet longtemps cru, et nous faisant croire en fulminant dans le d\u00e9sert, qu\u2019il a toujours sous sa coupe une vieille garde de d\u00e9put\u00e9s grognards de Nidaa Tounes qu\u2019il finira bien par aspirer dans leur totalit\u00e9. Il se vit d\u00e9j\u00e0 en leader qui a vocation \u00e0 la personnalit\u00e9 \u00e9tatique, li\u00e9 pour toujours \u00e0 l\u2019histoire du pays.<\/p>\n<p>Cette m\u00eame vocation qui suscita chez Bourguiba l\u2019\u0153uvre d\u2019\u00e9mancipation nationale animera d\u00e9sormais celui qui croyait poss\u00e9der ce don d\u2019entra\u00eener la masse derri\u00e8re lui. Mais cette douce fantasmagorie de r\u00e9alit\u00e9 id\u00e9ale lui \u00e9tait en fait rigoureusement personnelle.<\/p>\n<p>Quant \u00e0 Ridha Belhaj, ex-directeur du cabinet pr\u00e9sidentiel et ancien pr\u00e9sident du comit\u00e9 politique de Nidaa Tounes, sa rupture se traduisit par le lancement d\u2019un nouveau parti Tounes Awalan (La Tunisie d\u2019abord), appellation absconse, interm\u00e9diaire entre le r\u00e9el et l\u2019abstrait, qui n\u2019a rien de doctrinal et qui s\u2019av\u00e9ra peu attractive.<\/p>\n<p>Aujourd\u2019hui, le p\u00e9nitent d\u2019hier, pleurant ses p\u00e9ch\u00e9s, s\u2019en est all\u00e9 plein de contrition, se frappant la poitrine \u00e0 grands coups de poing, manifester son repentir \u00e0 B\u00e9ji Ca\u00efd Essebsi en nourrissant l\u2019ambition contrari\u00e9e mais tenace de se faire r\u00e9embaucher par son seigneur et ma\u00eetre.<\/p>\n<h3>Des personnages rou\u00e9s inspirant la d\u00e9fiance<\/h3>\n<p>Enfin, dans la m\u00eal\u00e9e des sous-chefs de Nidaa Tounes, existe un personnage bien plus pittoresque qui n\u2019arr\u00eate pas de jouer les apprentis caciques : N\u00e9ji Jalloul. Encore plus versatile \u00e0 force de revirements, il ne sait plus sur quelle jambe se tenir et vers quel horizon se tourner. Suffisamment dou\u00e9 et polymorphe, il passa avec une aisance d\u00e9concertante de l\u2019art de former les futures g\u00e9n\u00e9rations \u00e0 la science de la prospective, m\u00eame si les savantes \u00e9tudes, de pures redondances, publi\u00e9es jusque-l\u00e0, ne servaient qu\u2019\u00e0 lui offrir l\u2019occasion de faire parler de lui.<\/p>\n<p>D\u2019ailleurs, de Chine, d\u2019o\u00f9 il se voit en nouveau Marco Polo capable de reconstituer la Route de la Soie, il nous a fait part d\u2019une imparable potion magique destin\u00e9e \u00e0 r\u00e9aliser une sortie de crise. Une formule de pure strat\u00e9gie et non de cartomancie qu\u2019il r\u00e9v\u00e9lera d\u00e8s son retour de l\u2019Empire du Milieu. Je dois avouer que la sottise monotone de chacune de ses id\u00e9es \u00e9mousse ma curiosit\u00e9 quant \u00e0 l\u2019\u00e9pilogue. Ce qui est certain cependant, c\u2019est que la moindre hypoth\u00e8se formul\u00e9e par ces petits dictateurs d\u00e9passera en bassesse et en grotesque tout ce que nous avions entrevu dans nos imaginations les plus d\u00e9vergond\u00e9es.<\/p>\n<p>Bref, le parcours de ces hommes aigris, qui ont fr\u00e9quent\u00e9 les cercles du pouvoir lorsque les hautes fonctions \u00e9taient \u00e0 prendre et qu\u2019il suffisait seulement de se baisser pour les ramasser, a quelque chose de repoussant, celui des personnages rou\u00e9s \u00e0 l\u2019\u00e9gard desquels on n\u2019\u00e9prouve que de la d\u00e9fiance.<\/p>\n<p>\u00c0 la faveur du multipartisme, nombre d\u2019individus ont jug\u00e9 bon de cr\u00e9er leurs propres partis politiques avec un programme \u00e9conomique voire un mod\u00e8le de soci\u00e9t\u00e9 pour s\u2019allier au pouvoir en place ou pour revendiquer la qualit\u00e9 d\u2019opposant. Pourtant, un bon nombre d\u2019entre eux ainsi que leurs militants, tiendraient ais\u00e9ment dans une cabine t\u00e9l\u00e9phonique. Cependant, priv\u00e9s d\u2019identit\u00e9 individuelle ou collective, ne disposant pas de traces d\u2019un pass\u00e9 commun qui persiste dans le temps pr\u00e9sent cens\u00e9 rassembler des membres d\u2019un groupe autour d\u2019une histoire commune, leurs adh\u00e9rents finissent par prendre le large, exc\u00e9d\u00e9s par le hiatus entre les arrogantes et grin\u00e7antes tirades de leurs dirigeants et leur traduction dans les faits.<\/p>\n<p>Qui oserait encore accorder un sou de cr\u00e9dits \u00e0 ces paillasses, pr\u00e9tendre encore qu\u2019on peut derri\u00e8re ces egos surdimensionn\u00e9s marcher \u00e0 une victoire? C\u2019est ainsi que les transfuges se font chaque jour plus nombreux, et que les partis s\u2019effilochent et connaissent les d\u00e9missions en s\u00e9rie. Rien ne peut \u00eatre plus funeste, dans une organisation politique que ces agit\u00e9s qui s\u2019imaginent, de la meilleure foi du monde, avoir fait m\u00e9tier de leaders \u00e9clair\u00e9s quand ils commandent des subalternes qui ne connaissent ni les tenants ni les aboutissants de leur mission.<\/p>\n<p>Aujourd\u2019hui, cherchant \u00e0 effacer le pass\u00e9, \u00e0 surmonter leurs contradictions et leurs divergences, car incapables de percer seuls, plusieurs micro-partis aspirent \u00e0 un regroupement plus ou moins r\u00e9el, un quelconque rassemblement con\u00e7u au d\u00e9triment du parti principal et qui les sortirait de l\u2019anonymat. L\u2019unit\u00e9 \u00e9tant l\u2019unique condition de succ\u00e8s dans l\u2019\u00e9preuve qui s\u2019engage. Or ces vell\u00e9it\u00e9s d\u2019\u00e9mancipation ont \u00e9t\u00e9 jusqu\u2019ici peu concluantes car ne d\u00e9bouchant sur aucune strat\u00e9gie susceptible de se transformer en combat politique cr\u00e9dible contre les islamistes ou autres. Ne demeure que le souvenir d\u2019une rupture tranch\u00e9e avec une encombrante tutelle en d\u00e9route qui ne saurait \u00e0 elle seule constituer une politique.<\/p>\n<p>C\u2019est ainsi que, progressivement, le ciel politique a fini par ressembler \u00e0 une immense constellation o\u00f9 chaque astre se meut dans son orbite sans troubler les mouvements des astres voisins. Et dans cette galaxie, le soleil ne bouge pas, c\u2019est la terre qui tourne sur elle-m\u00eame.<\/p>\n<p>Aujourd\u2019hui les islamistes et ceux qui gravitent dans leur mouvance, s\u2019exhibent effront\u00e9ment dans la photo souvenir avec la nouvelle Maire de Tunis. Toutes les t\u00eates remarquables de l\u2019\u00e9poque de la Tro\u00efka sont pr\u00e9sentes, comme si le temps s\u2019est arr\u00eat\u00e9, ce qui ne rend la r\u00e9alit\u00e9 ni plus apaisante ni plus acceptable.<\/p>\n<p><em><strong>Articles du m\u00eame auteur dans Kapitalis :\u00a0<\/strong><\/em><\/p>\n<blockquote class=\"wp-embedded-content\" data-secret=\"s4qK4SIlce\"><p><a href=\"https:\/\/kapitalis.com\/tunisie\/2017\/06\/18\/nidaa-une-mafia-au-service-dun-parti-unique-ennahdha\/\">Nidaa : Une mafia au service d\u2019un parti unique, Ennahdha<\/a><\/p><\/blockquote>\n<p><iframe loading=\"lazy\" class=\"wp-embedded-content\" sandbox=\"allow-scripts\" security=\"restricted\" style=\"position: absolute; clip: rect(1px, 1px, 1px, 1px);\" title=\"\u00ab\u00a0Nidaa : Une mafia au service d\u2019un parti unique, Ennahdha\u00a0\u00bb &#8212; Kapitalis\" src=\"https:\/\/kapitalis.com\/tunisie\/2017\/06\/18\/nidaa-une-mafia-au-service-dun-parti-unique-ennahdha\/embed\/#?secret=SECmzmkxEn#?secret=s4qK4SIlce\" data-secret=\"s4qK4SIlce\" width=\"600\" height=\"338\" frameborder=\"0\" marginwidth=\"0\" marginheight=\"0\" scrolling=\"no\"><\/iframe><\/p>\n<blockquote class=\"wp-embedded-content\" data-secret=\"0G4znOuzFB\"><p><a href=\"https:\/\/kapitalis.com\/tunisie\/2016\/01\/16\/nidaa-tounes-dans-limpasse-ou-lheritage-de-la-discorde\/\">Nidaa Tounes dans l\u2019impasse ou l\u2019h\u00e9ritage de la discorde<\/a><\/p><\/blockquote>\n<p><iframe loading=\"lazy\" class=\"wp-embedded-content\" sandbox=\"allow-scripts\" security=\"restricted\" style=\"position: absolute; clip: rect(1px, 1px, 1px, 1px);\" title=\"\u00ab\u00a0Nidaa Tounes dans l\u2019impasse ou l\u2019h\u00e9ritage de la discorde\u00a0\u00bb &#8212; Kapitalis\" src=\"https:\/\/kapitalis.com\/tunisie\/2016\/01\/16\/nidaa-tounes-dans-limpasse-ou-lheritage-de-la-discorde\/embed\/#?secret=IQpeMQqSe0#?secret=0G4znOuzFB\" data-secret=\"0G4znOuzFB\" width=\"600\" height=\"338\" frameborder=\"0\" marginwidth=\"0\" marginheight=\"0\" scrolling=\"no\"><\/iframe><\/p>\n","protected":false},"excerpt":{"rendered":"<p>Bureau politique de Nidaa Tounes en 2015 : Qu&rsquo;en reste-t-il aujourd&rsquo;hui ? Apr\u00e8s la d\u00e9route annonc\u00e9e de Nidaa Tounes, les islamistes et apparent\u00e9s s\u2019exhibent effront\u00e9ment dans la photo souvenir avec la nouvelle Maire de Tunis. Toutes les t\u00eates remarquables de l\u2019\u00e9poque de la Tro\u00efka sont pr\u00e9sentes, comme si le temps s\u2019est arr\u00eat\u00e9, ce qui ne&#8230;<\/p>\n","protected":false},"author":8,"featured_media":0,"comment_status":"open","ping_status":"open","sticky":false,"template":"","format":"standard","meta":{"footnotes":""},"categories":[992,997,2433],"tags":[1108,630,2007],"class_list":["post-163746","post","type-post","status-publish","format-standard","hentry","category-a-la-une","category-politique","category-tunisie","tag-beji-caid-essebsi","tag-mohsen-marzouk","tag-ridha-belhaj"],"yoast_head":"<!-- This site is optimized with the Yoast SEO plugin v26.6 - https:\/\/yoast.com\/wordpress\/plugins\/seo\/ -->\n<title>Tunisie : Nidaa Tounes ou l\u2019\u00e2ne de Buridan - Kapitalis<\/title>\n<meta name=\"robots\" content=\"index, follow, max-snippet:-1, max-image-preview:large, max-video-preview:-1\" \/>\n<link rel=\"canonical\" href=\"https:\/\/kapitalis.com\/tunisie\/2018\/07\/08\/tunisie-nidaa-tounes-ou-lane-de-buridan\/\" \/>\n<meta property=\"og:locale\" content=\"fr_FR\" \/>\n<meta property=\"og:type\" content=\"article\" \/>\n<meta property=\"og:title\" content=\"Tunisie : Nidaa Tounes ou l\u2019\u00e2ne de Buridan - Kapitalis\" \/>\n<meta property=\"og:description\" content=\"Bureau politique de Nidaa Tounes en 2015 : Qu&rsquo;en reste-t-il aujourd&rsquo;hui ? Apr\u00e8s la d\u00e9route annonc\u00e9e de Nidaa Tounes, les islamistes et apparent\u00e9s s\u2019exhibent effront\u00e9ment dans la photo souvenir avec la nouvelle Maire de Tunis. Toutes les t\u00eates remarquables de l\u2019\u00e9poque de la Tro\u00efka sont pr\u00e9sentes, comme si le temps s\u2019est arr\u00eat\u00e9, ce qui ne...\" \/>\n<meta property=\"og:url\" content=\"https:\/\/kapitalis.com\/tunisie\/2018\/07\/08\/tunisie-nidaa-tounes-ou-lane-de-buridan\/\" \/>\n<meta property=\"og:site_name\" content=\"Kapitalis\" \/>\n<meta property=\"article:publisher\" content=\"https:\/\/www.facebook.com\/KapitalisInfo\/\" \/>\n<meta property=\"article:published_time\" content=\"2018-07-08T16:41:46+00:00\" \/>\n<meta property=\"og:image\" content=\"http:\/\/kapitalis.com\/tunisie\/wp-content\/uploads\/2015\/08\/Nidaa-Tounes-Bureau-politique2.jpg\" \/>\n<meta name=\"author\" content=\"webmaster kapitalis\" \/>\n<meta name=\"twitter:card\" content=\"summary_large_image\" \/>\n<meta name=\"twitter:creator\" content=\"@KapitalisInfo\" \/>\n<meta name=\"twitter:site\" content=\"@KapitalisInfo\" \/>\n<meta name=\"twitter:label1\" content=\"\u00c9crit par\" \/>\n\t<meta name=\"twitter:data1\" content=\"webmaster kapitalis\" \/>\n\t<meta name=\"twitter:label2\" content=\"Dur\u00e9e de lecture estim\u00e9e\" \/>\n\t<meta name=\"twitter:data2\" content=\"11 minutes\" \/>\n<script type=\"application\/ld+json\" class=\"yoast-schema-graph\">{\"@context\":\"https:\/\/schema.org\",\"@graph\":[{\"@type\":\"Article\",\"@id\":\"https:\/\/kapitalis.com\/tunisie\/2018\/07\/08\/tunisie-nidaa-tounes-ou-lane-de-buridan\/#article\",\"isPartOf\":{\"@id\":\"https:\/\/kapitalis.com\/tunisie\/2018\/07\/08\/tunisie-nidaa-tounes-ou-lane-de-buridan\/\"},\"author\":{\"name\":\"webmaster kapitalis\",\"@id\":\"https:\/\/kapitalis.com\/tunisie\/#\/schema\/person\/d71f33a9ca44f7bad4698210b480c8e9\"},\"headline\":\"Tunisie : Nidaa Tounes ou l\u2019\u00e2ne de Buridan\",\"datePublished\":\"2018-07-08T16:41:46+00:00\",\"mainEntityOfPage\":{\"@id\":\"https:\/\/kapitalis.com\/tunisie\/2018\/07\/08\/tunisie-nidaa-tounes-ou-lane-de-buridan\/\"},\"wordCount\":2161,\"commentCount\":3,\"publisher\":{\"@id\":\"https:\/\/kapitalis.com\/tunisie\/#organization\"},\"image\":{\"@id\":\"https:\/\/kapitalis.com\/tunisie\/2018\/07\/08\/tunisie-nidaa-tounes-ou-lane-de-buridan\/#primaryimage\"},\"thumbnailUrl\":\"http:\/\/kapitalis.com\/tunisie\/wp-content\/uploads\/2015\/08\/Nidaa-Tounes-Bureau-politique2.jpg\",\"keywords\":[\"B\u00e9ji Ca\u00efd Essebsi\",\"Mohsen Marzouk\",\"Ridha Belhaj\"],\"articleSection\":[\"A LA UNE\",\"POLITIQUE\",\"Tunisie\"],\"inLanguage\":\"fr-FR\",\"potentialAction\":[{\"@type\":\"CommentAction\",\"name\":\"Comment\",\"target\":[\"https:\/\/kapitalis.com\/tunisie\/2018\/07\/08\/tunisie-nidaa-tounes-ou-lane-de-buridan\/#respond\"]}]},{\"@type\":\"WebPage\",\"@id\":\"https:\/\/kapitalis.com\/tunisie\/2018\/07\/08\/tunisie-nidaa-tounes-ou-lane-de-buridan\/\",\"url\":\"https:\/\/kapitalis.com\/tunisie\/2018\/07\/08\/tunisie-nidaa-tounes-ou-lane-de-buridan\/\",\"name\":\"Tunisie : Nidaa Tounes ou l\u2019\u00e2ne de Buridan - Kapitalis\",\"isPartOf\":{\"@id\":\"https:\/\/kapitalis.com\/tunisie\/#website\"},\"primaryImageOfPage\":{\"@id\":\"https:\/\/kapitalis.com\/tunisie\/2018\/07\/08\/tunisie-nidaa-tounes-ou-lane-de-buridan\/#primaryimage\"},\"image\":{\"@id\":\"https:\/\/kapitalis.com\/tunisie\/2018\/07\/08\/tunisie-nidaa-tounes-ou-lane-de-buridan\/#primaryimage\"},\"thumbnailUrl\":\"http:\/\/kapitalis.com\/tunisie\/wp-content\/uploads\/2015\/08\/Nidaa-Tounes-Bureau-politique2.jpg\",\"datePublished\":\"2018-07-08T16:41:46+00:00\",\"breadcrumb\":{\"@id\":\"https:\/\/kapitalis.com\/tunisie\/2018\/07\/08\/tunisie-nidaa-tounes-ou-lane-de-buridan\/#breadcrumb\"},\"inLanguage\":\"fr-FR\",\"potentialAction\":[{\"@type\":\"ReadAction\",\"target\":[\"https:\/\/kapitalis.com\/tunisie\/2018\/07\/08\/tunisie-nidaa-tounes-ou-lane-de-buridan\/\"]}]},{\"@type\":\"ImageObject\",\"inLanguage\":\"fr-FR\",\"@id\":\"https:\/\/kapitalis.com\/tunisie\/2018\/07\/08\/tunisie-nidaa-tounes-ou-lane-de-buridan\/#primaryimage\",\"url\":\"http:\/\/kapitalis.com\/tunisie\/wp-content\/uploads\/2015\/08\/Nidaa-Tounes-Bureau-politique2.jpg\",\"contentUrl\":\"http:\/\/kapitalis.com\/tunisie\/wp-content\/uploads\/2015\/08\/Nidaa-Tounes-Bureau-politique2.jpg\"},{\"@type\":\"BreadcrumbList\",\"@id\":\"https:\/\/kapitalis.com\/tunisie\/2018\/07\/08\/tunisie-nidaa-tounes-ou-lane-de-buridan\/#breadcrumb\",\"itemListElement\":[{\"@type\":\"ListItem\",\"position\":1,\"name\":\"Accueil\",\"item\":\"https:\/\/kapitalis.com\/tunisie\/\"},{\"@type\":\"ListItem\",\"position\":2,\"name\":\"Tunisie : Nidaa Tounes ou l\u2019\u00e2ne de Buridan\"}]},{\"@type\":\"WebSite\",\"@id\":\"https:\/\/kapitalis.com\/tunisie\/#website\",\"url\":\"https:\/\/kapitalis.com\/tunisie\/\",\"name\":\"Kapitalis\",\"description\":\"L&#039;actualit\u00e9 en Tunisie et dans le monde\",\"publisher\":{\"@id\":\"https:\/\/kapitalis.com\/tunisie\/#organization\"},\"potentialAction\":[{\"@type\":\"SearchAction\",\"target\":{\"@type\":\"EntryPoint\",\"urlTemplate\":\"https:\/\/kapitalis.com\/tunisie\/?s={search_term_string}\"},\"query-input\":{\"@type\":\"PropertyValueSpecification\",\"valueRequired\":true,\"valueName\":\"search_term_string\"}}],\"inLanguage\":\"fr-FR\"},{\"@type\":\"Organization\",\"@id\":\"https:\/\/kapitalis.com\/tunisie\/#organization\",\"name\":\"Kapitalis\",\"url\":\"https:\/\/kapitalis.com\/tunisie\/\",\"logo\":{\"@type\":\"ImageObject\",\"inLanguage\":\"fr-FR\",\"@id\":\"https:\/\/kapitalis.com\/tunisie\/#\/schema\/logo\/image\/\",\"url\":\"https:\/\/kapitalis.com\/tunisie\/wp-content\/uploads\/2022\/05\/Kapitalis-big-size.png\",\"contentUrl\":\"https:\/\/kapitalis.com\/tunisie\/wp-content\/uploads\/2022\/05\/Kapitalis-big-size.png\",\"width\":5000,\"height\":1500,\"caption\":\"Kapitalis\"},\"image\":{\"@id\":\"https:\/\/kapitalis.com\/tunisie\/#\/schema\/logo\/image\/\"},\"sameAs\":[\"https:\/\/www.facebook.com\/KapitalisInfo\/\",\"https:\/\/x.com\/KapitalisInfo\",\"https:\/\/www.youtube.com\/channel\/UC-yDYrHyfFBWWZaOw3FPg9Q\"]},{\"@type\":\"Person\",\"@id\":\"https:\/\/kapitalis.com\/tunisie\/#\/schema\/person\/d71f33a9ca44f7bad4698210b480c8e9\",\"name\":\"webmaster kapitalis\",\"url\":\"https:\/\/kapitalis.com\/tunisie\/author\/webmaster-kapitalis\/\"}]}<\/script>\n<!-- \/ Yoast SEO plugin. -->","yoast_head_json":{"title":"Tunisie : Nidaa Tounes ou l\u2019\u00e2ne de Buridan - Kapitalis","robots":{"index":"index","follow":"follow","max-snippet":"max-snippet:-1","max-image-preview":"max-image-preview:large","max-video-preview":"max-video-preview:-1"},"canonical":"https:\/\/kapitalis.com\/tunisie\/2018\/07\/08\/tunisie-nidaa-tounes-ou-lane-de-buridan\/","og_locale":"fr_FR","og_type":"article","og_title":"Tunisie : Nidaa Tounes ou l\u2019\u00e2ne de Buridan - Kapitalis","og_description":"Bureau politique de Nidaa Tounes en 2015 : Qu&rsquo;en reste-t-il aujourd&rsquo;hui ? Apr\u00e8s la d\u00e9route annonc\u00e9e de Nidaa Tounes, les islamistes et apparent\u00e9s s\u2019exhibent effront\u00e9ment dans la photo souvenir avec la nouvelle Maire de Tunis. Toutes les t\u00eates remarquables de l\u2019\u00e9poque de la Tro\u00efka sont pr\u00e9sentes, comme si le temps s\u2019est arr\u00eat\u00e9, ce qui ne...","og_url":"https:\/\/kapitalis.com\/tunisie\/2018\/07\/08\/tunisie-nidaa-tounes-ou-lane-de-buridan\/","og_site_name":"Kapitalis","article_publisher":"https:\/\/www.facebook.com\/KapitalisInfo\/","article_published_time":"2018-07-08T16:41:46+00:00","og_image":[{"url":"http:\/\/kapitalis.com\/tunisie\/wp-content\/uploads\/2015\/08\/Nidaa-Tounes-Bureau-politique2.jpg","type":"","width":"","height":""}],"author":"webmaster kapitalis","twitter_card":"summary_large_image","twitter_creator":"@KapitalisInfo","twitter_site":"@KapitalisInfo","twitter_misc":{"\u00c9crit par":"webmaster kapitalis","Dur\u00e9e de lecture estim\u00e9e":"11 minutes"},"schema":{"@context":"https:\/\/schema.org","@graph":[{"@type":"Article","@id":"https:\/\/kapitalis.com\/tunisie\/2018\/07\/08\/tunisie-nidaa-tounes-ou-lane-de-buridan\/#article","isPartOf":{"@id":"https:\/\/kapitalis.com\/tunisie\/2018\/07\/08\/tunisie-nidaa-tounes-ou-lane-de-buridan\/"},"author":{"name":"webmaster kapitalis","@id":"https:\/\/kapitalis.com\/tunisie\/#\/schema\/person\/d71f33a9ca44f7bad4698210b480c8e9"},"headline":"Tunisie : Nidaa Tounes ou l\u2019\u00e2ne de Buridan","datePublished":"2018-07-08T16:41:46+00:00","mainEntityOfPage":{"@id":"https:\/\/kapitalis.com\/tunisie\/2018\/07\/08\/tunisie-nidaa-tounes-ou-lane-de-buridan\/"},"wordCount":2161,"commentCount":3,"publisher":{"@id":"https:\/\/kapitalis.com\/tunisie\/#organization"},"image":{"@id":"https:\/\/kapitalis.com\/tunisie\/2018\/07\/08\/tunisie-nidaa-tounes-ou-lane-de-buridan\/#primaryimage"},"thumbnailUrl":"http:\/\/kapitalis.com\/tunisie\/wp-content\/uploads\/2015\/08\/Nidaa-Tounes-Bureau-politique2.jpg","keywords":["B\u00e9ji Ca\u00efd Essebsi","Mohsen Marzouk","Ridha Belhaj"],"articleSection":["A LA UNE","POLITIQUE","Tunisie"],"inLanguage":"fr-FR","potentialAction":[{"@type":"CommentAction","name":"Comment","target":["https:\/\/kapitalis.com\/tunisie\/2018\/07\/08\/tunisie-nidaa-tounes-ou-lane-de-buridan\/#respond"]}]},{"@type":"WebPage","@id":"https:\/\/kapitalis.com\/tunisie\/2018\/07\/08\/tunisie-nidaa-tounes-ou-lane-de-buridan\/","url":"https:\/\/kapitalis.com\/tunisie\/2018\/07\/08\/tunisie-nidaa-tounes-ou-lane-de-buridan\/","name":"Tunisie : Nidaa Tounes ou l\u2019\u00e2ne de Buridan - Kapitalis","isPartOf":{"@id":"https:\/\/kapitalis.com\/tunisie\/#website"},"primaryImageOfPage":{"@id":"https:\/\/kapitalis.com\/tunisie\/2018\/07\/08\/tunisie-nidaa-tounes-ou-lane-de-buridan\/#primaryimage"},"image":{"@id":"https:\/\/kapitalis.com\/tunisie\/2018\/07\/08\/tunisie-nidaa-tounes-ou-lane-de-buridan\/#primaryimage"},"thumbnailUrl":"http:\/\/kapitalis.com\/tunisie\/wp-content\/uploads\/2015\/08\/Nidaa-Tounes-Bureau-politique2.jpg","datePublished":"2018-07-08T16:41:46+00:00","breadcrumb":{"@id":"https:\/\/kapitalis.com\/tunisie\/2018\/07\/08\/tunisie-nidaa-tounes-ou-lane-de-buridan\/#breadcrumb"},"inLanguage":"fr-FR","potentialAction":[{"@type":"ReadAction","target":["https:\/\/kapitalis.com\/tunisie\/2018\/07\/08\/tunisie-nidaa-tounes-ou-lane-de-buridan\/"]}]},{"@type":"ImageObject","inLanguage":"fr-FR","@id":"https:\/\/kapitalis.com\/tunisie\/2018\/07\/08\/tunisie-nidaa-tounes-ou-lane-de-buridan\/#primaryimage","url":"http:\/\/kapitalis.com\/tunisie\/wp-content\/uploads\/2015\/08\/Nidaa-Tounes-Bureau-politique2.jpg","contentUrl":"http:\/\/kapitalis.com\/tunisie\/wp-content\/uploads\/2015\/08\/Nidaa-Tounes-Bureau-politique2.jpg"},{"@type":"BreadcrumbList","@id":"https:\/\/kapitalis.com\/tunisie\/2018\/07\/08\/tunisie-nidaa-tounes-ou-lane-de-buridan\/#breadcrumb","itemListElement":[{"@type":"ListItem","position":1,"name":"Accueil","item":"https:\/\/kapitalis.com\/tunisie\/"},{"@type":"ListItem","position":2,"name":"Tunisie : Nidaa Tounes ou l\u2019\u00e2ne de Buridan"}]},{"@type":"WebSite","@id":"https:\/\/kapitalis.com\/tunisie\/#website","url":"https:\/\/kapitalis.com\/tunisie\/","name":"Kapitalis","description":"L&#039;actualit\u00e9 en Tunisie et dans le monde","publisher":{"@id":"https:\/\/kapitalis.com\/tunisie\/#organization"},"potentialAction":[{"@type":"SearchAction","target":{"@type":"EntryPoint","urlTemplate":"https:\/\/kapitalis.com\/tunisie\/?s={search_term_string}"},"query-input":{"@type":"PropertyValueSpecification","valueRequired":true,"valueName":"search_term_string"}}],"inLanguage":"fr-FR"},{"@type":"Organization","@id":"https:\/\/kapitalis.com\/tunisie\/#organization","name":"Kapitalis","url":"https:\/\/kapitalis.com\/tunisie\/","logo":{"@type":"ImageObject","inLanguage":"fr-FR","@id":"https:\/\/kapitalis.com\/tunisie\/#\/schema\/logo\/image\/","url":"https:\/\/kapitalis.com\/tunisie\/wp-content\/uploads\/2022\/05\/Kapitalis-big-size.png","contentUrl":"https:\/\/kapitalis.com\/tunisie\/wp-content\/uploads\/2022\/05\/Kapitalis-big-size.png","width":5000,"height":1500,"caption":"Kapitalis"},"image":{"@id":"https:\/\/kapitalis.com\/tunisie\/#\/schema\/logo\/image\/"},"sameAs":["https:\/\/www.facebook.com\/KapitalisInfo\/","https:\/\/x.com\/KapitalisInfo","https:\/\/www.youtube.com\/channel\/UC-yDYrHyfFBWWZaOw3FPg9Q"]},{"@type":"Person","@id":"https:\/\/kapitalis.com\/tunisie\/#\/schema\/person\/d71f33a9ca44f7bad4698210b480c8e9","name":"webmaster kapitalis","url":"https:\/\/kapitalis.com\/tunisie\/author\/webmaster-kapitalis\/"}]}},"_links":{"self":[{"href":"https:\/\/kapitalis.com\/tunisie\/wp-json\/wp\/v2\/posts\/163746","targetHints":{"allow":["GET"]}}],"collection":[{"href":"https:\/\/kapitalis.com\/tunisie\/wp-json\/wp\/v2\/posts"}],"about":[{"href":"https:\/\/kapitalis.com\/tunisie\/wp-json\/wp\/v2\/types\/post"}],"author":[{"embeddable":true,"href":"https:\/\/kapitalis.com\/tunisie\/wp-json\/wp\/v2\/users\/8"}],"replies":[{"embeddable":true,"href":"https:\/\/kapitalis.com\/tunisie\/wp-json\/wp\/v2\/comments?post=163746"}],"version-history":[{"count":0,"href":"https:\/\/kapitalis.com\/tunisie\/wp-json\/wp\/v2\/posts\/163746\/revisions"}],"wp:attachment":[{"href":"https:\/\/kapitalis.com\/tunisie\/wp-json\/wp\/v2\/media?parent=163746"}],"wp:term":[{"taxonomy":"category","embeddable":true,"href":"https:\/\/kapitalis.com\/tunisie\/wp-json\/wp\/v2\/categories?post=163746"},{"taxonomy":"post_tag","embeddable":true,"href":"https:\/\/kapitalis.com\/tunisie\/wp-json\/wp\/v2\/tags?post=163746"}],"curies":[{"name":"wp","href":"https:\/\/api.w.org\/{rel}","templated":true}]}}