{"id":163805,"date":"2018-07-09T11:56:23","date_gmt":"2018-07-09T10:56:23","guid":{"rendered":"http:\/\/kapitalis.com\/tunisie\/?p=163805"},"modified":"2018-07-09T11:56:52","modified_gmt":"2018-07-09T10:56:52","slug":"attaque-de-ghardimaou-du-pain-beni-pour-les-detracteurs-de-chahed","status":"publish","type":"post","link":"https:\/\/kapitalis.com\/tunisie\/2018\/07\/09\/attaque-de-ghardimaou-du-pain-beni-pour-les-detracteurs-de-chahed\/","title":{"rendered":"Attaque de Ghardimaou : Du pain b\u00e9ni pour les d\u00e9tracteurs de Chahed"},"content":{"rendered":"<p style=\"text-align: center;\"><img loading=\"lazy\" decoding=\"async\" class=\"alignnone size-full wp-image-163806\" src=\"http:\/\/kapitalis.com\/tunisie\/wp-content\/uploads\/2018\/07\/Youssef-Chahed-Attaque-de-Ghardimaou.jpg\" alt=\"\" width=\"626\" height=\"380\" \/><\/p>\n<p><strong><em>L\u2019attaque terroriste d\u2019hier, dimanche 8 juin 2018, \u00e0 Ain Soltane (Ghardimaou, Jendouba), sur la fronti\u00e8re tuniso-alg\u00e9rienne, \u00abest tomb\u00e9e dans la bouche des d\u00e9tracteurs de Youssef Chahed comme du pain b\u00e9ni\u00bb.<\/em> <\/strong><\/p>\n<p><!--more--><\/p>\n<p>C\u2019est ce qu\u2019\u00e9crit l\u2019universitaire Mohamed Sadok Lejri sur son compte Facebook.<\/p>\n<p>En effet, depuis l\u2019annonce de cette triste nouvelle, les d\u00e9tracteurs du chef du gouvernement se sont lanc\u00e9s dans <em>\u00abun sordide r\u00e8glement de comptes\u00bb<\/em> avec pour dessein de provoquer son renversement, fait-il remarquer. Et d\u2019ajouter : <em>\u00abMobilis\u00e9s au moyen d&rsquo;arguments fallacieux et d\u00e9magogiques, et sous le faux pr\u00e9texte de patriotisme et d\u2019amour pour la Tunisie, ils veulent \u00e0 tout prix frapper Youssef Chahed de discr\u00e9dit en tirant profit de la <a href=\"http:\/\/kapitalis.com\/tunisie\/2018\/07\/09\/attaque-de-ghardimaou-le-martyr-hamza-dallali-sappretait-a-se-marier\/\">mort des six membres de la garde nationale<\/a>\u00bb<\/em> dans l\u2019embuscade tendue par un groupe arm\u00e9.<\/p>\n<p>Cela s\u2019appelle <em>\u00abfaire commerce de la mort des autres\u00bb<\/em> et c\u2019est <em>\u00abd\u00e9gueulasse\u00bb<\/em>, \u00e9crit Mohamed Sadok Lejri, qui rappelle, au passage, cet adage bien tunisien: <em>\u00abLa pierre ne fond pas, la pute ne change pas\u00bb<\/em>, comparant ainsi \u00e0 des prostitu\u00e9es certains dirigeants politiques et responsables de m\u00e9dias qui, au lieu de rendre hommage aux martyrs et d\u2019appeler \u00e0 l\u2019union sacr\u00e9e contre le terrorisme, se lancent dans des diatribes contre le chef du gouvernement, n\u2019h\u00e9sitant m\u00eame pas devant les exag\u00e9rations, les manipulations voire les gros mensonges, qui les discr\u00e9ditent avant de porter atteinte \u00e0 leur adversaire politique.<\/p>\n<p style=\"text-align: right;\"><strong>I. B.<\/strong><\/p>\n<blockquote class=\"wp-embedded-content\" data-secret=\"RU9tJvGRlb\"><p><a href=\"https:\/\/kapitalis.com\/tunisie\/2018\/07\/08\/attaque-de-ghardimaou-mohsen-marzouk-fait-de-la-politique-politichienne\/\">Attaque de Ghardimaou : Mohsen Marzouk fait de la politique \u00abpolitichienne\u00bb<\/a><\/p><\/blockquote>\n<p><iframe loading=\"lazy\" class=\"wp-embedded-content\" sandbox=\"allow-scripts\" security=\"restricted\" style=\"position: absolute; clip: rect(1px, 1px, 1px, 1px);\" title=\"\u00ab\u00a0Attaque de Ghardimaou : Mohsen Marzouk fait de la politique \u00abpolitichienne\u00bb\u00a0\u00bb &#8212; Kapitalis\" src=\"https:\/\/kapitalis.com\/tunisie\/2018\/07\/08\/attaque-de-ghardimaou-mohsen-marzouk-fait-de-la-politique-politichienne\/embed\/#?secret=lLuaz6Em6j#?secret=RU9tJvGRlb\" data-secret=\"RU9tJvGRlb\" width=\"600\" height=\"338\" frameborder=\"0\" marginwidth=\"0\" marginheight=\"0\" scrolling=\"no\"><\/iframe><\/p>\n","protected":false},"excerpt":{"rendered":"<p>L\u2019attaque terroriste d\u2019hier, dimanche 8 juin 2018, \u00e0 Ain Soltane (Ghardimaou, Jendouba), sur la fronti\u00e8re tuniso-alg\u00e9rienne, \u00abest tomb\u00e9e dans la bouche des d\u00e9tracteurs de Youssef Chahed comme du pain b\u00e9ni\u00bb.<\/p>\n","protected":false},"author":8,"featured_media":163806,"comment_status":"open","ping_status":"open","sticky":false,"template":"","format":"standard","meta":{"footnotes":""},"categories":[997,2433],"tags":[26889,2021,2097],"class_list":["post-163805","post","type-post","status-publish","format-standard","has-post-thumbnail","hentry","category-politique","category-tunisie","tag-ain-soltane","tag-attaque-terroriste","tag-ghardimaou"],"yoast_head":"<!-- This site is optimized with the Yoast SEO plugin v26.6 - https:\/\/yoast.com\/wordpress\/plugins\/seo\/ -->\n<title>Attaque de Ghardimaou : Du pain b\u00e9ni pour les d\u00e9tracteurs de Chahed - Kapitalis<\/title>\n<meta name=\"robots\" content=\"index, follow, max-snippet:-1, max-image-preview:large, max-video-preview:-1\" \/>\n<link rel=\"canonical\" href=\"https:\/\/kapitalis.com\/tunisie\/2018\/07\/09\/attaque-de-ghardimaou-du-pain-beni-pour-les-detracteurs-de-chahed\/\" \/>\n<meta property=\"og:locale\" content=\"fr_FR\" \/>\n<meta property=\"og:type\" content=\"article\" \/>\n<meta property=\"og:title\" content=\"Attaque de Ghardimaou : Du pain b\u00e9ni pour les d\u00e9tracteurs de Chahed - Kapitalis\" \/>\n<meta property=\"og:description\" content=\"L\u2019attaque terroriste d\u2019hier, dimanche 8 juin 2018, \u00e0 Ain Soltane (Ghardimaou, Jendouba), sur la fronti\u00e8re tuniso-alg\u00e9rienne, \u00abest tomb\u00e9e dans la bouche des d\u00e9tracteurs de Youssef Chahed comme du pain b\u00e9ni\u00bb.\" \/>\n<meta property=\"og:url\" content=\"https:\/\/kapitalis.com\/tunisie\/2018\/07\/09\/attaque-de-ghardimaou-du-pain-beni-pour-les-detracteurs-de-chahed\/\" \/>\n<meta property=\"og:site_name\" content=\"Kapitalis\" \/>\n<meta property=\"article:publisher\" content=\"https:\/\/www.facebook.com\/KapitalisInfo\/\" \/>\n<meta property=\"article:published_time\" content=\"2018-07-09T10:56:23+00:00\" \/>\n<meta property=\"article:modified_time\" content=\"2018-07-09T10:56:52+00:00\" \/>\n<meta property=\"og:image\" content=\"https:\/\/kapitalis.com\/tunisie\/wp-content\/uploads\/2022\/05\/kapitalis-logo-fb.png\" \/>\n\t<meta property=\"og:image:width\" content=\"1200\" \/>\n\t<meta property=\"og:image:height\" content=\"630\" \/>\n\t<meta property=\"og:image:type\" content=\"image\/png\" \/>\n<meta name=\"author\" content=\"webmaster kapitalis\" \/>\n<meta name=\"twitter:card\" content=\"summary_large_image\" \/>\n<meta name=\"twitter:creator\" content=\"@KapitalisInfo\" \/>\n<meta name=\"twitter:site\" content=\"@KapitalisInfo\" \/>\n<meta name=\"twitter:label1\" content=\"\u00c9crit par\" \/>\n\t<meta name=\"twitter:data1\" content=\"webmaster kapitalis\" \/>\n\t<meta name=\"twitter:label2\" content=\"Dur\u00e9e de lecture estim\u00e9e\" \/>\n\t<meta name=\"twitter:data2\" content=\"1 minute\" \/>\n<script type=\"application\/ld+json\" class=\"yoast-schema-graph\">{\"@context\":\"https:\/\/schema.org\",\"@graph\":[{\"@type\":\"Article\",\"@id\":\"https:\/\/kapitalis.com\/tunisie\/2018\/07\/09\/attaque-de-ghardimaou-du-pain-beni-pour-les-detracteurs-de-chahed\/#article\",\"isPartOf\":{\"@id\":\"https:\/\/kapitalis.com\/tunisie\/2018\/07\/09\/attaque-de-ghardimaou-du-pain-beni-pour-les-detracteurs-de-chahed\/\"},\"author\":{\"name\":\"webmaster kapitalis\",\"@id\":\"https:\/\/kapitalis.com\/tunisie\/#\/schema\/person\/d71f33a9ca44f7bad4698210b480c8e9\"},\"headline\":\"Attaque de Ghardimaou : Du pain b\u00e9ni pour les d\u00e9tracteurs de Chahed\",\"datePublished\":\"2018-07-09T10:56:23+00:00\",\"dateModified\":\"2018-07-09T10:56:52+00:00\",\"mainEntityOfPage\":{\"@id\":\"https:\/\/kapitalis.com\/tunisie\/2018\/07\/09\/attaque-de-ghardimaou-du-pain-beni-pour-les-detracteurs-de-chahed\/\"},\"wordCount\":266,\"commentCount\":3,\"publisher\":{\"@id\":\"https:\/\/kapitalis.com\/tunisie\/#organization\"},\"image\":{\"@id\":\"https:\/\/kapitalis.com\/tunisie\/2018\/07\/09\/attaque-de-ghardimaou-du-pain-beni-pour-les-detracteurs-de-chahed\/#primaryimage\"},\"thumbnailUrl\":\"\",\"keywords\":[\"Ain Soltane\",\"attaque terroriste\",\"Ghardimaou\"],\"articleSection\":[\"POLITIQUE\",\"Tunisie\"],\"inLanguage\":\"fr-FR\",\"potentialAction\":[{\"@type\":\"CommentAction\",\"name\":\"Comment\",\"target\":[\"https:\/\/kapitalis.com\/tunisie\/2018\/07\/09\/attaque-de-ghardimaou-du-pain-beni-pour-les-detracteurs-de-chahed\/#respond\"]}]},{\"@type\":\"WebPage\",\"@id\":\"https:\/\/kapitalis.com\/tunisie\/2018\/07\/09\/attaque-de-ghardimaou-du-pain-beni-pour-les-detracteurs-de-chahed\/\",\"url\":\"https:\/\/kapitalis.com\/tunisie\/2018\/07\/09\/attaque-de-ghardimaou-du-pain-beni-pour-les-detracteurs-de-chahed\/\",\"name\":\"Attaque de Ghardimaou : Du pain b\u00e9ni pour les d\u00e9tracteurs de Chahed - Kapitalis\",\"isPartOf\":{\"@id\":\"https:\/\/kapitalis.com\/tunisie\/#website\"},\"primaryImageOfPage\":{\"@id\":\"https:\/\/kapitalis.com\/tunisie\/2018\/07\/09\/attaque-de-ghardimaou-du-pain-beni-pour-les-detracteurs-de-chahed\/#primaryimage\"},\"image\":{\"@id\":\"https:\/\/kapitalis.com\/tunisie\/2018\/07\/09\/attaque-de-ghardimaou-du-pain-beni-pour-les-detracteurs-de-chahed\/#primaryimage\"},\"thumbnailUrl\":\"\",\"datePublished\":\"2018-07-09T10:56:23+00:00\",\"dateModified\":\"2018-07-09T10:56:52+00:00\",\"breadcrumb\":{\"@id\":\"https:\/\/kapitalis.com\/tunisie\/2018\/07\/09\/attaque-de-ghardimaou-du-pain-beni-pour-les-detracteurs-de-chahed\/#breadcrumb\"},\"inLanguage\":\"fr-FR\",\"potentialAction\":[{\"@type\":\"ReadAction\",\"target\":[\"https:\/\/kapitalis.com\/tunisie\/2018\/07\/09\/attaque-de-ghardimaou-du-pain-beni-pour-les-detracteurs-de-chahed\/\"]}]},{\"@type\":\"ImageObject\",\"inLanguage\":\"fr-FR\",\"@id\":\"https:\/\/kapitalis.com\/tunisie\/2018\/07\/09\/attaque-de-ghardimaou-du-pain-beni-pour-les-detracteurs-de-chahed\/#primaryimage\",\"url\":\"\",\"contentUrl\":\"\"},{\"@type\":\"BreadcrumbList\",\"@id\":\"https:\/\/kapitalis.com\/tunisie\/2018\/07\/09\/attaque-de-ghardimaou-du-pain-beni-pour-les-detracteurs-de-chahed\/#breadcrumb\",\"itemListElement\":[{\"@type\":\"ListItem\",\"position\":1,\"name\":\"Accueil\",\"item\":\"https:\/\/kapitalis.com\/tunisie\/\"},{\"@type\":\"ListItem\",\"position\":2,\"name\":\"Attaque de Ghardimaou : Du pain b\u00e9ni pour les d\u00e9tracteurs de Chahed\"}]},{\"@type\":\"WebSite\",\"@id\":\"https:\/\/kapitalis.com\/tunisie\/#website\",\"url\":\"https:\/\/kapitalis.com\/tunisie\/\",\"name\":\"Kapitalis\",\"description\":\"L&#039;actualit\u00e9 en Tunisie et dans le monde\",\"publisher\":{\"@id\":\"https:\/\/kapitalis.com\/tunisie\/#organization\"},\"potentialAction\":[{\"@type\":\"SearchAction\",\"target\":{\"@type\":\"EntryPoint\",\"urlTemplate\":\"https:\/\/kapitalis.com\/tunisie\/?s={search_term_string}\"},\"query-input\":{\"@type\":\"PropertyValueSpecification\",\"valueRequired\":true,\"valueName\":\"search_term_string\"}}],\"inLanguage\":\"fr-FR\"},{\"@type\":\"Organization\",\"@id\":\"https:\/\/kapitalis.com\/tunisie\/#organization\",\"name\":\"Kapitalis\",\"url\":\"https:\/\/kapitalis.com\/tunisie\/\",\"logo\":{\"@type\":\"ImageObject\",\"inLanguage\":\"fr-FR\",\"@id\":\"https:\/\/kapitalis.com\/tunisie\/#\/schema\/logo\/image\/\",\"url\":\"https:\/\/kapitalis.com\/tunisie\/wp-content\/uploads\/2022\/05\/Kapitalis-big-size.png\",\"contentUrl\":\"https:\/\/kapitalis.com\/tunisie\/wp-content\/uploads\/2022\/05\/Kapitalis-big-size.png\",\"width\":5000,\"height\":1500,\"caption\":\"Kapitalis\"},\"image\":{\"@id\":\"https:\/\/kapitalis.com\/tunisie\/#\/schema\/logo\/image\/\"},\"sameAs\":[\"https:\/\/www.facebook.com\/KapitalisInfo\/\",\"https:\/\/x.com\/KapitalisInfo\",\"https:\/\/www.youtube.com\/channel\/UC-yDYrHyfFBWWZaOw3FPg9Q\"]},{\"@type\":\"Person\",\"@id\":\"https:\/\/kapitalis.com\/tunisie\/#\/schema\/person\/d71f33a9ca44f7bad4698210b480c8e9\",\"name\":\"webmaster kapitalis\",\"url\":\"https:\/\/kapitalis.com\/tunisie\/author\/webmaster-kapitalis\/\"}]}<\/script>\n<!-- \/ Yoast SEO plugin. -->","yoast_head_json":{"title":"Attaque de Ghardimaou : Du pain b\u00e9ni pour les d\u00e9tracteurs de Chahed - Kapitalis","robots":{"index":"index","follow":"follow","max-snippet":"max-snippet:-1","max-image-preview":"max-image-preview:large","max-video-preview":"max-video-preview:-1"},"canonical":"https:\/\/kapitalis.com\/tunisie\/2018\/07\/09\/attaque-de-ghardimaou-du-pain-beni-pour-les-detracteurs-de-chahed\/","og_locale":"fr_FR","og_type":"article","og_title":"Attaque de Ghardimaou : Du pain b\u00e9ni pour les d\u00e9tracteurs de Chahed - Kapitalis","og_description":"L\u2019attaque terroriste d\u2019hier, dimanche 8 juin 2018, \u00e0 Ain Soltane (Ghardimaou, Jendouba), sur la fronti\u00e8re tuniso-alg\u00e9rienne, \u00abest tomb\u00e9e dans la bouche des d\u00e9tracteurs de Youssef Chahed comme du pain b\u00e9ni\u00bb.","og_url":"https:\/\/kapitalis.com\/tunisie\/2018\/07\/09\/attaque-de-ghardimaou-du-pain-beni-pour-les-detracteurs-de-chahed\/","og_site_name":"Kapitalis","article_publisher":"https:\/\/www.facebook.com\/KapitalisInfo\/","article_published_time":"2018-07-09T10:56:23+00:00","article_modified_time":"2018-07-09T10:56:52+00:00","og_image":[{"width":1200,"height":630,"url":"https:\/\/kapitalis.com\/tunisie\/wp-content\/uploads\/2022\/05\/kapitalis-logo-fb.png","type":"image\/png"}],"author":"webmaster kapitalis","twitter_card":"summary_large_image","twitter_creator":"@KapitalisInfo","twitter_site":"@KapitalisInfo","twitter_misc":{"\u00c9crit par":"webmaster kapitalis","Dur\u00e9e de lecture estim\u00e9e":"1 minute"},"schema":{"@context":"https:\/\/schema.org","@graph":[{"@type":"Article","@id":"https:\/\/kapitalis.com\/tunisie\/2018\/07\/09\/attaque-de-ghardimaou-du-pain-beni-pour-les-detracteurs-de-chahed\/#article","isPartOf":{"@id":"https:\/\/kapitalis.com\/tunisie\/2018\/07\/09\/attaque-de-ghardimaou-du-pain-beni-pour-les-detracteurs-de-chahed\/"},"author":{"name":"webmaster kapitalis","@id":"https:\/\/kapitalis.com\/tunisie\/#\/schema\/person\/d71f33a9ca44f7bad4698210b480c8e9"},"headline":"Attaque de Ghardimaou : Du pain b\u00e9ni pour les d\u00e9tracteurs de Chahed","datePublished":"2018-07-09T10:56:23+00:00","dateModified":"2018-07-09T10:56:52+00:00","mainEntityOfPage":{"@id":"https:\/\/kapitalis.com\/tunisie\/2018\/07\/09\/attaque-de-ghardimaou-du-pain-beni-pour-les-detracteurs-de-chahed\/"},"wordCount":266,"commentCount":3,"publisher":{"@id":"https:\/\/kapitalis.com\/tunisie\/#organization"},"image":{"@id":"https:\/\/kapitalis.com\/tunisie\/2018\/07\/09\/attaque-de-ghardimaou-du-pain-beni-pour-les-detracteurs-de-chahed\/#primaryimage"},"thumbnailUrl":"","keywords":["Ain Soltane","attaque terroriste","Ghardimaou"],"articleSection":["POLITIQUE","Tunisie"],"inLanguage":"fr-FR","potentialAction":[{"@type":"CommentAction","name":"Comment","target":["https:\/\/kapitalis.com\/tunisie\/2018\/07\/09\/attaque-de-ghardimaou-du-pain-beni-pour-les-detracteurs-de-chahed\/#respond"]}]},{"@type":"WebPage","@id":"https:\/\/kapitalis.com\/tunisie\/2018\/07\/09\/attaque-de-ghardimaou-du-pain-beni-pour-les-detracteurs-de-chahed\/","url":"https:\/\/kapitalis.com\/tunisie\/2018\/07\/09\/attaque-de-ghardimaou-du-pain-beni-pour-les-detracteurs-de-chahed\/","name":"Attaque de Ghardimaou : Du pain b\u00e9ni pour les d\u00e9tracteurs de Chahed - Kapitalis","isPartOf":{"@id":"https:\/\/kapitalis.com\/tunisie\/#website"},"primaryImageOfPage":{"@id":"https:\/\/kapitalis.com\/tunisie\/2018\/07\/09\/attaque-de-ghardimaou-du-pain-beni-pour-les-detracteurs-de-chahed\/#primaryimage"},"image":{"@id":"https:\/\/kapitalis.com\/tunisie\/2018\/07\/09\/attaque-de-ghardimaou-du-pain-beni-pour-les-detracteurs-de-chahed\/#primaryimage"},"thumbnailUrl":"","datePublished":"2018-07-09T10:56:23+00:00","dateModified":"2018-07-09T10:56:52+00:00","breadcrumb":{"@id":"https:\/\/kapitalis.com\/tunisie\/2018\/07\/09\/attaque-de-ghardimaou-du-pain-beni-pour-les-detracteurs-de-chahed\/#breadcrumb"},"inLanguage":"fr-FR","potentialAction":[{"@type":"ReadAction","target":["https:\/\/kapitalis.com\/tunisie\/2018\/07\/09\/attaque-de-ghardimaou-du-pain-beni-pour-les-detracteurs-de-chahed\/"]}]},{"@type":"ImageObject","inLanguage":"fr-FR","@id":"https:\/\/kapitalis.com\/tunisie\/2018\/07\/09\/attaque-de-ghardimaou-du-pain-beni-pour-les-detracteurs-de-chahed\/#primaryimage","url":"","contentUrl":""},{"@type":"BreadcrumbList","@id":"https:\/\/kapitalis.com\/tunisie\/2018\/07\/09\/attaque-de-ghardimaou-du-pain-beni-pour-les-detracteurs-de-chahed\/#breadcrumb","itemListElement":[{"@type":"ListItem","position":1,"name":"Accueil","item":"https:\/\/kapitalis.com\/tunisie\/"},{"@type":"ListItem","position":2,"name":"Attaque de Ghardimaou : Du pain b\u00e9ni pour les d\u00e9tracteurs de Chahed"}]},{"@type":"WebSite","@id":"https:\/\/kapitalis.com\/tunisie\/#website","url":"https:\/\/kapitalis.com\/tunisie\/","name":"Kapitalis","description":"L&#039;actualit\u00e9 en Tunisie et dans le monde","publisher":{"@id":"https:\/\/kapitalis.com\/tunisie\/#organization"},"potentialAction":[{"@type":"SearchAction","target":{"@type":"EntryPoint","urlTemplate":"https:\/\/kapitalis.com\/tunisie\/?s={search_term_string}"},"query-input":{"@type":"PropertyValueSpecification","valueRequired":true,"valueName":"search_term_string"}}],"inLanguage":"fr-FR"},{"@type":"Organization","@id":"https:\/\/kapitalis.com\/tunisie\/#organization","name":"Kapitalis","url":"https:\/\/kapitalis.com\/tunisie\/","logo":{"@type":"ImageObject","inLanguage":"fr-FR","@id":"https:\/\/kapitalis.com\/tunisie\/#\/schema\/logo\/image\/","url":"https:\/\/kapitalis.com\/tunisie\/wp-content\/uploads\/2022\/05\/Kapitalis-big-size.png","contentUrl":"https:\/\/kapitalis.com\/tunisie\/wp-content\/uploads\/2022\/05\/Kapitalis-big-size.png","width":5000,"height":1500,"caption":"Kapitalis"},"image":{"@id":"https:\/\/kapitalis.com\/tunisie\/#\/schema\/logo\/image\/"},"sameAs":["https:\/\/www.facebook.com\/KapitalisInfo\/","https:\/\/x.com\/KapitalisInfo","https:\/\/www.youtube.com\/channel\/UC-yDYrHyfFBWWZaOw3FPg9Q"]},{"@type":"Person","@id":"https:\/\/kapitalis.com\/tunisie\/#\/schema\/person\/d71f33a9ca44f7bad4698210b480c8e9","name":"webmaster kapitalis","url":"https:\/\/kapitalis.com\/tunisie\/author\/webmaster-kapitalis\/"}]}},"_links":{"self":[{"href":"https:\/\/kapitalis.com\/tunisie\/wp-json\/wp\/v2\/posts\/163805","targetHints":{"allow":["GET"]}}],"collection":[{"href":"https:\/\/kapitalis.com\/tunisie\/wp-json\/wp\/v2\/posts"}],"about":[{"href":"https:\/\/kapitalis.com\/tunisie\/wp-json\/wp\/v2\/types\/post"}],"author":[{"embeddable":true,"href":"https:\/\/kapitalis.com\/tunisie\/wp-json\/wp\/v2\/users\/8"}],"replies":[{"embeddable":true,"href":"https:\/\/kapitalis.com\/tunisie\/wp-json\/wp\/v2\/comments?post=163805"}],"version-history":[{"count":0,"href":"https:\/\/kapitalis.com\/tunisie\/wp-json\/wp\/v2\/posts\/163805\/revisions"}],"wp:featuredmedia":[{"embeddable":true,"href":"https:\/\/kapitalis.com\/tunisie\/wp-json\/wp\/v2\/media\/163806"}],"wp:attachment":[{"href":"https:\/\/kapitalis.com\/tunisie\/wp-json\/wp\/v2\/media?parent=163805"}],"wp:term":[{"taxonomy":"category","embeddable":true,"href":"https:\/\/kapitalis.com\/tunisie\/wp-json\/wp\/v2\/categories?post=163805"},{"taxonomy":"post_tag","embeddable":true,"href":"https:\/\/kapitalis.com\/tunisie\/wp-json\/wp\/v2\/tags?post=163805"}],"curies":[{"name":"wp","href":"https:\/\/api.w.org\/{rel}","templated":true}]}}