{"id":1638411,"date":"2022-06-21T15:05:59","date_gmt":"2022-06-21T14:05:59","guid":{"rendered":"https:\/\/kapitalis.com\/tunisie\/?p=1638411"},"modified":"2022-06-21T15:06:00","modified_gmt":"2022-06-21T14:06:00","slug":"la-participation-de-la-tunisie-au-mondial-menacee-kamel-deguiche-dement-et-essaye-de-rassurer","status":"publish","type":"post","link":"https:\/\/kapitalis.com\/tunisie\/2022\/06\/21\/la-participation-de-la-tunisie-au-mondial-menacee-kamel-deguiche-dement-et-essaye-de-rassurer\/","title":{"rendered":"La participation de la Tunisie au mondial menac\u00e9e ? Kamel Deguiche d\u00e9ment et essaye de rassurer"},"content":{"rendered":"\n<p><strong><em>Le ministre de la Jeunesse et des sports, Kamel Deguiche, a d\u00e9menti, ce mardi 21 juin 2022, les rumeurs, relay\u00e9es par certains m\u00e9dias, selon lesquelles la participation de l&rsquo;\u00e9quipe nationale tunisienne de football \u00e0 la prochaine coupe du monde (Qatar 2022) serait menac\u00e9e.<\/em><\/strong><\/p>\n\n\n\n<!--more-->\n\n\n\n<p>Intervenu sur Mosa\u00efque FM, le ministre a assur\u00e9 qu&rsquo;il n&rsquo;y avait (\u00e0 l&rsquo;heure actuelle) aucune intention gouvernementale de dissoudre le bureau de la F\u00e9d\u00e9ration tunisienne de football (FTF). Une mesure qui entra\u00eenerait de lourdes sanctions de la part de la Fifa.<\/p>\n\n\n\n<p>En effet, la F\u00e9d\u00e9ration internationale de football interdit cat\u00e9goriquement aux autorit\u00e9s politiques nationales de s&rsquo;ing\u00e9rer dans les affaires des f\u00e9d\u00e9rations locales de football.<\/p>\n\n\n\n<p>En s&rsquo;expliquant, Deguiche n&rsquo;a, toutefois, pas \u00e9t\u00e9 enti\u00e8rement rassurant : \u00ab<em>Le minist\u00e8re n\u2019a pas menac\u00e9 de dissoudre le bureau de la FTF, mais un \u00e9ventuel refus d\u2019appliquer la loi par une structure sportive serait consid\u00e9r\u00e9 comme un manquement. Le minist\u00e8re serait alors en droit d\u2019intervenir, ce qui n\u2019est pas le cas aujourd\u2019hui. Nous ne sommes donc pas dans une situation qui m\u00e8ne \u00e0 la dissolution du bureau f\u00e9d\u00e9ral<\/em>\u00bb.<\/p>\n\n\n\n<p class=\"has-text-align-right\"><strong>C. B. Y.<\/strong><\/p>\n","protected":false},"excerpt":{"rendered":"<p>Le ministre de la Jeunesse et des sports, Kamel Deguiche, a d\u00e9menti, ce mardi 21 juin 2022, les rumeurs, relay\u00e9es par certains m\u00e9dias, selon lesquelles la participation de l&rsquo;\u00e9quipe nationale tunisienne de football \u00e0 la prochaine coupe du monde (Qatar 2022) serait menac\u00e9e.<\/p>\n","protected":false},"author":24,"featured_media":554229,"comment_status":"open","ping_status":"open","sticky":false,"template":"","format":"standard","meta":{"footnotes":""},"categories":[999,2433],"tags":[241,376,5208,82132],"class_list":["post-1638411","post","type-post","status-publish","format-standard","has-post-thumbnail","hentry","category-sport","category-tunisie","tag-coupe-du-monde","tag-federation-tunisienne-de-football","tag-ftf","tag-kamel-deguiche"],"yoast_head":"<!-- This site is optimized with the Yoast SEO plugin v26.6 - https:\/\/yoast.com\/wordpress\/plugins\/seo\/ -->\n<title>La participation de la Tunisie au mondial menac\u00e9e ? Kamel Deguiche d\u00e9ment et essaye de rassurer - Kapitalis<\/title>\n<meta name=\"robots\" content=\"index, follow, max-snippet:-1, max-image-preview:large, max-video-preview:-1\" \/>\n<link rel=\"canonical\" href=\"https:\/\/kapitalis.com\/tunisie\/2022\/06\/21\/la-participation-de-la-tunisie-au-mondial-menacee-kamel-deguiche-dement-et-essaye-de-rassurer\/\" \/>\n<meta property=\"og:locale\" content=\"fr_FR\" \/>\n<meta property=\"og:type\" content=\"article\" \/>\n<meta property=\"og:title\" content=\"La participation de la Tunisie au mondial menac\u00e9e ? Kamel Deguiche d\u00e9ment et essaye de rassurer - Kapitalis\" \/>\n<meta property=\"og:description\" content=\"Le ministre de la Jeunesse et des sports, Kamel Deguiche, a d\u00e9menti, ce mardi 21 juin 2022, les rumeurs, relay\u00e9es par certains m\u00e9dias, selon lesquelles la participation de l&rsquo;\u00e9quipe nationale tunisienne de football \u00e0 la prochaine coupe du monde (Qatar 2022) serait menac\u00e9e.\" \/>\n<meta property=\"og:url\" content=\"https:\/\/kapitalis.com\/tunisie\/2022\/06\/21\/la-participation-de-la-tunisie-au-mondial-menacee-kamel-deguiche-dement-et-essaye-de-rassurer\/\" \/>\n<meta property=\"og:site_name\" content=\"Kapitalis\" \/>\n<meta property=\"article:publisher\" content=\"https:\/\/www.facebook.com\/KapitalisInfo\/\" \/>\n<meta property=\"article:published_time\" content=\"2022-06-21T14:05:59+00:00\" \/>\n<meta property=\"article:modified_time\" content=\"2022-06-21T14:06:00+00:00\" \/>\n<meta property=\"og:image\" content=\"https:\/\/kapitalis.com\/tunisie\/wp-content\/uploads\/2022\/05\/Kamel-Deguiche.jpg\" \/>\n\t<meta property=\"og:image:width\" content=\"1200\" \/>\n\t<meta property=\"og:image:height\" content=\"630\" \/>\n\t<meta property=\"og:image:type\" content=\"image\/jpeg\" \/>\n<meta name=\"author\" content=\"Cherif Benyounes\" \/>\n<meta name=\"twitter:card\" content=\"summary_large_image\" \/>\n<meta name=\"twitter:creator\" content=\"@KapitalisInfo\" \/>\n<meta name=\"twitter:site\" content=\"@KapitalisInfo\" \/>\n<meta name=\"twitter:label1\" content=\"\u00c9crit par\" \/>\n\t<meta name=\"twitter:data1\" content=\"Cherif Benyounes\" \/>\n\t<meta name=\"twitter:label2\" content=\"Dur\u00e9e de lecture estim\u00e9e\" \/>\n\t<meta name=\"twitter:data2\" content=\"1 minute\" \/>\n<script type=\"application\/ld+json\" class=\"yoast-schema-graph\">{\"@context\":\"https:\/\/schema.org\",\"@graph\":[{\"@type\":\"Article\",\"@id\":\"https:\/\/kapitalis.com\/tunisie\/2022\/06\/21\/la-participation-de-la-tunisie-au-mondial-menacee-kamel-deguiche-dement-et-essaye-de-rassurer\/#article\",\"isPartOf\":{\"@id\":\"https:\/\/kapitalis.com\/tunisie\/2022\/06\/21\/la-participation-de-la-tunisie-au-mondial-menacee-kamel-deguiche-dement-et-essaye-de-rassurer\/\"},\"author\":{\"name\":\"Cherif Benyounes\",\"@id\":\"https:\/\/kapitalis.com\/tunisie\/#\/schema\/person\/b35b8d631961131107263178aeb8019e\"},\"headline\":\"La participation de la Tunisie au mondial menac\u00e9e ? Kamel Deguiche d\u00e9ment et essaye de rassurer\",\"datePublished\":\"2022-06-21T14:05:59+00:00\",\"dateModified\":\"2022-06-21T14:06:00+00:00\",\"mainEntityOfPage\":{\"@id\":\"https:\/\/kapitalis.com\/tunisie\/2022\/06\/21\/la-participation-de-la-tunisie-au-mondial-menacee-kamel-deguiche-dement-et-essaye-de-rassurer\/\"},\"wordCount\":216,\"commentCount\":0,\"publisher\":{\"@id\":\"https:\/\/kapitalis.com\/tunisie\/#organization\"},\"image\":{\"@id\":\"https:\/\/kapitalis.com\/tunisie\/2022\/06\/21\/la-participation-de-la-tunisie-au-mondial-menacee-kamel-deguiche-dement-et-essaye-de-rassurer\/#primaryimage\"},\"thumbnailUrl\":\"https:\/\/kapitalis.com\/tunisie\/wp-content\/uploads\/2022\/05\/Kamel-Deguiche.jpg\",\"keywords\":[\"Coupe du Monde\",\"F\u00e9d\u00e9ration tunisienne de football\",\"FTF\",\"Kamel Deguiche\"],\"articleSection\":[\"SPORT\",\"Tunisie\"],\"inLanguage\":\"fr-FR\",\"potentialAction\":[{\"@type\":\"CommentAction\",\"name\":\"Comment\",\"target\":[\"https:\/\/kapitalis.com\/tunisie\/2022\/06\/21\/la-participation-de-la-tunisie-au-mondial-menacee-kamel-deguiche-dement-et-essaye-de-rassurer\/#respond\"]}]},{\"@type\":\"WebPage\",\"@id\":\"https:\/\/kapitalis.com\/tunisie\/2022\/06\/21\/la-participation-de-la-tunisie-au-mondial-menacee-kamel-deguiche-dement-et-essaye-de-rassurer\/\",\"url\":\"https:\/\/kapitalis.com\/tunisie\/2022\/06\/21\/la-participation-de-la-tunisie-au-mondial-menacee-kamel-deguiche-dement-et-essaye-de-rassurer\/\",\"name\":\"La participation de la Tunisie au mondial menac\u00e9e ? Kamel Deguiche d\u00e9ment et essaye de rassurer - Kapitalis\",\"isPartOf\":{\"@id\":\"https:\/\/kapitalis.com\/tunisie\/#website\"},\"primaryImageOfPage\":{\"@id\":\"https:\/\/kapitalis.com\/tunisie\/2022\/06\/21\/la-participation-de-la-tunisie-au-mondial-menacee-kamel-deguiche-dement-et-essaye-de-rassurer\/#primaryimage\"},\"image\":{\"@id\":\"https:\/\/kapitalis.com\/tunisie\/2022\/06\/21\/la-participation-de-la-tunisie-au-mondial-menacee-kamel-deguiche-dement-et-essaye-de-rassurer\/#primaryimage\"},\"thumbnailUrl\":\"https:\/\/kapitalis.com\/tunisie\/wp-content\/uploads\/2022\/05\/Kamel-Deguiche.jpg\",\"datePublished\":\"2022-06-21T14:05:59+00:00\",\"dateModified\":\"2022-06-21T14:06:00+00:00\",\"breadcrumb\":{\"@id\":\"https:\/\/kapitalis.com\/tunisie\/2022\/06\/21\/la-participation-de-la-tunisie-au-mondial-menacee-kamel-deguiche-dement-et-essaye-de-rassurer\/#breadcrumb\"},\"inLanguage\":\"fr-FR\",\"potentialAction\":[{\"@type\":\"ReadAction\",\"target\":[\"https:\/\/kapitalis.com\/tunisie\/2022\/06\/21\/la-participation-de-la-tunisie-au-mondial-menacee-kamel-deguiche-dement-et-essaye-de-rassurer\/\"]}]},{\"@type\":\"ImageObject\",\"inLanguage\":\"fr-FR\",\"@id\":\"https:\/\/kapitalis.com\/tunisie\/2022\/06\/21\/la-participation-de-la-tunisie-au-mondial-menacee-kamel-deguiche-dement-et-essaye-de-rassurer\/#primaryimage\",\"url\":\"https:\/\/kapitalis.com\/tunisie\/wp-content\/uploads\/2022\/05\/Kamel-Deguiche.jpg\",\"contentUrl\":\"https:\/\/kapitalis.com\/tunisie\/wp-content\/uploads\/2022\/05\/Kamel-Deguiche.jpg\",\"width\":1200,\"height\":630},{\"@type\":\"BreadcrumbList\",\"@id\":\"https:\/\/kapitalis.com\/tunisie\/2022\/06\/21\/la-participation-de-la-tunisie-au-mondial-menacee-kamel-deguiche-dement-et-essaye-de-rassurer\/#breadcrumb\",\"itemListElement\":[{\"@type\":\"ListItem\",\"position\":1,\"name\":\"Accueil\",\"item\":\"https:\/\/kapitalis.com\/tunisie\/\"},{\"@type\":\"ListItem\",\"position\":2,\"name\":\"La participation de la Tunisie au mondial menac\u00e9e ? Kamel Deguiche d\u00e9ment et essaye de rassurer\"}]},{\"@type\":\"WebSite\",\"@id\":\"https:\/\/kapitalis.com\/tunisie\/#website\",\"url\":\"https:\/\/kapitalis.com\/tunisie\/\",\"name\":\"Kapitalis\",\"description\":\"L&#039;actualit\u00e9 en Tunisie et dans le monde\",\"publisher\":{\"@id\":\"https:\/\/kapitalis.com\/tunisie\/#organization\"},\"potentialAction\":[{\"@type\":\"SearchAction\",\"target\":{\"@type\":\"EntryPoint\",\"urlTemplate\":\"https:\/\/kapitalis.com\/tunisie\/?s={search_term_string}\"},\"query-input\":{\"@type\":\"PropertyValueSpecification\",\"valueRequired\":true,\"valueName\":\"search_term_string\"}}],\"inLanguage\":\"fr-FR\"},{\"@type\":\"Organization\",\"@id\":\"https:\/\/kapitalis.com\/tunisie\/#organization\",\"name\":\"Kapitalis\",\"url\":\"https:\/\/kapitalis.com\/tunisie\/\",\"logo\":{\"@type\":\"ImageObject\",\"inLanguage\":\"fr-FR\",\"@id\":\"https:\/\/kapitalis.com\/tunisie\/#\/schema\/logo\/image\/\",\"url\":\"https:\/\/kapitalis.com\/tunisie\/wp-content\/uploads\/2022\/05\/Kapitalis-big-size.png\",\"contentUrl\":\"https:\/\/kapitalis.com\/tunisie\/wp-content\/uploads\/2022\/05\/Kapitalis-big-size.png\",\"width\":5000,\"height\":1500,\"caption\":\"Kapitalis\"},\"image\":{\"@id\":\"https:\/\/kapitalis.com\/tunisie\/#\/schema\/logo\/image\/\"},\"sameAs\":[\"https:\/\/www.facebook.com\/KapitalisInfo\/\",\"https:\/\/x.com\/KapitalisInfo\",\"https:\/\/www.youtube.com\/channel\/UC-yDYrHyfFBWWZaOw3FPg9Q\"]},{\"@type\":\"Person\",\"@id\":\"https:\/\/kapitalis.com\/tunisie\/#\/schema\/person\/b35b8d631961131107263178aeb8019e\",\"name\":\"Cherif Benyounes\",\"url\":\"https:\/\/kapitalis.com\/tunisie\/author\/cherif\/\"}]}<\/script>\n<!-- \/ Yoast SEO plugin. -->","yoast_head_json":{"title":"La participation de la Tunisie au mondial menac\u00e9e ? Kamel Deguiche d\u00e9ment et essaye de rassurer - Kapitalis","robots":{"index":"index","follow":"follow","max-snippet":"max-snippet:-1","max-image-preview":"max-image-preview:large","max-video-preview":"max-video-preview:-1"},"canonical":"https:\/\/kapitalis.com\/tunisie\/2022\/06\/21\/la-participation-de-la-tunisie-au-mondial-menacee-kamel-deguiche-dement-et-essaye-de-rassurer\/","og_locale":"fr_FR","og_type":"article","og_title":"La participation de la Tunisie au mondial menac\u00e9e ? Kamel Deguiche d\u00e9ment et essaye de rassurer - Kapitalis","og_description":"Le ministre de la Jeunesse et des sports, Kamel Deguiche, a d\u00e9menti, ce mardi 21 juin 2022, les rumeurs, relay\u00e9es par certains m\u00e9dias, selon lesquelles la participation de l&rsquo;\u00e9quipe nationale tunisienne de football \u00e0 la prochaine coupe du monde (Qatar 2022) serait menac\u00e9e.","og_url":"https:\/\/kapitalis.com\/tunisie\/2022\/06\/21\/la-participation-de-la-tunisie-au-mondial-menacee-kamel-deguiche-dement-et-essaye-de-rassurer\/","og_site_name":"Kapitalis","article_publisher":"https:\/\/www.facebook.com\/KapitalisInfo\/","article_published_time":"2022-06-21T14:05:59+00:00","article_modified_time":"2022-06-21T14:06:00+00:00","og_image":[{"width":1200,"height":630,"url":"https:\/\/kapitalis.com\/tunisie\/wp-content\/uploads\/2022\/05\/Kamel-Deguiche.jpg","type":"image\/jpeg"}],"author":"Cherif Benyounes","twitter_card":"summary_large_image","twitter_creator":"@KapitalisInfo","twitter_site":"@KapitalisInfo","twitter_misc":{"\u00c9crit par":"Cherif Benyounes","Dur\u00e9e de lecture estim\u00e9e":"1 minute"},"schema":{"@context":"https:\/\/schema.org","@graph":[{"@type":"Article","@id":"https:\/\/kapitalis.com\/tunisie\/2022\/06\/21\/la-participation-de-la-tunisie-au-mondial-menacee-kamel-deguiche-dement-et-essaye-de-rassurer\/#article","isPartOf":{"@id":"https:\/\/kapitalis.com\/tunisie\/2022\/06\/21\/la-participation-de-la-tunisie-au-mondial-menacee-kamel-deguiche-dement-et-essaye-de-rassurer\/"},"author":{"name":"Cherif Benyounes","@id":"https:\/\/kapitalis.com\/tunisie\/#\/schema\/person\/b35b8d631961131107263178aeb8019e"},"headline":"La participation de la Tunisie au mondial menac\u00e9e ? Kamel Deguiche d\u00e9ment et essaye de rassurer","datePublished":"2022-06-21T14:05:59+00:00","dateModified":"2022-06-21T14:06:00+00:00","mainEntityOfPage":{"@id":"https:\/\/kapitalis.com\/tunisie\/2022\/06\/21\/la-participation-de-la-tunisie-au-mondial-menacee-kamel-deguiche-dement-et-essaye-de-rassurer\/"},"wordCount":216,"commentCount":0,"publisher":{"@id":"https:\/\/kapitalis.com\/tunisie\/#organization"},"image":{"@id":"https:\/\/kapitalis.com\/tunisie\/2022\/06\/21\/la-participation-de-la-tunisie-au-mondial-menacee-kamel-deguiche-dement-et-essaye-de-rassurer\/#primaryimage"},"thumbnailUrl":"https:\/\/kapitalis.com\/tunisie\/wp-content\/uploads\/2022\/05\/Kamel-Deguiche.jpg","keywords":["Coupe du Monde","F\u00e9d\u00e9ration tunisienne de football","FTF","Kamel Deguiche"],"articleSection":["SPORT","Tunisie"],"inLanguage":"fr-FR","potentialAction":[{"@type":"CommentAction","name":"Comment","target":["https:\/\/kapitalis.com\/tunisie\/2022\/06\/21\/la-participation-de-la-tunisie-au-mondial-menacee-kamel-deguiche-dement-et-essaye-de-rassurer\/#respond"]}]},{"@type":"WebPage","@id":"https:\/\/kapitalis.com\/tunisie\/2022\/06\/21\/la-participation-de-la-tunisie-au-mondial-menacee-kamel-deguiche-dement-et-essaye-de-rassurer\/","url":"https:\/\/kapitalis.com\/tunisie\/2022\/06\/21\/la-participation-de-la-tunisie-au-mondial-menacee-kamel-deguiche-dement-et-essaye-de-rassurer\/","name":"La participation de la Tunisie au mondial menac\u00e9e ? Kamel Deguiche d\u00e9ment et essaye de rassurer - Kapitalis","isPartOf":{"@id":"https:\/\/kapitalis.com\/tunisie\/#website"},"primaryImageOfPage":{"@id":"https:\/\/kapitalis.com\/tunisie\/2022\/06\/21\/la-participation-de-la-tunisie-au-mondial-menacee-kamel-deguiche-dement-et-essaye-de-rassurer\/#primaryimage"},"image":{"@id":"https:\/\/kapitalis.com\/tunisie\/2022\/06\/21\/la-participation-de-la-tunisie-au-mondial-menacee-kamel-deguiche-dement-et-essaye-de-rassurer\/#primaryimage"},"thumbnailUrl":"https:\/\/kapitalis.com\/tunisie\/wp-content\/uploads\/2022\/05\/Kamel-Deguiche.jpg","datePublished":"2022-06-21T14:05:59+00:00","dateModified":"2022-06-21T14:06:00+00:00","breadcrumb":{"@id":"https:\/\/kapitalis.com\/tunisie\/2022\/06\/21\/la-participation-de-la-tunisie-au-mondial-menacee-kamel-deguiche-dement-et-essaye-de-rassurer\/#breadcrumb"},"inLanguage":"fr-FR","potentialAction":[{"@type":"ReadAction","target":["https:\/\/kapitalis.com\/tunisie\/2022\/06\/21\/la-participation-de-la-tunisie-au-mondial-menacee-kamel-deguiche-dement-et-essaye-de-rassurer\/"]}]},{"@type":"ImageObject","inLanguage":"fr-FR","@id":"https:\/\/kapitalis.com\/tunisie\/2022\/06\/21\/la-participation-de-la-tunisie-au-mondial-menacee-kamel-deguiche-dement-et-essaye-de-rassurer\/#primaryimage","url":"https:\/\/kapitalis.com\/tunisie\/wp-content\/uploads\/2022\/05\/Kamel-Deguiche.jpg","contentUrl":"https:\/\/kapitalis.com\/tunisie\/wp-content\/uploads\/2022\/05\/Kamel-Deguiche.jpg","width":1200,"height":630},{"@type":"BreadcrumbList","@id":"https:\/\/kapitalis.com\/tunisie\/2022\/06\/21\/la-participation-de-la-tunisie-au-mondial-menacee-kamel-deguiche-dement-et-essaye-de-rassurer\/#breadcrumb","itemListElement":[{"@type":"ListItem","position":1,"name":"Accueil","item":"https:\/\/kapitalis.com\/tunisie\/"},{"@type":"ListItem","position":2,"name":"La participation de la Tunisie au mondial menac\u00e9e ? Kamel Deguiche d\u00e9ment et essaye de rassurer"}]},{"@type":"WebSite","@id":"https:\/\/kapitalis.com\/tunisie\/#website","url":"https:\/\/kapitalis.com\/tunisie\/","name":"Kapitalis","description":"L&#039;actualit\u00e9 en Tunisie et dans le monde","publisher":{"@id":"https:\/\/kapitalis.com\/tunisie\/#organization"},"potentialAction":[{"@type":"SearchAction","target":{"@type":"EntryPoint","urlTemplate":"https:\/\/kapitalis.com\/tunisie\/?s={search_term_string}"},"query-input":{"@type":"PropertyValueSpecification","valueRequired":true,"valueName":"search_term_string"}}],"inLanguage":"fr-FR"},{"@type":"Organization","@id":"https:\/\/kapitalis.com\/tunisie\/#organization","name":"Kapitalis","url":"https:\/\/kapitalis.com\/tunisie\/","logo":{"@type":"ImageObject","inLanguage":"fr-FR","@id":"https:\/\/kapitalis.com\/tunisie\/#\/schema\/logo\/image\/","url":"https:\/\/kapitalis.com\/tunisie\/wp-content\/uploads\/2022\/05\/Kapitalis-big-size.png","contentUrl":"https:\/\/kapitalis.com\/tunisie\/wp-content\/uploads\/2022\/05\/Kapitalis-big-size.png","width":5000,"height":1500,"caption":"Kapitalis"},"image":{"@id":"https:\/\/kapitalis.com\/tunisie\/#\/schema\/logo\/image\/"},"sameAs":["https:\/\/www.facebook.com\/KapitalisInfo\/","https:\/\/x.com\/KapitalisInfo","https:\/\/www.youtube.com\/channel\/UC-yDYrHyfFBWWZaOw3FPg9Q"]},{"@type":"Person","@id":"https:\/\/kapitalis.com\/tunisie\/#\/schema\/person\/b35b8d631961131107263178aeb8019e","name":"Cherif Benyounes","url":"https:\/\/kapitalis.com\/tunisie\/author\/cherif\/"}]}},"_links":{"self":[{"href":"https:\/\/kapitalis.com\/tunisie\/wp-json\/wp\/v2\/posts\/1638411","targetHints":{"allow":["GET"]}}],"collection":[{"href":"https:\/\/kapitalis.com\/tunisie\/wp-json\/wp\/v2\/posts"}],"about":[{"href":"https:\/\/kapitalis.com\/tunisie\/wp-json\/wp\/v2\/types\/post"}],"author":[{"embeddable":true,"href":"https:\/\/kapitalis.com\/tunisie\/wp-json\/wp\/v2\/users\/24"}],"replies":[{"embeddable":true,"href":"https:\/\/kapitalis.com\/tunisie\/wp-json\/wp\/v2\/comments?post=1638411"}],"version-history":[{"count":0,"href":"https:\/\/kapitalis.com\/tunisie\/wp-json\/wp\/v2\/posts\/1638411\/revisions"}],"wp:featuredmedia":[{"embeddable":true,"href":"https:\/\/kapitalis.com\/tunisie\/wp-json\/wp\/v2\/media\/554229"}],"wp:attachment":[{"href":"https:\/\/kapitalis.com\/tunisie\/wp-json\/wp\/v2\/media?parent=1638411"}],"wp:term":[{"taxonomy":"category","embeddable":true,"href":"https:\/\/kapitalis.com\/tunisie\/wp-json\/wp\/v2\/categories?post=1638411"},{"taxonomy":"post_tag","embeddable":true,"href":"https:\/\/kapitalis.com\/tunisie\/wp-json\/wp\/v2\/tags?post=1638411"}],"curies":[{"name":"wp","href":"https:\/\/api.w.org\/{rel}","templated":true}]}}