{"id":163971,"date":"2018-07-10T12:28:17","date_gmt":"2018-07-10T11:28:17","guid":{"rendered":"http:\/\/kapitalis.com\/tunisie\/?p=163971"},"modified":"2018-07-10T12:34:46","modified_gmt":"2018-07-10T11:34:46","slug":"fathi-laayouni-maire-du-kram-les-lpr-imposent-leur-marionnette","status":"publish","type":"post","link":"https:\/\/kapitalis.com\/tunisie\/2018\/07\/10\/fathi-laayouni-maire-du-kram-les-lpr-imposent-leur-marionnette\/","title":{"rendered":"Fathi La\u00e2youni maire du Kram : Les LPR imposent leur marionnette"},"content":{"rendered":"<p style=\"text-align: center;\"><img loading=\"lazy\" decoding=\"async\" class=\"alignnone size-full wp-image-163965\" src=\"http:\/\/kapitalis.com\/tunisie\/wp-content\/uploads\/2018\/07\/Fethi-Layouni-municipalit\u00e9-Kram.jpg\" alt=\"\" width=\"626\" height=\"380\" \/><\/p>\n<p><em><strong>Me Fathi La\u00e2youni, la marionnette des Ligues de protection de la r\u00e9volution (LPR), milice islamiste violente dissoute par d\u00e9cision judiciaire, a \u00e9t\u00e9 investi par Ennahdha aux municipales au Kram et il vient d\u2019\u00eatre \u00e9lu, aujourd&rsquo;hui, maire de la ville.<\/strong> <\/em><\/p>\n<p><!--more--><\/p>\n<p>C\u2019est grave, c\u2019est tr\u00e8s grave. L\u2019avocat \u00e9tait t\u00eate de liste du mouvement islamiste aux derni\u00e8res municipales et a pu d\u00e9crocher le poste de maire apr\u00e8s un consensus entre les \u00e9lus. Il a obtenu 20 voix contre 9 pour le candidat de Nidaa Tounes, Hichem Abassi. Pourtant, Nidaa \u00e9tait en t\u00eate au Kram en d\u00e9crochant 12 si\u00e8ges face au mouvement Ennahdha qui en avait obtenu 9.<\/p>\n<p style=\"text-align: center;\"><img loading=\"lazy\" decoding=\"async\" class=\"alignnone wp-image-163964\" src=\"http:\/\/kapitalis.com\/tunisie\/wp-content\/uploads\/2018\/07\/Fethi-Layouni-kram-municipalit\u00e9.jpg\" alt=\"\" width=\"500\" height=\"304\" \/><\/p>\n<p>Me La\u00e2youni a certainement b\u00e9n\u00e9fici\u00e9 des voix d&rsquo;\u00e9lus de Nidaa Tounes et de soi-disant <em>\u00abind\u00e9pendants\u00bb.<\/em> Il a \u00e9galement\u00a0\u00e9t\u00e9 aid\u00e9, en sous-main, par les membres des sinistrement c\u00e9l\u00e8bres <a href=\"http:\/\/www.kapitalis.com\/politique\/20952-tunisie-politique-les-dirigeants-islamistes-protegent-les-milices-lpr.html\">LPR du Kram<\/a> qu\u2019il a si bien servies depuis 2011 et qui sont dirig\u00e9es par un voyou, ancien larbin de Imed Trabelsi, <a href=\"http:\/\/kapitalis.com\/tunisie\/2017\/12\/14\/imed-dghij-instigateur-des-emeutes-du-kram\/\">Imed Dghij,<\/a> aujourd&rsquo;hui copain et prot\u00e9g\u00e9 de Borh\u00e8ne Bsa\u00efes, conseiller politique de Nidaa Tounes, qui l&rsquo;appelle <em>\u00ab\u00f4mda\u00bb<\/em> (qu\u2019on peut traduire \u00e0 peu pr\u00e8s par <em>\u00ab<\/em><em>le doyen\u00bb<\/em>).<\/p>\n<p>La justice tunisienne a fait sortir les LPR par la porte, Ennahdha les fait entrer par la fen\u00eatre. La d\u00e9mocratie tunisienne est en marche\u2026<\/p>\n<p style=\"text-align: right;\"><strong>I. B.<\/strong><\/p>\n<blockquote class=\"wp-embedded-content\" data-secret=\"5mEJ6frt6S\"><p><a href=\"https:\/\/kapitalis.com\/tunisie\/2015\/05\/23\/au-secours-les-ligue-pour-la-protection-de-la-revolution-sont-de-retour\/\">Au secours, la Ligue pour la protection de la r\u00e9volution est de retour!<\/a><\/p><\/blockquote>\n<p><iframe loading=\"lazy\" class=\"wp-embedded-content\" sandbox=\"allow-scripts\" security=\"restricted\" style=\"position: absolute; clip: rect(1px, 1px, 1px, 1px);\" title=\"\u00ab\u00a0Au secours, la Ligue pour la protection de la r\u00e9volution est de retour!\u00a0\u00bb &#8212; Kapitalis\" src=\"https:\/\/kapitalis.com\/tunisie\/2015\/05\/23\/au-secours-les-ligue-pour-la-protection-de-la-revolution-sont-de-retour\/embed\/#?secret=K4uL58Zd4e#?secret=5mEJ6frt6S\" data-secret=\"5mEJ6frt6S\" width=\"600\" height=\"338\" frameborder=\"0\" marginwidth=\"0\" marginheight=\"0\" scrolling=\"no\"><\/iframe><\/p>\n","protected":false},"excerpt":{"rendered":"<p>Me Fathi La\u00e2youni, la marionnette des Ligues de protection de la r\u00e9volution (LPR), milice islamiste violente dissoute par d\u00e9cision judiciaire, a \u00e9t\u00e9 investi par Ennahdha aux municipales au Kram et il vient d\u2019\u00eatre \u00e9lu, aujourd&rsquo;hui, maire de la ville.<\/p>\n","protected":false},"author":8,"featured_media":163964,"comment_status":"open","ping_status":"open","sticky":false,"template":"","format":"standard","meta":{"footnotes":""},"categories":[997,2433],"tags":[464,5138,9036,9023],"class_list":["post-163971","post","type-post","status-publish","format-standard","has-post-thumbnail","hentry","category-politique","category-tunisie","tag-imed-dghij","tag-kram","tag-ligues-de-protection-de-la-revolution","tag-lpr"],"yoast_head":"<!-- This site is optimized with the Yoast SEO plugin v26.6 - https:\/\/yoast.com\/wordpress\/plugins\/seo\/ -->\n<title>Fathi La\u00e2youni maire du Kram : Les LPR imposent leur marionnette - Kapitalis<\/title>\n<meta name=\"robots\" content=\"index, follow, max-snippet:-1, max-image-preview:large, max-video-preview:-1\" \/>\n<link rel=\"canonical\" href=\"https:\/\/kapitalis.com\/tunisie\/2018\/07\/10\/fathi-laayouni-maire-du-kram-les-lpr-imposent-leur-marionnette\/\" \/>\n<meta property=\"og:locale\" content=\"fr_FR\" \/>\n<meta property=\"og:type\" content=\"article\" \/>\n<meta property=\"og:title\" content=\"Fathi La\u00e2youni maire du Kram : Les LPR imposent leur marionnette - Kapitalis\" \/>\n<meta property=\"og:description\" content=\"Me Fathi La\u00e2youni, la marionnette des Ligues de protection de la r\u00e9volution (LPR), milice islamiste violente dissoute par d\u00e9cision judiciaire, a \u00e9t\u00e9 investi par Ennahdha aux municipales au Kram et il vient d\u2019\u00eatre \u00e9lu, aujourd&rsquo;hui, maire de la ville.\" \/>\n<meta property=\"og:url\" content=\"https:\/\/kapitalis.com\/tunisie\/2018\/07\/10\/fathi-laayouni-maire-du-kram-les-lpr-imposent-leur-marionnette\/\" \/>\n<meta property=\"og:site_name\" content=\"Kapitalis\" \/>\n<meta property=\"article:publisher\" content=\"https:\/\/www.facebook.com\/KapitalisInfo\/\" \/>\n<meta property=\"article:published_time\" content=\"2018-07-10T11:28:17+00:00\" \/>\n<meta property=\"article:modified_time\" content=\"2018-07-10T11:34:46+00:00\" \/>\n<meta property=\"og:image\" content=\"https:\/\/kapitalis.com\/tunisie\/wp-content\/uploads\/2022\/05\/kapitalis-logo-fb.png\" \/>\n\t<meta property=\"og:image:width\" content=\"1200\" \/>\n\t<meta property=\"og:image:height\" content=\"630\" \/>\n\t<meta property=\"og:image:type\" content=\"image\/png\" \/>\n<meta name=\"author\" content=\"webmaster kapitalis\" \/>\n<meta name=\"twitter:card\" content=\"summary_large_image\" \/>\n<meta name=\"twitter:creator\" content=\"@KapitalisInfo\" \/>\n<meta name=\"twitter:site\" content=\"@KapitalisInfo\" \/>\n<meta name=\"twitter:label1\" content=\"\u00c9crit par\" \/>\n\t<meta name=\"twitter:data1\" content=\"webmaster kapitalis\" \/>\n\t<meta name=\"twitter:label2\" content=\"Dur\u00e9e de lecture estim\u00e9e\" \/>\n\t<meta name=\"twitter:data2\" content=\"1 minute\" \/>\n<script type=\"application\/ld+json\" class=\"yoast-schema-graph\">{\"@context\":\"https:\/\/schema.org\",\"@graph\":[{\"@type\":\"Article\",\"@id\":\"https:\/\/kapitalis.com\/tunisie\/2018\/07\/10\/fathi-laayouni-maire-du-kram-les-lpr-imposent-leur-marionnette\/#article\",\"isPartOf\":{\"@id\":\"https:\/\/kapitalis.com\/tunisie\/2018\/07\/10\/fathi-laayouni-maire-du-kram-les-lpr-imposent-leur-marionnette\/\"},\"author\":{\"name\":\"webmaster kapitalis\",\"@id\":\"https:\/\/kapitalis.com\/tunisie\/#\/schema\/person\/d71f33a9ca44f7bad4698210b480c8e9\"},\"headline\":\"Fathi La\u00e2youni maire du Kram : Les LPR imposent leur marionnette\",\"datePublished\":\"2018-07-10T11:28:17+00:00\",\"dateModified\":\"2018-07-10T11:34:46+00:00\",\"mainEntityOfPage\":{\"@id\":\"https:\/\/kapitalis.com\/tunisie\/2018\/07\/10\/fathi-laayouni-maire-du-kram-les-lpr-imposent-leur-marionnette\/\"},\"wordCount\":247,\"commentCount\":4,\"publisher\":{\"@id\":\"https:\/\/kapitalis.com\/tunisie\/#organization\"},\"image\":{\"@id\":\"https:\/\/kapitalis.com\/tunisie\/2018\/07\/10\/fathi-laayouni-maire-du-kram-les-lpr-imposent-leur-marionnette\/#primaryimage\"},\"thumbnailUrl\":\"\",\"keywords\":[\"Imed Dghij\",\"Kram\",\"Ligues de protection de la r\u00e9volution\",\"LPR\"],\"articleSection\":[\"POLITIQUE\",\"Tunisie\"],\"inLanguage\":\"fr-FR\",\"potentialAction\":[{\"@type\":\"CommentAction\",\"name\":\"Comment\",\"target\":[\"https:\/\/kapitalis.com\/tunisie\/2018\/07\/10\/fathi-laayouni-maire-du-kram-les-lpr-imposent-leur-marionnette\/#respond\"]}]},{\"@type\":\"WebPage\",\"@id\":\"https:\/\/kapitalis.com\/tunisie\/2018\/07\/10\/fathi-laayouni-maire-du-kram-les-lpr-imposent-leur-marionnette\/\",\"url\":\"https:\/\/kapitalis.com\/tunisie\/2018\/07\/10\/fathi-laayouni-maire-du-kram-les-lpr-imposent-leur-marionnette\/\",\"name\":\"Fathi La\u00e2youni maire du Kram : Les LPR imposent leur marionnette - Kapitalis\",\"isPartOf\":{\"@id\":\"https:\/\/kapitalis.com\/tunisie\/#website\"},\"primaryImageOfPage\":{\"@id\":\"https:\/\/kapitalis.com\/tunisie\/2018\/07\/10\/fathi-laayouni-maire-du-kram-les-lpr-imposent-leur-marionnette\/#primaryimage\"},\"image\":{\"@id\":\"https:\/\/kapitalis.com\/tunisie\/2018\/07\/10\/fathi-laayouni-maire-du-kram-les-lpr-imposent-leur-marionnette\/#primaryimage\"},\"thumbnailUrl\":\"\",\"datePublished\":\"2018-07-10T11:28:17+00:00\",\"dateModified\":\"2018-07-10T11:34:46+00:00\",\"breadcrumb\":{\"@id\":\"https:\/\/kapitalis.com\/tunisie\/2018\/07\/10\/fathi-laayouni-maire-du-kram-les-lpr-imposent-leur-marionnette\/#breadcrumb\"},\"inLanguage\":\"fr-FR\",\"potentialAction\":[{\"@type\":\"ReadAction\",\"target\":[\"https:\/\/kapitalis.com\/tunisie\/2018\/07\/10\/fathi-laayouni-maire-du-kram-les-lpr-imposent-leur-marionnette\/\"]}]},{\"@type\":\"ImageObject\",\"inLanguage\":\"fr-FR\",\"@id\":\"https:\/\/kapitalis.com\/tunisie\/2018\/07\/10\/fathi-laayouni-maire-du-kram-les-lpr-imposent-leur-marionnette\/#primaryimage\",\"url\":\"\",\"contentUrl\":\"\"},{\"@type\":\"BreadcrumbList\",\"@id\":\"https:\/\/kapitalis.com\/tunisie\/2018\/07\/10\/fathi-laayouni-maire-du-kram-les-lpr-imposent-leur-marionnette\/#breadcrumb\",\"itemListElement\":[{\"@type\":\"ListItem\",\"position\":1,\"name\":\"Accueil\",\"item\":\"https:\/\/kapitalis.com\/tunisie\/\"},{\"@type\":\"ListItem\",\"position\":2,\"name\":\"Fathi La\u00e2youni maire du Kram : Les LPR imposent leur marionnette\"}]},{\"@type\":\"WebSite\",\"@id\":\"https:\/\/kapitalis.com\/tunisie\/#website\",\"url\":\"https:\/\/kapitalis.com\/tunisie\/\",\"name\":\"Kapitalis\",\"description\":\"L&#039;actualit\u00e9 en Tunisie et dans le monde\",\"publisher\":{\"@id\":\"https:\/\/kapitalis.com\/tunisie\/#organization\"},\"potentialAction\":[{\"@type\":\"SearchAction\",\"target\":{\"@type\":\"EntryPoint\",\"urlTemplate\":\"https:\/\/kapitalis.com\/tunisie\/?s={search_term_string}\"},\"query-input\":{\"@type\":\"PropertyValueSpecification\",\"valueRequired\":true,\"valueName\":\"search_term_string\"}}],\"inLanguage\":\"fr-FR\"},{\"@type\":\"Organization\",\"@id\":\"https:\/\/kapitalis.com\/tunisie\/#organization\",\"name\":\"Kapitalis\",\"url\":\"https:\/\/kapitalis.com\/tunisie\/\",\"logo\":{\"@type\":\"ImageObject\",\"inLanguage\":\"fr-FR\",\"@id\":\"https:\/\/kapitalis.com\/tunisie\/#\/schema\/logo\/image\/\",\"url\":\"https:\/\/kapitalis.com\/tunisie\/wp-content\/uploads\/2022\/05\/Kapitalis-big-size.png\",\"contentUrl\":\"https:\/\/kapitalis.com\/tunisie\/wp-content\/uploads\/2022\/05\/Kapitalis-big-size.png\",\"width\":5000,\"height\":1500,\"caption\":\"Kapitalis\"},\"image\":{\"@id\":\"https:\/\/kapitalis.com\/tunisie\/#\/schema\/logo\/image\/\"},\"sameAs\":[\"https:\/\/www.facebook.com\/KapitalisInfo\/\",\"https:\/\/x.com\/KapitalisInfo\",\"https:\/\/www.youtube.com\/channel\/UC-yDYrHyfFBWWZaOw3FPg9Q\"]},{\"@type\":\"Person\",\"@id\":\"https:\/\/kapitalis.com\/tunisie\/#\/schema\/person\/d71f33a9ca44f7bad4698210b480c8e9\",\"name\":\"webmaster kapitalis\",\"url\":\"https:\/\/kapitalis.com\/tunisie\/author\/webmaster-kapitalis\/\"}]}<\/script>\n<!-- \/ Yoast SEO plugin. -->","yoast_head_json":{"title":"Fathi La\u00e2youni maire du Kram : Les LPR imposent leur marionnette - Kapitalis","robots":{"index":"index","follow":"follow","max-snippet":"max-snippet:-1","max-image-preview":"max-image-preview:large","max-video-preview":"max-video-preview:-1"},"canonical":"https:\/\/kapitalis.com\/tunisie\/2018\/07\/10\/fathi-laayouni-maire-du-kram-les-lpr-imposent-leur-marionnette\/","og_locale":"fr_FR","og_type":"article","og_title":"Fathi La\u00e2youni maire du Kram : Les LPR imposent leur marionnette - Kapitalis","og_description":"Me Fathi La\u00e2youni, la marionnette des Ligues de protection de la r\u00e9volution (LPR), milice islamiste violente dissoute par d\u00e9cision judiciaire, a \u00e9t\u00e9 investi par Ennahdha aux municipales au Kram et il vient d\u2019\u00eatre \u00e9lu, aujourd&rsquo;hui, maire de la ville.","og_url":"https:\/\/kapitalis.com\/tunisie\/2018\/07\/10\/fathi-laayouni-maire-du-kram-les-lpr-imposent-leur-marionnette\/","og_site_name":"Kapitalis","article_publisher":"https:\/\/www.facebook.com\/KapitalisInfo\/","article_published_time":"2018-07-10T11:28:17+00:00","article_modified_time":"2018-07-10T11:34:46+00:00","og_image":[{"width":1200,"height":630,"url":"https:\/\/kapitalis.com\/tunisie\/wp-content\/uploads\/2022\/05\/kapitalis-logo-fb.png","type":"image\/png"}],"author":"webmaster kapitalis","twitter_card":"summary_large_image","twitter_creator":"@KapitalisInfo","twitter_site":"@KapitalisInfo","twitter_misc":{"\u00c9crit par":"webmaster kapitalis","Dur\u00e9e de lecture estim\u00e9e":"1 minute"},"schema":{"@context":"https:\/\/schema.org","@graph":[{"@type":"Article","@id":"https:\/\/kapitalis.com\/tunisie\/2018\/07\/10\/fathi-laayouni-maire-du-kram-les-lpr-imposent-leur-marionnette\/#article","isPartOf":{"@id":"https:\/\/kapitalis.com\/tunisie\/2018\/07\/10\/fathi-laayouni-maire-du-kram-les-lpr-imposent-leur-marionnette\/"},"author":{"name":"webmaster kapitalis","@id":"https:\/\/kapitalis.com\/tunisie\/#\/schema\/person\/d71f33a9ca44f7bad4698210b480c8e9"},"headline":"Fathi La\u00e2youni maire du Kram : Les LPR imposent leur marionnette","datePublished":"2018-07-10T11:28:17+00:00","dateModified":"2018-07-10T11:34:46+00:00","mainEntityOfPage":{"@id":"https:\/\/kapitalis.com\/tunisie\/2018\/07\/10\/fathi-laayouni-maire-du-kram-les-lpr-imposent-leur-marionnette\/"},"wordCount":247,"commentCount":4,"publisher":{"@id":"https:\/\/kapitalis.com\/tunisie\/#organization"},"image":{"@id":"https:\/\/kapitalis.com\/tunisie\/2018\/07\/10\/fathi-laayouni-maire-du-kram-les-lpr-imposent-leur-marionnette\/#primaryimage"},"thumbnailUrl":"","keywords":["Imed Dghij","Kram","Ligues de protection de la r\u00e9volution","LPR"],"articleSection":["POLITIQUE","Tunisie"],"inLanguage":"fr-FR","potentialAction":[{"@type":"CommentAction","name":"Comment","target":["https:\/\/kapitalis.com\/tunisie\/2018\/07\/10\/fathi-laayouni-maire-du-kram-les-lpr-imposent-leur-marionnette\/#respond"]}]},{"@type":"WebPage","@id":"https:\/\/kapitalis.com\/tunisie\/2018\/07\/10\/fathi-laayouni-maire-du-kram-les-lpr-imposent-leur-marionnette\/","url":"https:\/\/kapitalis.com\/tunisie\/2018\/07\/10\/fathi-laayouni-maire-du-kram-les-lpr-imposent-leur-marionnette\/","name":"Fathi La\u00e2youni maire du Kram : Les LPR imposent leur marionnette - Kapitalis","isPartOf":{"@id":"https:\/\/kapitalis.com\/tunisie\/#website"},"primaryImageOfPage":{"@id":"https:\/\/kapitalis.com\/tunisie\/2018\/07\/10\/fathi-laayouni-maire-du-kram-les-lpr-imposent-leur-marionnette\/#primaryimage"},"image":{"@id":"https:\/\/kapitalis.com\/tunisie\/2018\/07\/10\/fathi-laayouni-maire-du-kram-les-lpr-imposent-leur-marionnette\/#primaryimage"},"thumbnailUrl":"","datePublished":"2018-07-10T11:28:17+00:00","dateModified":"2018-07-10T11:34:46+00:00","breadcrumb":{"@id":"https:\/\/kapitalis.com\/tunisie\/2018\/07\/10\/fathi-laayouni-maire-du-kram-les-lpr-imposent-leur-marionnette\/#breadcrumb"},"inLanguage":"fr-FR","potentialAction":[{"@type":"ReadAction","target":["https:\/\/kapitalis.com\/tunisie\/2018\/07\/10\/fathi-laayouni-maire-du-kram-les-lpr-imposent-leur-marionnette\/"]}]},{"@type":"ImageObject","inLanguage":"fr-FR","@id":"https:\/\/kapitalis.com\/tunisie\/2018\/07\/10\/fathi-laayouni-maire-du-kram-les-lpr-imposent-leur-marionnette\/#primaryimage","url":"","contentUrl":""},{"@type":"BreadcrumbList","@id":"https:\/\/kapitalis.com\/tunisie\/2018\/07\/10\/fathi-laayouni-maire-du-kram-les-lpr-imposent-leur-marionnette\/#breadcrumb","itemListElement":[{"@type":"ListItem","position":1,"name":"Accueil","item":"https:\/\/kapitalis.com\/tunisie\/"},{"@type":"ListItem","position":2,"name":"Fathi La\u00e2youni maire du Kram : Les LPR imposent leur marionnette"}]},{"@type":"WebSite","@id":"https:\/\/kapitalis.com\/tunisie\/#website","url":"https:\/\/kapitalis.com\/tunisie\/","name":"Kapitalis","description":"L&#039;actualit\u00e9 en Tunisie et dans le monde","publisher":{"@id":"https:\/\/kapitalis.com\/tunisie\/#organization"},"potentialAction":[{"@type":"SearchAction","target":{"@type":"EntryPoint","urlTemplate":"https:\/\/kapitalis.com\/tunisie\/?s={search_term_string}"},"query-input":{"@type":"PropertyValueSpecification","valueRequired":true,"valueName":"search_term_string"}}],"inLanguage":"fr-FR"},{"@type":"Organization","@id":"https:\/\/kapitalis.com\/tunisie\/#organization","name":"Kapitalis","url":"https:\/\/kapitalis.com\/tunisie\/","logo":{"@type":"ImageObject","inLanguage":"fr-FR","@id":"https:\/\/kapitalis.com\/tunisie\/#\/schema\/logo\/image\/","url":"https:\/\/kapitalis.com\/tunisie\/wp-content\/uploads\/2022\/05\/Kapitalis-big-size.png","contentUrl":"https:\/\/kapitalis.com\/tunisie\/wp-content\/uploads\/2022\/05\/Kapitalis-big-size.png","width":5000,"height":1500,"caption":"Kapitalis"},"image":{"@id":"https:\/\/kapitalis.com\/tunisie\/#\/schema\/logo\/image\/"},"sameAs":["https:\/\/www.facebook.com\/KapitalisInfo\/","https:\/\/x.com\/KapitalisInfo","https:\/\/www.youtube.com\/channel\/UC-yDYrHyfFBWWZaOw3FPg9Q"]},{"@type":"Person","@id":"https:\/\/kapitalis.com\/tunisie\/#\/schema\/person\/d71f33a9ca44f7bad4698210b480c8e9","name":"webmaster kapitalis","url":"https:\/\/kapitalis.com\/tunisie\/author\/webmaster-kapitalis\/"}]}},"_links":{"self":[{"href":"https:\/\/kapitalis.com\/tunisie\/wp-json\/wp\/v2\/posts\/163971","targetHints":{"allow":["GET"]}}],"collection":[{"href":"https:\/\/kapitalis.com\/tunisie\/wp-json\/wp\/v2\/posts"}],"about":[{"href":"https:\/\/kapitalis.com\/tunisie\/wp-json\/wp\/v2\/types\/post"}],"author":[{"embeddable":true,"href":"https:\/\/kapitalis.com\/tunisie\/wp-json\/wp\/v2\/users\/8"}],"replies":[{"embeddable":true,"href":"https:\/\/kapitalis.com\/tunisie\/wp-json\/wp\/v2\/comments?post=163971"}],"version-history":[{"count":0,"href":"https:\/\/kapitalis.com\/tunisie\/wp-json\/wp\/v2\/posts\/163971\/revisions"}],"wp:featuredmedia":[{"embeddable":true,"href":"https:\/\/kapitalis.com\/tunisie\/wp-json\/wp\/v2\/media\/163964"}],"wp:attachment":[{"href":"https:\/\/kapitalis.com\/tunisie\/wp-json\/wp\/v2\/media?parent=163971"}],"wp:term":[{"taxonomy":"category","embeddable":true,"href":"https:\/\/kapitalis.com\/tunisie\/wp-json\/wp\/v2\/categories?post=163971"},{"taxonomy":"post_tag","embeddable":true,"href":"https:\/\/kapitalis.com\/tunisie\/wp-json\/wp\/v2\/tags?post=163971"}],"curies":[{"name":"wp","href":"https:\/\/api.w.org\/{rel}","templated":true}]}}