{"id":1644527,"date":"2022-06-21T19:26:15","date_gmt":"2022-06-21T18:26:15","guid":{"rendered":"https:\/\/kapitalis.com\/tunisie\/?p=1644527"},"modified":"2022-06-21T19:29:06","modified_gmt":"2022-06-21T18:29:06","slug":"tunisie-jeudi-23-juin-2022-journee-de-colere-des-magistrats-en-greve-pour-la-3e-semaine","status":"publish","type":"post","link":"https:\/\/kapitalis.com\/tunisie\/2022\/06\/21\/tunisie-jeudi-23-juin-2022-journee-de-colere-des-magistrats-en-greve-pour-la-3e-semaine\/","title":{"rendered":"Tunisie : Jeudi 23 juin 2022, Journ\u00e9e de col\u00e8re des magistrats, en gr\u00e8ve pour la 3e semaine"},"content":{"rendered":"\n\n\n<p><strong><em>La coordination des structures judiciaires, et \u00e0 leur t\u00eate l\u2019Association des magistrats tunisiens (AMT), a annonc\u00e9 ce mardi 21 juin 2022, la date de la journ\u00e9e de col\u00e8re qui sera organis\u00e9e jeudi prochain devant le Palais de Justice \u00e0 Tunis.<\/em><\/strong><\/p>\n\n\n\n<!--more-->\n\n\n\n<p>Cette journ\u00e9e de col\u00e8re, qui survient alors que les juges sont \u00e0 leur 3e semaine cons\u00e9cutive de gr\u00e8ve, vise \u00e0 d\u00e9noncer et \u00e0 r\u00e9clamer l&rsquo;annulation du d\u00e9cret pr\u00e9sidentiel relatif \u00e0 la r\u00e9vocation de 57 magistrats par le pr\u00e9sident de la r\u00e9publique, et aussi \u00e0 <em>\u00abfaire face aux tentatives de soumission du pouvoir judiciaire\u00bb,<\/em> lit-on dans le communiqu\u00e9 des structures judiciaires publi\u00e9 \u00e0 l&rsquo;issue de leur r\u00e9union, ce jour.<\/p>\n\n\n\n<p>Ainsi, la coordination regroupant l&rsquo;AMT, le Syndicat des magistrats tunisiens (SMT), l\u2019Union des magistrats de la Cour des comptes (UMCC), l\u2019Association des magistrates tunisiennes, l\u2019Union des magistrats administratifs (UMA) et l\u2019Association tunisienne des jeunes magistrats (ATJM) appelle tous les juges \u00e0 prendre part \u00e0 cette journ\u00e9e de col\u00e8re, qui aura lieu devant le palais de Justice \u00e0 10h, ainsi que les m\u00e9dias, invit\u00e9s \u00e0 couvrir cet \u00e9v\u00e8nement.<\/p>\n\n\n\n<p>On notera que des juges, parmi ceux r\u00e9voqu\u00e9s (pour liens avec des affaires de corruption, de contrebande, de trafic entre autres abus \u00e9num\u00e9r\u00e9s par le pr\u00e9sident), ont entam\u00e9 une gr\u00e8ve de la faim.<\/p>\n\n\n\n<p class=\"has-text-align-right\"><strong>Y. N.<\/strong><\/p>\n\n\n\n<figure class=\"wp-block-embed is-type-wp-embed is-provider-kapitalis wp-block-embed-kapitalis\"><div class=\"wp-block-embed__wrapper\">\n<blockquote class=\"wp-embedded-content\" data-secret=\"pEX6wVTzTp\"><a href=\"https:\/\/kapitalis.com\/tunisie\/2022\/06\/18\/tunisie-les-magistrats-prolongent-leur-greve-dune-semaine-a-compter-du-20-juin\/\">Tunisie : Les magistrats prolongent leur gr\u00e8ve d\u2019une semaine \u00e0 compter du 20 juin<\/a><\/blockquote><iframe loading=\"lazy\" class=\"wp-embedded-content\" sandbox=\"allow-scripts\" security=\"restricted\" style=\"position: absolute; clip: rect(1px, 1px, 1px, 1px);\" title=\"\u00ab\u00a0Tunisie : Les magistrats prolongent leur gr\u00e8ve d\u2019une semaine \u00e0 compter du 20 juin\u00a0\u00bb &#8212; Kapitalis\" src=\"https:\/\/kapitalis.com\/tunisie\/2022\/06\/18\/tunisie-les-magistrats-prolongent-leur-greve-dune-semaine-a-compter-du-20-juin\/embed\/#?secret=h9KDk1MZay#?secret=pEX6wVTzTp\" data-secret=\"pEX6wVTzTp\" width=\"600\" height=\"338\" frameborder=\"0\" marginwidth=\"0\" marginheight=\"0\" scrolling=\"no\"><\/iframe>\n<\/div><\/figure>\n\n\n\n<figure class=\"wp-block-embed is-type-wp-embed is-provider-kapitalis wp-block-embed-kapitalis\"><div class=\"wp-block-embed__wrapper\">\n<blockquote class=\"wp-embedded-content\" data-secret=\"cK90UAKYPM\"><a href=\"https:\/\/kapitalis.com\/tunisie\/2022\/06\/20\/les-juges-en-greve-pour-la-3e-semaine-en-tunisie-lordre-des-avocats-denonce-et-appelle-a-trouver-une-solution-urgente\/\">Les juges en gr\u00e8ve pour la 3e semaine en Tunisie : L\u2019Ordre des avocats d\u00e9nonce et appelle \u00e0 trouver une solution urgente<\/a><\/blockquote><iframe loading=\"lazy\" class=\"wp-embedded-content\" sandbox=\"allow-scripts\" security=\"restricted\" style=\"position: absolute; clip: rect(1px, 1px, 1px, 1px);\" title=\"\u00ab\u00a0Les juges en gr\u00e8ve pour la 3e semaine en Tunisie : L\u2019Ordre des avocats d\u00e9nonce et appelle \u00e0 trouver une solution urgente\u00a0\u00bb &#8212; Kapitalis\" src=\"https:\/\/kapitalis.com\/tunisie\/2022\/06\/20\/les-juges-en-greve-pour-la-3e-semaine-en-tunisie-lordre-des-avocats-denonce-et-appelle-a-trouver-une-solution-urgente\/embed\/#?secret=IiKEk74Uhl#?secret=cK90UAKYPM\" data-secret=\"cK90UAKYPM\" width=\"600\" height=\"338\" frameborder=\"0\" marginwidth=\"0\" marginheight=\"0\" scrolling=\"no\"><\/iframe>\n<\/div><\/figure>\n","protected":false},"excerpt":{"rendered":"<p>Tunisie : Jeudi 23 juin 2022, Journ\u00e9e de col\u00e8re des magistrats en gr\u00e8ve pour la 3e semaine<\/p>\n","protected":false},"author":6,"featured_media":1618215,"comment_status":"open","ping_status":"open","sticky":false,"template":"","format":"standard","meta":{"footnotes":""},"categories":[998,2433],"tags":[71,425,100804,2319,76012,4650,100305,62643],"class_list":["post-1644527","post","type-post","status-publish","format-standard","has-post-thumbnail","hentry","category-societe","category-tunisie","tag-amt","tag-greve","tag-journee-colere","tag-juges","tag-kais-saied-2","tag-magistrats","tag-revocation","tag-tunisie"],"yoast_head":"<!-- This site is optimized with the Yoast SEO plugin v26.6 - https:\/\/yoast.com\/wordpress\/plugins\/seo\/ -->\n<title>Tunisie : Jeudi 23 juin 2022, Journ\u00e9e de col\u00e8re des magistrats, en gr\u00e8ve pour la 3e semaine - Kapitalis<\/title>\n<meta name=\"description\" content=\"La coordination des structures judiciaires, et \u00e0 leur t\u00eate l\u2019Association des magistrats tunisiens (AMT), a annonc\u00e9 ce mardi 21 juin 2022, la date de la journ\u00e9e de col\u00e8re qui sera organis\u00e9e jeudi prochain devant le Palais de Justice \u00e0 Tunis.\" \/>\n<meta name=\"robots\" content=\"index, follow, max-snippet:-1, max-image-preview:large, max-video-preview:-1\" \/>\n<link rel=\"canonical\" href=\"https:\/\/kapitalis.com\/tunisie\/2022\/06\/21\/tunisie-jeudi-23-juin-2022-journee-de-colere-des-magistrats-en-greve-pour-la-3e-semaine\/\" \/>\n<meta property=\"og:locale\" content=\"fr_FR\" \/>\n<meta property=\"og:type\" content=\"article\" \/>\n<meta property=\"og:title\" content=\"Tunisie : Jeudi 23 juin 2022, Journ\u00e9e de col\u00e8re des magistrats, en gr\u00e8ve pour la 3e semaine - Kapitalis\" \/>\n<meta property=\"og:description\" content=\"La coordination des structures judiciaires, et \u00e0 leur t\u00eate l\u2019Association des magistrats tunisiens (AMT), a annonc\u00e9 ce mardi 21 juin 2022, la date de la journ\u00e9e de col\u00e8re qui sera organis\u00e9e jeudi prochain devant le Palais de Justice \u00e0 Tunis.\" \/>\n<meta property=\"og:url\" content=\"https:\/\/kapitalis.com\/tunisie\/2022\/06\/21\/tunisie-jeudi-23-juin-2022-journee-de-colere-des-magistrats-en-greve-pour-la-3e-semaine\/\" \/>\n<meta property=\"og:site_name\" content=\"Kapitalis\" \/>\n<meta property=\"article:publisher\" content=\"https:\/\/www.facebook.com\/KapitalisInfo\/\" \/>\n<meta property=\"article:published_time\" content=\"2022-06-21T18:26:15+00:00\" \/>\n<meta property=\"article:modified_time\" content=\"2022-06-21T18:29:06+00:00\" \/>\n<meta property=\"og:image\" content=\"https:\/\/kapitalis.com\/tunisie\/wp-content\/uploads\/2022\/06\/juges-tunisie.jpg\" \/>\n\t<meta property=\"og:image:width\" content=\"1200\" \/>\n\t<meta property=\"og:image:height\" content=\"620\" \/>\n\t<meta property=\"og:image:type\" content=\"image\/jpeg\" \/>\n<meta name=\"author\" content=\"Yusra NY\" \/>\n<meta name=\"twitter:card\" content=\"summary_large_image\" \/>\n<meta name=\"twitter:creator\" content=\"@KapitalisInfo\" \/>\n<meta name=\"twitter:site\" content=\"@KapitalisInfo\" \/>\n<meta name=\"twitter:label1\" content=\"\u00c9crit par\" \/>\n\t<meta name=\"twitter:data1\" content=\"Yusra NY\" \/>\n\t<meta name=\"twitter:label2\" content=\"Dur\u00e9e de lecture estim\u00e9e\" \/>\n\t<meta name=\"twitter:data2\" content=\"2 minutes\" \/>\n<script type=\"application\/ld+json\" class=\"yoast-schema-graph\">{\"@context\":\"https:\/\/schema.org\",\"@graph\":[{\"@type\":\"Article\",\"@id\":\"https:\/\/kapitalis.com\/tunisie\/2022\/06\/21\/tunisie-jeudi-23-juin-2022-journee-de-colere-des-magistrats-en-greve-pour-la-3e-semaine\/#article\",\"isPartOf\":{\"@id\":\"https:\/\/kapitalis.com\/tunisie\/2022\/06\/21\/tunisie-jeudi-23-juin-2022-journee-de-colere-des-magistrats-en-greve-pour-la-3e-semaine\/\"},\"author\":{\"name\":\"Yusra NY\",\"@id\":\"https:\/\/kapitalis.com\/tunisie\/#\/schema\/person\/74bbde0154d49d790a92aaeac5bc01d5\"},\"headline\":\"Tunisie : Jeudi 23 juin 2022, Journ\u00e9e de col\u00e8re des magistrats, en gr\u00e8ve pour la 3e semaine\",\"datePublished\":\"2022-06-21T18:26:15+00:00\",\"dateModified\":\"2022-06-21T18:29:06+00:00\",\"mainEntityOfPage\":{\"@id\":\"https:\/\/kapitalis.com\/tunisie\/2022\/06\/21\/tunisie-jeudi-23-juin-2022-journee-de-colere-des-magistrats-en-greve-pour-la-3e-semaine\/\"},\"wordCount\":256,\"commentCount\":1,\"publisher\":{\"@id\":\"https:\/\/kapitalis.com\/tunisie\/#organization\"},\"image\":{\"@id\":\"https:\/\/kapitalis.com\/tunisie\/2022\/06\/21\/tunisie-jeudi-23-juin-2022-journee-de-colere-des-magistrats-en-greve-pour-la-3e-semaine\/#primaryimage\"},\"thumbnailUrl\":\"https:\/\/kapitalis.com\/tunisie\/wp-content\/uploads\/2022\/06\/juges-tunisie.jpg\",\"keywords\":[\"AMT\",\"gr\u00e8ve\",\"journ\u00e9e col\u00e8re\",\"juges\",\"Ka\u00efs Sa\u00efed\",\"magistrats\",\"r\u00e9vocation\",\"Tunisie\"],\"articleSection\":[\"SOCIETE\",\"Tunisie\"],\"inLanguage\":\"fr-FR\",\"potentialAction\":[{\"@type\":\"CommentAction\",\"name\":\"Comment\",\"target\":[\"https:\/\/kapitalis.com\/tunisie\/2022\/06\/21\/tunisie-jeudi-23-juin-2022-journee-de-colere-des-magistrats-en-greve-pour-la-3e-semaine\/#respond\"]}]},{\"@type\":\"WebPage\",\"@id\":\"https:\/\/kapitalis.com\/tunisie\/2022\/06\/21\/tunisie-jeudi-23-juin-2022-journee-de-colere-des-magistrats-en-greve-pour-la-3e-semaine\/\",\"url\":\"https:\/\/kapitalis.com\/tunisie\/2022\/06\/21\/tunisie-jeudi-23-juin-2022-journee-de-colere-des-magistrats-en-greve-pour-la-3e-semaine\/\",\"name\":\"Tunisie : Jeudi 23 juin 2022, Journ\u00e9e de col\u00e8re des magistrats, en gr\u00e8ve pour la 3e semaine - Kapitalis\",\"isPartOf\":{\"@id\":\"https:\/\/kapitalis.com\/tunisie\/#website\"},\"primaryImageOfPage\":{\"@id\":\"https:\/\/kapitalis.com\/tunisie\/2022\/06\/21\/tunisie-jeudi-23-juin-2022-journee-de-colere-des-magistrats-en-greve-pour-la-3e-semaine\/#primaryimage\"},\"image\":{\"@id\":\"https:\/\/kapitalis.com\/tunisie\/2022\/06\/21\/tunisie-jeudi-23-juin-2022-journee-de-colere-des-magistrats-en-greve-pour-la-3e-semaine\/#primaryimage\"},\"thumbnailUrl\":\"https:\/\/kapitalis.com\/tunisie\/wp-content\/uploads\/2022\/06\/juges-tunisie.jpg\",\"datePublished\":\"2022-06-21T18:26:15+00:00\",\"dateModified\":\"2022-06-21T18:29:06+00:00\",\"description\":\"La coordination des structures judiciaires, et \u00e0 leur t\u00eate l\u2019Association des magistrats tunisiens (AMT), a annonc\u00e9 ce mardi 21 juin 2022, la date de la journ\u00e9e de col\u00e8re qui sera organis\u00e9e jeudi prochain devant le Palais de Justice \u00e0 Tunis.\",\"breadcrumb\":{\"@id\":\"https:\/\/kapitalis.com\/tunisie\/2022\/06\/21\/tunisie-jeudi-23-juin-2022-journee-de-colere-des-magistrats-en-greve-pour-la-3e-semaine\/#breadcrumb\"},\"inLanguage\":\"fr-FR\",\"potentialAction\":[{\"@type\":\"ReadAction\",\"target\":[\"https:\/\/kapitalis.com\/tunisie\/2022\/06\/21\/tunisie-jeudi-23-juin-2022-journee-de-colere-des-magistrats-en-greve-pour-la-3e-semaine\/\"]}]},{\"@type\":\"ImageObject\",\"inLanguage\":\"fr-FR\",\"@id\":\"https:\/\/kapitalis.com\/tunisie\/2022\/06\/21\/tunisie-jeudi-23-juin-2022-journee-de-colere-des-magistrats-en-greve-pour-la-3e-semaine\/#primaryimage\",\"url\":\"https:\/\/kapitalis.com\/tunisie\/wp-content\/uploads\/2022\/06\/juges-tunisie.jpg\",\"contentUrl\":\"https:\/\/kapitalis.com\/tunisie\/wp-content\/uploads\/2022\/06\/juges-tunisie.jpg\",\"width\":1200,\"height\":620},{\"@type\":\"BreadcrumbList\",\"@id\":\"https:\/\/kapitalis.com\/tunisie\/2022\/06\/21\/tunisie-jeudi-23-juin-2022-journee-de-colere-des-magistrats-en-greve-pour-la-3e-semaine\/#breadcrumb\",\"itemListElement\":[{\"@type\":\"ListItem\",\"position\":1,\"name\":\"Accueil\",\"item\":\"https:\/\/kapitalis.com\/tunisie\/\"},{\"@type\":\"ListItem\",\"position\":2,\"name\":\"Tunisie : Jeudi 23 juin 2022, Journ\u00e9e de col\u00e8re des magistrats, en gr\u00e8ve pour la 3e semaine\"}]},{\"@type\":\"WebSite\",\"@id\":\"https:\/\/kapitalis.com\/tunisie\/#website\",\"url\":\"https:\/\/kapitalis.com\/tunisie\/\",\"name\":\"Kapitalis\",\"description\":\"L&#039;actualit\u00e9 en Tunisie et dans le monde\",\"publisher\":{\"@id\":\"https:\/\/kapitalis.com\/tunisie\/#organization\"},\"potentialAction\":[{\"@type\":\"SearchAction\",\"target\":{\"@type\":\"EntryPoint\",\"urlTemplate\":\"https:\/\/kapitalis.com\/tunisie\/?s={search_term_string}\"},\"query-input\":{\"@type\":\"PropertyValueSpecification\",\"valueRequired\":true,\"valueName\":\"search_term_string\"}}],\"inLanguage\":\"fr-FR\"},{\"@type\":\"Organization\",\"@id\":\"https:\/\/kapitalis.com\/tunisie\/#organization\",\"name\":\"Kapitalis\",\"url\":\"https:\/\/kapitalis.com\/tunisie\/\",\"logo\":{\"@type\":\"ImageObject\",\"inLanguage\":\"fr-FR\",\"@id\":\"https:\/\/kapitalis.com\/tunisie\/#\/schema\/logo\/image\/\",\"url\":\"https:\/\/kapitalis.com\/tunisie\/wp-content\/uploads\/2022\/05\/Kapitalis-big-size.png\",\"contentUrl\":\"https:\/\/kapitalis.com\/tunisie\/wp-content\/uploads\/2022\/05\/Kapitalis-big-size.png\",\"width\":5000,\"height\":1500,\"caption\":\"Kapitalis\"},\"image\":{\"@id\":\"https:\/\/kapitalis.com\/tunisie\/#\/schema\/logo\/image\/\"},\"sameAs\":[\"https:\/\/www.facebook.com\/KapitalisInfo\/\",\"https:\/\/x.com\/KapitalisInfo\",\"https:\/\/www.youtube.com\/channel\/UC-yDYrHyfFBWWZaOw3FPg9Q\"]},{\"@type\":\"Person\",\"@id\":\"https:\/\/kapitalis.com\/tunisie\/#\/schema\/person\/74bbde0154d49d790a92aaeac5bc01d5\",\"name\":\"Yusra NY\",\"url\":\"https:\/\/kapitalis.com\/tunisie\/author\/yuza_adam\/\"}]}<\/script>\n<!-- \/ Yoast SEO plugin. -->","yoast_head_json":{"title":"Tunisie : Jeudi 23 juin 2022, Journ\u00e9e de col\u00e8re des magistrats, en gr\u00e8ve pour la 3e semaine - Kapitalis","description":"La coordination des structures judiciaires, et \u00e0 leur t\u00eate l\u2019Association des magistrats tunisiens (AMT), a annonc\u00e9 ce mardi 21 juin 2022, la date de la journ\u00e9e de col\u00e8re qui sera organis\u00e9e jeudi prochain devant le Palais de Justice \u00e0 Tunis.","robots":{"index":"index","follow":"follow","max-snippet":"max-snippet:-1","max-image-preview":"max-image-preview:large","max-video-preview":"max-video-preview:-1"},"canonical":"https:\/\/kapitalis.com\/tunisie\/2022\/06\/21\/tunisie-jeudi-23-juin-2022-journee-de-colere-des-magistrats-en-greve-pour-la-3e-semaine\/","og_locale":"fr_FR","og_type":"article","og_title":"Tunisie : Jeudi 23 juin 2022, Journ\u00e9e de col\u00e8re des magistrats, en gr\u00e8ve pour la 3e semaine - Kapitalis","og_description":"La coordination des structures judiciaires, et \u00e0 leur t\u00eate l\u2019Association des magistrats tunisiens (AMT), a annonc\u00e9 ce mardi 21 juin 2022, la date de la journ\u00e9e de col\u00e8re qui sera organis\u00e9e jeudi prochain devant le Palais de Justice \u00e0 Tunis.","og_url":"https:\/\/kapitalis.com\/tunisie\/2022\/06\/21\/tunisie-jeudi-23-juin-2022-journee-de-colere-des-magistrats-en-greve-pour-la-3e-semaine\/","og_site_name":"Kapitalis","article_publisher":"https:\/\/www.facebook.com\/KapitalisInfo\/","article_published_time":"2022-06-21T18:26:15+00:00","article_modified_time":"2022-06-21T18:29:06+00:00","og_image":[{"width":1200,"height":620,"url":"https:\/\/kapitalis.com\/tunisie\/wp-content\/uploads\/2022\/06\/juges-tunisie.jpg","type":"image\/jpeg"}],"author":"Yusra NY","twitter_card":"summary_large_image","twitter_creator":"@KapitalisInfo","twitter_site":"@KapitalisInfo","twitter_misc":{"\u00c9crit par":"Yusra NY","Dur\u00e9e de lecture estim\u00e9e":"2 minutes"},"schema":{"@context":"https:\/\/schema.org","@graph":[{"@type":"Article","@id":"https:\/\/kapitalis.com\/tunisie\/2022\/06\/21\/tunisie-jeudi-23-juin-2022-journee-de-colere-des-magistrats-en-greve-pour-la-3e-semaine\/#article","isPartOf":{"@id":"https:\/\/kapitalis.com\/tunisie\/2022\/06\/21\/tunisie-jeudi-23-juin-2022-journee-de-colere-des-magistrats-en-greve-pour-la-3e-semaine\/"},"author":{"name":"Yusra NY","@id":"https:\/\/kapitalis.com\/tunisie\/#\/schema\/person\/74bbde0154d49d790a92aaeac5bc01d5"},"headline":"Tunisie : Jeudi 23 juin 2022, Journ\u00e9e de col\u00e8re des magistrats, en gr\u00e8ve pour la 3e semaine","datePublished":"2022-06-21T18:26:15+00:00","dateModified":"2022-06-21T18:29:06+00:00","mainEntityOfPage":{"@id":"https:\/\/kapitalis.com\/tunisie\/2022\/06\/21\/tunisie-jeudi-23-juin-2022-journee-de-colere-des-magistrats-en-greve-pour-la-3e-semaine\/"},"wordCount":256,"commentCount":1,"publisher":{"@id":"https:\/\/kapitalis.com\/tunisie\/#organization"},"image":{"@id":"https:\/\/kapitalis.com\/tunisie\/2022\/06\/21\/tunisie-jeudi-23-juin-2022-journee-de-colere-des-magistrats-en-greve-pour-la-3e-semaine\/#primaryimage"},"thumbnailUrl":"https:\/\/kapitalis.com\/tunisie\/wp-content\/uploads\/2022\/06\/juges-tunisie.jpg","keywords":["AMT","gr\u00e8ve","journ\u00e9e col\u00e8re","juges","Ka\u00efs Sa\u00efed","magistrats","r\u00e9vocation","Tunisie"],"articleSection":["SOCIETE","Tunisie"],"inLanguage":"fr-FR","potentialAction":[{"@type":"CommentAction","name":"Comment","target":["https:\/\/kapitalis.com\/tunisie\/2022\/06\/21\/tunisie-jeudi-23-juin-2022-journee-de-colere-des-magistrats-en-greve-pour-la-3e-semaine\/#respond"]}]},{"@type":"WebPage","@id":"https:\/\/kapitalis.com\/tunisie\/2022\/06\/21\/tunisie-jeudi-23-juin-2022-journee-de-colere-des-magistrats-en-greve-pour-la-3e-semaine\/","url":"https:\/\/kapitalis.com\/tunisie\/2022\/06\/21\/tunisie-jeudi-23-juin-2022-journee-de-colere-des-magistrats-en-greve-pour-la-3e-semaine\/","name":"Tunisie : Jeudi 23 juin 2022, Journ\u00e9e de col\u00e8re des magistrats, en gr\u00e8ve pour la 3e semaine - Kapitalis","isPartOf":{"@id":"https:\/\/kapitalis.com\/tunisie\/#website"},"primaryImageOfPage":{"@id":"https:\/\/kapitalis.com\/tunisie\/2022\/06\/21\/tunisie-jeudi-23-juin-2022-journee-de-colere-des-magistrats-en-greve-pour-la-3e-semaine\/#primaryimage"},"image":{"@id":"https:\/\/kapitalis.com\/tunisie\/2022\/06\/21\/tunisie-jeudi-23-juin-2022-journee-de-colere-des-magistrats-en-greve-pour-la-3e-semaine\/#primaryimage"},"thumbnailUrl":"https:\/\/kapitalis.com\/tunisie\/wp-content\/uploads\/2022\/06\/juges-tunisie.jpg","datePublished":"2022-06-21T18:26:15+00:00","dateModified":"2022-06-21T18:29:06+00:00","description":"La coordination des structures judiciaires, et \u00e0 leur t\u00eate l\u2019Association des magistrats tunisiens (AMT), a annonc\u00e9 ce mardi 21 juin 2022, la date de la journ\u00e9e de col\u00e8re qui sera organis\u00e9e jeudi prochain devant le Palais de Justice \u00e0 Tunis.","breadcrumb":{"@id":"https:\/\/kapitalis.com\/tunisie\/2022\/06\/21\/tunisie-jeudi-23-juin-2022-journee-de-colere-des-magistrats-en-greve-pour-la-3e-semaine\/#breadcrumb"},"inLanguage":"fr-FR","potentialAction":[{"@type":"ReadAction","target":["https:\/\/kapitalis.com\/tunisie\/2022\/06\/21\/tunisie-jeudi-23-juin-2022-journee-de-colere-des-magistrats-en-greve-pour-la-3e-semaine\/"]}]},{"@type":"ImageObject","inLanguage":"fr-FR","@id":"https:\/\/kapitalis.com\/tunisie\/2022\/06\/21\/tunisie-jeudi-23-juin-2022-journee-de-colere-des-magistrats-en-greve-pour-la-3e-semaine\/#primaryimage","url":"https:\/\/kapitalis.com\/tunisie\/wp-content\/uploads\/2022\/06\/juges-tunisie.jpg","contentUrl":"https:\/\/kapitalis.com\/tunisie\/wp-content\/uploads\/2022\/06\/juges-tunisie.jpg","width":1200,"height":620},{"@type":"BreadcrumbList","@id":"https:\/\/kapitalis.com\/tunisie\/2022\/06\/21\/tunisie-jeudi-23-juin-2022-journee-de-colere-des-magistrats-en-greve-pour-la-3e-semaine\/#breadcrumb","itemListElement":[{"@type":"ListItem","position":1,"name":"Accueil","item":"https:\/\/kapitalis.com\/tunisie\/"},{"@type":"ListItem","position":2,"name":"Tunisie : Jeudi 23 juin 2022, Journ\u00e9e de col\u00e8re des magistrats, en gr\u00e8ve pour la 3e semaine"}]},{"@type":"WebSite","@id":"https:\/\/kapitalis.com\/tunisie\/#website","url":"https:\/\/kapitalis.com\/tunisie\/","name":"Kapitalis","description":"L&#039;actualit\u00e9 en Tunisie et dans le monde","publisher":{"@id":"https:\/\/kapitalis.com\/tunisie\/#organization"},"potentialAction":[{"@type":"SearchAction","target":{"@type":"EntryPoint","urlTemplate":"https:\/\/kapitalis.com\/tunisie\/?s={search_term_string}"},"query-input":{"@type":"PropertyValueSpecification","valueRequired":true,"valueName":"search_term_string"}}],"inLanguage":"fr-FR"},{"@type":"Organization","@id":"https:\/\/kapitalis.com\/tunisie\/#organization","name":"Kapitalis","url":"https:\/\/kapitalis.com\/tunisie\/","logo":{"@type":"ImageObject","inLanguage":"fr-FR","@id":"https:\/\/kapitalis.com\/tunisie\/#\/schema\/logo\/image\/","url":"https:\/\/kapitalis.com\/tunisie\/wp-content\/uploads\/2022\/05\/Kapitalis-big-size.png","contentUrl":"https:\/\/kapitalis.com\/tunisie\/wp-content\/uploads\/2022\/05\/Kapitalis-big-size.png","width":5000,"height":1500,"caption":"Kapitalis"},"image":{"@id":"https:\/\/kapitalis.com\/tunisie\/#\/schema\/logo\/image\/"},"sameAs":["https:\/\/www.facebook.com\/KapitalisInfo\/","https:\/\/x.com\/KapitalisInfo","https:\/\/www.youtube.com\/channel\/UC-yDYrHyfFBWWZaOw3FPg9Q"]},{"@type":"Person","@id":"https:\/\/kapitalis.com\/tunisie\/#\/schema\/person\/74bbde0154d49d790a92aaeac5bc01d5","name":"Yusra NY","url":"https:\/\/kapitalis.com\/tunisie\/author\/yuza_adam\/"}]}},"_links":{"self":[{"href":"https:\/\/kapitalis.com\/tunisie\/wp-json\/wp\/v2\/posts\/1644527","targetHints":{"allow":["GET"]}}],"collection":[{"href":"https:\/\/kapitalis.com\/tunisie\/wp-json\/wp\/v2\/posts"}],"about":[{"href":"https:\/\/kapitalis.com\/tunisie\/wp-json\/wp\/v2\/types\/post"}],"author":[{"embeddable":true,"href":"https:\/\/kapitalis.com\/tunisie\/wp-json\/wp\/v2\/users\/6"}],"replies":[{"embeddable":true,"href":"https:\/\/kapitalis.com\/tunisie\/wp-json\/wp\/v2\/comments?post=1644527"}],"version-history":[{"count":0,"href":"https:\/\/kapitalis.com\/tunisie\/wp-json\/wp\/v2\/posts\/1644527\/revisions"}],"wp:featuredmedia":[{"embeddable":true,"href":"https:\/\/kapitalis.com\/tunisie\/wp-json\/wp\/v2\/media\/1618215"}],"wp:attachment":[{"href":"https:\/\/kapitalis.com\/tunisie\/wp-json\/wp\/v2\/media?parent=1644527"}],"wp:term":[{"taxonomy":"category","embeddable":true,"href":"https:\/\/kapitalis.com\/tunisie\/wp-json\/wp\/v2\/categories?post=1644527"},{"taxonomy":"post_tag","embeddable":true,"href":"https:\/\/kapitalis.com\/tunisie\/wp-json\/wp\/v2\/tags?post=1644527"}],"curies":[{"name":"wp","href":"https:\/\/api.w.org\/{rel}","templated":true}]}}