{"id":164454,"date":"2018-07-12T17:59:23","date_gmt":"2018-07-12T16:59:23","guid":{"rendered":"http:\/\/kapitalis.com\/tunisie\/?p=164454"},"modified":"2018-07-12T17:59:23","modified_gmt":"2018-07-12T16:59:23","slug":"utica-banque-mondiale-pistes-pour-surmonter-la-crise-economique","status":"publish","type":"post","link":"https:\/\/kapitalis.com\/tunisie\/2018\/07\/12\/utica-banque-mondiale-pistes-pour-surmonter-la-crise-economique\/","title":{"rendered":"Utica-Banque mondiale : Pistes pour surmonter la crise \u00e9conomique"},"content":{"rendered":"<p style=\"text-align: center;\"><img loading=\"lazy\" decoding=\"async\" class=\"alignnone size-full wp-image-164455\" src=\"http:\/\/kapitalis.com\/tunisie\/wp-content\/uploads\/2018\/07\/Utica-Banque-mondiale-Ban.jpg\" alt=\"\" width=\"626\" height=\"380\" \/><\/p>\n<p><em><strong>Une r\u00e9union s\u2019est tenue aujourd\u2019hui, mercredi 11 juillet 2018 entre une d\u00e9l\u00e9gation de la Banque Mondiale conduite par son vice-pr\u00e9sident, Ferid Belhaj, et plusieurs dirigeants syndicaux dirig\u00e9s par Samir Majoul, pr\u00e9sident de l\u2019Utica.<\/strong> <\/em><\/p>\n<p><!--more--><\/p>\n<p>Cette r\u00e9union, \u00e0 laquelle a pris part l\u2019ancienne pr\u00e9sidente de la centrale patronale, Ouided Bouchamaoui, s\u2019est au si\u00e8ge de l\u2019Utica,\u00e0 la cit\u00e9 El-Khadra, \u00e0 Tunis.<\/p>\n<p>Au d\u00e9but de la r\u00e9union, le pr\u00e9sident de l\u2019Utica a f\u00e9licit\u00e9 M. Belhaj pour son accession au poste de vice-pr\u00e9sident de la BM depuis le d\u00e9but du mois de juillet 2018, accession qui fait honneur \u00e0 la Tunisie et constitue une reconnaissance des comp\u00e9tences tunisiennes.<\/p>\n<p>Le pr\u00e9sident de l\u2019Utica a ensuite pr\u00e9sent\u00e9 les sp\u00e9cificit\u00e9s de la situation \u00e9conomique actuelle en Tunisie et les difficult\u00e9s rencontr\u00e9es par le secteur priv\u00e9, notamment la hausse de l\u2019imp\u00f4t et des tarifs douaniers, l\u2019accroissement de l\u2019inflation, les augmentations successives du taux directeur de la Banque centrale de Tunisie (BCT) et la d\u00e9t\u00e9rioration de la valeur du dinar ainsi que la situation r\u00e9gionale facteurs qui ont affect\u00e9 n\u00e9gativement la comp\u00e9titivit\u00e9 des entreprises.<\/p>\n<p>M. Majoul a ensuite pr\u00e9sent\u00e9 la contribution du secteur priv\u00e9 \u00e0 l\u2019\u00e9conomie nationale mettant l\u2019accent sur la n\u00e9cessit\u00e9 de promouvoir davantage l\u2019initiative priv\u00e9e en r\u00e9solvant notamment les probl\u00e8mes li\u00e9s au financement des investissements et \u00e0 l\u2019activit\u00e9 \u00e9conomique.<\/p>\n<p>Le pr\u00e9sident de l\u2019Utica a en outre soulign\u00e9 que la stabilit\u00e9 sociale passe in\u00e9vitablement par l\u2019investissement, la croissance et la cr\u00e9ation d\u2019emplois.<\/p>\n<p>M. Majoul a \u00e9galement mis l\u2019accent sur l\u2019importance de la r\u00e9forme administrative et de la r\u00e9solution des probl\u00e8mes des entreprises publiques afin qu\u2019elles deviennent un moyen de promotion du climat des affaires.<\/p>\n<p>Il a d\u2019autre part soulign\u00e9 l\u2019importance de l\u2019int\u00e9gration \u00e9conomique du Maghreb pour la Tunisie ainsi que l\u2019importance de l\u2019internationalisation des activit\u00e9s des entreprises tunisiennes.<\/p>\n<p>M. Majoul a ajout\u00e9 que malgr\u00e9 toutes ces difficult\u00e9s, la Tunisie dispose de nombreux avantages diff\u00e9rentiels qui doivent \u00eatre exploit\u00e9s au mieux afin de renforcer sa capacit\u00e9 \u00e0 \u00eatre une destination pour l\u2019investissement \u00e9tranger.<\/p>\n<p>Le pr\u00e9sident de l\u2019Utica a enfin appel\u00e9 \u00e0 un d\u00e9veloppement de la coop\u00e9ration entre la centrale patronale et la Banque mondiale proposant l\u2019examen de la possibilit\u00e9 de mise en place de lignes de financement pour les petites et moyennes entreprises (PME).<\/p>\n<p>Pour sa part, M. Belhaj a d\u00e9clar\u00e9 que la Banque mondiale continuera \u00e0 accompagner la Tunisie pour l\u2019aider \u00e0 surmonter les difficult\u00e9s \u00e9conomiques auxquelles elle est confront\u00e9e. Il a soulign\u00e9 l\u2019importance du r\u00f4le du secteur priv\u00e9 comme principal moteur de la croissance et la n\u00e9cessit\u00e9 d\u2019une relation fructueuse entre l\u2019administration et le monde des affaires pour favoriser la croissance en plus de la n\u00e9cessit\u00e9 d\u2019une l\u00e9gislation qui cr\u00e9\u00e9 un climat propice aux affaires et \u00e0 l\u2019investissement mettant l\u2019accent sur l\u2019importance de la mise en place d\u2019une administration num\u00e9rique.<\/p>\n<p>Le vice-pr\u00e9sident de la Banque mondiale a par ailleurs affirm\u00e9 que son institution est pleinement convaincue de l\u2019importance de la consultation et de la coordination avec l\u2019Utica en tant que repr\u00e9sentant du secteur priv\u00e9 en Tunisie et travaillera durant la p\u00e9riode \u00e0 venir pour consacrer cette orientation.<\/p>\n<p>Un dialogue franc s\u2019est ensuite instaur\u00e9 entre les membres du bureau ex\u00e9cutif national de l\u2019Utica et les repr\u00e9sentants de la Banque mondiale. Il a port\u00e9 notamment sur les r\u00e9formes que la Tunisie s\u2019efforce de r\u00e9aliser pour r\u00e9duire les importants d\u00e9s\u00e9quilibres financiers, am\u00e9liorer le climat des affaires et promouvoir un v\u00e9ritable partenariat entre les secteurs public et priv\u00e9. L\u2019ouverture \u00e0 l\u2019investissement priv\u00e9 du secteur des \u00e9nergies renouvelables, ainsi que la n\u00e9cessit\u00e9 de lutter efficacement contre le ph\u00e9nom\u00e8ne de la contrebande et du commerce parall\u00e8le qui nuisent gravement \u00e0 l&rsquo;\u00e9conomie organis\u00e9e ont \u00e9galement \u00e9t\u00e9 abord\u00e9s.<\/p>\n<p><em><strong>Source<\/strong><\/em> : communiqu\u00e9.<\/p>\n<blockquote class=\"wp-embedded-content\" data-secret=\"gnaCdfxDYx\"><p><a href=\"https:\/\/kapitalis.com\/tunisie\/2018\/07\/03\/banque-mondiale-ferid-belhaj-promu-vice-president-pour-la-region-du-mena\/\">Banque mondiale : Ferid Belhaj promu vice-pr\u00e9sident pour la r\u00e9gion du Mena<\/a><\/p><\/blockquote>\n<p><iframe loading=\"lazy\" class=\"wp-embedded-content\" sandbox=\"allow-scripts\" security=\"restricted\" style=\"position: absolute; clip: rect(1px, 1px, 1px, 1px);\" title=\"\u00ab\u00a0Banque mondiale : Ferid Belhaj promu vice-pr\u00e9sident pour la r\u00e9gion du Mena\u00a0\u00bb &#8212; Kapitalis\" src=\"https:\/\/kapitalis.com\/tunisie\/2018\/07\/03\/banque-mondiale-ferid-belhaj-promu-vice-president-pour-la-region-du-mena\/embed\/#?secret=XOtu4vrfIb#?secret=gnaCdfxDYx\" data-secret=\"gnaCdfxDYx\" width=\"600\" height=\"338\" frameborder=\"0\" marginwidth=\"0\" marginheight=\"0\" scrolling=\"no\"><\/iframe><\/p>\n<blockquote class=\"wp-embedded-content\" data-secret=\"YxlzCh6hNb\"><p><a href=\"https:\/\/kapitalis.com\/tunisie\/2018\/07\/12\/un-appui-de-la-banque-mondiale-de-plus-d157-mddt-a-la-tunisie\/\">Un appui de la Banque mondiale de plus d\u20191,57 MdDT \u00e0 la Tunisie<\/a><\/p><\/blockquote>\n<p><iframe loading=\"lazy\" class=\"wp-embedded-content\" sandbox=\"allow-scripts\" security=\"restricted\" style=\"position: absolute; clip: rect(1px, 1px, 1px, 1px);\" title=\"\u00ab\u00a0Un appui de la Banque mondiale de plus d\u20191,57 MdDT \u00e0 la Tunisie\u00a0\u00bb &#8212; Kapitalis\" src=\"https:\/\/kapitalis.com\/tunisie\/2018\/07\/12\/un-appui-de-la-banque-mondiale-de-plus-d157-mddt-a-la-tunisie\/embed\/#?secret=AoMrQjvqiK#?secret=YxlzCh6hNb\" data-secret=\"YxlzCh6hNb\" width=\"600\" height=\"338\" frameborder=\"0\" marginwidth=\"0\" marginheight=\"0\" scrolling=\"no\"><\/iframe><\/p>\n","protected":false},"excerpt":{"rendered":"<p>Une r\u00e9union s\u2019est tenue aujourd\u2019hui, mercredi 11 juillet 2018 entre une d\u00e9l\u00e9gation de la Banque Mondiale conduite par son vice-pr\u00e9sident, Ferid Belhaj, et plusieurs dirigeants syndicaux dirig\u00e9s par Samir Majoul, pr\u00e9sident de l\u2019Utica.<\/p>\n","protected":false},"author":8,"featured_media":164455,"comment_status":"open","ping_status":"open","sticky":false,"template":"","format":"standard","meta":{"footnotes":""},"categories":[995,2433],"tags":[130,48078,10871,24287],"class_list":["post-164454","post","type-post","status-publish","format-standard","has-post-thumbnail","hentry","category-economie","category-tunisie","tag-banque-mondiale","tag-ferid-belhaj","tag-ouided-bouchamaoui","tag-samir-majoul"],"yoast_head":"<!-- This site is optimized with the Yoast SEO plugin v26.6 - https:\/\/yoast.com\/wordpress\/plugins\/seo\/ -->\n<title>Utica-Banque mondiale : Pistes pour surmonter la crise \u00e9conomique - Kapitalis<\/title>\n<meta name=\"robots\" content=\"index, follow, max-snippet:-1, max-image-preview:large, max-video-preview:-1\" \/>\n<link rel=\"canonical\" href=\"https:\/\/kapitalis.com\/tunisie\/2018\/07\/12\/utica-banque-mondiale-pistes-pour-surmonter-la-crise-economique\/\" \/>\n<meta property=\"og:locale\" content=\"fr_FR\" \/>\n<meta property=\"og:type\" content=\"article\" \/>\n<meta property=\"og:title\" content=\"Utica-Banque mondiale : Pistes pour surmonter la crise \u00e9conomique - Kapitalis\" \/>\n<meta property=\"og:description\" content=\"Une r\u00e9union s\u2019est tenue aujourd\u2019hui, mercredi 11 juillet 2018 entre une d\u00e9l\u00e9gation de la Banque Mondiale conduite par son vice-pr\u00e9sident, Ferid Belhaj, et plusieurs dirigeants syndicaux dirig\u00e9s par Samir Majoul, pr\u00e9sident de l\u2019Utica.\" \/>\n<meta property=\"og:url\" content=\"https:\/\/kapitalis.com\/tunisie\/2018\/07\/12\/utica-banque-mondiale-pistes-pour-surmonter-la-crise-economique\/\" \/>\n<meta property=\"og:site_name\" content=\"Kapitalis\" \/>\n<meta property=\"article:publisher\" content=\"https:\/\/www.facebook.com\/KapitalisInfo\/\" \/>\n<meta property=\"article:published_time\" content=\"2018-07-12T16:59:23+00:00\" \/>\n<meta property=\"og:image\" content=\"https:\/\/kapitalis.com\/tunisie\/wp-content\/uploads\/2022\/05\/kapitalis-logo-fb.png\" \/>\n\t<meta property=\"og:image:width\" content=\"1200\" \/>\n\t<meta property=\"og:image:height\" content=\"630\" \/>\n\t<meta property=\"og:image:type\" content=\"image\/png\" \/>\n<meta name=\"author\" content=\"webmaster kapitalis\" \/>\n<meta name=\"twitter:card\" content=\"summary_large_image\" \/>\n<meta name=\"twitter:creator\" content=\"@KapitalisInfo\" \/>\n<meta name=\"twitter:site\" content=\"@KapitalisInfo\" \/>\n<meta name=\"twitter:label1\" content=\"\u00c9crit par\" \/>\n\t<meta name=\"twitter:data1\" content=\"webmaster kapitalis\" \/>\n\t<meta name=\"twitter:label2\" content=\"Dur\u00e9e de lecture estim\u00e9e\" \/>\n\t<meta name=\"twitter:data2\" content=\"4 minutes\" \/>\n<script type=\"application\/ld+json\" class=\"yoast-schema-graph\">{\"@context\":\"https:\/\/schema.org\",\"@graph\":[{\"@type\":\"Article\",\"@id\":\"https:\/\/kapitalis.com\/tunisie\/2018\/07\/12\/utica-banque-mondiale-pistes-pour-surmonter-la-crise-economique\/#article\",\"isPartOf\":{\"@id\":\"https:\/\/kapitalis.com\/tunisie\/2018\/07\/12\/utica-banque-mondiale-pistes-pour-surmonter-la-crise-economique\/\"},\"author\":{\"name\":\"webmaster kapitalis\",\"@id\":\"https:\/\/kapitalis.com\/tunisie\/#\/schema\/person\/d71f33a9ca44f7bad4698210b480c8e9\"},\"headline\":\"Utica-Banque mondiale : Pistes pour surmonter la crise \u00e9conomique\",\"datePublished\":\"2018-07-12T16:59:23+00:00\",\"mainEntityOfPage\":{\"@id\":\"https:\/\/kapitalis.com\/tunisie\/2018\/07\/12\/utica-banque-mondiale-pistes-pour-surmonter-la-crise-economique\/\"},\"wordCount\":717,\"commentCount\":0,\"publisher\":{\"@id\":\"https:\/\/kapitalis.com\/tunisie\/#organization\"},\"image\":{\"@id\":\"https:\/\/kapitalis.com\/tunisie\/2018\/07\/12\/utica-banque-mondiale-pistes-pour-surmonter-la-crise-economique\/#primaryimage\"},\"thumbnailUrl\":\"\",\"keywords\":[\"Banque Mondiale\",\"Ferid Belhaj\",\"Ouided Bouchamaoui\",\"Samir Majoul\"],\"articleSection\":[\"ECONOMIE\",\"Tunisie\"],\"inLanguage\":\"fr-FR\",\"potentialAction\":[{\"@type\":\"CommentAction\",\"name\":\"Comment\",\"target\":[\"https:\/\/kapitalis.com\/tunisie\/2018\/07\/12\/utica-banque-mondiale-pistes-pour-surmonter-la-crise-economique\/#respond\"]}]},{\"@type\":\"WebPage\",\"@id\":\"https:\/\/kapitalis.com\/tunisie\/2018\/07\/12\/utica-banque-mondiale-pistes-pour-surmonter-la-crise-economique\/\",\"url\":\"https:\/\/kapitalis.com\/tunisie\/2018\/07\/12\/utica-banque-mondiale-pistes-pour-surmonter-la-crise-economique\/\",\"name\":\"Utica-Banque mondiale : Pistes pour surmonter la crise \u00e9conomique - Kapitalis\",\"isPartOf\":{\"@id\":\"https:\/\/kapitalis.com\/tunisie\/#website\"},\"primaryImageOfPage\":{\"@id\":\"https:\/\/kapitalis.com\/tunisie\/2018\/07\/12\/utica-banque-mondiale-pistes-pour-surmonter-la-crise-economique\/#primaryimage\"},\"image\":{\"@id\":\"https:\/\/kapitalis.com\/tunisie\/2018\/07\/12\/utica-banque-mondiale-pistes-pour-surmonter-la-crise-economique\/#primaryimage\"},\"thumbnailUrl\":\"\",\"datePublished\":\"2018-07-12T16:59:23+00:00\",\"breadcrumb\":{\"@id\":\"https:\/\/kapitalis.com\/tunisie\/2018\/07\/12\/utica-banque-mondiale-pistes-pour-surmonter-la-crise-economique\/#breadcrumb\"},\"inLanguage\":\"fr-FR\",\"potentialAction\":[{\"@type\":\"ReadAction\",\"target\":[\"https:\/\/kapitalis.com\/tunisie\/2018\/07\/12\/utica-banque-mondiale-pistes-pour-surmonter-la-crise-economique\/\"]}]},{\"@type\":\"ImageObject\",\"inLanguage\":\"fr-FR\",\"@id\":\"https:\/\/kapitalis.com\/tunisie\/2018\/07\/12\/utica-banque-mondiale-pistes-pour-surmonter-la-crise-economique\/#primaryimage\",\"url\":\"\",\"contentUrl\":\"\"},{\"@type\":\"BreadcrumbList\",\"@id\":\"https:\/\/kapitalis.com\/tunisie\/2018\/07\/12\/utica-banque-mondiale-pistes-pour-surmonter-la-crise-economique\/#breadcrumb\",\"itemListElement\":[{\"@type\":\"ListItem\",\"position\":1,\"name\":\"Accueil\",\"item\":\"https:\/\/kapitalis.com\/tunisie\/\"},{\"@type\":\"ListItem\",\"position\":2,\"name\":\"Utica-Banque mondiale : Pistes pour surmonter la crise \u00e9conomique\"}]},{\"@type\":\"WebSite\",\"@id\":\"https:\/\/kapitalis.com\/tunisie\/#website\",\"url\":\"https:\/\/kapitalis.com\/tunisie\/\",\"name\":\"Kapitalis\",\"description\":\"L&#039;actualit\u00e9 en Tunisie et dans le monde\",\"publisher\":{\"@id\":\"https:\/\/kapitalis.com\/tunisie\/#organization\"},\"potentialAction\":[{\"@type\":\"SearchAction\",\"target\":{\"@type\":\"EntryPoint\",\"urlTemplate\":\"https:\/\/kapitalis.com\/tunisie\/?s={search_term_string}\"},\"query-input\":{\"@type\":\"PropertyValueSpecification\",\"valueRequired\":true,\"valueName\":\"search_term_string\"}}],\"inLanguage\":\"fr-FR\"},{\"@type\":\"Organization\",\"@id\":\"https:\/\/kapitalis.com\/tunisie\/#organization\",\"name\":\"Kapitalis\",\"url\":\"https:\/\/kapitalis.com\/tunisie\/\",\"logo\":{\"@type\":\"ImageObject\",\"inLanguage\":\"fr-FR\",\"@id\":\"https:\/\/kapitalis.com\/tunisie\/#\/schema\/logo\/image\/\",\"url\":\"https:\/\/kapitalis.com\/tunisie\/wp-content\/uploads\/2022\/05\/Kapitalis-big-size.png\",\"contentUrl\":\"https:\/\/kapitalis.com\/tunisie\/wp-content\/uploads\/2022\/05\/Kapitalis-big-size.png\",\"width\":5000,\"height\":1500,\"caption\":\"Kapitalis\"},\"image\":{\"@id\":\"https:\/\/kapitalis.com\/tunisie\/#\/schema\/logo\/image\/\"},\"sameAs\":[\"https:\/\/www.facebook.com\/KapitalisInfo\/\",\"https:\/\/x.com\/KapitalisInfo\",\"https:\/\/www.youtube.com\/channel\/UC-yDYrHyfFBWWZaOw3FPg9Q\"]},{\"@type\":\"Person\",\"@id\":\"https:\/\/kapitalis.com\/tunisie\/#\/schema\/person\/d71f33a9ca44f7bad4698210b480c8e9\",\"name\":\"webmaster kapitalis\",\"url\":\"https:\/\/kapitalis.com\/tunisie\/author\/webmaster-kapitalis\/\"}]}<\/script>\n<!-- \/ Yoast SEO plugin. -->","yoast_head_json":{"title":"Utica-Banque mondiale : Pistes pour surmonter la crise \u00e9conomique - Kapitalis","robots":{"index":"index","follow":"follow","max-snippet":"max-snippet:-1","max-image-preview":"max-image-preview:large","max-video-preview":"max-video-preview:-1"},"canonical":"https:\/\/kapitalis.com\/tunisie\/2018\/07\/12\/utica-banque-mondiale-pistes-pour-surmonter-la-crise-economique\/","og_locale":"fr_FR","og_type":"article","og_title":"Utica-Banque mondiale : Pistes pour surmonter la crise \u00e9conomique - Kapitalis","og_description":"Une r\u00e9union s\u2019est tenue aujourd\u2019hui, mercredi 11 juillet 2018 entre une d\u00e9l\u00e9gation de la Banque Mondiale conduite par son vice-pr\u00e9sident, Ferid Belhaj, et plusieurs dirigeants syndicaux dirig\u00e9s par Samir Majoul, pr\u00e9sident de l\u2019Utica.","og_url":"https:\/\/kapitalis.com\/tunisie\/2018\/07\/12\/utica-banque-mondiale-pistes-pour-surmonter-la-crise-economique\/","og_site_name":"Kapitalis","article_publisher":"https:\/\/www.facebook.com\/KapitalisInfo\/","article_published_time":"2018-07-12T16:59:23+00:00","og_image":[{"width":1200,"height":630,"url":"https:\/\/kapitalis.com\/tunisie\/wp-content\/uploads\/2022\/05\/kapitalis-logo-fb.png","type":"image\/png"}],"author":"webmaster kapitalis","twitter_card":"summary_large_image","twitter_creator":"@KapitalisInfo","twitter_site":"@KapitalisInfo","twitter_misc":{"\u00c9crit par":"webmaster kapitalis","Dur\u00e9e de lecture estim\u00e9e":"4 minutes"},"schema":{"@context":"https:\/\/schema.org","@graph":[{"@type":"Article","@id":"https:\/\/kapitalis.com\/tunisie\/2018\/07\/12\/utica-banque-mondiale-pistes-pour-surmonter-la-crise-economique\/#article","isPartOf":{"@id":"https:\/\/kapitalis.com\/tunisie\/2018\/07\/12\/utica-banque-mondiale-pistes-pour-surmonter-la-crise-economique\/"},"author":{"name":"webmaster kapitalis","@id":"https:\/\/kapitalis.com\/tunisie\/#\/schema\/person\/d71f33a9ca44f7bad4698210b480c8e9"},"headline":"Utica-Banque mondiale : Pistes pour surmonter la crise \u00e9conomique","datePublished":"2018-07-12T16:59:23+00:00","mainEntityOfPage":{"@id":"https:\/\/kapitalis.com\/tunisie\/2018\/07\/12\/utica-banque-mondiale-pistes-pour-surmonter-la-crise-economique\/"},"wordCount":717,"commentCount":0,"publisher":{"@id":"https:\/\/kapitalis.com\/tunisie\/#organization"},"image":{"@id":"https:\/\/kapitalis.com\/tunisie\/2018\/07\/12\/utica-banque-mondiale-pistes-pour-surmonter-la-crise-economique\/#primaryimage"},"thumbnailUrl":"","keywords":["Banque Mondiale","Ferid Belhaj","Ouided Bouchamaoui","Samir Majoul"],"articleSection":["ECONOMIE","Tunisie"],"inLanguage":"fr-FR","potentialAction":[{"@type":"CommentAction","name":"Comment","target":["https:\/\/kapitalis.com\/tunisie\/2018\/07\/12\/utica-banque-mondiale-pistes-pour-surmonter-la-crise-economique\/#respond"]}]},{"@type":"WebPage","@id":"https:\/\/kapitalis.com\/tunisie\/2018\/07\/12\/utica-banque-mondiale-pistes-pour-surmonter-la-crise-economique\/","url":"https:\/\/kapitalis.com\/tunisie\/2018\/07\/12\/utica-banque-mondiale-pistes-pour-surmonter-la-crise-economique\/","name":"Utica-Banque mondiale : Pistes pour surmonter la crise \u00e9conomique - Kapitalis","isPartOf":{"@id":"https:\/\/kapitalis.com\/tunisie\/#website"},"primaryImageOfPage":{"@id":"https:\/\/kapitalis.com\/tunisie\/2018\/07\/12\/utica-banque-mondiale-pistes-pour-surmonter-la-crise-economique\/#primaryimage"},"image":{"@id":"https:\/\/kapitalis.com\/tunisie\/2018\/07\/12\/utica-banque-mondiale-pistes-pour-surmonter-la-crise-economique\/#primaryimage"},"thumbnailUrl":"","datePublished":"2018-07-12T16:59:23+00:00","breadcrumb":{"@id":"https:\/\/kapitalis.com\/tunisie\/2018\/07\/12\/utica-banque-mondiale-pistes-pour-surmonter-la-crise-economique\/#breadcrumb"},"inLanguage":"fr-FR","potentialAction":[{"@type":"ReadAction","target":["https:\/\/kapitalis.com\/tunisie\/2018\/07\/12\/utica-banque-mondiale-pistes-pour-surmonter-la-crise-economique\/"]}]},{"@type":"ImageObject","inLanguage":"fr-FR","@id":"https:\/\/kapitalis.com\/tunisie\/2018\/07\/12\/utica-banque-mondiale-pistes-pour-surmonter-la-crise-economique\/#primaryimage","url":"","contentUrl":""},{"@type":"BreadcrumbList","@id":"https:\/\/kapitalis.com\/tunisie\/2018\/07\/12\/utica-banque-mondiale-pistes-pour-surmonter-la-crise-economique\/#breadcrumb","itemListElement":[{"@type":"ListItem","position":1,"name":"Accueil","item":"https:\/\/kapitalis.com\/tunisie\/"},{"@type":"ListItem","position":2,"name":"Utica-Banque mondiale : Pistes pour surmonter la crise \u00e9conomique"}]},{"@type":"WebSite","@id":"https:\/\/kapitalis.com\/tunisie\/#website","url":"https:\/\/kapitalis.com\/tunisie\/","name":"Kapitalis","description":"L&#039;actualit\u00e9 en Tunisie et dans le monde","publisher":{"@id":"https:\/\/kapitalis.com\/tunisie\/#organization"},"potentialAction":[{"@type":"SearchAction","target":{"@type":"EntryPoint","urlTemplate":"https:\/\/kapitalis.com\/tunisie\/?s={search_term_string}"},"query-input":{"@type":"PropertyValueSpecification","valueRequired":true,"valueName":"search_term_string"}}],"inLanguage":"fr-FR"},{"@type":"Organization","@id":"https:\/\/kapitalis.com\/tunisie\/#organization","name":"Kapitalis","url":"https:\/\/kapitalis.com\/tunisie\/","logo":{"@type":"ImageObject","inLanguage":"fr-FR","@id":"https:\/\/kapitalis.com\/tunisie\/#\/schema\/logo\/image\/","url":"https:\/\/kapitalis.com\/tunisie\/wp-content\/uploads\/2022\/05\/Kapitalis-big-size.png","contentUrl":"https:\/\/kapitalis.com\/tunisie\/wp-content\/uploads\/2022\/05\/Kapitalis-big-size.png","width":5000,"height":1500,"caption":"Kapitalis"},"image":{"@id":"https:\/\/kapitalis.com\/tunisie\/#\/schema\/logo\/image\/"},"sameAs":["https:\/\/www.facebook.com\/KapitalisInfo\/","https:\/\/x.com\/KapitalisInfo","https:\/\/www.youtube.com\/channel\/UC-yDYrHyfFBWWZaOw3FPg9Q"]},{"@type":"Person","@id":"https:\/\/kapitalis.com\/tunisie\/#\/schema\/person\/d71f33a9ca44f7bad4698210b480c8e9","name":"webmaster kapitalis","url":"https:\/\/kapitalis.com\/tunisie\/author\/webmaster-kapitalis\/"}]}},"_links":{"self":[{"href":"https:\/\/kapitalis.com\/tunisie\/wp-json\/wp\/v2\/posts\/164454","targetHints":{"allow":["GET"]}}],"collection":[{"href":"https:\/\/kapitalis.com\/tunisie\/wp-json\/wp\/v2\/posts"}],"about":[{"href":"https:\/\/kapitalis.com\/tunisie\/wp-json\/wp\/v2\/types\/post"}],"author":[{"embeddable":true,"href":"https:\/\/kapitalis.com\/tunisie\/wp-json\/wp\/v2\/users\/8"}],"replies":[{"embeddable":true,"href":"https:\/\/kapitalis.com\/tunisie\/wp-json\/wp\/v2\/comments?post=164454"}],"version-history":[{"count":0,"href":"https:\/\/kapitalis.com\/tunisie\/wp-json\/wp\/v2\/posts\/164454\/revisions"}],"wp:featuredmedia":[{"embeddable":true,"href":"https:\/\/kapitalis.com\/tunisie\/wp-json\/wp\/v2\/media\/164455"}],"wp:attachment":[{"href":"https:\/\/kapitalis.com\/tunisie\/wp-json\/wp\/v2\/media?parent=164454"}],"wp:term":[{"taxonomy":"category","embeddable":true,"href":"https:\/\/kapitalis.com\/tunisie\/wp-json\/wp\/v2\/categories?post=164454"},{"taxonomy":"post_tag","embeddable":true,"href":"https:\/\/kapitalis.com\/tunisie\/wp-json\/wp\/v2\/tags?post=164454"}],"curies":[{"name":"wp","href":"https:\/\/api.w.org\/{rel}","templated":true}]}}