{"id":1646363,"date":"2022-06-21T21:29:28","date_gmt":"2022-06-21T20:29:28","guid":{"rendered":"https:\/\/kapitalis.com\/tunisie\/?p=1646363"},"modified":"2022-06-22T08:17:22","modified_gmt":"2022-06-22T07:17:22","slug":"limogeage-de-la-dg-du-musee-national-dart-moderne-et-contemporain-ministere-des-affaires-culturelles","status":"publish","type":"post","link":"https:\/\/kapitalis.com\/tunisie\/2022\/06\/21\/limogeage-de-la-dg-du-musee-national-dart-moderne-et-contemporain-ministere-des-affaires-culturelles\/","title":{"rendered":"Limogeage de la DG du Mus\u00e9e national d&rsquo;Art moderne et contemporain (minist\u00e8re des Affaires culturelles)"},"content":{"rendered":"\n<p><em><strong>Le minist\u00e8re des Affaires culturelles a annonc\u00e9, dans dans la soir\u00e9e de ce mardi 21 juin 2022, le limogeage de Rab\u00e2a Jedidi, de son poste de directrice g\u00e9n\u00e9rale du Mus\u00e9e national d&rsquo;Art moderne et contemporain \u00e0 la Cit\u00e9 de la Culture de Tunis<\/strong><\/em><\/p>\n\n\n\n<!--more-->\n\n\n\n<p>Notons que le mus\u00e9e national d&rsquo;art moderne et contemporain a vu le jour \u00e0 Tunis en mars 2018 avec, comme premi\u00e8re directrice, Rab\u00e2a Jedidi, ancienne directrice du Palais Abdellia, qui avait \u00e9galement \u00e9t\u00e9 \u00e0 la direction des arts plastiques aupr\u00e8s du minist\u00e8re.<\/p>\n\n\n\n<p class=\"has-text-align-right\"><strong>Y. N.<\/strong><\/p>\n","protected":false},"excerpt":{"rendered":"<p>Le minist\u00e8re des Affaires culturelles annonce le limogeage de la DG du Mus\u00e9e national d&rsquo;Art moderne et contemporain<\/p>\n","protected":false},"author":6,"featured_media":1646472,"comment_status":"open","ping_status":"open","sticky":false,"template":"","format":"standard","meta":{"footnotes":""},"categories":[994,2433],"tags":[100807,1847,1233,100806,62643],"class_list":["post-1646363","post","type-post","status-publish","format-standard","has-post-thumbnail","hentry","category-culture","category-tunisie","tag-art-moderne-et-contemporain","tag-limogeage","tag-musee","tag-rabaa-jedidi","tag-tunisie"],"yoast_head":"<!-- This site is optimized with the Yoast SEO plugin v26.6 - https:\/\/yoast.com\/wordpress\/plugins\/seo\/ -->\n<title>Limogeage de la DG du Mus\u00e9e national d&#039;Art moderne et contemporain (minist\u00e8re des Affaires culturelles) - Kapitalis<\/title>\n<meta name=\"description\" content=\"Le minist\u00e8re des Affaires culturelles a annonc\u00e9, dans dans la soir\u00e9e de ce mardi 21 juin 2022, le limogeage de Rab\u00e2a Jedidi, de son poste de directrice g\u00e9n\u00e9rale du Mus\u00e9e national d&#039;Art moderne et contemporain \u00e0 la Cit\u00e9 de la Culture de Tunis\" \/>\n<meta name=\"robots\" content=\"index, follow, max-snippet:-1, max-image-preview:large, max-video-preview:-1\" \/>\n<link rel=\"canonical\" href=\"https:\/\/kapitalis.com\/tunisie\/2022\/06\/21\/limogeage-de-la-dg-du-musee-national-dart-moderne-et-contemporain-ministere-des-affaires-culturelles\/\" \/>\n<meta property=\"og:locale\" content=\"fr_FR\" \/>\n<meta property=\"og:type\" content=\"article\" \/>\n<meta property=\"og:title\" content=\"Limogeage de la DG du Mus\u00e9e national d&#039;Art moderne et contemporain (minist\u00e8re des Affaires culturelles) - Kapitalis\" \/>\n<meta property=\"og:description\" content=\"Le minist\u00e8re des Affaires culturelles a annonc\u00e9, dans dans la soir\u00e9e de ce mardi 21 juin 2022, le limogeage de Rab\u00e2a Jedidi, de son poste de directrice g\u00e9n\u00e9rale du Mus\u00e9e national d&#039;Art moderne et contemporain \u00e0 la Cit\u00e9 de la Culture de Tunis\" \/>\n<meta property=\"og:url\" content=\"https:\/\/kapitalis.com\/tunisie\/2022\/06\/21\/limogeage-de-la-dg-du-musee-national-dart-moderne-et-contemporain-ministere-des-affaires-culturelles\/\" \/>\n<meta property=\"og:site_name\" content=\"Kapitalis\" \/>\n<meta property=\"article:publisher\" content=\"https:\/\/www.facebook.com\/KapitalisInfo\/\" \/>\n<meta property=\"article:published_time\" content=\"2022-06-21T20:29:28+00:00\" \/>\n<meta property=\"article:modified_time\" content=\"2022-06-22T07:17:22+00:00\" \/>\n<meta property=\"og:image\" content=\"https:\/\/kapitalis.com\/tunisie\/wp-content\/uploads\/2022\/06\/Rabaa-Jedidi.jpg\" \/>\n\t<meta property=\"og:image:width\" content=\"1200\" \/>\n\t<meta property=\"og:image:height\" content=\"630\" \/>\n\t<meta property=\"og:image:type\" content=\"image\/jpeg\" \/>\n<meta name=\"author\" content=\"Yusra NY\" \/>\n<meta name=\"twitter:card\" content=\"summary_large_image\" \/>\n<meta name=\"twitter:creator\" content=\"@KapitalisInfo\" \/>\n<meta name=\"twitter:site\" content=\"@KapitalisInfo\" \/>\n<meta name=\"twitter:label1\" content=\"\u00c9crit par\" \/>\n\t<meta name=\"twitter:data1\" content=\"Yusra NY\" \/>\n\t<meta name=\"twitter:label2\" content=\"Dur\u00e9e de lecture estim\u00e9e\" \/>\n\t<meta name=\"twitter:data2\" content=\"1 minute\" \/>\n<script type=\"application\/ld+json\" class=\"yoast-schema-graph\">{\"@context\":\"https:\/\/schema.org\",\"@graph\":[{\"@type\":\"Article\",\"@id\":\"https:\/\/kapitalis.com\/tunisie\/2022\/06\/21\/limogeage-de-la-dg-du-musee-national-dart-moderne-et-contemporain-ministere-des-affaires-culturelles\/#article\",\"isPartOf\":{\"@id\":\"https:\/\/kapitalis.com\/tunisie\/2022\/06\/21\/limogeage-de-la-dg-du-musee-national-dart-moderne-et-contemporain-ministere-des-affaires-culturelles\/\"},\"author\":{\"name\":\"Yusra NY\",\"@id\":\"https:\/\/kapitalis.com\/tunisie\/#\/schema\/person\/74bbde0154d49d790a92aaeac5bc01d5\"},\"headline\":\"Limogeage de la DG du Mus\u00e9e national d&rsquo;Art moderne et contemporain (minist\u00e8re des Affaires culturelles)\",\"datePublished\":\"2022-06-21T20:29:28+00:00\",\"dateModified\":\"2022-06-22T07:17:22+00:00\",\"mainEntityOfPage\":{\"@id\":\"https:\/\/kapitalis.com\/tunisie\/2022\/06\/21\/limogeage-de-la-dg-du-musee-national-dart-moderne-et-contemporain-ministere-des-affaires-culturelles\/\"},\"wordCount\":109,\"commentCount\":1,\"publisher\":{\"@id\":\"https:\/\/kapitalis.com\/tunisie\/#organization\"},\"image\":{\"@id\":\"https:\/\/kapitalis.com\/tunisie\/2022\/06\/21\/limogeage-de-la-dg-du-musee-national-dart-moderne-et-contemporain-ministere-des-affaires-culturelles\/#primaryimage\"},\"thumbnailUrl\":\"https:\/\/kapitalis.com\/tunisie\/wp-content\/uploads\/2022\/06\/Rabaa-Jedidi.jpg\",\"keywords\":[\"Art moderne et contemporain\",\"limogeage\",\"mus\u00e9e\",\"Rab\u00e2a Jedidi\",\"Tunisie\"],\"articleSection\":[\"CULTURE\",\"Tunisie\"],\"inLanguage\":\"fr-FR\",\"potentialAction\":[{\"@type\":\"CommentAction\",\"name\":\"Comment\",\"target\":[\"https:\/\/kapitalis.com\/tunisie\/2022\/06\/21\/limogeage-de-la-dg-du-musee-national-dart-moderne-et-contemporain-ministere-des-affaires-culturelles\/#respond\"]}]},{\"@type\":\"WebPage\",\"@id\":\"https:\/\/kapitalis.com\/tunisie\/2022\/06\/21\/limogeage-de-la-dg-du-musee-national-dart-moderne-et-contemporain-ministere-des-affaires-culturelles\/\",\"url\":\"https:\/\/kapitalis.com\/tunisie\/2022\/06\/21\/limogeage-de-la-dg-du-musee-national-dart-moderne-et-contemporain-ministere-des-affaires-culturelles\/\",\"name\":\"Limogeage de la DG du Mus\u00e9e national d'Art moderne et contemporain (minist\u00e8re des Affaires culturelles) - Kapitalis\",\"isPartOf\":{\"@id\":\"https:\/\/kapitalis.com\/tunisie\/#website\"},\"primaryImageOfPage\":{\"@id\":\"https:\/\/kapitalis.com\/tunisie\/2022\/06\/21\/limogeage-de-la-dg-du-musee-national-dart-moderne-et-contemporain-ministere-des-affaires-culturelles\/#primaryimage\"},\"image\":{\"@id\":\"https:\/\/kapitalis.com\/tunisie\/2022\/06\/21\/limogeage-de-la-dg-du-musee-national-dart-moderne-et-contemporain-ministere-des-affaires-culturelles\/#primaryimage\"},\"thumbnailUrl\":\"https:\/\/kapitalis.com\/tunisie\/wp-content\/uploads\/2022\/06\/Rabaa-Jedidi.jpg\",\"datePublished\":\"2022-06-21T20:29:28+00:00\",\"dateModified\":\"2022-06-22T07:17:22+00:00\",\"description\":\"Le minist\u00e8re des Affaires culturelles a annonc\u00e9, dans dans la soir\u00e9e de ce mardi 21 juin 2022, le limogeage de Rab\u00e2a Jedidi, de son poste de directrice g\u00e9n\u00e9rale du Mus\u00e9e national d'Art moderne et contemporain \u00e0 la Cit\u00e9 de la Culture de Tunis\",\"breadcrumb\":{\"@id\":\"https:\/\/kapitalis.com\/tunisie\/2022\/06\/21\/limogeage-de-la-dg-du-musee-national-dart-moderne-et-contemporain-ministere-des-affaires-culturelles\/#breadcrumb\"},\"inLanguage\":\"fr-FR\",\"potentialAction\":[{\"@type\":\"ReadAction\",\"target\":[\"https:\/\/kapitalis.com\/tunisie\/2022\/06\/21\/limogeage-de-la-dg-du-musee-national-dart-moderne-et-contemporain-ministere-des-affaires-culturelles\/\"]}]},{\"@type\":\"ImageObject\",\"inLanguage\":\"fr-FR\",\"@id\":\"https:\/\/kapitalis.com\/tunisie\/2022\/06\/21\/limogeage-de-la-dg-du-musee-national-dart-moderne-et-contemporain-ministere-des-affaires-culturelles\/#primaryimage\",\"url\":\"https:\/\/kapitalis.com\/tunisie\/wp-content\/uploads\/2022\/06\/Rabaa-Jedidi.jpg\",\"contentUrl\":\"https:\/\/kapitalis.com\/tunisie\/wp-content\/uploads\/2022\/06\/Rabaa-Jedidi.jpg\",\"width\":1200,\"height\":630},{\"@type\":\"BreadcrumbList\",\"@id\":\"https:\/\/kapitalis.com\/tunisie\/2022\/06\/21\/limogeage-de-la-dg-du-musee-national-dart-moderne-et-contemporain-ministere-des-affaires-culturelles\/#breadcrumb\",\"itemListElement\":[{\"@type\":\"ListItem\",\"position\":1,\"name\":\"Accueil\",\"item\":\"https:\/\/kapitalis.com\/tunisie\/\"},{\"@type\":\"ListItem\",\"position\":2,\"name\":\"Limogeage de la DG du Mus\u00e9e national d&rsquo;Art moderne et contemporain (minist\u00e8re des Affaires culturelles)\"}]},{\"@type\":\"WebSite\",\"@id\":\"https:\/\/kapitalis.com\/tunisie\/#website\",\"url\":\"https:\/\/kapitalis.com\/tunisie\/\",\"name\":\"Kapitalis\",\"description\":\"L&#039;actualit\u00e9 en Tunisie et dans le monde\",\"publisher\":{\"@id\":\"https:\/\/kapitalis.com\/tunisie\/#organization\"},\"potentialAction\":[{\"@type\":\"SearchAction\",\"target\":{\"@type\":\"EntryPoint\",\"urlTemplate\":\"https:\/\/kapitalis.com\/tunisie\/?s={search_term_string}\"},\"query-input\":{\"@type\":\"PropertyValueSpecification\",\"valueRequired\":true,\"valueName\":\"search_term_string\"}}],\"inLanguage\":\"fr-FR\"},{\"@type\":\"Organization\",\"@id\":\"https:\/\/kapitalis.com\/tunisie\/#organization\",\"name\":\"Kapitalis\",\"url\":\"https:\/\/kapitalis.com\/tunisie\/\",\"logo\":{\"@type\":\"ImageObject\",\"inLanguage\":\"fr-FR\",\"@id\":\"https:\/\/kapitalis.com\/tunisie\/#\/schema\/logo\/image\/\",\"url\":\"https:\/\/kapitalis.com\/tunisie\/wp-content\/uploads\/2022\/05\/Kapitalis-big-size.png\",\"contentUrl\":\"https:\/\/kapitalis.com\/tunisie\/wp-content\/uploads\/2022\/05\/Kapitalis-big-size.png\",\"width\":5000,\"height\":1500,\"caption\":\"Kapitalis\"},\"image\":{\"@id\":\"https:\/\/kapitalis.com\/tunisie\/#\/schema\/logo\/image\/\"},\"sameAs\":[\"https:\/\/www.facebook.com\/KapitalisInfo\/\",\"https:\/\/x.com\/KapitalisInfo\",\"https:\/\/www.youtube.com\/channel\/UC-yDYrHyfFBWWZaOw3FPg9Q\"]},{\"@type\":\"Person\",\"@id\":\"https:\/\/kapitalis.com\/tunisie\/#\/schema\/person\/74bbde0154d49d790a92aaeac5bc01d5\",\"name\":\"Yusra NY\",\"url\":\"https:\/\/kapitalis.com\/tunisie\/author\/yuza_adam\/\"}]}<\/script>\n<!-- \/ Yoast SEO plugin. -->","yoast_head_json":{"title":"Limogeage de la DG du Mus\u00e9e national d'Art moderne et contemporain (minist\u00e8re des Affaires culturelles) - Kapitalis","description":"Le minist\u00e8re des Affaires culturelles a annonc\u00e9, dans dans la soir\u00e9e de ce mardi 21 juin 2022, le limogeage de Rab\u00e2a Jedidi, de son poste de directrice g\u00e9n\u00e9rale du Mus\u00e9e national d'Art moderne et contemporain \u00e0 la Cit\u00e9 de la Culture de Tunis","robots":{"index":"index","follow":"follow","max-snippet":"max-snippet:-1","max-image-preview":"max-image-preview:large","max-video-preview":"max-video-preview:-1"},"canonical":"https:\/\/kapitalis.com\/tunisie\/2022\/06\/21\/limogeage-de-la-dg-du-musee-national-dart-moderne-et-contemporain-ministere-des-affaires-culturelles\/","og_locale":"fr_FR","og_type":"article","og_title":"Limogeage de la DG du Mus\u00e9e national d'Art moderne et contemporain (minist\u00e8re des Affaires culturelles) - Kapitalis","og_description":"Le minist\u00e8re des Affaires culturelles a annonc\u00e9, dans dans la soir\u00e9e de ce mardi 21 juin 2022, le limogeage de Rab\u00e2a Jedidi, de son poste de directrice g\u00e9n\u00e9rale du Mus\u00e9e national d'Art moderne et contemporain \u00e0 la Cit\u00e9 de la Culture de Tunis","og_url":"https:\/\/kapitalis.com\/tunisie\/2022\/06\/21\/limogeage-de-la-dg-du-musee-national-dart-moderne-et-contemporain-ministere-des-affaires-culturelles\/","og_site_name":"Kapitalis","article_publisher":"https:\/\/www.facebook.com\/KapitalisInfo\/","article_published_time":"2022-06-21T20:29:28+00:00","article_modified_time":"2022-06-22T07:17:22+00:00","og_image":[{"width":1200,"height":630,"url":"https:\/\/kapitalis.com\/tunisie\/wp-content\/uploads\/2022\/06\/Rabaa-Jedidi.jpg","type":"image\/jpeg"}],"author":"Yusra NY","twitter_card":"summary_large_image","twitter_creator":"@KapitalisInfo","twitter_site":"@KapitalisInfo","twitter_misc":{"\u00c9crit par":"Yusra NY","Dur\u00e9e de lecture estim\u00e9e":"1 minute"},"schema":{"@context":"https:\/\/schema.org","@graph":[{"@type":"Article","@id":"https:\/\/kapitalis.com\/tunisie\/2022\/06\/21\/limogeage-de-la-dg-du-musee-national-dart-moderne-et-contemporain-ministere-des-affaires-culturelles\/#article","isPartOf":{"@id":"https:\/\/kapitalis.com\/tunisie\/2022\/06\/21\/limogeage-de-la-dg-du-musee-national-dart-moderne-et-contemporain-ministere-des-affaires-culturelles\/"},"author":{"name":"Yusra NY","@id":"https:\/\/kapitalis.com\/tunisie\/#\/schema\/person\/74bbde0154d49d790a92aaeac5bc01d5"},"headline":"Limogeage de la DG du Mus\u00e9e national d&rsquo;Art moderne et contemporain (minist\u00e8re des Affaires culturelles)","datePublished":"2022-06-21T20:29:28+00:00","dateModified":"2022-06-22T07:17:22+00:00","mainEntityOfPage":{"@id":"https:\/\/kapitalis.com\/tunisie\/2022\/06\/21\/limogeage-de-la-dg-du-musee-national-dart-moderne-et-contemporain-ministere-des-affaires-culturelles\/"},"wordCount":109,"commentCount":1,"publisher":{"@id":"https:\/\/kapitalis.com\/tunisie\/#organization"},"image":{"@id":"https:\/\/kapitalis.com\/tunisie\/2022\/06\/21\/limogeage-de-la-dg-du-musee-national-dart-moderne-et-contemporain-ministere-des-affaires-culturelles\/#primaryimage"},"thumbnailUrl":"https:\/\/kapitalis.com\/tunisie\/wp-content\/uploads\/2022\/06\/Rabaa-Jedidi.jpg","keywords":["Art moderne et contemporain","limogeage","mus\u00e9e","Rab\u00e2a Jedidi","Tunisie"],"articleSection":["CULTURE","Tunisie"],"inLanguage":"fr-FR","potentialAction":[{"@type":"CommentAction","name":"Comment","target":["https:\/\/kapitalis.com\/tunisie\/2022\/06\/21\/limogeage-de-la-dg-du-musee-national-dart-moderne-et-contemporain-ministere-des-affaires-culturelles\/#respond"]}]},{"@type":"WebPage","@id":"https:\/\/kapitalis.com\/tunisie\/2022\/06\/21\/limogeage-de-la-dg-du-musee-national-dart-moderne-et-contemporain-ministere-des-affaires-culturelles\/","url":"https:\/\/kapitalis.com\/tunisie\/2022\/06\/21\/limogeage-de-la-dg-du-musee-national-dart-moderne-et-contemporain-ministere-des-affaires-culturelles\/","name":"Limogeage de la DG du Mus\u00e9e national d'Art moderne et contemporain (minist\u00e8re des Affaires culturelles) - Kapitalis","isPartOf":{"@id":"https:\/\/kapitalis.com\/tunisie\/#website"},"primaryImageOfPage":{"@id":"https:\/\/kapitalis.com\/tunisie\/2022\/06\/21\/limogeage-de-la-dg-du-musee-national-dart-moderne-et-contemporain-ministere-des-affaires-culturelles\/#primaryimage"},"image":{"@id":"https:\/\/kapitalis.com\/tunisie\/2022\/06\/21\/limogeage-de-la-dg-du-musee-national-dart-moderne-et-contemporain-ministere-des-affaires-culturelles\/#primaryimage"},"thumbnailUrl":"https:\/\/kapitalis.com\/tunisie\/wp-content\/uploads\/2022\/06\/Rabaa-Jedidi.jpg","datePublished":"2022-06-21T20:29:28+00:00","dateModified":"2022-06-22T07:17:22+00:00","description":"Le minist\u00e8re des Affaires culturelles a annonc\u00e9, dans dans la soir\u00e9e de ce mardi 21 juin 2022, le limogeage de Rab\u00e2a Jedidi, de son poste de directrice g\u00e9n\u00e9rale du Mus\u00e9e national d'Art moderne et contemporain \u00e0 la Cit\u00e9 de la Culture de Tunis","breadcrumb":{"@id":"https:\/\/kapitalis.com\/tunisie\/2022\/06\/21\/limogeage-de-la-dg-du-musee-national-dart-moderne-et-contemporain-ministere-des-affaires-culturelles\/#breadcrumb"},"inLanguage":"fr-FR","potentialAction":[{"@type":"ReadAction","target":["https:\/\/kapitalis.com\/tunisie\/2022\/06\/21\/limogeage-de-la-dg-du-musee-national-dart-moderne-et-contemporain-ministere-des-affaires-culturelles\/"]}]},{"@type":"ImageObject","inLanguage":"fr-FR","@id":"https:\/\/kapitalis.com\/tunisie\/2022\/06\/21\/limogeage-de-la-dg-du-musee-national-dart-moderne-et-contemporain-ministere-des-affaires-culturelles\/#primaryimage","url":"https:\/\/kapitalis.com\/tunisie\/wp-content\/uploads\/2022\/06\/Rabaa-Jedidi.jpg","contentUrl":"https:\/\/kapitalis.com\/tunisie\/wp-content\/uploads\/2022\/06\/Rabaa-Jedidi.jpg","width":1200,"height":630},{"@type":"BreadcrumbList","@id":"https:\/\/kapitalis.com\/tunisie\/2022\/06\/21\/limogeage-de-la-dg-du-musee-national-dart-moderne-et-contemporain-ministere-des-affaires-culturelles\/#breadcrumb","itemListElement":[{"@type":"ListItem","position":1,"name":"Accueil","item":"https:\/\/kapitalis.com\/tunisie\/"},{"@type":"ListItem","position":2,"name":"Limogeage de la DG du Mus\u00e9e national d&rsquo;Art moderne et contemporain (minist\u00e8re des Affaires culturelles)"}]},{"@type":"WebSite","@id":"https:\/\/kapitalis.com\/tunisie\/#website","url":"https:\/\/kapitalis.com\/tunisie\/","name":"Kapitalis","description":"L&#039;actualit\u00e9 en Tunisie et dans le monde","publisher":{"@id":"https:\/\/kapitalis.com\/tunisie\/#organization"},"potentialAction":[{"@type":"SearchAction","target":{"@type":"EntryPoint","urlTemplate":"https:\/\/kapitalis.com\/tunisie\/?s={search_term_string}"},"query-input":{"@type":"PropertyValueSpecification","valueRequired":true,"valueName":"search_term_string"}}],"inLanguage":"fr-FR"},{"@type":"Organization","@id":"https:\/\/kapitalis.com\/tunisie\/#organization","name":"Kapitalis","url":"https:\/\/kapitalis.com\/tunisie\/","logo":{"@type":"ImageObject","inLanguage":"fr-FR","@id":"https:\/\/kapitalis.com\/tunisie\/#\/schema\/logo\/image\/","url":"https:\/\/kapitalis.com\/tunisie\/wp-content\/uploads\/2022\/05\/Kapitalis-big-size.png","contentUrl":"https:\/\/kapitalis.com\/tunisie\/wp-content\/uploads\/2022\/05\/Kapitalis-big-size.png","width":5000,"height":1500,"caption":"Kapitalis"},"image":{"@id":"https:\/\/kapitalis.com\/tunisie\/#\/schema\/logo\/image\/"},"sameAs":["https:\/\/www.facebook.com\/KapitalisInfo\/","https:\/\/x.com\/KapitalisInfo","https:\/\/www.youtube.com\/channel\/UC-yDYrHyfFBWWZaOw3FPg9Q"]},{"@type":"Person","@id":"https:\/\/kapitalis.com\/tunisie\/#\/schema\/person\/74bbde0154d49d790a92aaeac5bc01d5","name":"Yusra NY","url":"https:\/\/kapitalis.com\/tunisie\/author\/yuza_adam\/"}]}},"_links":{"self":[{"href":"https:\/\/kapitalis.com\/tunisie\/wp-json\/wp\/v2\/posts\/1646363","targetHints":{"allow":["GET"]}}],"collection":[{"href":"https:\/\/kapitalis.com\/tunisie\/wp-json\/wp\/v2\/posts"}],"about":[{"href":"https:\/\/kapitalis.com\/tunisie\/wp-json\/wp\/v2\/types\/post"}],"author":[{"embeddable":true,"href":"https:\/\/kapitalis.com\/tunisie\/wp-json\/wp\/v2\/users\/6"}],"replies":[{"embeddable":true,"href":"https:\/\/kapitalis.com\/tunisie\/wp-json\/wp\/v2\/comments?post=1646363"}],"version-history":[{"count":0,"href":"https:\/\/kapitalis.com\/tunisie\/wp-json\/wp\/v2\/posts\/1646363\/revisions"}],"wp:featuredmedia":[{"embeddable":true,"href":"https:\/\/kapitalis.com\/tunisie\/wp-json\/wp\/v2\/media\/1646472"}],"wp:attachment":[{"href":"https:\/\/kapitalis.com\/tunisie\/wp-json\/wp\/v2\/media?parent=1646363"}],"wp:term":[{"taxonomy":"category","embeddable":true,"href":"https:\/\/kapitalis.com\/tunisie\/wp-json\/wp\/v2\/categories?post=1646363"},{"taxonomy":"post_tag","embeddable":true,"href":"https:\/\/kapitalis.com\/tunisie\/wp-json\/wp\/v2\/tags?post=1646363"}],"curies":[{"name":"wp","href":"https:\/\/api.w.org\/{rel}","templated":true}]}}