{"id":164803,"date":"2018-07-15T09:47:14","date_gmt":"2018-07-15T08:47:14","guid":{"rendered":"http:\/\/kapitalis.com\/tunisie\/?p=164803"},"modified":"2018-07-15T09:47:14","modified_gmt":"2018-07-15T08:47:14","slug":"programme-de-la-13e-edition-du-tabarka-jazz-festival","status":"publish","type":"post","link":"https:\/\/kapitalis.com\/tunisie\/2018\/07\/15\/programme-de-la-13e-edition-du-tabarka-jazz-festival\/","title":{"rendered":"Programme de la 13e \u00e9dition du Tabarka Jazz Festival"},"content":{"rendered":"<p style=\"text-align: center;\"><img loading=\"lazy\" decoding=\"async\" class=\"alignnone size-full wp-image-164804\" src=\"http:\/\/kapitalis.com\/tunisie\/wp-content\/uploads\/2018\/07\/Tabarka-Jazz-Festival.jpg\" alt=\"\" width=\"626\" height=\"380\" \/><\/p>\n<p><em><strong>La 13e \u00e9dition du Tabarka Jazz Festival se tiendra du 20 au 28 juillet 2018 au nouveau Th\u00e9\u00e2tre de la Mer de Tabarka, au nord-ouest de la Tunisie.<\/strong><\/em><\/p>\n<p><!--more--><\/p>\n<p>Enti\u00e8rement r\u00e9nov\u00e9, le Th\u00e9\u00e2tre de Mer est enfin pr\u00e8s pour accueillir la nouvelle \u00e9dition du Tabarka Jazz Festival. Permettant d\u2019accueillir jusqu\u2019\u00e0 6500 spectateurs, il est consid\u00e9r\u00e9 ainsi comme le plus grand th\u00e9\u00e2tre en Tunisie, apr\u00e8s le Th\u00e9\u00e2tre romain de Carthage.<\/p>\n<p>Cette ann\u00e9e, le festival est fortement soutenu par le minist\u00e8re du Tourisme et de l\u2019Artisanat qui a veill\u00e9 \u00e0 suivre de pr\u00e8s l\u2019organisation et le programme artistique de cette \u00e9dition. <em>\u00abLe festival sera une occasion d\u2019animer la r\u00e9gion et de consolider son image au niveaux touristique et culturel\u00bb<\/em>, affirme Selma Elloumi Rekik, ministre du Tourisme et de l\u2019Artisanat.<\/p>\n<p>Malgr\u00e9 les grandes difficult\u00e9s financi\u00e8res et administratives qui l\u2019ont accabl\u00e9 ces derni\u00e8res ann\u00e9es, Tabarka Jazz Festival, premier festival de jazz en Tunisie, a su rena\u00eetre de ses cendres pour continuer cette aventure musicale entam\u00e9e en 1973.<\/p>\n<h3>Le programme :<\/h3>\n<p>&#8211; Vendredi 20 juillet (ouverture) : Etienne Mbapp\u00e9 &amp; the Prophets \/ Kid Cr\u00e9ole &amp; the Coconuts ;<\/p>\n<p>&#8211; Samedi 21 juillet : Incognito ;<\/p>\n<p>&#8211; Dimanche 22 juillet : Al Mckay feat Earth Wind and Fire Experience;<\/p>\n<p>&#8211; Mardi 24 juillet : Malina Moye;<\/p>\n<p>&#8211; Mercredi 25 juillet : Ayo;<\/p>\n<p>&#8211; Vendredi 27 juillet : El Dey \/ Mohamed Ali Kammoun;<\/p>\n<p>&#8211; Samedi 28 juillet (cl\u00f4ture) : Karen Asa Triansextet feat Rita Moses &amp; Habib Samandi \/ Nik West.<\/p>\n<p style=\"text-align: right;\"><strong>Fawz Ben Ali<\/strong><\/p>\n<blockquote class=\"wp-embedded-content\" data-secret=\"HVOSr5tXPh\"><p><a href=\"https:\/\/kapitalis.com\/tunisie\/2017\/07\/23\/ouverture-houleuse-de-tabarka-jazz-festival\/\">Ouverture houleuse de Tabarka Jazz Festival<\/a><\/p><\/blockquote>\n<p><iframe loading=\"lazy\" class=\"wp-embedded-content\" sandbox=\"allow-scripts\" security=\"restricted\" style=\"position: absolute; clip: rect(1px, 1px, 1px, 1px);\" title=\"\u00ab\u00a0Ouverture houleuse de Tabarka Jazz Festival\u00a0\u00bb &#8212; Kapitalis\" src=\"https:\/\/kapitalis.com\/tunisie\/2017\/07\/23\/ouverture-houleuse-de-tabarka-jazz-festival\/embed\/#?secret=8Zi5kdD8rs#?secret=HVOSr5tXPh\" data-secret=\"HVOSr5tXPh\" width=\"600\" height=\"338\" frameborder=\"0\" marginwidth=\"0\" marginheight=\"0\" scrolling=\"no\"><\/iframe><\/p>\n<blockquote class=\"wp-embedded-content\" data-secret=\"KCtaNkktDh\"><p><a href=\"https:\/\/kapitalis.com\/tunisie\/2017\/07\/06\/tabarka-jazz-festival-la-musique-souffle-sur-la-ville-du-corail\/\">Tabarka Jazz Festival : La musique souffle sur la ville du corail<\/a><\/p><\/blockquote>\n<p><iframe loading=\"lazy\" class=\"wp-embedded-content\" sandbox=\"allow-scripts\" security=\"restricted\" style=\"position: absolute; clip: rect(1px, 1px, 1px, 1px);\" title=\"\u00ab\u00a0Tabarka Jazz Festival : La musique souffle sur la ville du corail\u00a0\u00bb &#8212; Kapitalis\" src=\"https:\/\/kapitalis.com\/tunisie\/2017\/07\/06\/tabarka-jazz-festival-la-musique-souffle-sur-la-ville-du-corail\/embed\/#?secret=qsUPXjjY1a#?secret=KCtaNkktDh\" data-secret=\"KCtaNkktDh\" width=\"600\" height=\"338\" frameborder=\"0\" marginwidth=\"0\" marginheight=\"0\" scrolling=\"no\"><\/iframe><\/p>\n","protected":false},"excerpt":{"rendered":"<p>La 13e \u00e9dition du Tabarka Jazz Festival se tiendra du 20 au 28 juillet 2018 au nouveau Th\u00e9\u00e2tre de la Mer de Tabarka, au nord-ouest de la Tunisie.<\/p>\n","protected":false},"author":8,"featured_media":164804,"comment_status":"open","ping_status":"open","sticky":false,"template":"","format":"standard","meta":{"footnotes":""},"categories":[994,2433],"tags":[89,819,22041,44749,908],"class_list":["post-164803","post","type-post","status-publish","format-standard","has-post-thumbnail","hentry","category-culture","category-tunisie","tag-artisanat","tag-selma-elloumi-rekik","tag-tabarka-jazz-festival","tag-theatre-de-la-mer","tag-tourisme"],"yoast_head":"<!-- This site is optimized with the Yoast SEO plugin v26.6 - https:\/\/yoast.com\/wordpress\/plugins\/seo\/ -->\n<title>Programme de la 13e \u00e9dition du Tabarka Jazz Festival - Kapitalis<\/title>\n<meta name=\"robots\" content=\"index, follow, max-snippet:-1, max-image-preview:large, max-video-preview:-1\" \/>\n<link rel=\"canonical\" href=\"https:\/\/kapitalis.com\/tunisie\/2018\/07\/15\/programme-de-la-13e-edition-du-tabarka-jazz-festival\/\" \/>\n<meta property=\"og:locale\" content=\"fr_FR\" \/>\n<meta property=\"og:type\" content=\"article\" \/>\n<meta property=\"og:title\" content=\"Programme de la 13e \u00e9dition du Tabarka Jazz Festival - Kapitalis\" \/>\n<meta property=\"og:description\" content=\"La 13e \u00e9dition du Tabarka Jazz Festival se tiendra du 20 au 28 juillet 2018 au nouveau Th\u00e9\u00e2tre de la Mer de Tabarka, au nord-ouest de la Tunisie.\" \/>\n<meta property=\"og:url\" content=\"https:\/\/kapitalis.com\/tunisie\/2018\/07\/15\/programme-de-la-13e-edition-du-tabarka-jazz-festival\/\" \/>\n<meta property=\"og:site_name\" content=\"Kapitalis\" \/>\n<meta property=\"article:publisher\" content=\"https:\/\/www.facebook.com\/KapitalisInfo\/\" \/>\n<meta property=\"article:published_time\" content=\"2018-07-15T08:47:14+00:00\" \/>\n<meta property=\"og:image\" content=\"https:\/\/kapitalis.com\/tunisie\/wp-content\/uploads\/2022\/05\/kapitalis-logo-fb.png\" \/>\n\t<meta property=\"og:image:width\" content=\"1200\" \/>\n\t<meta property=\"og:image:height\" content=\"630\" \/>\n\t<meta property=\"og:image:type\" content=\"image\/png\" \/>\n<meta name=\"author\" content=\"webmaster kapitalis\" \/>\n<meta name=\"twitter:card\" content=\"summary_large_image\" \/>\n<meta name=\"twitter:creator\" content=\"@KapitalisInfo\" \/>\n<meta name=\"twitter:site\" content=\"@KapitalisInfo\" \/>\n<meta name=\"twitter:label1\" content=\"\u00c9crit par\" \/>\n\t<meta name=\"twitter:data1\" content=\"webmaster kapitalis\" \/>\n\t<meta name=\"twitter:label2\" content=\"Dur\u00e9e de lecture estim\u00e9e\" \/>\n\t<meta name=\"twitter:data2\" content=\"1 minute\" \/>\n<script type=\"application\/ld+json\" class=\"yoast-schema-graph\">{\"@context\":\"https:\/\/schema.org\",\"@graph\":[{\"@type\":\"Article\",\"@id\":\"https:\/\/kapitalis.com\/tunisie\/2018\/07\/15\/programme-de-la-13e-edition-du-tabarka-jazz-festival\/#article\",\"isPartOf\":{\"@id\":\"https:\/\/kapitalis.com\/tunisie\/2018\/07\/15\/programme-de-la-13e-edition-du-tabarka-jazz-festival\/\"},\"author\":{\"name\":\"webmaster kapitalis\",\"@id\":\"https:\/\/kapitalis.com\/tunisie\/#\/schema\/person\/d71f33a9ca44f7bad4698210b480c8e9\"},\"headline\":\"Programme de la 13e \u00e9dition du Tabarka Jazz Festival\",\"datePublished\":\"2018-07-15T08:47:14+00:00\",\"mainEntityOfPage\":{\"@id\":\"https:\/\/kapitalis.com\/tunisie\/2018\/07\/15\/programme-de-la-13e-edition-du-tabarka-jazz-festival\/\"},\"wordCount\":268,\"commentCount\":0,\"publisher\":{\"@id\":\"https:\/\/kapitalis.com\/tunisie\/#organization\"},\"image\":{\"@id\":\"https:\/\/kapitalis.com\/tunisie\/2018\/07\/15\/programme-de-la-13e-edition-du-tabarka-jazz-festival\/#primaryimage\"},\"thumbnailUrl\":\"\",\"keywords\":[\"artisanat\",\"Selma Elloumi Rekik\",\"Tabarka Jazz Festival\",\"th\u00e9\u00e2tre de la mer\",\"tourisme\"],\"articleSection\":[\"CULTURE\",\"Tunisie\"],\"inLanguage\":\"fr-FR\",\"potentialAction\":[{\"@type\":\"CommentAction\",\"name\":\"Comment\",\"target\":[\"https:\/\/kapitalis.com\/tunisie\/2018\/07\/15\/programme-de-la-13e-edition-du-tabarka-jazz-festival\/#respond\"]}]},{\"@type\":\"WebPage\",\"@id\":\"https:\/\/kapitalis.com\/tunisie\/2018\/07\/15\/programme-de-la-13e-edition-du-tabarka-jazz-festival\/\",\"url\":\"https:\/\/kapitalis.com\/tunisie\/2018\/07\/15\/programme-de-la-13e-edition-du-tabarka-jazz-festival\/\",\"name\":\"Programme de la 13e \u00e9dition du Tabarka Jazz Festival - Kapitalis\",\"isPartOf\":{\"@id\":\"https:\/\/kapitalis.com\/tunisie\/#website\"},\"primaryImageOfPage\":{\"@id\":\"https:\/\/kapitalis.com\/tunisie\/2018\/07\/15\/programme-de-la-13e-edition-du-tabarka-jazz-festival\/#primaryimage\"},\"image\":{\"@id\":\"https:\/\/kapitalis.com\/tunisie\/2018\/07\/15\/programme-de-la-13e-edition-du-tabarka-jazz-festival\/#primaryimage\"},\"thumbnailUrl\":\"\",\"datePublished\":\"2018-07-15T08:47:14+00:00\",\"breadcrumb\":{\"@id\":\"https:\/\/kapitalis.com\/tunisie\/2018\/07\/15\/programme-de-la-13e-edition-du-tabarka-jazz-festival\/#breadcrumb\"},\"inLanguage\":\"fr-FR\",\"potentialAction\":[{\"@type\":\"ReadAction\",\"target\":[\"https:\/\/kapitalis.com\/tunisie\/2018\/07\/15\/programme-de-la-13e-edition-du-tabarka-jazz-festival\/\"]}]},{\"@type\":\"ImageObject\",\"inLanguage\":\"fr-FR\",\"@id\":\"https:\/\/kapitalis.com\/tunisie\/2018\/07\/15\/programme-de-la-13e-edition-du-tabarka-jazz-festival\/#primaryimage\",\"url\":\"\",\"contentUrl\":\"\"},{\"@type\":\"BreadcrumbList\",\"@id\":\"https:\/\/kapitalis.com\/tunisie\/2018\/07\/15\/programme-de-la-13e-edition-du-tabarka-jazz-festival\/#breadcrumb\",\"itemListElement\":[{\"@type\":\"ListItem\",\"position\":1,\"name\":\"Accueil\",\"item\":\"https:\/\/kapitalis.com\/tunisie\/\"},{\"@type\":\"ListItem\",\"position\":2,\"name\":\"Programme de la 13e \u00e9dition du Tabarka Jazz Festival\"}]},{\"@type\":\"WebSite\",\"@id\":\"https:\/\/kapitalis.com\/tunisie\/#website\",\"url\":\"https:\/\/kapitalis.com\/tunisie\/\",\"name\":\"Kapitalis\",\"description\":\"L&#039;actualit\u00e9 en Tunisie et dans le monde\",\"publisher\":{\"@id\":\"https:\/\/kapitalis.com\/tunisie\/#organization\"},\"potentialAction\":[{\"@type\":\"SearchAction\",\"target\":{\"@type\":\"EntryPoint\",\"urlTemplate\":\"https:\/\/kapitalis.com\/tunisie\/?s={search_term_string}\"},\"query-input\":{\"@type\":\"PropertyValueSpecification\",\"valueRequired\":true,\"valueName\":\"search_term_string\"}}],\"inLanguage\":\"fr-FR\"},{\"@type\":\"Organization\",\"@id\":\"https:\/\/kapitalis.com\/tunisie\/#organization\",\"name\":\"Kapitalis\",\"url\":\"https:\/\/kapitalis.com\/tunisie\/\",\"logo\":{\"@type\":\"ImageObject\",\"inLanguage\":\"fr-FR\",\"@id\":\"https:\/\/kapitalis.com\/tunisie\/#\/schema\/logo\/image\/\",\"url\":\"https:\/\/kapitalis.com\/tunisie\/wp-content\/uploads\/2022\/05\/Kapitalis-big-size.png\",\"contentUrl\":\"https:\/\/kapitalis.com\/tunisie\/wp-content\/uploads\/2022\/05\/Kapitalis-big-size.png\",\"width\":5000,\"height\":1500,\"caption\":\"Kapitalis\"},\"image\":{\"@id\":\"https:\/\/kapitalis.com\/tunisie\/#\/schema\/logo\/image\/\"},\"sameAs\":[\"https:\/\/www.facebook.com\/KapitalisInfo\/\",\"https:\/\/x.com\/KapitalisInfo\",\"https:\/\/www.youtube.com\/channel\/UC-yDYrHyfFBWWZaOw3FPg9Q\"]},{\"@type\":\"Person\",\"@id\":\"https:\/\/kapitalis.com\/tunisie\/#\/schema\/person\/d71f33a9ca44f7bad4698210b480c8e9\",\"name\":\"webmaster kapitalis\",\"url\":\"https:\/\/kapitalis.com\/tunisie\/author\/webmaster-kapitalis\/\"}]}<\/script>\n<!-- \/ Yoast SEO plugin. -->","yoast_head_json":{"title":"Programme de la 13e \u00e9dition du Tabarka Jazz Festival - Kapitalis","robots":{"index":"index","follow":"follow","max-snippet":"max-snippet:-1","max-image-preview":"max-image-preview:large","max-video-preview":"max-video-preview:-1"},"canonical":"https:\/\/kapitalis.com\/tunisie\/2018\/07\/15\/programme-de-la-13e-edition-du-tabarka-jazz-festival\/","og_locale":"fr_FR","og_type":"article","og_title":"Programme de la 13e \u00e9dition du Tabarka Jazz Festival - Kapitalis","og_description":"La 13e \u00e9dition du Tabarka Jazz Festival se tiendra du 20 au 28 juillet 2018 au nouveau Th\u00e9\u00e2tre de la Mer de Tabarka, au nord-ouest de la Tunisie.","og_url":"https:\/\/kapitalis.com\/tunisie\/2018\/07\/15\/programme-de-la-13e-edition-du-tabarka-jazz-festival\/","og_site_name":"Kapitalis","article_publisher":"https:\/\/www.facebook.com\/KapitalisInfo\/","article_published_time":"2018-07-15T08:47:14+00:00","og_image":[{"width":1200,"height":630,"url":"https:\/\/kapitalis.com\/tunisie\/wp-content\/uploads\/2022\/05\/kapitalis-logo-fb.png","type":"image\/png"}],"author":"webmaster kapitalis","twitter_card":"summary_large_image","twitter_creator":"@KapitalisInfo","twitter_site":"@KapitalisInfo","twitter_misc":{"\u00c9crit par":"webmaster kapitalis","Dur\u00e9e de lecture estim\u00e9e":"1 minute"},"schema":{"@context":"https:\/\/schema.org","@graph":[{"@type":"Article","@id":"https:\/\/kapitalis.com\/tunisie\/2018\/07\/15\/programme-de-la-13e-edition-du-tabarka-jazz-festival\/#article","isPartOf":{"@id":"https:\/\/kapitalis.com\/tunisie\/2018\/07\/15\/programme-de-la-13e-edition-du-tabarka-jazz-festival\/"},"author":{"name":"webmaster kapitalis","@id":"https:\/\/kapitalis.com\/tunisie\/#\/schema\/person\/d71f33a9ca44f7bad4698210b480c8e9"},"headline":"Programme de la 13e \u00e9dition du Tabarka Jazz Festival","datePublished":"2018-07-15T08:47:14+00:00","mainEntityOfPage":{"@id":"https:\/\/kapitalis.com\/tunisie\/2018\/07\/15\/programme-de-la-13e-edition-du-tabarka-jazz-festival\/"},"wordCount":268,"commentCount":0,"publisher":{"@id":"https:\/\/kapitalis.com\/tunisie\/#organization"},"image":{"@id":"https:\/\/kapitalis.com\/tunisie\/2018\/07\/15\/programme-de-la-13e-edition-du-tabarka-jazz-festival\/#primaryimage"},"thumbnailUrl":"","keywords":["artisanat","Selma Elloumi Rekik","Tabarka Jazz Festival","th\u00e9\u00e2tre de la mer","tourisme"],"articleSection":["CULTURE","Tunisie"],"inLanguage":"fr-FR","potentialAction":[{"@type":"CommentAction","name":"Comment","target":["https:\/\/kapitalis.com\/tunisie\/2018\/07\/15\/programme-de-la-13e-edition-du-tabarka-jazz-festival\/#respond"]}]},{"@type":"WebPage","@id":"https:\/\/kapitalis.com\/tunisie\/2018\/07\/15\/programme-de-la-13e-edition-du-tabarka-jazz-festival\/","url":"https:\/\/kapitalis.com\/tunisie\/2018\/07\/15\/programme-de-la-13e-edition-du-tabarka-jazz-festival\/","name":"Programme de la 13e \u00e9dition du Tabarka Jazz Festival - Kapitalis","isPartOf":{"@id":"https:\/\/kapitalis.com\/tunisie\/#website"},"primaryImageOfPage":{"@id":"https:\/\/kapitalis.com\/tunisie\/2018\/07\/15\/programme-de-la-13e-edition-du-tabarka-jazz-festival\/#primaryimage"},"image":{"@id":"https:\/\/kapitalis.com\/tunisie\/2018\/07\/15\/programme-de-la-13e-edition-du-tabarka-jazz-festival\/#primaryimage"},"thumbnailUrl":"","datePublished":"2018-07-15T08:47:14+00:00","breadcrumb":{"@id":"https:\/\/kapitalis.com\/tunisie\/2018\/07\/15\/programme-de-la-13e-edition-du-tabarka-jazz-festival\/#breadcrumb"},"inLanguage":"fr-FR","potentialAction":[{"@type":"ReadAction","target":["https:\/\/kapitalis.com\/tunisie\/2018\/07\/15\/programme-de-la-13e-edition-du-tabarka-jazz-festival\/"]}]},{"@type":"ImageObject","inLanguage":"fr-FR","@id":"https:\/\/kapitalis.com\/tunisie\/2018\/07\/15\/programme-de-la-13e-edition-du-tabarka-jazz-festival\/#primaryimage","url":"","contentUrl":""},{"@type":"BreadcrumbList","@id":"https:\/\/kapitalis.com\/tunisie\/2018\/07\/15\/programme-de-la-13e-edition-du-tabarka-jazz-festival\/#breadcrumb","itemListElement":[{"@type":"ListItem","position":1,"name":"Accueil","item":"https:\/\/kapitalis.com\/tunisie\/"},{"@type":"ListItem","position":2,"name":"Programme de la 13e \u00e9dition du Tabarka Jazz Festival"}]},{"@type":"WebSite","@id":"https:\/\/kapitalis.com\/tunisie\/#website","url":"https:\/\/kapitalis.com\/tunisie\/","name":"Kapitalis","description":"L&#039;actualit\u00e9 en Tunisie et dans le monde","publisher":{"@id":"https:\/\/kapitalis.com\/tunisie\/#organization"},"potentialAction":[{"@type":"SearchAction","target":{"@type":"EntryPoint","urlTemplate":"https:\/\/kapitalis.com\/tunisie\/?s={search_term_string}"},"query-input":{"@type":"PropertyValueSpecification","valueRequired":true,"valueName":"search_term_string"}}],"inLanguage":"fr-FR"},{"@type":"Organization","@id":"https:\/\/kapitalis.com\/tunisie\/#organization","name":"Kapitalis","url":"https:\/\/kapitalis.com\/tunisie\/","logo":{"@type":"ImageObject","inLanguage":"fr-FR","@id":"https:\/\/kapitalis.com\/tunisie\/#\/schema\/logo\/image\/","url":"https:\/\/kapitalis.com\/tunisie\/wp-content\/uploads\/2022\/05\/Kapitalis-big-size.png","contentUrl":"https:\/\/kapitalis.com\/tunisie\/wp-content\/uploads\/2022\/05\/Kapitalis-big-size.png","width":5000,"height":1500,"caption":"Kapitalis"},"image":{"@id":"https:\/\/kapitalis.com\/tunisie\/#\/schema\/logo\/image\/"},"sameAs":["https:\/\/www.facebook.com\/KapitalisInfo\/","https:\/\/x.com\/KapitalisInfo","https:\/\/www.youtube.com\/channel\/UC-yDYrHyfFBWWZaOw3FPg9Q"]},{"@type":"Person","@id":"https:\/\/kapitalis.com\/tunisie\/#\/schema\/person\/d71f33a9ca44f7bad4698210b480c8e9","name":"webmaster kapitalis","url":"https:\/\/kapitalis.com\/tunisie\/author\/webmaster-kapitalis\/"}]}},"_links":{"self":[{"href":"https:\/\/kapitalis.com\/tunisie\/wp-json\/wp\/v2\/posts\/164803","targetHints":{"allow":["GET"]}}],"collection":[{"href":"https:\/\/kapitalis.com\/tunisie\/wp-json\/wp\/v2\/posts"}],"about":[{"href":"https:\/\/kapitalis.com\/tunisie\/wp-json\/wp\/v2\/types\/post"}],"author":[{"embeddable":true,"href":"https:\/\/kapitalis.com\/tunisie\/wp-json\/wp\/v2\/users\/8"}],"replies":[{"embeddable":true,"href":"https:\/\/kapitalis.com\/tunisie\/wp-json\/wp\/v2\/comments?post=164803"}],"version-history":[{"count":0,"href":"https:\/\/kapitalis.com\/tunisie\/wp-json\/wp\/v2\/posts\/164803\/revisions"}],"wp:featuredmedia":[{"embeddable":true,"href":"https:\/\/kapitalis.com\/tunisie\/wp-json\/wp\/v2\/media\/164804"}],"wp:attachment":[{"href":"https:\/\/kapitalis.com\/tunisie\/wp-json\/wp\/v2\/media?parent=164803"}],"wp:term":[{"taxonomy":"category","embeddable":true,"href":"https:\/\/kapitalis.com\/tunisie\/wp-json\/wp\/v2\/categories?post=164803"},{"taxonomy":"post_tag","embeddable":true,"href":"https:\/\/kapitalis.com\/tunisie\/wp-json\/wp\/v2\/tags?post=164803"}],"curies":[{"name":"wp","href":"https:\/\/api.w.org\/{rel}","templated":true}]}}