{"id":16485364,"date":"2025-05-10T11:49:22","date_gmt":"2025-05-10T10:49:22","guid":{"rendered":"https:\/\/kapitalis.com\/tunisie\/?p=16485364"},"modified":"2025-05-10T11:49:24","modified_gmt":"2025-05-10T10:49:24","slug":"trump-veut-son-nobel-de-la-paix-et-pas-question-que-netanyahu-lembete","status":"publish","type":"post","link":"https:\/\/kapitalis.com\/tunisie\/2025\/05\/10\/trump-veut-son-nobel-de-la-paix-et-pas-question-que-netanyahu-lembete\/","title":{"rendered":"Trump veut son Nobel de la paix et pas question que Netanyahu l\u2019emb\u00eate !"},"content":{"rendered":"\n<p><strong><em>Le site d\u2019information am\u00e9ricain Axios a r\u00e9v\u00e9l\u00e9 jeudi soir que le ministre isra\u00e9lien des Affaires strat\u00e9giques Ron Dermer a \u00e9t\u00e9 re\u00e7u par Donald Trump \u00e0 la Maison-Blanche, mais des sources proches du pr\u00e9sident am\u00e9ricain ont indiqu\u00e9 que celui-ci a d\u00e9cid\u00e9 de ne plus prendre au t\u00e9l\u00e9phone Benjamin Netanyahu, qu\u2019Isra\u00ebl ne fera pas partie de sa tourn\u00e9e au Moyen-Orient la semaine prochaine et qu\u2019il ne rencontrera pas le Premier ministre isra\u00e9lien. Les relations entre les deux hommes se sont-elles subitement d\u00e9t\u00e9rior\u00e9es ?<\/em><\/strong><\/p>\n\n\n\n<p><strong>Imed Bahri<\/strong><\/p>\n\n\n\n<!--more-->\n\n\n\n<p>Il ne faut pas r\u00eaver&nbsp;: Trump n\u2019est pas devenu anti-isra\u00e9lien. En r\u00e9alit\u00e9, c\u2019est une divergence de vue sur les grands dossiers du Moyen-Orient. L\u2019Am\u00e9ricain souhaite avoir le Nobel de la paix et entrer dans l\u2019Histoire alors que les positions bellicistes de l\u2019Isra\u00e9lien risquent de compromettre cette ambition.&nbsp;<\/p>\n\n\n\n<p>Alors que Trump et son homme de confiance Steve Witkoff veulent un accord sur le nucl\u00e9aire avec l\u2019Iran, Netanyahu s\u2019ent\u00eate \u00e0 vouloir imposer l\u2019option militaire. Trump veut un cessez-le-feu \u00e0 Gaza pour lib\u00e9rer les d\u00e9tenus isra\u00e9liens, Netanyahu et ses alli\u00e9s de l\u2019extr\u00eame-droite souhaitent poursuivre la guerre. \u00c9galement, les Isra\u00e9liens ont \u00e9t\u00e9 exc\u00e9d\u00e9s par l\u2019annonce de l\u2019accord de cessez-le-feu entre les \u00c9tats-Unis et les Houthis au moment m\u00eame o\u00f9 Isra\u00ebl bombardait le Y\u00e9men, le mardi 6 mai, et surtout que l\u2019administration Trump ne les a pas pr\u00e9venus au pr\u00e9alable de cet accord.<\/p>\n\n\n\n<h2 class=\"wp-block-heading\">Trump semble en a assez de Netanyahu<\/h2>\n\n\n\n<p>Le journal isra\u00e9lien <em>Yedioth Ahronoth<\/em> est revenu vendredi sur le vaudeville actuel entre le pr\u00e9sident am\u00e9ricain et le Premier ministre isra\u00e9lien et indique que Trump semble en avoir assez de Netanyahu car celui-ci refuse d\u2019agir conform\u00e9ment \u00e0 la vision des \u00c9tats-Unis au Moyen-Orient. Les Am\u00e9ricains ont le sentiment qu\u2019Isra\u00ebl met de nombreux obstacles sur la voie de l\u2019obtention du prix Nobel de la paix par Trump.<\/p>\n\n\n\n<p>Celui-ci a d\u00e9j\u00e0 d\u00e9clar\u00e9 \u00e0 plusieurs reprises qu\u2019il se consid\u00e9rait comme \u00e9ligible pour remporter le prix Nobel de la paix que ce soit gr\u00e2ce \u00e0 ses efforts pour mettre fin \u00e0 la guerre entre la Russie et l\u2019Ukraine, \u00e0 sa m\u00e9diation pour un accord visant \u00e0 lib\u00e9rer les d\u00e9tenus isra\u00e9liens de Gaza ou aux n\u00e9gociations pour parvenir \u00e0 un accord avec la R\u00e9publique islamique d\u2019Iran.&nbsp;<\/p>\n\n\n\n<p>Dans ce contexte de tension entre les deux hommes, le <em>Yedioth Ahronoth<\/em> a rapport\u00e9 qu\u2019avant l\u2019arriv\u00e9e de Trump au Moyen-Orient la semaine prochaine, il y a une activit\u00e9 am\u00e9ricaine intense&nbsp;visant \u00e0 parvenir \u00e0 un accord d\u2019\u00e9change de prisonniers et \u00e0 un cessez-le-feu \u00e0 Gaza. Dans les coulisses, des efforts sont d\u00e9ploy\u00e9s par les m\u00e9diateurs du Qatar o\u00f9 Trump se rendra pour faire progresser la question des d\u00e9tenus isra\u00e9liens.&nbsp;<\/p>\n\n\n\n<p>Le journal isra\u00e9lien note que les responsables am\u00e9ricains r\u00e9pandent l\u2019optimisme en \u00e9voquant la possibilit\u00e9 de parvenir \u00e0 un accord tandis qu\u2019Isra\u00ebl est dans une escalade guerri\u00e8re \u00e0 Gaza qui met en p\u00e9ril la vie des d\u00e9tenus que Trump veut faire lib\u00e9rer.<\/p>\n\n\n\n<p>Dans son article hebdomadaire dans le <em><a href=\"https:\/\/www.nytimes.com\/2025\/05\/09\/opinion\/trump-iran-israel.html\" target=\"_blank\" rel=\"noreferrer noopener\">New York Times<\/a><\/em>, le journaliste am\u00e9ricain Thomas Friedman, proche des d\u00e9mocrates et d\u2019habitude oppos\u00e9 \u00e0 Trump, s\u2019est r\u00e9joui de l\u2019attitude de celui-ci vis-\u00e0-vis de Netanyahu.<\/p>\n\n\n\n<p>Dans une lettre ouverte \u00e0 Trump, il \u00e9crit : <em>\u00ab Le fait que vous vous y rendiez la semaine prochaine <\/em>(au Moyen-Orient, Ndlr)<em> et rencontriez les dirigeants de l\u2019Arabie saoudite, des \u00c9mirats arabes unis et du Qatar et que vous n\u2019envisagiez pas de rencontrer le Premier ministre Benjamin Netanyahu en Isra\u00ebl me montre que vous commencez \u00e0 comprendre une v\u00e9rit\u00e9 essentielle : ce gouvernement isra\u00e9lien agit d\u2019une mani\u00e8re qui menace les int\u00e9r\u00eats fondamentaux des \u00c9tats-Unis dans la r\u00e9gion. Netanyahu n\u2019est pas notre ami \u00bb<\/em>.<\/p>\n\n\n\n<p>Le journaliste am\u00e9ricain consid\u00e8re que Netanyahu pensait pouvoir traiter Trump comme un imb\u00e9cile et l\u2019instrumentaliser \u00e0 sa guise pour parvenir \u00e0 ses fins. D\u2019ailleurs, ce comportement du Premier ministre isra\u00e9lien, qui se croit plus intelligent que les autres et capable de les manipuler, est connu et lui a souvent \u00e9t\u00e9 reproch\u00e9.<\/p>\n\n\n\n<p>Friedman \u00e9crit : \u00ab <em>J\u2019admire la fa\u00e7on dont vous lui avez signal\u00e9 \u00e0 travers vos n\u00e9gociations ind\u00e9pendantes avec le Hamas, l\u2019Iran et les Houthis que vous <\/em>[Netanyahu]<em> n\u2019avez aucune autorit\u00e9 sur moi, que vous ne serez pas son bouc \u00e9missaire de sa politique et il commence clairement \u00e0 paniquer <\/em>\u00bb.<\/p>\n\n\n\n<p>Il souligne que le gouvernement isra\u00e9lien extr\u00e9miste, messianique et nationaliste n\u2019est pas un alli\u00e9 de l\u2019Am\u00e9rique parce qu\u2019il qui ne donne pas la priorit\u00e9 \u00e0 la r\u00e9alisation de la paix avec le monde arabe susceptible d\u2019apporter une plus grande s\u00e9curit\u00e9 et une meilleure coexistence dans la r\u00e9gion. Sa priorit\u00e9 est d\u2019annexer la Cisjordanie, d\u2019expulser les Palestiniens de Gaza et d\u2019y r\u00e9tablir les colonies isra\u00e9liennes.<\/p>\n\n\n\n<h2 class=\"wp-block-heading\">L\u2019extr\u00e9misme de Netanyahu menace les int\u00e9r\u00eats am\u00e9ricains<\/h2>\n\n\n\n<p>Friedman affirme que le fait que le gouvernement Netanyahu poursuive ce programme extr\u00e9miste en fait une menace pour les int\u00e9r\u00eats am\u00e9ricains.<\/p>\n\n\n\n<p>L\u2019un des piliers de la strat\u00e9gie am\u00e9ricaine concernant le Moyen-Orient repose sur l\u2019engagement des \u00c9tats-Unis et d\u2019Isra\u00ebl en faveur d\u2019une solution \u00e0 deux \u00c9tats \u00e0 condition que les Palestiniens reconnaissent l\u2019existence d\u2019Isra\u00ebl et que leur \u00c9tat soit d\u00e9militaris\u00e9.<\/p>\n\n\n\n<p>Cependant, le gouvernement Netanyahu a fait de l\u2019annexion de la Cisjordanie sa priorit\u00e9 lorsqu\u2019il est arriv\u00e9 au pouvoir fin 2022, bien avant l\u2019op\u00e9ration D\u00e9luge d\u2019Al-Aqsa du 7 octobre 2023, plut\u00f4t que de s\u2019engager dans le projet de s\u00e9curit\u00e9 et de paix am\u00e9ricain pour la r\u00e9gion. D\u2019ailleurs, ce projet d\u2019annexion de la Cisjordanie, que le Likoud de Netanyahu et ses alli\u00e9s appellent Jud\u00e9e-Samarie, ainsi que les multiples provocations isra\u00e9liennes \u00e0 J\u00e9rusalem, figurent parmi les raisons qui ont conduit au 7 octobre.&nbsp;<\/p>\n\n\n\n<p>Friedman est \u00e9galement revenu sur l\u2019information rapport\u00e9e par Reuters jeudi affirmant que les \u00c9tats-Unis n\u2019exigent plus que l\u2019Arabie saoudite normalise ses relations avec Isra\u00ebl comme condition pour progresser dans les n\u00e9gociations sur la coop\u00e9ration nucl\u00e9aire civile. C\u2019est une \u00e9ni\u00e8me preuve de la lassitude des \u00c9tats-Unis de Netanyahu et cela montre que c\u2019est \u00e0 celui-ci de suivre les projets de l\u2019administration Trump et non le contraire. Le pr\u00e9sident am\u00e9ricain veut son Nobel de la paix et n\u2019est pas pr\u00eat \u00e0 ce que le belliqueux isra\u00e9lien lui sape son ambition.<\/p>\n","protected":false},"excerpt":{"rendered":"<p>Les relations entre les Donald Trump et Benjamin Netanyahu se sont-elles subitement d\u00e9t\u00e9rior\u00e9es ?<\/p>\n","protected":false},"author":8,"featured_media":16485420,"comment_status":"open","ping_status":"open","sticky":false,"template":"","format":"standard","meta":{"footnotes":""},"categories":[992,997,2433],"tags":[9054,75918,2444,65522,497,2478,122186,118997],"class_list":["post-16485364","post","type-post","status-publish","format-standard","has-post-thumbnail","hentry","category-a-la-une","category-politique","category-tunisie","tag-donald-trump","tag-etats-unis-2","tag-gaza","tag-houthis","tag-iran","tag-israel","tag-ron-dermer","tag-steve-witkoff"],"yoast_head":"<!-- This site is optimized with the Yoast SEO plugin v26.6 - https:\/\/yoast.com\/wordpress\/plugins\/seo\/ -->\n<title>Trump veut son Nobel de la paix et pas question que Netanyahu l\u2019emb\u00eate ! - Kapitalis<\/title>\n<meta name=\"robots\" content=\"index, follow, max-snippet:-1, max-image-preview:large, max-video-preview:-1\" \/>\n<link rel=\"canonical\" href=\"https:\/\/kapitalis.com\/tunisie\/2025\/05\/10\/trump-veut-son-nobel-de-la-paix-et-pas-question-que-netanyahu-lembete\/\" \/>\n<meta property=\"og:locale\" content=\"fr_FR\" \/>\n<meta property=\"og:type\" content=\"article\" \/>\n<meta property=\"og:title\" content=\"Trump veut son Nobel de la paix et pas question que Netanyahu l\u2019emb\u00eate ! - Kapitalis\" \/>\n<meta property=\"og:description\" content=\"Les relations entre les Donald Trump et Benjamin Netanyahu se sont-elles subitement d\u00e9t\u00e9rior\u00e9es ?\" \/>\n<meta property=\"og:url\" content=\"https:\/\/kapitalis.com\/tunisie\/2025\/05\/10\/trump-veut-son-nobel-de-la-paix-et-pas-question-que-netanyahu-lembete\/\" \/>\n<meta property=\"og:site_name\" content=\"Kapitalis\" \/>\n<meta property=\"article:publisher\" content=\"https:\/\/www.facebook.com\/KapitalisInfo\/\" \/>\n<meta property=\"article:published_time\" content=\"2025-05-10T10:49:22+00:00\" \/>\n<meta property=\"article:modified_time\" content=\"2025-05-10T10:49:24+00:00\" \/>\n<meta property=\"og:image\" content=\"https:\/\/kapitalis.com\/tunisie\/wp-content\/uploads\/2025\/05\/Trump-Netanyahu.jpg\" \/>\n\t<meta property=\"og:image:width\" content=\"1200\" \/>\n\t<meta property=\"og:image:height\" content=\"630\" \/>\n\t<meta property=\"og:image:type\" content=\"image\/jpeg\" \/>\n<meta name=\"author\" content=\"webmaster kapitalis\" \/>\n<meta name=\"twitter:card\" content=\"summary_large_image\" \/>\n<meta name=\"twitter:creator\" content=\"@KapitalisInfo\" \/>\n<meta name=\"twitter:site\" content=\"@KapitalisInfo\" \/>\n<meta name=\"twitter:label1\" content=\"\u00c9crit par\" \/>\n\t<meta name=\"twitter:data1\" content=\"webmaster kapitalis\" \/>\n\t<meta name=\"twitter:label2\" content=\"Dur\u00e9e de lecture estim\u00e9e\" \/>\n\t<meta name=\"twitter:data2\" content=\"6 minutes\" \/>\n<script type=\"application\/ld+json\" class=\"yoast-schema-graph\">{\"@context\":\"https:\/\/schema.org\",\"@graph\":[{\"@type\":\"Article\",\"@id\":\"https:\/\/kapitalis.com\/tunisie\/2025\/05\/10\/trump-veut-son-nobel-de-la-paix-et-pas-question-que-netanyahu-lembete\/#article\",\"isPartOf\":{\"@id\":\"https:\/\/kapitalis.com\/tunisie\/2025\/05\/10\/trump-veut-son-nobel-de-la-paix-et-pas-question-que-netanyahu-lembete\/\"},\"author\":{\"name\":\"webmaster kapitalis\",\"@id\":\"https:\/\/kapitalis.com\/tunisie\/#\/schema\/person\/d71f33a9ca44f7bad4698210b480c8e9\"},\"headline\":\"Trump veut son Nobel de la paix et pas question que Netanyahu l\u2019emb\u00eate !\",\"datePublished\":\"2025-05-10T10:49:22+00:00\",\"dateModified\":\"2025-05-10T10:49:24+00:00\",\"mainEntityOfPage\":{\"@id\":\"https:\/\/kapitalis.com\/tunisie\/2025\/05\/10\/trump-veut-son-nobel-de-la-paix-et-pas-question-que-netanyahu-lembete\/\"},\"wordCount\":1156,\"commentCount\":1,\"publisher\":{\"@id\":\"https:\/\/kapitalis.com\/tunisie\/#organization\"},\"image\":{\"@id\":\"https:\/\/kapitalis.com\/tunisie\/2025\/05\/10\/trump-veut-son-nobel-de-la-paix-et-pas-question-que-netanyahu-lembete\/#primaryimage\"},\"thumbnailUrl\":\"https:\/\/kapitalis.com\/tunisie\/wp-content\/uploads\/2025\/05\/Trump-Netanyahu.jpg\",\"keywords\":[\"Donald Trump\",\"Etats-Unis\",\"Gaza\",\"Houthis\",\"Iran\",\"Isra\u00ebl\",\"Ron Dermer\",\"Steve Witkoff\"],\"articleSection\":[\"A LA UNE\",\"POLITIQUE\",\"Tunisie\"],\"inLanguage\":\"fr-FR\",\"potentialAction\":[{\"@type\":\"CommentAction\",\"name\":\"Comment\",\"target\":[\"https:\/\/kapitalis.com\/tunisie\/2025\/05\/10\/trump-veut-son-nobel-de-la-paix-et-pas-question-que-netanyahu-lembete\/#respond\"]}]},{\"@type\":\"WebPage\",\"@id\":\"https:\/\/kapitalis.com\/tunisie\/2025\/05\/10\/trump-veut-son-nobel-de-la-paix-et-pas-question-que-netanyahu-lembete\/\",\"url\":\"https:\/\/kapitalis.com\/tunisie\/2025\/05\/10\/trump-veut-son-nobel-de-la-paix-et-pas-question-que-netanyahu-lembete\/\",\"name\":\"Trump veut son Nobel de la paix et pas question que Netanyahu l\u2019emb\u00eate ! - Kapitalis\",\"isPartOf\":{\"@id\":\"https:\/\/kapitalis.com\/tunisie\/#website\"},\"primaryImageOfPage\":{\"@id\":\"https:\/\/kapitalis.com\/tunisie\/2025\/05\/10\/trump-veut-son-nobel-de-la-paix-et-pas-question-que-netanyahu-lembete\/#primaryimage\"},\"image\":{\"@id\":\"https:\/\/kapitalis.com\/tunisie\/2025\/05\/10\/trump-veut-son-nobel-de-la-paix-et-pas-question-que-netanyahu-lembete\/#primaryimage\"},\"thumbnailUrl\":\"https:\/\/kapitalis.com\/tunisie\/wp-content\/uploads\/2025\/05\/Trump-Netanyahu.jpg\",\"datePublished\":\"2025-05-10T10:49:22+00:00\",\"dateModified\":\"2025-05-10T10:49:24+00:00\",\"breadcrumb\":{\"@id\":\"https:\/\/kapitalis.com\/tunisie\/2025\/05\/10\/trump-veut-son-nobel-de-la-paix-et-pas-question-que-netanyahu-lembete\/#breadcrumb\"},\"inLanguage\":\"fr-FR\",\"potentialAction\":[{\"@type\":\"ReadAction\",\"target\":[\"https:\/\/kapitalis.com\/tunisie\/2025\/05\/10\/trump-veut-son-nobel-de-la-paix-et-pas-question-que-netanyahu-lembete\/\"]}]},{\"@type\":\"ImageObject\",\"inLanguage\":\"fr-FR\",\"@id\":\"https:\/\/kapitalis.com\/tunisie\/2025\/05\/10\/trump-veut-son-nobel-de-la-paix-et-pas-question-que-netanyahu-lembete\/#primaryimage\",\"url\":\"https:\/\/kapitalis.com\/tunisie\/wp-content\/uploads\/2025\/05\/Trump-Netanyahu.jpg\",\"contentUrl\":\"https:\/\/kapitalis.com\/tunisie\/wp-content\/uploads\/2025\/05\/Trump-Netanyahu.jpg\",\"width\":1200,\"height\":630},{\"@type\":\"BreadcrumbList\",\"@id\":\"https:\/\/kapitalis.com\/tunisie\/2025\/05\/10\/trump-veut-son-nobel-de-la-paix-et-pas-question-que-netanyahu-lembete\/#breadcrumb\",\"itemListElement\":[{\"@type\":\"ListItem\",\"position\":1,\"name\":\"Accueil\",\"item\":\"https:\/\/kapitalis.com\/tunisie\/\"},{\"@type\":\"ListItem\",\"position\":2,\"name\":\"Trump veut son Nobel de la paix et pas question que Netanyahu l\u2019emb\u00eate !\"}]},{\"@type\":\"WebSite\",\"@id\":\"https:\/\/kapitalis.com\/tunisie\/#website\",\"url\":\"https:\/\/kapitalis.com\/tunisie\/\",\"name\":\"Kapitalis\",\"description\":\"L&#039;actualit\u00e9 en Tunisie et dans le monde\",\"publisher\":{\"@id\":\"https:\/\/kapitalis.com\/tunisie\/#organization\"},\"potentialAction\":[{\"@type\":\"SearchAction\",\"target\":{\"@type\":\"EntryPoint\",\"urlTemplate\":\"https:\/\/kapitalis.com\/tunisie\/?s={search_term_string}\"},\"query-input\":{\"@type\":\"PropertyValueSpecification\",\"valueRequired\":true,\"valueName\":\"search_term_string\"}}],\"inLanguage\":\"fr-FR\"},{\"@type\":\"Organization\",\"@id\":\"https:\/\/kapitalis.com\/tunisie\/#organization\",\"name\":\"Kapitalis\",\"url\":\"https:\/\/kapitalis.com\/tunisie\/\",\"logo\":{\"@type\":\"ImageObject\",\"inLanguage\":\"fr-FR\",\"@id\":\"https:\/\/kapitalis.com\/tunisie\/#\/schema\/logo\/image\/\",\"url\":\"https:\/\/kapitalis.com\/tunisie\/wp-content\/uploads\/2022\/05\/Kapitalis-big-size.png\",\"contentUrl\":\"https:\/\/kapitalis.com\/tunisie\/wp-content\/uploads\/2022\/05\/Kapitalis-big-size.png\",\"width\":5000,\"height\":1500,\"caption\":\"Kapitalis\"},\"image\":{\"@id\":\"https:\/\/kapitalis.com\/tunisie\/#\/schema\/logo\/image\/\"},\"sameAs\":[\"https:\/\/www.facebook.com\/KapitalisInfo\/\",\"https:\/\/x.com\/KapitalisInfo\",\"https:\/\/www.youtube.com\/channel\/UC-yDYrHyfFBWWZaOw3FPg9Q\"]},{\"@type\":\"Person\",\"@id\":\"https:\/\/kapitalis.com\/tunisie\/#\/schema\/person\/d71f33a9ca44f7bad4698210b480c8e9\",\"name\":\"webmaster kapitalis\",\"url\":\"https:\/\/kapitalis.com\/tunisie\/author\/webmaster-kapitalis\/\"}]}<\/script>\n<!-- \/ Yoast SEO plugin. -->","yoast_head_json":{"title":"Trump veut son Nobel de la paix et pas question que Netanyahu l\u2019emb\u00eate ! - Kapitalis","robots":{"index":"index","follow":"follow","max-snippet":"max-snippet:-1","max-image-preview":"max-image-preview:large","max-video-preview":"max-video-preview:-1"},"canonical":"https:\/\/kapitalis.com\/tunisie\/2025\/05\/10\/trump-veut-son-nobel-de-la-paix-et-pas-question-que-netanyahu-lembete\/","og_locale":"fr_FR","og_type":"article","og_title":"Trump veut son Nobel de la paix et pas question que Netanyahu l\u2019emb\u00eate ! - Kapitalis","og_description":"Les relations entre les Donald Trump et Benjamin Netanyahu se sont-elles subitement d\u00e9t\u00e9rior\u00e9es ?","og_url":"https:\/\/kapitalis.com\/tunisie\/2025\/05\/10\/trump-veut-son-nobel-de-la-paix-et-pas-question-que-netanyahu-lembete\/","og_site_name":"Kapitalis","article_publisher":"https:\/\/www.facebook.com\/KapitalisInfo\/","article_published_time":"2025-05-10T10:49:22+00:00","article_modified_time":"2025-05-10T10:49:24+00:00","og_image":[{"width":1200,"height":630,"url":"https:\/\/kapitalis.com\/tunisie\/wp-content\/uploads\/2025\/05\/Trump-Netanyahu.jpg","type":"image\/jpeg"}],"author":"webmaster kapitalis","twitter_card":"summary_large_image","twitter_creator":"@KapitalisInfo","twitter_site":"@KapitalisInfo","twitter_misc":{"\u00c9crit par":"webmaster kapitalis","Dur\u00e9e de lecture estim\u00e9e":"6 minutes"},"schema":{"@context":"https:\/\/schema.org","@graph":[{"@type":"Article","@id":"https:\/\/kapitalis.com\/tunisie\/2025\/05\/10\/trump-veut-son-nobel-de-la-paix-et-pas-question-que-netanyahu-lembete\/#article","isPartOf":{"@id":"https:\/\/kapitalis.com\/tunisie\/2025\/05\/10\/trump-veut-son-nobel-de-la-paix-et-pas-question-que-netanyahu-lembete\/"},"author":{"name":"webmaster kapitalis","@id":"https:\/\/kapitalis.com\/tunisie\/#\/schema\/person\/d71f33a9ca44f7bad4698210b480c8e9"},"headline":"Trump veut son Nobel de la paix et pas question que Netanyahu l\u2019emb\u00eate !","datePublished":"2025-05-10T10:49:22+00:00","dateModified":"2025-05-10T10:49:24+00:00","mainEntityOfPage":{"@id":"https:\/\/kapitalis.com\/tunisie\/2025\/05\/10\/trump-veut-son-nobel-de-la-paix-et-pas-question-que-netanyahu-lembete\/"},"wordCount":1156,"commentCount":1,"publisher":{"@id":"https:\/\/kapitalis.com\/tunisie\/#organization"},"image":{"@id":"https:\/\/kapitalis.com\/tunisie\/2025\/05\/10\/trump-veut-son-nobel-de-la-paix-et-pas-question-que-netanyahu-lembete\/#primaryimage"},"thumbnailUrl":"https:\/\/kapitalis.com\/tunisie\/wp-content\/uploads\/2025\/05\/Trump-Netanyahu.jpg","keywords":["Donald Trump","Etats-Unis","Gaza","Houthis","Iran","Isra\u00ebl","Ron Dermer","Steve Witkoff"],"articleSection":["A LA UNE","POLITIQUE","Tunisie"],"inLanguage":"fr-FR","potentialAction":[{"@type":"CommentAction","name":"Comment","target":["https:\/\/kapitalis.com\/tunisie\/2025\/05\/10\/trump-veut-son-nobel-de-la-paix-et-pas-question-que-netanyahu-lembete\/#respond"]}]},{"@type":"WebPage","@id":"https:\/\/kapitalis.com\/tunisie\/2025\/05\/10\/trump-veut-son-nobel-de-la-paix-et-pas-question-que-netanyahu-lembete\/","url":"https:\/\/kapitalis.com\/tunisie\/2025\/05\/10\/trump-veut-son-nobel-de-la-paix-et-pas-question-que-netanyahu-lembete\/","name":"Trump veut son Nobel de la paix et pas question que Netanyahu l\u2019emb\u00eate ! - Kapitalis","isPartOf":{"@id":"https:\/\/kapitalis.com\/tunisie\/#website"},"primaryImageOfPage":{"@id":"https:\/\/kapitalis.com\/tunisie\/2025\/05\/10\/trump-veut-son-nobel-de-la-paix-et-pas-question-que-netanyahu-lembete\/#primaryimage"},"image":{"@id":"https:\/\/kapitalis.com\/tunisie\/2025\/05\/10\/trump-veut-son-nobel-de-la-paix-et-pas-question-que-netanyahu-lembete\/#primaryimage"},"thumbnailUrl":"https:\/\/kapitalis.com\/tunisie\/wp-content\/uploads\/2025\/05\/Trump-Netanyahu.jpg","datePublished":"2025-05-10T10:49:22+00:00","dateModified":"2025-05-10T10:49:24+00:00","breadcrumb":{"@id":"https:\/\/kapitalis.com\/tunisie\/2025\/05\/10\/trump-veut-son-nobel-de-la-paix-et-pas-question-que-netanyahu-lembete\/#breadcrumb"},"inLanguage":"fr-FR","potentialAction":[{"@type":"ReadAction","target":["https:\/\/kapitalis.com\/tunisie\/2025\/05\/10\/trump-veut-son-nobel-de-la-paix-et-pas-question-que-netanyahu-lembete\/"]}]},{"@type":"ImageObject","inLanguage":"fr-FR","@id":"https:\/\/kapitalis.com\/tunisie\/2025\/05\/10\/trump-veut-son-nobel-de-la-paix-et-pas-question-que-netanyahu-lembete\/#primaryimage","url":"https:\/\/kapitalis.com\/tunisie\/wp-content\/uploads\/2025\/05\/Trump-Netanyahu.jpg","contentUrl":"https:\/\/kapitalis.com\/tunisie\/wp-content\/uploads\/2025\/05\/Trump-Netanyahu.jpg","width":1200,"height":630},{"@type":"BreadcrumbList","@id":"https:\/\/kapitalis.com\/tunisie\/2025\/05\/10\/trump-veut-son-nobel-de-la-paix-et-pas-question-que-netanyahu-lembete\/#breadcrumb","itemListElement":[{"@type":"ListItem","position":1,"name":"Accueil","item":"https:\/\/kapitalis.com\/tunisie\/"},{"@type":"ListItem","position":2,"name":"Trump veut son Nobel de la paix et pas question que Netanyahu l\u2019emb\u00eate !"}]},{"@type":"WebSite","@id":"https:\/\/kapitalis.com\/tunisie\/#website","url":"https:\/\/kapitalis.com\/tunisie\/","name":"Kapitalis","description":"L&#039;actualit\u00e9 en Tunisie et dans le monde","publisher":{"@id":"https:\/\/kapitalis.com\/tunisie\/#organization"},"potentialAction":[{"@type":"SearchAction","target":{"@type":"EntryPoint","urlTemplate":"https:\/\/kapitalis.com\/tunisie\/?s={search_term_string}"},"query-input":{"@type":"PropertyValueSpecification","valueRequired":true,"valueName":"search_term_string"}}],"inLanguage":"fr-FR"},{"@type":"Organization","@id":"https:\/\/kapitalis.com\/tunisie\/#organization","name":"Kapitalis","url":"https:\/\/kapitalis.com\/tunisie\/","logo":{"@type":"ImageObject","inLanguage":"fr-FR","@id":"https:\/\/kapitalis.com\/tunisie\/#\/schema\/logo\/image\/","url":"https:\/\/kapitalis.com\/tunisie\/wp-content\/uploads\/2022\/05\/Kapitalis-big-size.png","contentUrl":"https:\/\/kapitalis.com\/tunisie\/wp-content\/uploads\/2022\/05\/Kapitalis-big-size.png","width":5000,"height":1500,"caption":"Kapitalis"},"image":{"@id":"https:\/\/kapitalis.com\/tunisie\/#\/schema\/logo\/image\/"},"sameAs":["https:\/\/www.facebook.com\/KapitalisInfo\/","https:\/\/x.com\/KapitalisInfo","https:\/\/www.youtube.com\/channel\/UC-yDYrHyfFBWWZaOw3FPg9Q"]},{"@type":"Person","@id":"https:\/\/kapitalis.com\/tunisie\/#\/schema\/person\/d71f33a9ca44f7bad4698210b480c8e9","name":"webmaster kapitalis","url":"https:\/\/kapitalis.com\/tunisie\/author\/webmaster-kapitalis\/"}]}},"_links":{"self":[{"href":"https:\/\/kapitalis.com\/tunisie\/wp-json\/wp\/v2\/posts\/16485364","targetHints":{"allow":["GET"]}}],"collection":[{"href":"https:\/\/kapitalis.com\/tunisie\/wp-json\/wp\/v2\/posts"}],"about":[{"href":"https:\/\/kapitalis.com\/tunisie\/wp-json\/wp\/v2\/types\/post"}],"author":[{"embeddable":true,"href":"https:\/\/kapitalis.com\/tunisie\/wp-json\/wp\/v2\/users\/8"}],"replies":[{"embeddable":true,"href":"https:\/\/kapitalis.com\/tunisie\/wp-json\/wp\/v2\/comments?post=16485364"}],"version-history":[{"count":1,"href":"https:\/\/kapitalis.com\/tunisie\/wp-json\/wp\/v2\/posts\/16485364\/revisions"}],"predecessor-version":[{"id":16485429,"href":"https:\/\/kapitalis.com\/tunisie\/wp-json\/wp\/v2\/posts\/16485364\/revisions\/16485429"}],"wp:featuredmedia":[{"embeddable":true,"href":"https:\/\/kapitalis.com\/tunisie\/wp-json\/wp\/v2\/media\/16485420"}],"wp:attachment":[{"href":"https:\/\/kapitalis.com\/tunisie\/wp-json\/wp\/v2\/media?parent=16485364"}],"wp:term":[{"taxonomy":"category","embeddable":true,"href":"https:\/\/kapitalis.com\/tunisie\/wp-json\/wp\/v2\/categories?post=16485364"},{"taxonomy":"post_tag","embeddable":true,"href":"https:\/\/kapitalis.com\/tunisie\/wp-json\/wp\/v2\/tags?post=16485364"}],"curies":[{"name":"wp","href":"https:\/\/api.w.org\/{rel}","templated":true}]}}