{"id":1648693,"date":"2022-06-21T23:32:57","date_gmt":"2022-06-21T22:32:57","guid":{"rendered":"https:\/\/kapitalis.com\/tunisie\/?p=1648693"},"modified":"2022-06-21T23:32:58","modified_gmt":"2022-06-21T22:32:58","slug":"nouba-dabdelhamid-bouchnak-a-louverture-du-festival-international-de-carthage","status":"publish","type":"post","link":"https:\/\/kapitalis.com\/tunisie\/2022\/06\/21\/nouba-dabdelhamid-bouchnak-a-louverture-du-festival-international-de-carthage\/","title":{"rendered":"\u00ab\u00a0Nouba\u00a0\u00bb d\u2019Abdelhamid Bouchnak \u00e0 l\u2019ouverture du Festival international de Carthage"},"content":{"rendered":"\n<p><strong><em>Le Festival international de Carthage vient de d\u00e9voiler son spectacle d\u2019ouverture, il s\u2019agit de \u00ab\u00a0Nouba\u00a0\u00bb d\u2019Abdelhamid Bouchnak.<\/em><\/strong><\/p>\n\n\n\n<!--more-->\n\n\n\n<p>C\u2019est certainement la s\u00e9rie t\u00e9l\u00e9vis\u00e9e ayant eu le plus de succ\u00e8s ces derni\u00e8res, \u00ab\u00a0Nouba\u00a0\u00bb \u00e9crite et r\u00e9alis\u00e9e par le jeune acteur et cin\u00e9aste Abdelhamid Bouchnak sera pr\u00e9sent\u00e9e en spectacle grandiose sur la sc\u00e8ne du Th\u00e9\u00e2tre romain de Carthage dans le cadre de la 56e \u00e9dition du Festival international de Carthage qui aura lieu du 14 juillet au 20 ao\u00fbt 2022.<\/p>\n\n\n\n<p>\u00ab\u00a0<em>J\u2019attendais ce moment depuis tellement longtemps ! Quel honneur d\u2019avoir cette responsabilit\u00e9 ! On sera \u00e0 l\u2019ouverture du Festival international de Carthage\u00a0<\/em>\u00bb, vient d\u2019annoncer Bouchnak sur sa page Facebook, \u00ab\u00a0<em>Je les ai connus gr\u00e2ce au th\u00e9\u00e2tre, et nous serons de retour au th\u00e9\u00e2tre<\/em>\u00a0\u00bb, a-t-il ajout\u00e9 en parlant des personnages de la s\u00e9rie qui nous replonge dans les ann\u00e9es 90 en Tunisie aux rythmes de la musique populaire tunisienne.<\/p>\n\n\n\n<p class=\"has-text-align-right\"><strong>F.B<\/strong><\/p>\n","protected":false},"excerpt":{"rendered":"<p>Le Festival international de Carthage vient de d\u00e9voiler son spectacle d\u2019ouverture, il s\u2019agit de \u00ab\u00a0Nouba\u00a0\u00bb d\u2019Abdelhamid Bouchnak.<\/p>\n","protected":false},"author":26,"featured_media":1649063,"comment_status":"open","ping_status":"open","sticky":false,"template":"","format":"standard","meta":{"footnotes":""},"categories":[994,2433],"tags":[34363,100595,78120,62643],"class_list":["post-1648693","post","type-post","status-publish","format-standard","has-post-thumbnail","hentry","category-culture","category-tunisie","tag-abdelhamid-bouchnak","tag-festival-de-carthage-2022","tag-nouba","tag-tunisie"],"yoast_head":"<!-- This site is optimized with the Yoast SEO plugin v26.6 - https:\/\/yoast.com\/wordpress\/plugins\/seo\/ -->\n<title>&quot;Nouba&quot; d\u2019Abdelhamid Bouchnak \u00e0 l\u2019ouverture du Festival international de Carthage - Kapitalis<\/title>\n<meta name=\"robots\" content=\"index, follow, max-snippet:-1, max-image-preview:large, max-video-preview:-1\" \/>\n<link rel=\"canonical\" href=\"https:\/\/kapitalis.com\/tunisie\/2022\/06\/21\/nouba-dabdelhamid-bouchnak-a-louverture-du-festival-international-de-carthage\/\" \/>\n<meta property=\"og:locale\" content=\"fr_FR\" \/>\n<meta property=\"og:type\" content=\"article\" \/>\n<meta property=\"og:title\" content=\"&quot;Nouba&quot; d\u2019Abdelhamid Bouchnak \u00e0 l\u2019ouverture du Festival international de Carthage - Kapitalis\" \/>\n<meta property=\"og:description\" content=\"Le Festival international de Carthage vient de d\u00e9voiler son spectacle d\u2019ouverture, il s\u2019agit de \u00ab\u00a0Nouba\u00a0\u00bb d\u2019Abdelhamid Bouchnak.\" \/>\n<meta property=\"og:url\" content=\"https:\/\/kapitalis.com\/tunisie\/2022\/06\/21\/nouba-dabdelhamid-bouchnak-a-louverture-du-festival-international-de-carthage\/\" \/>\n<meta property=\"og:site_name\" content=\"Kapitalis\" \/>\n<meta property=\"article:publisher\" content=\"https:\/\/www.facebook.com\/KapitalisInfo\/\" \/>\n<meta property=\"article:published_time\" content=\"2022-06-21T22:32:57+00:00\" \/>\n<meta property=\"article:modified_time\" content=\"2022-06-21T22:32:58+00:00\" \/>\n<meta property=\"og:image\" content=\"https:\/\/kapitalis.com\/tunisie\/wp-content\/uploads\/2022\/06\/Nouba-au-Festival-de-Carthage-2022.jpg\" \/>\n\t<meta property=\"og:image:width\" content=\"1200\" \/>\n\t<meta property=\"og:image:height\" content=\"630\" \/>\n\t<meta property=\"og:image:type\" content=\"image\/jpeg\" \/>\n<meta name=\"author\" content=\"Fawz BenAli\" \/>\n<meta name=\"twitter:card\" content=\"summary_large_image\" \/>\n<meta name=\"twitter:creator\" content=\"@KapitalisInfo\" \/>\n<meta name=\"twitter:site\" content=\"@KapitalisInfo\" \/>\n<meta name=\"twitter:label1\" content=\"\u00c9crit par\" \/>\n\t<meta name=\"twitter:data1\" content=\"Fawz BenAli\" \/>\n\t<meta name=\"twitter:label2\" content=\"Dur\u00e9e de lecture estim\u00e9e\" \/>\n\t<meta name=\"twitter:data2\" content=\"1 minute\" \/>\n<script type=\"application\/ld+json\" class=\"yoast-schema-graph\">{\"@context\":\"https:\/\/schema.org\",\"@graph\":[{\"@type\":\"Article\",\"@id\":\"https:\/\/kapitalis.com\/tunisie\/2022\/06\/21\/nouba-dabdelhamid-bouchnak-a-louverture-du-festival-international-de-carthage\/#article\",\"isPartOf\":{\"@id\":\"https:\/\/kapitalis.com\/tunisie\/2022\/06\/21\/nouba-dabdelhamid-bouchnak-a-louverture-du-festival-international-de-carthage\/\"},\"author\":{\"name\":\"Fawz BenAli\",\"@id\":\"https:\/\/kapitalis.com\/tunisie\/#\/schema\/person\/73a5ecc1f6ae540c6ed91342eadca948\"},\"headline\":\"\u00ab\u00a0Nouba\u00a0\u00bb d\u2019Abdelhamid Bouchnak \u00e0 l\u2019ouverture du Festival international de Carthage\",\"datePublished\":\"2022-06-21T22:32:57+00:00\",\"dateModified\":\"2022-06-21T22:32:58+00:00\",\"mainEntityOfPage\":{\"@id\":\"https:\/\/kapitalis.com\/tunisie\/2022\/06\/21\/nouba-dabdelhamid-bouchnak-a-louverture-du-festival-international-de-carthage\/\"},\"wordCount\":179,\"commentCount\":0,\"publisher\":{\"@id\":\"https:\/\/kapitalis.com\/tunisie\/#organization\"},\"image\":{\"@id\":\"https:\/\/kapitalis.com\/tunisie\/2022\/06\/21\/nouba-dabdelhamid-bouchnak-a-louverture-du-festival-international-de-carthage\/#primaryimage\"},\"thumbnailUrl\":\"https:\/\/kapitalis.com\/tunisie\/wp-content\/uploads\/2022\/06\/Nouba-au-Festival-de-Carthage-2022.jpg\",\"keywords\":[\"Abdelhamid Bouchnak\",\"Festival de Carthage 2022\",\"nouba\",\"Tunisie\"],\"articleSection\":[\"CULTURE\",\"Tunisie\"],\"inLanguage\":\"fr-FR\",\"potentialAction\":[{\"@type\":\"CommentAction\",\"name\":\"Comment\",\"target\":[\"https:\/\/kapitalis.com\/tunisie\/2022\/06\/21\/nouba-dabdelhamid-bouchnak-a-louverture-du-festival-international-de-carthage\/#respond\"]}]},{\"@type\":\"WebPage\",\"@id\":\"https:\/\/kapitalis.com\/tunisie\/2022\/06\/21\/nouba-dabdelhamid-bouchnak-a-louverture-du-festival-international-de-carthage\/\",\"url\":\"https:\/\/kapitalis.com\/tunisie\/2022\/06\/21\/nouba-dabdelhamid-bouchnak-a-louverture-du-festival-international-de-carthage\/\",\"name\":\"\\\"Nouba\\\" d\u2019Abdelhamid Bouchnak \u00e0 l\u2019ouverture du Festival international de Carthage - Kapitalis\",\"isPartOf\":{\"@id\":\"https:\/\/kapitalis.com\/tunisie\/#website\"},\"primaryImageOfPage\":{\"@id\":\"https:\/\/kapitalis.com\/tunisie\/2022\/06\/21\/nouba-dabdelhamid-bouchnak-a-louverture-du-festival-international-de-carthage\/#primaryimage\"},\"image\":{\"@id\":\"https:\/\/kapitalis.com\/tunisie\/2022\/06\/21\/nouba-dabdelhamid-bouchnak-a-louverture-du-festival-international-de-carthage\/#primaryimage\"},\"thumbnailUrl\":\"https:\/\/kapitalis.com\/tunisie\/wp-content\/uploads\/2022\/06\/Nouba-au-Festival-de-Carthage-2022.jpg\",\"datePublished\":\"2022-06-21T22:32:57+00:00\",\"dateModified\":\"2022-06-21T22:32:58+00:00\",\"breadcrumb\":{\"@id\":\"https:\/\/kapitalis.com\/tunisie\/2022\/06\/21\/nouba-dabdelhamid-bouchnak-a-louverture-du-festival-international-de-carthage\/#breadcrumb\"},\"inLanguage\":\"fr-FR\",\"potentialAction\":[{\"@type\":\"ReadAction\",\"target\":[\"https:\/\/kapitalis.com\/tunisie\/2022\/06\/21\/nouba-dabdelhamid-bouchnak-a-louverture-du-festival-international-de-carthage\/\"]}]},{\"@type\":\"ImageObject\",\"inLanguage\":\"fr-FR\",\"@id\":\"https:\/\/kapitalis.com\/tunisie\/2022\/06\/21\/nouba-dabdelhamid-bouchnak-a-louverture-du-festival-international-de-carthage\/#primaryimage\",\"url\":\"https:\/\/kapitalis.com\/tunisie\/wp-content\/uploads\/2022\/06\/Nouba-au-Festival-de-Carthage-2022.jpg\",\"contentUrl\":\"https:\/\/kapitalis.com\/tunisie\/wp-content\/uploads\/2022\/06\/Nouba-au-Festival-de-Carthage-2022.jpg\",\"width\":1200,\"height\":630},{\"@type\":\"BreadcrumbList\",\"@id\":\"https:\/\/kapitalis.com\/tunisie\/2022\/06\/21\/nouba-dabdelhamid-bouchnak-a-louverture-du-festival-international-de-carthage\/#breadcrumb\",\"itemListElement\":[{\"@type\":\"ListItem\",\"position\":1,\"name\":\"Accueil\",\"item\":\"https:\/\/kapitalis.com\/tunisie\/\"},{\"@type\":\"ListItem\",\"position\":2,\"name\":\"\u00ab\u00a0Nouba\u00a0\u00bb d\u2019Abdelhamid Bouchnak \u00e0 l\u2019ouverture du Festival international de Carthage\"}]},{\"@type\":\"WebSite\",\"@id\":\"https:\/\/kapitalis.com\/tunisie\/#website\",\"url\":\"https:\/\/kapitalis.com\/tunisie\/\",\"name\":\"Kapitalis\",\"description\":\"L&#039;actualit\u00e9 en Tunisie et dans le monde\",\"publisher\":{\"@id\":\"https:\/\/kapitalis.com\/tunisie\/#organization\"},\"potentialAction\":[{\"@type\":\"SearchAction\",\"target\":{\"@type\":\"EntryPoint\",\"urlTemplate\":\"https:\/\/kapitalis.com\/tunisie\/?s={search_term_string}\"},\"query-input\":{\"@type\":\"PropertyValueSpecification\",\"valueRequired\":true,\"valueName\":\"search_term_string\"}}],\"inLanguage\":\"fr-FR\"},{\"@type\":\"Organization\",\"@id\":\"https:\/\/kapitalis.com\/tunisie\/#organization\",\"name\":\"Kapitalis\",\"url\":\"https:\/\/kapitalis.com\/tunisie\/\",\"logo\":{\"@type\":\"ImageObject\",\"inLanguage\":\"fr-FR\",\"@id\":\"https:\/\/kapitalis.com\/tunisie\/#\/schema\/logo\/image\/\",\"url\":\"https:\/\/kapitalis.com\/tunisie\/wp-content\/uploads\/2022\/05\/Kapitalis-big-size.png\",\"contentUrl\":\"https:\/\/kapitalis.com\/tunisie\/wp-content\/uploads\/2022\/05\/Kapitalis-big-size.png\",\"width\":5000,\"height\":1500,\"caption\":\"Kapitalis\"},\"image\":{\"@id\":\"https:\/\/kapitalis.com\/tunisie\/#\/schema\/logo\/image\/\"},\"sameAs\":[\"https:\/\/www.facebook.com\/KapitalisInfo\/\",\"https:\/\/x.com\/KapitalisInfo\",\"https:\/\/www.youtube.com\/channel\/UC-yDYrHyfFBWWZaOw3FPg9Q\"]},{\"@type\":\"Person\",\"@id\":\"https:\/\/kapitalis.com\/tunisie\/#\/schema\/person\/73a5ecc1f6ae540c6ed91342eadca948\",\"name\":\"Fawz BenAli\",\"url\":\"https:\/\/kapitalis.com\/tunisie\/author\/fawz\/\"}]}<\/script>\n<!-- \/ Yoast SEO plugin. -->","yoast_head_json":{"title":"\"Nouba\" d\u2019Abdelhamid Bouchnak \u00e0 l\u2019ouverture du Festival international de Carthage - Kapitalis","robots":{"index":"index","follow":"follow","max-snippet":"max-snippet:-1","max-image-preview":"max-image-preview:large","max-video-preview":"max-video-preview:-1"},"canonical":"https:\/\/kapitalis.com\/tunisie\/2022\/06\/21\/nouba-dabdelhamid-bouchnak-a-louverture-du-festival-international-de-carthage\/","og_locale":"fr_FR","og_type":"article","og_title":"\"Nouba\" d\u2019Abdelhamid Bouchnak \u00e0 l\u2019ouverture du Festival international de Carthage - Kapitalis","og_description":"Le Festival international de Carthage vient de d\u00e9voiler son spectacle d\u2019ouverture, il s\u2019agit de \u00ab\u00a0Nouba\u00a0\u00bb d\u2019Abdelhamid Bouchnak.","og_url":"https:\/\/kapitalis.com\/tunisie\/2022\/06\/21\/nouba-dabdelhamid-bouchnak-a-louverture-du-festival-international-de-carthage\/","og_site_name":"Kapitalis","article_publisher":"https:\/\/www.facebook.com\/KapitalisInfo\/","article_published_time":"2022-06-21T22:32:57+00:00","article_modified_time":"2022-06-21T22:32:58+00:00","og_image":[{"width":1200,"height":630,"url":"https:\/\/kapitalis.com\/tunisie\/wp-content\/uploads\/2022\/06\/Nouba-au-Festival-de-Carthage-2022.jpg","type":"image\/jpeg"}],"author":"Fawz BenAli","twitter_card":"summary_large_image","twitter_creator":"@KapitalisInfo","twitter_site":"@KapitalisInfo","twitter_misc":{"\u00c9crit par":"Fawz BenAli","Dur\u00e9e de lecture estim\u00e9e":"1 minute"},"schema":{"@context":"https:\/\/schema.org","@graph":[{"@type":"Article","@id":"https:\/\/kapitalis.com\/tunisie\/2022\/06\/21\/nouba-dabdelhamid-bouchnak-a-louverture-du-festival-international-de-carthage\/#article","isPartOf":{"@id":"https:\/\/kapitalis.com\/tunisie\/2022\/06\/21\/nouba-dabdelhamid-bouchnak-a-louverture-du-festival-international-de-carthage\/"},"author":{"name":"Fawz BenAli","@id":"https:\/\/kapitalis.com\/tunisie\/#\/schema\/person\/73a5ecc1f6ae540c6ed91342eadca948"},"headline":"\u00ab\u00a0Nouba\u00a0\u00bb d\u2019Abdelhamid Bouchnak \u00e0 l\u2019ouverture du Festival international de Carthage","datePublished":"2022-06-21T22:32:57+00:00","dateModified":"2022-06-21T22:32:58+00:00","mainEntityOfPage":{"@id":"https:\/\/kapitalis.com\/tunisie\/2022\/06\/21\/nouba-dabdelhamid-bouchnak-a-louverture-du-festival-international-de-carthage\/"},"wordCount":179,"commentCount":0,"publisher":{"@id":"https:\/\/kapitalis.com\/tunisie\/#organization"},"image":{"@id":"https:\/\/kapitalis.com\/tunisie\/2022\/06\/21\/nouba-dabdelhamid-bouchnak-a-louverture-du-festival-international-de-carthage\/#primaryimage"},"thumbnailUrl":"https:\/\/kapitalis.com\/tunisie\/wp-content\/uploads\/2022\/06\/Nouba-au-Festival-de-Carthage-2022.jpg","keywords":["Abdelhamid Bouchnak","Festival de Carthage 2022","nouba","Tunisie"],"articleSection":["CULTURE","Tunisie"],"inLanguage":"fr-FR","potentialAction":[{"@type":"CommentAction","name":"Comment","target":["https:\/\/kapitalis.com\/tunisie\/2022\/06\/21\/nouba-dabdelhamid-bouchnak-a-louverture-du-festival-international-de-carthage\/#respond"]}]},{"@type":"WebPage","@id":"https:\/\/kapitalis.com\/tunisie\/2022\/06\/21\/nouba-dabdelhamid-bouchnak-a-louverture-du-festival-international-de-carthage\/","url":"https:\/\/kapitalis.com\/tunisie\/2022\/06\/21\/nouba-dabdelhamid-bouchnak-a-louverture-du-festival-international-de-carthage\/","name":"\"Nouba\" d\u2019Abdelhamid Bouchnak \u00e0 l\u2019ouverture du Festival international de Carthage - Kapitalis","isPartOf":{"@id":"https:\/\/kapitalis.com\/tunisie\/#website"},"primaryImageOfPage":{"@id":"https:\/\/kapitalis.com\/tunisie\/2022\/06\/21\/nouba-dabdelhamid-bouchnak-a-louverture-du-festival-international-de-carthage\/#primaryimage"},"image":{"@id":"https:\/\/kapitalis.com\/tunisie\/2022\/06\/21\/nouba-dabdelhamid-bouchnak-a-louverture-du-festival-international-de-carthage\/#primaryimage"},"thumbnailUrl":"https:\/\/kapitalis.com\/tunisie\/wp-content\/uploads\/2022\/06\/Nouba-au-Festival-de-Carthage-2022.jpg","datePublished":"2022-06-21T22:32:57+00:00","dateModified":"2022-06-21T22:32:58+00:00","breadcrumb":{"@id":"https:\/\/kapitalis.com\/tunisie\/2022\/06\/21\/nouba-dabdelhamid-bouchnak-a-louverture-du-festival-international-de-carthage\/#breadcrumb"},"inLanguage":"fr-FR","potentialAction":[{"@type":"ReadAction","target":["https:\/\/kapitalis.com\/tunisie\/2022\/06\/21\/nouba-dabdelhamid-bouchnak-a-louverture-du-festival-international-de-carthage\/"]}]},{"@type":"ImageObject","inLanguage":"fr-FR","@id":"https:\/\/kapitalis.com\/tunisie\/2022\/06\/21\/nouba-dabdelhamid-bouchnak-a-louverture-du-festival-international-de-carthage\/#primaryimage","url":"https:\/\/kapitalis.com\/tunisie\/wp-content\/uploads\/2022\/06\/Nouba-au-Festival-de-Carthage-2022.jpg","contentUrl":"https:\/\/kapitalis.com\/tunisie\/wp-content\/uploads\/2022\/06\/Nouba-au-Festival-de-Carthage-2022.jpg","width":1200,"height":630},{"@type":"BreadcrumbList","@id":"https:\/\/kapitalis.com\/tunisie\/2022\/06\/21\/nouba-dabdelhamid-bouchnak-a-louverture-du-festival-international-de-carthage\/#breadcrumb","itemListElement":[{"@type":"ListItem","position":1,"name":"Accueil","item":"https:\/\/kapitalis.com\/tunisie\/"},{"@type":"ListItem","position":2,"name":"\u00ab\u00a0Nouba\u00a0\u00bb d\u2019Abdelhamid Bouchnak \u00e0 l\u2019ouverture du Festival international de Carthage"}]},{"@type":"WebSite","@id":"https:\/\/kapitalis.com\/tunisie\/#website","url":"https:\/\/kapitalis.com\/tunisie\/","name":"Kapitalis","description":"L&#039;actualit\u00e9 en Tunisie et dans le monde","publisher":{"@id":"https:\/\/kapitalis.com\/tunisie\/#organization"},"potentialAction":[{"@type":"SearchAction","target":{"@type":"EntryPoint","urlTemplate":"https:\/\/kapitalis.com\/tunisie\/?s={search_term_string}"},"query-input":{"@type":"PropertyValueSpecification","valueRequired":true,"valueName":"search_term_string"}}],"inLanguage":"fr-FR"},{"@type":"Organization","@id":"https:\/\/kapitalis.com\/tunisie\/#organization","name":"Kapitalis","url":"https:\/\/kapitalis.com\/tunisie\/","logo":{"@type":"ImageObject","inLanguage":"fr-FR","@id":"https:\/\/kapitalis.com\/tunisie\/#\/schema\/logo\/image\/","url":"https:\/\/kapitalis.com\/tunisie\/wp-content\/uploads\/2022\/05\/Kapitalis-big-size.png","contentUrl":"https:\/\/kapitalis.com\/tunisie\/wp-content\/uploads\/2022\/05\/Kapitalis-big-size.png","width":5000,"height":1500,"caption":"Kapitalis"},"image":{"@id":"https:\/\/kapitalis.com\/tunisie\/#\/schema\/logo\/image\/"},"sameAs":["https:\/\/www.facebook.com\/KapitalisInfo\/","https:\/\/x.com\/KapitalisInfo","https:\/\/www.youtube.com\/channel\/UC-yDYrHyfFBWWZaOw3FPg9Q"]},{"@type":"Person","@id":"https:\/\/kapitalis.com\/tunisie\/#\/schema\/person\/73a5ecc1f6ae540c6ed91342eadca948","name":"Fawz BenAli","url":"https:\/\/kapitalis.com\/tunisie\/author\/fawz\/"}]}},"_links":{"self":[{"href":"https:\/\/kapitalis.com\/tunisie\/wp-json\/wp\/v2\/posts\/1648693","targetHints":{"allow":["GET"]}}],"collection":[{"href":"https:\/\/kapitalis.com\/tunisie\/wp-json\/wp\/v2\/posts"}],"about":[{"href":"https:\/\/kapitalis.com\/tunisie\/wp-json\/wp\/v2\/types\/post"}],"author":[{"embeddable":true,"href":"https:\/\/kapitalis.com\/tunisie\/wp-json\/wp\/v2\/users\/26"}],"replies":[{"embeddable":true,"href":"https:\/\/kapitalis.com\/tunisie\/wp-json\/wp\/v2\/comments?post=1648693"}],"version-history":[{"count":0,"href":"https:\/\/kapitalis.com\/tunisie\/wp-json\/wp\/v2\/posts\/1648693\/revisions"}],"wp:featuredmedia":[{"embeddable":true,"href":"https:\/\/kapitalis.com\/tunisie\/wp-json\/wp\/v2\/media\/1649063"}],"wp:attachment":[{"href":"https:\/\/kapitalis.com\/tunisie\/wp-json\/wp\/v2\/media?parent=1648693"}],"wp:term":[{"taxonomy":"category","embeddable":true,"href":"https:\/\/kapitalis.com\/tunisie\/wp-json\/wp\/v2\/categories?post=1648693"},{"taxonomy":"post_tag","embeddable":true,"href":"https:\/\/kapitalis.com\/tunisie\/wp-json\/wp\/v2\/tags?post=1648693"}],"curies":[{"name":"wp","href":"https:\/\/api.w.org\/{rel}","templated":true}]}}