{"id":165286,"date":"2018-07-18T12:23:50","date_gmt":"2018-07-18T11:23:50","guid":{"rendered":"http:\/\/kapitalis.com\/tunisie\/?p=165286"},"modified":"2018-07-18T12:23:50","modified_gmt":"2018-07-18T11:23:50","slug":"tatatouine-arrestation-de-haddad-porte-parole-du-sit-in-del-kamour","status":"publish","type":"post","link":"https:\/\/kapitalis.com\/tunisie\/2018\/07\/18\/tatatouine-arrestation-de-haddad-porte-parole-du-sit-in-del-kamour\/","title":{"rendered":"Tatatouine : Arrestation de Haddad, porte-parole du sit-in d&rsquo;El-Kamour"},"content":{"rendered":"<p style=\"text-align: center;\"><img loading=\"lazy\" decoding=\"async\" class=\"alignnone size-full wp-image-165297\" src=\"http:\/\/kapitalis.com\/tunisie\/wp-content\/uploads\/2018\/07\/Tarek-Haddad-ElKamour.jpg\" alt=\"\" width=\"626\" height=\"380\" \/><\/p>\n<p><em><strong>La police a arr\u00eat\u00e9 hier, mardi 17\u00a0 juillet 2018, \u00e0 Tatatouine, l\u2019activiste Tarek Haddad, porte-parole du sit-in d&rsquo;El-Kamour. Il a \u00e9t\u00e9 maintenue en garde-\u00e0-vue et devrait \u00eatre pr\u00e9sent\u00e9 \u00e0 la justice.<\/strong><\/em><\/p>\n<p><!--more--><\/p>\n<p>Une patrouille s\u00e9curitaire a d\u00e9couvert, lors d\u2019un contr\u00f4le d\u2019identit\u00e9 de routine, que Tarek Haddad fait l\u2019objet d\u2019un avis de recherche depuis 48 heures et l\u2019a conduit au poste de police de la r\u00e9gion.<\/p>\n<p>Selon une source, cette arrestation n\u2019a aucun lien avec les activit\u00e9s du porte-parole du sit-in d&rsquo;El-Kamour, mais serait li\u00e9e \u00e0 une affaire de m\u0153urs.<\/p>\n<p>Notons que ses compagnons de route ont lanc\u00e9 sur les r\u00e9seaux sociaux une campagne appelant \u00e0 sa lib\u00e9ration. Ils accusent les autorit\u00e9s de l\u2019avoir \u00e9crou\u00e9 pour lui mettre la pression et de ne pas appliquer les accords sign\u00e9s entre le gouvernement et les protestataires, le 16 juin 2017.<\/p>\n<p style=\"text-align: right;\"><strong>Y. N.<\/strong><\/p>\n<blockquote class=\"wp-embedded-content\" data-secret=\"uPU3gwvALj\"><p><a href=\"https:\/\/kapitalis.com\/tunisie\/2018\/04\/02\/le-sit-in-del-kamour-levee-par-la-police-tensions-a-tataouine\/\">Le sit-in d\u2019El-Kamour lev\u00e9e par la police, tensions \u00e0 Tataouine<\/a><\/p><\/blockquote>\n<p><iframe loading=\"lazy\" class=\"wp-embedded-content\" sandbox=\"allow-scripts\" security=\"restricted\" style=\"position: absolute; clip: rect(1px, 1px, 1px, 1px);\" title=\"\u00ab\u00a0Le sit-in d\u2019El-Kamour lev\u00e9e par la police, tensions \u00e0 Tataouine\u00a0\u00bb &#8212; Kapitalis\" src=\"https:\/\/kapitalis.com\/tunisie\/2018\/04\/02\/le-sit-in-del-kamour-levee-par-la-police-tensions-a-tataouine\/embed\/#?secret=Y0Ucznb05i#?secret=uPU3gwvALj\" data-secret=\"uPU3gwvALj\" width=\"600\" height=\"338\" frameborder=\"0\" marginwidth=\"0\" marginheight=\"0\" scrolling=\"no\"><\/iframe><\/p>\n<blockquote class=\"wp-embedded-content\" data-secret=\"GlfV45jkry\"><p><a href=\"https:\/\/kapitalis.com\/tunisie\/2018\/02\/26\/tataouine-les-sit-inneurs-del-kamour-menacent-de-fermer-la-ville\/\">Tataouine : Les sit-inneurs d&rsquo;El-Kamour menacent de fermer la ville<\/a><\/p><\/blockquote>\n<p><iframe loading=\"lazy\" class=\"wp-embedded-content\" sandbox=\"allow-scripts\" security=\"restricted\" style=\"position: absolute; clip: rect(1px, 1px, 1px, 1px);\" title=\"\u00ab\u00a0Tataouine : Les sit-inneurs d&rsquo;El-Kamour menacent de fermer la ville\u00a0\u00bb &#8212; Kapitalis\" src=\"https:\/\/kapitalis.com\/tunisie\/2018\/02\/26\/tataouine-les-sit-inneurs-del-kamour-menacent-de-fermer-la-ville\/embed\/#?secret=n8CQHhgp85#?secret=GlfV45jkry\" data-secret=\"GlfV45jkry\" width=\"600\" height=\"338\" frameborder=\"0\" marginwidth=\"0\" marginheight=\"0\" scrolling=\"no\"><\/iframe><\/p>\n","protected":false},"excerpt":{"rendered":"<p>La police a arr\u00eat\u00e9 hier, mardi 17\u00a0 juillet 2018, \u00e0 Tatatouine, l\u2019activiste Tarek Haddad, porte-parole du sit-in d&rsquo;El-Kamour. Il a \u00e9t\u00e9 maintenue en garde-\u00e0-vue et devrait \u00eatre pr\u00e9sent\u00e9 \u00e0 la justice.<\/p>\n","protected":false},"author":6,"featured_media":165297,"comment_status":"open","ping_status":"open","sticky":false,"template":"","format":"standard","meta":{"footnotes":""},"categories":[998,2433],"tags":[86,1552,30512,43054,8142],"class_list":["post-165286","post","type-post","status-publish","format-standard","has-post-thumbnail","hentry","category-societe","category-tunisie","tag-arrestation","tag-avis-de-recherche","tag-el-kamour","tag-tarek-haddad","tag-tatatouine"],"yoast_head":"<!-- This site is optimized with the Yoast SEO plugin v26.6 - https:\/\/yoast.com\/wordpress\/plugins\/seo\/ -->\n<title>Tatatouine : Arrestation de Haddad, porte-parole du sit-in d&#039;El-Kamour - Kapitalis<\/title>\n<meta name=\"robots\" content=\"index, follow, max-snippet:-1, max-image-preview:large, max-video-preview:-1\" \/>\n<link rel=\"canonical\" href=\"https:\/\/kapitalis.com\/tunisie\/2018\/07\/18\/tatatouine-arrestation-de-haddad-porte-parole-du-sit-in-del-kamour\/\" \/>\n<meta property=\"og:locale\" content=\"fr_FR\" \/>\n<meta property=\"og:type\" content=\"article\" \/>\n<meta property=\"og:title\" content=\"Tatatouine : Arrestation de Haddad, porte-parole du sit-in d&#039;El-Kamour - Kapitalis\" \/>\n<meta property=\"og:description\" content=\"La police a arr\u00eat\u00e9 hier, mardi 17\u00a0 juillet 2018, \u00e0 Tatatouine, l\u2019activiste Tarek Haddad, porte-parole du sit-in d&rsquo;El-Kamour. Il a \u00e9t\u00e9 maintenue en garde-\u00e0-vue et devrait \u00eatre pr\u00e9sent\u00e9 \u00e0 la justice.\" \/>\n<meta property=\"og:url\" content=\"https:\/\/kapitalis.com\/tunisie\/2018\/07\/18\/tatatouine-arrestation-de-haddad-porte-parole-du-sit-in-del-kamour\/\" \/>\n<meta property=\"og:site_name\" content=\"Kapitalis\" \/>\n<meta property=\"article:publisher\" content=\"https:\/\/www.facebook.com\/KapitalisInfo\/\" \/>\n<meta property=\"article:published_time\" content=\"2018-07-18T11:23:50+00:00\" \/>\n<meta property=\"og:image\" content=\"https:\/\/kapitalis.com\/tunisie\/wp-content\/uploads\/2022\/05\/kapitalis-logo-fb.png\" \/>\n\t<meta property=\"og:image:width\" content=\"1200\" \/>\n\t<meta property=\"og:image:height\" content=\"630\" \/>\n\t<meta property=\"og:image:type\" content=\"image\/png\" \/>\n<meta name=\"author\" content=\"Yusra NY\" \/>\n<meta name=\"twitter:card\" content=\"summary_large_image\" \/>\n<meta name=\"twitter:creator\" content=\"@KapitalisInfo\" \/>\n<meta name=\"twitter:site\" content=\"@KapitalisInfo\" \/>\n<meta name=\"twitter:label1\" content=\"\u00c9crit par\" \/>\n\t<meta name=\"twitter:data1\" content=\"Yusra NY\" \/>\n\t<meta name=\"twitter:label2\" content=\"Dur\u00e9e de lecture estim\u00e9e\" \/>\n\t<meta name=\"twitter:data2\" content=\"1 minute\" \/>\n<script type=\"application\/ld+json\" class=\"yoast-schema-graph\">{\"@context\":\"https:\/\/schema.org\",\"@graph\":[{\"@type\":\"Article\",\"@id\":\"https:\/\/kapitalis.com\/tunisie\/2018\/07\/18\/tatatouine-arrestation-de-haddad-porte-parole-du-sit-in-del-kamour\/#article\",\"isPartOf\":{\"@id\":\"https:\/\/kapitalis.com\/tunisie\/2018\/07\/18\/tatatouine-arrestation-de-haddad-porte-parole-du-sit-in-del-kamour\/\"},\"author\":{\"name\":\"Yusra NY\",\"@id\":\"https:\/\/kapitalis.com\/tunisie\/#\/schema\/person\/74bbde0154d49d790a92aaeac5bc01d5\"},\"headline\":\"Tatatouine : Arrestation de Haddad, porte-parole du sit-in d&rsquo;El-Kamour\",\"datePublished\":\"2018-07-18T11:23:50+00:00\",\"mainEntityOfPage\":{\"@id\":\"https:\/\/kapitalis.com\/tunisie\/2018\/07\/18\/tatatouine-arrestation-de-haddad-porte-parole-du-sit-in-del-kamour\/\"},\"wordCount\":169,\"commentCount\":1,\"publisher\":{\"@id\":\"https:\/\/kapitalis.com\/tunisie\/#organization\"},\"image\":{\"@id\":\"https:\/\/kapitalis.com\/tunisie\/2018\/07\/18\/tatatouine-arrestation-de-haddad-porte-parole-du-sit-in-del-kamour\/#primaryimage\"},\"thumbnailUrl\":\"\",\"keywords\":[\"arrestation\",\"avis de recherche\",\"El-Kamour\",\"Tarek Haddad\",\"Tatatouine\"],\"articleSection\":[\"SOCIETE\",\"Tunisie\"],\"inLanguage\":\"fr-FR\",\"potentialAction\":[{\"@type\":\"CommentAction\",\"name\":\"Comment\",\"target\":[\"https:\/\/kapitalis.com\/tunisie\/2018\/07\/18\/tatatouine-arrestation-de-haddad-porte-parole-du-sit-in-del-kamour\/#respond\"]}]},{\"@type\":\"WebPage\",\"@id\":\"https:\/\/kapitalis.com\/tunisie\/2018\/07\/18\/tatatouine-arrestation-de-haddad-porte-parole-du-sit-in-del-kamour\/\",\"url\":\"https:\/\/kapitalis.com\/tunisie\/2018\/07\/18\/tatatouine-arrestation-de-haddad-porte-parole-du-sit-in-del-kamour\/\",\"name\":\"Tatatouine : Arrestation de Haddad, porte-parole du sit-in d'El-Kamour - Kapitalis\",\"isPartOf\":{\"@id\":\"https:\/\/kapitalis.com\/tunisie\/#website\"},\"primaryImageOfPage\":{\"@id\":\"https:\/\/kapitalis.com\/tunisie\/2018\/07\/18\/tatatouine-arrestation-de-haddad-porte-parole-du-sit-in-del-kamour\/#primaryimage\"},\"image\":{\"@id\":\"https:\/\/kapitalis.com\/tunisie\/2018\/07\/18\/tatatouine-arrestation-de-haddad-porte-parole-du-sit-in-del-kamour\/#primaryimage\"},\"thumbnailUrl\":\"\",\"datePublished\":\"2018-07-18T11:23:50+00:00\",\"breadcrumb\":{\"@id\":\"https:\/\/kapitalis.com\/tunisie\/2018\/07\/18\/tatatouine-arrestation-de-haddad-porte-parole-du-sit-in-del-kamour\/#breadcrumb\"},\"inLanguage\":\"fr-FR\",\"potentialAction\":[{\"@type\":\"ReadAction\",\"target\":[\"https:\/\/kapitalis.com\/tunisie\/2018\/07\/18\/tatatouine-arrestation-de-haddad-porte-parole-du-sit-in-del-kamour\/\"]}]},{\"@type\":\"ImageObject\",\"inLanguage\":\"fr-FR\",\"@id\":\"https:\/\/kapitalis.com\/tunisie\/2018\/07\/18\/tatatouine-arrestation-de-haddad-porte-parole-du-sit-in-del-kamour\/#primaryimage\",\"url\":\"\",\"contentUrl\":\"\"},{\"@type\":\"BreadcrumbList\",\"@id\":\"https:\/\/kapitalis.com\/tunisie\/2018\/07\/18\/tatatouine-arrestation-de-haddad-porte-parole-du-sit-in-del-kamour\/#breadcrumb\",\"itemListElement\":[{\"@type\":\"ListItem\",\"position\":1,\"name\":\"Accueil\",\"item\":\"https:\/\/kapitalis.com\/tunisie\/\"},{\"@type\":\"ListItem\",\"position\":2,\"name\":\"Tatatouine : Arrestation de Haddad, porte-parole du sit-in d&rsquo;El-Kamour\"}]},{\"@type\":\"WebSite\",\"@id\":\"https:\/\/kapitalis.com\/tunisie\/#website\",\"url\":\"https:\/\/kapitalis.com\/tunisie\/\",\"name\":\"Kapitalis\",\"description\":\"L&#039;actualit\u00e9 en Tunisie et dans le monde\",\"publisher\":{\"@id\":\"https:\/\/kapitalis.com\/tunisie\/#organization\"},\"potentialAction\":[{\"@type\":\"SearchAction\",\"target\":{\"@type\":\"EntryPoint\",\"urlTemplate\":\"https:\/\/kapitalis.com\/tunisie\/?s={search_term_string}\"},\"query-input\":{\"@type\":\"PropertyValueSpecification\",\"valueRequired\":true,\"valueName\":\"search_term_string\"}}],\"inLanguage\":\"fr-FR\"},{\"@type\":\"Organization\",\"@id\":\"https:\/\/kapitalis.com\/tunisie\/#organization\",\"name\":\"Kapitalis\",\"url\":\"https:\/\/kapitalis.com\/tunisie\/\",\"logo\":{\"@type\":\"ImageObject\",\"inLanguage\":\"fr-FR\",\"@id\":\"https:\/\/kapitalis.com\/tunisie\/#\/schema\/logo\/image\/\",\"url\":\"https:\/\/kapitalis.com\/tunisie\/wp-content\/uploads\/2022\/05\/Kapitalis-big-size.png\",\"contentUrl\":\"https:\/\/kapitalis.com\/tunisie\/wp-content\/uploads\/2022\/05\/Kapitalis-big-size.png\",\"width\":5000,\"height\":1500,\"caption\":\"Kapitalis\"},\"image\":{\"@id\":\"https:\/\/kapitalis.com\/tunisie\/#\/schema\/logo\/image\/\"},\"sameAs\":[\"https:\/\/www.facebook.com\/KapitalisInfo\/\",\"https:\/\/x.com\/KapitalisInfo\",\"https:\/\/www.youtube.com\/channel\/UC-yDYrHyfFBWWZaOw3FPg9Q\"]},{\"@type\":\"Person\",\"@id\":\"https:\/\/kapitalis.com\/tunisie\/#\/schema\/person\/74bbde0154d49d790a92aaeac5bc01d5\",\"name\":\"Yusra NY\",\"url\":\"https:\/\/kapitalis.com\/tunisie\/author\/yuza_adam\/\"}]}<\/script>\n<!-- \/ Yoast SEO plugin. -->","yoast_head_json":{"title":"Tatatouine : Arrestation de Haddad, porte-parole du sit-in d'El-Kamour - Kapitalis","robots":{"index":"index","follow":"follow","max-snippet":"max-snippet:-1","max-image-preview":"max-image-preview:large","max-video-preview":"max-video-preview:-1"},"canonical":"https:\/\/kapitalis.com\/tunisie\/2018\/07\/18\/tatatouine-arrestation-de-haddad-porte-parole-du-sit-in-del-kamour\/","og_locale":"fr_FR","og_type":"article","og_title":"Tatatouine : Arrestation de Haddad, porte-parole du sit-in d'El-Kamour - Kapitalis","og_description":"La police a arr\u00eat\u00e9 hier, mardi 17\u00a0 juillet 2018, \u00e0 Tatatouine, l\u2019activiste Tarek Haddad, porte-parole du sit-in d&rsquo;El-Kamour. Il a \u00e9t\u00e9 maintenue en garde-\u00e0-vue et devrait \u00eatre pr\u00e9sent\u00e9 \u00e0 la justice.","og_url":"https:\/\/kapitalis.com\/tunisie\/2018\/07\/18\/tatatouine-arrestation-de-haddad-porte-parole-du-sit-in-del-kamour\/","og_site_name":"Kapitalis","article_publisher":"https:\/\/www.facebook.com\/KapitalisInfo\/","article_published_time":"2018-07-18T11:23:50+00:00","og_image":[{"width":1200,"height":630,"url":"https:\/\/kapitalis.com\/tunisie\/wp-content\/uploads\/2022\/05\/kapitalis-logo-fb.png","type":"image\/png"}],"author":"Yusra NY","twitter_card":"summary_large_image","twitter_creator":"@KapitalisInfo","twitter_site":"@KapitalisInfo","twitter_misc":{"\u00c9crit par":"Yusra NY","Dur\u00e9e de lecture estim\u00e9e":"1 minute"},"schema":{"@context":"https:\/\/schema.org","@graph":[{"@type":"Article","@id":"https:\/\/kapitalis.com\/tunisie\/2018\/07\/18\/tatatouine-arrestation-de-haddad-porte-parole-du-sit-in-del-kamour\/#article","isPartOf":{"@id":"https:\/\/kapitalis.com\/tunisie\/2018\/07\/18\/tatatouine-arrestation-de-haddad-porte-parole-du-sit-in-del-kamour\/"},"author":{"name":"Yusra NY","@id":"https:\/\/kapitalis.com\/tunisie\/#\/schema\/person\/74bbde0154d49d790a92aaeac5bc01d5"},"headline":"Tatatouine : Arrestation de Haddad, porte-parole du sit-in d&rsquo;El-Kamour","datePublished":"2018-07-18T11:23:50+00:00","mainEntityOfPage":{"@id":"https:\/\/kapitalis.com\/tunisie\/2018\/07\/18\/tatatouine-arrestation-de-haddad-porte-parole-du-sit-in-del-kamour\/"},"wordCount":169,"commentCount":1,"publisher":{"@id":"https:\/\/kapitalis.com\/tunisie\/#organization"},"image":{"@id":"https:\/\/kapitalis.com\/tunisie\/2018\/07\/18\/tatatouine-arrestation-de-haddad-porte-parole-du-sit-in-del-kamour\/#primaryimage"},"thumbnailUrl":"","keywords":["arrestation","avis de recherche","El-Kamour","Tarek Haddad","Tatatouine"],"articleSection":["SOCIETE","Tunisie"],"inLanguage":"fr-FR","potentialAction":[{"@type":"CommentAction","name":"Comment","target":["https:\/\/kapitalis.com\/tunisie\/2018\/07\/18\/tatatouine-arrestation-de-haddad-porte-parole-du-sit-in-del-kamour\/#respond"]}]},{"@type":"WebPage","@id":"https:\/\/kapitalis.com\/tunisie\/2018\/07\/18\/tatatouine-arrestation-de-haddad-porte-parole-du-sit-in-del-kamour\/","url":"https:\/\/kapitalis.com\/tunisie\/2018\/07\/18\/tatatouine-arrestation-de-haddad-porte-parole-du-sit-in-del-kamour\/","name":"Tatatouine : Arrestation de Haddad, porte-parole du sit-in d'El-Kamour - Kapitalis","isPartOf":{"@id":"https:\/\/kapitalis.com\/tunisie\/#website"},"primaryImageOfPage":{"@id":"https:\/\/kapitalis.com\/tunisie\/2018\/07\/18\/tatatouine-arrestation-de-haddad-porte-parole-du-sit-in-del-kamour\/#primaryimage"},"image":{"@id":"https:\/\/kapitalis.com\/tunisie\/2018\/07\/18\/tatatouine-arrestation-de-haddad-porte-parole-du-sit-in-del-kamour\/#primaryimage"},"thumbnailUrl":"","datePublished":"2018-07-18T11:23:50+00:00","breadcrumb":{"@id":"https:\/\/kapitalis.com\/tunisie\/2018\/07\/18\/tatatouine-arrestation-de-haddad-porte-parole-du-sit-in-del-kamour\/#breadcrumb"},"inLanguage":"fr-FR","potentialAction":[{"@type":"ReadAction","target":["https:\/\/kapitalis.com\/tunisie\/2018\/07\/18\/tatatouine-arrestation-de-haddad-porte-parole-du-sit-in-del-kamour\/"]}]},{"@type":"ImageObject","inLanguage":"fr-FR","@id":"https:\/\/kapitalis.com\/tunisie\/2018\/07\/18\/tatatouine-arrestation-de-haddad-porte-parole-du-sit-in-del-kamour\/#primaryimage","url":"","contentUrl":""},{"@type":"BreadcrumbList","@id":"https:\/\/kapitalis.com\/tunisie\/2018\/07\/18\/tatatouine-arrestation-de-haddad-porte-parole-du-sit-in-del-kamour\/#breadcrumb","itemListElement":[{"@type":"ListItem","position":1,"name":"Accueil","item":"https:\/\/kapitalis.com\/tunisie\/"},{"@type":"ListItem","position":2,"name":"Tatatouine : Arrestation de Haddad, porte-parole du sit-in d&rsquo;El-Kamour"}]},{"@type":"WebSite","@id":"https:\/\/kapitalis.com\/tunisie\/#website","url":"https:\/\/kapitalis.com\/tunisie\/","name":"Kapitalis","description":"L&#039;actualit\u00e9 en Tunisie et dans le monde","publisher":{"@id":"https:\/\/kapitalis.com\/tunisie\/#organization"},"potentialAction":[{"@type":"SearchAction","target":{"@type":"EntryPoint","urlTemplate":"https:\/\/kapitalis.com\/tunisie\/?s={search_term_string}"},"query-input":{"@type":"PropertyValueSpecification","valueRequired":true,"valueName":"search_term_string"}}],"inLanguage":"fr-FR"},{"@type":"Organization","@id":"https:\/\/kapitalis.com\/tunisie\/#organization","name":"Kapitalis","url":"https:\/\/kapitalis.com\/tunisie\/","logo":{"@type":"ImageObject","inLanguage":"fr-FR","@id":"https:\/\/kapitalis.com\/tunisie\/#\/schema\/logo\/image\/","url":"https:\/\/kapitalis.com\/tunisie\/wp-content\/uploads\/2022\/05\/Kapitalis-big-size.png","contentUrl":"https:\/\/kapitalis.com\/tunisie\/wp-content\/uploads\/2022\/05\/Kapitalis-big-size.png","width":5000,"height":1500,"caption":"Kapitalis"},"image":{"@id":"https:\/\/kapitalis.com\/tunisie\/#\/schema\/logo\/image\/"},"sameAs":["https:\/\/www.facebook.com\/KapitalisInfo\/","https:\/\/x.com\/KapitalisInfo","https:\/\/www.youtube.com\/channel\/UC-yDYrHyfFBWWZaOw3FPg9Q"]},{"@type":"Person","@id":"https:\/\/kapitalis.com\/tunisie\/#\/schema\/person\/74bbde0154d49d790a92aaeac5bc01d5","name":"Yusra NY","url":"https:\/\/kapitalis.com\/tunisie\/author\/yuza_adam\/"}]}},"_links":{"self":[{"href":"https:\/\/kapitalis.com\/tunisie\/wp-json\/wp\/v2\/posts\/165286","targetHints":{"allow":["GET"]}}],"collection":[{"href":"https:\/\/kapitalis.com\/tunisie\/wp-json\/wp\/v2\/posts"}],"about":[{"href":"https:\/\/kapitalis.com\/tunisie\/wp-json\/wp\/v2\/types\/post"}],"author":[{"embeddable":true,"href":"https:\/\/kapitalis.com\/tunisie\/wp-json\/wp\/v2\/users\/6"}],"replies":[{"embeddable":true,"href":"https:\/\/kapitalis.com\/tunisie\/wp-json\/wp\/v2\/comments?post=165286"}],"version-history":[{"count":0,"href":"https:\/\/kapitalis.com\/tunisie\/wp-json\/wp\/v2\/posts\/165286\/revisions"}],"wp:featuredmedia":[{"embeddable":true,"href":"https:\/\/kapitalis.com\/tunisie\/wp-json\/wp\/v2\/media\/165297"}],"wp:attachment":[{"href":"https:\/\/kapitalis.com\/tunisie\/wp-json\/wp\/v2\/media?parent=165286"}],"wp:term":[{"taxonomy":"category","embeddable":true,"href":"https:\/\/kapitalis.com\/tunisie\/wp-json\/wp\/v2\/categories?post=165286"},{"taxonomy":"post_tag","embeddable":true,"href":"https:\/\/kapitalis.com\/tunisie\/wp-json\/wp\/v2\/tags?post=165286"}],"curies":[{"name":"wp","href":"https:\/\/api.w.org\/{rel}","templated":true}]}}