{"id":1655874,"date":"2022-06-22T10:44:07","date_gmt":"2022-06-22T09:44:07","guid":{"rendered":"https:\/\/kapitalis.com\/tunisie\/?p=1655874"},"modified":"2022-06-22T10:44:08","modified_gmt":"2022-06-22T09:44:08","slug":"tunisie-kais-saied-fait-la-lecon-a-oummek-sannefa","status":"publish","type":"post","link":"https:\/\/kapitalis.com\/tunisie\/2022\/06\/22\/tunisie-kais-saied-fait-la-lecon-a-oummek-sannefa\/","title":{"rendered":"Tunisie\u00a0: Ka\u00efs Sa\u00efed fait la le\u00e7on \u00e0 \u00abOummek Sannefa\u00bb"},"content":{"rendered":"\n<p><strong><em>Le communiqu\u00e9 de la pr\u00e9sidence de la r\u00e9publique publi\u00e9 mardi 21 juin 2022 \u00e0 l\u2019issue de la rencontre du pr\u00e9sident Ka\u00efs Sa\u00efed, au palais de Carthage, avec le directeur du d\u00e9partement Moyen-Orient et Asie centrale du Fonds mon\u00e9taire international (FMI), Jihad Azour, est un document pr\u00e9cieux en ce qu\u2019il contient tous les poncifs de la conception pr\u00e9sidentielle de l\u2019\u00e9conomie.<\/em><\/strong><\/p>\n\n\n\n<p>Par <strong>Imed Bahri<\/strong><\/p>\n\n\n\n<!--more-->\n\n\n\n<p>Sans surprise, il n\u2019a jamais \u00e9t\u00e9 vraiment question au cours de cette rencontre des r\u00e9formes structurelles sur lesquelles, pourtant, le gouvernement de Mme Bouden s\u2019est engag\u00e9 dans le cadre des discussions en cours pour un nouveau pr\u00eat du FMI \u00e0 la Tunisie d\u2019un montant esp\u00e9r\u00e9 de 4 milliards de dollars&nbsp;: une bagatelle pour un chef d\u2019Etat qui ne fait pas la diff\u00e9rence entre les millions et les milliards.<\/p>\n\n\n\n<p>Il n\u2019a pas \u00e9t\u00e9 question non plus des dispositions prises par l\u2019Etat tunisien, aujourd\u2019hui enti\u00e8rement et exclusivement incarn\u00e9 par la pr\u00e9sidence de la r\u00e9publique, pour la mise en \u0153uvre de ces r\u00e9formes n\u00e9cessairement douloureuses et qui ont des co\u00fbts politiques, \u00e9conomiques et sociaux.<\/p>\n\n\n\n<h2 class=\"wp-block-heading\">L\u2019art de parler pour ne rien dire<\/h2>\n\n\n\n<p>Fid\u00e8le \u00e0 son populisme habituel, o\u00f9 la parole tient souvent lieu d\u2019action, si elle n\u2019est pas en totale contradiction avec elle \u2013 le gouvernement agissant souvent a contrario de la parole pr\u00e9sidentielle, sans que celui-ci ne lui en tienne rigueur \u2013, le locataire du palais de Carthage y est all\u00e9 de son speech redondant sur <em>\u00abla n\u00e9cessit\u00e9 de prendre en compte la dimension sociale, lors de la mise en \u0153uvre des grandes r\u00e9formes\u00bb<\/em>, en rappelant \u00e0 M. Azour et \u00e0 ses coll\u00e8gues de l\u2019institution de Bretton Woods, au cas o\u00f9 ils l\u2019auraient oubli\u00e9, que <em>\u00ables droits fondamentaux de l&rsquo;homme incluent le droit \u00e0 la sant\u00e9 et \u00e0 l&rsquo;\u00e9ducation et ne sont pas soumis aux profits et aux pertes\u00bb<\/em>, comme indiqu\u00e9 par le communiqu\u00e9 de la pr\u00e9sidence.<\/p>\n\n\n\n<figure class=\"wp-block-embed is-type-wp-embed is-provider-kapitalis wp-block-embed-kapitalis\"><div class=\"wp-block-embed__wrapper\">\n<blockquote class=\"wp-embedded-content\" data-secret=\"d15y60LOx4\"><a href=\"https:\/\/kapitalis.com\/tunisie\/2022\/06\/22\/tunisie-fmi-va-t-on-se-passer-de-laccord-de-lugtt\/\">Tunisie-FMI\u00a0: Va-t-on se passer de l\u2019accord de l\u2019UGTT\u00a0?<\/a><\/blockquote><iframe loading=\"lazy\" class=\"wp-embedded-content\" sandbox=\"allow-scripts\" security=\"restricted\" style=\"position: absolute; clip: rect(1px, 1px, 1px, 1px);\" title=\"\u00ab\u00a0Tunisie-FMI\u00a0: Va-t-on se passer de l\u2019accord de l\u2019UGTT\u00a0?\u00a0\u00bb &#8212; Kapitalis\" src=\"https:\/\/kapitalis.com\/tunisie\/2022\/06\/22\/tunisie-fmi-va-t-on-se-passer-de-laccord-de-lugtt\/embed\/#?secret=VrRh0gxQ0Y#?secret=d15y60LOx4\" data-secret=\"d15y60LOx4\" width=\"600\" height=\"338\" frameborder=\"0\" marginwidth=\"0\" marginheight=\"0\" scrolling=\"no\"><\/iframe>\n<\/div><\/figure>\n\n\n\n<p>Le pr\u00e9sident de la r\u00e9publique, qui r\u00e9sume sa politique \u00e9conomique dans ce qu\u2019il appelle la lutte contre la corruption, estimant que la Tunisie est riche \u00a0mais qu\u2019elle est pill\u00e9e par une poign\u00e9e de personnes sans scrupules, dont il n\u2019a pu jusque-l\u00e0 identifier ni sanctionner aucune, M. Sa\u00efed a \u00e9galement exprim\u00e9 son engagement \u00e0 s&rsquo;attaquer aux probl\u00e8mes socio-\u00e9conomiques et financiers, dus selon lui \u00e0 <em>\u00abdes d\u00e9cennies de corruption en Tunisie et \u00e0 la situation internationale\u00bb.<\/em><\/p>\n\n\n\n<h2 class=\"wp-block-heading\">\u00abUne approche globale\u00bb, dit-il&#8230; <\/h2>\n\n\n\n<p><em>\u00abLes \u00eatres humains ne sont pas de simples statistiques\u00bb,<\/em> a-t-il lanc\u00e9 \u00e0 M. Azour, qui a d\u00fb avaler sa salive, lui dont le m\u00e9tier est, justement, d\u2019analyser les statistiques qui en disent souvent plus long sur l\u2019\u00e9tat d\u2019une soci\u00e9t\u00e9 que les logorrh\u00e9es soporifiques de ses dirigeants.<\/p>\n\n\n\n<p>M. Azour a d\u00fb avaler une seconde fois sa salive en s\u2019entendant rappeler par son h\u00f4te la n\u00e9cessit\u00e9 d\u2019opter pour <em>\u00abune approche globale pour trouver des solutions \u00e0 tous les probl\u00e8mes et questions soulev\u00e9s\u00bb<\/em>. Zut alors, comment n\u2019y a-t-il pens\u00e9&nbsp;!<\/p>\n\n\n\n<p><em>\u00abLa crise tunisienne n&rsquo;est pas seulement due \u00e0 une mauvaise gestion, mais elle est \u00e9galement le r\u00e9sultat d&rsquo;autres facteurs qui doivent \u00eatre trait\u00e9s et \u00e9limin\u00e9s afin que toutes les institutions, publiques et priv\u00e9es, fonctionnent dans des conditions exemptes d&rsquo;abus\u00bb<\/em>, a encore martel\u00e9 M. Sa\u00efed, feignant d\u2019oublier que cette mission n\u2019incombe pas \u00e0 son h\u00f4te \u2013 qui n\u2019aimerait pas \u00eatre accus\u00e9 de s\u2019immiscer dans les affaires d\u2019un Etat souverain et qui ne cesse de le crier sur tous les toits \u2013, mais qu\u2019elle fait partie des propres pr\u00e9rogatives du pr\u00e9sident de la r\u00e9publique et des attentes de ceux qui l\u2019ont \u00e9lu \u00e0 la t\u00eate de l\u2019Etat. <\/p>\n\n\n\n<figure class=\"wp-block-embed is-type-wp-embed is-provider-kapitalis wp-block-embed-kapitalis\"><div class=\"wp-block-embed__wrapper\">\n<blockquote class=\"wp-embedded-content\" data-secret=\"DVkELlzS85\"><a href=\"https:\/\/kapitalis.com\/tunisie\/2022\/05\/11\/tunisie-fmi-changer-de-methode-eviter-lenlisement\/\">Tunisie-FMI : changer de m\u00e9thode, \u00e9viter l\u2019enlisement!\u00a0<\/a><\/blockquote><iframe loading=\"lazy\" class=\"wp-embedded-content\" sandbox=\"allow-scripts\" security=\"restricted\" style=\"position: absolute; clip: rect(1px, 1px, 1px, 1px);\" title=\"\u00ab\u00a0Tunisie-FMI : changer de m\u00e9thode, \u00e9viter l\u2019enlisement!\u00a0\u00a0\u00bb &#8212; Kapitalis\" src=\"https:\/\/kapitalis.com\/tunisie\/2022\/05\/11\/tunisie-fmi-changer-de-methode-eviter-lenlisement\/embed\/#?secret=07hqyvZrHQ#?secret=DVkELlzS85\" data-secret=\"DVkELlzS85\" width=\"600\" height=\"338\" frameborder=\"0\" marginwidth=\"0\" marginheight=\"0\" scrolling=\"no\"><\/iframe>\n<\/div><\/figure>\n\n\n\n<p>N\u2019est-ce pas \u00e0 M. Sa\u00efed et \u00e0 sa pl\u00e9thorique administration, aussi incomp\u00e9tente qu\u2019inefficace, de faire le boulot\u2026 au lieu de continuer d\u2019en appeler \u00e0 la g\u00e9n\u00e9rosit\u00e9 des bailleurs de fonds, qu&rsquo;il ne cesse d&rsquo;attifer de tous les noms d\u2019oiseaux\u00a0: <em>\u00abOummok sannafa\u00bb <\/em>et autres.<\/p>\n\n\n\n<p>M. Sa\u00efed sait-il au moins, ou ne lui a-t-on pas expliqu\u00e9, que le FMI et les autres bailleurs de fonds ne sont pas des organisations caritatives ni des bienfaiteurs de l&rsquo;humanit\u00e9, et qu&rsquo;en tant qu&rsquo;instance financi\u00e8re multilat\u00e9rale, elle est tenue, contrairement \u00e0 certains Etats faillis qu&rsquo;elle finance, par une obligation de r\u00e9sultat ?  <\/p>\n","protected":false},"excerpt":{"rendered":"<p>Le communiqu\u00e9 de la pr\u00e9sidence de la r\u00e9publique publi\u00e9 \u00e0 l\u2019issue de la rencontre du pr\u00e9sident Ka\u00efs Sa\u00efed un responsable du FMI, Jihad Azour,  contient tous les poncifs de la conception pr\u00e9sidentielle de l\u2019\u00e9conomie.<\/p>\n","protected":false},"author":8,"featured_media":1656180,"comment_status":"open","ping_status":"open","sticky":false,"template":"","format":"standard","meta":{"footnotes":""},"categories":[992,995,997,2433],"tags":[388,94746,76012,62643],"class_list":["post-1655874","post","type-post","status-publish","format-standard","has-post-thumbnail","hentry","category-a-la-une","category-economie","category-politique","category-tunisie","tag-fmi","tag-jihad-azour","tag-kais-saied-2","tag-tunisie"],"yoast_head":"<!-- This site is optimized with the Yoast SEO plugin v26.6 - https:\/\/yoast.com\/wordpress\/plugins\/seo\/ -->\n<title>Tunisie\u00a0: Ka\u00efs Sa\u00efed fait la le\u00e7on \u00e0 \u00abOummek Sannefa\u00bb - Kapitalis<\/title>\n<meta name=\"robots\" content=\"index, follow, max-snippet:-1, max-image-preview:large, max-video-preview:-1\" \/>\n<link rel=\"canonical\" href=\"https:\/\/kapitalis.com\/tunisie\/2022\/06\/22\/tunisie-kais-saied-fait-la-lecon-a-oummek-sannefa\/\" \/>\n<meta property=\"og:locale\" content=\"fr_FR\" \/>\n<meta property=\"og:type\" content=\"article\" \/>\n<meta property=\"og:title\" content=\"Tunisie\u00a0: Ka\u00efs Sa\u00efed fait la le\u00e7on \u00e0 \u00abOummek Sannefa\u00bb - Kapitalis\" \/>\n<meta property=\"og:description\" content=\"Le communiqu\u00e9 de la pr\u00e9sidence de la r\u00e9publique publi\u00e9 \u00e0 l\u2019issue de la rencontre du pr\u00e9sident Ka\u00efs Sa\u00efed un responsable du FMI, Jihad Azour, contient tous les poncifs de la conception pr\u00e9sidentielle de l\u2019\u00e9conomie.\" \/>\n<meta property=\"og:url\" content=\"https:\/\/kapitalis.com\/tunisie\/2022\/06\/22\/tunisie-kais-saied-fait-la-lecon-a-oummek-sannefa\/\" \/>\n<meta property=\"og:site_name\" content=\"Kapitalis\" \/>\n<meta property=\"article:publisher\" content=\"https:\/\/www.facebook.com\/KapitalisInfo\/\" \/>\n<meta property=\"article:published_time\" content=\"2022-06-22T09:44:07+00:00\" \/>\n<meta property=\"article:modified_time\" content=\"2022-06-22T09:44:08+00:00\" \/>\n<meta property=\"og:image\" content=\"https:\/\/kapitalis.com\/tunisie\/wp-content\/uploads\/2022\/06\/Kais-Saied-Jihad-Azour.jpg\" \/>\n\t<meta property=\"og:image:width\" content=\"1200\" \/>\n\t<meta property=\"og:image:height\" content=\"620\" \/>\n\t<meta property=\"og:image:type\" content=\"image\/jpeg\" \/>\n<meta name=\"author\" content=\"webmaster kapitalis\" \/>\n<meta name=\"twitter:card\" content=\"summary_large_image\" \/>\n<meta name=\"twitter:creator\" content=\"@KapitalisInfo\" \/>\n<meta name=\"twitter:site\" content=\"@KapitalisInfo\" \/>\n<meta name=\"twitter:label1\" content=\"\u00c9crit par\" \/>\n\t<meta name=\"twitter:data1\" content=\"webmaster kapitalis\" \/>\n\t<meta name=\"twitter:label2\" content=\"Dur\u00e9e de lecture estim\u00e9e\" \/>\n\t<meta name=\"twitter:data2\" content=\"4 minutes\" \/>\n<script type=\"application\/ld+json\" class=\"yoast-schema-graph\">{\"@context\":\"https:\/\/schema.org\",\"@graph\":[{\"@type\":\"Article\",\"@id\":\"https:\/\/kapitalis.com\/tunisie\/2022\/06\/22\/tunisie-kais-saied-fait-la-lecon-a-oummek-sannefa\/#article\",\"isPartOf\":{\"@id\":\"https:\/\/kapitalis.com\/tunisie\/2022\/06\/22\/tunisie-kais-saied-fait-la-lecon-a-oummek-sannefa\/\"},\"author\":{\"name\":\"webmaster kapitalis\",\"@id\":\"https:\/\/kapitalis.com\/tunisie\/#\/schema\/person\/d71f33a9ca44f7bad4698210b480c8e9\"},\"headline\":\"Tunisie\u00a0: Ka\u00efs Sa\u00efed fait la le\u00e7on \u00e0 \u00abOummek Sannefa\u00bb\",\"datePublished\":\"2022-06-22T09:44:07+00:00\",\"dateModified\":\"2022-06-22T09:44:08+00:00\",\"mainEntityOfPage\":{\"@id\":\"https:\/\/kapitalis.com\/tunisie\/2022\/06\/22\/tunisie-kais-saied-fait-la-lecon-a-oummek-sannefa\/\"},\"wordCount\":764,\"commentCount\":5,\"publisher\":{\"@id\":\"https:\/\/kapitalis.com\/tunisie\/#organization\"},\"image\":{\"@id\":\"https:\/\/kapitalis.com\/tunisie\/2022\/06\/22\/tunisie-kais-saied-fait-la-lecon-a-oummek-sannefa\/#primaryimage\"},\"thumbnailUrl\":\"https:\/\/kapitalis.com\/tunisie\/wp-content\/uploads\/2022\/06\/Kais-Saied-Jihad-Azour.jpg\",\"keywords\":[\"FMI\",\"Jihad Azour\",\"Ka\u00efs Sa\u00efed\",\"Tunisie\"],\"articleSection\":[\"A LA UNE\",\"ECONOMIE\",\"POLITIQUE\",\"Tunisie\"],\"inLanguage\":\"fr-FR\",\"potentialAction\":[{\"@type\":\"CommentAction\",\"name\":\"Comment\",\"target\":[\"https:\/\/kapitalis.com\/tunisie\/2022\/06\/22\/tunisie-kais-saied-fait-la-lecon-a-oummek-sannefa\/#respond\"]}]},{\"@type\":\"WebPage\",\"@id\":\"https:\/\/kapitalis.com\/tunisie\/2022\/06\/22\/tunisie-kais-saied-fait-la-lecon-a-oummek-sannefa\/\",\"url\":\"https:\/\/kapitalis.com\/tunisie\/2022\/06\/22\/tunisie-kais-saied-fait-la-lecon-a-oummek-sannefa\/\",\"name\":\"Tunisie\u00a0: Ka\u00efs Sa\u00efed fait la le\u00e7on \u00e0 \u00abOummek Sannefa\u00bb - Kapitalis\",\"isPartOf\":{\"@id\":\"https:\/\/kapitalis.com\/tunisie\/#website\"},\"primaryImageOfPage\":{\"@id\":\"https:\/\/kapitalis.com\/tunisie\/2022\/06\/22\/tunisie-kais-saied-fait-la-lecon-a-oummek-sannefa\/#primaryimage\"},\"image\":{\"@id\":\"https:\/\/kapitalis.com\/tunisie\/2022\/06\/22\/tunisie-kais-saied-fait-la-lecon-a-oummek-sannefa\/#primaryimage\"},\"thumbnailUrl\":\"https:\/\/kapitalis.com\/tunisie\/wp-content\/uploads\/2022\/06\/Kais-Saied-Jihad-Azour.jpg\",\"datePublished\":\"2022-06-22T09:44:07+00:00\",\"dateModified\":\"2022-06-22T09:44:08+00:00\",\"breadcrumb\":{\"@id\":\"https:\/\/kapitalis.com\/tunisie\/2022\/06\/22\/tunisie-kais-saied-fait-la-lecon-a-oummek-sannefa\/#breadcrumb\"},\"inLanguage\":\"fr-FR\",\"potentialAction\":[{\"@type\":\"ReadAction\",\"target\":[\"https:\/\/kapitalis.com\/tunisie\/2022\/06\/22\/tunisie-kais-saied-fait-la-lecon-a-oummek-sannefa\/\"]}]},{\"@type\":\"ImageObject\",\"inLanguage\":\"fr-FR\",\"@id\":\"https:\/\/kapitalis.com\/tunisie\/2022\/06\/22\/tunisie-kais-saied-fait-la-lecon-a-oummek-sannefa\/#primaryimage\",\"url\":\"https:\/\/kapitalis.com\/tunisie\/wp-content\/uploads\/2022\/06\/Kais-Saied-Jihad-Azour.jpg\",\"contentUrl\":\"https:\/\/kapitalis.com\/tunisie\/wp-content\/uploads\/2022\/06\/Kais-Saied-Jihad-Azour.jpg\",\"width\":1200,\"height\":620},{\"@type\":\"BreadcrumbList\",\"@id\":\"https:\/\/kapitalis.com\/tunisie\/2022\/06\/22\/tunisie-kais-saied-fait-la-lecon-a-oummek-sannefa\/#breadcrumb\",\"itemListElement\":[{\"@type\":\"ListItem\",\"position\":1,\"name\":\"Accueil\",\"item\":\"https:\/\/kapitalis.com\/tunisie\/\"},{\"@type\":\"ListItem\",\"position\":2,\"name\":\"Tunisie\u00a0: Ka\u00efs Sa\u00efed fait la le\u00e7on \u00e0 \u00abOummek Sannefa\u00bb\"}]},{\"@type\":\"WebSite\",\"@id\":\"https:\/\/kapitalis.com\/tunisie\/#website\",\"url\":\"https:\/\/kapitalis.com\/tunisie\/\",\"name\":\"Kapitalis\",\"description\":\"L&#039;actualit\u00e9 en Tunisie et dans le monde\",\"publisher\":{\"@id\":\"https:\/\/kapitalis.com\/tunisie\/#organization\"},\"potentialAction\":[{\"@type\":\"SearchAction\",\"target\":{\"@type\":\"EntryPoint\",\"urlTemplate\":\"https:\/\/kapitalis.com\/tunisie\/?s={search_term_string}\"},\"query-input\":{\"@type\":\"PropertyValueSpecification\",\"valueRequired\":true,\"valueName\":\"search_term_string\"}}],\"inLanguage\":\"fr-FR\"},{\"@type\":\"Organization\",\"@id\":\"https:\/\/kapitalis.com\/tunisie\/#organization\",\"name\":\"Kapitalis\",\"url\":\"https:\/\/kapitalis.com\/tunisie\/\",\"logo\":{\"@type\":\"ImageObject\",\"inLanguage\":\"fr-FR\",\"@id\":\"https:\/\/kapitalis.com\/tunisie\/#\/schema\/logo\/image\/\",\"url\":\"https:\/\/kapitalis.com\/tunisie\/wp-content\/uploads\/2022\/05\/Kapitalis-big-size.png\",\"contentUrl\":\"https:\/\/kapitalis.com\/tunisie\/wp-content\/uploads\/2022\/05\/Kapitalis-big-size.png\",\"width\":5000,\"height\":1500,\"caption\":\"Kapitalis\"},\"image\":{\"@id\":\"https:\/\/kapitalis.com\/tunisie\/#\/schema\/logo\/image\/\"},\"sameAs\":[\"https:\/\/www.facebook.com\/KapitalisInfo\/\",\"https:\/\/x.com\/KapitalisInfo\",\"https:\/\/www.youtube.com\/channel\/UC-yDYrHyfFBWWZaOw3FPg9Q\"]},{\"@type\":\"Person\",\"@id\":\"https:\/\/kapitalis.com\/tunisie\/#\/schema\/person\/d71f33a9ca44f7bad4698210b480c8e9\",\"name\":\"webmaster kapitalis\",\"url\":\"https:\/\/kapitalis.com\/tunisie\/author\/webmaster-kapitalis\/\"}]}<\/script>\n<!-- \/ Yoast SEO plugin. -->","yoast_head_json":{"title":"Tunisie\u00a0: Ka\u00efs Sa\u00efed fait la le\u00e7on \u00e0 \u00abOummek Sannefa\u00bb - Kapitalis","robots":{"index":"index","follow":"follow","max-snippet":"max-snippet:-1","max-image-preview":"max-image-preview:large","max-video-preview":"max-video-preview:-1"},"canonical":"https:\/\/kapitalis.com\/tunisie\/2022\/06\/22\/tunisie-kais-saied-fait-la-lecon-a-oummek-sannefa\/","og_locale":"fr_FR","og_type":"article","og_title":"Tunisie\u00a0: Ka\u00efs Sa\u00efed fait la le\u00e7on \u00e0 \u00abOummek Sannefa\u00bb - Kapitalis","og_description":"Le communiqu\u00e9 de la pr\u00e9sidence de la r\u00e9publique publi\u00e9 \u00e0 l\u2019issue de la rencontre du pr\u00e9sident Ka\u00efs Sa\u00efed un responsable du FMI, Jihad Azour, contient tous les poncifs de la conception pr\u00e9sidentielle de l\u2019\u00e9conomie.","og_url":"https:\/\/kapitalis.com\/tunisie\/2022\/06\/22\/tunisie-kais-saied-fait-la-lecon-a-oummek-sannefa\/","og_site_name":"Kapitalis","article_publisher":"https:\/\/www.facebook.com\/KapitalisInfo\/","article_published_time":"2022-06-22T09:44:07+00:00","article_modified_time":"2022-06-22T09:44:08+00:00","og_image":[{"width":1200,"height":620,"url":"https:\/\/kapitalis.com\/tunisie\/wp-content\/uploads\/2022\/06\/Kais-Saied-Jihad-Azour.jpg","type":"image\/jpeg"}],"author":"webmaster kapitalis","twitter_card":"summary_large_image","twitter_creator":"@KapitalisInfo","twitter_site":"@KapitalisInfo","twitter_misc":{"\u00c9crit par":"webmaster kapitalis","Dur\u00e9e de lecture estim\u00e9e":"4 minutes"},"schema":{"@context":"https:\/\/schema.org","@graph":[{"@type":"Article","@id":"https:\/\/kapitalis.com\/tunisie\/2022\/06\/22\/tunisie-kais-saied-fait-la-lecon-a-oummek-sannefa\/#article","isPartOf":{"@id":"https:\/\/kapitalis.com\/tunisie\/2022\/06\/22\/tunisie-kais-saied-fait-la-lecon-a-oummek-sannefa\/"},"author":{"name":"webmaster kapitalis","@id":"https:\/\/kapitalis.com\/tunisie\/#\/schema\/person\/d71f33a9ca44f7bad4698210b480c8e9"},"headline":"Tunisie\u00a0: Ka\u00efs Sa\u00efed fait la le\u00e7on \u00e0 \u00abOummek Sannefa\u00bb","datePublished":"2022-06-22T09:44:07+00:00","dateModified":"2022-06-22T09:44:08+00:00","mainEntityOfPage":{"@id":"https:\/\/kapitalis.com\/tunisie\/2022\/06\/22\/tunisie-kais-saied-fait-la-lecon-a-oummek-sannefa\/"},"wordCount":764,"commentCount":5,"publisher":{"@id":"https:\/\/kapitalis.com\/tunisie\/#organization"},"image":{"@id":"https:\/\/kapitalis.com\/tunisie\/2022\/06\/22\/tunisie-kais-saied-fait-la-lecon-a-oummek-sannefa\/#primaryimage"},"thumbnailUrl":"https:\/\/kapitalis.com\/tunisie\/wp-content\/uploads\/2022\/06\/Kais-Saied-Jihad-Azour.jpg","keywords":["FMI","Jihad Azour","Ka\u00efs Sa\u00efed","Tunisie"],"articleSection":["A LA UNE","ECONOMIE","POLITIQUE","Tunisie"],"inLanguage":"fr-FR","potentialAction":[{"@type":"CommentAction","name":"Comment","target":["https:\/\/kapitalis.com\/tunisie\/2022\/06\/22\/tunisie-kais-saied-fait-la-lecon-a-oummek-sannefa\/#respond"]}]},{"@type":"WebPage","@id":"https:\/\/kapitalis.com\/tunisie\/2022\/06\/22\/tunisie-kais-saied-fait-la-lecon-a-oummek-sannefa\/","url":"https:\/\/kapitalis.com\/tunisie\/2022\/06\/22\/tunisie-kais-saied-fait-la-lecon-a-oummek-sannefa\/","name":"Tunisie\u00a0: Ka\u00efs Sa\u00efed fait la le\u00e7on \u00e0 \u00abOummek Sannefa\u00bb - Kapitalis","isPartOf":{"@id":"https:\/\/kapitalis.com\/tunisie\/#website"},"primaryImageOfPage":{"@id":"https:\/\/kapitalis.com\/tunisie\/2022\/06\/22\/tunisie-kais-saied-fait-la-lecon-a-oummek-sannefa\/#primaryimage"},"image":{"@id":"https:\/\/kapitalis.com\/tunisie\/2022\/06\/22\/tunisie-kais-saied-fait-la-lecon-a-oummek-sannefa\/#primaryimage"},"thumbnailUrl":"https:\/\/kapitalis.com\/tunisie\/wp-content\/uploads\/2022\/06\/Kais-Saied-Jihad-Azour.jpg","datePublished":"2022-06-22T09:44:07+00:00","dateModified":"2022-06-22T09:44:08+00:00","breadcrumb":{"@id":"https:\/\/kapitalis.com\/tunisie\/2022\/06\/22\/tunisie-kais-saied-fait-la-lecon-a-oummek-sannefa\/#breadcrumb"},"inLanguage":"fr-FR","potentialAction":[{"@type":"ReadAction","target":["https:\/\/kapitalis.com\/tunisie\/2022\/06\/22\/tunisie-kais-saied-fait-la-lecon-a-oummek-sannefa\/"]}]},{"@type":"ImageObject","inLanguage":"fr-FR","@id":"https:\/\/kapitalis.com\/tunisie\/2022\/06\/22\/tunisie-kais-saied-fait-la-lecon-a-oummek-sannefa\/#primaryimage","url":"https:\/\/kapitalis.com\/tunisie\/wp-content\/uploads\/2022\/06\/Kais-Saied-Jihad-Azour.jpg","contentUrl":"https:\/\/kapitalis.com\/tunisie\/wp-content\/uploads\/2022\/06\/Kais-Saied-Jihad-Azour.jpg","width":1200,"height":620},{"@type":"BreadcrumbList","@id":"https:\/\/kapitalis.com\/tunisie\/2022\/06\/22\/tunisie-kais-saied-fait-la-lecon-a-oummek-sannefa\/#breadcrumb","itemListElement":[{"@type":"ListItem","position":1,"name":"Accueil","item":"https:\/\/kapitalis.com\/tunisie\/"},{"@type":"ListItem","position":2,"name":"Tunisie\u00a0: Ka\u00efs Sa\u00efed fait la le\u00e7on \u00e0 \u00abOummek Sannefa\u00bb"}]},{"@type":"WebSite","@id":"https:\/\/kapitalis.com\/tunisie\/#website","url":"https:\/\/kapitalis.com\/tunisie\/","name":"Kapitalis","description":"L&#039;actualit\u00e9 en Tunisie et dans le monde","publisher":{"@id":"https:\/\/kapitalis.com\/tunisie\/#organization"},"potentialAction":[{"@type":"SearchAction","target":{"@type":"EntryPoint","urlTemplate":"https:\/\/kapitalis.com\/tunisie\/?s={search_term_string}"},"query-input":{"@type":"PropertyValueSpecification","valueRequired":true,"valueName":"search_term_string"}}],"inLanguage":"fr-FR"},{"@type":"Organization","@id":"https:\/\/kapitalis.com\/tunisie\/#organization","name":"Kapitalis","url":"https:\/\/kapitalis.com\/tunisie\/","logo":{"@type":"ImageObject","inLanguage":"fr-FR","@id":"https:\/\/kapitalis.com\/tunisie\/#\/schema\/logo\/image\/","url":"https:\/\/kapitalis.com\/tunisie\/wp-content\/uploads\/2022\/05\/Kapitalis-big-size.png","contentUrl":"https:\/\/kapitalis.com\/tunisie\/wp-content\/uploads\/2022\/05\/Kapitalis-big-size.png","width":5000,"height":1500,"caption":"Kapitalis"},"image":{"@id":"https:\/\/kapitalis.com\/tunisie\/#\/schema\/logo\/image\/"},"sameAs":["https:\/\/www.facebook.com\/KapitalisInfo\/","https:\/\/x.com\/KapitalisInfo","https:\/\/www.youtube.com\/channel\/UC-yDYrHyfFBWWZaOw3FPg9Q"]},{"@type":"Person","@id":"https:\/\/kapitalis.com\/tunisie\/#\/schema\/person\/d71f33a9ca44f7bad4698210b480c8e9","name":"webmaster kapitalis","url":"https:\/\/kapitalis.com\/tunisie\/author\/webmaster-kapitalis\/"}]}},"_links":{"self":[{"href":"https:\/\/kapitalis.com\/tunisie\/wp-json\/wp\/v2\/posts\/1655874","targetHints":{"allow":["GET"]}}],"collection":[{"href":"https:\/\/kapitalis.com\/tunisie\/wp-json\/wp\/v2\/posts"}],"about":[{"href":"https:\/\/kapitalis.com\/tunisie\/wp-json\/wp\/v2\/types\/post"}],"author":[{"embeddable":true,"href":"https:\/\/kapitalis.com\/tunisie\/wp-json\/wp\/v2\/users\/8"}],"replies":[{"embeddable":true,"href":"https:\/\/kapitalis.com\/tunisie\/wp-json\/wp\/v2\/comments?post=1655874"}],"version-history":[{"count":0,"href":"https:\/\/kapitalis.com\/tunisie\/wp-json\/wp\/v2\/posts\/1655874\/revisions"}],"wp:featuredmedia":[{"embeddable":true,"href":"https:\/\/kapitalis.com\/tunisie\/wp-json\/wp\/v2\/media\/1656180"}],"wp:attachment":[{"href":"https:\/\/kapitalis.com\/tunisie\/wp-json\/wp\/v2\/media?parent=1655874"}],"wp:term":[{"taxonomy":"category","embeddable":true,"href":"https:\/\/kapitalis.com\/tunisie\/wp-json\/wp\/v2\/categories?post=1655874"},{"taxonomy":"post_tag","embeddable":true,"href":"https:\/\/kapitalis.com\/tunisie\/wp-json\/wp\/v2\/tags?post=1655874"}],"curies":[{"name":"wp","href":"https:\/\/api.w.org\/{rel}","templated":true}]}}