{"id":165886,"date":"2018-07-21T15:27:05","date_gmt":"2018-07-21T14:27:05","guid":{"rendered":"http:\/\/kapitalis.com\/tunisie\/?p=165886"},"modified":"2018-07-21T15:27:05","modified_gmt":"2018-07-21T14:27:05","slug":"tahri-a-caid-essebsi-appliquez-larticle-99-de-la-constitution","status":"publish","type":"post","link":"https:\/\/kapitalis.com\/tunisie\/2018\/07\/21\/tahri-a-caid-essebsi-appliquez-larticle-99-de-la-constitution\/","title":{"rendered":"Tahri appelle Ca\u00efd Essebsi \u00e0 actionner l&rsquo;article 99 de la constitution"},"content":{"rendered":"<p style=\"text-align: center;\"><img loading=\"lazy\" decoding=\"async\" class=\"alignnone size-full wp-image-165896\" src=\"http:\/\/kapitalis.com\/tunisie\/wp-content\/uploads\/2018\/07\/Sami-Tahri_B\u00e9ji-Ca\u00efd-Essebsi.jpg\" alt=\"\" width=\"626\" height=\"380\" \/><\/p>\n<p><em><strong>Sami Tahri, secr\u00e9taire g\u00e9n\u00e9ral de l&rsquo;Union g\u00e9n\u00e9rale tunisienne du travail (UGTT), le chef du gouvernement, appelle, lui aussi, Youssef Chahed, \u00e0 d\u00e9missionner ou \u00e0 aller au parlement pour avoir un nouveau vote de confiance.<\/strong><\/em><!--more--><\/p>\n<p>Dans une d\u00e9claration aux m\u00e9dias aujourd&rsquo;hui, samedi 21 juillet 2018, \u00e0 l&rsquo;occasion d&rsquo;un s\u00e9minaire organis\u00e9 \u00e0 Hammamet (Nabeul) par la centrale syndicale et l&rsquo;Instance nationale de lutte contre la corruption (Inlucc), le dirigeant syndical a appel\u00e9 le pr\u00e9sident de la r\u00e9publique, B\u00e9ji Ca\u00efd Essebsi, \u00e0 utiliser l&rsquo;article 99 de la nouvelle constitution pour acc\u00e9l\u00e9rer le d\u00e9part de M. Chahed, conform\u00e9ment au v\u0153u exprim\u00e9 par l&rsquo;UGTT, par Nidaa Tounes et depuis peu, par le pr\u00e9sident de la r\u00e9publique lui-m\u00eame.<\/p>\n<p>L&rsquo;article 99 stipule que\u00a0\u00ab<em>le pr\u00e9sident de la r\u00e9publique peut demander \u00e0 l\u2019Assembl\u00e9e des repr\u00e9sentants du peuple de proc\u00e9der \u00e0 un vote de confiance au gouvernement, au maximum 2 fois pendant le mandat pr\u00e9sidentiel. Le vote se fait \u00e0 la majorit\u00e9 absolue des membres de l\u2019Assembl\u00e9e des repr\u00e9sentants du peuple. Si cette derni\u00e8re ne renouvelle pas sa confiance au gouvernement, il est consid\u00e9r\u00e9 d\u00e9missionnaire, et le pr\u00e9sident de la r\u00e9publique se charge de d\u00e9signer la personnalit\u00e9 la plus apte \u00e0 former un gouvernement dans un d\u00e9lai de 30 jours conform\u00e9ment aux paragraphes 1, 5 et 6 de l\u2019article 89<\/em>\u00bb.<\/p>\n<p>Sami Tahri, qui se soucie comme d&rsquo;une guigne de la stabilit\u00e9 politique dans le pays, qui a connu pr\u00e8s d&rsquo;une dizaine de gouvernements en moins de 8 ans, estime que le gouvernement d&rsquo;union nationale a \u00e9chou\u00e9 dans sa mission, qu&rsquo;il est incapable de relever les d\u00e9fis pos\u00e9s au pays et qu&rsquo;il doit donc \u00eatre chang\u00e9, ajoutant :\u00a0\u00ab<em>Le chef du gouvernement peut pr\u00e9senter sa d\u00e9mission ou aller au parlement pour avoir un vote de confiance. Il est inadmissible que le poste de ministre de l&rsquo;Int\u00e9rieur soit toujours vacant\u00bb,<\/em> apr\u00e8s le limogeage de l&rsquo;ex-d\u00e9tenteur du poste, Lotfi Brahem<em>.<\/em><\/p>\n<p>Le dirigeant syndicaliste feint d&rsquo;oublier que M. Chahed a d\u00e9j\u00e0 eu\u00a0les 2 votes de confiance \u00e0 l&rsquo;Assembl\u00e9e (en 2016 et 2017) et ne peut donc pas, l\u00e9galement, se soumettre \u00e0 un 3e vote, au cours de la m\u00eame l\u00e9gislature.<\/p>\n<p>Sur un autre plan, rien n&rsquo;oblige M. Chahed \u00e0 donner sa d\u00e9mission sur un plateau \u00e0 ceux qui l&rsquo;ont emp\u00each\u00e9 jusque-l\u00e0 de gouverner et de mettre en route les r\u00e9formes n\u00e9cessaires, \u00e0 savoir l&rsquo;UGTT, avec les interminables sit-in et gr\u00e8ves ayant touch\u00e9 tous les secteurs \u00e9conomiques, et son propre parti, Nidaa Tounes, d\u00e9sormais contr\u00f4l\u00e9 par des mercenaires et des aventuriers politiques li\u00e9s aux r\u00e9seaux de corruption et de contrebande.<\/p>\n<p style=\"text-align: right;\"><strong>E. B. A.<\/strong><\/p>\n","protected":false},"excerpt":{"rendered":"<p>Sami Tahri, secr\u00e9taire g\u00e9n\u00e9ral de l&rsquo;Union g\u00e9n\u00e9rale tunisienne du travail (UGTT), le chef du gouvernement, appelle, lui aussi, Youssef Chahed, \u00e0 d\u00e9missionner ou \u00e0 aller au parlement pour avoir un nouveau vote de confiance.<\/p>\n","protected":false},"author":16,"featured_media":165896,"comment_status":"open","ping_status":"open","sticky":false,"template":"","format":"standard","meta":{"footnotes":""},"categories":[997,2433],"tags":[1108,439,22391,11862,936],"class_list":["post-165886","post","type-post","status-publish","format-standard","has-post-thumbnail","hentry","category-politique","category-tunisie","tag-beji-caid-essebsi","tag-hammamet","tag-inlucc","tag-sami-tahri","tag-ugtt"],"yoast_head":"<!-- This site is optimized with the Yoast SEO plugin v26.6 - https:\/\/yoast.com\/wordpress\/plugins\/seo\/ -->\n<title>Tahri appelle Ca\u00efd Essebsi \u00e0 actionner l&#039;article 99 de la constitution - Kapitalis<\/title>\n<meta name=\"robots\" content=\"index, follow, max-snippet:-1, max-image-preview:large, max-video-preview:-1\" \/>\n<link rel=\"canonical\" href=\"https:\/\/kapitalis.com\/tunisie\/2018\/07\/21\/tahri-a-caid-essebsi-appliquez-larticle-99-de-la-constitution\/\" \/>\n<meta property=\"og:locale\" content=\"fr_FR\" \/>\n<meta property=\"og:type\" content=\"article\" \/>\n<meta property=\"og:title\" content=\"Tahri appelle Ca\u00efd Essebsi \u00e0 actionner l&#039;article 99 de la constitution - Kapitalis\" \/>\n<meta property=\"og:description\" content=\"Sami Tahri, secr\u00e9taire g\u00e9n\u00e9ral de l&rsquo;Union g\u00e9n\u00e9rale tunisienne du travail (UGTT), le chef du gouvernement, appelle, lui aussi, Youssef Chahed, \u00e0 d\u00e9missionner ou \u00e0 aller au parlement pour avoir un nouveau vote de confiance.\" \/>\n<meta property=\"og:url\" content=\"https:\/\/kapitalis.com\/tunisie\/2018\/07\/21\/tahri-a-caid-essebsi-appliquez-larticle-99-de-la-constitution\/\" \/>\n<meta property=\"og:site_name\" content=\"Kapitalis\" \/>\n<meta property=\"article:publisher\" content=\"https:\/\/www.facebook.com\/KapitalisInfo\/\" \/>\n<meta property=\"article:published_time\" content=\"2018-07-21T14:27:05+00:00\" \/>\n<meta property=\"og:image\" content=\"https:\/\/kapitalis.com\/tunisie\/wp-content\/uploads\/2022\/05\/kapitalis-logo-fb.png\" \/>\n\t<meta property=\"og:image:width\" content=\"1200\" \/>\n\t<meta property=\"og:image:height\" content=\"630\" \/>\n\t<meta property=\"og:image:type\" content=\"image\/png\" \/>\n<meta name=\"author\" content=\"emna benabdallah\" \/>\n<meta name=\"twitter:card\" content=\"summary_large_image\" \/>\n<meta name=\"twitter:creator\" content=\"@KapitalisInfo\" \/>\n<meta name=\"twitter:site\" content=\"@KapitalisInfo\" \/>\n<meta name=\"twitter:label1\" content=\"\u00c9crit par\" \/>\n\t<meta name=\"twitter:data1\" content=\"emna benabdallah\" \/>\n\t<meta name=\"twitter:label2\" content=\"Dur\u00e9e de lecture estim\u00e9e\" \/>\n\t<meta name=\"twitter:data2\" content=\"2 minutes\" \/>\n<script type=\"application\/ld+json\" class=\"yoast-schema-graph\">{\"@context\":\"https:\/\/schema.org\",\"@graph\":[{\"@type\":\"Article\",\"@id\":\"https:\/\/kapitalis.com\/tunisie\/2018\/07\/21\/tahri-a-caid-essebsi-appliquez-larticle-99-de-la-constitution\/#article\",\"isPartOf\":{\"@id\":\"https:\/\/kapitalis.com\/tunisie\/2018\/07\/21\/tahri-a-caid-essebsi-appliquez-larticle-99-de-la-constitution\/\"},\"author\":{\"name\":\"emna benabdallah\",\"@id\":\"https:\/\/kapitalis.com\/tunisie\/#\/schema\/person\/2c6e134b2f3369dffcd1daf5f087d28b\"},\"headline\":\"Tahri appelle Ca\u00efd Essebsi \u00e0 actionner l&rsquo;article 99 de la constitution\",\"datePublished\":\"2018-07-21T14:27:05+00:00\",\"mainEntityOfPage\":{\"@id\":\"https:\/\/kapitalis.com\/tunisie\/2018\/07\/21\/tahri-a-caid-essebsi-appliquez-larticle-99-de-la-constitution\/\"},\"wordCount\":463,\"commentCount\":5,\"publisher\":{\"@id\":\"https:\/\/kapitalis.com\/tunisie\/#organization\"},\"image\":{\"@id\":\"https:\/\/kapitalis.com\/tunisie\/2018\/07\/21\/tahri-a-caid-essebsi-appliquez-larticle-99-de-la-constitution\/#primaryimage\"},\"thumbnailUrl\":\"\",\"keywords\":[\"B\u00e9ji Ca\u00efd Essebsi\",\"Hammamet\",\"INLUCC\",\"Sami Tahri\",\"UGTT\"],\"articleSection\":[\"POLITIQUE\",\"Tunisie\"],\"inLanguage\":\"fr-FR\",\"potentialAction\":[{\"@type\":\"CommentAction\",\"name\":\"Comment\",\"target\":[\"https:\/\/kapitalis.com\/tunisie\/2018\/07\/21\/tahri-a-caid-essebsi-appliquez-larticle-99-de-la-constitution\/#respond\"]}]},{\"@type\":\"WebPage\",\"@id\":\"https:\/\/kapitalis.com\/tunisie\/2018\/07\/21\/tahri-a-caid-essebsi-appliquez-larticle-99-de-la-constitution\/\",\"url\":\"https:\/\/kapitalis.com\/tunisie\/2018\/07\/21\/tahri-a-caid-essebsi-appliquez-larticle-99-de-la-constitution\/\",\"name\":\"Tahri appelle Ca\u00efd Essebsi \u00e0 actionner l'article 99 de la constitution - Kapitalis\",\"isPartOf\":{\"@id\":\"https:\/\/kapitalis.com\/tunisie\/#website\"},\"primaryImageOfPage\":{\"@id\":\"https:\/\/kapitalis.com\/tunisie\/2018\/07\/21\/tahri-a-caid-essebsi-appliquez-larticle-99-de-la-constitution\/#primaryimage\"},\"image\":{\"@id\":\"https:\/\/kapitalis.com\/tunisie\/2018\/07\/21\/tahri-a-caid-essebsi-appliquez-larticle-99-de-la-constitution\/#primaryimage\"},\"thumbnailUrl\":\"\",\"datePublished\":\"2018-07-21T14:27:05+00:00\",\"breadcrumb\":{\"@id\":\"https:\/\/kapitalis.com\/tunisie\/2018\/07\/21\/tahri-a-caid-essebsi-appliquez-larticle-99-de-la-constitution\/#breadcrumb\"},\"inLanguage\":\"fr-FR\",\"potentialAction\":[{\"@type\":\"ReadAction\",\"target\":[\"https:\/\/kapitalis.com\/tunisie\/2018\/07\/21\/tahri-a-caid-essebsi-appliquez-larticle-99-de-la-constitution\/\"]}]},{\"@type\":\"ImageObject\",\"inLanguage\":\"fr-FR\",\"@id\":\"https:\/\/kapitalis.com\/tunisie\/2018\/07\/21\/tahri-a-caid-essebsi-appliquez-larticle-99-de-la-constitution\/#primaryimage\",\"url\":\"\",\"contentUrl\":\"\"},{\"@type\":\"BreadcrumbList\",\"@id\":\"https:\/\/kapitalis.com\/tunisie\/2018\/07\/21\/tahri-a-caid-essebsi-appliquez-larticle-99-de-la-constitution\/#breadcrumb\",\"itemListElement\":[{\"@type\":\"ListItem\",\"position\":1,\"name\":\"Accueil\",\"item\":\"https:\/\/kapitalis.com\/tunisie\/\"},{\"@type\":\"ListItem\",\"position\":2,\"name\":\"Tahri appelle Ca\u00efd Essebsi \u00e0 actionner l&rsquo;article 99 de la constitution\"}]},{\"@type\":\"WebSite\",\"@id\":\"https:\/\/kapitalis.com\/tunisie\/#website\",\"url\":\"https:\/\/kapitalis.com\/tunisie\/\",\"name\":\"Kapitalis\",\"description\":\"L&#039;actualit\u00e9 en Tunisie et dans le monde\",\"publisher\":{\"@id\":\"https:\/\/kapitalis.com\/tunisie\/#organization\"},\"potentialAction\":[{\"@type\":\"SearchAction\",\"target\":{\"@type\":\"EntryPoint\",\"urlTemplate\":\"https:\/\/kapitalis.com\/tunisie\/?s={search_term_string}\"},\"query-input\":{\"@type\":\"PropertyValueSpecification\",\"valueRequired\":true,\"valueName\":\"search_term_string\"}}],\"inLanguage\":\"fr-FR\"},{\"@type\":\"Organization\",\"@id\":\"https:\/\/kapitalis.com\/tunisie\/#organization\",\"name\":\"Kapitalis\",\"url\":\"https:\/\/kapitalis.com\/tunisie\/\",\"logo\":{\"@type\":\"ImageObject\",\"inLanguage\":\"fr-FR\",\"@id\":\"https:\/\/kapitalis.com\/tunisie\/#\/schema\/logo\/image\/\",\"url\":\"https:\/\/kapitalis.com\/tunisie\/wp-content\/uploads\/2022\/05\/Kapitalis-big-size.png\",\"contentUrl\":\"https:\/\/kapitalis.com\/tunisie\/wp-content\/uploads\/2022\/05\/Kapitalis-big-size.png\",\"width\":5000,\"height\":1500,\"caption\":\"Kapitalis\"},\"image\":{\"@id\":\"https:\/\/kapitalis.com\/tunisie\/#\/schema\/logo\/image\/\"},\"sameAs\":[\"https:\/\/www.facebook.com\/KapitalisInfo\/\",\"https:\/\/x.com\/KapitalisInfo\",\"https:\/\/www.youtube.com\/channel\/UC-yDYrHyfFBWWZaOw3FPg9Q\"]},{\"@type\":\"Person\",\"@id\":\"https:\/\/kapitalis.com\/tunisie\/#\/schema\/person\/2c6e134b2f3369dffcd1daf5f087d28b\",\"name\":\"emna benabdallah\",\"url\":\"https:\/\/kapitalis.com\/tunisie\/author\/emna\/\"}]}<\/script>\n<!-- \/ Yoast SEO plugin. -->","yoast_head_json":{"title":"Tahri appelle Ca\u00efd Essebsi \u00e0 actionner l'article 99 de la constitution - Kapitalis","robots":{"index":"index","follow":"follow","max-snippet":"max-snippet:-1","max-image-preview":"max-image-preview:large","max-video-preview":"max-video-preview:-1"},"canonical":"https:\/\/kapitalis.com\/tunisie\/2018\/07\/21\/tahri-a-caid-essebsi-appliquez-larticle-99-de-la-constitution\/","og_locale":"fr_FR","og_type":"article","og_title":"Tahri appelle Ca\u00efd Essebsi \u00e0 actionner l'article 99 de la constitution - Kapitalis","og_description":"Sami Tahri, secr\u00e9taire g\u00e9n\u00e9ral de l&rsquo;Union g\u00e9n\u00e9rale tunisienne du travail (UGTT), le chef du gouvernement, appelle, lui aussi, Youssef Chahed, \u00e0 d\u00e9missionner ou \u00e0 aller au parlement pour avoir un nouveau vote de confiance.","og_url":"https:\/\/kapitalis.com\/tunisie\/2018\/07\/21\/tahri-a-caid-essebsi-appliquez-larticle-99-de-la-constitution\/","og_site_name":"Kapitalis","article_publisher":"https:\/\/www.facebook.com\/KapitalisInfo\/","article_published_time":"2018-07-21T14:27:05+00:00","og_image":[{"width":1200,"height":630,"url":"https:\/\/kapitalis.com\/tunisie\/wp-content\/uploads\/2022\/05\/kapitalis-logo-fb.png","type":"image\/png"}],"author":"emna benabdallah","twitter_card":"summary_large_image","twitter_creator":"@KapitalisInfo","twitter_site":"@KapitalisInfo","twitter_misc":{"\u00c9crit par":"emna benabdallah","Dur\u00e9e de lecture estim\u00e9e":"2 minutes"},"schema":{"@context":"https:\/\/schema.org","@graph":[{"@type":"Article","@id":"https:\/\/kapitalis.com\/tunisie\/2018\/07\/21\/tahri-a-caid-essebsi-appliquez-larticle-99-de-la-constitution\/#article","isPartOf":{"@id":"https:\/\/kapitalis.com\/tunisie\/2018\/07\/21\/tahri-a-caid-essebsi-appliquez-larticle-99-de-la-constitution\/"},"author":{"name":"emna benabdallah","@id":"https:\/\/kapitalis.com\/tunisie\/#\/schema\/person\/2c6e134b2f3369dffcd1daf5f087d28b"},"headline":"Tahri appelle Ca\u00efd Essebsi \u00e0 actionner l&rsquo;article 99 de la constitution","datePublished":"2018-07-21T14:27:05+00:00","mainEntityOfPage":{"@id":"https:\/\/kapitalis.com\/tunisie\/2018\/07\/21\/tahri-a-caid-essebsi-appliquez-larticle-99-de-la-constitution\/"},"wordCount":463,"commentCount":5,"publisher":{"@id":"https:\/\/kapitalis.com\/tunisie\/#organization"},"image":{"@id":"https:\/\/kapitalis.com\/tunisie\/2018\/07\/21\/tahri-a-caid-essebsi-appliquez-larticle-99-de-la-constitution\/#primaryimage"},"thumbnailUrl":"","keywords":["B\u00e9ji Ca\u00efd Essebsi","Hammamet","INLUCC","Sami Tahri","UGTT"],"articleSection":["POLITIQUE","Tunisie"],"inLanguage":"fr-FR","potentialAction":[{"@type":"CommentAction","name":"Comment","target":["https:\/\/kapitalis.com\/tunisie\/2018\/07\/21\/tahri-a-caid-essebsi-appliquez-larticle-99-de-la-constitution\/#respond"]}]},{"@type":"WebPage","@id":"https:\/\/kapitalis.com\/tunisie\/2018\/07\/21\/tahri-a-caid-essebsi-appliquez-larticle-99-de-la-constitution\/","url":"https:\/\/kapitalis.com\/tunisie\/2018\/07\/21\/tahri-a-caid-essebsi-appliquez-larticle-99-de-la-constitution\/","name":"Tahri appelle Ca\u00efd Essebsi \u00e0 actionner l'article 99 de la constitution - Kapitalis","isPartOf":{"@id":"https:\/\/kapitalis.com\/tunisie\/#website"},"primaryImageOfPage":{"@id":"https:\/\/kapitalis.com\/tunisie\/2018\/07\/21\/tahri-a-caid-essebsi-appliquez-larticle-99-de-la-constitution\/#primaryimage"},"image":{"@id":"https:\/\/kapitalis.com\/tunisie\/2018\/07\/21\/tahri-a-caid-essebsi-appliquez-larticle-99-de-la-constitution\/#primaryimage"},"thumbnailUrl":"","datePublished":"2018-07-21T14:27:05+00:00","breadcrumb":{"@id":"https:\/\/kapitalis.com\/tunisie\/2018\/07\/21\/tahri-a-caid-essebsi-appliquez-larticle-99-de-la-constitution\/#breadcrumb"},"inLanguage":"fr-FR","potentialAction":[{"@type":"ReadAction","target":["https:\/\/kapitalis.com\/tunisie\/2018\/07\/21\/tahri-a-caid-essebsi-appliquez-larticle-99-de-la-constitution\/"]}]},{"@type":"ImageObject","inLanguage":"fr-FR","@id":"https:\/\/kapitalis.com\/tunisie\/2018\/07\/21\/tahri-a-caid-essebsi-appliquez-larticle-99-de-la-constitution\/#primaryimage","url":"","contentUrl":""},{"@type":"BreadcrumbList","@id":"https:\/\/kapitalis.com\/tunisie\/2018\/07\/21\/tahri-a-caid-essebsi-appliquez-larticle-99-de-la-constitution\/#breadcrumb","itemListElement":[{"@type":"ListItem","position":1,"name":"Accueil","item":"https:\/\/kapitalis.com\/tunisie\/"},{"@type":"ListItem","position":2,"name":"Tahri appelle Ca\u00efd Essebsi \u00e0 actionner l&rsquo;article 99 de la constitution"}]},{"@type":"WebSite","@id":"https:\/\/kapitalis.com\/tunisie\/#website","url":"https:\/\/kapitalis.com\/tunisie\/","name":"Kapitalis","description":"L&#039;actualit\u00e9 en Tunisie et dans le monde","publisher":{"@id":"https:\/\/kapitalis.com\/tunisie\/#organization"},"potentialAction":[{"@type":"SearchAction","target":{"@type":"EntryPoint","urlTemplate":"https:\/\/kapitalis.com\/tunisie\/?s={search_term_string}"},"query-input":{"@type":"PropertyValueSpecification","valueRequired":true,"valueName":"search_term_string"}}],"inLanguage":"fr-FR"},{"@type":"Organization","@id":"https:\/\/kapitalis.com\/tunisie\/#organization","name":"Kapitalis","url":"https:\/\/kapitalis.com\/tunisie\/","logo":{"@type":"ImageObject","inLanguage":"fr-FR","@id":"https:\/\/kapitalis.com\/tunisie\/#\/schema\/logo\/image\/","url":"https:\/\/kapitalis.com\/tunisie\/wp-content\/uploads\/2022\/05\/Kapitalis-big-size.png","contentUrl":"https:\/\/kapitalis.com\/tunisie\/wp-content\/uploads\/2022\/05\/Kapitalis-big-size.png","width":5000,"height":1500,"caption":"Kapitalis"},"image":{"@id":"https:\/\/kapitalis.com\/tunisie\/#\/schema\/logo\/image\/"},"sameAs":["https:\/\/www.facebook.com\/KapitalisInfo\/","https:\/\/x.com\/KapitalisInfo","https:\/\/www.youtube.com\/channel\/UC-yDYrHyfFBWWZaOw3FPg9Q"]},{"@type":"Person","@id":"https:\/\/kapitalis.com\/tunisie\/#\/schema\/person\/2c6e134b2f3369dffcd1daf5f087d28b","name":"emna benabdallah","url":"https:\/\/kapitalis.com\/tunisie\/author\/emna\/"}]}},"_links":{"self":[{"href":"https:\/\/kapitalis.com\/tunisie\/wp-json\/wp\/v2\/posts\/165886","targetHints":{"allow":["GET"]}}],"collection":[{"href":"https:\/\/kapitalis.com\/tunisie\/wp-json\/wp\/v2\/posts"}],"about":[{"href":"https:\/\/kapitalis.com\/tunisie\/wp-json\/wp\/v2\/types\/post"}],"author":[{"embeddable":true,"href":"https:\/\/kapitalis.com\/tunisie\/wp-json\/wp\/v2\/users\/16"}],"replies":[{"embeddable":true,"href":"https:\/\/kapitalis.com\/tunisie\/wp-json\/wp\/v2\/comments?post=165886"}],"version-history":[{"count":0,"href":"https:\/\/kapitalis.com\/tunisie\/wp-json\/wp\/v2\/posts\/165886\/revisions"}],"wp:featuredmedia":[{"embeddable":true,"href":"https:\/\/kapitalis.com\/tunisie\/wp-json\/wp\/v2\/media\/165896"}],"wp:attachment":[{"href":"https:\/\/kapitalis.com\/tunisie\/wp-json\/wp\/v2\/media?parent=165886"}],"wp:term":[{"taxonomy":"category","embeddable":true,"href":"https:\/\/kapitalis.com\/tunisie\/wp-json\/wp\/v2\/categories?post=165886"},{"taxonomy":"post_tag","embeddable":true,"href":"https:\/\/kapitalis.com\/tunisie\/wp-json\/wp\/v2\/tags?post=165886"}],"curies":[{"name":"wp","href":"https:\/\/api.w.org\/{rel}","templated":true}]}}