{"id":166055,"date":"2018-07-23T10:13:06","date_gmt":"2018-07-23T09:13:06","guid":{"rendered":"http:\/\/kapitalis.com\/tunisie\/?p=166055"},"modified":"2018-07-23T10:13:06","modified_gmt":"2018-07-23T09:13:06","slug":"logistique-interet-italien-pour-le-port-commercial-de-zarzis","status":"publish","type":"post","link":"https:\/\/kapitalis.com\/tunisie\/2018\/07\/23\/logistique-interet-italien-pour-le-port-commercial-de-zarzis\/","title":{"rendered":"Logistique : Int\u00e9r\u00eat italien pour le port commercial de Zarzis"},"content":{"rendered":"<p style=\"text-align: center;\"><img loading=\"lazy\" decoding=\"async\" class=\"alignnone size-full wp-image-166056\" src=\"http:\/\/kapitalis.com\/tunisie\/wp-content\/uploads\/2018\/07\/Port-de-Zarzis.jpg\" alt=\"\" width=\"626\" height=\"380\" \/><\/p>\n<p><em><strong>Depuis le dragage du port commercial de Zarzis (Medenine) et l\u2019ouverture d\u2019une ligne maritime entre ce port et la France en 2017, cet ouvrage et sa zone logistique en cours d\u2019am\u00e9nagement commencent \u00e0 int\u00e9resser plus d\u2019un investisseur \u00e9tranger.<\/strong><\/em><\/p>\n<p><!--more--><\/p>\n<p>Pour preuve, au cours d\u2019une r\u00e9union tenue il y a une semaine au si\u00e8ge du port, les autorit\u00e9s portuaires et administratives r\u00e9gionales au grand complet ont examin\u00e9 deux projets de liaisons maritimes hebdomadaires avec deux ports italiens, en l\u2019occurrence Marina di Carrara sur la mer de Ligurie (fronti\u00e8re maritime avec la France) et Cagliari (port de Sardaigne).<\/p>\n<p>Selon nos informations, le minist\u00e8re a donn\u00e9 son accord de principe pour l\u2019ouverture de ces deux lignes.<\/p>\n<p>Au rayon de l\u2019activit\u00e9 \u00e9conomique, la r\u00e9union a examin\u00e9 l\u2019offre de services de l\u2019\u00e9quipementier portuaire italien Procargo line. Cette entreprise est sp\u00e9cialis\u00e9e dans l\u2019import-export. Elle propose un syst\u00e8me innovant d\u2019embarquement et de d\u00e9barquement par cassettes et translifter. Et g\u00e8re d\u00e9j\u00e0 une ligne bi-hebdomadaire entre Sousse, Sfax et marina di Carrara, via Cagliari.<\/p>\n<p>Cette r\u00e9union a, semble-t-il, occult\u00e9 l\u2019offre d\u2019investisseurs chinois qui ont propos\u00e9 tout un package de projets logistiques et d\u2019infrastructure : un pont qui relierait El-Jorf de Boughrara \u00e0 la d\u00e9l\u00e9gation d\u2019Ajim \u00e0 Djerba, un p\u00f4le technologique, une liaison ferroviaire Medenine-Zarzis (70 km), am\u00e9nagement d\u2019une zone logistique \u00e0 Ben Guerdane, d\u00e9veloppement du p\u00f4le d\u2019activit\u00e9s \u00e9conomiques de Zarzis\u2026<\/p>\n<p>Lors d\u2019une r\u00e9cente visite \u00e0 Zarzis, Radhouane Ayara, ministre du Transport, a d\u00e9clar\u00e9 que, selon la proc\u00e9dure en usage, le Conseil sup\u00e9rieur de l\u2019investissement examinera, prochainement, toutes ces offres.<\/p>\n<p>Cet int\u00e9r\u00eat des investisseurs \u00e9trangers pour le d\u00e9veloppement d\u2019une zone logistique autour du port de Zarzis n\u2019est pas pass\u00e9 inaper\u00e7u. Il a \u00e9clips\u00e9 les cogitations sur le Port en eau profonde d\u2019Enfidha et incit\u00e9 la <em>\u00abcamorra\u00bb<\/em> politico financi\u00e8re qui g\u00e8re le port de Rad\u00e8s \u00e0 communiquer, ces derniers jours, des r\u00e9sultats positifs.<\/p>\n<p>Ainsi, selon les autorit\u00e9s de ce port sp\u00e9cialis\u00e9 dans le trafic de conteneurs (76% du trafic national) et unit\u00e9s roulantes (80%), aucun cas de navire en rade n\u2019a \u00e9t\u00e9 enregistr\u00e9 en cette fin de mois de juillet 2018.<\/p>\n<p>Tant mieux et vive la concurrence en attendant une strat\u00e9gie coh\u00e9rente pour le d\u00e9veloppement, sur un pied d\u2019\u00e9galit\u00e9, des six ports commerciaux du pays.<\/p>\n<p style=\"text-align: right;\"><strong>Kh\u00e9maies Krimi<\/strong><\/p>\n<blockquote class=\"wp-embedded-content\" data-secret=\"BwlE1hqdh8\"><p><a href=\"https:\/\/kapitalis.com\/tunisie\/2018\/01\/29\/logistique-portuaire-choses-bougent-port-denfidha\/\">Logistique portuaire : Les choses bougent pour le port d&rsquo;Enfidha<\/a><\/p><\/blockquote>\n<p><iframe loading=\"lazy\" class=\"wp-embedded-content\" sandbox=\"allow-scripts\" security=\"restricted\" style=\"position: absolute; clip: rect(1px, 1px, 1px, 1px);\" title=\"\u00ab\u00a0Logistique portuaire : Les choses bougent pour le port d&rsquo;Enfidha\u00a0\u00bb &#8212; Kapitalis\" src=\"https:\/\/kapitalis.com\/tunisie\/2018\/01\/29\/logistique-portuaire-choses-bougent-port-denfidha\/embed\/#?secret=UQijauMITM#?secret=BwlE1hqdh8\" data-secret=\"BwlE1hqdh8\" width=\"600\" height=\"338\" frameborder=\"0\" marginwidth=\"0\" marginheight=\"0\" scrolling=\"no\"><\/iframe><\/p>\n<blockquote class=\"wp-embedded-content\" data-secret=\"MbbKVK6rZv\"><p><a href=\"https:\/\/kapitalis.com\/tunisie\/2017\/12\/28\/logistique-portuaire-des-decisions-gouvernementales-tres-discutables\/\">Logistique portuaire : Des d\u00e9cisions gouvernementales tr\u00e8s discutables<\/a><\/p><\/blockquote>\n<p><iframe loading=\"lazy\" class=\"wp-embedded-content\" sandbox=\"allow-scripts\" security=\"restricted\" style=\"position: absolute; clip: rect(1px, 1px, 1px, 1px);\" title=\"\u00ab\u00a0Logistique portuaire : Des d\u00e9cisions gouvernementales tr\u00e8s discutables\u00a0\u00bb &#8212; Kapitalis\" src=\"https:\/\/kapitalis.com\/tunisie\/2017\/12\/28\/logistique-portuaire-des-decisions-gouvernementales-tres-discutables\/embed\/#?secret=3auQWCVeuC#?secret=MbbKVK6rZv\" data-secret=\"MbbKVK6rZv\" width=\"600\" height=\"338\" frameborder=\"0\" marginwidth=\"0\" marginheight=\"0\" scrolling=\"no\"><\/iframe><\/p>\n","protected":false},"excerpt":{"rendered":"<p>Depuis le dragage du port commercial de Zarzis (Medenine) et l\u2019ouverture d\u2019une ligne maritime entre ce port et la France en 2017, cet ouvrage et sa zone logistique en cours d\u2019am\u00e9nagement commencent \u00e0 int\u00e9resser plus d\u2019un investisseur \u00e9tranger.<\/p>\n","protected":false},"author":8,"featured_media":166056,"comment_status":"open","ping_status":"open","sticky":false,"template":"","format":"standard","meta":{"footnotes":""},"categories":[995,2433],"tags":[5076,591,5659,27847],"class_list":["post-166055","post","type-post","status-publish","format-standard","has-post-thumbnail","hentry","category-economie","category-tunisie","tag-cagliari","tag-medenine","tag-port-de-rades","tag-radhouane-ayara"],"yoast_head":"<!-- This site is optimized with the Yoast SEO plugin v26.6 - https:\/\/yoast.com\/wordpress\/plugins\/seo\/ -->\n<title>Logistique : Int\u00e9r\u00eat italien pour le port commercial de Zarzis - Kapitalis<\/title>\n<meta name=\"robots\" content=\"index, follow, max-snippet:-1, max-image-preview:large, max-video-preview:-1\" \/>\n<link rel=\"canonical\" href=\"https:\/\/kapitalis.com\/tunisie\/2018\/07\/23\/logistique-interet-italien-pour-le-port-commercial-de-zarzis\/\" \/>\n<meta property=\"og:locale\" content=\"fr_FR\" \/>\n<meta property=\"og:type\" content=\"article\" \/>\n<meta property=\"og:title\" content=\"Logistique : Int\u00e9r\u00eat italien pour le port commercial de Zarzis - Kapitalis\" \/>\n<meta property=\"og:description\" content=\"Depuis le dragage du port commercial de Zarzis (Medenine) et l\u2019ouverture d\u2019une ligne maritime entre ce port et la France en 2017, cet ouvrage et sa zone logistique en cours d\u2019am\u00e9nagement commencent \u00e0 int\u00e9resser plus d\u2019un investisseur \u00e9tranger.\" \/>\n<meta property=\"og:url\" content=\"https:\/\/kapitalis.com\/tunisie\/2018\/07\/23\/logistique-interet-italien-pour-le-port-commercial-de-zarzis\/\" \/>\n<meta property=\"og:site_name\" content=\"Kapitalis\" \/>\n<meta property=\"article:publisher\" content=\"https:\/\/www.facebook.com\/KapitalisInfo\/\" \/>\n<meta property=\"article:published_time\" content=\"2018-07-23T09:13:06+00:00\" \/>\n<meta property=\"og:image\" content=\"https:\/\/kapitalis.com\/tunisie\/wp-content\/uploads\/2022\/05\/kapitalis-logo-fb.png\" \/>\n\t<meta property=\"og:image:width\" content=\"1200\" \/>\n\t<meta property=\"og:image:height\" content=\"630\" \/>\n\t<meta property=\"og:image:type\" content=\"image\/png\" \/>\n<meta name=\"author\" content=\"webmaster kapitalis\" \/>\n<meta name=\"twitter:card\" content=\"summary_large_image\" \/>\n<meta name=\"twitter:creator\" content=\"@KapitalisInfo\" \/>\n<meta name=\"twitter:site\" content=\"@KapitalisInfo\" \/>\n<meta name=\"twitter:label1\" content=\"\u00c9crit par\" \/>\n\t<meta name=\"twitter:data1\" content=\"webmaster kapitalis\" \/>\n\t<meta name=\"twitter:label2\" content=\"Dur\u00e9e de lecture estim\u00e9e\" \/>\n\t<meta name=\"twitter:data2\" content=\"2 minutes\" \/>\n<script type=\"application\/ld+json\" class=\"yoast-schema-graph\">{\"@context\":\"https:\/\/schema.org\",\"@graph\":[{\"@type\":\"Article\",\"@id\":\"https:\/\/kapitalis.com\/tunisie\/2018\/07\/23\/logistique-interet-italien-pour-le-port-commercial-de-zarzis\/#article\",\"isPartOf\":{\"@id\":\"https:\/\/kapitalis.com\/tunisie\/2018\/07\/23\/logistique-interet-italien-pour-le-port-commercial-de-zarzis\/\"},\"author\":{\"name\":\"webmaster kapitalis\",\"@id\":\"https:\/\/kapitalis.com\/tunisie\/#\/schema\/person\/d71f33a9ca44f7bad4698210b480c8e9\"},\"headline\":\"Logistique : Int\u00e9r\u00eat italien pour le port commercial de Zarzis\",\"datePublished\":\"2018-07-23T09:13:06+00:00\",\"mainEntityOfPage\":{\"@id\":\"https:\/\/kapitalis.com\/tunisie\/2018\/07\/23\/logistique-interet-italien-pour-le-port-commercial-de-zarzis\/\"},\"wordCount\":441,\"commentCount\":0,\"publisher\":{\"@id\":\"https:\/\/kapitalis.com\/tunisie\/#organization\"},\"image\":{\"@id\":\"https:\/\/kapitalis.com\/tunisie\/2018\/07\/23\/logistique-interet-italien-pour-le-port-commercial-de-zarzis\/#primaryimage\"},\"thumbnailUrl\":\"\",\"keywords\":[\"Cagliari\",\"Medenine\",\"port de Rades\",\"Radhouane Ayara\"],\"articleSection\":[\"ECONOMIE\",\"Tunisie\"],\"inLanguage\":\"fr-FR\",\"potentialAction\":[{\"@type\":\"CommentAction\",\"name\":\"Comment\",\"target\":[\"https:\/\/kapitalis.com\/tunisie\/2018\/07\/23\/logistique-interet-italien-pour-le-port-commercial-de-zarzis\/#respond\"]}]},{\"@type\":\"WebPage\",\"@id\":\"https:\/\/kapitalis.com\/tunisie\/2018\/07\/23\/logistique-interet-italien-pour-le-port-commercial-de-zarzis\/\",\"url\":\"https:\/\/kapitalis.com\/tunisie\/2018\/07\/23\/logistique-interet-italien-pour-le-port-commercial-de-zarzis\/\",\"name\":\"Logistique : Int\u00e9r\u00eat italien pour le port commercial de Zarzis - Kapitalis\",\"isPartOf\":{\"@id\":\"https:\/\/kapitalis.com\/tunisie\/#website\"},\"primaryImageOfPage\":{\"@id\":\"https:\/\/kapitalis.com\/tunisie\/2018\/07\/23\/logistique-interet-italien-pour-le-port-commercial-de-zarzis\/#primaryimage\"},\"image\":{\"@id\":\"https:\/\/kapitalis.com\/tunisie\/2018\/07\/23\/logistique-interet-italien-pour-le-port-commercial-de-zarzis\/#primaryimage\"},\"thumbnailUrl\":\"\",\"datePublished\":\"2018-07-23T09:13:06+00:00\",\"breadcrumb\":{\"@id\":\"https:\/\/kapitalis.com\/tunisie\/2018\/07\/23\/logistique-interet-italien-pour-le-port-commercial-de-zarzis\/#breadcrumb\"},\"inLanguage\":\"fr-FR\",\"potentialAction\":[{\"@type\":\"ReadAction\",\"target\":[\"https:\/\/kapitalis.com\/tunisie\/2018\/07\/23\/logistique-interet-italien-pour-le-port-commercial-de-zarzis\/\"]}]},{\"@type\":\"ImageObject\",\"inLanguage\":\"fr-FR\",\"@id\":\"https:\/\/kapitalis.com\/tunisie\/2018\/07\/23\/logistique-interet-italien-pour-le-port-commercial-de-zarzis\/#primaryimage\",\"url\":\"\",\"contentUrl\":\"\"},{\"@type\":\"BreadcrumbList\",\"@id\":\"https:\/\/kapitalis.com\/tunisie\/2018\/07\/23\/logistique-interet-italien-pour-le-port-commercial-de-zarzis\/#breadcrumb\",\"itemListElement\":[{\"@type\":\"ListItem\",\"position\":1,\"name\":\"Accueil\",\"item\":\"https:\/\/kapitalis.com\/tunisie\/\"},{\"@type\":\"ListItem\",\"position\":2,\"name\":\"Logistique : Int\u00e9r\u00eat italien pour le port commercial de Zarzis\"}]},{\"@type\":\"WebSite\",\"@id\":\"https:\/\/kapitalis.com\/tunisie\/#website\",\"url\":\"https:\/\/kapitalis.com\/tunisie\/\",\"name\":\"Kapitalis\",\"description\":\"L&#039;actualit\u00e9 en Tunisie et dans le monde\",\"publisher\":{\"@id\":\"https:\/\/kapitalis.com\/tunisie\/#organization\"},\"potentialAction\":[{\"@type\":\"SearchAction\",\"target\":{\"@type\":\"EntryPoint\",\"urlTemplate\":\"https:\/\/kapitalis.com\/tunisie\/?s={search_term_string}\"},\"query-input\":{\"@type\":\"PropertyValueSpecification\",\"valueRequired\":true,\"valueName\":\"search_term_string\"}}],\"inLanguage\":\"fr-FR\"},{\"@type\":\"Organization\",\"@id\":\"https:\/\/kapitalis.com\/tunisie\/#organization\",\"name\":\"Kapitalis\",\"url\":\"https:\/\/kapitalis.com\/tunisie\/\",\"logo\":{\"@type\":\"ImageObject\",\"inLanguage\":\"fr-FR\",\"@id\":\"https:\/\/kapitalis.com\/tunisie\/#\/schema\/logo\/image\/\",\"url\":\"https:\/\/kapitalis.com\/tunisie\/wp-content\/uploads\/2022\/05\/Kapitalis-big-size.png\",\"contentUrl\":\"https:\/\/kapitalis.com\/tunisie\/wp-content\/uploads\/2022\/05\/Kapitalis-big-size.png\",\"width\":5000,\"height\":1500,\"caption\":\"Kapitalis\"},\"image\":{\"@id\":\"https:\/\/kapitalis.com\/tunisie\/#\/schema\/logo\/image\/\"},\"sameAs\":[\"https:\/\/www.facebook.com\/KapitalisInfo\/\",\"https:\/\/x.com\/KapitalisInfo\",\"https:\/\/www.youtube.com\/channel\/UC-yDYrHyfFBWWZaOw3FPg9Q\"]},{\"@type\":\"Person\",\"@id\":\"https:\/\/kapitalis.com\/tunisie\/#\/schema\/person\/d71f33a9ca44f7bad4698210b480c8e9\",\"name\":\"webmaster kapitalis\",\"url\":\"https:\/\/kapitalis.com\/tunisie\/author\/webmaster-kapitalis\/\"}]}<\/script>\n<!-- \/ Yoast SEO plugin. -->","yoast_head_json":{"title":"Logistique : Int\u00e9r\u00eat italien pour le port commercial de Zarzis - Kapitalis","robots":{"index":"index","follow":"follow","max-snippet":"max-snippet:-1","max-image-preview":"max-image-preview:large","max-video-preview":"max-video-preview:-1"},"canonical":"https:\/\/kapitalis.com\/tunisie\/2018\/07\/23\/logistique-interet-italien-pour-le-port-commercial-de-zarzis\/","og_locale":"fr_FR","og_type":"article","og_title":"Logistique : Int\u00e9r\u00eat italien pour le port commercial de Zarzis - Kapitalis","og_description":"Depuis le dragage du port commercial de Zarzis (Medenine) et l\u2019ouverture d\u2019une ligne maritime entre ce port et la France en 2017, cet ouvrage et sa zone logistique en cours d\u2019am\u00e9nagement commencent \u00e0 int\u00e9resser plus d\u2019un investisseur \u00e9tranger.","og_url":"https:\/\/kapitalis.com\/tunisie\/2018\/07\/23\/logistique-interet-italien-pour-le-port-commercial-de-zarzis\/","og_site_name":"Kapitalis","article_publisher":"https:\/\/www.facebook.com\/KapitalisInfo\/","article_published_time":"2018-07-23T09:13:06+00:00","og_image":[{"width":1200,"height":630,"url":"https:\/\/kapitalis.com\/tunisie\/wp-content\/uploads\/2022\/05\/kapitalis-logo-fb.png","type":"image\/png"}],"author":"webmaster kapitalis","twitter_card":"summary_large_image","twitter_creator":"@KapitalisInfo","twitter_site":"@KapitalisInfo","twitter_misc":{"\u00c9crit par":"webmaster kapitalis","Dur\u00e9e de lecture estim\u00e9e":"2 minutes"},"schema":{"@context":"https:\/\/schema.org","@graph":[{"@type":"Article","@id":"https:\/\/kapitalis.com\/tunisie\/2018\/07\/23\/logistique-interet-italien-pour-le-port-commercial-de-zarzis\/#article","isPartOf":{"@id":"https:\/\/kapitalis.com\/tunisie\/2018\/07\/23\/logistique-interet-italien-pour-le-port-commercial-de-zarzis\/"},"author":{"name":"webmaster kapitalis","@id":"https:\/\/kapitalis.com\/tunisie\/#\/schema\/person\/d71f33a9ca44f7bad4698210b480c8e9"},"headline":"Logistique : Int\u00e9r\u00eat italien pour le port commercial de Zarzis","datePublished":"2018-07-23T09:13:06+00:00","mainEntityOfPage":{"@id":"https:\/\/kapitalis.com\/tunisie\/2018\/07\/23\/logistique-interet-italien-pour-le-port-commercial-de-zarzis\/"},"wordCount":441,"commentCount":0,"publisher":{"@id":"https:\/\/kapitalis.com\/tunisie\/#organization"},"image":{"@id":"https:\/\/kapitalis.com\/tunisie\/2018\/07\/23\/logistique-interet-italien-pour-le-port-commercial-de-zarzis\/#primaryimage"},"thumbnailUrl":"","keywords":["Cagliari","Medenine","port de Rades","Radhouane Ayara"],"articleSection":["ECONOMIE","Tunisie"],"inLanguage":"fr-FR","potentialAction":[{"@type":"CommentAction","name":"Comment","target":["https:\/\/kapitalis.com\/tunisie\/2018\/07\/23\/logistique-interet-italien-pour-le-port-commercial-de-zarzis\/#respond"]}]},{"@type":"WebPage","@id":"https:\/\/kapitalis.com\/tunisie\/2018\/07\/23\/logistique-interet-italien-pour-le-port-commercial-de-zarzis\/","url":"https:\/\/kapitalis.com\/tunisie\/2018\/07\/23\/logistique-interet-italien-pour-le-port-commercial-de-zarzis\/","name":"Logistique : Int\u00e9r\u00eat italien pour le port commercial de Zarzis - Kapitalis","isPartOf":{"@id":"https:\/\/kapitalis.com\/tunisie\/#website"},"primaryImageOfPage":{"@id":"https:\/\/kapitalis.com\/tunisie\/2018\/07\/23\/logistique-interet-italien-pour-le-port-commercial-de-zarzis\/#primaryimage"},"image":{"@id":"https:\/\/kapitalis.com\/tunisie\/2018\/07\/23\/logistique-interet-italien-pour-le-port-commercial-de-zarzis\/#primaryimage"},"thumbnailUrl":"","datePublished":"2018-07-23T09:13:06+00:00","breadcrumb":{"@id":"https:\/\/kapitalis.com\/tunisie\/2018\/07\/23\/logistique-interet-italien-pour-le-port-commercial-de-zarzis\/#breadcrumb"},"inLanguage":"fr-FR","potentialAction":[{"@type":"ReadAction","target":["https:\/\/kapitalis.com\/tunisie\/2018\/07\/23\/logistique-interet-italien-pour-le-port-commercial-de-zarzis\/"]}]},{"@type":"ImageObject","inLanguage":"fr-FR","@id":"https:\/\/kapitalis.com\/tunisie\/2018\/07\/23\/logistique-interet-italien-pour-le-port-commercial-de-zarzis\/#primaryimage","url":"","contentUrl":""},{"@type":"BreadcrumbList","@id":"https:\/\/kapitalis.com\/tunisie\/2018\/07\/23\/logistique-interet-italien-pour-le-port-commercial-de-zarzis\/#breadcrumb","itemListElement":[{"@type":"ListItem","position":1,"name":"Accueil","item":"https:\/\/kapitalis.com\/tunisie\/"},{"@type":"ListItem","position":2,"name":"Logistique : Int\u00e9r\u00eat italien pour le port commercial de Zarzis"}]},{"@type":"WebSite","@id":"https:\/\/kapitalis.com\/tunisie\/#website","url":"https:\/\/kapitalis.com\/tunisie\/","name":"Kapitalis","description":"L&#039;actualit\u00e9 en Tunisie et dans le monde","publisher":{"@id":"https:\/\/kapitalis.com\/tunisie\/#organization"},"potentialAction":[{"@type":"SearchAction","target":{"@type":"EntryPoint","urlTemplate":"https:\/\/kapitalis.com\/tunisie\/?s={search_term_string}"},"query-input":{"@type":"PropertyValueSpecification","valueRequired":true,"valueName":"search_term_string"}}],"inLanguage":"fr-FR"},{"@type":"Organization","@id":"https:\/\/kapitalis.com\/tunisie\/#organization","name":"Kapitalis","url":"https:\/\/kapitalis.com\/tunisie\/","logo":{"@type":"ImageObject","inLanguage":"fr-FR","@id":"https:\/\/kapitalis.com\/tunisie\/#\/schema\/logo\/image\/","url":"https:\/\/kapitalis.com\/tunisie\/wp-content\/uploads\/2022\/05\/Kapitalis-big-size.png","contentUrl":"https:\/\/kapitalis.com\/tunisie\/wp-content\/uploads\/2022\/05\/Kapitalis-big-size.png","width":5000,"height":1500,"caption":"Kapitalis"},"image":{"@id":"https:\/\/kapitalis.com\/tunisie\/#\/schema\/logo\/image\/"},"sameAs":["https:\/\/www.facebook.com\/KapitalisInfo\/","https:\/\/x.com\/KapitalisInfo","https:\/\/www.youtube.com\/channel\/UC-yDYrHyfFBWWZaOw3FPg9Q"]},{"@type":"Person","@id":"https:\/\/kapitalis.com\/tunisie\/#\/schema\/person\/d71f33a9ca44f7bad4698210b480c8e9","name":"webmaster kapitalis","url":"https:\/\/kapitalis.com\/tunisie\/author\/webmaster-kapitalis\/"}]}},"_links":{"self":[{"href":"https:\/\/kapitalis.com\/tunisie\/wp-json\/wp\/v2\/posts\/166055","targetHints":{"allow":["GET"]}}],"collection":[{"href":"https:\/\/kapitalis.com\/tunisie\/wp-json\/wp\/v2\/posts"}],"about":[{"href":"https:\/\/kapitalis.com\/tunisie\/wp-json\/wp\/v2\/types\/post"}],"author":[{"embeddable":true,"href":"https:\/\/kapitalis.com\/tunisie\/wp-json\/wp\/v2\/users\/8"}],"replies":[{"embeddable":true,"href":"https:\/\/kapitalis.com\/tunisie\/wp-json\/wp\/v2\/comments?post=166055"}],"version-history":[{"count":0,"href":"https:\/\/kapitalis.com\/tunisie\/wp-json\/wp\/v2\/posts\/166055\/revisions"}],"wp:featuredmedia":[{"embeddable":true,"href":"https:\/\/kapitalis.com\/tunisie\/wp-json\/wp\/v2\/media\/166056"}],"wp:attachment":[{"href":"https:\/\/kapitalis.com\/tunisie\/wp-json\/wp\/v2\/media?parent=166055"}],"wp:term":[{"taxonomy":"category","embeddable":true,"href":"https:\/\/kapitalis.com\/tunisie\/wp-json\/wp\/v2\/categories?post=166055"},{"taxonomy":"post_tag","embeddable":true,"href":"https:\/\/kapitalis.com\/tunisie\/wp-json\/wp\/v2\/tags?post=166055"}],"curies":[{"name":"wp","href":"https:\/\/api.w.org\/{rel}","templated":true}]}}