{"id":166190,"date":"2018-07-24T08:37:38","date_gmt":"2018-07-24T07:37:38","guid":{"rendered":"http:\/\/kapitalis.com\/tunisie\/?p=166190"},"modified":"2018-07-24T08:37:38","modified_gmt":"2018-07-24T07:37:38","slug":"aymen-mathlouthi-signe-pour-deux-ans-au-club-africain","status":"publish","type":"post","link":"https:\/\/kapitalis.com\/tunisie\/2018\/07\/24\/aymen-mathlouthi-signe-pour-deux-ans-au-club-africain\/","title":{"rendered":"Aymen Mathlouthi signe pour deux ans au Club africain"},"content":{"rendered":"<p style=\"text-align: center;\"><img loading=\"lazy\" decoding=\"async\" class=\"alignnone size-full wp-image-166191\" src=\"http:\/\/kapitalis.com\/tunisie\/wp-content\/uploads\/2018\/07\/Aymen-Mathlouthi.jpg\" alt=\"\" width=\"626\" height=\"380\" \/><\/p>\n<p><em><strong>Le Club africain (CA) a sign\u00e9, hier soir, lundi 23 juillet 2018, un contrat de deux ans avec Aymen Mathlouthi, l\u2019ex- gardien international de l\u2019Etoile sportive du Sahel (ESS).<\/strong><\/em><\/p>\n<p><!--more--><\/p>\n<p>Pour le portier tunisien de 34 ans, qui a sign\u00e9 sa premi\u00e8re licence minime \u00e0 la JS El Omrane, c\u2019est un retour \u00e0 sa premi\u00e8re \u00e9quipe qui l\u2019a form\u00e9 pendant 8 ans et qu\u2019il a quitt\u00e9, \u00e0 19 ans, en juillet 2003, pour rejoindre l\u2019ESS o\u00f9 il se construit, pendant 15 ans, un riche palmar\u00e8s, avant de quitter l\u2019ESS en janvier dernier, pour une pige de six mois au <a href=\"http:\/\/kapitalis.com\/tunisie\/2018\/03\/10\/championnat-saoudien-aymen-mathlouthi-encaisse-16-buts-en-6-matches\/\">club saoudien d\u2019Al Batin<\/a>. Une premi\u00e8re exp\u00e9rience professionnelle en dehors de la Tunisie qui tourna court.<\/p>\n<p>Le CA a opt\u00e9 pour un gardien d\u2019exp\u00e9rience afin d\u2019encadrer deux jeunes gardiens, Seifeddine Charfi et Ghaith Yefreni, Atef Dkhili n\u2019\u00e9tant pas en mesure de reprendre la comp\u00e9tition apr\u00e8s une longue convalescence cons\u00e9cutive \u00e0 des blessures graves au visage.<\/p>\n<p>Aymen Mathlouthi n\u2019a pas arr\u00eat\u00e9 l\u2019entra\u00eenement priv\u00e9 depuis son retour de la Coupe du monde en Russie.<\/p>\n<p>Son arriv\u00e9e \u00e9tant d\u00e9sormais officielle, il int\u00e9grera le groupe clubiste cette semaine et serait probable en match amical face au club turc de Galatasaray. Cette rencontre aura lieu au stade de Rades, le 28 juillet, \u00e0 partir de 20h.<\/p>\n<p>Ce retour en championnat de Tunisie via le Club africain serait-il pour ce joueur une opportunit\u00e9 de rebondir dans la perspective\u2026 de la coupe d\u2019Afrique des nations 2019 ?<\/p>\n<p style=\"text-align: right;\"><strong>H. M.<\/strong><\/p>\n<blockquote class=\"wp-embedded-content\" data-secret=\"qNy6RFoXzV\"><p><a href=\"https:\/\/kapitalis.com\/tunisie\/2018\/06\/10\/tunisie-espagne-le-retour-surprise-de-aymen-mathlouthi\/\">Tunisie-Espagne : Le retour surprise de Aymen Mathlouthi<\/a><\/p><\/blockquote>\n<p><iframe loading=\"lazy\" class=\"wp-embedded-content\" sandbox=\"allow-scripts\" security=\"restricted\" style=\"position: absolute; clip: rect(1px, 1px, 1px, 1px);\" title=\"\u00ab\u00a0Tunisie-Espagne : Le retour surprise de Aymen Mathlouthi\u00a0\u00bb &#8212; Kapitalis\" src=\"https:\/\/kapitalis.com\/tunisie\/2018\/06\/10\/tunisie-espagne-le-retour-surprise-de-aymen-mathlouthi\/embed\/#?secret=a5fi5GJNHs#?secret=qNy6RFoXzV\" data-secret=\"qNy6RFoXzV\" width=\"600\" height=\"338\" frameborder=\"0\" marginwidth=\"0\" marginheight=\"0\" scrolling=\"no\"><\/iframe><\/p>\n<p>&nbsp;<\/p>\n","protected":false},"excerpt":{"rendered":"<p>Le Club africain (CA) a sign\u00e9, hier soir, lundi 23 juillet 2018, un contrat de deux ans avec Aymen Mathlouthi, l\u2019ex- gardien international de l\u2019Etoile sportive du Sahel (ESS).<\/p>\n","protected":false},"author":8,"featured_media":166191,"comment_status":"open","ping_status":"open","sticky":false,"template":"","format":"standard","meta":{"footnotes":""},"categories":[999,2433],"tags":[41543,24859,211,41542],"class_list":["post-166190","post","type-post","status-publish","format-standard","has-post-thumbnail","hentry","category-sport","category-tunisie","tag-atef-dkhili","tag-aymen-mathlouthi","tag-club-africain","tag-seifeddine-charfi"],"yoast_head":"<!-- This site is optimized with the Yoast SEO plugin v26.6 - https:\/\/yoast.com\/wordpress\/plugins\/seo\/ -->\n<title>Aymen Mathlouthi signe pour deux ans au Club africain - Kapitalis<\/title>\n<meta name=\"robots\" content=\"index, follow, max-snippet:-1, max-image-preview:large, max-video-preview:-1\" \/>\n<link rel=\"canonical\" href=\"https:\/\/kapitalis.com\/tunisie\/2018\/07\/24\/aymen-mathlouthi-signe-pour-deux-ans-au-club-africain\/\" \/>\n<meta property=\"og:locale\" content=\"fr_FR\" \/>\n<meta property=\"og:type\" content=\"article\" \/>\n<meta property=\"og:title\" content=\"Aymen Mathlouthi signe pour deux ans au Club africain - Kapitalis\" \/>\n<meta property=\"og:description\" content=\"Le Club africain (CA) a sign\u00e9, hier soir, lundi 23 juillet 2018, un contrat de deux ans avec Aymen Mathlouthi, l\u2019ex- gardien international de l\u2019Etoile sportive du Sahel (ESS).\" \/>\n<meta property=\"og:url\" content=\"https:\/\/kapitalis.com\/tunisie\/2018\/07\/24\/aymen-mathlouthi-signe-pour-deux-ans-au-club-africain\/\" \/>\n<meta property=\"og:site_name\" content=\"Kapitalis\" \/>\n<meta property=\"article:publisher\" content=\"https:\/\/www.facebook.com\/KapitalisInfo\/\" \/>\n<meta property=\"article:published_time\" content=\"2018-07-24T07:37:38+00:00\" \/>\n<meta property=\"og:image\" content=\"https:\/\/kapitalis.com\/tunisie\/wp-content\/uploads\/2022\/05\/kapitalis-logo-fb.png\" \/>\n\t<meta property=\"og:image:width\" content=\"1200\" \/>\n\t<meta property=\"og:image:height\" content=\"630\" \/>\n\t<meta property=\"og:image:type\" content=\"image\/png\" \/>\n<meta name=\"author\" content=\"webmaster kapitalis\" \/>\n<meta name=\"twitter:card\" content=\"summary_large_image\" \/>\n<meta name=\"twitter:creator\" content=\"@KapitalisInfo\" \/>\n<meta name=\"twitter:site\" content=\"@KapitalisInfo\" \/>\n<meta name=\"twitter:label1\" content=\"\u00c9crit par\" \/>\n\t<meta name=\"twitter:data1\" content=\"webmaster kapitalis\" \/>\n\t<meta name=\"twitter:label2\" content=\"Dur\u00e9e de lecture estim\u00e9e\" \/>\n\t<meta name=\"twitter:data2\" content=\"1 minute\" \/>\n<script type=\"application\/ld+json\" class=\"yoast-schema-graph\">{\"@context\":\"https:\/\/schema.org\",\"@graph\":[{\"@type\":\"Article\",\"@id\":\"https:\/\/kapitalis.com\/tunisie\/2018\/07\/24\/aymen-mathlouthi-signe-pour-deux-ans-au-club-africain\/#article\",\"isPartOf\":{\"@id\":\"https:\/\/kapitalis.com\/tunisie\/2018\/07\/24\/aymen-mathlouthi-signe-pour-deux-ans-au-club-africain\/\"},\"author\":{\"name\":\"webmaster kapitalis\",\"@id\":\"https:\/\/kapitalis.com\/tunisie\/#\/schema\/person\/d71f33a9ca44f7bad4698210b480c8e9\"},\"headline\":\"Aymen Mathlouthi signe pour deux ans au Club africain\",\"datePublished\":\"2018-07-24T07:37:38+00:00\",\"mainEntityOfPage\":{\"@id\":\"https:\/\/kapitalis.com\/tunisie\/2018\/07\/24\/aymen-mathlouthi-signe-pour-deux-ans-au-club-africain\/\"},\"wordCount\":268,\"commentCount\":0,\"publisher\":{\"@id\":\"https:\/\/kapitalis.com\/tunisie\/#organization\"},\"image\":{\"@id\":\"https:\/\/kapitalis.com\/tunisie\/2018\/07\/24\/aymen-mathlouthi-signe-pour-deux-ans-au-club-africain\/#primaryimage\"},\"thumbnailUrl\":\"\",\"keywords\":[\"Atef Dkhili\",\"Aymen Mathlouthi\",\"Club Africain\",\"Seifeddine Charfi\"],\"articleSection\":[\"SPORT\",\"Tunisie\"],\"inLanguage\":\"fr-FR\",\"potentialAction\":[{\"@type\":\"CommentAction\",\"name\":\"Comment\",\"target\":[\"https:\/\/kapitalis.com\/tunisie\/2018\/07\/24\/aymen-mathlouthi-signe-pour-deux-ans-au-club-africain\/#respond\"]}]},{\"@type\":\"WebPage\",\"@id\":\"https:\/\/kapitalis.com\/tunisie\/2018\/07\/24\/aymen-mathlouthi-signe-pour-deux-ans-au-club-africain\/\",\"url\":\"https:\/\/kapitalis.com\/tunisie\/2018\/07\/24\/aymen-mathlouthi-signe-pour-deux-ans-au-club-africain\/\",\"name\":\"Aymen Mathlouthi signe pour deux ans au Club africain - Kapitalis\",\"isPartOf\":{\"@id\":\"https:\/\/kapitalis.com\/tunisie\/#website\"},\"primaryImageOfPage\":{\"@id\":\"https:\/\/kapitalis.com\/tunisie\/2018\/07\/24\/aymen-mathlouthi-signe-pour-deux-ans-au-club-africain\/#primaryimage\"},\"image\":{\"@id\":\"https:\/\/kapitalis.com\/tunisie\/2018\/07\/24\/aymen-mathlouthi-signe-pour-deux-ans-au-club-africain\/#primaryimage\"},\"thumbnailUrl\":\"\",\"datePublished\":\"2018-07-24T07:37:38+00:00\",\"breadcrumb\":{\"@id\":\"https:\/\/kapitalis.com\/tunisie\/2018\/07\/24\/aymen-mathlouthi-signe-pour-deux-ans-au-club-africain\/#breadcrumb\"},\"inLanguage\":\"fr-FR\",\"potentialAction\":[{\"@type\":\"ReadAction\",\"target\":[\"https:\/\/kapitalis.com\/tunisie\/2018\/07\/24\/aymen-mathlouthi-signe-pour-deux-ans-au-club-africain\/\"]}]},{\"@type\":\"ImageObject\",\"inLanguage\":\"fr-FR\",\"@id\":\"https:\/\/kapitalis.com\/tunisie\/2018\/07\/24\/aymen-mathlouthi-signe-pour-deux-ans-au-club-africain\/#primaryimage\",\"url\":\"\",\"contentUrl\":\"\"},{\"@type\":\"BreadcrumbList\",\"@id\":\"https:\/\/kapitalis.com\/tunisie\/2018\/07\/24\/aymen-mathlouthi-signe-pour-deux-ans-au-club-africain\/#breadcrumb\",\"itemListElement\":[{\"@type\":\"ListItem\",\"position\":1,\"name\":\"Accueil\",\"item\":\"https:\/\/kapitalis.com\/tunisie\/\"},{\"@type\":\"ListItem\",\"position\":2,\"name\":\"Aymen Mathlouthi signe pour deux ans au Club africain\"}]},{\"@type\":\"WebSite\",\"@id\":\"https:\/\/kapitalis.com\/tunisie\/#website\",\"url\":\"https:\/\/kapitalis.com\/tunisie\/\",\"name\":\"Kapitalis\",\"description\":\"L&#039;actualit\u00e9 en Tunisie et dans le monde\",\"publisher\":{\"@id\":\"https:\/\/kapitalis.com\/tunisie\/#organization\"},\"potentialAction\":[{\"@type\":\"SearchAction\",\"target\":{\"@type\":\"EntryPoint\",\"urlTemplate\":\"https:\/\/kapitalis.com\/tunisie\/?s={search_term_string}\"},\"query-input\":{\"@type\":\"PropertyValueSpecification\",\"valueRequired\":true,\"valueName\":\"search_term_string\"}}],\"inLanguage\":\"fr-FR\"},{\"@type\":\"Organization\",\"@id\":\"https:\/\/kapitalis.com\/tunisie\/#organization\",\"name\":\"Kapitalis\",\"url\":\"https:\/\/kapitalis.com\/tunisie\/\",\"logo\":{\"@type\":\"ImageObject\",\"inLanguage\":\"fr-FR\",\"@id\":\"https:\/\/kapitalis.com\/tunisie\/#\/schema\/logo\/image\/\",\"url\":\"https:\/\/kapitalis.com\/tunisie\/wp-content\/uploads\/2022\/05\/Kapitalis-big-size.png\",\"contentUrl\":\"https:\/\/kapitalis.com\/tunisie\/wp-content\/uploads\/2022\/05\/Kapitalis-big-size.png\",\"width\":5000,\"height\":1500,\"caption\":\"Kapitalis\"},\"image\":{\"@id\":\"https:\/\/kapitalis.com\/tunisie\/#\/schema\/logo\/image\/\"},\"sameAs\":[\"https:\/\/www.facebook.com\/KapitalisInfo\/\",\"https:\/\/x.com\/KapitalisInfo\",\"https:\/\/www.youtube.com\/channel\/UC-yDYrHyfFBWWZaOw3FPg9Q\"]},{\"@type\":\"Person\",\"@id\":\"https:\/\/kapitalis.com\/tunisie\/#\/schema\/person\/d71f33a9ca44f7bad4698210b480c8e9\",\"name\":\"webmaster kapitalis\",\"url\":\"https:\/\/kapitalis.com\/tunisie\/author\/webmaster-kapitalis\/\"}]}<\/script>\n<!-- \/ Yoast SEO plugin. -->","yoast_head_json":{"title":"Aymen Mathlouthi signe pour deux ans au Club africain - Kapitalis","robots":{"index":"index","follow":"follow","max-snippet":"max-snippet:-1","max-image-preview":"max-image-preview:large","max-video-preview":"max-video-preview:-1"},"canonical":"https:\/\/kapitalis.com\/tunisie\/2018\/07\/24\/aymen-mathlouthi-signe-pour-deux-ans-au-club-africain\/","og_locale":"fr_FR","og_type":"article","og_title":"Aymen Mathlouthi signe pour deux ans au Club africain - Kapitalis","og_description":"Le Club africain (CA) a sign\u00e9, hier soir, lundi 23 juillet 2018, un contrat de deux ans avec Aymen Mathlouthi, l\u2019ex- gardien international de l\u2019Etoile sportive du Sahel (ESS).","og_url":"https:\/\/kapitalis.com\/tunisie\/2018\/07\/24\/aymen-mathlouthi-signe-pour-deux-ans-au-club-africain\/","og_site_name":"Kapitalis","article_publisher":"https:\/\/www.facebook.com\/KapitalisInfo\/","article_published_time":"2018-07-24T07:37:38+00:00","og_image":[{"width":1200,"height":630,"url":"https:\/\/kapitalis.com\/tunisie\/wp-content\/uploads\/2022\/05\/kapitalis-logo-fb.png","type":"image\/png"}],"author":"webmaster kapitalis","twitter_card":"summary_large_image","twitter_creator":"@KapitalisInfo","twitter_site":"@KapitalisInfo","twitter_misc":{"\u00c9crit par":"webmaster kapitalis","Dur\u00e9e de lecture estim\u00e9e":"1 minute"},"schema":{"@context":"https:\/\/schema.org","@graph":[{"@type":"Article","@id":"https:\/\/kapitalis.com\/tunisie\/2018\/07\/24\/aymen-mathlouthi-signe-pour-deux-ans-au-club-africain\/#article","isPartOf":{"@id":"https:\/\/kapitalis.com\/tunisie\/2018\/07\/24\/aymen-mathlouthi-signe-pour-deux-ans-au-club-africain\/"},"author":{"name":"webmaster kapitalis","@id":"https:\/\/kapitalis.com\/tunisie\/#\/schema\/person\/d71f33a9ca44f7bad4698210b480c8e9"},"headline":"Aymen Mathlouthi signe pour deux ans au Club africain","datePublished":"2018-07-24T07:37:38+00:00","mainEntityOfPage":{"@id":"https:\/\/kapitalis.com\/tunisie\/2018\/07\/24\/aymen-mathlouthi-signe-pour-deux-ans-au-club-africain\/"},"wordCount":268,"commentCount":0,"publisher":{"@id":"https:\/\/kapitalis.com\/tunisie\/#organization"},"image":{"@id":"https:\/\/kapitalis.com\/tunisie\/2018\/07\/24\/aymen-mathlouthi-signe-pour-deux-ans-au-club-africain\/#primaryimage"},"thumbnailUrl":"","keywords":["Atef Dkhili","Aymen Mathlouthi","Club Africain","Seifeddine Charfi"],"articleSection":["SPORT","Tunisie"],"inLanguage":"fr-FR","potentialAction":[{"@type":"CommentAction","name":"Comment","target":["https:\/\/kapitalis.com\/tunisie\/2018\/07\/24\/aymen-mathlouthi-signe-pour-deux-ans-au-club-africain\/#respond"]}]},{"@type":"WebPage","@id":"https:\/\/kapitalis.com\/tunisie\/2018\/07\/24\/aymen-mathlouthi-signe-pour-deux-ans-au-club-africain\/","url":"https:\/\/kapitalis.com\/tunisie\/2018\/07\/24\/aymen-mathlouthi-signe-pour-deux-ans-au-club-africain\/","name":"Aymen Mathlouthi signe pour deux ans au Club africain - Kapitalis","isPartOf":{"@id":"https:\/\/kapitalis.com\/tunisie\/#website"},"primaryImageOfPage":{"@id":"https:\/\/kapitalis.com\/tunisie\/2018\/07\/24\/aymen-mathlouthi-signe-pour-deux-ans-au-club-africain\/#primaryimage"},"image":{"@id":"https:\/\/kapitalis.com\/tunisie\/2018\/07\/24\/aymen-mathlouthi-signe-pour-deux-ans-au-club-africain\/#primaryimage"},"thumbnailUrl":"","datePublished":"2018-07-24T07:37:38+00:00","breadcrumb":{"@id":"https:\/\/kapitalis.com\/tunisie\/2018\/07\/24\/aymen-mathlouthi-signe-pour-deux-ans-au-club-africain\/#breadcrumb"},"inLanguage":"fr-FR","potentialAction":[{"@type":"ReadAction","target":["https:\/\/kapitalis.com\/tunisie\/2018\/07\/24\/aymen-mathlouthi-signe-pour-deux-ans-au-club-africain\/"]}]},{"@type":"ImageObject","inLanguage":"fr-FR","@id":"https:\/\/kapitalis.com\/tunisie\/2018\/07\/24\/aymen-mathlouthi-signe-pour-deux-ans-au-club-africain\/#primaryimage","url":"","contentUrl":""},{"@type":"BreadcrumbList","@id":"https:\/\/kapitalis.com\/tunisie\/2018\/07\/24\/aymen-mathlouthi-signe-pour-deux-ans-au-club-africain\/#breadcrumb","itemListElement":[{"@type":"ListItem","position":1,"name":"Accueil","item":"https:\/\/kapitalis.com\/tunisie\/"},{"@type":"ListItem","position":2,"name":"Aymen Mathlouthi signe pour deux ans au Club africain"}]},{"@type":"WebSite","@id":"https:\/\/kapitalis.com\/tunisie\/#website","url":"https:\/\/kapitalis.com\/tunisie\/","name":"Kapitalis","description":"L&#039;actualit\u00e9 en Tunisie et dans le monde","publisher":{"@id":"https:\/\/kapitalis.com\/tunisie\/#organization"},"potentialAction":[{"@type":"SearchAction","target":{"@type":"EntryPoint","urlTemplate":"https:\/\/kapitalis.com\/tunisie\/?s={search_term_string}"},"query-input":{"@type":"PropertyValueSpecification","valueRequired":true,"valueName":"search_term_string"}}],"inLanguage":"fr-FR"},{"@type":"Organization","@id":"https:\/\/kapitalis.com\/tunisie\/#organization","name":"Kapitalis","url":"https:\/\/kapitalis.com\/tunisie\/","logo":{"@type":"ImageObject","inLanguage":"fr-FR","@id":"https:\/\/kapitalis.com\/tunisie\/#\/schema\/logo\/image\/","url":"https:\/\/kapitalis.com\/tunisie\/wp-content\/uploads\/2022\/05\/Kapitalis-big-size.png","contentUrl":"https:\/\/kapitalis.com\/tunisie\/wp-content\/uploads\/2022\/05\/Kapitalis-big-size.png","width":5000,"height":1500,"caption":"Kapitalis"},"image":{"@id":"https:\/\/kapitalis.com\/tunisie\/#\/schema\/logo\/image\/"},"sameAs":["https:\/\/www.facebook.com\/KapitalisInfo\/","https:\/\/x.com\/KapitalisInfo","https:\/\/www.youtube.com\/channel\/UC-yDYrHyfFBWWZaOw3FPg9Q"]},{"@type":"Person","@id":"https:\/\/kapitalis.com\/tunisie\/#\/schema\/person\/d71f33a9ca44f7bad4698210b480c8e9","name":"webmaster kapitalis","url":"https:\/\/kapitalis.com\/tunisie\/author\/webmaster-kapitalis\/"}]}},"_links":{"self":[{"href":"https:\/\/kapitalis.com\/tunisie\/wp-json\/wp\/v2\/posts\/166190","targetHints":{"allow":["GET"]}}],"collection":[{"href":"https:\/\/kapitalis.com\/tunisie\/wp-json\/wp\/v2\/posts"}],"about":[{"href":"https:\/\/kapitalis.com\/tunisie\/wp-json\/wp\/v2\/types\/post"}],"author":[{"embeddable":true,"href":"https:\/\/kapitalis.com\/tunisie\/wp-json\/wp\/v2\/users\/8"}],"replies":[{"embeddable":true,"href":"https:\/\/kapitalis.com\/tunisie\/wp-json\/wp\/v2\/comments?post=166190"}],"version-history":[{"count":0,"href":"https:\/\/kapitalis.com\/tunisie\/wp-json\/wp\/v2\/posts\/166190\/revisions"}],"wp:featuredmedia":[{"embeddable":true,"href":"https:\/\/kapitalis.com\/tunisie\/wp-json\/wp\/v2\/media\/166191"}],"wp:attachment":[{"href":"https:\/\/kapitalis.com\/tunisie\/wp-json\/wp\/v2\/media?parent=166190"}],"wp:term":[{"taxonomy":"category","embeddable":true,"href":"https:\/\/kapitalis.com\/tunisie\/wp-json\/wp\/v2\/categories?post=166190"},{"taxonomy":"post_tag","embeddable":true,"href":"https:\/\/kapitalis.com\/tunisie\/wp-json\/wp\/v2\/tags?post=166190"}],"curies":[{"name":"wp","href":"https:\/\/api.w.org\/{rel}","templated":true}]}}