{"id":166398,"date":"2018-07-25T13:56:34","date_gmt":"2018-07-25T12:56:34","guid":{"rendered":"http:\/\/kapitalis.com\/tunisie\/?p=166398"},"modified":"2018-07-25T14:07:23","modified_gmt":"2018-07-25T13:07:23","slug":"assiste-t-on-en-tunisie-a-une-nouvelle-forme-de-colonisation","status":"publish","type":"post","link":"https:\/\/kapitalis.com\/tunisie\/2018\/07\/25\/assiste-t-on-en-tunisie-a-une-nouvelle-forme-de-colonisation\/","title":{"rendered":"Assiste-t-on en Tunisie \u00e0 une nouvelle forme de colonisation ?"},"content":{"rendered":"<p style=\"text-align: center;\"><img loading=\"lazy\" decoding=\"async\" class=\"alignnone size-full wp-image-166399\" src=\"http:\/\/kapitalis.com\/tunisie\/wp-content\/uploads\/2018\/07\/Delegation-Bailleurs-de-fonds-12-juillet-2018.jpg\" alt=\"\" width=\"626\" height=\"380\" \/><\/p>\n<p style=\"text-align: center;\"><em>La d\u00e9l\u00e9gation des bailleurs de fonds re\u00e7ue le 12 juillet 2018 par le pr\u00e9sident Ca\u00efd Essebsi.<\/em><\/p>\n<p><em><strong>\u00abL\u2019histoire n\u2019est qu\u2019un \u00e9ternel recommencement!\u00bb, disait, Thucydide. Cette v\u00e9rit\u00e9 vient \u00e0 l\u2019esprit apr\u00e8s la r\u00e9cente visite en Tunisie d\u2019une d\u00e9l\u00e9gation de 8 bailleurs de fonds pour apporter au gouvernement Chahed un soutien financier pour l\u2019aider \u00e0 contenir une crise qui risque de mener le pays \u00e0 la banqueroute.<\/strong> <\/em><\/p>\n<p>Par <strong>Kh\u00e9maies Krimi<\/strong><\/p>\n<p><!--more--><\/p>\n<p>Par les chiffres, ces institutions financi\u00e8res et de d\u00e9veloppement, en l\u2019occurrence, le Fonds mon\u00e9taire international (FMI), la Banque mondiale (BM), la Banque africaine de d\u00e9veloppement (BAD), la Banque europ\u00e9enne d\u2019investissement (BEI), la Banque europ\u00e9enne de reconstruction et de d\u00e9veloppement (Berd), l\u2019Agence fran\u00e7aise de d\u00e9veloppement (AFD), la KfW et la Soci\u00e9t\u00e9 financi\u00e8re internationale (SFI), ont d\u00e9cid\u00e9 d\u2019accorder \u00e0 la Tunisie, sous forme de dons et de pr\u00eats, un montant de 5,5 milliards d\u2019euros (environ pr\u00e8s de 17 milliards de dinars), dont 2,5 milliards d\u2019euros (7,7 milliards de dinars) programm\u00e9s pour l\u2019ann\u00e9e 2018\/2019. La seule conditionnalit\u00e9 apparente exig\u00e9e par les bailleurs de fonds est de voir le gouvernement tunisien poursuivre les r\u00e9formes convenues \u00e0 un rythme plus acc\u00e9l\u00e9r\u00e9.<\/p>\n<h3>Une initiative in\u00e9dite qui en dit long sur la gravit\u00e9 de la crise<\/h3>\n<p>Cette initiative, prise en commun par une dizaine de bailleurs de fonds, est de toute \u00e9vidence un ph\u00e9nom\u00e8ne in\u00e9dit depuis l\u2019acc\u00e8s du pays \u00e0 l\u2019ind\u00e9pendance en 1956.<\/p>\n<p>Elle traduit de mani\u00e8re \u00e9loquente l\u2019extr\u00eame gravit\u00e9 de la situation qui pr\u00e9vaut, actuellement, en Tunisie. En m\u00eame temps, elle rappelle bizarrement la crise financi\u00e8re qu\u2019avait connue la Tunisie entre 1864 et 1869 et qui avait men\u00e9, dix ans plus tard, \u00e0 l\u2019occupation du pays par la France le 12 mai 1881. Les temps et les habitudes de la communaut\u00e9 internationale ont beaucoup chang\u00e9 depuis, mais la similitude des situations a de quoi troubler et interpeller les analystes.<\/p>\n<p>Pour m\u00e9moire, au cours de ces ann\u00e9es 1864-1869, la Tunisie a connu une grave crise due \u00e0 une mauvaise gestion financi\u00e8re, similaire \u00e0 celle qu\u2019on conna\u00eet actuellement. Les sympt\u00f4mes sont les m\u00eames: augmentation de la dette publique, lourds emprunts \u00e0 l\u2019\u00e9tranger contract\u00e9s dans des conditions catastrophiques, d\u00e9tournements de fonds et corruption, contrebande, \u00e9vasion fiscale, d\u00e9ficits jumeaux, diminution du pouvoir d\u2019achat, chert\u00e9 de la vie\u2026<\/p>\n<p>Ainsi, en raison de la politique ruineuse du grand vizir de Mohamed Sadok Bey, Mustapha Khazanadar, de la hausse des imp\u00f4ts et d\u2019interf\u00e9rences \u00e9trang\u00e8res dans l\u2019\u00e9conomie, la Tunisie conna\u00eet peu \u00e0 peu de graves difficult\u00e9s financi\u00e8res. Tous ces facteurs obligent le gouvernement \u00e0 d\u00e9clarer la banqueroute en 1869 et \u00e0 cr\u00e9er <em>\u00abune commission financi\u00e8re internationale anglo-franco-italienne\u00bb<\/em>. Cette derni\u00e8re a eu certes l\u2019avantage de d\u00e9voiler les d\u00e9tournements de Khaznadar et de le faire remplacer par Kheireddine. Mais les r\u00e9formes de ce dernier m\u00e9contentent les oligarques (comme les barons de la corruption d\u2019aujourd\u2019hui) qui l\u2019acculent \u00e0 la d\u00e9mission en 1877.<\/p>\n<p>C\u2019est l\u2019occasion pour les grandes puissances europ\u00e9ennes (France, Italie, Royaume-Uni) de s\u2019ing\u00e9rer dans les affaires int\u00e9rieures et d\u2019imposer leur bon vouloir dans un pays strat\u00e9gique en raison de sa situation g\u00e9ographique, \u00e0 la charni\u00e8re des bassins occidental et oriental de la M\u00e9diterran\u00e9e.<\/p>\n<p style=\"text-align: center;\"><img loading=\"lazy\" decoding=\"async\" class=\"alignnone wp-image-166403\" src=\"http:\/\/kapitalis.com\/tunisie\/wp-content\/uploads\/2018\/07\/Hahn-Chahed-12-juillet-2018.jpg\" alt=\"\" width=\"500\" height=\"304\" \/><\/p>\n<p style=\"text-align: center;\"><em>Johannes Hahn re\u00e7u\u00a0par le chef du gouvernement Youssef Chahed, le 12 juillet 2018.<\/em><\/p>\n<h3>Des engagements douloureux \u00e0 gros risques<\/h3>\n<p>Cela pour dire que les engagements douloureux pris, ces derniers jours, par l\u2019actuel gouvernement aupr\u00e8s de la d\u00e9l\u00e9gation des bailleurs de fonds et avant eux aupr\u00e8s du FMI dont les cadres suivent au quotidien, dans des bureaux m\u00eame de la Banque centrale de Tunisie et du Palais du gouvernement \u00e0 la Kasbah, la mise en \u0153uvre des conditionnalit\u00e9s du Fonds, rappellent \u00e0 un d\u00e9tail pr\u00e8s les exigences impos\u00e9es au Bey de l\u2019\u00e9poque par la Commission financi\u00e8re internationale. Cette m\u00eame initiative qui ne serait, en fait, qu\u2019un pr\u00e9lude \u00e0 une autre forme de colonisation du pays.<\/p>\n<p>Par recoupement, ce n\u00e9ocolonialisme serait incarn\u00e9 par l\u2019Accord de libre \u00e9change complet et approfondi (Aleca), en cours de n\u00e9gociation entre la Tunisie et l\u2019Union europ\u00e9enne (UE). Ce n\u2019est pas par hasard si le chef de la d\u00e9l\u00e9gation des bailleurs de fonds qui vient de visiter la Tunisie n\u2019est autre que le commissaire europ\u00e9en \u00e0 la Politique europ\u00e9enne de voisinage et aux N\u00e9gociations d\u2019\u00e9largissement, Johannes Hahn.<\/p>\n<p>Mieux ou pis, \u00e0 l\u2019exception de la BAD, tous les autres membres de la d\u00e9l\u00e9gation europ\u00e9enne sont d\u2019origine europ\u00e9enne.<\/p>\n<p>Cet accord est n\u00e9goci\u00e9 actuellement sans mandat de l\u2019Assembl\u00e9e des repr\u00e9sentants du peuple (ARP) et sans aucune concertation cr\u00e9dible avec la soci\u00e9t\u00e9 civile. La r\u00e8gle \u00e9tant <em>\u00absilence on n\u00e9gocie pour vous \u00bb<\/em>, tout comme l\u2019avait fait Ben Ali avec l\u2019Accord d\u2019association avec l\u2019UE en 1995.<\/p>\n<p>Toujours au sujet de cet accord asym\u00e9trique qui risque de d\u00e9structurer d\u2019importants secteurs de l\u2019\u00e9conomie du pays (agriculture, services\u2026), le chef du gouvernement, Youssef Chahed, s\u2019est engag\u00e9 \u00e0 le signer en 2019, et ce, lors de sa visite, du 23 au 27 avril 2018, aux pays du Benelux (Belgique, Pays Bas, Luxembourg).<\/p>\n<p style=\"text-align: center;\"><img loading=\"lazy\" decoding=\"async\" class=\"alignnone wp-image-166404\" src=\"http:\/\/kapitalis.com\/tunisie\/wp-content\/uploads\/2018\/07\/Reunion-Chahed-Bailleurs-de-fonds-12-juillet-2018.jpg\" alt=\"\" width=\"500\" height=\"304\" \/><\/p>\n<p style=\"text-align: center;\"><em>R\u00e9union de Chahed avec les repr\u00e9sentants des bailleurs de fonds, le 12 juillet 2018, \u00e0 la Kasbah.<\/em><\/p>\n<p>Et pour ne rien oublier, cet accord n\u2019est pas du go\u00fbt m\u00eame de certains Europ\u00e9ens. Il est fortement critiqu\u00e9 par les forces progressistes europ\u00e9ennes. Lors de son adoption par le Parlement europ\u00e9en, le d\u00e9put\u00e9 europ\u00e9en, Jean-Luc M\u00e9lenchon, a d\u00e9nonc\u00e9 ce qu\u2019il appelle<em> \u00abla politique d\u2019annexion \u00e9conomique de l\u2019UE envers son voisinage et la destruction qu\u2019elle provoque\u00bb<\/em>. Un antilib\u00e9ral ombrageux ne peut que condamner un accord qui va se traduire par davantage de lib\u00e9ralisation de l\u2019\u00e9conomie tunisienne.<\/p>\n<p>Reste une question : la Tunisie, dont le choix de l\u2019\u00e9conomie lib\u00e9rale ne date pas d\u2019aujourd\u2019hui, peut-elle se passer des aides financi\u00e8res des bailleurs de fonds internationaux, ne fut-ce que pour financer son budget de l\u2019Etat, y compris payer les salaires des quelques 650.000 fonctionnaires publics ? Si elle d\u00e9cide de rompre avec ces partenaires, o\u00f9 va-t-elle trouver les fonds n\u00e9cessaires ?<\/p>\n<p>C\u2019est \u00e0 Hamma Hammami et \u00e0 tous les adversaires du lib\u00e9ralisme \u00e9conomique de r\u00e9pondre \u00e0 cette question\u2026<\/p>\n<blockquote class=\"wp-embedded-content\" data-secret=\"lJFFiuo9RI\"><p><a href=\"https:\/\/kapitalis.com\/tunisie\/2018\/07\/11\/une-delegation-de-8-institutions-financieres-internationales-a-tunis\/\">Une d\u00e9l\u00e9gation de 8 institutions financi\u00e8res internationales \u00e0 Tunis<\/a><\/p><\/blockquote>\n<p><iframe loading=\"lazy\" class=\"wp-embedded-content\" sandbox=\"allow-scripts\" security=\"restricted\" style=\"position: absolute; clip: rect(1px, 1px, 1px, 1px);\" title=\"\u00ab\u00a0Une d\u00e9l\u00e9gation de 8 institutions financi\u00e8res internationales \u00e0 Tunis\u00a0\u00bb &#8212; Kapitalis\" src=\"https:\/\/kapitalis.com\/tunisie\/2018\/07\/11\/une-delegation-de-8-institutions-financieres-internationales-a-tunis\/embed\/#?secret=hDaLBP6N57#?secret=lJFFiuo9RI\" data-secret=\"lJFFiuo9RI\" width=\"600\" height=\"338\" frameborder=\"0\" marginwidth=\"0\" marginheight=\"0\" scrolling=\"no\"><\/iframe><\/p>\n","protected":false},"excerpt":{"rendered":"<p>La d\u00e9l\u00e9gation des bailleurs de fonds re\u00e7ue le 12 juillet 2018 par le pr\u00e9sident Ca\u00efd Essebsi. \u00abL\u2019histoire n\u2019est qu\u2019un \u00e9ternel recommencement!\u00bb, disait, Thucydide. Cette v\u00e9rit\u00e9 vient \u00e0 l\u2019esprit apr\u00e8s la r\u00e9cente visite en Tunisie d\u2019une d\u00e9l\u00e9gation de 8 bailleurs de fonds pour apporter au gouvernement Chahed un soutien financier pour l\u2019aider \u00e0 contenir une crise&#8230;<\/p>\n","protected":false},"author":8,"featured_media":166399,"comment_status":"open","ping_status":"open","sticky":false,"template":"","format":"standard","meta":{"footnotes":""},"categories":[992,995,2433],"tags":[62,6108,127,5106,437,11017,937],"class_list":["post-166398","post","type-post","status-publish","format-standard","has-post-thumbnail","hentry","category-a-la-une","category-economie","category-tunisie","tag-aleca","tag-bailleurs-de-fonds","tag-banque-africaine-de-developpement","tag-fonds-monetaire-international","tag-hamma-hammami","tag-johannes-hahn","tag-union-europeenne"],"yoast_head":"<!-- This site is optimized with the Yoast SEO plugin v26.6 - https:\/\/yoast.com\/wordpress\/plugins\/seo\/ -->\n<title>Assiste-t-on en Tunisie \u00e0 une nouvelle forme de colonisation ? - Kapitalis<\/title>\n<meta name=\"robots\" content=\"index, follow, max-snippet:-1, max-image-preview:large, max-video-preview:-1\" \/>\n<link rel=\"canonical\" href=\"https:\/\/kapitalis.com\/tunisie\/2018\/07\/25\/assiste-t-on-en-tunisie-a-une-nouvelle-forme-de-colonisation\/\" \/>\n<meta property=\"og:locale\" content=\"fr_FR\" \/>\n<meta property=\"og:type\" content=\"article\" \/>\n<meta property=\"og:title\" content=\"Assiste-t-on en Tunisie \u00e0 une nouvelle forme de colonisation ? - Kapitalis\" \/>\n<meta property=\"og:description\" content=\"La d\u00e9l\u00e9gation des bailleurs de fonds re\u00e7ue le 12 juillet 2018 par le pr\u00e9sident Ca\u00efd Essebsi. \u00abL\u2019histoire n\u2019est qu\u2019un \u00e9ternel recommencement!\u00bb, disait, Thucydide. Cette v\u00e9rit\u00e9 vient \u00e0 l\u2019esprit apr\u00e8s la r\u00e9cente visite en Tunisie d\u2019une d\u00e9l\u00e9gation de 8 bailleurs de fonds pour apporter au gouvernement Chahed un soutien financier pour l\u2019aider \u00e0 contenir une crise...\" \/>\n<meta property=\"og:url\" content=\"https:\/\/kapitalis.com\/tunisie\/2018\/07\/25\/assiste-t-on-en-tunisie-a-une-nouvelle-forme-de-colonisation\/\" \/>\n<meta property=\"og:site_name\" content=\"Kapitalis\" \/>\n<meta property=\"article:publisher\" content=\"https:\/\/www.facebook.com\/KapitalisInfo\/\" \/>\n<meta property=\"article:published_time\" content=\"2018-07-25T12:56:34+00:00\" \/>\n<meta property=\"article:modified_time\" content=\"2018-07-25T13:07:23+00:00\" \/>\n<meta property=\"og:image\" content=\"https:\/\/kapitalis.com\/tunisie\/wp-content\/uploads\/2022\/05\/kapitalis-logo-fb.png\" \/>\n\t<meta property=\"og:image:width\" content=\"1200\" \/>\n\t<meta property=\"og:image:height\" content=\"630\" \/>\n\t<meta property=\"og:image:type\" content=\"image\/png\" \/>\n<meta name=\"author\" content=\"webmaster kapitalis\" \/>\n<meta name=\"twitter:card\" content=\"summary_large_image\" \/>\n<meta name=\"twitter:creator\" content=\"@KapitalisInfo\" \/>\n<meta name=\"twitter:site\" content=\"@KapitalisInfo\" \/>\n<meta name=\"twitter:label1\" content=\"\u00c9crit par\" \/>\n\t<meta name=\"twitter:data1\" content=\"webmaster kapitalis\" \/>\n\t<meta name=\"twitter:label2\" content=\"Dur\u00e9e de lecture estim\u00e9e\" \/>\n\t<meta name=\"twitter:data2\" content=\"6 minutes\" \/>\n<script type=\"application\/ld+json\" class=\"yoast-schema-graph\">{\"@context\":\"https:\/\/schema.org\",\"@graph\":[{\"@type\":\"Article\",\"@id\":\"https:\/\/kapitalis.com\/tunisie\/2018\/07\/25\/assiste-t-on-en-tunisie-a-une-nouvelle-forme-de-colonisation\/#article\",\"isPartOf\":{\"@id\":\"https:\/\/kapitalis.com\/tunisie\/2018\/07\/25\/assiste-t-on-en-tunisie-a-une-nouvelle-forme-de-colonisation\/\"},\"author\":{\"name\":\"webmaster kapitalis\",\"@id\":\"https:\/\/kapitalis.com\/tunisie\/#\/schema\/person\/d71f33a9ca44f7bad4698210b480c8e9\"},\"headline\":\"Assiste-t-on en Tunisie \u00e0 une nouvelle forme de colonisation ?\",\"datePublished\":\"2018-07-25T12:56:34+00:00\",\"dateModified\":\"2018-07-25T13:07:23+00:00\",\"mainEntityOfPage\":{\"@id\":\"https:\/\/kapitalis.com\/tunisie\/2018\/07\/25\/assiste-t-on-en-tunisie-a-une-nouvelle-forme-de-colonisation\/\"},\"wordCount\":1118,\"commentCount\":19,\"publisher\":{\"@id\":\"https:\/\/kapitalis.com\/tunisie\/#organization\"},\"image\":{\"@id\":\"https:\/\/kapitalis.com\/tunisie\/2018\/07\/25\/assiste-t-on-en-tunisie-a-une-nouvelle-forme-de-colonisation\/#primaryimage\"},\"thumbnailUrl\":\"\",\"keywords\":[\"Aleca\",\"bailleurs de fonds\",\"Banque africaine de d\u00e9veloppement\",\"Fonds mon\u00e9taire international\",\"Hamma Hammami\",\"Johannes Hahn\",\"Union europ\u00e9enne\"],\"articleSection\":[\"A LA UNE\",\"ECONOMIE\",\"Tunisie\"],\"inLanguage\":\"fr-FR\",\"potentialAction\":[{\"@type\":\"CommentAction\",\"name\":\"Comment\",\"target\":[\"https:\/\/kapitalis.com\/tunisie\/2018\/07\/25\/assiste-t-on-en-tunisie-a-une-nouvelle-forme-de-colonisation\/#respond\"]}]},{\"@type\":\"WebPage\",\"@id\":\"https:\/\/kapitalis.com\/tunisie\/2018\/07\/25\/assiste-t-on-en-tunisie-a-une-nouvelle-forme-de-colonisation\/\",\"url\":\"https:\/\/kapitalis.com\/tunisie\/2018\/07\/25\/assiste-t-on-en-tunisie-a-une-nouvelle-forme-de-colonisation\/\",\"name\":\"Assiste-t-on en Tunisie \u00e0 une nouvelle forme de colonisation ? - Kapitalis\",\"isPartOf\":{\"@id\":\"https:\/\/kapitalis.com\/tunisie\/#website\"},\"primaryImageOfPage\":{\"@id\":\"https:\/\/kapitalis.com\/tunisie\/2018\/07\/25\/assiste-t-on-en-tunisie-a-une-nouvelle-forme-de-colonisation\/#primaryimage\"},\"image\":{\"@id\":\"https:\/\/kapitalis.com\/tunisie\/2018\/07\/25\/assiste-t-on-en-tunisie-a-une-nouvelle-forme-de-colonisation\/#primaryimage\"},\"thumbnailUrl\":\"\",\"datePublished\":\"2018-07-25T12:56:34+00:00\",\"dateModified\":\"2018-07-25T13:07:23+00:00\",\"breadcrumb\":{\"@id\":\"https:\/\/kapitalis.com\/tunisie\/2018\/07\/25\/assiste-t-on-en-tunisie-a-une-nouvelle-forme-de-colonisation\/#breadcrumb\"},\"inLanguage\":\"fr-FR\",\"potentialAction\":[{\"@type\":\"ReadAction\",\"target\":[\"https:\/\/kapitalis.com\/tunisie\/2018\/07\/25\/assiste-t-on-en-tunisie-a-une-nouvelle-forme-de-colonisation\/\"]}]},{\"@type\":\"ImageObject\",\"inLanguage\":\"fr-FR\",\"@id\":\"https:\/\/kapitalis.com\/tunisie\/2018\/07\/25\/assiste-t-on-en-tunisie-a-une-nouvelle-forme-de-colonisation\/#primaryimage\",\"url\":\"\",\"contentUrl\":\"\"},{\"@type\":\"BreadcrumbList\",\"@id\":\"https:\/\/kapitalis.com\/tunisie\/2018\/07\/25\/assiste-t-on-en-tunisie-a-une-nouvelle-forme-de-colonisation\/#breadcrumb\",\"itemListElement\":[{\"@type\":\"ListItem\",\"position\":1,\"name\":\"Accueil\",\"item\":\"https:\/\/kapitalis.com\/tunisie\/\"},{\"@type\":\"ListItem\",\"position\":2,\"name\":\"Assiste-t-on en Tunisie \u00e0 une nouvelle forme de colonisation ?\"}]},{\"@type\":\"WebSite\",\"@id\":\"https:\/\/kapitalis.com\/tunisie\/#website\",\"url\":\"https:\/\/kapitalis.com\/tunisie\/\",\"name\":\"Kapitalis\",\"description\":\"L&#039;actualit\u00e9 en Tunisie et dans le monde\",\"publisher\":{\"@id\":\"https:\/\/kapitalis.com\/tunisie\/#organization\"},\"potentialAction\":[{\"@type\":\"SearchAction\",\"target\":{\"@type\":\"EntryPoint\",\"urlTemplate\":\"https:\/\/kapitalis.com\/tunisie\/?s={search_term_string}\"},\"query-input\":{\"@type\":\"PropertyValueSpecification\",\"valueRequired\":true,\"valueName\":\"search_term_string\"}}],\"inLanguage\":\"fr-FR\"},{\"@type\":\"Organization\",\"@id\":\"https:\/\/kapitalis.com\/tunisie\/#organization\",\"name\":\"Kapitalis\",\"url\":\"https:\/\/kapitalis.com\/tunisie\/\",\"logo\":{\"@type\":\"ImageObject\",\"inLanguage\":\"fr-FR\",\"@id\":\"https:\/\/kapitalis.com\/tunisie\/#\/schema\/logo\/image\/\",\"url\":\"https:\/\/kapitalis.com\/tunisie\/wp-content\/uploads\/2022\/05\/Kapitalis-big-size.png\",\"contentUrl\":\"https:\/\/kapitalis.com\/tunisie\/wp-content\/uploads\/2022\/05\/Kapitalis-big-size.png\",\"width\":5000,\"height\":1500,\"caption\":\"Kapitalis\"},\"image\":{\"@id\":\"https:\/\/kapitalis.com\/tunisie\/#\/schema\/logo\/image\/\"},\"sameAs\":[\"https:\/\/www.facebook.com\/KapitalisInfo\/\",\"https:\/\/x.com\/KapitalisInfo\",\"https:\/\/www.youtube.com\/channel\/UC-yDYrHyfFBWWZaOw3FPg9Q\"]},{\"@type\":\"Person\",\"@id\":\"https:\/\/kapitalis.com\/tunisie\/#\/schema\/person\/d71f33a9ca44f7bad4698210b480c8e9\",\"name\":\"webmaster kapitalis\",\"url\":\"https:\/\/kapitalis.com\/tunisie\/author\/webmaster-kapitalis\/\"}]}<\/script>\n<!-- \/ Yoast SEO plugin. -->","yoast_head_json":{"title":"Assiste-t-on en Tunisie \u00e0 une nouvelle forme de colonisation ? - Kapitalis","robots":{"index":"index","follow":"follow","max-snippet":"max-snippet:-1","max-image-preview":"max-image-preview:large","max-video-preview":"max-video-preview:-1"},"canonical":"https:\/\/kapitalis.com\/tunisie\/2018\/07\/25\/assiste-t-on-en-tunisie-a-une-nouvelle-forme-de-colonisation\/","og_locale":"fr_FR","og_type":"article","og_title":"Assiste-t-on en Tunisie \u00e0 une nouvelle forme de colonisation ? - Kapitalis","og_description":"La d\u00e9l\u00e9gation des bailleurs de fonds re\u00e7ue le 12 juillet 2018 par le pr\u00e9sident Ca\u00efd Essebsi. \u00abL\u2019histoire n\u2019est qu\u2019un \u00e9ternel recommencement!\u00bb, disait, Thucydide. Cette v\u00e9rit\u00e9 vient \u00e0 l\u2019esprit apr\u00e8s la r\u00e9cente visite en Tunisie d\u2019une d\u00e9l\u00e9gation de 8 bailleurs de fonds pour apporter au gouvernement Chahed un soutien financier pour l\u2019aider \u00e0 contenir une crise...","og_url":"https:\/\/kapitalis.com\/tunisie\/2018\/07\/25\/assiste-t-on-en-tunisie-a-une-nouvelle-forme-de-colonisation\/","og_site_name":"Kapitalis","article_publisher":"https:\/\/www.facebook.com\/KapitalisInfo\/","article_published_time":"2018-07-25T12:56:34+00:00","article_modified_time":"2018-07-25T13:07:23+00:00","og_image":[{"width":1200,"height":630,"url":"https:\/\/kapitalis.com\/tunisie\/wp-content\/uploads\/2022\/05\/kapitalis-logo-fb.png","type":"image\/png"}],"author":"webmaster kapitalis","twitter_card":"summary_large_image","twitter_creator":"@KapitalisInfo","twitter_site":"@KapitalisInfo","twitter_misc":{"\u00c9crit par":"webmaster kapitalis","Dur\u00e9e de lecture estim\u00e9e":"6 minutes"},"schema":{"@context":"https:\/\/schema.org","@graph":[{"@type":"Article","@id":"https:\/\/kapitalis.com\/tunisie\/2018\/07\/25\/assiste-t-on-en-tunisie-a-une-nouvelle-forme-de-colonisation\/#article","isPartOf":{"@id":"https:\/\/kapitalis.com\/tunisie\/2018\/07\/25\/assiste-t-on-en-tunisie-a-une-nouvelle-forme-de-colonisation\/"},"author":{"name":"webmaster kapitalis","@id":"https:\/\/kapitalis.com\/tunisie\/#\/schema\/person\/d71f33a9ca44f7bad4698210b480c8e9"},"headline":"Assiste-t-on en Tunisie \u00e0 une nouvelle forme de colonisation ?","datePublished":"2018-07-25T12:56:34+00:00","dateModified":"2018-07-25T13:07:23+00:00","mainEntityOfPage":{"@id":"https:\/\/kapitalis.com\/tunisie\/2018\/07\/25\/assiste-t-on-en-tunisie-a-une-nouvelle-forme-de-colonisation\/"},"wordCount":1118,"commentCount":19,"publisher":{"@id":"https:\/\/kapitalis.com\/tunisie\/#organization"},"image":{"@id":"https:\/\/kapitalis.com\/tunisie\/2018\/07\/25\/assiste-t-on-en-tunisie-a-une-nouvelle-forme-de-colonisation\/#primaryimage"},"thumbnailUrl":"","keywords":["Aleca","bailleurs de fonds","Banque africaine de d\u00e9veloppement","Fonds mon\u00e9taire international","Hamma Hammami","Johannes Hahn","Union europ\u00e9enne"],"articleSection":["A LA UNE","ECONOMIE","Tunisie"],"inLanguage":"fr-FR","potentialAction":[{"@type":"CommentAction","name":"Comment","target":["https:\/\/kapitalis.com\/tunisie\/2018\/07\/25\/assiste-t-on-en-tunisie-a-une-nouvelle-forme-de-colonisation\/#respond"]}]},{"@type":"WebPage","@id":"https:\/\/kapitalis.com\/tunisie\/2018\/07\/25\/assiste-t-on-en-tunisie-a-une-nouvelle-forme-de-colonisation\/","url":"https:\/\/kapitalis.com\/tunisie\/2018\/07\/25\/assiste-t-on-en-tunisie-a-une-nouvelle-forme-de-colonisation\/","name":"Assiste-t-on en Tunisie \u00e0 une nouvelle forme de colonisation ? - Kapitalis","isPartOf":{"@id":"https:\/\/kapitalis.com\/tunisie\/#website"},"primaryImageOfPage":{"@id":"https:\/\/kapitalis.com\/tunisie\/2018\/07\/25\/assiste-t-on-en-tunisie-a-une-nouvelle-forme-de-colonisation\/#primaryimage"},"image":{"@id":"https:\/\/kapitalis.com\/tunisie\/2018\/07\/25\/assiste-t-on-en-tunisie-a-une-nouvelle-forme-de-colonisation\/#primaryimage"},"thumbnailUrl":"","datePublished":"2018-07-25T12:56:34+00:00","dateModified":"2018-07-25T13:07:23+00:00","breadcrumb":{"@id":"https:\/\/kapitalis.com\/tunisie\/2018\/07\/25\/assiste-t-on-en-tunisie-a-une-nouvelle-forme-de-colonisation\/#breadcrumb"},"inLanguage":"fr-FR","potentialAction":[{"@type":"ReadAction","target":["https:\/\/kapitalis.com\/tunisie\/2018\/07\/25\/assiste-t-on-en-tunisie-a-une-nouvelle-forme-de-colonisation\/"]}]},{"@type":"ImageObject","inLanguage":"fr-FR","@id":"https:\/\/kapitalis.com\/tunisie\/2018\/07\/25\/assiste-t-on-en-tunisie-a-une-nouvelle-forme-de-colonisation\/#primaryimage","url":"","contentUrl":""},{"@type":"BreadcrumbList","@id":"https:\/\/kapitalis.com\/tunisie\/2018\/07\/25\/assiste-t-on-en-tunisie-a-une-nouvelle-forme-de-colonisation\/#breadcrumb","itemListElement":[{"@type":"ListItem","position":1,"name":"Accueil","item":"https:\/\/kapitalis.com\/tunisie\/"},{"@type":"ListItem","position":2,"name":"Assiste-t-on en Tunisie \u00e0 une nouvelle forme de colonisation ?"}]},{"@type":"WebSite","@id":"https:\/\/kapitalis.com\/tunisie\/#website","url":"https:\/\/kapitalis.com\/tunisie\/","name":"Kapitalis","description":"L&#039;actualit\u00e9 en Tunisie et dans le monde","publisher":{"@id":"https:\/\/kapitalis.com\/tunisie\/#organization"},"potentialAction":[{"@type":"SearchAction","target":{"@type":"EntryPoint","urlTemplate":"https:\/\/kapitalis.com\/tunisie\/?s={search_term_string}"},"query-input":{"@type":"PropertyValueSpecification","valueRequired":true,"valueName":"search_term_string"}}],"inLanguage":"fr-FR"},{"@type":"Organization","@id":"https:\/\/kapitalis.com\/tunisie\/#organization","name":"Kapitalis","url":"https:\/\/kapitalis.com\/tunisie\/","logo":{"@type":"ImageObject","inLanguage":"fr-FR","@id":"https:\/\/kapitalis.com\/tunisie\/#\/schema\/logo\/image\/","url":"https:\/\/kapitalis.com\/tunisie\/wp-content\/uploads\/2022\/05\/Kapitalis-big-size.png","contentUrl":"https:\/\/kapitalis.com\/tunisie\/wp-content\/uploads\/2022\/05\/Kapitalis-big-size.png","width":5000,"height":1500,"caption":"Kapitalis"},"image":{"@id":"https:\/\/kapitalis.com\/tunisie\/#\/schema\/logo\/image\/"},"sameAs":["https:\/\/www.facebook.com\/KapitalisInfo\/","https:\/\/x.com\/KapitalisInfo","https:\/\/www.youtube.com\/channel\/UC-yDYrHyfFBWWZaOw3FPg9Q"]},{"@type":"Person","@id":"https:\/\/kapitalis.com\/tunisie\/#\/schema\/person\/d71f33a9ca44f7bad4698210b480c8e9","name":"webmaster kapitalis","url":"https:\/\/kapitalis.com\/tunisie\/author\/webmaster-kapitalis\/"}]}},"_links":{"self":[{"href":"https:\/\/kapitalis.com\/tunisie\/wp-json\/wp\/v2\/posts\/166398","targetHints":{"allow":["GET"]}}],"collection":[{"href":"https:\/\/kapitalis.com\/tunisie\/wp-json\/wp\/v2\/posts"}],"about":[{"href":"https:\/\/kapitalis.com\/tunisie\/wp-json\/wp\/v2\/types\/post"}],"author":[{"embeddable":true,"href":"https:\/\/kapitalis.com\/tunisie\/wp-json\/wp\/v2\/users\/8"}],"replies":[{"embeddable":true,"href":"https:\/\/kapitalis.com\/tunisie\/wp-json\/wp\/v2\/comments?post=166398"}],"version-history":[{"count":0,"href":"https:\/\/kapitalis.com\/tunisie\/wp-json\/wp\/v2\/posts\/166398\/revisions"}],"wp:featuredmedia":[{"embeddable":true,"href":"https:\/\/kapitalis.com\/tunisie\/wp-json\/wp\/v2\/media\/166399"}],"wp:attachment":[{"href":"https:\/\/kapitalis.com\/tunisie\/wp-json\/wp\/v2\/media?parent=166398"}],"wp:term":[{"taxonomy":"category","embeddable":true,"href":"https:\/\/kapitalis.com\/tunisie\/wp-json\/wp\/v2\/categories?post=166398"},{"taxonomy":"post_tag","embeddable":true,"href":"https:\/\/kapitalis.com\/tunisie\/wp-json\/wp\/v2\/tags?post=166398"}],"curies":[{"name":"wp","href":"https:\/\/api.w.org\/{rel}","templated":true}]}}