{"id":16656,"date":"2015-09-30T01:15:35","date_gmt":"2015-09-30T00:15:35","guid":{"rendered":"http:\/\/kapitalis.com\/tunisie\/?p=16656"},"modified":"2015-09-30T01:21:52","modified_gmt":"2015-09-30T00:21:52","slug":"poutine-obama-et-hollande-ne-sont-pas-citoyens-syriens","status":"publish","type":"post","link":"https:\/\/kapitalis.com\/tunisie\/2015\/09\/30\/poutine-obama-et-hollande-ne-sont-pas-citoyens-syriens\/","title":{"rendered":"Poutine: \u00ab\u00a0Obama et Hollande ne sont pas citoyens syriens\u00a0\u00bb"},"content":{"rendered":"<div class=\"embed\">\n<div class=\"video\"><iframe loading=\"lazy\" id=\"div1\" src=\"https:\/\/www.youtube.com\/embed\/2ExH4gRwAPs?\nrel=0&amp;iv_load_policy=3&amp;showinfo=0&amp;modestbranding=1&amp;fs=1\" width=\"560\" height=\"315\" frameborder=\"0\" allowfullscreen=\"allowfullscreen\"><\/iframe><\/div>\n<\/div>\n<p><\/br><br \/>\n\u00ab\u00a0J&rsquo;ai beaucoup de respect pour mes coll\u00e8gues les pr\u00e9sidents am\u00e9ricain et fran\u00e7ais. Mais ils ne sont pas citoyens syriens et ne devraient pas s&rsquo;impliquer dans le choix de leur leader. Ce sont les affaires de la Syrie.\u00a0\u00bb, a d\u00e9clar\u00e9 Vladimir Poutine \u00e0 l&rsquo;issue de sa rencontre avec le pr\u00e9sident am\u00e9ricain Barack Obama, aux Nations Unies.<br \/>\nL&rsquo;h\u00f4te du Kremlin, principal alli\u00e9 du pr\u00e9sident syrien Bachar Al-Assad, a invit\u00e9 ses deux homologues \u00e0 ne pas faire preuve d&rsquo;ing\u00e9rence dans les affaires politiques internes de la Syrie.<\/p>\n","protected":false},"excerpt":{"rendered":"<p>\u00ab\u00a0J&rsquo;ai beaucoup de respect pour mes coll\u00e8gues les pr\u00e9sidents am\u00e9ricain et fran\u00e7ais. Mais ils ne sont pas citoyens syriens et ne devraient pas s&rsquo;impliquer dans le choix de leur leader. Ce sont les affaires de la Syrie.\u00a0\u00bb, a d\u00e9clar\u00e9 Vladimir Poutine \u00e0 l&rsquo;issue de sa rencontre avec le pr\u00e9sident am\u00e9ricain Barack Obama, aux Nations Unies&#8230;.<\/p>\n","protected":false},"author":13,"featured_media":16658,"comment_status":"open","ping_status":"open","sticky":false,"template":"","format":"standard","meta":{"footnotes":""},"categories":[4806],"tags":[5737,1705,349,395,5053,4013,873,938],"class_list":["post-16656","post","type-post","status-publish","format-standard","has-post-thumbnail","hentry","category-videos","tag-bachar-al-assad","tag-barack-obama","tag-etats-unis","tag-france","tag-francois-hollande","tag-nations-unies","tag-syrie","tag-usa"],"yoast_head":"<!-- This site is optimized with the Yoast SEO plugin v26.6 - https:\/\/yoast.com\/wordpress\/plugins\/seo\/ -->\n<title>Poutine: &quot;Obama et Hollande ne sont pas citoyens syriens&quot; - Kapitalis<\/title>\n<meta name=\"robots\" content=\"index, follow, max-snippet:-1, max-image-preview:large, max-video-preview:-1\" \/>\n<link rel=\"canonical\" href=\"https:\/\/kapitalis.com\/tunisie\/2015\/09\/30\/poutine-obama-et-hollande-ne-sont-pas-citoyens-syriens\/\" \/>\n<meta property=\"og:locale\" content=\"fr_FR\" \/>\n<meta property=\"og:type\" content=\"article\" \/>\n<meta property=\"og:title\" content=\"Poutine: &quot;Obama et Hollande ne sont pas citoyens syriens&quot; - Kapitalis\" \/>\n<meta property=\"og:description\" content=\"\u00ab\u00a0J&rsquo;ai beaucoup de respect pour mes coll\u00e8gues les pr\u00e9sidents am\u00e9ricain et fran\u00e7ais. Mais ils ne sont pas citoyens syriens et ne devraient pas s&rsquo;impliquer dans le choix de leur leader. Ce sont les affaires de la Syrie.\u00a0\u00bb, a d\u00e9clar\u00e9 Vladimir Poutine \u00e0 l&rsquo;issue de sa rencontre avec le pr\u00e9sident am\u00e9ricain Barack Obama, aux Nations Unies....\" \/>\n<meta property=\"og:url\" content=\"https:\/\/kapitalis.com\/tunisie\/2015\/09\/30\/poutine-obama-et-hollande-ne-sont-pas-citoyens-syriens\/\" \/>\n<meta property=\"og:site_name\" content=\"Kapitalis\" \/>\n<meta property=\"article:publisher\" content=\"https:\/\/www.facebook.com\/KapitalisInfo\/\" \/>\n<meta property=\"article:published_time\" content=\"2015-09-30T00:15:35+00:00\" \/>\n<meta property=\"article:modified_time\" content=\"2015-09-30T00:21:52+00:00\" \/>\n<meta property=\"og:image\" content=\"https:\/\/kapitalis.com\/tunisie\/wp-content\/uploads\/2022\/05\/kapitalis-logo-fb.png\" \/>\n\t<meta property=\"og:image:width\" content=\"1200\" \/>\n\t<meta property=\"og:image:height\" content=\"630\" \/>\n\t<meta property=\"og:image:type\" content=\"image\/png\" \/>\n<meta name=\"author\" content=\"webmaster aux\" \/>\n<meta name=\"twitter:card\" content=\"summary_large_image\" \/>\n<meta name=\"twitter:creator\" content=\"@KapitalisInfo\" \/>\n<meta name=\"twitter:site\" content=\"@KapitalisInfo\" \/>\n<meta name=\"twitter:label1\" content=\"\u00c9crit par\" \/>\n\t<meta name=\"twitter:data1\" content=\"webmaster aux\" \/>\n<script type=\"application\/ld+json\" class=\"yoast-schema-graph\">{\"@context\":\"https:\/\/schema.org\",\"@graph\":[{\"@type\":\"Article\",\"@id\":\"https:\/\/kapitalis.com\/tunisie\/2015\/09\/30\/poutine-obama-et-hollande-ne-sont-pas-citoyens-syriens\/#article\",\"isPartOf\":{\"@id\":\"https:\/\/kapitalis.com\/tunisie\/2015\/09\/30\/poutine-obama-et-hollande-ne-sont-pas-citoyens-syriens\/\"},\"author\":{\"name\":\"webmaster aux\",\"@id\":\"https:\/\/kapitalis.com\/tunisie\/#\/schema\/person\/aa8b4a429805c4e3f0713a3c3f95212b\"},\"headline\":\"Poutine: \u00ab\u00a0Obama et Hollande ne sont pas citoyens syriens\u00a0\u00bb\",\"datePublished\":\"2015-09-30T00:15:35+00:00\",\"dateModified\":\"2015-09-30T00:21:52+00:00\",\"mainEntityOfPage\":{\"@id\":\"https:\/\/kapitalis.com\/tunisie\/2015\/09\/30\/poutine-obama-et-hollande-ne-sont-pas-citoyens-syriens\/\"},\"wordCount\":101,\"commentCount\":2,\"publisher\":{\"@id\":\"https:\/\/kapitalis.com\/tunisie\/#organization\"},\"image\":{\"@id\":\"https:\/\/kapitalis.com\/tunisie\/2015\/09\/30\/poutine-obama-et-hollande-ne-sont-pas-citoyens-syriens\/#primaryimage\"},\"thumbnailUrl\":\"\",\"keywords\":[\"Bachar al-Assad\",\"Barack Obama\",\"Etats Unis\",\"France\",\"Fran\u00e7ois Hollande\",\"Nations unies\",\"Syrie\",\"USA\"],\"articleSection\":[\"VIDEOS\"],\"inLanguage\":\"fr-FR\",\"potentialAction\":[{\"@type\":\"CommentAction\",\"name\":\"Comment\",\"target\":[\"https:\/\/kapitalis.com\/tunisie\/2015\/09\/30\/poutine-obama-et-hollande-ne-sont-pas-citoyens-syriens\/#respond\"]}]},{\"@type\":\"WebPage\",\"@id\":\"https:\/\/kapitalis.com\/tunisie\/2015\/09\/30\/poutine-obama-et-hollande-ne-sont-pas-citoyens-syriens\/\",\"url\":\"https:\/\/kapitalis.com\/tunisie\/2015\/09\/30\/poutine-obama-et-hollande-ne-sont-pas-citoyens-syriens\/\",\"name\":\"Poutine: \\\"Obama et Hollande ne sont pas citoyens syriens\\\" - Kapitalis\",\"isPartOf\":{\"@id\":\"https:\/\/kapitalis.com\/tunisie\/#website\"},\"primaryImageOfPage\":{\"@id\":\"https:\/\/kapitalis.com\/tunisie\/2015\/09\/30\/poutine-obama-et-hollande-ne-sont-pas-citoyens-syriens\/#primaryimage\"},\"image\":{\"@id\":\"https:\/\/kapitalis.com\/tunisie\/2015\/09\/30\/poutine-obama-et-hollande-ne-sont-pas-citoyens-syriens\/#primaryimage\"},\"thumbnailUrl\":\"\",\"datePublished\":\"2015-09-30T00:15:35+00:00\",\"dateModified\":\"2015-09-30T00:21:52+00:00\",\"breadcrumb\":{\"@id\":\"https:\/\/kapitalis.com\/tunisie\/2015\/09\/30\/poutine-obama-et-hollande-ne-sont-pas-citoyens-syriens\/#breadcrumb\"},\"inLanguage\":\"fr-FR\",\"potentialAction\":[{\"@type\":\"ReadAction\",\"target\":[\"https:\/\/kapitalis.com\/tunisie\/2015\/09\/30\/poutine-obama-et-hollande-ne-sont-pas-citoyens-syriens\/\"]}]},{\"@type\":\"ImageObject\",\"inLanguage\":\"fr-FR\",\"@id\":\"https:\/\/kapitalis.com\/tunisie\/2015\/09\/30\/poutine-obama-et-hollande-ne-sont-pas-citoyens-syriens\/#primaryimage\",\"url\":\"\",\"contentUrl\":\"\"},{\"@type\":\"BreadcrumbList\",\"@id\":\"https:\/\/kapitalis.com\/tunisie\/2015\/09\/30\/poutine-obama-et-hollande-ne-sont-pas-citoyens-syriens\/#breadcrumb\",\"itemListElement\":[{\"@type\":\"ListItem\",\"position\":1,\"name\":\"Accueil\",\"item\":\"https:\/\/kapitalis.com\/tunisie\/\"},{\"@type\":\"ListItem\",\"position\":2,\"name\":\"Poutine: \u00ab\u00a0Obama et Hollande ne sont pas citoyens syriens\u00a0\u00bb\"}]},{\"@type\":\"WebSite\",\"@id\":\"https:\/\/kapitalis.com\/tunisie\/#website\",\"url\":\"https:\/\/kapitalis.com\/tunisie\/\",\"name\":\"Kapitalis\",\"description\":\"L&#039;actualit\u00e9 en Tunisie et dans le monde\",\"publisher\":{\"@id\":\"https:\/\/kapitalis.com\/tunisie\/#organization\"},\"potentialAction\":[{\"@type\":\"SearchAction\",\"target\":{\"@type\":\"EntryPoint\",\"urlTemplate\":\"https:\/\/kapitalis.com\/tunisie\/?s={search_term_string}\"},\"query-input\":{\"@type\":\"PropertyValueSpecification\",\"valueRequired\":true,\"valueName\":\"search_term_string\"}}],\"inLanguage\":\"fr-FR\"},{\"@type\":\"Organization\",\"@id\":\"https:\/\/kapitalis.com\/tunisie\/#organization\",\"name\":\"Kapitalis\",\"url\":\"https:\/\/kapitalis.com\/tunisie\/\",\"logo\":{\"@type\":\"ImageObject\",\"inLanguage\":\"fr-FR\",\"@id\":\"https:\/\/kapitalis.com\/tunisie\/#\/schema\/logo\/image\/\",\"url\":\"https:\/\/kapitalis.com\/tunisie\/wp-content\/uploads\/2022\/05\/Kapitalis-big-size.png\",\"contentUrl\":\"https:\/\/kapitalis.com\/tunisie\/wp-content\/uploads\/2022\/05\/Kapitalis-big-size.png\",\"width\":5000,\"height\":1500,\"caption\":\"Kapitalis\"},\"image\":{\"@id\":\"https:\/\/kapitalis.com\/tunisie\/#\/schema\/logo\/image\/\"},\"sameAs\":[\"https:\/\/www.facebook.com\/KapitalisInfo\/\",\"https:\/\/x.com\/KapitalisInfo\",\"https:\/\/www.youtube.com\/channel\/UC-yDYrHyfFBWWZaOw3FPg9Q\"]},{\"@type\":\"Person\",\"@id\":\"https:\/\/kapitalis.com\/tunisie\/#\/schema\/person\/aa8b4a429805c4e3f0713a3c3f95212b\",\"name\":\"webmaster aux\",\"url\":\"https:\/\/kapitalis.com\/tunisie\/author\/webmasteraux\/\"}]}<\/script>\n<!-- \/ Yoast SEO plugin. -->","yoast_head_json":{"title":"Poutine: \"Obama et Hollande ne sont pas citoyens syriens\" - Kapitalis","robots":{"index":"index","follow":"follow","max-snippet":"max-snippet:-1","max-image-preview":"max-image-preview:large","max-video-preview":"max-video-preview:-1"},"canonical":"https:\/\/kapitalis.com\/tunisie\/2015\/09\/30\/poutine-obama-et-hollande-ne-sont-pas-citoyens-syriens\/","og_locale":"fr_FR","og_type":"article","og_title":"Poutine: \"Obama et Hollande ne sont pas citoyens syriens\" - Kapitalis","og_description":"\u00ab\u00a0J&rsquo;ai beaucoup de respect pour mes coll\u00e8gues les pr\u00e9sidents am\u00e9ricain et fran\u00e7ais. Mais ils ne sont pas citoyens syriens et ne devraient pas s&rsquo;impliquer dans le choix de leur leader. Ce sont les affaires de la Syrie.\u00a0\u00bb, a d\u00e9clar\u00e9 Vladimir Poutine \u00e0 l&rsquo;issue de sa rencontre avec le pr\u00e9sident am\u00e9ricain Barack Obama, aux Nations Unies....","og_url":"https:\/\/kapitalis.com\/tunisie\/2015\/09\/30\/poutine-obama-et-hollande-ne-sont-pas-citoyens-syriens\/","og_site_name":"Kapitalis","article_publisher":"https:\/\/www.facebook.com\/KapitalisInfo\/","article_published_time":"2015-09-30T00:15:35+00:00","article_modified_time":"2015-09-30T00:21:52+00:00","og_image":[{"width":1200,"height":630,"url":"https:\/\/kapitalis.com\/tunisie\/wp-content\/uploads\/2022\/05\/kapitalis-logo-fb.png","type":"image\/png"}],"author":"webmaster aux","twitter_card":"summary_large_image","twitter_creator":"@KapitalisInfo","twitter_site":"@KapitalisInfo","twitter_misc":{"\u00c9crit par":"webmaster aux"},"schema":{"@context":"https:\/\/schema.org","@graph":[{"@type":"Article","@id":"https:\/\/kapitalis.com\/tunisie\/2015\/09\/30\/poutine-obama-et-hollande-ne-sont-pas-citoyens-syriens\/#article","isPartOf":{"@id":"https:\/\/kapitalis.com\/tunisie\/2015\/09\/30\/poutine-obama-et-hollande-ne-sont-pas-citoyens-syriens\/"},"author":{"name":"webmaster aux","@id":"https:\/\/kapitalis.com\/tunisie\/#\/schema\/person\/aa8b4a429805c4e3f0713a3c3f95212b"},"headline":"Poutine: \u00ab\u00a0Obama et Hollande ne sont pas citoyens syriens\u00a0\u00bb","datePublished":"2015-09-30T00:15:35+00:00","dateModified":"2015-09-30T00:21:52+00:00","mainEntityOfPage":{"@id":"https:\/\/kapitalis.com\/tunisie\/2015\/09\/30\/poutine-obama-et-hollande-ne-sont-pas-citoyens-syriens\/"},"wordCount":101,"commentCount":2,"publisher":{"@id":"https:\/\/kapitalis.com\/tunisie\/#organization"},"image":{"@id":"https:\/\/kapitalis.com\/tunisie\/2015\/09\/30\/poutine-obama-et-hollande-ne-sont-pas-citoyens-syriens\/#primaryimage"},"thumbnailUrl":"","keywords":["Bachar al-Assad","Barack Obama","Etats Unis","France","Fran\u00e7ois Hollande","Nations unies","Syrie","USA"],"articleSection":["VIDEOS"],"inLanguage":"fr-FR","potentialAction":[{"@type":"CommentAction","name":"Comment","target":["https:\/\/kapitalis.com\/tunisie\/2015\/09\/30\/poutine-obama-et-hollande-ne-sont-pas-citoyens-syriens\/#respond"]}]},{"@type":"WebPage","@id":"https:\/\/kapitalis.com\/tunisie\/2015\/09\/30\/poutine-obama-et-hollande-ne-sont-pas-citoyens-syriens\/","url":"https:\/\/kapitalis.com\/tunisie\/2015\/09\/30\/poutine-obama-et-hollande-ne-sont-pas-citoyens-syriens\/","name":"Poutine: \"Obama et Hollande ne sont pas citoyens syriens\" - Kapitalis","isPartOf":{"@id":"https:\/\/kapitalis.com\/tunisie\/#website"},"primaryImageOfPage":{"@id":"https:\/\/kapitalis.com\/tunisie\/2015\/09\/30\/poutine-obama-et-hollande-ne-sont-pas-citoyens-syriens\/#primaryimage"},"image":{"@id":"https:\/\/kapitalis.com\/tunisie\/2015\/09\/30\/poutine-obama-et-hollande-ne-sont-pas-citoyens-syriens\/#primaryimage"},"thumbnailUrl":"","datePublished":"2015-09-30T00:15:35+00:00","dateModified":"2015-09-30T00:21:52+00:00","breadcrumb":{"@id":"https:\/\/kapitalis.com\/tunisie\/2015\/09\/30\/poutine-obama-et-hollande-ne-sont-pas-citoyens-syriens\/#breadcrumb"},"inLanguage":"fr-FR","potentialAction":[{"@type":"ReadAction","target":["https:\/\/kapitalis.com\/tunisie\/2015\/09\/30\/poutine-obama-et-hollande-ne-sont-pas-citoyens-syriens\/"]}]},{"@type":"ImageObject","inLanguage":"fr-FR","@id":"https:\/\/kapitalis.com\/tunisie\/2015\/09\/30\/poutine-obama-et-hollande-ne-sont-pas-citoyens-syriens\/#primaryimage","url":"","contentUrl":""},{"@type":"BreadcrumbList","@id":"https:\/\/kapitalis.com\/tunisie\/2015\/09\/30\/poutine-obama-et-hollande-ne-sont-pas-citoyens-syriens\/#breadcrumb","itemListElement":[{"@type":"ListItem","position":1,"name":"Accueil","item":"https:\/\/kapitalis.com\/tunisie\/"},{"@type":"ListItem","position":2,"name":"Poutine: \u00ab\u00a0Obama et Hollande ne sont pas citoyens syriens\u00a0\u00bb"}]},{"@type":"WebSite","@id":"https:\/\/kapitalis.com\/tunisie\/#website","url":"https:\/\/kapitalis.com\/tunisie\/","name":"Kapitalis","description":"L&#039;actualit\u00e9 en Tunisie et dans le monde","publisher":{"@id":"https:\/\/kapitalis.com\/tunisie\/#organization"},"potentialAction":[{"@type":"SearchAction","target":{"@type":"EntryPoint","urlTemplate":"https:\/\/kapitalis.com\/tunisie\/?s={search_term_string}"},"query-input":{"@type":"PropertyValueSpecification","valueRequired":true,"valueName":"search_term_string"}}],"inLanguage":"fr-FR"},{"@type":"Organization","@id":"https:\/\/kapitalis.com\/tunisie\/#organization","name":"Kapitalis","url":"https:\/\/kapitalis.com\/tunisie\/","logo":{"@type":"ImageObject","inLanguage":"fr-FR","@id":"https:\/\/kapitalis.com\/tunisie\/#\/schema\/logo\/image\/","url":"https:\/\/kapitalis.com\/tunisie\/wp-content\/uploads\/2022\/05\/Kapitalis-big-size.png","contentUrl":"https:\/\/kapitalis.com\/tunisie\/wp-content\/uploads\/2022\/05\/Kapitalis-big-size.png","width":5000,"height":1500,"caption":"Kapitalis"},"image":{"@id":"https:\/\/kapitalis.com\/tunisie\/#\/schema\/logo\/image\/"},"sameAs":["https:\/\/www.facebook.com\/KapitalisInfo\/","https:\/\/x.com\/KapitalisInfo","https:\/\/www.youtube.com\/channel\/UC-yDYrHyfFBWWZaOw3FPg9Q"]},{"@type":"Person","@id":"https:\/\/kapitalis.com\/tunisie\/#\/schema\/person\/aa8b4a429805c4e3f0713a3c3f95212b","name":"webmaster aux","url":"https:\/\/kapitalis.com\/tunisie\/author\/webmasteraux\/"}]}},"_links":{"self":[{"href":"https:\/\/kapitalis.com\/tunisie\/wp-json\/wp\/v2\/posts\/16656","targetHints":{"allow":["GET"]}}],"collection":[{"href":"https:\/\/kapitalis.com\/tunisie\/wp-json\/wp\/v2\/posts"}],"about":[{"href":"https:\/\/kapitalis.com\/tunisie\/wp-json\/wp\/v2\/types\/post"}],"author":[{"embeddable":true,"href":"https:\/\/kapitalis.com\/tunisie\/wp-json\/wp\/v2\/users\/13"}],"replies":[{"embeddable":true,"href":"https:\/\/kapitalis.com\/tunisie\/wp-json\/wp\/v2\/comments?post=16656"}],"version-history":[{"count":0,"href":"https:\/\/kapitalis.com\/tunisie\/wp-json\/wp\/v2\/posts\/16656\/revisions"}],"wp:featuredmedia":[{"embeddable":true,"href":"https:\/\/kapitalis.com\/tunisie\/wp-json\/wp\/v2\/media\/16658"}],"wp:attachment":[{"href":"https:\/\/kapitalis.com\/tunisie\/wp-json\/wp\/v2\/media?parent=16656"}],"wp:term":[{"taxonomy":"category","embeddable":true,"href":"https:\/\/kapitalis.com\/tunisie\/wp-json\/wp\/v2\/categories?post=16656"},{"taxonomy":"post_tag","embeddable":true,"href":"https:\/\/kapitalis.com\/tunisie\/wp-json\/wp\/v2\/tags?post=16656"}],"curies":[{"name":"wp","href":"https:\/\/api.w.org\/{rel}","templated":true}]}}