{"id":166741,"date":"2018-07-28T10:20:53","date_gmt":"2018-07-28T09:20:53","guid":{"rendered":"http:\/\/kapitalis.com\/tunisie\/?p=166741"},"modified":"2018-07-28T10:20:53","modified_gmt":"2018-07-28T09:20:53","slug":"club-africain-galatasary-revue-deffectif-de-debut-de-saison","status":"publish","type":"post","link":"https:\/\/kapitalis.com\/tunisie\/2018\/07\/28\/club-africain-galatasary-revue-deffectif-de-debut-de-saison\/","title":{"rendered":"Club africain-Galatasary : Revue d\u2019effectif de d\u00e9but de saison"},"content":{"rendered":"<p style=\"text-align: center;\"><img loading=\"lazy\" decoding=\"async\" class=\"alignnone size-full wp-image-166743\" src=\"http:\/\/kapitalis.com\/tunisie\/wp-content\/uploads\/2018\/07\/Club-africain.jpg\" alt=\"\" width=\"626\" height=\"380\" \/><\/p>\n<p><em><strong>Le Club africain (CA) offre la r\u00e9plique au club champion de Turquie en titre, Galatasaray, lors d&rsquo;un match amical aujourd\u2019hui, samedi 28 juillet 2018, \u00e0 partir de 20h, au stade de Rades. Match confi\u00e9 \u00e0 l\u2019arbitre international Youssef Srairi et qui sera diffus\u00e9 sur Al Watania 2.<\/strong> <\/em><\/p>\n<p><!--more--><\/p>\n<p>Ce match arrive \u00e0 une \u00e9tape charni\u00e8re de la pr\u00e9paration pour la nouvelle saison. Le CA vient de boucler deux semaines de stage \u00e0 Tabarka et va entamer une derni\u00e8re p\u00e9riode de pr\u00e9paration en vue du championnat de Tunisie.<\/p>\n<p>Difficile de s\u2019attendre \u00e0 du spectacle, les deux \u00e9quipes se situant \u00e0 diff\u00e9rents paliers. Les Turcs sont bien avanc\u00e9s en termes de pr\u00e9paration avec un dernier face-\u00e0-face amical perdu il y a 6 jours devant Valence (2-1).<\/p>\n<p>Ce match c\u2019est surtout l\u2019occasion de passer en revue notamment les nouveaux venus au CA tels l\u2019arri\u00e8re droit Ayoub Tlili, ainsi que les deux attaquants \u00e9trangers \u00e0 l\u2019essai, en l\u2019occurrence Biafoni Shaka (Burundi) et Bola Kitambala (RD Congo). En revanche Aymen Mathlouthi n\u2019est pas encore dans le groupe convoqu\u00e9 pour ce match.<\/p>\n<p>Le souci des Clubistes c\u2019est d\u2019\u00e9viter une r\u00e9p\u00e9tition du mauvais d\u00e9part de la saison derni\u00e8re, qui les a maintenus longtemps parmi les clubs du bas du tableau, avant qu&rsquo;ils ne remontent \u00e0 la deuxi\u00e8me place derri\u00e8re l\u2019Esp\u00e9rance sportive de Tunis (EST) et remportent la Coupe de Tunisie.<\/p>\n<p>Le club qui tente de restaurer sa stabilit\u00e9 administrative et financi\u00e8re, apr\u00e8s l\u2019\u00e9lection d\u2019un nouveau comit\u00e9 directeur, cherche \u00e0 se battre pour le titre, \u00e0 conserver la coupe et bien aborder la Ligue des champions 2019, apr\u00e8s une longue absence.<\/p>\n<h3>La liste des convoqu\u00e9s:<\/h3>\n<p><em><strong>Gardiens de but<\/strong><\/em>: Atef Dkhili, Saif Charfi.<\/p>\n<p><em><strong>D\u00e9fenseurs<\/strong><\/em>: Fakhredine Jaziri, Bilal Ifa, Sami Hamami, Hamza Agrebi, Moukhtar Belkhithar, Ayoub Tlili, Ali Abidi.<\/p>\n<p><em><strong>Milieux de terrain<\/strong> <\/em>: Zakaria Laabidi, Ibrahima Mochili, Sabri Laamari, Ahmed Khalil, Wissam Ben Yahya, Wajdi Shili, Tijani Bela\u00efd, Zouhair Dhawadi, Salim Ben Othman, Ayoub Mshareg, Mannoubi Haddad, Mehdi Oudhrefi, Issam Dkhili.<\/p>\n<p><em><strong>Attaquants<\/strong><\/em>: Bilal Khefifi, Yassine Chamakhi, Biafoni Shaka, Bola Kitambala.<\/p>\n<p style=\"text-align: right;\"><strong>H. M.<\/strong><\/p>\n<blockquote class=\"wp-embedded-content\" data-secret=\"jv6cBWqa0o\"><p><a href=\"https:\/\/kapitalis.com\/tunisie\/2018\/07\/21\/football-club-africain-galatasaray-le-29-juillet-a-rades\/\">Football : Club Africain-Galatasaray, le 29 juillet \u00e0 Rad\u00e8s<\/a><\/p><\/blockquote>\n<p><iframe loading=\"lazy\" class=\"wp-embedded-content\" sandbox=\"allow-scripts\" security=\"restricted\" style=\"position: absolute; clip: rect(1px, 1px, 1px, 1px);\" title=\"\u00ab\u00a0Football : Club Africain-Galatasaray, le 29 juillet \u00e0 Rad\u00e8s\u00a0\u00bb &#8212; Kapitalis\" src=\"https:\/\/kapitalis.com\/tunisie\/2018\/07\/21\/football-club-africain-galatasaray-le-29-juillet-a-rades\/embed\/#?secret=Sx8cjvgPS3#?secret=jv6cBWqa0o\" data-secret=\"jv6cBWqa0o\" width=\"600\" height=\"338\" frameborder=\"0\" marginwidth=\"0\" marginheight=\"0\" scrolling=\"no\"><\/iframe><\/p>\n<blockquote class=\"wp-embedded-content\" data-secret=\"YHpxUDHHoO\"><p><a href=\"https:\/\/kapitalis.com\/tunisie\/2018\/07\/25\/club-africain-jose-riga-a-besoin-de-vrais-attaquants\/\">Club africain : Jos\u00e9 Riga a besoin de vrais attaquants<\/a><\/p><\/blockquote>\n<p><iframe loading=\"lazy\" class=\"wp-embedded-content\" sandbox=\"allow-scripts\" security=\"restricted\" style=\"position: absolute; clip: rect(1px, 1px, 1px, 1px);\" title=\"\u00ab\u00a0Club africain : Jos\u00e9 Riga a besoin de vrais attaquants\u00a0\u00bb &#8212; Kapitalis\" src=\"https:\/\/kapitalis.com\/tunisie\/2018\/07\/25\/club-africain-jose-riga-a-besoin-de-vrais-attaquants\/embed\/#?secret=nUT70hNkSX#?secret=YHpxUDHHoO\" data-secret=\"YHpxUDHHoO\" width=\"600\" height=\"338\" frameborder=\"0\" marginwidth=\"0\" marginheight=\"0\" scrolling=\"no\"><\/iframe><\/p>\n<blockquote class=\"wp-embedded-content\" data-secret=\"jHtD6tGfk5\"><p><a href=\"https:\/\/kapitalis.com\/tunisie\/2018\/07\/24\/aymen-mathlouthi-signe-pour-deux-ans-au-club-africain\/\">Aymen Mathlouthi signe pour deux ans au Club africain<\/a><\/p><\/blockquote>\n<p><iframe loading=\"lazy\" class=\"wp-embedded-content\" sandbox=\"allow-scripts\" security=\"restricted\" style=\"position: absolute; clip: rect(1px, 1px, 1px, 1px);\" title=\"\u00ab\u00a0Aymen Mathlouthi signe pour deux ans au Club africain\u00a0\u00bb &#8212; Kapitalis\" src=\"https:\/\/kapitalis.com\/tunisie\/2018\/07\/24\/aymen-mathlouthi-signe-pour-deux-ans-au-club-africain\/embed\/#?secret=Ovl4Kk0eg3#?secret=jHtD6tGfk5\" data-secret=\"jHtD6tGfk5\" width=\"600\" height=\"338\" frameborder=\"0\" marginwidth=\"0\" marginheight=\"0\" scrolling=\"no\"><\/iframe><\/p>\n","protected":false},"excerpt":{"rendered":"<p>Le Club africain (CA) offre la r\u00e9plique au club champion de Turquie en titre, Galatasaray, lors d&rsquo;un match amical aujourd\u2019hui, samedi 28 juillet 2018, \u00e0 partir de 20h, au stade de Rades. Match confi\u00e9 \u00e0 l\u2019arbitre international Youssef Srairi et qui sera diffus\u00e9 sur Al Watania 2.<\/p>\n","protected":false},"author":8,"featured_media":166743,"comment_status":"open","ping_status":"open","sticky":false,"template":"","format":"standard","meta":{"footnotes":""},"categories":[999,2433],"tags":[38550,41543,211,41858,1872],"class_list":["post-166741","post","type-post","status-publish","format-standard","has-post-thumbnail","hentry","category-sport","category-tunisie","tag-al-watania-2","tag-atef-dkhili","tag-club-africain","tag-hamza-agrebi","tag-rades"],"yoast_head":"<!-- This site is optimized with the Yoast SEO plugin v26.6 - https:\/\/yoast.com\/wordpress\/plugins\/seo\/ -->\n<title>Club africain-Galatasary : Revue d\u2019effectif de d\u00e9but de saison - Kapitalis<\/title>\n<meta name=\"robots\" content=\"index, follow, max-snippet:-1, max-image-preview:large, max-video-preview:-1\" \/>\n<link rel=\"canonical\" href=\"https:\/\/kapitalis.com\/tunisie\/2018\/07\/28\/club-africain-galatasary-revue-deffectif-de-debut-de-saison\/\" \/>\n<meta property=\"og:locale\" content=\"fr_FR\" \/>\n<meta property=\"og:type\" content=\"article\" \/>\n<meta property=\"og:title\" content=\"Club africain-Galatasary : Revue d\u2019effectif de d\u00e9but de saison - Kapitalis\" \/>\n<meta property=\"og:description\" content=\"Le Club africain (CA) offre la r\u00e9plique au club champion de Turquie en titre, Galatasaray, lors d&rsquo;un match amical aujourd\u2019hui, samedi 28 juillet 2018, \u00e0 partir de 20h, au stade de Rades. Match confi\u00e9 \u00e0 l\u2019arbitre international Youssef Srairi et qui sera diffus\u00e9 sur Al Watania 2.\" \/>\n<meta property=\"og:url\" content=\"https:\/\/kapitalis.com\/tunisie\/2018\/07\/28\/club-africain-galatasary-revue-deffectif-de-debut-de-saison\/\" \/>\n<meta property=\"og:site_name\" content=\"Kapitalis\" \/>\n<meta property=\"article:publisher\" content=\"https:\/\/www.facebook.com\/KapitalisInfo\/\" \/>\n<meta property=\"article:published_time\" content=\"2018-07-28T09:20:53+00:00\" \/>\n<meta property=\"og:image\" content=\"https:\/\/kapitalis.com\/tunisie\/wp-content\/uploads\/2022\/05\/kapitalis-logo-fb.png\" \/>\n\t<meta property=\"og:image:width\" content=\"1200\" \/>\n\t<meta property=\"og:image:height\" content=\"630\" \/>\n\t<meta property=\"og:image:type\" content=\"image\/png\" \/>\n<meta name=\"author\" content=\"webmaster kapitalis\" \/>\n<meta name=\"twitter:card\" content=\"summary_large_image\" \/>\n<meta name=\"twitter:creator\" content=\"@KapitalisInfo\" \/>\n<meta name=\"twitter:site\" content=\"@KapitalisInfo\" \/>\n<meta name=\"twitter:label1\" content=\"\u00c9crit par\" \/>\n\t<meta name=\"twitter:data1\" content=\"webmaster kapitalis\" \/>\n\t<meta name=\"twitter:label2\" content=\"Dur\u00e9e de lecture estim\u00e9e\" \/>\n\t<meta name=\"twitter:data2\" content=\"2 minutes\" \/>\n<script type=\"application\/ld+json\" class=\"yoast-schema-graph\">{\"@context\":\"https:\/\/schema.org\",\"@graph\":[{\"@type\":\"Article\",\"@id\":\"https:\/\/kapitalis.com\/tunisie\/2018\/07\/28\/club-africain-galatasary-revue-deffectif-de-debut-de-saison\/#article\",\"isPartOf\":{\"@id\":\"https:\/\/kapitalis.com\/tunisie\/2018\/07\/28\/club-africain-galatasary-revue-deffectif-de-debut-de-saison\/\"},\"author\":{\"name\":\"webmaster kapitalis\",\"@id\":\"https:\/\/kapitalis.com\/tunisie\/#\/schema\/person\/d71f33a9ca44f7bad4698210b480c8e9\"},\"headline\":\"Club africain-Galatasary : Revue d\u2019effectif de d\u00e9but de saison\",\"datePublished\":\"2018-07-28T09:20:53+00:00\",\"mainEntityOfPage\":{\"@id\":\"https:\/\/kapitalis.com\/tunisie\/2018\/07\/28\/club-africain-galatasary-revue-deffectif-de-debut-de-saison\/\"},\"wordCount\":379,\"commentCount\":1,\"publisher\":{\"@id\":\"https:\/\/kapitalis.com\/tunisie\/#organization\"},\"image\":{\"@id\":\"https:\/\/kapitalis.com\/tunisie\/2018\/07\/28\/club-africain-galatasary-revue-deffectif-de-debut-de-saison\/#primaryimage\"},\"thumbnailUrl\":\"\",\"keywords\":[\"Al-Watania 2\",\"Atef Dkhili\",\"Club Africain\",\"Hamza Agrebi\",\"Rad\u00e8s\"],\"articleSection\":[\"SPORT\",\"Tunisie\"],\"inLanguage\":\"fr-FR\",\"potentialAction\":[{\"@type\":\"CommentAction\",\"name\":\"Comment\",\"target\":[\"https:\/\/kapitalis.com\/tunisie\/2018\/07\/28\/club-africain-galatasary-revue-deffectif-de-debut-de-saison\/#respond\"]}]},{\"@type\":\"WebPage\",\"@id\":\"https:\/\/kapitalis.com\/tunisie\/2018\/07\/28\/club-africain-galatasary-revue-deffectif-de-debut-de-saison\/\",\"url\":\"https:\/\/kapitalis.com\/tunisie\/2018\/07\/28\/club-africain-galatasary-revue-deffectif-de-debut-de-saison\/\",\"name\":\"Club africain-Galatasary : Revue d\u2019effectif de d\u00e9but de saison - Kapitalis\",\"isPartOf\":{\"@id\":\"https:\/\/kapitalis.com\/tunisie\/#website\"},\"primaryImageOfPage\":{\"@id\":\"https:\/\/kapitalis.com\/tunisie\/2018\/07\/28\/club-africain-galatasary-revue-deffectif-de-debut-de-saison\/#primaryimage\"},\"image\":{\"@id\":\"https:\/\/kapitalis.com\/tunisie\/2018\/07\/28\/club-africain-galatasary-revue-deffectif-de-debut-de-saison\/#primaryimage\"},\"thumbnailUrl\":\"\",\"datePublished\":\"2018-07-28T09:20:53+00:00\",\"breadcrumb\":{\"@id\":\"https:\/\/kapitalis.com\/tunisie\/2018\/07\/28\/club-africain-galatasary-revue-deffectif-de-debut-de-saison\/#breadcrumb\"},\"inLanguage\":\"fr-FR\",\"potentialAction\":[{\"@type\":\"ReadAction\",\"target\":[\"https:\/\/kapitalis.com\/tunisie\/2018\/07\/28\/club-africain-galatasary-revue-deffectif-de-debut-de-saison\/\"]}]},{\"@type\":\"ImageObject\",\"inLanguage\":\"fr-FR\",\"@id\":\"https:\/\/kapitalis.com\/tunisie\/2018\/07\/28\/club-africain-galatasary-revue-deffectif-de-debut-de-saison\/#primaryimage\",\"url\":\"\",\"contentUrl\":\"\"},{\"@type\":\"BreadcrumbList\",\"@id\":\"https:\/\/kapitalis.com\/tunisie\/2018\/07\/28\/club-africain-galatasary-revue-deffectif-de-debut-de-saison\/#breadcrumb\",\"itemListElement\":[{\"@type\":\"ListItem\",\"position\":1,\"name\":\"Accueil\",\"item\":\"https:\/\/kapitalis.com\/tunisie\/\"},{\"@type\":\"ListItem\",\"position\":2,\"name\":\"Club africain-Galatasary : Revue d\u2019effectif de d\u00e9but de saison\"}]},{\"@type\":\"WebSite\",\"@id\":\"https:\/\/kapitalis.com\/tunisie\/#website\",\"url\":\"https:\/\/kapitalis.com\/tunisie\/\",\"name\":\"Kapitalis\",\"description\":\"L&#039;actualit\u00e9 en Tunisie et dans le monde\",\"publisher\":{\"@id\":\"https:\/\/kapitalis.com\/tunisie\/#organization\"},\"potentialAction\":[{\"@type\":\"SearchAction\",\"target\":{\"@type\":\"EntryPoint\",\"urlTemplate\":\"https:\/\/kapitalis.com\/tunisie\/?s={search_term_string}\"},\"query-input\":{\"@type\":\"PropertyValueSpecification\",\"valueRequired\":true,\"valueName\":\"search_term_string\"}}],\"inLanguage\":\"fr-FR\"},{\"@type\":\"Organization\",\"@id\":\"https:\/\/kapitalis.com\/tunisie\/#organization\",\"name\":\"Kapitalis\",\"url\":\"https:\/\/kapitalis.com\/tunisie\/\",\"logo\":{\"@type\":\"ImageObject\",\"inLanguage\":\"fr-FR\",\"@id\":\"https:\/\/kapitalis.com\/tunisie\/#\/schema\/logo\/image\/\",\"url\":\"https:\/\/kapitalis.com\/tunisie\/wp-content\/uploads\/2022\/05\/Kapitalis-big-size.png\",\"contentUrl\":\"https:\/\/kapitalis.com\/tunisie\/wp-content\/uploads\/2022\/05\/Kapitalis-big-size.png\",\"width\":5000,\"height\":1500,\"caption\":\"Kapitalis\"},\"image\":{\"@id\":\"https:\/\/kapitalis.com\/tunisie\/#\/schema\/logo\/image\/\"},\"sameAs\":[\"https:\/\/www.facebook.com\/KapitalisInfo\/\",\"https:\/\/x.com\/KapitalisInfo\",\"https:\/\/www.youtube.com\/channel\/UC-yDYrHyfFBWWZaOw3FPg9Q\"]},{\"@type\":\"Person\",\"@id\":\"https:\/\/kapitalis.com\/tunisie\/#\/schema\/person\/d71f33a9ca44f7bad4698210b480c8e9\",\"name\":\"webmaster kapitalis\",\"url\":\"https:\/\/kapitalis.com\/tunisie\/author\/webmaster-kapitalis\/\"}]}<\/script>\n<!-- \/ Yoast SEO plugin. -->","yoast_head_json":{"title":"Club africain-Galatasary : Revue d\u2019effectif de d\u00e9but de saison - Kapitalis","robots":{"index":"index","follow":"follow","max-snippet":"max-snippet:-1","max-image-preview":"max-image-preview:large","max-video-preview":"max-video-preview:-1"},"canonical":"https:\/\/kapitalis.com\/tunisie\/2018\/07\/28\/club-africain-galatasary-revue-deffectif-de-debut-de-saison\/","og_locale":"fr_FR","og_type":"article","og_title":"Club africain-Galatasary : Revue d\u2019effectif de d\u00e9but de saison - Kapitalis","og_description":"Le Club africain (CA) offre la r\u00e9plique au club champion de Turquie en titre, Galatasaray, lors d&rsquo;un match amical aujourd\u2019hui, samedi 28 juillet 2018, \u00e0 partir de 20h, au stade de Rades. Match confi\u00e9 \u00e0 l\u2019arbitre international Youssef Srairi et qui sera diffus\u00e9 sur Al Watania 2.","og_url":"https:\/\/kapitalis.com\/tunisie\/2018\/07\/28\/club-africain-galatasary-revue-deffectif-de-debut-de-saison\/","og_site_name":"Kapitalis","article_publisher":"https:\/\/www.facebook.com\/KapitalisInfo\/","article_published_time":"2018-07-28T09:20:53+00:00","og_image":[{"width":1200,"height":630,"url":"https:\/\/kapitalis.com\/tunisie\/wp-content\/uploads\/2022\/05\/kapitalis-logo-fb.png","type":"image\/png"}],"author":"webmaster kapitalis","twitter_card":"summary_large_image","twitter_creator":"@KapitalisInfo","twitter_site":"@KapitalisInfo","twitter_misc":{"\u00c9crit par":"webmaster kapitalis","Dur\u00e9e de lecture estim\u00e9e":"2 minutes"},"schema":{"@context":"https:\/\/schema.org","@graph":[{"@type":"Article","@id":"https:\/\/kapitalis.com\/tunisie\/2018\/07\/28\/club-africain-galatasary-revue-deffectif-de-debut-de-saison\/#article","isPartOf":{"@id":"https:\/\/kapitalis.com\/tunisie\/2018\/07\/28\/club-africain-galatasary-revue-deffectif-de-debut-de-saison\/"},"author":{"name":"webmaster kapitalis","@id":"https:\/\/kapitalis.com\/tunisie\/#\/schema\/person\/d71f33a9ca44f7bad4698210b480c8e9"},"headline":"Club africain-Galatasary : Revue d\u2019effectif de d\u00e9but de saison","datePublished":"2018-07-28T09:20:53+00:00","mainEntityOfPage":{"@id":"https:\/\/kapitalis.com\/tunisie\/2018\/07\/28\/club-africain-galatasary-revue-deffectif-de-debut-de-saison\/"},"wordCount":379,"commentCount":1,"publisher":{"@id":"https:\/\/kapitalis.com\/tunisie\/#organization"},"image":{"@id":"https:\/\/kapitalis.com\/tunisie\/2018\/07\/28\/club-africain-galatasary-revue-deffectif-de-debut-de-saison\/#primaryimage"},"thumbnailUrl":"","keywords":["Al-Watania 2","Atef Dkhili","Club Africain","Hamza Agrebi","Rad\u00e8s"],"articleSection":["SPORT","Tunisie"],"inLanguage":"fr-FR","potentialAction":[{"@type":"CommentAction","name":"Comment","target":["https:\/\/kapitalis.com\/tunisie\/2018\/07\/28\/club-africain-galatasary-revue-deffectif-de-debut-de-saison\/#respond"]}]},{"@type":"WebPage","@id":"https:\/\/kapitalis.com\/tunisie\/2018\/07\/28\/club-africain-galatasary-revue-deffectif-de-debut-de-saison\/","url":"https:\/\/kapitalis.com\/tunisie\/2018\/07\/28\/club-africain-galatasary-revue-deffectif-de-debut-de-saison\/","name":"Club africain-Galatasary : Revue d\u2019effectif de d\u00e9but de saison - Kapitalis","isPartOf":{"@id":"https:\/\/kapitalis.com\/tunisie\/#website"},"primaryImageOfPage":{"@id":"https:\/\/kapitalis.com\/tunisie\/2018\/07\/28\/club-africain-galatasary-revue-deffectif-de-debut-de-saison\/#primaryimage"},"image":{"@id":"https:\/\/kapitalis.com\/tunisie\/2018\/07\/28\/club-africain-galatasary-revue-deffectif-de-debut-de-saison\/#primaryimage"},"thumbnailUrl":"","datePublished":"2018-07-28T09:20:53+00:00","breadcrumb":{"@id":"https:\/\/kapitalis.com\/tunisie\/2018\/07\/28\/club-africain-galatasary-revue-deffectif-de-debut-de-saison\/#breadcrumb"},"inLanguage":"fr-FR","potentialAction":[{"@type":"ReadAction","target":["https:\/\/kapitalis.com\/tunisie\/2018\/07\/28\/club-africain-galatasary-revue-deffectif-de-debut-de-saison\/"]}]},{"@type":"ImageObject","inLanguage":"fr-FR","@id":"https:\/\/kapitalis.com\/tunisie\/2018\/07\/28\/club-africain-galatasary-revue-deffectif-de-debut-de-saison\/#primaryimage","url":"","contentUrl":""},{"@type":"BreadcrumbList","@id":"https:\/\/kapitalis.com\/tunisie\/2018\/07\/28\/club-africain-galatasary-revue-deffectif-de-debut-de-saison\/#breadcrumb","itemListElement":[{"@type":"ListItem","position":1,"name":"Accueil","item":"https:\/\/kapitalis.com\/tunisie\/"},{"@type":"ListItem","position":2,"name":"Club africain-Galatasary : Revue d\u2019effectif de d\u00e9but de saison"}]},{"@type":"WebSite","@id":"https:\/\/kapitalis.com\/tunisie\/#website","url":"https:\/\/kapitalis.com\/tunisie\/","name":"Kapitalis","description":"L&#039;actualit\u00e9 en Tunisie et dans le monde","publisher":{"@id":"https:\/\/kapitalis.com\/tunisie\/#organization"},"potentialAction":[{"@type":"SearchAction","target":{"@type":"EntryPoint","urlTemplate":"https:\/\/kapitalis.com\/tunisie\/?s={search_term_string}"},"query-input":{"@type":"PropertyValueSpecification","valueRequired":true,"valueName":"search_term_string"}}],"inLanguage":"fr-FR"},{"@type":"Organization","@id":"https:\/\/kapitalis.com\/tunisie\/#organization","name":"Kapitalis","url":"https:\/\/kapitalis.com\/tunisie\/","logo":{"@type":"ImageObject","inLanguage":"fr-FR","@id":"https:\/\/kapitalis.com\/tunisie\/#\/schema\/logo\/image\/","url":"https:\/\/kapitalis.com\/tunisie\/wp-content\/uploads\/2022\/05\/Kapitalis-big-size.png","contentUrl":"https:\/\/kapitalis.com\/tunisie\/wp-content\/uploads\/2022\/05\/Kapitalis-big-size.png","width":5000,"height":1500,"caption":"Kapitalis"},"image":{"@id":"https:\/\/kapitalis.com\/tunisie\/#\/schema\/logo\/image\/"},"sameAs":["https:\/\/www.facebook.com\/KapitalisInfo\/","https:\/\/x.com\/KapitalisInfo","https:\/\/www.youtube.com\/channel\/UC-yDYrHyfFBWWZaOw3FPg9Q"]},{"@type":"Person","@id":"https:\/\/kapitalis.com\/tunisie\/#\/schema\/person\/d71f33a9ca44f7bad4698210b480c8e9","name":"webmaster kapitalis","url":"https:\/\/kapitalis.com\/tunisie\/author\/webmaster-kapitalis\/"}]}},"_links":{"self":[{"href":"https:\/\/kapitalis.com\/tunisie\/wp-json\/wp\/v2\/posts\/166741","targetHints":{"allow":["GET"]}}],"collection":[{"href":"https:\/\/kapitalis.com\/tunisie\/wp-json\/wp\/v2\/posts"}],"about":[{"href":"https:\/\/kapitalis.com\/tunisie\/wp-json\/wp\/v2\/types\/post"}],"author":[{"embeddable":true,"href":"https:\/\/kapitalis.com\/tunisie\/wp-json\/wp\/v2\/users\/8"}],"replies":[{"embeddable":true,"href":"https:\/\/kapitalis.com\/tunisie\/wp-json\/wp\/v2\/comments?post=166741"}],"version-history":[{"count":0,"href":"https:\/\/kapitalis.com\/tunisie\/wp-json\/wp\/v2\/posts\/166741\/revisions"}],"wp:featuredmedia":[{"embeddable":true,"href":"https:\/\/kapitalis.com\/tunisie\/wp-json\/wp\/v2\/media\/166743"}],"wp:attachment":[{"href":"https:\/\/kapitalis.com\/tunisie\/wp-json\/wp\/v2\/media?parent=166741"}],"wp:term":[{"taxonomy":"category","embeddable":true,"href":"https:\/\/kapitalis.com\/tunisie\/wp-json\/wp\/v2\/categories?post=166741"},{"taxonomy":"post_tag","embeddable":true,"href":"https:\/\/kapitalis.com\/tunisie\/wp-json\/wp\/v2\/tags?post=166741"}],"curies":[{"name":"wp","href":"https:\/\/api.w.org\/{rel}","templated":true}]}}