{"id":1667687,"date":"2022-06-22T19:04:48","date_gmt":"2022-06-22T18:04:48","guid":{"rendered":"https:\/\/kapitalis.com\/tunisie\/?p=1667687"},"modified":"2022-06-22T19:05:37","modified_gmt":"2022-06-22T18:05:37","slug":"tunisie-trois-magistrats-revoques-annoncent-leur-entree-en-greve-de-la-faim","status":"publish","type":"post","link":"https:\/\/kapitalis.com\/tunisie\/2022\/06\/22\/tunisie-trois-magistrats-revoques-annoncent-leur-entree-en-greve-de-la-faim\/","title":{"rendered":"Tunisie : Trois magistrats r\u00e9voqu\u00e9s annoncent leur entr\u00e9e en gr\u00e8ve de la faim"},"content":{"rendered":"\n<p><strong><em>Trois juges parmi les 57 r\u00e9voqu\u00e9s par le pr\u00e9sident de la r\u00e9publique viennent d&rsquo;annoncer leur entr\u00e9e en gr\u00e8ve de la faim, ce mercredi 22 juin 2022.<\/em><\/strong><\/p>\n\n\n\n<!--more-->\n\n\n\n<p>Il s&rsquo;agit de Ramzi Bahria, Mohamed Taher Kanzari et Hammadi Rahmani qui ont affirm\u00e9 dans un note que cette gr\u00e8ve de la faim est observ\u00e9e afin de r\u00e9clamer l\u2019annulation du d\u00e9cret-loi n\u00b035 amendant certains articles du Conseil sup\u00e9rieur provisoire de la magistrature et du d\u00e9cret 516 relatif \u00e0 la r\u00e9vocation de 57 juges par le chef de l&rsquo;Etat Ka\u00efs Sa\u00efed.<\/p>\n\n\n\n<p>Ramzi Bahria, Mohamed Taher Kanzari et Hamadi Rahmani indiquent aussi que la gr\u00e8ve de la faim vise \u00e9galement \u00e0 d\u00e9noncer <em>\u00abune ing\u00e9rence de l\u2019ex\u00e9cutif dans le travail du pouvoir judiciaire\u00bb<\/em> et demandent de ce fai<em>t, \u00abune vraie ind\u00e9pendance de la justice\u00bb<\/em>, sachant que les magistrats sont en gr\u00e8ve, pour les m\u00eames raisons, et ce, pour la 3e semaine cons\u00e9cutive.<\/p>\n\n\n\n<p>Rappelons que le 1er juin courant, le pr\u00e9sident de la r\u00e9publique, avait d\u00e9cid\u00e9 de r\u00e9voqu\u00e9 57 juges, li\u00e9s \u00e0 des affaires de corruption, de contrebande, de dissimulation de dossiers, de trafic\u2026 entre autres abus, cit\u00e9s pat le chef de l&rsquo;Etat au cours d&rsquo;une conseil des ministres.<\/p>\n\n\n\n<p class=\"has-text-align-right\"><strong>Y. N.<\/strong><\/p>\n\n\n\n<figure class=\"wp-block-embed is-type-wp-embed is-provider-kapitalis wp-block-embed-kapitalis\"><div class=\"wp-block-embed__wrapper\">\n<blockquote class=\"wp-embedded-content\" data-secret=\"imgBUPhpBF\"><a href=\"https:\/\/kapitalis.com\/tunisie\/2022\/06\/20\/les-juges-en-greve-pour-la-3e-semaine-en-tunisie-lordre-des-avocats-denonce-et-appelle-a-trouver-une-solution-urgente\/\">Les juges en gr\u00e8ve pour la 3e semaine en Tunisie : L\u2019Ordre des avocats d\u00e9nonce et appelle \u00e0 trouver une solution urgente<\/a><\/blockquote><iframe loading=\"lazy\" class=\"wp-embedded-content\" sandbox=\"allow-scripts\" security=\"restricted\" style=\"position: absolute; clip: rect(1px, 1px, 1px, 1px);\" title=\"\u00ab\u00a0Les juges en gr\u00e8ve pour la 3e semaine en Tunisie : L\u2019Ordre des avocats d\u00e9nonce et appelle \u00e0 trouver une solution urgente\u00a0\u00bb &#8212; Kapitalis\" src=\"https:\/\/kapitalis.com\/tunisie\/2022\/06\/20\/les-juges-en-greve-pour-la-3e-semaine-en-tunisie-lordre-des-avocats-denonce-et-appelle-a-trouver-une-solution-urgente\/embed\/#?secret=LROsg4kWLI#?secret=imgBUPhpBF\" data-secret=\"imgBUPhpBF\" width=\"600\" height=\"338\" frameborder=\"0\" marginwidth=\"0\" marginheight=\"0\" scrolling=\"no\"><\/iframe>\n<\/div><\/figure>\n\n\n\n<figure class=\"wp-block-embed is-type-wp-embed is-provider-kapitalis wp-block-embed-kapitalis\"><div class=\"wp-block-embed__wrapper\">\n<blockquote class=\"wp-embedded-content\" data-secret=\"X9idBzAPJy\"><a href=\"https:\/\/kapitalis.com\/tunisie\/2022\/06\/02\/tunisie-liste-des-57-juges-limoges-par-decret-presidentiel-jort\/\">Tunisie : Liste des 57 juges limog\u00e9s par d\u00e9cret pr\u00e9sidentiel (Jort)<\/a><\/blockquote><iframe loading=\"lazy\" class=\"wp-embedded-content\" sandbox=\"allow-scripts\" security=\"restricted\" style=\"position: absolute; clip: rect(1px, 1px, 1px, 1px);\" title=\"\u00ab\u00a0Tunisie : Liste des 57 juges limog\u00e9s par d\u00e9cret pr\u00e9sidentiel (Jort)\u00a0\u00bb &#8212; Kapitalis\" src=\"https:\/\/kapitalis.com\/tunisie\/2022\/06\/02\/tunisie-liste-des-57-juges-limoges-par-decret-presidentiel-jort\/embed\/#?secret=QyalMtVC4R#?secret=X9idBzAPJy\" data-secret=\"X9idBzAPJy\" width=\"600\" height=\"338\" frameborder=\"0\" marginwidth=\"0\" marginheight=\"0\" scrolling=\"no\"><\/iframe>\n<\/div><\/figure>\n","protected":false},"excerpt":{"rendered":"<p>Tunisie : Trois magistrats r\u00e9voqu\u00e9s annoncent leur entr\u00e9e en gr\u00e8ve de la faim<\/p>\n","protected":false},"author":6,"featured_media":1667916,"comment_status":"open","ping_status":"open","sticky":false,"template":"","format":"standard","meta":{"footnotes":""},"categories":[997,998,2433],"tags":[3927,100837,2319,4650,100836,100835,62643],"class_list":["post-1667687","post","type-post","status-publish","format-standard","has-post-thumbnail","hentry","category-politique","category-societe","category-tunisie","tag-greve-de-la-faim","tag-hammadi-rahmani","tag-juges","tag-magistrats","tag-mohamed-taher-kanzari","tag-ramzi-bahria","tag-tunisie"],"yoast_head":"<!-- This site is optimized with the Yoast SEO plugin v26.6 - https:\/\/yoast.com\/wordpress\/plugins\/seo\/ -->\n<title>Tunisie : Trois magistrats r\u00e9voqu\u00e9s annoncent leur entr\u00e9e en gr\u00e8ve de la faim - Kapitalis<\/title>\n<meta name=\"description\" content=\"Trois juges parmis les 57 r\u00e9voqu\u00e9s par le pr\u00e9sident de la r\u00e9publique viennent d&#039;annoncer leur entr\u00e9e en gr\u00e8ve de la faim, ce mercredi 22 juin 2022.\" \/>\n<meta name=\"robots\" content=\"index, follow, max-snippet:-1, max-image-preview:large, max-video-preview:-1\" \/>\n<link rel=\"canonical\" href=\"https:\/\/kapitalis.com\/tunisie\/2022\/06\/22\/tunisie-trois-magistrats-revoques-annoncent-leur-entree-en-greve-de-la-faim\/\" \/>\n<meta property=\"og:locale\" content=\"fr_FR\" \/>\n<meta property=\"og:type\" content=\"article\" \/>\n<meta property=\"og:title\" content=\"Tunisie : Trois magistrats r\u00e9voqu\u00e9s annoncent leur entr\u00e9e en gr\u00e8ve de la faim - Kapitalis\" \/>\n<meta property=\"og:description\" content=\"Trois juges parmis les 57 r\u00e9voqu\u00e9s par le pr\u00e9sident de la r\u00e9publique viennent d&#039;annoncer leur entr\u00e9e en gr\u00e8ve de la faim, ce mercredi 22 juin 2022.\" \/>\n<meta property=\"og:url\" content=\"https:\/\/kapitalis.com\/tunisie\/2022\/06\/22\/tunisie-trois-magistrats-revoques-annoncent-leur-entree-en-greve-de-la-faim\/\" \/>\n<meta property=\"og:site_name\" content=\"Kapitalis\" \/>\n<meta property=\"article:publisher\" content=\"https:\/\/www.facebook.com\/KapitalisInfo\/\" \/>\n<meta property=\"article:published_time\" content=\"2022-06-22T18:04:48+00:00\" \/>\n<meta property=\"article:modified_time\" content=\"2022-06-22T18:05:37+00:00\" \/>\n<meta property=\"og:image\" content=\"https:\/\/kapitalis.com\/tunisie\/wp-content\/uploads\/2022\/06\/juges-greve-de-la-faim.jpg\" \/>\n\t<meta property=\"og:image:width\" content=\"1200\" \/>\n\t<meta property=\"og:image:height\" content=\"630\" \/>\n\t<meta property=\"og:image:type\" content=\"image\/jpeg\" \/>\n<meta name=\"author\" content=\"Yusra NY\" \/>\n<meta name=\"twitter:card\" content=\"summary_large_image\" \/>\n<meta name=\"twitter:creator\" content=\"@KapitalisInfo\" \/>\n<meta name=\"twitter:site\" content=\"@KapitalisInfo\" \/>\n<meta name=\"twitter:label1\" content=\"\u00c9crit par\" \/>\n\t<meta name=\"twitter:data1\" content=\"Yusra NY\" \/>\n\t<meta name=\"twitter:label2\" content=\"Dur\u00e9e de lecture estim\u00e9e\" \/>\n\t<meta name=\"twitter:data2\" content=\"2 minutes\" \/>\n<script type=\"application\/ld+json\" class=\"yoast-schema-graph\">{\"@context\":\"https:\/\/schema.org\",\"@graph\":[{\"@type\":\"Article\",\"@id\":\"https:\/\/kapitalis.com\/tunisie\/2022\/06\/22\/tunisie-trois-magistrats-revoques-annoncent-leur-entree-en-greve-de-la-faim\/#article\",\"isPartOf\":{\"@id\":\"https:\/\/kapitalis.com\/tunisie\/2022\/06\/22\/tunisie-trois-magistrats-revoques-annoncent-leur-entree-en-greve-de-la-faim\/\"},\"author\":{\"name\":\"Yusra NY\",\"@id\":\"https:\/\/kapitalis.com\/tunisie\/#\/schema\/person\/74bbde0154d49d790a92aaeac5bc01d5\"},\"headline\":\"Tunisie : Trois magistrats r\u00e9voqu\u00e9s annoncent leur entr\u00e9e en gr\u00e8ve de la faim\",\"datePublished\":\"2022-06-22T18:04:48+00:00\",\"dateModified\":\"2022-06-22T18:05:37+00:00\",\"mainEntityOfPage\":{\"@id\":\"https:\/\/kapitalis.com\/tunisie\/2022\/06\/22\/tunisie-trois-magistrats-revoques-annoncent-leur-entree-en-greve-de-la-faim\/\"},\"wordCount\":243,\"commentCount\":2,\"publisher\":{\"@id\":\"https:\/\/kapitalis.com\/tunisie\/#organization\"},\"image\":{\"@id\":\"https:\/\/kapitalis.com\/tunisie\/2022\/06\/22\/tunisie-trois-magistrats-revoques-annoncent-leur-entree-en-greve-de-la-faim\/#primaryimage\"},\"thumbnailUrl\":\"https:\/\/kapitalis.com\/tunisie\/wp-content\/uploads\/2022\/06\/juges-greve-de-la-faim.jpg\",\"keywords\":[\"gr\u00e8ve de la faim\",\"Hammadi Rahmani\",\"juges\",\"magistrats\",\"Mohamed Taher Kanzari\",\"Ramzi Bahria\",\"Tunisie\"],\"articleSection\":[\"POLITIQUE\",\"SOCIETE\",\"Tunisie\"],\"inLanguage\":\"fr-FR\",\"potentialAction\":[{\"@type\":\"CommentAction\",\"name\":\"Comment\",\"target\":[\"https:\/\/kapitalis.com\/tunisie\/2022\/06\/22\/tunisie-trois-magistrats-revoques-annoncent-leur-entree-en-greve-de-la-faim\/#respond\"]}]},{\"@type\":\"WebPage\",\"@id\":\"https:\/\/kapitalis.com\/tunisie\/2022\/06\/22\/tunisie-trois-magistrats-revoques-annoncent-leur-entree-en-greve-de-la-faim\/\",\"url\":\"https:\/\/kapitalis.com\/tunisie\/2022\/06\/22\/tunisie-trois-magistrats-revoques-annoncent-leur-entree-en-greve-de-la-faim\/\",\"name\":\"Tunisie : Trois magistrats r\u00e9voqu\u00e9s annoncent leur entr\u00e9e en gr\u00e8ve de la faim - Kapitalis\",\"isPartOf\":{\"@id\":\"https:\/\/kapitalis.com\/tunisie\/#website\"},\"primaryImageOfPage\":{\"@id\":\"https:\/\/kapitalis.com\/tunisie\/2022\/06\/22\/tunisie-trois-magistrats-revoques-annoncent-leur-entree-en-greve-de-la-faim\/#primaryimage\"},\"image\":{\"@id\":\"https:\/\/kapitalis.com\/tunisie\/2022\/06\/22\/tunisie-trois-magistrats-revoques-annoncent-leur-entree-en-greve-de-la-faim\/#primaryimage\"},\"thumbnailUrl\":\"https:\/\/kapitalis.com\/tunisie\/wp-content\/uploads\/2022\/06\/juges-greve-de-la-faim.jpg\",\"datePublished\":\"2022-06-22T18:04:48+00:00\",\"dateModified\":\"2022-06-22T18:05:37+00:00\",\"description\":\"Trois juges parmis les 57 r\u00e9voqu\u00e9s par le pr\u00e9sident de la r\u00e9publique viennent d'annoncer leur entr\u00e9e en gr\u00e8ve de la faim, ce mercredi 22 juin 2022.\",\"breadcrumb\":{\"@id\":\"https:\/\/kapitalis.com\/tunisie\/2022\/06\/22\/tunisie-trois-magistrats-revoques-annoncent-leur-entree-en-greve-de-la-faim\/#breadcrumb\"},\"inLanguage\":\"fr-FR\",\"potentialAction\":[{\"@type\":\"ReadAction\",\"target\":[\"https:\/\/kapitalis.com\/tunisie\/2022\/06\/22\/tunisie-trois-magistrats-revoques-annoncent-leur-entree-en-greve-de-la-faim\/\"]}]},{\"@type\":\"ImageObject\",\"inLanguage\":\"fr-FR\",\"@id\":\"https:\/\/kapitalis.com\/tunisie\/2022\/06\/22\/tunisie-trois-magistrats-revoques-annoncent-leur-entree-en-greve-de-la-faim\/#primaryimage\",\"url\":\"https:\/\/kapitalis.com\/tunisie\/wp-content\/uploads\/2022\/06\/juges-greve-de-la-faim.jpg\",\"contentUrl\":\"https:\/\/kapitalis.com\/tunisie\/wp-content\/uploads\/2022\/06\/juges-greve-de-la-faim.jpg\",\"width\":1200,\"height\":630},{\"@type\":\"BreadcrumbList\",\"@id\":\"https:\/\/kapitalis.com\/tunisie\/2022\/06\/22\/tunisie-trois-magistrats-revoques-annoncent-leur-entree-en-greve-de-la-faim\/#breadcrumb\",\"itemListElement\":[{\"@type\":\"ListItem\",\"position\":1,\"name\":\"Accueil\",\"item\":\"https:\/\/kapitalis.com\/tunisie\/\"},{\"@type\":\"ListItem\",\"position\":2,\"name\":\"Tunisie : Trois magistrats r\u00e9voqu\u00e9s annoncent leur entr\u00e9e en gr\u00e8ve de la faim\"}]},{\"@type\":\"WebSite\",\"@id\":\"https:\/\/kapitalis.com\/tunisie\/#website\",\"url\":\"https:\/\/kapitalis.com\/tunisie\/\",\"name\":\"Kapitalis\",\"description\":\"L&#039;actualit\u00e9 en Tunisie et dans le monde\",\"publisher\":{\"@id\":\"https:\/\/kapitalis.com\/tunisie\/#organization\"},\"potentialAction\":[{\"@type\":\"SearchAction\",\"target\":{\"@type\":\"EntryPoint\",\"urlTemplate\":\"https:\/\/kapitalis.com\/tunisie\/?s={search_term_string}\"},\"query-input\":{\"@type\":\"PropertyValueSpecification\",\"valueRequired\":true,\"valueName\":\"search_term_string\"}}],\"inLanguage\":\"fr-FR\"},{\"@type\":\"Organization\",\"@id\":\"https:\/\/kapitalis.com\/tunisie\/#organization\",\"name\":\"Kapitalis\",\"url\":\"https:\/\/kapitalis.com\/tunisie\/\",\"logo\":{\"@type\":\"ImageObject\",\"inLanguage\":\"fr-FR\",\"@id\":\"https:\/\/kapitalis.com\/tunisie\/#\/schema\/logo\/image\/\",\"url\":\"https:\/\/kapitalis.com\/tunisie\/wp-content\/uploads\/2022\/05\/Kapitalis-big-size.png\",\"contentUrl\":\"https:\/\/kapitalis.com\/tunisie\/wp-content\/uploads\/2022\/05\/Kapitalis-big-size.png\",\"width\":5000,\"height\":1500,\"caption\":\"Kapitalis\"},\"image\":{\"@id\":\"https:\/\/kapitalis.com\/tunisie\/#\/schema\/logo\/image\/\"},\"sameAs\":[\"https:\/\/www.facebook.com\/KapitalisInfo\/\",\"https:\/\/x.com\/KapitalisInfo\",\"https:\/\/www.youtube.com\/channel\/UC-yDYrHyfFBWWZaOw3FPg9Q\"]},{\"@type\":\"Person\",\"@id\":\"https:\/\/kapitalis.com\/tunisie\/#\/schema\/person\/74bbde0154d49d790a92aaeac5bc01d5\",\"name\":\"Yusra NY\",\"url\":\"https:\/\/kapitalis.com\/tunisie\/author\/yuza_adam\/\"}]}<\/script>\n<!-- \/ Yoast SEO plugin. -->","yoast_head_json":{"title":"Tunisie : Trois magistrats r\u00e9voqu\u00e9s annoncent leur entr\u00e9e en gr\u00e8ve de la faim - Kapitalis","description":"Trois juges parmis les 57 r\u00e9voqu\u00e9s par le pr\u00e9sident de la r\u00e9publique viennent d'annoncer leur entr\u00e9e en gr\u00e8ve de la faim, ce mercredi 22 juin 2022.","robots":{"index":"index","follow":"follow","max-snippet":"max-snippet:-1","max-image-preview":"max-image-preview:large","max-video-preview":"max-video-preview:-1"},"canonical":"https:\/\/kapitalis.com\/tunisie\/2022\/06\/22\/tunisie-trois-magistrats-revoques-annoncent-leur-entree-en-greve-de-la-faim\/","og_locale":"fr_FR","og_type":"article","og_title":"Tunisie : Trois magistrats r\u00e9voqu\u00e9s annoncent leur entr\u00e9e en gr\u00e8ve de la faim - Kapitalis","og_description":"Trois juges parmis les 57 r\u00e9voqu\u00e9s par le pr\u00e9sident de la r\u00e9publique viennent d'annoncer leur entr\u00e9e en gr\u00e8ve de la faim, ce mercredi 22 juin 2022.","og_url":"https:\/\/kapitalis.com\/tunisie\/2022\/06\/22\/tunisie-trois-magistrats-revoques-annoncent-leur-entree-en-greve-de-la-faim\/","og_site_name":"Kapitalis","article_publisher":"https:\/\/www.facebook.com\/KapitalisInfo\/","article_published_time":"2022-06-22T18:04:48+00:00","article_modified_time":"2022-06-22T18:05:37+00:00","og_image":[{"width":1200,"height":630,"url":"https:\/\/kapitalis.com\/tunisie\/wp-content\/uploads\/2022\/06\/juges-greve-de-la-faim.jpg","type":"image\/jpeg"}],"author":"Yusra NY","twitter_card":"summary_large_image","twitter_creator":"@KapitalisInfo","twitter_site":"@KapitalisInfo","twitter_misc":{"\u00c9crit par":"Yusra NY","Dur\u00e9e de lecture estim\u00e9e":"2 minutes"},"schema":{"@context":"https:\/\/schema.org","@graph":[{"@type":"Article","@id":"https:\/\/kapitalis.com\/tunisie\/2022\/06\/22\/tunisie-trois-magistrats-revoques-annoncent-leur-entree-en-greve-de-la-faim\/#article","isPartOf":{"@id":"https:\/\/kapitalis.com\/tunisie\/2022\/06\/22\/tunisie-trois-magistrats-revoques-annoncent-leur-entree-en-greve-de-la-faim\/"},"author":{"name":"Yusra NY","@id":"https:\/\/kapitalis.com\/tunisie\/#\/schema\/person\/74bbde0154d49d790a92aaeac5bc01d5"},"headline":"Tunisie : Trois magistrats r\u00e9voqu\u00e9s annoncent leur entr\u00e9e en gr\u00e8ve de la faim","datePublished":"2022-06-22T18:04:48+00:00","dateModified":"2022-06-22T18:05:37+00:00","mainEntityOfPage":{"@id":"https:\/\/kapitalis.com\/tunisie\/2022\/06\/22\/tunisie-trois-magistrats-revoques-annoncent-leur-entree-en-greve-de-la-faim\/"},"wordCount":243,"commentCount":2,"publisher":{"@id":"https:\/\/kapitalis.com\/tunisie\/#organization"},"image":{"@id":"https:\/\/kapitalis.com\/tunisie\/2022\/06\/22\/tunisie-trois-magistrats-revoques-annoncent-leur-entree-en-greve-de-la-faim\/#primaryimage"},"thumbnailUrl":"https:\/\/kapitalis.com\/tunisie\/wp-content\/uploads\/2022\/06\/juges-greve-de-la-faim.jpg","keywords":["gr\u00e8ve de la faim","Hammadi Rahmani","juges","magistrats","Mohamed Taher Kanzari","Ramzi Bahria","Tunisie"],"articleSection":["POLITIQUE","SOCIETE","Tunisie"],"inLanguage":"fr-FR","potentialAction":[{"@type":"CommentAction","name":"Comment","target":["https:\/\/kapitalis.com\/tunisie\/2022\/06\/22\/tunisie-trois-magistrats-revoques-annoncent-leur-entree-en-greve-de-la-faim\/#respond"]}]},{"@type":"WebPage","@id":"https:\/\/kapitalis.com\/tunisie\/2022\/06\/22\/tunisie-trois-magistrats-revoques-annoncent-leur-entree-en-greve-de-la-faim\/","url":"https:\/\/kapitalis.com\/tunisie\/2022\/06\/22\/tunisie-trois-magistrats-revoques-annoncent-leur-entree-en-greve-de-la-faim\/","name":"Tunisie : Trois magistrats r\u00e9voqu\u00e9s annoncent leur entr\u00e9e en gr\u00e8ve de la faim - Kapitalis","isPartOf":{"@id":"https:\/\/kapitalis.com\/tunisie\/#website"},"primaryImageOfPage":{"@id":"https:\/\/kapitalis.com\/tunisie\/2022\/06\/22\/tunisie-trois-magistrats-revoques-annoncent-leur-entree-en-greve-de-la-faim\/#primaryimage"},"image":{"@id":"https:\/\/kapitalis.com\/tunisie\/2022\/06\/22\/tunisie-trois-magistrats-revoques-annoncent-leur-entree-en-greve-de-la-faim\/#primaryimage"},"thumbnailUrl":"https:\/\/kapitalis.com\/tunisie\/wp-content\/uploads\/2022\/06\/juges-greve-de-la-faim.jpg","datePublished":"2022-06-22T18:04:48+00:00","dateModified":"2022-06-22T18:05:37+00:00","description":"Trois juges parmis les 57 r\u00e9voqu\u00e9s par le pr\u00e9sident de la r\u00e9publique viennent d'annoncer leur entr\u00e9e en gr\u00e8ve de la faim, ce mercredi 22 juin 2022.","breadcrumb":{"@id":"https:\/\/kapitalis.com\/tunisie\/2022\/06\/22\/tunisie-trois-magistrats-revoques-annoncent-leur-entree-en-greve-de-la-faim\/#breadcrumb"},"inLanguage":"fr-FR","potentialAction":[{"@type":"ReadAction","target":["https:\/\/kapitalis.com\/tunisie\/2022\/06\/22\/tunisie-trois-magistrats-revoques-annoncent-leur-entree-en-greve-de-la-faim\/"]}]},{"@type":"ImageObject","inLanguage":"fr-FR","@id":"https:\/\/kapitalis.com\/tunisie\/2022\/06\/22\/tunisie-trois-magistrats-revoques-annoncent-leur-entree-en-greve-de-la-faim\/#primaryimage","url":"https:\/\/kapitalis.com\/tunisie\/wp-content\/uploads\/2022\/06\/juges-greve-de-la-faim.jpg","contentUrl":"https:\/\/kapitalis.com\/tunisie\/wp-content\/uploads\/2022\/06\/juges-greve-de-la-faim.jpg","width":1200,"height":630},{"@type":"BreadcrumbList","@id":"https:\/\/kapitalis.com\/tunisie\/2022\/06\/22\/tunisie-trois-magistrats-revoques-annoncent-leur-entree-en-greve-de-la-faim\/#breadcrumb","itemListElement":[{"@type":"ListItem","position":1,"name":"Accueil","item":"https:\/\/kapitalis.com\/tunisie\/"},{"@type":"ListItem","position":2,"name":"Tunisie : Trois magistrats r\u00e9voqu\u00e9s annoncent leur entr\u00e9e en gr\u00e8ve de la faim"}]},{"@type":"WebSite","@id":"https:\/\/kapitalis.com\/tunisie\/#website","url":"https:\/\/kapitalis.com\/tunisie\/","name":"Kapitalis","description":"L&#039;actualit\u00e9 en Tunisie et dans le monde","publisher":{"@id":"https:\/\/kapitalis.com\/tunisie\/#organization"},"potentialAction":[{"@type":"SearchAction","target":{"@type":"EntryPoint","urlTemplate":"https:\/\/kapitalis.com\/tunisie\/?s={search_term_string}"},"query-input":{"@type":"PropertyValueSpecification","valueRequired":true,"valueName":"search_term_string"}}],"inLanguage":"fr-FR"},{"@type":"Organization","@id":"https:\/\/kapitalis.com\/tunisie\/#organization","name":"Kapitalis","url":"https:\/\/kapitalis.com\/tunisie\/","logo":{"@type":"ImageObject","inLanguage":"fr-FR","@id":"https:\/\/kapitalis.com\/tunisie\/#\/schema\/logo\/image\/","url":"https:\/\/kapitalis.com\/tunisie\/wp-content\/uploads\/2022\/05\/Kapitalis-big-size.png","contentUrl":"https:\/\/kapitalis.com\/tunisie\/wp-content\/uploads\/2022\/05\/Kapitalis-big-size.png","width":5000,"height":1500,"caption":"Kapitalis"},"image":{"@id":"https:\/\/kapitalis.com\/tunisie\/#\/schema\/logo\/image\/"},"sameAs":["https:\/\/www.facebook.com\/KapitalisInfo\/","https:\/\/x.com\/KapitalisInfo","https:\/\/www.youtube.com\/channel\/UC-yDYrHyfFBWWZaOw3FPg9Q"]},{"@type":"Person","@id":"https:\/\/kapitalis.com\/tunisie\/#\/schema\/person\/74bbde0154d49d790a92aaeac5bc01d5","name":"Yusra NY","url":"https:\/\/kapitalis.com\/tunisie\/author\/yuza_adam\/"}]}},"_links":{"self":[{"href":"https:\/\/kapitalis.com\/tunisie\/wp-json\/wp\/v2\/posts\/1667687","targetHints":{"allow":["GET"]}}],"collection":[{"href":"https:\/\/kapitalis.com\/tunisie\/wp-json\/wp\/v2\/posts"}],"about":[{"href":"https:\/\/kapitalis.com\/tunisie\/wp-json\/wp\/v2\/types\/post"}],"author":[{"embeddable":true,"href":"https:\/\/kapitalis.com\/tunisie\/wp-json\/wp\/v2\/users\/6"}],"replies":[{"embeddable":true,"href":"https:\/\/kapitalis.com\/tunisie\/wp-json\/wp\/v2\/comments?post=1667687"}],"version-history":[{"count":0,"href":"https:\/\/kapitalis.com\/tunisie\/wp-json\/wp\/v2\/posts\/1667687\/revisions"}],"wp:featuredmedia":[{"embeddable":true,"href":"https:\/\/kapitalis.com\/tunisie\/wp-json\/wp\/v2\/media\/1667916"}],"wp:attachment":[{"href":"https:\/\/kapitalis.com\/tunisie\/wp-json\/wp\/v2\/media?parent=1667687"}],"wp:term":[{"taxonomy":"category","embeddable":true,"href":"https:\/\/kapitalis.com\/tunisie\/wp-json\/wp\/v2\/categories?post=1667687"},{"taxonomy":"post_tag","embeddable":true,"href":"https:\/\/kapitalis.com\/tunisie\/wp-json\/wp\/v2\/tags?post=1667687"}],"curies":[{"name":"wp","href":"https:\/\/api.w.org\/{rel}","templated":true}]}}